{"id":10072,"date":"2019-07-24T00:00:00","date_gmt":"2019-07-24T00:00:00","guid":{"rendered":"https:\/\/mwc-cmm.org\/anabaptist-peacebuilding-depends-on-biblical-foundations-4\/"},"modified":"2024-12-10T17:16:17","modified_gmt":"2024-12-10T17:16:17","slug":"le-travail-pour-la-paix-anabaptiste-repose-sur-des-fondements-bibliques","status":"publish","type":"post","link":"https:\/\/mwc-cmm.org\/fr\/stories\/le-travail-pour-la-paix-anabaptiste-repose-sur-des-fondements-bibliques\/","title":{"rendered":"Le travail pour la paix anabaptiste repose sur des fondements bibliques"},"content":{"rendered":"<p>Le travail pour la paix chr\u00e9tien est-il diff\u00e9rent des autres formes de r\u00e9conciliations ?  Les anabaptistes travaillent-ils pour la paix d&rsquo;une mani\u00e8re qui les distingue des autres ? Parmi les 223 personnes de 36 pays qui particip\u00e8rent \u00e0 la deuxi\u00e8me Conf\u00e9rence Mennonite Mondiale de Construction de la Paix et le Festival aux Pays-Bas (du 27 au 29 juin 2019) certains ont apport\u00e9 des r\u00e9ponses \u00e0 ces questions.<\/p>\n<p><img decoding=\"async\" alt=\"Prakash Thankachan\" data-src=\"https:\/\/mwc-cmm.org\/wp-content\/uploads\/2024\/10\/prakash_thankachan_project_officer_justice_peace_sector_of_mcc_india2_nkraybill.jpg\" style=\"--smush-image-width: 1883px; --smush-image-aspect-ratio: 1883\/2000;width: 130px; height: 138px; float: left; margin-left: 5px; margin-right: 5px;\" width=\"1883\" class=\"smush-dimensions lazyload\" src=\"data:image\/svg+xml;base64,PHN2ZyB3aWR0aD0iMSIgaGVpZ2h0PSIxIiB4bWxucz0iaHR0cDovL3d3dy53My5vcmcvMjAwMC9zdmciPjwvc3ZnPg==\" \/><\/p>\n<p>\u00ab Beaucoup de gens dans le monde font un travail de r\u00e9conciliation \u00bb, d\u00e9clare <strong>Prakash Thankachan<\/strong> (Inde), \u00ab mais les chr\u00e9tiens ont une motivation diff\u00e9rente. J\u00e9sus a dit : \u201c je vous donne ma paix. Ce n\u2019est pas \u00e0 la mani\u00e8re du monde que je vous la donne\u201c (Jean 14 :27). \u00bb<\/p>\n<p>Prakash a \u00e9t\u00e9 consacr\u00e9 diacre dans l&rsquo;\u00e9glise de l&rsquo;Inde du Nord, il collabore avec le Mennonite Central Committee pour former d&rsquo;autres personnes aux techniques de construction de la paix. Il cite l&rsquo;histoire de l\u2019\u00e9vasion de Dirk Willems en 1569 aux Pays-Bas et celle du pardon accord\u00e9 apr\u00e8s une fusillade dans une \u00e9cole Amish en 2006 comme des exemples du t\u00e9moignage de la paix anabaptiste qui l&rsquo;inspirent particuli\u00e8rement.<\/p>\n<p><strong>Marcus Weiand<\/strong>, membre d\u2019une \u00e9glise \u00e9vang\u00e9lique libre, est directeur de l\u2019Institut pour la Transformation des conflits au Bienenberg, en Suisse. Il parle de J\u00e9sus. \u00ab Ce que j\u2019ai appris de l\u2019anabaptisme, c\u2019est une emphase sur Dieu qui descend et se fait Homme par J\u00e9sus Christ pour prendre soin des affam\u00e9s et des n\u00e9cessiteux. Nous sommes appel\u00e9s \u00e0 suivre J\u00e9sus maintenant, et de si pr\u00e8s que nous soyons couverts de la poussi\u00e8re que soul\u00e8vent ses pieds. \u00bb<\/p>\n<p><img decoding=\"async\" alt=\"Katherine Torres\" data-src=\"https:\/\/mwc-cmm.org\/wp-content\/uploads\/2024\/10\/img_2094_katherine_torres_of_colombia_nkraybill_photosmall.jpg\" style=\"--smush-image-width: 1000px; --smush-image-aspect-ratio: 1000\/871;width: 150px; height: 131px; margin-left: 5px; margin-right: 5px; float: right;\" width=\"1000\" class=\"smush-dimensions lazyload\" src=\"data:image\/svg+xml;base64,PHN2ZyB3aWR0aD0iMSIgaGVpZ2h0PSIxIiB4bWxucz0iaHR0cDovL3d3dy53My5vcmcvMjAwMC9zdmciPjwvc3ZnPg==\" \/><\/p>\n<p>La guerre civile est la toile de fond du travail pour la paix incarn\u00e9 par les anabaptistes colombiens. <strong>Katherine Torres<\/strong>, avocate mennonite, est la coordinatrice de Puentes para la Paz (Ponts pour la Paix). Elle parle des efforts faits pour attirer les chr\u00e9tiens de diff\u00e9rentes d\u00e9nominations vers le processus de paix alors que s\u2019ach\u00e8vent 60 ann\u00e9es de guerre civile en Colombie. Ils ont initi\u00e9 un dialogue \u00e0 haut risque avec les groupes paramilitaires. \u00ab \u00ca un moment donn\u00e9 nous nous sommes retrouv\u00e9s au milieu d\u2019une fusillade \u00bb, raconte-elle.<\/p>\n<p>\u00ab La non-violence est le don des anabaptistes, explique Torres. Les anabaptistes travaillent pour la paix parce qu\u2019ils ont un sentiment de communaut\u00e9 tr\u00e8s fort. \u00bb<\/p>\n<p><img decoding=\"async\" alt=\"Tewodros Beyene\" data-src=\"https:\/\/mwc-cmm.org\/wp-content\/uploads\/2024\/10\/img_2155_towodros_beyene_nkraybill_photosmall.jpg\" style=\"--smush-image-width: 1000px; --smush-image-aspect-ratio: 1000\/1062;width: 135px; height: 143px; margin-left: 5px; margin-right: 5px; float: left;\" width=\"1000\" class=\"smush-dimensions lazyload\" src=\"data:image\/svg+xml;base64,PHN2ZyB3aWR0aD0iMSIgaGVpZ2h0PSIxIiB4bWxucz0iaHR0cDovL3d3dy53My5vcmcvMjAwMC9zdmciPjwvc3ZnPg==\" \/><\/p>\n<p>L\u2019\u00c9thiopie est un exemple de t\u00e9moignage de paix anabaptiste enracin\u00e9 dans la communaut\u00e9. \u00ab Christ lui-m\u00eame est notre paix (\u00c9ph\u00e9siens 2), d\u00e9clare <strong>Tewodros Beyene<\/strong>, pr\u00e9sident de l\u2019\u00e9glise Meserete Kristos (MK), une d\u00e9nomination anabaptiste. \u00ab C\u2019est \u00e0 cause du Christ que nous nous r\u00e9unissons en tant qu\u2019\u00c9glise. \u00bb<\/p>\n<p>Pour briser le cercle des punitions, les membres de l\u2019\u00e9glise offre une formation professionnalisante aux personnes incarc\u00e9r\u00e9es pour qu\u2019elles puissent travailler en sortant de prison. \u00ab Si vous tuez quelqu\u2019un en \u00c9thiopie, m\u00eame si vous \u00e9copez d\u2019une longue peine, vous serez tu\u00e9 par vengeance \u00e0 votre sortie de prison. \u00bb L\u2019\u00e9glise travaille pour pr\u00e9parer les personnes de l\u2019environnement social qui recevront le prisonnier lib\u00e9r\u00e9.  <\/p>\n<p>Les membres de l\u2019\u00e9glise aiment dire qu\u2019ils font ce travail parce que Christ est venu pour nous r\u00e9concilier. \u00ab Environ 1 200 personnes donnent leur vie \u00e0 Christ tous les ans au travers de ce minist\u00e8re. \u00bb<\/p>\n<p>\u00ab Le travail pour la paix de l\u2019\u00e9glise doit avoir pour vision la mission. Nous avons un <em>\u00e9vangile<\/em> de paix et nous devons \u00eatre des \u00e9vang\u00e9listes qui appellent \u00e0 une relation paisible avec Dieu. \u00bb<\/p>\n<p><img decoding=\"async\" alt=\"Grace Carhart &#038; Hector Acero Ferrer\" data-src=\"https:\/\/mwc-cmm.org\/wp-content\/uploads\/2024\/10\/grace_carhart_hector_a._acero_ferrer_n_kraybill_2.jpg\" style=\"--smush-image-width: 2000px; --smush-image-aspect-ratio: 2000\/1816;width: 175px; height: 159px; margin-left: 5px; margin-right: 5px; float: left;\" width=\"2000\" class=\"smush-dimensions lazyload\" src=\"data:image\/svg+xml;base64,PHN2ZyB3aWR0aD0iMSIgaGVpZ2h0PSIxIiB4bWxucz0iaHR0cDovL3d3dy53My5vcmcvMjAwMC9zdmciPjwvc3ZnPg==\" \/><\/p>\n<p><strong>Grace Carhart<\/strong>, \u00e9tudiante de master \u00e0 Institute for Christian Studies \u00e0 Toronto (Canada), consid\u00e8re que l\u2019\u00e9glise a le potentiel de nous permettre d\u2019\u00eatre fa\u00e7onn\u00e9s par la communaut\u00e9. Sur une base solide d\u2019identit\u00e9 positive, les gens d\u2019\u00e9glise ne doivent pas avoir peur d\u2019interagir avec ceux qui sont diff\u00e9rents. \u00bb<\/p>\n<p>Bien qu\u2019elle ne soit pas mennonite, Grace Carhart consid\u00e8re que les mennonites sont ouverts \u00e0 diff\u00e9rents groupes et diff\u00e9rents points de vus. <strong>Hector Acero Ferrer<\/strong> de Colombie, qui a co-pr\u00e9sent\u00e9 avec Grace, dit \u00ab l\u2019\u00c9glise est un lieu o\u00f9 l\u2019on peut encore et encore raconter notre histoire en tant que victime- ou bourreau. \u00bb<\/p>\n<p><img decoding=\"async\" alt=\"Derek Suderman\" data-src=\"https:\/\/mwc-cmm.org\/wp-content\/uploads\/2024\/10\/img_2117_derek_suderman_nkraybill_photo.jpg\" style=\"--smush-image-width: 1891px; --smush-image-aspect-ratio: 1891\/2000;width: 150px; height: 159px; float: right; margin-left: 10px; margin-right: 10px;\" width=\"1891\" class=\"smush-dimensions lazyload\" src=\"data:image\/svg+xml;base64,PHN2ZyB3aWR0aD0iMSIgaGVpZ2h0PSIxIiB4bWxucz0iaHR0cDovL3d3dy53My5vcmcvMjAwMC9zdmciPjwvc3ZnPg==\" \/><\/p>\n<p>Pour que les anabaptistes puissent continuer de travailler pour la paix, <strong>Derek Suderman<\/strong> de l\u2019Universit\u00e9 Conrad Grebel au Canada, souligne que nous devons garder au centre notre compr\u00e9hension biblique et th\u00e9ologique comme un <em>langage premier<\/em>. A partir de cette base \u00e9merge notre <em>langage secondaire<\/em> des droits humains et du droit international. \u00ab La survie du positionnement mennonite pour la paix d\u00e9pend de notre capacit\u00e9 \u00e0 expliquer les raisons premi\u00e8res pour lesquelles nous travaillons pour la paix. Le travail pour la paix doit \u00eatre d\u00e9riv\u00e9 de notre foi et non une fin en soi. \u00bb     <\/p>\n<p><em>\u2014J. Nelson Kraybill est pr\u00e9sident de la CMM (2015\u20132021). Il vit en Indiana (\u00c9tats-Unis).<\/em><\/p>\n","protected":false},"excerpt":{"rendered":"<p>NULL<\/p>\n","protected":false},"author":1,"featured_media":90838,"comment_status":"closed","ping_status":"closed","sticky":false,"template":"","format":"standard","meta":{"_acf_changed":false,"footnotes":""},"categories":[7],"tags":[],"network":[1268],"eventcategory":[],"class_list":["post-10072","post","type-post","status-publish","format-standard","has-post-thumbnail","hentry","category-non-classifiee","network-global-anabaptist-peace-network-fr"],"acf":[],"yoast_head":"<!-- This site is optimized with the Yoast SEO plugin v27.5 - https:\/\/yoast.com\/product\/yoast-seo-wordpress\/ -->\n<title>Le travail pour la paix anabaptiste repose sur des fondements bibliques - Mennonite World Conference<\/title>\n<meta name=\"robots\" content=\"index, follow, max-snippet:-1, max-image-preview:large, max-video-preview:-1\" \/>\n<link rel=\"canonical\" href=\"https:\/\/mwc-cmm.org\/fr\/stories\/le-travail-pour-la-paix-anabaptiste-repose-sur-des-fondements-bibliques\/\" \/>\n<meta property=\"og:locale\" content=\"fr_FR\" \/>\n<meta property=\"og:type\" content=\"article\" \/>\n<meta property=\"og:title\" content=\"Le travail pour la paix anabaptiste repose sur des fondements bibliques - Mennonite World Conference\" \/>\n<meta property=\"og:description\" content=\"NULL\" \/>\n<meta property=\"og:url\" content=\"https:\/\/mwc-cmm.org\/fr\/stories\/le-travail-pour-la-paix-anabaptiste-repose-sur-des-fondements-bibliques\/\" \/>\n<meta property=\"og:site_name\" content=\"Mennonite World Conference\" \/>\n<meta property=\"article:publisher\" content=\"https:\/\/www.facebook.com\/MennoniteWorldConference\" \/>\n<meta property=\"article:published_time\" content=\"2019-07-24T00:00:00+00:00\" \/>\n<meta property=\"article:modified_time\" content=\"2024-12-10T17:16:17+00:00\" \/>\n<meta property=\"og:image\" content=\"https:\/\/mwc-cmm.org\/wp-content\/uploads\/2024\/11\/img_8569crop.jpg\" \/>\n\t<meta property=\"og:image:width\" content=\"1500\" \/>\n\t<meta property=\"og:image:height\" content=\"1016\" \/>\n\t<meta property=\"og:image:type\" content=\"image\/jpeg\" \/>\n<meta name=\"author\" content=\"mennworldcon\" \/>\n<script type=\"application\/ld+json\" class=\"yoast-schema-graph\">{\"@context\":\"https:\\\/\\\/schema.org\",\"@graph\":[{\"@type\":\"Article\",\"@id\":\"https:\\\/\\\/mwc-cmm.org\\\/fr\\\/stories\\\/le-travail-pour-la-paix-anabaptiste-repose-sur-des-fondements-bibliques\\\/#article\",\"isPartOf\":{\"@id\":\"https:\\\/\\\/mwc-cmm.org\\\/fr\\\/stories\\\/le-travail-pour-la-paix-anabaptiste-repose-sur-des-fondements-bibliques\\\/\"},\"author\":{\"name\":\"mennworldcon\",\"@id\":\"https:\\\/\\\/mwc-cmm.org\\\/en\\\/#\\\/schema\\\/person\\\/11f6ae0d7d1868ba20a1cc27f067c836\"},\"headline\":\"Le travail pour la paix anabaptiste repose sur des fondements bibliques\",\"datePublished\":\"2019-07-24T00:00:00+00:00\",\"dateModified\":\"2024-12-10T17:16:17+00:00\",\"mainEntityOfPage\":{\"@id\":\"https:\\\/\\\/mwc-cmm.org\\\/fr\\\/stories\\\/le-travail-pour-la-paix-anabaptiste-repose-sur-des-fondements-bibliques\\\/\"},\"wordCount\":825,\"publisher\":{\"@id\":\"https:\\\/\\\/mwc-cmm.org\\\/en\\\/#organization\"},\"image\":{\"@id\":\"https:\\\/\\\/mwc-cmm.org\\\/fr\\\/stories\\\/le-travail-pour-la-paix-anabaptiste-repose-sur-des-fondements-bibliques\\\/#primaryimage\"},\"thumbnailUrl\":\"https:\\\/\\\/mwc-cmm.org\\\/wp-content\\\/uploads\\\/2024\\\/11\\\/img_8569crop.jpg\",\"articleSection\":[\"Non classifi\u00e9(e)\"],\"inLanguage\":\"fr-FR\"},{\"@type\":\"WebPage\",\"@id\":\"https:\\\/\\\/mwc-cmm.org\\\/fr\\\/stories\\\/le-travail-pour-la-paix-anabaptiste-repose-sur-des-fondements-bibliques\\\/\",\"url\":\"https:\\\/\\\/mwc-cmm.org\\\/fr\\\/stories\\\/le-travail-pour-la-paix-anabaptiste-repose-sur-des-fondements-bibliques\\\/\",\"name\":\"Le travail pour la paix anabaptiste repose sur des fondements bibliques - Mennonite World Conference\",\"isPartOf\":{\"@id\":\"https:\\\/\\\/mwc-cmm.org\\\/en\\\/#website\"},\"primaryImageOfPage\":{\"@id\":\"https:\\\/\\\/mwc-cmm.org\\\/fr\\\/stories\\\/le-travail-pour-la-paix-anabaptiste-repose-sur-des-fondements-bibliques\\\/#primaryimage\"},\"image\":{\"@id\":\"https:\\\/\\\/mwc-cmm.org\\\/fr\\\/stories\\\/le-travail-pour-la-paix-anabaptiste-repose-sur-des-fondements-bibliques\\\/#primaryimage\"},\"thumbnailUrl\":\"https:\\\/\\\/mwc-cmm.org\\\/wp-content\\\/uploads\\\/2024\\\/11\\\/img_8569crop.jpg\",\"datePublished\":\"2019-07-24T00:00:00+00:00\",\"dateModified\":\"2024-12-10T17:16:17+00:00\",\"breadcrumb\":{\"@id\":\"https:\\\/\\\/mwc-cmm.org\\\/fr\\\/stories\\\/le-travail-pour-la-paix-anabaptiste-repose-sur-des-fondements-bibliques\\\/#breadcrumb\"},\"inLanguage\":\"fr-FR\",\"potentialAction\":[{\"@type\":\"ReadAction\",\"target\":[\"https:\\\/\\\/mwc-cmm.org\\\/fr\\\/stories\\\/le-travail-pour-la-paix-anabaptiste-repose-sur-des-fondements-bibliques\\\/\"]}]},{\"@type\":\"ImageObject\",\"inLanguage\":\"fr-FR\",\"@id\":\"https:\\\/\\\/mwc-cmm.org\\\/fr\\\/stories\\\/le-travail-pour-la-paix-anabaptiste-repose-sur-des-fondements-bibliques\\\/#primaryimage\",\"url\":\"https:\\\/\\\/mwc-cmm.org\\\/wp-content\\\/uploads\\\/2024\\\/11\\\/img_8569crop.jpg\",\"contentUrl\":\"https:\\\/\\\/mwc-cmm.org\\\/wp-content\\\/uploads\\\/2024\\\/11\\\/img_8569crop.jpg\",\"width\":1500,\"height\":1016},{\"@type\":\"BreadcrumbList\",\"@id\":\"https:\\\/\\\/mwc-cmm.org\\\/fr\\\/stories\\\/le-travail-pour-la-paix-anabaptiste-repose-sur-des-fondements-bibliques\\\/#breadcrumb\",\"itemListElement\":[{\"@type\":\"ListItem\",\"position\":1,\"name\":\"Home\",\"item\":\"https:\\\/\\\/mwc-cmm.org\\\/fr\\\/\"},{\"@type\":\"ListItem\",\"position\":2,\"name\":\"Le travail pour la paix anabaptiste repose sur des fondements bibliques\"}]},{\"@type\":\"WebSite\",\"@id\":\"https:\\\/\\\/mwc-cmm.org\\\/en\\\/#website\",\"url\":\"https:\\\/\\\/mwc-cmm.org\\\/en\\\/\",\"name\":\"Mennonite World Conference\",\"description\":\"A communion of Anabaptist-related churches\",\"publisher\":{\"@id\":\"https:\\\/\\\/mwc-cmm.org\\\/en\\\/#organization\"},\"alternateName\":\"MWC\",\"potentialAction\":[{\"@type\":\"SearchAction\",\"target\":{\"@type\":\"EntryPoint\",\"urlTemplate\":\"https:\\\/\\\/mwc-cmm.org\\\/en\\\/?s={search_term_string}\"},\"query-input\":{\"@type\":\"PropertyValueSpecification\",\"valueRequired\":true,\"valueName\":\"search_term_string\"}}],\"inLanguage\":\"fr-FR\"},{\"@type\":\"Organization\",\"@id\":\"https:\\\/\\\/mwc-cmm.org\\\/en\\\/#organization\",\"name\":\"Mennonite World Conference\",\"alternateName\":\"MWC\",\"url\":\"https:\\\/\\\/mwc-cmm.org\\\/en\\\/\",\"logo\":{\"@type\":\"ImageObject\",\"inLanguage\":\"fr-FR\",\"@id\":\"https:\\\/\\\/mwc-cmm.org\\\/en\\\/#\\\/schema\\\/logo\\\/image\\\/\",\"url\":\"https:\\\/\\\/mwc-cmm.org\\\/wp-content\\\/uploads\\\/2026\\\/01\\\/MWC_Sig_Blue_Horiz_webheader1-logo.svg\",\"contentUrl\":\"https:\\\/\\\/mwc-cmm.org\\\/wp-content\\\/uploads\\\/2026\\\/01\\\/MWC_Sig_Blue_Horiz_webheader1-logo.svg\",\"width\":786,\"height\":82,\"caption\":\"Mennonite World Conference\"},\"image\":{\"@id\":\"https:\\\/\\\/mwc-cmm.org\\\/en\\\/#\\\/schema\\\/logo\\\/image\\\/\"},\"sameAs\":[\"https:\\\/\\\/www.facebook.com\\\/MennoniteWorldConference\",\"https:\\\/\\\/www.linkedin.com\\\/company\\\/mennonite-world-conference-mwc\\\/\",\"https:\\\/\\\/www.instagram.com\\\/mwcmm\\\/\",\"https:\\\/\\\/www.youtube.com\\\/user\\\/mwccmm\",\"https:\\\/\\\/bsky.app\\\/profile\\\/mwcmm.bsky.social\"]},{\"@type\":\"Person\",\"@id\":\"https:\\\/\\\/mwc-cmm.org\\\/en\\\/#\\\/schema\\\/person\\\/11f6ae0d7d1868ba20a1cc27f067c836\",\"name\":\"mennworldcon\",\"image\":{\"@type\":\"ImageObject\",\"inLanguage\":\"fr-FR\",\"@id\":\"https:\\\/\\\/secure.gravatar.com\\\/avatar\\\/06fdc0dc81c157dfdb82ec42f252178a22307808988d22c043f9eb96f1e0fe80?s=96&d=mm&r=g\",\"url\":\"https:\\\/\\\/secure.gravatar.com\\\/avatar\\\/06fdc0dc81c157dfdb82ec42f252178a22307808988d22c043f9eb96f1e0fe80?s=96&d=mm&r=g\",\"contentUrl\":\"https:\\\/\\\/secure.gravatar.com\\\/avatar\\\/06fdc0dc81c157dfdb82ec42f252178a22307808988d22c043f9eb96f1e0fe80?s=96&d=mm&r=g\",\"caption\":\"mennworldcon\"},\"sameAs\":[\"https:\\\/\\\/mwc-cmm.org\"],\"url\":\"https:\\\/\\\/mwc-cmm.org\\\/fr\\\/stories\\\/author\\\/mennworldcon\\\/\"}]}<\/script>\n<!-- \/ Yoast SEO plugin. -->","yoast_head_json":{"title":"Le travail pour la paix anabaptiste repose sur des fondements bibliques - Mennonite World Conference","robots":{"index":"index","follow":"follow","max-snippet":"max-snippet:-1","max-image-preview":"max-image-preview:large","max-video-preview":"max-video-preview:-1"},"canonical":"https:\/\/mwc-cmm.org\/fr\/stories\/le-travail-pour-la-paix-anabaptiste-repose-sur-des-fondements-bibliques\/","og_locale":"fr_FR","og_type":"article","og_title":"Le travail pour la paix anabaptiste repose sur des fondements bibliques - Mennonite World Conference","og_description":"NULL","og_url":"https:\/\/mwc-cmm.org\/fr\/stories\/le-travail-pour-la-paix-anabaptiste-repose-sur-des-fondements-bibliques\/","og_site_name":"Mennonite World Conference","article_publisher":"https:\/\/www.facebook.com\/MennoniteWorldConference","article_published_time":"2019-07-24T00:00:00+00:00","article_modified_time":"2024-12-10T17:16:17+00:00","og_image":[{"width":1500,"height":1016,"url":"https:\/\/mwc-cmm.org\/wp-content\/uploads\/2024\/11\/img_8569crop.jpg","type":"image\/jpeg"}],"author":"mennworldcon","schema":{"@context":"https:\/\/schema.org","@graph":[{"@type":"Article","@id":"https:\/\/mwc-cmm.org\/fr\/stories\/le-travail-pour-la-paix-anabaptiste-repose-sur-des-fondements-bibliques\/#article","isPartOf":{"@id":"https:\/\/mwc-cmm.org\/fr\/stories\/le-travail-pour-la-paix-anabaptiste-repose-sur-des-fondements-bibliques\/"},"author":{"name":"mennworldcon","@id":"https:\/\/mwc-cmm.org\/en\/#\/schema\/person\/11f6ae0d7d1868ba20a1cc27f067c836"},"headline":"Le travail pour la paix anabaptiste repose sur des fondements bibliques","datePublished":"2019-07-24T00:00:00+00:00","dateModified":"2024-12-10T17:16:17+00:00","mainEntityOfPage":{"@id":"https:\/\/mwc-cmm.org\/fr\/stories\/le-travail-pour-la-paix-anabaptiste-repose-sur-des-fondements-bibliques\/"},"wordCount":825,"publisher":{"@id":"https:\/\/mwc-cmm.org\/en\/#organization"},"image":{"@id":"https:\/\/mwc-cmm.org\/fr\/stories\/le-travail-pour-la-paix-anabaptiste-repose-sur-des-fondements-bibliques\/#primaryimage"},"thumbnailUrl":"https:\/\/mwc-cmm.org\/wp-content\/uploads\/2024\/11\/img_8569crop.jpg","articleSection":["Non classifi\u00e9(e)"],"inLanguage":"fr-FR"},{"@type":"WebPage","@id":"https:\/\/mwc-cmm.org\/fr\/stories\/le-travail-pour-la-paix-anabaptiste-repose-sur-des-fondements-bibliques\/","url":"https:\/\/mwc-cmm.org\/fr\/stories\/le-travail-pour-la-paix-anabaptiste-repose-sur-des-fondements-bibliques\/","name":"Le travail pour la paix anabaptiste repose sur des fondements bibliques - Mennonite World Conference","isPartOf":{"@id":"https:\/\/mwc-cmm.org\/en\/#website"},"primaryImageOfPage":{"@id":"https:\/\/mwc-cmm.org\/fr\/stories\/le-travail-pour-la-paix-anabaptiste-repose-sur-des-fondements-bibliques\/#primaryimage"},"image":{"@id":"https:\/\/mwc-cmm.org\/fr\/stories\/le-travail-pour-la-paix-anabaptiste-repose-sur-des-fondements-bibliques\/#primaryimage"},"thumbnailUrl":"https:\/\/mwc-cmm.org\/wp-content\/uploads\/2024\/11\/img_8569crop.jpg","datePublished":"2019-07-24T00:00:00+00:00","dateModified":"2024-12-10T17:16:17+00:00","breadcrumb":{"@id":"https:\/\/mwc-cmm.org\/fr\/stories\/le-travail-pour-la-paix-anabaptiste-repose-sur-des-fondements-bibliques\/#breadcrumb"},"inLanguage":"fr-FR","potentialAction":[{"@type":"ReadAction","target":["https:\/\/mwc-cmm.org\/fr\/stories\/le-travail-pour-la-paix-anabaptiste-repose-sur-des-fondements-bibliques\/"]}]},{"@type":"ImageObject","inLanguage":"fr-FR","@id":"https:\/\/mwc-cmm.org\/fr\/stories\/le-travail-pour-la-paix-anabaptiste-repose-sur-des-fondements-bibliques\/#primaryimage","url":"https:\/\/mwc-cmm.org\/wp-content\/uploads\/2024\/11\/img_8569crop.jpg","contentUrl":"https:\/\/mwc-cmm.org\/wp-content\/uploads\/2024\/11\/img_8569crop.jpg","width":1500,"height":1016},{"@type":"BreadcrumbList","@id":"https:\/\/mwc-cmm.org\/fr\/stories\/le-travail-pour-la-paix-anabaptiste-repose-sur-des-fondements-bibliques\/#breadcrumb","itemListElement":[{"@type":"ListItem","position":1,"name":"Home","item":"https:\/\/mwc-cmm.org\/fr\/"},{"@type":"ListItem","position":2,"name":"Le travail pour la paix anabaptiste repose sur des fondements bibliques"}]},{"@type":"WebSite","@id":"https:\/\/mwc-cmm.org\/en\/#website","url":"https:\/\/mwc-cmm.org\/en\/","name":"Mennonite World Conference","description":"A communion of Anabaptist-related churches","publisher":{"@id":"https:\/\/mwc-cmm.org\/en\/#organization"},"alternateName":"MWC","potentialAction":[{"@type":"SearchAction","target":{"@type":"EntryPoint","urlTemplate":"https:\/\/mwc-cmm.org\/en\/?s={search_term_string}"},"query-input":{"@type":"PropertyValueSpecification","valueRequired":true,"valueName":"search_term_string"}}],"inLanguage":"fr-FR"},{"@type":"Organization","@id":"https:\/\/mwc-cmm.org\/en\/#organization","name":"Mennonite World Conference","alternateName":"MWC","url":"https:\/\/mwc-cmm.org\/en\/","logo":{"@type":"ImageObject","inLanguage":"fr-FR","@id":"https:\/\/mwc-cmm.org\/en\/#\/schema\/logo\/image\/","url":"https:\/\/mwc-cmm.org\/wp-content\/uploads\/2026\/01\/MWC_Sig_Blue_Horiz_webheader1-logo.svg","contentUrl":"https:\/\/mwc-cmm.org\/wp-content\/uploads\/2026\/01\/MWC_Sig_Blue_Horiz_webheader1-logo.svg","width":786,"height":82,"caption":"Mennonite World Conference"},"image":{"@id":"https:\/\/mwc-cmm.org\/en\/#\/schema\/logo\/image\/"},"sameAs":["https:\/\/www.facebook.com\/MennoniteWorldConference","https:\/\/www.linkedin.com\/company\/mennonite-world-conference-mwc\/","https:\/\/www.instagram.com\/mwcmm\/","https:\/\/www.youtube.com\/user\/mwccmm","https:\/\/bsky.app\/profile\/mwcmm.bsky.social"]},{"@type":"Person","@id":"https:\/\/mwc-cmm.org\/en\/#\/schema\/person\/11f6ae0d7d1868ba20a1cc27f067c836","name":"mennworldcon","image":{"@type":"ImageObject","inLanguage":"fr-FR","@id":"https:\/\/secure.gravatar.com\/avatar\/06fdc0dc81c157dfdb82ec42f252178a22307808988d22c043f9eb96f1e0fe80?s=96&d=mm&r=g","url":"https:\/\/secure.gravatar.com\/avatar\/06fdc0dc81c157dfdb82ec42f252178a22307808988d22c043f9eb96f1e0fe80?s=96&d=mm&r=g","contentUrl":"https:\/\/secure.gravatar.com\/avatar\/06fdc0dc81c157dfdb82ec42f252178a22307808988d22c043f9eb96f1e0fe80?s=96&d=mm&r=g","caption":"mennworldcon"},"sameAs":["https:\/\/mwc-cmm.org"],"url":"https:\/\/mwc-cmm.org\/fr\/stories\/author\/mennworldcon\/"}]}},"_links":{"self":[{"href":"https:\/\/mwc-cmm.org\/fr\/wp-json\/wp\/v2\/posts\/10072","targetHints":{"allow":["GET"]}}],"collection":[{"href":"https:\/\/mwc-cmm.org\/fr\/wp-json\/wp\/v2\/posts"}],"about":[{"href":"https:\/\/mwc-cmm.org\/fr\/wp-json\/wp\/v2\/types\/post"}],"author":[{"embeddable":true,"href":"https:\/\/mwc-cmm.org\/fr\/wp-json\/wp\/v2\/users\/1"}],"replies":[{"embeddable":true,"href":"https:\/\/mwc-cmm.org\/fr\/wp-json\/wp\/v2\/comments?post=10072"}],"version-history":[{"count":0,"href":"https:\/\/mwc-cmm.org\/fr\/wp-json\/wp\/v2\/posts\/10072\/revisions"}],"wp:featuredmedia":[{"embeddable":true,"href":"https:\/\/mwc-cmm.org\/fr\/wp-json\/wp\/v2\/media\/90838"}],"wp:attachment":[{"href":"https:\/\/mwc-cmm.org\/fr\/wp-json\/wp\/v2\/media?parent=10072"}],"wp:term":[{"taxonomy":"category","embeddable":true,"href":"https:\/\/mwc-cmm.org\/fr\/wp-json\/wp\/v2\/categories?post=10072"},{"taxonomy":"post_tag","embeddable":true,"href":"https:\/\/mwc-cmm.org\/fr\/wp-json\/wp\/v2\/tags?post=10072"},{"taxonomy":"network","embeddable":true,"href":"https:\/\/mwc-cmm.org\/fr\/wp-json\/wp\/v2\/network?post=10072"},{"taxonomy":"eventcategory","embeddable":true,"href":"https:\/\/mwc-cmm.org\/fr\/wp-json\/wp\/v2\/eventcategory?post=10072"}],"curies":[{"name":"wp","href":"https:\/\/api.w.org\/{rel}","templated":true}]}}