{"id":10043,"date":"2019-04-23T00:00:00","date_gmt":"2019-04-23T00:00:00","guid":{"rendered":"https:\/\/mwc-cmm.org\/every-second-god-is-here-helping-me-4\/"},"modified":"2025-03-11T19:26:24","modified_gmt":"2025-03-11T19:26:24","slug":"a-chaque-seconde-dieu-est-la-pour-maider","status":"publish","type":"post","link":"https:\/\/mwc-cmm.org\/fr\/stories\/a-chaque-seconde-dieu-est-la-pour-maider\/","title":{"rendered":"\u00ab \u00c0 chaque seconde, Dieu est l\u00e0 pour m\u2019aider \u00bb"},"content":{"rendered":"<p>\u00ab Un chapitre de mon histoire s\u2019est \u00e9crit pendant YAMEN \u00bb, raconte Diana Martinez. Cette jeune responsable de groupe de jeune de Colombie qui a particip\u00e9 \u00e0 YAMEN entant qu\u2019assistante \u00e9ducatrice \u00e0 Casa Hogar Bel\u00e9n, un foyer pour enfants \u00e0 Managua, au Nicaragua de 2017 \u00e0 2018.<\/p>\n<p>YAMEN (R\u00e9seau Anabaptiste Mondial d&rsquo;\u00c9change de Jeunes) est un programme commun au Mennonite Central Committee (MCC) et \u00e0 la Conf\u00e9rence Mennonite Mondiale (CMM). Les participants \u00e2g\u00e9s de 18 \u00e0 30 ans venant du monde entier \u00e0 l\u2019exception du Canada et des \u00c9tats-Unis se mettent au service d\u2019un minist\u00e8re ou d\u2019une organisation dans une culture diff\u00e9rente de la leur pendant un an.<\/p>\n<p>Durant cette ann\u00e9e remplie de d\u00e9fis et d\u2019exp\u00e9riences nouvelles, les participants YAMEN font l\u2019exp\u00e9rience d\u2019un Dieu protecteur, qui pourvoit \u00e0 leurs besoins.<\/p>\n<p>\u00ab Durant ce temps j\u2019ai pu d\u00e9velopper une relation plus proche et plus profonde avec Dieu et je m\u2019attends \u00e0 Lui et je me sens d\u00e9tendue et remplie de paix \u00bb raconte Gloria Blanco, membre de l\u2019\u00e9glise mennonite Centro de Discipulado Cristiano au Nicaragua et qui est actuellement en service \u00e0 Comisi\u00f3n de Accion Social Menonita (<em>CASM<\/em>) au Honduras.<\/p>\n<p><strong><img decoding=\"async\" alt=\"Chaambwa Siachiwena au mont Hallasan, \u00eele de Jeju, en Cor\u00e9e du Sud.\" data-src=\"https:\/\/mwc-cmm.org\/wp-content\/uploads\/2024\/10\/img-20190222-wa0012_-_cut.jpg\" style=\"--smush-image-width: 898px; --smush-image-aspect-ratio: 898\/1068;width: 170px; margin: 5px 10px; float: left; height: 202px;\" width=\"898\" class=\"smush-dimensions lazyload\" src=\"data:image\/svg+xml;base64,PHN2ZyB3aWR0aD0iMSIgaGVpZ2h0PSIxIiB4bWxucz0iaHR0cDovL3d3dy53My5vcmcvMjAwMC9zdmciPjwvc3ZnPg==\" \/><\/strong><\/p>\n<p><strong>Avoir confiance en ses dons<\/strong><\/p>\n<p>\u00ab J\u2019ai d\u00fb faire confiance aux dons que Dieu m\u2019a donn\u00e9 \u00bb raconte Diana Martinez qui a appris par c\u0153ur Psaume 32\/8 pour se pr\u00e9parer \u00e0 son ann\u00e9e de service. \u00ab Lorsque vous mettez votre temps et votre c\u0153ur au service des autres, le Seigneur peut vous utiliser de mani\u00e8res incroyables. \u00bb<\/p>\n<p>Malin Yem, une participante YAMEN cambodgienne s\u2019est appuy\u00e9 sur ce texte lors de son travail en Ha\u00efti de 2018 \u00e0 2019 : \u00ab Toutes choses peuvent arriver sous le regard de Dieu, cela me rappelle que je dois \u00eatre pr\u00eate \u00e0 accueillir la nouveaut\u00e9, qu\u2019\u00e0 chaque seconde, Dieu est l\u00e0 avec moi, pour m\u2019aider, me prot\u00e9ger, enseigner, et des milliers d\u2019autres choses que je ne peux pas \u00e9num\u00e9rer. \u00bb<\/p>\n<p><strong>Dans la rivi\u00e8re de la vie <\/strong><\/p>\n<p>Les paroles qui se trouvent dans Romains 12\/14-18 touch\u00e8rent Diana dans les moments de doute. \u00ab \u00catre en paix avec le monde ne peut vraiment arriver dans ma vie que si j\u2019ai une relation sinc\u00e8re avec Dieu. \u00bb<\/p>\n<p>Diana Mart\u00ednez a \u00e9t\u00e9 touch\u00e9e par l\u2019hospitalit\u00e9 et la simplicit\u00e9 de c\u0153ur de ceux qui l\u2019ont accueilli dans ce nouveau pays.  <\/p>\n<p>\u00ab Lorsque nous sommes capables de donner et d\u2019appr\u00e9cier ce que les autres ont \u00e0 apporter, sans qu\u2019importent les origines culturelles, les nationalit\u00e9s, la couleur de peu ou la langue, alors nous incarnons un seul corps avec Christ \u00e0 sa t\u00eate. <\/p>\n<p><em>\u2014<\/em><em>Communiqu\u00e9 commun de la Conf\u00e9rence Mennonite Mondiale et du Comit\u00e9 central mennonite<\/em><\/p>\n<\/p>\n<table border=\"1\" cellpadding=\"1\" cellspacing=\"1\" style=\"width:500px;\">\n<tbody>\n<tr>\n<td><strong>Nom<\/strong><\/td>\n<td><strong>Pays d\u2019origine<\/strong><\/td>\n<td><strong>En service au<\/strong><\/td>\n<\/tr>\n<tr>\n<td>Danika Saucedo<\/td>\n<td>Bolivie<\/td>\n<td>Colombie<\/td>\n<\/tr>\n<tr>\n<td>Diana Hurtado<\/td>\n<td>Bolivie<\/td>\n<td>Honduras<\/td>\n<\/tr>\n<tr>\n<td>Guy Hermann Oulon<\/td>\n<td>Burkina Faso<\/td>\n<td>Ouganda<\/td>\n<\/tr>\n<tr>\n<td>Malin Yem<\/td>\n<td>Cambodge<\/td>\n<td>Ha\u00efti<\/td>\n<\/tr>\n<tr>\n<td>Phalyn San<\/td>\n<td>Cambodge<\/td>\n<td>\n<div>Mozambique\/Zimbabwe<\/div>\n<\/td>\n<\/tr>\n<tr>\n<td>Sammady Keang<\/td>\n<td>Cambodge<\/td>\n<td>Zambie<\/td>\n<\/tr>\n<tr>\n<td>Juanjuan Jiang<\/td>\n<td>Chine<\/td>\n<td>Cambodge<\/td>\n<\/tr>\n<tr>\n<td>Ana Guaza<\/td>\n<td>Colombie<\/td>\n<td>Bolivie<\/td>\n<\/tr>\n<tr>\n<td>Cris Lucumi<\/td>\n<td>Colombie<\/td>\n<td>Honduras<\/td>\n<\/tr>\n<tr>\n<td>Kendri Mastaki<\/td>\n<td>R\u00e9publique D\u00e9mocratique du Congo<\/td>\n<td>Burkina Faso<\/td>\n<\/tr>\n<tr>\n<td>Sandi Natareno<\/td>\n<td>Guatemala<\/td>\n<td>Bolivie<\/td>\n<\/tr>\n<tr>\n<td>Nancy Cecile Valle<\/td>\n<td>Honduras<\/td>\n<td>\u00c9quateur<\/td>\n<\/tr>\n<tr>\n<td>Sarvada Tudu<\/td>\n<td>Inde<\/td>\n<td>N\u00e9pal<\/td>\n<\/tr>\n<tr>\n<td>Trizah Kashyap<\/td>\n<td>Inde<\/td>\n<td>Zimbabwe<\/td>\n<\/tr>\n<tr>\n<td>Alexandro Marthin<\/td>\n<td>Indon\u00e9sie<\/td>\n<td>Colombie<\/td>\n<\/tr>\n<tr>\n<td>Grace Ratih<\/td>\n<td>Indon\u00e9sie<\/td>\n<td>Laos<\/td>\n<\/tr>\n<tr>\n<td>Chansamai Xong<\/td>\n<td>Laos<\/td>\n<td>Cambodge<\/td>\n<\/tr>\n<tr>\n<td>Khammoun Xayalath<\/td>\n<td>Laos<\/td>\n<td>Indon\u00e9sie<\/td>\n<\/tr>\n<tr>\n<td>Molula Matoba<\/td>\n<td>Lesoto<\/td>\n<td>Cambodge<\/td>\n<\/tr>\n<tr>\n<td>Gerhard Neufeld Peters<\/td>\n<td>Mexique<\/td>\n<td>Bolivie<\/td>\n<\/tr>\n<tr>\n<td>Jessica Maya<\/td>\n<td>Mexique<\/td>\n<td>Guatemala<\/td>\n<\/tr>\n<tr>\n<td>Cicilia Mario<\/td>\n<td>Mozambique<\/td>\n<td>Mexique<\/td>\n<\/tr>\n<tr>\n<td>Salina Bhandari<\/td>\n<td>N\u00e9pal<\/td>\n<td>\n<div>Mozambique\/Zimbabwe<\/div>\n<\/td>\n<\/tr>\n<tr>\n<td>Gloria Elieth Blanco<\/td>\n<td>Nicaragua<\/td>\n<td>Honduras<\/td>\n<\/tr>\n<tr>\n<td>Jackson Okoh<\/td>\n<td>Nigeria<\/td>\n<td>Tchad<\/td>\n<\/tr>\n<tr>\n<td>Melusi Manana<\/td>\n<td>Swazilandia<\/td>\n<td>Colombie<\/td>\n<\/tr>\n<tr>\n<td>Chaambwa Siachiwena<\/td>\n<td>Zambie<\/td>\n<td>Corea del Sur<\/td>\n<\/tr>\n<\/tbody>\n<\/table>\n","protected":false},"excerpt":{"rendered":"<p>NULL<\/p>\n","protected":false},"author":1,"featured_media":13017,"comment_status":"closed","ping_status":"closed","sticky":false,"template":"","format":"standard","meta":{"_acf_changed":false,"footnotes":""},"categories":[7],"tags":[396],"network":[1302,1285],"eventcategory":[],"class_list":["post-10043","post","type-post","status-publish","format-standard","has-post-thumbnail","hentry","category-non-classifiee","tag-yabs-fr","network-yamen-fr","network-young-anabaptists-fr"],"acf":[],"yoast_head":"<!-- This site is optimized with the Yoast SEO plugin v27.2 - https:\/\/yoast.com\/product\/yoast-seo-wordpress\/ -->\n<title>\u00ab \u00c0 chaque seconde, Dieu est l\u00e0 pour m\u2019aider \u00bb - Mennonite World Conference<\/title>\n<meta name=\"robots\" content=\"index, follow, max-snippet:-1, max-image-preview:large, max-video-preview:-1\" \/>\n<link rel=\"canonical\" href=\"https:\/\/mwc-cmm.org\/fr\/stories\/a-chaque-seconde-dieu-est-la-pour-maider\/\" \/>\n<meta property=\"og:locale\" content=\"fr_FR\" \/>\n<meta property=\"og:type\" content=\"article\" \/>\n<meta property=\"og:title\" content=\"\u00ab \u00c0 chaque seconde, Dieu est l\u00e0 pour m\u2019aider \u00bb - Mennonite World Conference\" \/>\n<meta property=\"og:description\" content=\"NULL\" \/>\n<meta property=\"og:url\" content=\"https:\/\/mwc-cmm.org\/fr\/stories\/a-chaque-seconde-dieu-est-la-pour-maider\/\" \/>\n<meta property=\"og:site_name\" content=\"Mennonite World Conference\" \/>\n<meta property=\"article:publisher\" content=\"https:\/\/www.facebook.com\/MennoniteWorldConference\" \/>\n<meta property=\"article:published_time\" content=\"2019-04-23T00:00:00+00:00\" \/>\n<meta property=\"article:modified_time\" content=\"2025-03-11T19:26:24+00:00\" \/>\n<meta property=\"og:image\" content=\"https:\/\/mwc-cmm.org\/wp-content\/uploads\/2024\/10\/mwc-mcc-yamen-diana-flag.jpg\" \/>\n\t<meta property=\"og:image:width\" content=\"180\" \/>\n\t<meta property=\"og:image:height\" content=\"135\" \/>\n\t<meta property=\"og:image:type\" content=\"image\/jpeg\" \/>\n<meta name=\"author\" content=\"mennworldcon\" \/>\n<script type=\"application\/ld+json\" class=\"yoast-schema-graph\">{\"@context\":\"https:\/\/schema.org\",\"@graph\":[{\"@type\":\"Article\",\"@id\":\"https:\/\/mwc-cmm.org\/fr\/stories\/a-chaque-seconde-dieu-est-la-pour-maider\/#article\",\"isPartOf\":{\"@id\":\"https:\/\/mwc-cmm.org\/fr\/stories\/a-chaque-seconde-dieu-est-la-pour-maider\/\"},\"author\":{\"name\":\"mennworldcon\",\"@id\":\"https:\/\/mwc-cmm.org\/en\/#\/schema\/person\/11f6ae0d7d1868ba20a1cc27f067c836\"},\"headline\":\"\u00ab \u00c0 chaque seconde, Dieu est l\u00e0 pour m\u2019aider \u00bb\",\"datePublished\":\"2019-04-23T00:00:00+00:00\",\"dateModified\":\"2025-03-11T19:26:24+00:00\",\"mainEntityOfPage\":{\"@id\":\"https:\/\/mwc-cmm.org\/fr\/stories\/a-chaque-seconde-dieu-est-la-pour-maider\/\"},\"wordCount\":595,\"publisher\":{\"@id\":\"https:\/\/mwc-cmm.org\/en\/#organization\"},\"image\":{\"@id\":\"https:\/\/mwc-cmm.org\/fr\/stories\/a-chaque-seconde-dieu-est-la-pour-maider\/#primaryimage\"},\"thumbnailUrl\":\"https:\/\/mwc-cmm.org\/wp-content\/uploads\/2024\/10\/mwc-mcc-yamen-diana-flag.jpg\",\"keywords\":[\"YABs\"],\"articleSection\":[\"Non classifi\u00e9(e)\"],\"inLanguage\":\"fr-FR\"},{\"@type\":\"WebPage\",\"@id\":\"https:\/\/mwc-cmm.org\/fr\/stories\/a-chaque-seconde-dieu-est-la-pour-maider\/\",\"url\":\"https:\/\/mwc-cmm.org\/fr\/stories\/a-chaque-seconde-dieu-est-la-pour-maider\/\",\"name\":\"\u00ab \u00c0 chaque seconde, Dieu est l\u00e0 pour m\u2019aider \u00bb - Mennonite World Conference\",\"isPartOf\":{\"@id\":\"https:\/\/mwc-cmm.org\/en\/#website\"},\"primaryImageOfPage\":{\"@id\":\"https:\/\/mwc-cmm.org\/fr\/stories\/a-chaque-seconde-dieu-est-la-pour-maider\/#primaryimage\"},\"image\":{\"@id\":\"https:\/\/mwc-cmm.org\/fr\/stories\/a-chaque-seconde-dieu-est-la-pour-maider\/#primaryimage\"},\"thumbnailUrl\":\"https:\/\/mwc-cmm.org\/wp-content\/uploads\/2024\/10\/mwc-mcc-yamen-diana-flag.jpg\",\"datePublished\":\"2019-04-23T00:00:00+00:00\",\"dateModified\":\"2025-03-11T19:26:24+00:00\",\"breadcrumb\":{\"@id\":\"https:\/\/mwc-cmm.org\/fr\/stories\/a-chaque-seconde-dieu-est-la-pour-maider\/#breadcrumb\"},\"inLanguage\":\"fr-FR\",\"potentialAction\":[{\"@type\":\"ReadAction\",\"target\":[\"https:\/\/mwc-cmm.org\/fr\/stories\/a-chaque-seconde-dieu-est-la-pour-maider\/\"]}]},{\"@type\":\"ImageObject\",\"inLanguage\":\"fr-FR\",\"@id\":\"https:\/\/mwc-cmm.org\/fr\/stories\/a-chaque-seconde-dieu-est-la-pour-maider\/#primaryimage\",\"url\":\"https:\/\/mwc-cmm.org\/wp-content\/uploads\/2024\/10\/mwc-mcc-yamen-diana-flag.jpg\",\"contentUrl\":\"https:\/\/mwc-cmm.org\/wp-content\/uploads\/2024\/10\/mwc-mcc-yamen-diana-flag.jpg\",\"width\":180,\"height\":135},{\"@type\":\"BreadcrumbList\",\"@id\":\"https:\/\/mwc-cmm.org\/fr\/stories\/a-chaque-seconde-dieu-est-la-pour-maider\/#breadcrumb\",\"itemListElement\":[{\"@type\":\"ListItem\",\"position\":1,\"name\":\"Home\",\"item\":\"https:\/\/mwc-cmm.org\/fr\/\"},{\"@type\":\"ListItem\",\"position\":2,\"name\":\"\u00ab \u00c0 chaque seconde, Dieu est l\u00e0 pour m\u2019aider \u00bb\"}]},{\"@type\":\"WebSite\",\"@id\":\"https:\/\/mwc-cmm.org\/en\/#website\",\"url\":\"https:\/\/mwc-cmm.org\/en\/\",\"name\":\"Mennonite World Conference\",\"description\":\"A communion of Anabaptist-related churches\",\"publisher\":{\"@id\":\"https:\/\/mwc-cmm.org\/en\/#organization\"},\"alternateName\":\"MWC\",\"potentialAction\":[{\"@type\":\"SearchAction\",\"target\":{\"@type\":\"EntryPoint\",\"urlTemplate\":\"https:\/\/mwc-cmm.org\/en\/?s={search_term_string}\"},\"query-input\":{\"@type\":\"PropertyValueSpecification\",\"valueRequired\":true,\"valueName\":\"search_term_string\"}}],\"inLanguage\":\"fr-FR\"},{\"@type\":\"Organization\",\"@id\":\"https:\/\/mwc-cmm.org\/en\/#organization\",\"name\":\"Mennonite World Conference\",\"alternateName\":\"MWC\",\"url\":\"https:\/\/mwc-cmm.org\/en\/\",\"logo\":{\"@type\":\"ImageObject\",\"inLanguage\":\"fr-FR\",\"@id\":\"https:\/\/mwc-cmm.org\/en\/#\/schema\/logo\/image\/\",\"url\":\"https:\/\/mwc-cmm.org\/wp-content\/uploads\/2026\/01\/MWC_Sig_Blue_Horiz_webheader1-logo.svg\",\"contentUrl\":\"https:\/\/mwc-cmm.org\/wp-content\/uploads\/2026\/01\/MWC_Sig_Blue_Horiz_webheader1-logo.svg\",\"width\":786,\"height\":82,\"caption\":\"Mennonite World Conference\"},\"image\":{\"@id\":\"https:\/\/mwc-cmm.org\/en\/#\/schema\/logo\/image\/\"},\"sameAs\":[\"https:\/\/www.facebook.com\/MennoniteWorldConference\",\"https:\/\/www.linkedin.com\/company\/mennonite-world-conference-mwc\/\",\"https:\/\/www.instagram.com\/mwcmm\/\",\"https:\/\/www.youtube.com\/user\/mwccmm\",\"https:\/\/bsky.app\/profile\/mwcmm.bsky.social\"]},{\"@type\":\"Person\",\"@id\":\"https:\/\/mwc-cmm.org\/en\/#\/schema\/person\/11f6ae0d7d1868ba20a1cc27f067c836\",\"name\":\"mennworldcon\",\"image\":{\"@type\":\"ImageObject\",\"inLanguage\":\"fr-FR\",\"@id\":\"https:\/\/secure.gravatar.com\/avatar\/06fdc0dc81c157dfdb82ec42f252178a22307808988d22c043f9eb96f1e0fe80?s=96&d=mm&r=g\",\"url\":\"https:\/\/secure.gravatar.com\/avatar\/06fdc0dc81c157dfdb82ec42f252178a22307808988d22c043f9eb96f1e0fe80?s=96&d=mm&r=g\",\"contentUrl\":\"https:\/\/secure.gravatar.com\/avatar\/06fdc0dc81c157dfdb82ec42f252178a22307808988d22c043f9eb96f1e0fe80?s=96&d=mm&r=g\",\"caption\":\"mennworldcon\"},\"sameAs\":[\"https:\/\/mwc-cmm.org\"],\"url\":\"https:\/\/mwc-cmm.org\/fr\/stories\/author\/mennworldcon\/\"}]}<\/script>\n<!-- \/ Yoast SEO plugin. -->","yoast_head_json":{"title":"\u00ab \u00c0 chaque seconde, Dieu est l\u00e0 pour m\u2019aider \u00bb - Mennonite World Conference","robots":{"index":"index","follow":"follow","max-snippet":"max-snippet:-1","max-image-preview":"max-image-preview:large","max-video-preview":"max-video-preview:-1"},"canonical":"https:\/\/mwc-cmm.org\/fr\/stories\/a-chaque-seconde-dieu-est-la-pour-maider\/","og_locale":"fr_FR","og_type":"article","og_title":"\u00ab \u00c0 chaque seconde, Dieu est l\u00e0 pour m\u2019aider \u00bb - Mennonite World Conference","og_description":"NULL","og_url":"https:\/\/mwc-cmm.org\/fr\/stories\/a-chaque-seconde-dieu-est-la-pour-maider\/","og_site_name":"Mennonite World Conference","article_publisher":"https:\/\/www.facebook.com\/MennoniteWorldConference","article_published_time":"2019-04-23T00:00:00+00:00","article_modified_time":"2025-03-11T19:26:24+00:00","og_image":[{"width":180,"height":135,"url":"https:\/\/mwc-cmm.org\/wp-content\/uploads\/2024\/10\/mwc-mcc-yamen-diana-flag.jpg","type":"image\/jpeg"}],"author":"mennworldcon","schema":{"@context":"https:\/\/schema.org","@graph":[{"@type":"Article","@id":"https:\/\/mwc-cmm.org\/fr\/stories\/a-chaque-seconde-dieu-est-la-pour-maider\/#article","isPartOf":{"@id":"https:\/\/mwc-cmm.org\/fr\/stories\/a-chaque-seconde-dieu-est-la-pour-maider\/"},"author":{"name":"mennworldcon","@id":"https:\/\/mwc-cmm.org\/en\/#\/schema\/person\/11f6ae0d7d1868ba20a1cc27f067c836"},"headline":"\u00ab \u00c0 chaque seconde, Dieu est l\u00e0 pour m\u2019aider \u00bb","datePublished":"2019-04-23T00:00:00+00:00","dateModified":"2025-03-11T19:26:24+00:00","mainEntityOfPage":{"@id":"https:\/\/mwc-cmm.org\/fr\/stories\/a-chaque-seconde-dieu-est-la-pour-maider\/"},"wordCount":595,"publisher":{"@id":"https:\/\/mwc-cmm.org\/en\/#organization"},"image":{"@id":"https:\/\/mwc-cmm.org\/fr\/stories\/a-chaque-seconde-dieu-est-la-pour-maider\/#primaryimage"},"thumbnailUrl":"https:\/\/mwc-cmm.org\/wp-content\/uploads\/2024\/10\/mwc-mcc-yamen-diana-flag.jpg","keywords":["YABs"],"articleSection":["Non classifi\u00e9(e)"],"inLanguage":"fr-FR"},{"@type":"WebPage","@id":"https:\/\/mwc-cmm.org\/fr\/stories\/a-chaque-seconde-dieu-est-la-pour-maider\/","url":"https:\/\/mwc-cmm.org\/fr\/stories\/a-chaque-seconde-dieu-est-la-pour-maider\/","name":"\u00ab \u00c0 chaque seconde, Dieu est l\u00e0 pour m\u2019aider \u00bb - Mennonite World Conference","isPartOf":{"@id":"https:\/\/mwc-cmm.org\/en\/#website"},"primaryImageOfPage":{"@id":"https:\/\/mwc-cmm.org\/fr\/stories\/a-chaque-seconde-dieu-est-la-pour-maider\/#primaryimage"},"image":{"@id":"https:\/\/mwc-cmm.org\/fr\/stories\/a-chaque-seconde-dieu-est-la-pour-maider\/#primaryimage"},"thumbnailUrl":"https:\/\/mwc-cmm.org\/wp-content\/uploads\/2024\/10\/mwc-mcc-yamen-diana-flag.jpg","datePublished":"2019-04-23T00:00:00+00:00","dateModified":"2025-03-11T19:26:24+00:00","breadcrumb":{"@id":"https:\/\/mwc-cmm.org\/fr\/stories\/a-chaque-seconde-dieu-est-la-pour-maider\/#breadcrumb"},"inLanguage":"fr-FR","potentialAction":[{"@type":"ReadAction","target":["https:\/\/mwc-cmm.org\/fr\/stories\/a-chaque-seconde-dieu-est-la-pour-maider\/"]}]},{"@type":"ImageObject","inLanguage":"fr-FR","@id":"https:\/\/mwc-cmm.org\/fr\/stories\/a-chaque-seconde-dieu-est-la-pour-maider\/#primaryimage","url":"https:\/\/mwc-cmm.org\/wp-content\/uploads\/2024\/10\/mwc-mcc-yamen-diana-flag.jpg","contentUrl":"https:\/\/mwc-cmm.org\/wp-content\/uploads\/2024\/10\/mwc-mcc-yamen-diana-flag.jpg","width":180,"height":135},{"@type":"BreadcrumbList","@id":"https:\/\/mwc-cmm.org\/fr\/stories\/a-chaque-seconde-dieu-est-la-pour-maider\/#breadcrumb","itemListElement":[{"@type":"ListItem","position":1,"name":"Home","item":"https:\/\/mwc-cmm.org\/fr\/"},{"@type":"ListItem","position":2,"name":"\u00ab \u00c0 chaque seconde, Dieu est l\u00e0 pour m\u2019aider \u00bb"}]},{"@type":"WebSite","@id":"https:\/\/mwc-cmm.org\/en\/#website","url":"https:\/\/mwc-cmm.org\/en\/","name":"Mennonite World Conference","description":"A communion of Anabaptist-related churches","publisher":{"@id":"https:\/\/mwc-cmm.org\/en\/#organization"},"alternateName":"MWC","potentialAction":[{"@type":"SearchAction","target":{"@type":"EntryPoint","urlTemplate":"https:\/\/mwc-cmm.org\/en\/?s={search_term_string}"},"query-input":{"@type":"PropertyValueSpecification","valueRequired":true,"valueName":"search_term_string"}}],"inLanguage":"fr-FR"},{"@type":"Organization","@id":"https:\/\/mwc-cmm.org\/en\/#organization","name":"Mennonite World Conference","alternateName":"MWC","url":"https:\/\/mwc-cmm.org\/en\/","logo":{"@type":"ImageObject","inLanguage":"fr-FR","@id":"https:\/\/mwc-cmm.org\/en\/#\/schema\/logo\/image\/","url":"https:\/\/mwc-cmm.org\/wp-content\/uploads\/2026\/01\/MWC_Sig_Blue_Horiz_webheader1-logo.svg","contentUrl":"https:\/\/mwc-cmm.org\/wp-content\/uploads\/2026\/01\/MWC_Sig_Blue_Horiz_webheader1-logo.svg","width":786,"height":82,"caption":"Mennonite World Conference"},"image":{"@id":"https:\/\/mwc-cmm.org\/en\/#\/schema\/logo\/image\/"},"sameAs":["https:\/\/www.facebook.com\/MennoniteWorldConference","https:\/\/www.linkedin.com\/company\/mennonite-world-conference-mwc\/","https:\/\/www.instagram.com\/mwcmm\/","https:\/\/www.youtube.com\/user\/mwccmm","https:\/\/bsky.app\/profile\/mwcmm.bsky.social"]},{"@type":"Person","@id":"https:\/\/mwc-cmm.org\/en\/#\/schema\/person\/11f6ae0d7d1868ba20a1cc27f067c836","name":"mennworldcon","image":{"@type":"ImageObject","inLanguage":"fr-FR","@id":"https:\/\/secure.gravatar.com\/avatar\/06fdc0dc81c157dfdb82ec42f252178a22307808988d22c043f9eb96f1e0fe80?s=96&d=mm&r=g","url":"https:\/\/secure.gravatar.com\/avatar\/06fdc0dc81c157dfdb82ec42f252178a22307808988d22c043f9eb96f1e0fe80?s=96&d=mm&r=g","contentUrl":"https:\/\/secure.gravatar.com\/avatar\/06fdc0dc81c157dfdb82ec42f252178a22307808988d22c043f9eb96f1e0fe80?s=96&d=mm&r=g","caption":"mennworldcon"},"sameAs":["https:\/\/mwc-cmm.org"],"url":"https:\/\/mwc-cmm.org\/fr\/stories\/author\/mennworldcon\/"}]}},"_links":{"self":[{"href":"https:\/\/mwc-cmm.org\/fr\/wp-json\/wp\/v2\/posts\/10043","targetHints":{"allow":["GET"]}}],"collection":[{"href":"https:\/\/mwc-cmm.org\/fr\/wp-json\/wp\/v2\/posts"}],"about":[{"href":"https:\/\/mwc-cmm.org\/fr\/wp-json\/wp\/v2\/types\/post"}],"author":[{"embeddable":true,"href":"https:\/\/mwc-cmm.org\/fr\/wp-json\/wp\/v2\/users\/1"}],"replies":[{"embeddable":true,"href":"https:\/\/mwc-cmm.org\/fr\/wp-json\/wp\/v2\/comments?post=10043"}],"version-history":[{"count":0,"href":"https:\/\/mwc-cmm.org\/fr\/wp-json\/wp\/v2\/posts\/10043\/revisions"}],"wp:featuredmedia":[{"embeddable":true,"href":"https:\/\/mwc-cmm.org\/fr\/wp-json\/wp\/v2\/media\/13017"}],"wp:attachment":[{"href":"https:\/\/mwc-cmm.org\/fr\/wp-json\/wp\/v2\/media?parent=10043"}],"wp:term":[{"taxonomy":"category","embeddable":true,"href":"https:\/\/mwc-cmm.org\/fr\/wp-json\/wp\/v2\/categories?post=10043"},{"taxonomy":"post_tag","embeddable":true,"href":"https:\/\/mwc-cmm.org\/fr\/wp-json\/wp\/v2\/tags?post=10043"},{"taxonomy":"network","embeddable":true,"href":"https:\/\/mwc-cmm.org\/fr\/wp-json\/wp\/v2\/network?post=10043"},{"taxonomy":"eventcategory","embeddable":true,"href":"https:\/\/mwc-cmm.org\/fr\/wp-json\/wp\/v2\/eventcategory?post=10043"}],"curies":[{"name":"wp","href":"https:\/\/api.w.org\/{rel}","templated":true}]}}