{"id":10038,"date":"2019-04-02T00:00:00","date_gmt":"2019-04-02T00:00:00","guid":{"rendered":"https:\/\/mwc-cmm.org\/mennonite-church-west-africa-celebrates-credentialed-pastors-4\/"},"modified":"2024-12-10T17:16:03","modified_gmt":"2024-12-10T17:16:03","slug":"leglise-mennonite-dafrique-de-louest-celebre-laccreditation-de-nouveaux-pasteurs","status":"publish","type":"post","link":"https:\/\/mwc-cmm.org\/fr\/stories\/leglise-mennonite-dafrique-de-louest-celebre-laccreditation-de-nouveaux-pasteurs\/","title":{"rendered":"L\u2019\u00c9glise mennonite d\u2019Afrique de l\u2019ouest c\u00e9l\u00e8bre l\u2019accr\u00e9ditation de nouveaux pasteurs"},"content":{"rendered":"<p>L\u2019\u00c9glise mennonite d\u2019Afrique de l\u2019Ouest (Mennonite Church West Africa, MCWA) a consacr\u00e9 ses premiers responsables accr\u00e9dit\u00e9s lors de l\u2019\u00e9dition 2018 de sa conf\u00e9rence annuelle : Adriano MBackeh, Sangpierre Mendy, Daniel Djin-ale et Gibby Mane.<\/p>\n<p>Plus de 200 personnes -un chiffre record pour ce type d\u2019\u00e9v\u00e9nement- ont rempli le nouveau b\u00e2timent de Catel Mennonite Church pour la conf\u00e9rence annuelle de la MCWA du 26 au 31 d\u00e9cembre 2018.  <\/p>\n<p>Le 27 janvier 2019, Daniel Dijn-ale et Gibby Mane ont \u00e9t\u00e9 consacr\u00e9s dans la paroisse de Catel pour servir en Guin\u00e9e Bissau. Adriano MBackeh et Sangpierre Mendy seront consacr\u00e9s en Gambie le 10 f\u00e9vrier 2019.<\/p>\n<p><img decoding=\"async\" alt=\"Daniel Djin-ale (\u00e0 droite) est consacr\u00e9 pasteur le 27 janvier \u00e0 la paroisse mennonite de Catel en Guin\u00e9e-Bissau. Le p\u00e8re de Daniel Dijn-ale (\u00e0 gauche), musulman chef de village l\u2019a accompagn\u00e9 par sa pr\u00e9sence \u00e0 l\u2019\u00e9v\u00e9nement. Photo : Beryl Forrester\" data-src=\"https:\/\/mwc-cmm.org\/wp-content\/uploads\/2024\/10\/screenshot_2019-04-02_11.18.19.png\" style=\"--smush-image-width: 593px; --smush-image-aspect-ratio: 593\/398;width: 300px; height: 201px; margin: 5px 10px; float: left;\" width=\"593\" class=\"smush-dimensions lazyload\" src=\"data:image\/svg+xml;base64,PHN2ZyB3aWR0aD0iMSIgaGVpZ2h0PSIxIiB4bWxucz0iaHR0cDovL3d3dy53My5vcmcvMjAwMC9zdmciPjwvc3ZnPg==\" \/><\/p>\n<p>Adriano MBackeh \u00e9tait l\u2019orateur principal de la conf\u00e9rence annuelle sur le th\u00e8me \u00ab J\u00e9sus : notre mod\u00e8le de leader serviteur \u00bb.<\/p>\n<p>\u00ab Les leaders chr\u00e9tiens sont cens\u00e9s \u00eatre au service et non pas aux commandes \u00bb, a d\u00e9clar\u00e9 MBackeh. \u00ab Tout comme J\u00e9sus s&rsquo;est donn\u00e9 de son plein gr\u00e9, les responsables d&rsquo;\u00e9glise aujourd&rsquo;hui doivent suivre cet exemple plut\u00f4t que de rechercher l&rsquo;honneur et le prestige dans leurs paroisses. \u00bb<\/p>\n<p>Beryl Forrester, une missionnaire b\u00e9n\u00e9vole de expliques que le processus d&rsquo;accr\u00e9ditation est enti\u00e8rement supervis\u00e9 par la MCWA. LMC, une communaut\u00e9 de paroisses anabaptistes membre de la CMM, a donn\u00e9 des informations et des conseils \u00e0 l\u2019union d\u2019\u00c9glises, cependant, ce mouvement reconnait l\u2019autorit\u00e9 des responsables locaux, qui ne sont plus sous la supervision des missionnaires.<\/p>\n<p>Selon Beryl Forrester, la paroisse Catel qui \u00ab s&rsquo;est charg\u00e9e de l&rsquo;organisation et de la pr\u00e9sidence du culte \u00bb &#8211; a achev\u00e9 la construction de leur b\u00e2timent, qui a dur\u00e9 des ann\u00e9es, juste avant d\u2019accueillir la conf\u00e9rence annuelle.<\/p>\n<p>La MCWA, une partenaire de Eastern Mennonite Missions, fait partie de la pr\u00e9sence mennonite dans la r\u00e9gion ouest-africaine depuis 2000. <\/p>\n<p><em>\u2014 Un communiqu\u00e9 de la CMM par Micah Brickner de EMM.<\/em><\/p>\n","protected":false},"excerpt":{"rendered":"<p>NULL<\/p>\n","protected":false},"author":1,"featured_media":90390,"comment_status":"closed","ping_status":"closed","sticky":false,"template":"","format":"standard","meta":{"_acf_changed":false,"footnotes":""},"categories":[7],"tags":[],"network":[],"eventcategory":[],"class_list":["post-10038","post","type-post","status-publish","format-standard","has-post-thumbnail","hentry","category-non-classifiee"],"acf":[],"yoast_head":"<!-- This site is optimized with the Yoast SEO plugin v27.5 - https:\/\/yoast.com\/product\/yoast-seo-wordpress\/ -->\n<title>L\u2019\u00c9glise mennonite d\u2019Afrique de l\u2019ouest c\u00e9l\u00e8bre l\u2019accr\u00e9ditation de nouveaux pasteurs - Mennonite World Conference<\/title>\n<meta name=\"robots\" content=\"index, follow, max-snippet:-1, max-image-preview:large, max-video-preview:-1\" \/>\n<link rel=\"canonical\" href=\"https:\/\/mwc-cmm.org\/fr\/stories\/leglise-mennonite-dafrique-de-louest-celebre-laccreditation-de-nouveaux-pasteurs\/\" \/>\n<meta property=\"og:locale\" content=\"fr_FR\" \/>\n<meta property=\"og:type\" content=\"article\" \/>\n<meta property=\"og:title\" content=\"L\u2019\u00c9glise mennonite d\u2019Afrique de l\u2019ouest c\u00e9l\u00e8bre l\u2019accr\u00e9ditation de nouveaux pasteurs - Mennonite World Conference\" \/>\n<meta property=\"og:description\" content=\"NULL\" \/>\n<meta property=\"og:url\" content=\"https:\/\/mwc-cmm.org\/fr\/stories\/leglise-mennonite-dafrique-de-louest-celebre-laccreditation-de-nouveaux-pasteurs\/\" \/>\n<meta property=\"og:site_name\" content=\"Mennonite World Conference\" \/>\n<meta property=\"article:publisher\" content=\"https:\/\/www.facebook.com\/MennoniteWorldConference\" \/>\n<meta property=\"article:published_time\" content=\"2019-04-02T00:00:00+00:00\" \/>\n<meta property=\"article:modified_time\" content=\"2024-12-10T17:16:03+00:00\" \/>\n<meta property=\"og:image\" content=\"https:\/\/mwc-cmm.org\/wp-content\/uploads\/2024\/11\/dsc_0007_-_1-min-scaled.jpg\" \/>\n\t<meta property=\"og:image:width\" content=\"2560\" \/>\n\t<meta property=\"og:image:height\" content=\"1594\" \/>\n\t<meta property=\"og:image:type\" content=\"image\/jpeg\" \/>\n<meta name=\"author\" content=\"mennworldcon\" \/>\n<script type=\"application\/ld+json\" class=\"yoast-schema-graph\">{\"@context\":\"https:\\\/\\\/schema.org\",\"@graph\":[{\"@type\":\"Article\",\"@id\":\"https:\\\/\\\/mwc-cmm.org\\\/fr\\\/stories\\\/leglise-mennonite-dafrique-de-louest-celebre-laccreditation-de-nouveaux-pasteurs\\\/#article\",\"isPartOf\":{\"@id\":\"https:\\\/\\\/mwc-cmm.org\\\/fr\\\/stories\\\/leglise-mennonite-dafrique-de-louest-celebre-laccreditation-de-nouveaux-pasteurs\\\/\"},\"author\":{\"name\":\"mennworldcon\",\"@id\":\"https:\\\/\\\/mwc-cmm.org\\\/en\\\/#\\\/schema\\\/person\\\/11f6ae0d7d1868ba20a1cc27f067c836\"},\"headline\":\"L\u2019\u00c9glise mennonite d\u2019Afrique de l\u2019ouest c\u00e9l\u00e8bre l\u2019accr\u00e9ditation de nouveaux pasteurs\",\"datePublished\":\"2019-04-02T00:00:00+00:00\",\"dateModified\":\"2024-12-10T17:16:03+00:00\",\"mainEntityOfPage\":{\"@id\":\"https:\\\/\\\/mwc-cmm.org\\\/fr\\\/stories\\\/leglise-mennonite-dafrique-de-louest-celebre-laccreditation-de-nouveaux-pasteurs\\\/\"},\"wordCount\":337,\"publisher\":{\"@id\":\"https:\\\/\\\/mwc-cmm.org\\\/en\\\/#organization\"},\"image\":{\"@id\":\"https:\\\/\\\/mwc-cmm.org\\\/fr\\\/stories\\\/leglise-mennonite-dafrique-de-louest-celebre-laccreditation-de-nouveaux-pasteurs\\\/#primaryimage\"},\"thumbnailUrl\":\"https:\\\/\\\/mwc-cmm.org\\\/wp-content\\\/uploads\\\/2024\\\/11\\\/dsc_0007_-_1-min-scaled.jpg\",\"articleSection\":[\"Non classifi\u00e9(e)\"],\"inLanguage\":\"fr-FR\"},{\"@type\":\"WebPage\",\"@id\":\"https:\\\/\\\/mwc-cmm.org\\\/fr\\\/stories\\\/leglise-mennonite-dafrique-de-louest-celebre-laccreditation-de-nouveaux-pasteurs\\\/\",\"url\":\"https:\\\/\\\/mwc-cmm.org\\\/fr\\\/stories\\\/leglise-mennonite-dafrique-de-louest-celebre-laccreditation-de-nouveaux-pasteurs\\\/\",\"name\":\"L\u2019\u00c9glise mennonite d\u2019Afrique de l\u2019ouest c\u00e9l\u00e8bre l\u2019accr\u00e9ditation de nouveaux pasteurs - Mennonite World Conference\",\"isPartOf\":{\"@id\":\"https:\\\/\\\/mwc-cmm.org\\\/en\\\/#website\"},\"primaryImageOfPage\":{\"@id\":\"https:\\\/\\\/mwc-cmm.org\\\/fr\\\/stories\\\/leglise-mennonite-dafrique-de-louest-celebre-laccreditation-de-nouveaux-pasteurs\\\/#primaryimage\"},\"image\":{\"@id\":\"https:\\\/\\\/mwc-cmm.org\\\/fr\\\/stories\\\/leglise-mennonite-dafrique-de-louest-celebre-laccreditation-de-nouveaux-pasteurs\\\/#primaryimage\"},\"thumbnailUrl\":\"https:\\\/\\\/mwc-cmm.org\\\/wp-content\\\/uploads\\\/2024\\\/11\\\/dsc_0007_-_1-min-scaled.jpg\",\"datePublished\":\"2019-04-02T00:00:00+00:00\",\"dateModified\":\"2024-12-10T17:16:03+00:00\",\"breadcrumb\":{\"@id\":\"https:\\\/\\\/mwc-cmm.org\\\/fr\\\/stories\\\/leglise-mennonite-dafrique-de-louest-celebre-laccreditation-de-nouveaux-pasteurs\\\/#breadcrumb\"},\"inLanguage\":\"fr-FR\",\"potentialAction\":[{\"@type\":\"ReadAction\",\"target\":[\"https:\\\/\\\/mwc-cmm.org\\\/fr\\\/stories\\\/leglise-mennonite-dafrique-de-louest-celebre-laccreditation-de-nouveaux-pasteurs\\\/\"]}]},{\"@type\":\"ImageObject\",\"inLanguage\":\"fr-FR\",\"@id\":\"https:\\\/\\\/mwc-cmm.org\\\/fr\\\/stories\\\/leglise-mennonite-dafrique-de-louest-celebre-laccreditation-de-nouveaux-pasteurs\\\/#primaryimage\",\"url\":\"https:\\\/\\\/mwc-cmm.org\\\/wp-content\\\/uploads\\\/2024\\\/11\\\/dsc_0007_-_1-min-scaled.jpg\",\"contentUrl\":\"https:\\\/\\\/mwc-cmm.org\\\/wp-content\\\/uploads\\\/2024\\\/11\\\/dsc_0007_-_1-min-scaled.jpg\",\"width\":2560,\"height\":1594},{\"@type\":\"BreadcrumbList\",\"@id\":\"https:\\\/\\\/mwc-cmm.org\\\/fr\\\/stories\\\/leglise-mennonite-dafrique-de-louest-celebre-laccreditation-de-nouveaux-pasteurs\\\/#breadcrumb\",\"itemListElement\":[{\"@type\":\"ListItem\",\"position\":1,\"name\":\"Home\",\"item\":\"https:\\\/\\\/mwc-cmm.org\\\/fr\\\/\"},{\"@type\":\"ListItem\",\"position\":2,\"name\":\"L\u2019\u00c9glise mennonite d\u2019Afrique de l\u2019ouest c\u00e9l\u00e8bre l\u2019accr\u00e9ditation de nouveaux pasteurs\"}]},{\"@type\":\"WebSite\",\"@id\":\"https:\\\/\\\/mwc-cmm.org\\\/en\\\/#website\",\"url\":\"https:\\\/\\\/mwc-cmm.org\\\/en\\\/\",\"name\":\"Mennonite World Conference\",\"description\":\"A communion of Anabaptist-related churches\",\"publisher\":{\"@id\":\"https:\\\/\\\/mwc-cmm.org\\\/en\\\/#organization\"},\"alternateName\":\"MWC\",\"potentialAction\":[{\"@type\":\"SearchAction\",\"target\":{\"@type\":\"EntryPoint\",\"urlTemplate\":\"https:\\\/\\\/mwc-cmm.org\\\/en\\\/?s={search_term_string}\"},\"query-input\":{\"@type\":\"PropertyValueSpecification\",\"valueRequired\":true,\"valueName\":\"search_term_string\"}}],\"inLanguage\":\"fr-FR\"},{\"@type\":\"Organization\",\"@id\":\"https:\\\/\\\/mwc-cmm.org\\\/en\\\/#organization\",\"name\":\"Mennonite World Conference\",\"alternateName\":\"MWC\",\"url\":\"https:\\\/\\\/mwc-cmm.org\\\/en\\\/\",\"logo\":{\"@type\":\"ImageObject\",\"inLanguage\":\"fr-FR\",\"@id\":\"https:\\\/\\\/mwc-cmm.org\\\/en\\\/#\\\/schema\\\/logo\\\/image\\\/\",\"url\":\"https:\\\/\\\/mwc-cmm.org\\\/wp-content\\\/uploads\\\/2026\\\/01\\\/MWC_Sig_Blue_Horiz_webheader1-logo.svg\",\"contentUrl\":\"https:\\\/\\\/mwc-cmm.org\\\/wp-content\\\/uploads\\\/2026\\\/01\\\/MWC_Sig_Blue_Horiz_webheader1-logo.svg\",\"width\":786,\"height\":82,\"caption\":\"Mennonite World Conference\"},\"image\":{\"@id\":\"https:\\\/\\\/mwc-cmm.org\\\/en\\\/#\\\/schema\\\/logo\\\/image\\\/\"},\"sameAs\":[\"https:\\\/\\\/www.facebook.com\\\/MennoniteWorldConference\",\"https:\\\/\\\/www.linkedin.com\\\/company\\\/mennonite-world-conference-mwc\\\/\",\"https:\\\/\\\/www.instagram.com\\\/mwcmm\\\/\",\"https:\\\/\\\/www.youtube.com\\\/user\\\/mwccmm\",\"https:\\\/\\\/bsky.app\\\/profile\\\/mwcmm.bsky.social\"]},{\"@type\":\"Person\",\"@id\":\"https:\\\/\\\/mwc-cmm.org\\\/en\\\/#\\\/schema\\\/person\\\/11f6ae0d7d1868ba20a1cc27f067c836\",\"name\":\"mennworldcon\",\"image\":{\"@type\":\"ImageObject\",\"inLanguage\":\"fr-FR\",\"@id\":\"https:\\\/\\\/secure.gravatar.com\\\/avatar\\\/06fdc0dc81c157dfdb82ec42f252178a22307808988d22c043f9eb96f1e0fe80?s=96&d=mm&r=g\",\"url\":\"https:\\\/\\\/secure.gravatar.com\\\/avatar\\\/06fdc0dc81c157dfdb82ec42f252178a22307808988d22c043f9eb96f1e0fe80?s=96&d=mm&r=g\",\"contentUrl\":\"https:\\\/\\\/secure.gravatar.com\\\/avatar\\\/06fdc0dc81c157dfdb82ec42f252178a22307808988d22c043f9eb96f1e0fe80?s=96&d=mm&r=g\",\"caption\":\"mennworldcon\"},\"sameAs\":[\"https:\\\/\\\/mwc-cmm.org\"],\"url\":\"https:\\\/\\\/mwc-cmm.org\\\/fr\\\/stories\\\/author\\\/mennworldcon\\\/\"}]}<\/script>\n<!-- \/ Yoast SEO plugin. -->","yoast_head_json":{"title":"L\u2019\u00c9glise mennonite d\u2019Afrique de l\u2019ouest c\u00e9l\u00e8bre l\u2019accr\u00e9ditation de nouveaux pasteurs - Mennonite World Conference","robots":{"index":"index","follow":"follow","max-snippet":"max-snippet:-1","max-image-preview":"max-image-preview:large","max-video-preview":"max-video-preview:-1"},"canonical":"https:\/\/mwc-cmm.org\/fr\/stories\/leglise-mennonite-dafrique-de-louest-celebre-laccreditation-de-nouveaux-pasteurs\/","og_locale":"fr_FR","og_type":"article","og_title":"L\u2019\u00c9glise mennonite d\u2019Afrique de l\u2019ouest c\u00e9l\u00e8bre l\u2019accr\u00e9ditation de nouveaux pasteurs - Mennonite World Conference","og_description":"NULL","og_url":"https:\/\/mwc-cmm.org\/fr\/stories\/leglise-mennonite-dafrique-de-louest-celebre-laccreditation-de-nouveaux-pasteurs\/","og_site_name":"Mennonite World Conference","article_publisher":"https:\/\/www.facebook.com\/MennoniteWorldConference","article_published_time":"2019-04-02T00:00:00+00:00","article_modified_time":"2024-12-10T17:16:03+00:00","og_image":[{"width":2560,"height":1594,"url":"https:\/\/mwc-cmm.org\/wp-content\/uploads\/2024\/11\/dsc_0007_-_1-min-scaled.jpg","type":"image\/jpeg"}],"author":"mennworldcon","schema":{"@context":"https:\/\/schema.org","@graph":[{"@type":"Article","@id":"https:\/\/mwc-cmm.org\/fr\/stories\/leglise-mennonite-dafrique-de-louest-celebre-laccreditation-de-nouveaux-pasteurs\/#article","isPartOf":{"@id":"https:\/\/mwc-cmm.org\/fr\/stories\/leglise-mennonite-dafrique-de-louest-celebre-laccreditation-de-nouveaux-pasteurs\/"},"author":{"name":"mennworldcon","@id":"https:\/\/mwc-cmm.org\/en\/#\/schema\/person\/11f6ae0d7d1868ba20a1cc27f067c836"},"headline":"L\u2019\u00c9glise mennonite d\u2019Afrique de l\u2019ouest c\u00e9l\u00e8bre l\u2019accr\u00e9ditation de nouveaux pasteurs","datePublished":"2019-04-02T00:00:00+00:00","dateModified":"2024-12-10T17:16:03+00:00","mainEntityOfPage":{"@id":"https:\/\/mwc-cmm.org\/fr\/stories\/leglise-mennonite-dafrique-de-louest-celebre-laccreditation-de-nouveaux-pasteurs\/"},"wordCount":337,"publisher":{"@id":"https:\/\/mwc-cmm.org\/en\/#organization"},"image":{"@id":"https:\/\/mwc-cmm.org\/fr\/stories\/leglise-mennonite-dafrique-de-louest-celebre-laccreditation-de-nouveaux-pasteurs\/#primaryimage"},"thumbnailUrl":"https:\/\/mwc-cmm.org\/wp-content\/uploads\/2024\/11\/dsc_0007_-_1-min-scaled.jpg","articleSection":["Non classifi\u00e9(e)"],"inLanguage":"fr-FR"},{"@type":"WebPage","@id":"https:\/\/mwc-cmm.org\/fr\/stories\/leglise-mennonite-dafrique-de-louest-celebre-laccreditation-de-nouveaux-pasteurs\/","url":"https:\/\/mwc-cmm.org\/fr\/stories\/leglise-mennonite-dafrique-de-louest-celebre-laccreditation-de-nouveaux-pasteurs\/","name":"L\u2019\u00c9glise mennonite d\u2019Afrique de l\u2019ouest c\u00e9l\u00e8bre l\u2019accr\u00e9ditation de nouveaux pasteurs - Mennonite World Conference","isPartOf":{"@id":"https:\/\/mwc-cmm.org\/en\/#website"},"primaryImageOfPage":{"@id":"https:\/\/mwc-cmm.org\/fr\/stories\/leglise-mennonite-dafrique-de-louest-celebre-laccreditation-de-nouveaux-pasteurs\/#primaryimage"},"image":{"@id":"https:\/\/mwc-cmm.org\/fr\/stories\/leglise-mennonite-dafrique-de-louest-celebre-laccreditation-de-nouveaux-pasteurs\/#primaryimage"},"thumbnailUrl":"https:\/\/mwc-cmm.org\/wp-content\/uploads\/2024\/11\/dsc_0007_-_1-min-scaled.jpg","datePublished":"2019-04-02T00:00:00+00:00","dateModified":"2024-12-10T17:16:03+00:00","breadcrumb":{"@id":"https:\/\/mwc-cmm.org\/fr\/stories\/leglise-mennonite-dafrique-de-louest-celebre-laccreditation-de-nouveaux-pasteurs\/#breadcrumb"},"inLanguage":"fr-FR","potentialAction":[{"@type":"ReadAction","target":["https:\/\/mwc-cmm.org\/fr\/stories\/leglise-mennonite-dafrique-de-louest-celebre-laccreditation-de-nouveaux-pasteurs\/"]}]},{"@type":"ImageObject","inLanguage":"fr-FR","@id":"https:\/\/mwc-cmm.org\/fr\/stories\/leglise-mennonite-dafrique-de-louest-celebre-laccreditation-de-nouveaux-pasteurs\/#primaryimage","url":"https:\/\/mwc-cmm.org\/wp-content\/uploads\/2024\/11\/dsc_0007_-_1-min-scaled.jpg","contentUrl":"https:\/\/mwc-cmm.org\/wp-content\/uploads\/2024\/11\/dsc_0007_-_1-min-scaled.jpg","width":2560,"height":1594},{"@type":"BreadcrumbList","@id":"https:\/\/mwc-cmm.org\/fr\/stories\/leglise-mennonite-dafrique-de-louest-celebre-laccreditation-de-nouveaux-pasteurs\/#breadcrumb","itemListElement":[{"@type":"ListItem","position":1,"name":"Home","item":"https:\/\/mwc-cmm.org\/fr\/"},{"@type":"ListItem","position":2,"name":"L\u2019\u00c9glise mennonite d\u2019Afrique de l\u2019ouest c\u00e9l\u00e8bre l\u2019accr\u00e9ditation de nouveaux pasteurs"}]},{"@type":"WebSite","@id":"https:\/\/mwc-cmm.org\/en\/#website","url":"https:\/\/mwc-cmm.org\/en\/","name":"Mennonite World Conference","description":"A communion of Anabaptist-related churches","publisher":{"@id":"https:\/\/mwc-cmm.org\/en\/#organization"},"alternateName":"MWC","potentialAction":[{"@type":"SearchAction","target":{"@type":"EntryPoint","urlTemplate":"https:\/\/mwc-cmm.org\/en\/?s={search_term_string}"},"query-input":{"@type":"PropertyValueSpecification","valueRequired":true,"valueName":"search_term_string"}}],"inLanguage":"fr-FR"},{"@type":"Organization","@id":"https:\/\/mwc-cmm.org\/en\/#organization","name":"Mennonite World Conference","alternateName":"MWC","url":"https:\/\/mwc-cmm.org\/en\/","logo":{"@type":"ImageObject","inLanguage":"fr-FR","@id":"https:\/\/mwc-cmm.org\/en\/#\/schema\/logo\/image\/","url":"https:\/\/mwc-cmm.org\/wp-content\/uploads\/2026\/01\/MWC_Sig_Blue_Horiz_webheader1-logo.svg","contentUrl":"https:\/\/mwc-cmm.org\/wp-content\/uploads\/2026\/01\/MWC_Sig_Blue_Horiz_webheader1-logo.svg","width":786,"height":82,"caption":"Mennonite World Conference"},"image":{"@id":"https:\/\/mwc-cmm.org\/en\/#\/schema\/logo\/image\/"},"sameAs":["https:\/\/www.facebook.com\/MennoniteWorldConference","https:\/\/www.linkedin.com\/company\/mennonite-world-conference-mwc\/","https:\/\/www.instagram.com\/mwcmm\/","https:\/\/www.youtube.com\/user\/mwccmm","https:\/\/bsky.app\/profile\/mwcmm.bsky.social"]},{"@type":"Person","@id":"https:\/\/mwc-cmm.org\/en\/#\/schema\/person\/11f6ae0d7d1868ba20a1cc27f067c836","name":"mennworldcon","image":{"@type":"ImageObject","inLanguage":"fr-FR","@id":"https:\/\/secure.gravatar.com\/avatar\/06fdc0dc81c157dfdb82ec42f252178a22307808988d22c043f9eb96f1e0fe80?s=96&d=mm&r=g","url":"https:\/\/secure.gravatar.com\/avatar\/06fdc0dc81c157dfdb82ec42f252178a22307808988d22c043f9eb96f1e0fe80?s=96&d=mm&r=g","contentUrl":"https:\/\/secure.gravatar.com\/avatar\/06fdc0dc81c157dfdb82ec42f252178a22307808988d22c043f9eb96f1e0fe80?s=96&d=mm&r=g","caption":"mennworldcon"},"sameAs":["https:\/\/mwc-cmm.org"],"url":"https:\/\/mwc-cmm.org\/fr\/stories\/author\/mennworldcon\/"}]}},"_links":{"self":[{"href":"https:\/\/mwc-cmm.org\/fr\/wp-json\/wp\/v2\/posts\/10038","targetHints":{"allow":["GET"]}}],"collection":[{"href":"https:\/\/mwc-cmm.org\/fr\/wp-json\/wp\/v2\/posts"}],"about":[{"href":"https:\/\/mwc-cmm.org\/fr\/wp-json\/wp\/v2\/types\/post"}],"author":[{"embeddable":true,"href":"https:\/\/mwc-cmm.org\/fr\/wp-json\/wp\/v2\/users\/1"}],"replies":[{"embeddable":true,"href":"https:\/\/mwc-cmm.org\/fr\/wp-json\/wp\/v2\/comments?post=10038"}],"version-history":[{"count":0,"href":"https:\/\/mwc-cmm.org\/fr\/wp-json\/wp\/v2\/posts\/10038\/revisions"}],"wp:featuredmedia":[{"embeddable":true,"href":"https:\/\/mwc-cmm.org\/fr\/wp-json\/wp\/v2\/media\/90390"}],"wp:attachment":[{"href":"https:\/\/mwc-cmm.org\/fr\/wp-json\/wp\/v2\/media?parent=10038"}],"wp:term":[{"taxonomy":"category","embeddable":true,"href":"https:\/\/mwc-cmm.org\/fr\/wp-json\/wp\/v2\/categories?post=10038"},{"taxonomy":"post_tag","embeddable":true,"href":"https:\/\/mwc-cmm.org\/fr\/wp-json\/wp\/v2\/tags?post=10038"},{"taxonomy":"network","embeddable":true,"href":"https:\/\/mwc-cmm.org\/fr\/wp-json\/wp\/v2\/network?post=10038"},{"taxonomy":"eventcategory","embeddable":true,"href":"https:\/\/mwc-cmm.org\/fr\/wp-json\/wp\/v2\/eventcategory?post=10038"}],"curies":[{"name":"wp","href":"https:\/\/api.w.org\/{rel}","templated":true}]}}