{"id":10001,"date":"2018-11-15T00:00:00","date_gmt":"2018-11-15T00:00:00","guid":{"rendered":"https:\/\/mwc-cmm.org\/the-gift-of-the-holy-spirit-in-the-16th-century-and-today-4\/"},"modified":"2024-12-10T17:15:47","modified_gmt":"2024-12-10T17:15:47","slug":"le-don-du-saint-esprit-au-xvie-siecle-et-aujourdhui","status":"publish","type":"post","link":"https:\/\/mwc-cmm.org\/fr\/stories\/le-don-du-saint-esprit-au-xvie-siecle-et-aujourdhui\/","title":{"rendered":"Le don du Saint-Esprit au XVIe si\u00e8cle et aujourd\u2019hui"},"content":{"rendered":"<p>De nombreux t\u00e9moignages \u00e9crits concernant le d\u00e9but du mouvement anabaptiste mentionnent que l\u2019\u0153uvre du Saint-Esprit en est la principale force motrice. Le Saint-Esprit est donn\u00e9 aux personnes qui le d\u00e9sirent. C\u2019\u00e9tait le cas lors de la Pentec\u00f4te (Actes 2) pendant que les disciples priaient ; c\u2019\u00e9tait le cas \u00e0 l\u2019\u00e9poque de la R\u00e9forme&nbsp;; et c\u2019est le cas aujourd\u2019hui.<\/p>\n<p><strong>Le Saint Esprit du temps des ap\u00f4tres jusqu\u2019\u00e0 celui de Luther<\/strong><\/p>\n<p>Les anabaptistes et les protestants en g\u00e9n\u00e9ral devraient se souvenir que l\u2019\u00c9glise chr\u00e9tienne n\u2019a pas commenc\u00e9 avec eux. Pendant les 15 si\u00e8cles pr\u00e9c\u00e9dents, le Saint-Esprit s\u2019est manifest\u00e9 de nombreuses fois. Souvenons-nous des premiers martyrs chr\u00e9tiens, qui, par la force de l\u2019Esprit, \u00e9taient pr\u00eats \u00e0 donner leur vie, et qui, m\u00eame tortur\u00e9s et mis \u00e0 mort, sont rest\u00e9s fid\u00e8les. Beaucoup de mystiques, dans les monast\u00e8res, les d\u00e9serts, les grottes, et souvent occupant des responsabilit\u00e9s importantes dans l\u2019\u00c9glise ont cherch\u00e9 \u00e0 \u00eatre remplis du Saint-Esprit, et ont agi par sa puissance et sa sagesse. Les missionnaires aussi, apportant l\u2019\u00e9vangile en Europe, en Russie, en Inde et en Afrique du Nord, ont prouv\u00e9 que l\u2019Esprit de Dieu envoie, et permet de franchir toutes les barri\u00e8res culturelles.<\/p>\n<p><strong>Le Saint-Esprit pendant la R\u00e9forme<\/strong><\/p>\n<p>Luther, Zwingli et Calvin ont tous les trois soulign\u00e9 l\u2019action de l\u2019Esprit de Dieu quand ils ont red\u00e9couvert et red\u00e9fini l\u2019\u00e9vangile biblique de la gr\u00e2ce. Non seulement une exp\u00e9rience profonde de paix et de r\u00e9confort spirituels, mais aussi un sens tr\u00e8s fort de \u2018lib\u00e9ration de la religion\u2019 et de \u2018lib\u00e9ration de l\u2019oppression sociale\u2019, y ont \u00e9t\u00e9 associ\u00e9s. Thomas M\u00fcntzer, bien que tragiquement tromp\u00e9 \u00e0 la fin, a appliqu\u00e9 le Saint-Esprit aux questions de justice sociale et de droits des pauvres et des marginalis\u00e9s. Melchior Hoffman a \u00e9voqu\u00e9 avec une grande sensibilit\u00e9 spirituelle l\u2019effusion de l\u2019Esprit sur la nouvelle J\u00e9rusalem \u00e0 venir.<\/p>\n<p><strong><img decoding=\"async\" alt=\" Roland zh Wikimedia Commons\" data-src=\"\/sites\/default\/files\/website_files\/featured2-rgb_2.png\" style=\"width:300px; height:225px; margin:5px 10px; float:left\" src=\"data:image\/svg+xml;base64,PHN2ZyB3aWR0aD0iMSIgaGVpZ2h0PSIxIiB4bWxucz0iaHR0cDovL3d3dy53My5vcmcvMjAwMC9zdmciPjwvc3ZnPg==\" class=\"lazyload\" \/><\/strong><\/p>\n<p><strong>Le Saint-Esprit et la dissidence anabaptiste \u00e0 Zurich en 1525<\/strong><\/p>\n<p>Le groupe de jeunes \u00e9rudits autour de Zwingli a tr\u00e8s t\u00f4t associ\u00e9 l\u2019autorit\u00e9 de l\u2019\u00c9criture \u00e0 la pratique eccl\u00e9siale sous la direction de l\u2019Esprit. Lors des d\u00e9bats d\u2019octobre en 1523, ils ont d\u00e9fi\u00e9 Zwingli de subordonner la d\u00e9cision du conseil municipal \u00e0 l\u2019autorit\u00e9 de l\u2019Esprit. Conrad Grebel l\u2019a exprim\u00e9 ainsi&nbsp;: \u00ab&nbsp;L\u2019Esprit de Dieu a d\u00e9j\u00e0 pris la d\u00e9cision&nbsp;\u00bb.<\/p>\n<p>Dans la nuit du 21 janvier 1525, \u00ab&nbsp;15 fr\u00e8res \u00e9taient r\u00e9unis en pri\u00e8re dans la maison de F\u00e9lix Manz apr\u00e8s que le conseil de Zurich leur ait interdit de propager leur foi. Il est \u00e9crit qu\u2019apr\u00e8s avoir pri\u00e9, George Blaurock, pouss\u00e9 par l\u2019Esprit, a demand\u00e9 \u00e0 Conrad Grebel de le baptiser sur la confession de sa foi&#8230;&nbsp;\u00bb.<\/p>\n<p>Tr\u00e8s vite, les anabaptistes ont \u00e9t\u00e9 confront\u00e9s \u00e0 un nouveau probl\u00e8me&nbsp;: le nationalisme suisse ou la s\u00e9curit\u00e9 europ\u00e9enne sont-ils au-dessus du commandement de Dieu concernant la non-violence et l\u2019amour des ennemis&nbsp;? Les croyants anabaptistes de Suisse ont exhort\u00e9 Thomas M\u00fcntzer et ceux qui rejoignaient la r\u00e9volte des paysans \u00e0 ne pas prendre l\u2019\u00e9p\u00e9e, mais \u00e0 faire confiance \u00e0 l\u2019intervention de l\u2019Esprit de Dieu.<\/p>\n<p>Quand Michael Sattler a \u00e9crit la confession de Schleitheim, l\u2019assembl\u00e9e locale a clairement statu\u00e9 que les chr\u00e9tiens renon\u00e7aient \u00e0 l\u2019\u00e9p\u00e9e physique pour prendre \u2018l\u2019\u00e9p\u00e9e de l\u2019Esprit\u2019. Lors de son proc\u00e8s, Michael a d\u00e9clar\u00e9 qu\u2019il pr\u00e9f\u00e9rait \u00eatre tu\u00e9 par un musulman plut\u00f4t que de faire partie d\u2019une \u2018arm\u00e9e chr\u00e9tienne\u2019 qui les tue.<\/p>\n<p>Le t\u00e9moignage de paix et le pouvoir de l\u2019Esprit sont donc \u00e9troitement li\u00e9s dans la tradition anabaptiste.<\/p>\n<p><strong>Le Saint-Esprit aujourd\u2019hui<\/strong><\/p>\n<p>Quand les mennonites et les pentec\u00f4tistes se sont rencontr\u00e9s \u00e0 Pasadena en 2006 pour c\u00e9l\u00e9brer le centi\u00e8me anniversaire du renouveau de la rue Azusa, ils ont r\u00e9alis\u00e9 que le mouvement de renouveau et celui des anabaptistes avaient beaucoup de choses en commun, en particulier la mission, la non-violence, la doctrine de la nouvelle naissance spirituelle et le bapt\u00eame de l\u2019Esprit.<\/p>\n<p><strong>Conclusion<\/strong><\/p>\n<p>\u00ca mon avis, le mouvement anabaptiste a recouvr\u00e9 trois dimensions essentielles concernant la th\u00e9ologie et la pratique du Saint-Esprit&nbsp;:<\/p>\n<ul>\n<li>L\u2019Esprit conduit \u00e0 la v\u00e9rit\u00e9 et \u00e0 une nouvelle vie en Christ.<\/li>\n<li>L\u2019Esprit donne de la force dans la faiblesse et lors de pers\u00e9cution.<\/li>\n<li>L\u2019Esprit d\u00e9truit les barri\u00e8res (culturelles, sociales, nationales) et incite au travail missionnaire.<\/li>\n<\/ul>\n<p>Paul r\u00e9sume cette exp\u00e9rience dans 2 Tm 1\/7\u20138&nbsp;: \u2018<em>Car ce n\u2019est pas un esprit de peur que Dieu nous a donn\u00e9, mais un esprit de force, d\u2019amour et de ma\u00eetrise de soi.&nbsp;<\/em><\/p>\n<p><em>N\u2019aie donc pas honte de rendre t\u00e9moignage \u00e0 notre Seigneur&nbsp;[\u2026.].\u2019<\/em><\/p>\n<p><em>\u2014Alfred Neufeld a \u00e9t\u00e9 pr\u00e9sident de la Commission Foi et Vie (2009-2018). Il \u00e9tait r\u00e9cemment recteur de <\/em><em>l\u2019<\/em>Universidad Evang\u00e9lica del Paraguay<em> \u00e0 Asuncion (Paraguay). Il est membre de<\/em> <em>la<\/em> Vereinigung der Mennoniten Br\u00fcdergemeinden Paraguays<em> (Fr\u00e8res Mennonites).<\/em><\/p>\n<p><em>Il a parl\u00e9 lors de Renouveau 2027&nbsp;: \u2018Le Saint-Esprit nous transforme\u2019 \u00e0 Kisumu (Kenya) le 21 avril 2018. Cet article est adapt\u00e9 de sa pr\u00e9sentation.<\/em><\/p>\n<p><em>Cet article est paru pour la premi\u00e8re fois dans le num\u00e9ro&nbsp;<a href=\"\/fr\/node\/146\">d\u2019octobre 2018 de Courier\/Correo\/Courrier.<\/a><\/em><\/p>\n","protected":false},"excerpt":{"rendered":"<p>De nombreux t\u00e9moignages \u00e9crits concernant le d\u00e9but du mouvement anabaptiste mentionnent que l\u2019\u0153uvre du Saint-Esprit en est la principale force motrice. Le Saint-Esprit est donn\u00e9 aux personnes qui le d\u00e9sirent. C\u2019\u00e9tait le cas lors de la Pentec\u00f4te (Actes 2) pendant que les disciples priaient ; c\u2019\u00e9tait le cas \u00e0 l\u2019\u00e9poque de la R\u00e9forme&nbsp;; et c\u2019est [&hellip;]<\/p>\n","protected":false},"author":1,"featured_media":89886,"comment_status":"closed","ping_status":"closed","sticky":false,"template":"","format":"standard","meta":{"_acf_changed":false,"footnotes":""},"categories":[7],"tags":[],"network":[1307],"eventcategory":[],"class_list":["post-10001","post","type-post","status-publish","format-standard","has-post-thumbnail","hentry","category-non-classifiee","network-courier-fr"],"acf":[],"yoast_head":"<!-- This site is optimized with the Yoast SEO plugin v27.5 - https:\/\/yoast.com\/product\/yoast-seo-wordpress\/ -->\n<title>Le don du Saint-Esprit au XVIe si\u00e8cle et aujourd\u2019hui - Mennonite World Conference<\/title>\n<meta name=\"robots\" content=\"index, follow, max-snippet:-1, max-image-preview:large, max-video-preview:-1\" \/>\n<link rel=\"canonical\" href=\"https:\/\/mwc-cmm.org\/fr\/stories\/le-don-du-saint-esprit-au-xvie-siecle-et-aujourdhui\/\" \/>\n<meta property=\"og:locale\" content=\"fr_FR\" \/>\n<meta property=\"og:type\" content=\"article\" \/>\n<meta property=\"og:title\" content=\"Le don du Saint-Esprit au XVIe si\u00e8cle et aujourd\u2019hui - Mennonite World Conference\" \/>\n<meta property=\"og:description\" content=\"De nombreux t\u00e9moignages \u00e9crits concernant le d\u00e9but du mouvement anabaptiste mentionnent que l\u2019\u0153uvre du Saint-Esprit en est la principale force motrice. Le Saint-Esprit est donn\u00e9 aux personnes qui le d\u00e9sirent. C\u2019\u00e9tait le cas lors de la Pentec\u00f4te (Actes 2) pendant que les disciples priaient ; c\u2019\u00e9tait le cas \u00e0 l\u2019\u00e9poque de la R\u00e9forme&nbsp;; et c\u2019est [&hellip;]\" \/>\n<meta property=\"og:url\" content=\"https:\/\/mwc-cmm.org\/fr\/stories\/le-don-du-saint-esprit-au-xvie-siecle-et-aujourdhui\/\" \/>\n<meta property=\"og:site_name\" content=\"Mennonite World Conference\" \/>\n<meta property=\"article:publisher\" content=\"https:\/\/www.facebook.com\/MennoniteWorldConference\" \/>\n<meta property=\"article:published_time\" content=\"2018-11-15T00:00:00+00:00\" \/>\n<meta property=\"article:modified_time\" content=\"2024-12-10T17:15:47+00:00\" \/>\n<meta property=\"og:image\" content=\"https:\/\/mwc-cmm.org\/wp-content\/uploads\/2024\/11\/featured1-rgb-1024x683.png\" \/>\n\t<meta property=\"og:image:width\" content=\"1024\" \/>\n\t<meta property=\"og:image:height\" content=\"683\" \/>\n\t<meta property=\"og:image:type\" content=\"image\/png\" \/>\n<meta name=\"author\" content=\"mennworldcon\" \/>\n<script type=\"application\/ld+json\" class=\"yoast-schema-graph\">{\"@context\":\"https:\\\/\\\/schema.org\",\"@graph\":[{\"@type\":\"Article\",\"@id\":\"https:\\\/\\\/mwc-cmm.org\\\/fr\\\/stories\\\/le-don-du-saint-esprit-au-xvie-siecle-et-aujourdhui\\\/#article\",\"isPartOf\":{\"@id\":\"https:\\\/\\\/mwc-cmm.org\\\/fr\\\/stories\\\/le-don-du-saint-esprit-au-xvie-siecle-et-aujourdhui\\\/\"},\"author\":{\"name\":\"mennworldcon\",\"@id\":\"https:\\\/\\\/mwc-cmm.org\\\/en\\\/#\\\/schema\\\/person\\\/11f6ae0d7d1868ba20a1cc27f067c836\"},\"headline\":\"Le don du Saint-Esprit au XVIe si\u00e8cle et aujourd\u2019hui\",\"datePublished\":\"2018-11-15T00:00:00+00:00\",\"dateModified\":\"2024-12-10T17:15:47+00:00\",\"mainEntityOfPage\":{\"@id\":\"https:\\\/\\\/mwc-cmm.org\\\/fr\\\/stories\\\/le-don-du-saint-esprit-au-xvie-siecle-et-aujourdhui\\\/\"},\"wordCount\":926,\"publisher\":{\"@id\":\"https:\\\/\\\/mwc-cmm.org\\\/en\\\/#organization\"},\"image\":{\"@id\":\"https:\\\/\\\/mwc-cmm.org\\\/fr\\\/stories\\\/le-don-du-saint-esprit-au-xvie-siecle-et-aujourdhui\\\/#primaryimage\"},\"thumbnailUrl\":\"https:\\\/\\\/mwc-cmm.org\\\/wp-content\\\/uploads\\\/2024\\\/11\\\/featured1-rgb.png\",\"articleSection\":[\"Non classifi\u00e9(e)\"],\"inLanguage\":\"fr-FR\"},{\"@type\":\"WebPage\",\"@id\":\"https:\\\/\\\/mwc-cmm.org\\\/fr\\\/stories\\\/le-don-du-saint-esprit-au-xvie-siecle-et-aujourdhui\\\/\",\"url\":\"https:\\\/\\\/mwc-cmm.org\\\/fr\\\/stories\\\/le-don-du-saint-esprit-au-xvie-siecle-et-aujourdhui\\\/\",\"name\":\"Le don du Saint-Esprit au XVIe si\u00e8cle et aujourd\u2019hui - Mennonite World Conference\",\"isPartOf\":{\"@id\":\"https:\\\/\\\/mwc-cmm.org\\\/en\\\/#website\"},\"primaryImageOfPage\":{\"@id\":\"https:\\\/\\\/mwc-cmm.org\\\/fr\\\/stories\\\/le-don-du-saint-esprit-au-xvie-siecle-et-aujourdhui\\\/#primaryimage\"},\"image\":{\"@id\":\"https:\\\/\\\/mwc-cmm.org\\\/fr\\\/stories\\\/le-don-du-saint-esprit-au-xvie-siecle-et-aujourdhui\\\/#primaryimage\"},\"thumbnailUrl\":\"https:\\\/\\\/mwc-cmm.org\\\/wp-content\\\/uploads\\\/2024\\\/11\\\/featured1-rgb.png\",\"datePublished\":\"2018-11-15T00:00:00+00:00\",\"dateModified\":\"2024-12-10T17:15:47+00:00\",\"breadcrumb\":{\"@id\":\"https:\\\/\\\/mwc-cmm.org\\\/fr\\\/stories\\\/le-don-du-saint-esprit-au-xvie-siecle-et-aujourdhui\\\/#breadcrumb\"},\"inLanguage\":\"fr-FR\",\"potentialAction\":[{\"@type\":\"ReadAction\",\"target\":[\"https:\\\/\\\/mwc-cmm.org\\\/fr\\\/stories\\\/le-don-du-saint-esprit-au-xvie-siecle-et-aujourdhui\\\/\"]}]},{\"@type\":\"ImageObject\",\"inLanguage\":\"fr-FR\",\"@id\":\"https:\\\/\\\/mwc-cmm.org\\\/fr\\\/stories\\\/le-don-du-saint-esprit-au-xvie-siecle-et-aujourdhui\\\/#primaryimage\",\"url\":\"https:\\\/\\\/mwc-cmm.org\\\/wp-content\\\/uploads\\\/2024\\\/11\\\/featured1-rgb.png\",\"contentUrl\":\"https:\\\/\\\/mwc-cmm.org\\\/wp-content\\\/uploads\\\/2024\\\/11\\\/featured1-rgb.png\",\"width\":1200,\"height\":800},{\"@type\":\"BreadcrumbList\",\"@id\":\"https:\\\/\\\/mwc-cmm.org\\\/fr\\\/stories\\\/le-don-du-saint-esprit-au-xvie-siecle-et-aujourdhui\\\/#breadcrumb\",\"itemListElement\":[{\"@type\":\"ListItem\",\"position\":1,\"name\":\"Home\",\"item\":\"https:\\\/\\\/mwc-cmm.org\\\/fr\\\/\"},{\"@type\":\"ListItem\",\"position\":2,\"name\":\"Le don du Saint-Esprit au XVIe si\u00e8cle et aujourd\u2019hui\"}]},{\"@type\":\"WebSite\",\"@id\":\"https:\\\/\\\/mwc-cmm.org\\\/en\\\/#website\",\"url\":\"https:\\\/\\\/mwc-cmm.org\\\/en\\\/\",\"name\":\"Mennonite World Conference\",\"description\":\"A communion of Anabaptist-related churches\",\"publisher\":{\"@id\":\"https:\\\/\\\/mwc-cmm.org\\\/en\\\/#organization\"},\"alternateName\":\"MWC\",\"potentialAction\":[{\"@type\":\"SearchAction\",\"target\":{\"@type\":\"EntryPoint\",\"urlTemplate\":\"https:\\\/\\\/mwc-cmm.org\\\/en\\\/?s={search_term_string}\"},\"query-input\":{\"@type\":\"PropertyValueSpecification\",\"valueRequired\":true,\"valueName\":\"search_term_string\"}}],\"inLanguage\":\"fr-FR\"},{\"@type\":\"Organization\",\"@id\":\"https:\\\/\\\/mwc-cmm.org\\\/en\\\/#organization\",\"name\":\"Mennonite World Conference\",\"alternateName\":\"MWC\",\"url\":\"https:\\\/\\\/mwc-cmm.org\\\/en\\\/\",\"logo\":{\"@type\":\"ImageObject\",\"inLanguage\":\"fr-FR\",\"@id\":\"https:\\\/\\\/mwc-cmm.org\\\/en\\\/#\\\/schema\\\/logo\\\/image\\\/\",\"url\":\"https:\\\/\\\/mwc-cmm.org\\\/wp-content\\\/uploads\\\/2026\\\/01\\\/MWC_Sig_Blue_Horiz_webheader1-logo.svg\",\"contentUrl\":\"https:\\\/\\\/mwc-cmm.org\\\/wp-content\\\/uploads\\\/2026\\\/01\\\/MWC_Sig_Blue_Horiz_webheader1-logo.svg\",\"width\":786,\"height\":82,\"caption\":\"Mennonite World Conference\"},\"image\":{\"@id\":\"https:\\\/\\\/mwc-cmm.org\\\/en\\\/#\\\/schema\\\/logo\\\/image\\\/\"},\"sameAs\":[\"https:\\\/\\\/www.facebook.com\\\/MennoniteWorldConference\",\"https:\\\/\\\/www.linkedin.com\\\/company\\\/mennonite-world-conference-mwc\\\/\",\"https:\\\/\\\/www.instagram.com\\\/mwcmm\\\/\",\"https:\\\/\\\/www.youtube.com\\\/user\\\/mwccmm\",\"https:\\\/\\\/bsky.app\\\/profile\\\/mwcmm.bsky.social\"]},{\"@type\":\"Person\",\"@id\":\"https:\\\/\\\/mwc-cmm.org\\\/en\\\/#\\\/schema\\\/person\\\/11f6ae0d7d1868ba20a1cc27f067c836\",\"name\":\"mennworldcon\",\"image\":{\"@type\":\"ImageObject\",\"inLanguage\":\"fr-FR\",\"@id\":\"https:\\\/\\\/secure.gravatar.com\\\/avatar\\\/06fdc0dc81c157dfdb82ec42f252178a22307808988d22c043f9eb96f1e0fe80?s=96&d=mm&r=g\",\"url\":\"https:\\\/\\\/secure.gravatar.com\\\/avatar\\\/06fdc0dc81c157dfdb82ec42f252178a22307808988d22c043f9eb96f1e0fe80?s=96&d=mm&r=g\",\"contentUrl\":\"https:\\\/\\\/secure.gravatar.com\\\/avatar\\\/06fdc0dc81c157dfdb82ec42f252178a22307808988d22c043f9eb96f1e0fe80?s=96&d=mm&r=g\",\"caption\":\"mennworldcon\"},\"sameAs\":[\"https:\\\/\\\/mwc-cmm.org\"],\"url\":\"https:\\\/\\\/mwc-cmm.org\\\/fr\\\/stories\\\/author\\\/mennworldcon\\\/\"}]}<\/script>\n<!-- \/ Yoast SEO plugin. -->","yoast_head_json":{"title":"Le don du Saint-Esprit au XVIe si\u00e8cle et aujourd\u2019hui - Mennonite World Conference","robots":{"index":"index","follow":"follow","max-snippet":"max-snippet:-1","max-image-preview":"max-image-preview:large","max-video-preview":"max-video-preview:-1"},"canonical":"https:\/\/mwc-cmm.org\/fr\/stories\/le-don-du-saint-esprit-au-xvie-siecle-et-aujourdhui\/","og_locale":"fr_FR","og_type":"article","og_title":"Le don du Saint-Esprit au XVIe si\u00e8cle et aujourd\u2019hui - Mennonite World Conference","og_description":"De nombreux t\u00e9moignages \u00e9crits concernant le d\u00e9but du mouvement anabaptiste mentionnent que l\u2019\u0153uvre du Saint-Esprit en est la principale force motrice. Le Saint-Esprit est donn\u00e9 aux personnes qui le d\u00e9sirent. C\u2019\u00e9tait le cas lors de la Pentec\u00f4te (Actes 2) pendant que les disciples priaient ; c\u2019\u00e9tait le cas \u00e0 l\u2019\u00e9poque de la R\u00e9forme&nbsp;; et c\u2019est [&hellip;]","og_url":"https:\/\/mwc-cmm.org\/fr\/stories\/le-don-du-saint-esprit-au-xvie-siecle-et-aujourdhui\/","og_site_name":"Mennonite World Conference","article_publisher":"https:\/\/www.facebook.com\/MennoniteWorldConference","article_published_time":"2018-11-15T00:00:00+00:00","article_modified_time":"2024-12-10T17:15:47+00:00","og_image":[{"width":1024,"height":683,"url":"https:\/\/mwc-cmm.org\/wp-content\/uploads\/2024\/11\/featured1-rgb-1024x683.png","type":"image\/png"}],"author":"mennworldcon","schema":{"@context":"https:\/\/schema.org","@graph":[{"@type":"Article","@id":"https:\/\/mwc-cmm.org\/fr\/stories\/le-don-du-saint-esprit-au-xvie-siecle-et-aujourdhui\/#article","isPartOf":{"@id":"https:\/\/mwc-cmm.org\/fr\/stories\/le-don-du-saint-esprit-au-xvie-siecle-et-aujourdhui\/"},"author":{"name":"mennworldcon","@id":"https:\/\/mwc-cmm.org\/en\/#\/schema\/person\/11f6ae0d7d1868ba20a1cc27f067c836"},"headline":"Le don du Saint-Esprit au XVIe si\u00e8cle et aujourd\u2019hui","datePublished":"2018-11-15T00:00:00+00:00","dateModified":"2024-12-10T17:15:47+00:00","mainEntityOfPage":{"@id":"https:\/\/mwc-cmm.org\/fr\/stories\/le-don-du-saint-esprit-au-xvie-siecle-et-aujourdhui\/"},"wordCount":926,"publisher":{"@id":"https:\/\/mwc-cmm.org\/en\/#organization"},"image":{"@id":"https:\/\/mwc-cmm.org\/fr\/stories\/le-don-du-saint-esprit-au-xvie-siecle-et-aujourdhui\/#primaryimage"},"thumbnailUrl":"https:\/\/mwc-cmm.org\/wp-content\/uploads\/2024\/11\/featured1-rgb.png","articleSection":["Non classifi\u00e9(e)"],"inLanguage":"fr-FR"},{"@type":"WebPage","@id":"https:\/\/mwc-cmm.org\/fr\/stories\/le-don-du-saint-esprit-au-xvie-siecle-et-aujourdhui\/","url":"https:\/\/mwc-cmm.org\/fr\/stories\/le-don-du-saint-esprit-au-xvie-siecle-et-aujourdhui\/","name":"Le don du Saint-Esprit au XVIe si\u00e8cle et aujourd\u2019hui - Mennonite World Conference","isPartOf":{"@id":"https:\/\/mwc-cmm.org\/en\/#website"},"primaryImageOfPage":{"@id":"https:\/\/mwc-cmm.org\/fr\/stories\/le-don-du-saint-esprit-au-xvie-siecle-et-aujourdhui\/#primaryimage"},"image":{"@id":"https:\/\/mwc-cmm.org\/fr\/stories\/le-don-du-saint-esprit-au-xvie-siecle-et-aujourdhui\/#primaryimage"},"thumbnailUrl":"https:\/\/mwc-cmm.org\/wp-content\/uploads\/2024\/11\/featured1-rgb.png","datePublished":"2018-11-15T00:00:00+00:00","dateModified":"2024-12-10T17:15:47+00:00","breadcrumb":{"@id":"https:\/\/mwc-cmm.org\/fr\/stories\/le-don-du-saint-esprit-au-xvie-siecle-et-aujourdhui\/#breadcrumb"},"inLanguage":"fr-FR","potentialAction":[{"@type":"ReadAction","target":["https:\/\/mwc-cmm.org\/fr\/stories\/le-don-du-saint-esprit-au-xvie-siecle-et-aujourdhui\/"]}]},{"@type":"ImageObject","inLanguage":"fr-FR","@id":"https:\/\/mwc-cmm.org\/fr\/stories\/le-don-du-saint-esprit-au-xvie-siecle-et-aujourdhui\/#primaryimage","url":"https:\/\/mwc-cmm.org\/wp-content\/uploads\/2024\/11\/featured1-rgb.png","contentUrl":"https:\/\/mwc-cmm.org\/wp-content\/uploads\/2024\/11\/featured1-rgb.png","width":1200,"height":800},{"@type":"BreadcrumbList","@id":"https:\/\/mwc-cmm.org\/fr\/stories\/le-don-du-saint-esprit-au-xvie-siecle-et-aujourdhui\/#breadcrumb","itemListElement":[{"@type":"ListItem","position":1,"name":"Home","item":"https:\/\/mwc-cmm.org\/fr\/"},{"@type":"ListItem","position":2,"name":"Le don du Saint-Esprit au XVIe si\u00e8cle et aujourd\u2019hui"}]},{"@type":"WebSite","@id":"https:\/\/mwc-cmm.org\/en\/#website","url":"https:\/\/mwc-cmm.org\/en\/","name":"Mennonite World Conference","description":"A communion of Anabaptist-related churches","publisher":{"@id":"https:\/\/mwc-cmm.org\/en\/#organization"},"alternateName":"MWC","potentialAction":[{"@type":"SearchAction","target":{"@type":"EntryPoint","urlTemplate":"https:\/\/mwc-cmm.org\/en\/?s={search_term_string}"},"query-input":{"@type":"PropertyValueSpecification","valueRequired":true,"valueName":"search_term_string"}}],"inLanguage":"fr-FR"},{"@type":"Organization","@id":"https:\/\/mwc-cmm.org\/en\/#organization","name":"Mennonite World Conference","alternateName":"MWC","url":"https:\/\/mwc-cmm.org\/en\/","logo":{"@type":"ImageObject","inLanguage":"fr-FR","@id":"https:\/\/mwc-cmm.org\/en\/#\/schema\/logo\/image\/","url":"https:\/\/mwc-cmm.org\/wp-content\/uploads\/2026\/01\/MWC_Sig_Blue_Horiz_webheader1-logo.svg","contentUrl":"https:\/\/mwc-cmm.org\/wp-content\/uploads\/2026\/01\/MWC_Sig_Blue_Horiz_webheader1-logo.svg","width":786,"height":82,"caption":"Mennonite World Conference"},"image":{"@id":"https:\/\/mwc-cmm.org\/en\/#\/schema\/logo\/image\/"},"sameAs":["https:\/\/www.facebook.com\/MennoniteWorldConference","https:\/\/www.linkedin.com\/company\/mennonite-world-conference-mwc\/","https:\/\/www.instagram.com\/mwcmm\/","https:\/\/www.youtube.com\/user\/mwccmm","https:\/\/bsky.app\/profile\/mwcmm.bsky.social"]},{"@type":"Person","@id":"https:\/\/mwc-cmm.org\/en\/#\/schema\/person\/11f6ae0d7d1868ba20a1cc27f067c836","name":"mennworldcon","image":{"@type":"ImageObject","inLanguage":"fr-FR","@id":"https:\/\/secure.gravatar.com\/avatar\/06fdc0dc81c157dfdb82ec42f252178a22307808988d22c043f9eb96f1e0fe80?s=96&d=mm&r=g","url":"https:\/\/secure.gravatar.com\/avatar\/06fdc0dc81c157dfdb82ec42f252178a22307808988d22c043f9eb96f1e0fe80?s=96&d=mm&r=g","contentUrl":"https:\/\/secure.gravatar.com\/avatar\/06fdc0dc81c157dfdb82ec42f252178a22307808988d22c043f9eb96f1e0fe80?s=96&d=mm&r=g","caption":"mennworldcon"},"sameAs":["https:\/\/mwc-cmm.org"],"url":"https:\/\/mwc-cmm.org\/fr\/stories\/author\/mennworldcon\/"}]}},"_links":{"self":[{"href":"https:\/\/mwc-cmm.org\/fr\/wp-json\/wp\/v2\/posts\/10001","targetHints":{"allow":["GET"]}}],"collection":[{"href":"https:\/\/mwc-cmm.org\/fr\/wp-json\/wp\/v2\/posts"}],"about":[{"href":"https:\/\/mwc-cmm.org\/fr\/wp-json\/wp\/v2\/types\/post"}],"author":[{"embeddable":true,"href":"https:\/\/mwc-cmm.org\/fr\/wp-json\/wp\/v2\/users\/1"}],"replies":[{"embeddable":true,"href":"https:\/\/mwc-cmm.org\/fr\/wp-json\/wp\/v2\/comments?post=10001"}],"version-history":[{"count":0,"href":"https:\/\/mwc-cmm.org\/fr\/wp-json\/wp\/v2\/posts\/10001\/revisions"}],"wp:featuredmedia":[{"embeddable":true,"href":"https:\/\/mwc-cmm.org\/fr\/wp-json\/wp\/v2\/media\/89886"}],"wp:attachment":[{"href":"https:\/\/mwc-cmm.org\/fr\/wp-json\/wp\/v2\/media?parent=10001"}],"wp:term":[{"taxonomy":"category","embeddable":true,"href":"https:\/\/mwc-cmm.org\/fr\/wp-json\/wp\/v2\/categories?post=10001"},{"taxonomy":"post_tag","embeddable":true,"href":"https:\/\/mwc-cmm.org\/fr\/wp-json\/wp\/v2\/tags?post=10001"},{"taxonomy":"network","embeddable":true,"href":"https:\/\/mwc-cmm.org\/fr\/wp-json\/wp\/v2\/network?post=10001"},{"taxonomy":"eventcategory","embeddable":true,"href":"https:\/\/mwc-cmm.org\/fr\/wp-json\/wp\/v2\/eventcategory?post=10001"}],"curies":[{"name":"wp","href":"https:\/\/api.w.org\/{rel}","templated":true}]}}