{"id":10000,"date":"2018-11-14T00:00:00","date_gmt":"2018-11-14T00:00:00","guid":{"rendered":"https:\/\/mwc-cmm.org\/yabs-in-mwcs-general-council-4\/"},"modified":"2024-12-10T17:15:46","modified_gmt":"2024-12-10T17:15:46","slug":"les-yabs-au-conseil-general-de-la-cmm","status":"publish","type":"post","link":"https:\/\/mwc-cmm.org\/fr\/stories\/les-yabs-au-conseil-general-de-la-cmm\/","title":{"rendered":"Les YABs au Conseil G\u00e9n\u00e9ral de la CMM"},"content":{"rendered":"<p>Prendre des d\u00e9cisions en grand groupe peut parfois avoir l\u2019air d\u2019une partie de jeu du t\u00e9l\u00e9phone sans fil d\u00e9clare Matthias Claassen, d\u00e9l\u00e9gu\u00e9 de la Konferenz der Mennonitengemeinden en Uruguay pour le Conseil G\u00e9n\u00e9ral. C\u2019est important qu\u2019il y ait dans la salle des responsables qui repr\u00e9sentent diff\u00e9rentes g\u00e9n\u00e9rations et exp\u00e9riences de vie en plus des nombreuses unions d\u2019\u00c9glises qui constituent la CMM.<\/p>\n<p>Matthias \u00e9tait l\u2019un des deux d\u00e9l\u00e9gu\u00e9s de moins de 30 ans qui particip\u00e8rent aux r\u00e9unions et aux prises de d\u00e9cisions du Conseil G\u00e9n\u00e9ral \u00e0 Limuru, au Kenya, du 21 au 24 avril 2018.<\/p>\n<p><strong>Mana Terasawa du Japon<\/strong><\/p>\n<p>Seuls 1,6 pourcent de la population japonaise se dit chr\u00e9tienne. Les anabaptistes constituent un fragment de ce pourcentage. Mana Terasawa, 26 ans, est l\u2019une d\u2019entre eux. Elle est membre d\u2019une des sept paroisses des Fr\u00e8res en Christ au Japon.<\/p>\n<p>Presque la moiti\u00e9 des jeunes qui grandissent dans l\u2019\u00c9glise japonaise la quitte ensuite. Parce qu\u2019ils constituent une minorit\u00e9 dans une culture collectiviste, les Chr\u00e9tiens au Japon sont parfois mal vus \u00e0 cause de leur diff\u00e9rence.<\/p>\n<p>Malgr\u00e9 tout, Mana est rest\u00e9e dans l\u2019\u00c9glise. Un camp d\u2019\u00e9t\u00e9 chr\u00e9tien l\u2019a encourag\u00e9e \u00e0 s\u2019engager et \u00e0 grandir dans la foi. Elle s\u2019est form\u00e9e au minist\u00e8re des jeunes \u00e0 l\u2019Universit\u00e9 Chr\u00e9tienne de Tokyo. Maintenant elle est responsable du minist\u00e8re des enfants dans sa paroisse.<\/p>\n<p>La petite \u00c9glise BIC du Japon cherchait des personnes qui aient l\u2019\u00e9nergie, le temps et les moyens de servir entant que d\u00e9l\u00e9gu\u00e9s aux r\u00e9unions du Conseil G\u00e9n\u00e9ral. Mana remplissait les crit\u00e8res et elle a volontiers repr\u00e9sent\u00e9 son union d\u2019\u00c9glises.<\/p>\n<p>Tout au long des r\u00e9unions, Mana a d\u00fb s\u2019appuyer sur un autre membre du Conseil G\u00e9n\u00e9ral afin qu\u2019il interpr\u00e8te pour elle, les d\u00e9bats en japonais. Elle qui avait l\u2019habitude de servir, recevoir de l\u2019aide \u00e9tait une nouvelle exp\u00e9rience.<\/p>\n<p>\u00ab J&rsquo;ai profond\u00e9ment aim\u00e9 construire des relations avec les gens \u00bb, a d\u00e9clar\u00e9 Mana par l&rsquo;interm\u00e9diaire de son interpr\u00e8te. \u00ab J&rsquo;ai particuli\u00e8rement aim\u00e9 chanter avec la famille spirituelle mondiale, en particulier lorsque tout le groupe a entonn\u00e9 un chant en japonais. \u00bb Elle a \u00e9t\u00e9 touch\u00e9e par le fait que, alors que seulement trois des 200 personnes pr\u00e9sentes venaient du Japon, toute l\u2019assembl\u00e9e s&rsquo;est unie pour chanter dans sa langue maternelle.<\/p>\n<p><strong>Matthias Claassen de l\u2019Uruguay<\/strong><\/p>\n<p>Parmi les chr\u00e9tiens d\u2019Uruguay- pr\u00e8s de 60% de la population- la Konferenz der Mennonitengemeinden in Uruguay (KMGU) est compos\u00e9e de paroisses mennonites en grande majorit\u00e9 d&rsquo;origine allemande. Beaucoup de ces communaut\u00e9s furent fond\u00e9es par des mennonites qui fuirent l&rsquo;Allemagne apr\u00e8s la Seconde Guerre mondiale. Ils ont des petites entreprises familiales et communautaires.<\/p>\n<p>La mentalit\u00e9 des mennonites en Uruguay a \u00e9volu\u00e9 au fil des ann\u00e9es, passant d&rsquo;une logique de survie \u00e0 une vision de partage \u00e0 pr\u00e9sent que la situation est plus stable. Plus du tiers des membres de l&rsquo;\u00c9glise ont entre 12 et 30 ans. Les jeunes sont tr\u00e8s impliqu\u00e9s dans l&rsquo;\u00c9glise.<\/p>\n<p>KMGU \u00e9lit le d\u00e9l\u00e9gu\u00e9 au CG pour la CMM tous les trois ans et chaque paroisse peut proposer quelqu\u2019un qui repr\u00e9sentera l\u2019union d\u2019\u00c9glises toute enti\u00e8re.<\/p>\n<p>Matthias Claassen, 25 ans, a \u00e9t\u00e9 nomm\u00e9 cette ann\u00e9e : il parle couramment trois langues (allemand, anglais et espagnol) ainsi qu\u2019un peu de fran\u00e7ais et il a une exp\u00e9rience internationale (6 mois au Burkina Faso en 2017).<\/p>\n<p>\u00ab Parfois, je pense que ce devrait \u00eatre un pasteur ou un responsable d\u2019\u00c9glise qui assiste aux r\u00e9unions \u00bb, explique Matthias qui est ing\u00e9nieur en informatique. Cependant, il voit l&rsquo;avantage de parier sur les g\u00e9n\u00e9rations futures. Les diff\u00e9rences d&rsquo;opinions entre la jeune g\u00e9n\u00e9ration et la g\u00e9n\u00e9ration plus ancienne \u00e9taient visibles, mais elles offraient l&rsquo;occasion d&rsquo;\u00e9couter et d&rsquo;apprendre \u00e0 suivre Dieu ensemble. \u00bb<\/p>\n<p><strong>Les Jeunes Anabaptistes et l\u2019\u00c9glise mondiale <\/strong><\/p>\n<p>Mana Terasawa t\u00e9moigne : \u00ab Je suis heureuse et encourag\u00e9e de voir des jeunes anabaptistes (YABs) de mon \u00e2ge qui travaillent et s\u2019engagent pour l\u2019\u00c9glise. \u00bb<\/p>\n<p>Votre union d\u2019\u00c9glises cr\u00e9e-t-elle des opportunit\u00e9s pour que les jeunes adultes s\u2019impliquent, prennent des responsabilit\u00e9s, apprennent et contribuent ?<\/p>\n<p><em>\u2014<\/em><em>un communiqu\u00e9 de la Conf\u00e9rence Mennonite Mondiale \u00e9crit par Larissa Swartz, pr\u00e9sidente et repr\u00e9sentante du comit\u00e9 YABs pour l\u2019Am\u00e9rique du Nord.<\/em><\/p>\n","protected":false},"excerpt":{"rendered":"<p>NULL<\/p>\n","protected":false},"author":1,"featured_media":89872,"comment_status":"closed","ping_status":"closed","sticky":false,"template":"","format":"standard","meta":{"_acf_changed":false,"footnotes":""},"categories":[7],"tags":[746],"network":[],"eventcategory":[],"class_list":["post-10000","post","type-post","status-publish","format-standard","has-post-thumbnail","hentry","category-non-classifiee","tag-conseil-general"],"acf":[],"yoast_head":"<!-- This site is optimized with the Yoast SEO plugin v27.2 - https:\/\/yoast.com\/product\/yoast-seo-wordpress\/ -->\n<title>Les YABs au Conseil G\u00e9n\u00e9ral de la CMM - Mennonite World Conference<\/title>\n<meta name=\"robots\" content=\"index, follow, max-snippet:-1, max-image-preview:large, max-video-preview:-1\" \/>\n<link rel=\"canonical\" href=\"https:\/\/mwc-cmm.org\/fr\/stories\/les-yabs-au-conseil-general-de-la-cmm\/\" \/>\n<meta property=\"og:locale\" content=\"fr_FR\" \/>\n<meta property=\"og:type\" content=\"article\" \/>\n<meta property=\"og:title\" content=\"Les YABs au Conseil G\u00e9n\u00e9ral de la CMM - Mennonite World Conference\" \/>\n<meta property=\"og:description\" content=\"NULL\" \/>\n<meta property=\"og:url\" content=\"https:\/\/mwc-cmm.org\/fr\/stories\/les-yabs-au-conseil-general-de-la-cmm\/\" \/>\n<meta property=\"og:site_name\" content=\"Mennonite World Conference\" \/>\n<meta property=\"article:publisher\" content=\"https:\/\/www.facebook.com\/MennoniteWorldConference\" \/>\n<meta property=\"article:published_time\" content=\"2018-11-14T00:00:00+00:00\" \/>\n<meta property=\"article:modified_time\" content=\"2024-12-10T17:15:46+00:00\" \/>\n<meta property=\"og:image\" content=\"https:\/\/mwc-cmm.org\/wp-content\/uploads\/2024\/11\/fol-scaled.jpg\" \/>\n\t<meta property=\"og:image:width\" content=\"2560\" \/>\n\t<meta property=\"og:image:height\" content=\"1920\" \/>\n\t<meta property=\"og:image:type\" content=\"image\/jpeg\" \/>\n<meta name=\"author\" content=\"mennworldcon\" \/>\n<script type=\"application\/ld+json\" class=\"yoast-schema-graph\">{\"@context\":\"https:\/\/schema.org\",\"@graph\":[{\"@type\":\"Article\",\"@id\":\"https:\/\/mwc-cmm.org\/fr\/stories\/les-yabs-au-conseil-general-de-la-cmm\/#article\",\"isPartOf\":{\"@id\":\"https:\/\/mwc-cmm.org\/fr\/stories\/les-yabs-au-conseil-general-de-la-cmm\/\"},\"author\":{\"name\":\"mennworldcon\",\"@id\":\"https:\/\/mwc-cmm.org\/en\/#\/schema\/person\/11f6ae0d7d1868ba20a1cc27f067c836\"},\"headline\":\"Les YABs au Conseil G\u00e9n\u00e9ral de la CMM\",\"datePublished\":\"2018-11-14T00:00:00+00:00\",\"dateModified\":\"2024-12-10T17:15:46+00:00\",\"mainEntityOfPage\":{\"@id\":\"https:\/\/mwc-cmm.org\/fr\/stories\/les-yabs-au-conseil-general-de-la-cmm\/\"},\"wordCount\":783,\"publisher\":{\"@id\":\"https:\/\/mwc-cmm.org\/en\/#organization\"},\"image\":{\"@id\":\"https:\/\/mwc-cmm.org\/fr\/stories\/les-yabs-au-conseil-general-de-la-cmm\/#primaryimage\"},\"thumbnailUrl\":\"https:\/\/mwc-cmm.org\/wp-content\/uploads\/2024\/11\/fol-scaled.jpg\",\"keywords\":[\"Conseil G\u00e9n\u00e9ral\"],\"articleSection\":[\"Non classifi\u00e9(e)\"],\"inLanguage\":\"fr-FR\"},{\"@type\":\"WebPage\",\"@id\":\"https:\/\/mwc-cmm.org\/fr\/stories\/les-yabs-au-conseil-general-de-la-cmm\/\",\"url\":\"https:\/\/mwc-cmm.org\/fr\/stories\/les-yabs-au-conseil-general-de-la-cmm\/\",\"name\":\"Les YABs au Conseil G\u00e9n\u00e9ral de la CMM - Mennonite World Conference\",\"isPartOf\":{\"@id\":\"https:\/\/mwc-cmm.org\/en\/#website\"},\"primaryImageOfPage\":{\"@id\":\"https:\/\/mwc-cmm.org\/fr\/stories\/les-yabs-au-conseil-general-de-la-cmm\/#primaryimage\"},\"image\":{\"@id\":\"https:\/\/mwc-cmm.org\/fr\/stories\/les-yabs-au-conseil-general-de-la-cmm\/#primaryimage\"},\"thumbnailUrl\":\"https:\/\/mwc-cmm.org\/wp-content\/uploads\/2024\/11\/fol-scaled.jpg\",\"datePublished\":\"2018-11-14T00:00:00+00:00\",\"dateModified\":\"2024-12-10T17:15:46+00:00\",\"breadcrumb\":{\"@id\":\"https:\/\/mwc-cmm.org\/fr\/stories\/les-yabs-au-conseil-general-de-la-cmm\/#breadcrumb\"},\"inLanguage\":\"fr-FR\",\"potentialAction\":[{\"@type\":\"ReadAction\",\"target\":[\"https:\/\/mwc-cmm.org\/fr\/stories\/les-yabs-au-conseil-general-de-la-cmm\/\"]}]},{\"@type\":\"ImageObject\",\"inLanguage\":\"fr-FR\",\"@id\":\"https:\/\/mwc-cmm.org\/fr\/stories\/les-yabs-au-conseil-general-de-la-cmm\/#primaryimage\",\"url\":\"https:\/\/mwc-cmm.org\/wp-content\/uploads\/2024\/11\/fol-scaled.jpg\",\"contentUrl\":\"https:\/\/mwc-cmm.org\/wp-content\/uploads\/2024\/11\/fol-scaled.jpg\",\"width\":2560,\"height\":1920},{\"@type\":\"BreadcrumbList\",\"@id\":\"https:\/\/mwc-cmm.org\/fr\/stories\/les-yabs-au-conseil-general-de-la-cmm\/#breadcrumb\",\"itemListElement\":[{\"@type\":\"ListItem\",\"position\":1,\"name\":\"Home\",\"item\":\"https:\/\/mwc-cmm.org\/fr\/\"},{\"@type\":\"ListItem\",\"position\":2,\"name\":\"Les YABs au Conseil G\u00e9n\u00e9ral de la CMM\"}]},{\"@type\":\"WebSite\",\"@id\":\"https:\/\/mwc-cmm.org\/en\/#website\",\"url\":\"https:\/\/mwc-cmm.org\/en\/\",\"name\":\"Mennonite World Conference\",\"description\":\"A communion of Anabaptist-related churches\",\"publisher\":{\"@id\":\"https:\/\/mwc-cmm.org\/en\/#organization\"},\"alternateName\":\"MWC\",\"potentialAction\":[{\"@type\":\"SearchAction\",\"target\":{\"@type\":\"EntryPoint\",\"urlTemplate\":\"https:\/\/mwc-cmm.org\/en\/?s={search_term_string}\"},\"query-input\":{\"@type\":\"PropertyValueSpecification\",\"valueRequired\":true,\"valueName\":\"search_term_string\"}}],\"inLanguage\":\"fr-FR\"},{\"@type\":\"Organization\",\"@id\":\"https:\/\/mwc-cmm.org\/en\/#organization\",\"name\":\"Mennonite World Conference\",\"alternateName\":\"MWC\",\"url\":\"https:\/\/mwc-cmm.org\/en\/\",\"logo\":{\"@type\":\"ImageObject\",\"inLanguage\":\"fr-FR\",\"@id\":\"https:\/\/mwc-cmm.org\/en\/#\/schema\/logo\/image\/\",\"url\":\"https:\/\/mwc-cmm.org\/wp-content\/uploads\/2026\/01\/MWC_Sig_Blue_Horiz_webheader1-logo.svg\",\"contentUrl\":\"https:\/\/mwc-cmm.org\/wp-content\/uploads\/2026\/01\/MWC_Sig_Blue_Horiz_webheader1-logo.svg\",\"width\":786,\"height\":82,\"caption\":\"Mennonite World Conference\"},\"image\":{\"@id\":\"https:\/\/mwc-cmm.org\/en\/#\/schema\/logo\/image\/\"},\"sameAs\":[\"https:\/\/www.facebook.com\/MennoniteWorldConference\",\"https:\/\/www.linkedin.com\/company\/mennonite-world-conference-mwc\/\",\"https:\/\/www.instagram.com\/mwcmm\/\",\"https:\/\/www.youtube.com\/user\/mwccmm\",\"https:\/\/bsky.app\/profile\/mwcmm.bsky.social\"]},{\"@type\":\"Person\",\"@id\":\"https:\/\/mwc-cmm.org\/en\/#\/schema\/person\/11f6ae0d7d1868ba20a1cc27f067c836\",\"name\":\"mennworldcon\",\"image\":{\"@type\":\"ImageObject\",\"inLanguage\":\"fr-FR\",\"@id\":\"https:\/\/secure.gravatar.com\/avatar\/06fdc0dc81c157dfdb82ec42f252178a22307808988d22c043f9eb96f1e0fe80?s=96&d=mm&r=g\",\"url\":\"https:\/\/secure.gravatar.com\/avatar\/06fdc0dc81c157dfdb82ec42f252178a22307808988d22c043f9eb96f1e0fe80?s=96&d=mm&r=g\",\"contentUrl\":\"https:\/\/secure.gravatar.com\/avatar\/06fdc0dc81c157dfdb82ec42f252178a22307808988d22c043f9eb96f1e0fe80?s=96&d=mm&r=g\",\"caption\":\"mennworldcon\"},\"sameAs\":[\"https:\/\/mwc-cmm.org\"],\"url\":\"https:\/\/mwc-cmm.org\/fr\/stories\/author\/mennworldcon\/\"}]}<\/script>\n<!-- \/ Yoast SEO plugin. -->","yoast_head_json":{"title":"Les YABs au Conseil G\u00e9n\u00e9ral de la CMM - Mennonite World Conference","robots":{"index":"index","follow":"follow","max-snippet":"max-snippet:-1","max-image-preview":"max-image-preview:large","max-video-preview":"max-video-preview:-1"},"canonical":"https:\/\/mwc-cmm.org\/fr\/stories\/les-yabs-au-conseil-general-de-la-cmm\/","og_locale":"fr_FR","og_type":"article","og_title":"Les YABs au Conseil G\u00e9n\u00e9ral de la CMM - Mennonite World Conference","og_description":"NULL","og_url":"https:\/\/mwc-cmm.org\/fr\/stories\/les-yabs-au-conseil-general-de-la-cmm\/","og_site_name":"Mennonite World Conference","article_publisher":"https:\/\/www.facebook.com\/MennoniteWorldConference","article_published_time":"2018-11-14T00:00:00+00:00","article_modified_time":"2024-12-10T17:15:46+00:00","og_image":[{"width":2560,"height":1920,"url":"https:\/\/mwc-cmm.org\/wp-content\/uploads\/2024\/11\/fol-scaled.jpg","type":"image\/jpeg"}],"author":"mennworldcon","schema":{"@context":"https:\/\/schema.org","@graph":[{"@type":"Article","@id":"https:\/\/mwc-cmm.org\/fr\/stories\/les-yabs-au-conseil-general-de-la-cmm\/#article","isPartOf":{"@id":"https:\/\/mwc-cmm.org\/fr\/stories\/les-yabs-au-conseil-general-de-la-cmm\/"},"author":{"name":"mennworldcon","@id":"https:\/\/mwc-cmm.org\/en\/#\/schema\/person\/11f6ae0d7d1868ba20a1cc27f067c836"},"headline":"Les YABs au Conseil G\u00e9n\u00e9ral de la CMM","datePublished":"2018-11-14T00:00:00+00:00","dateModified":"2024-12-10T17:15:46+00:00","mainEntityOfPage":{"@id":"https:\/\/mwc-cmm.org\/fr\/stories\/les-yabs-au-conseil-general-de-la-cmm\/"},"wordCount":783,"publisher":{"@id":"https:\/\/mwc-cmm.org\/en\/#organization"},"image":{"@id":"https:\/\/mwc-cmm.org\/fr\/stories\/les-yabs-au-conseil-general-de-la-cmm\/#primaryimage"},"thumbnailUrl":"https:\/\/mwc-cmm.org\/wp-content\/uploads\/2024\/11\/fol-scaled.jpg","keywords":["Conseil G\u00e9n\u00e9ral"],"articleSection":["Non classifi\u00e9(e)"],"inLanguage":"fr-FR"},{"@type":"WebPage","@id":"https:\/\/mwc-cmm.org\/fr\/stories\/les-yabs-au-conseil-general-de-la-cmm\/","url":"https:\/\/mwc-cmm.org\/fr\/stories\/les-yabs-au-conseil-general-de-la-cmm\/","name":"Les YABs au Conseil G\u00e9n\u00e9ral de la CMM - Mennonite World Conference","isPartOf":{"@id":"https:\/\/mwc-cmm.org\/en\/#website"},"primaryImageOfPage":{"@id":"https:\/\/mwc-cmm.org\/fr\/stories\/les-yabs-au-conseil-general-de-la-cmm\/#primaryimage"},"image":{"@id":"https:\/\/mwc-cmm.org\/fr\/stories\/les-yabs-au-conseil-general-de-la-cmm\/#primaryimage"},"thumbnailUrl":"https:\/\/mwc-cmm.org\/wp-content\/uploads\/2024\/11\/fol-scaled.jpg","datePublished":"2018-11-14T00:00:00+00:00","dateModified":"2024-12-10T17:15:46+00:00","breadcrumb":{"@id":"https:\/\/mwc-cmm.org\/fr\/stories\/les-yabs-au-conseil-general-de-la-cmm\/#breadcrumb"},"inLanguage":"fr-FR","potentialAction":[{"@type":"ReadAction","target":["https:\/\/mwc-cmm.org\/fr\/stories\/les-yabs-au-conseil-general-de-la-cmm\/"]}]},{"@type":"ImageObject","inLanguage":"fr-FR","@id":"https:\/\/mwc-cmm.org\/fr\/stories\/les-yabs-au-conseil-general-de-la-cmm\/#primaryimage","url":"https:\/\/mwc-cmm.org\/wp-content\/uploads\/2024\/11\/fol-scaled.jpg","contentUrl":"https:\/\/mwc-cmm.org\/wp-content\/uploads\/2024\/11\/fol-scaled.jpg","width":2560,"height":1920},{"@type":"BreadcrumbList","@id":"https:\/\/mwc-cmm.org\/fr\/stories\/les-yabs-au-conseil-general-de-la-cmm\/#breadcrumb","itemListElement":[{"@type":"ListItem","position":1,"name":"Home","item":"https:\/\/mwc-cmm.org\/fr\/"},{"@type":"ListItem","position":2,"name":"Les YABs au Conseil G\u00e9n\u00e9ral de la CMM"}]},{"@type":"WebSite","@id":"https:\/\/mwc-cmm.org\/en\/#website","url":"https:\/\/mwc-cmm.org\/en\/","name":"Mennonite World Conference","description":"A communion of Anabaptist-related churches","publisher":{"@id":"https:\/\/mwc-cmm.org\/en\/#organization"},"alternateName":"MWC","potentialAction":[{"@type":"SearchAction","target":{"@type":"EntryPoint","urlTemplate":"https:\/\/mwc-cmm.org\/en\/?s={search_term_string}"},"query-input":{"@type":"PropertyValueSpecification","valueRequired":true,"valueName":"search_term_string"}}],"inLanguage":"fr-FR"},{"@type":"Organization","@id":"https:\/\/mwc-cmm.org\/en\/#organization","name":"Mennonite World Conference","alternateName":"MWC","url":"https:\/\/mwc-cmm.org\/en\/","logo":{"@type":"ImageObject","inLanguage":"fr-FR","@id":"https:\/\/mwc-cmm.org\/en\/#\/schema\/logo\/image\/","url":"https:\/\/mwc-cmm.org\/wp-content\/uploads\/2026\/01\/MWC_Sig_Blue_Horiz_webheader1-logo.svg","contentUrl":"https:\/\/mwc-cmm.org\/wp-content\/uploads\/2026\/01\/MWC_Sig_Blue_Horiz_webheader1-logo.svg","width":786,"height":82,"caption":"Mennonite World Conference"},"image":{"@id":"https:\/\/mwc-cmm.org\/en\/#\/schema\/logo\/image\/"},"sameAs":["https:\/\/www.facebook.com\/MennoniteWorldConference","https:\/\/www.linkedin.com\/company\/mennonite-world-conference-mwc\/","https:\/\/www.instagram.com\/mwcmm\/","https:\/\/www.youtube.com\/user\/mwccmm","https:\/\/bsky.app\/profile\/mwcmm.bsky.social"]},{"@type":"Person","@id":"https:\/\/mwc-cmm.org\/en\/#\/schema\/person\/11f6ae0d7d1868ba20a1cc27f067c836","name":"mennworldcon","image":{"@type":"ImageObject","inLanguage":"fr-FR","@id":"https:\/\/secure.gravatar.com\/avatar\/06fdc0dc81c157dfdb82ec42f252178a22307808988d22c043f9eb96f1e0fe80?s=96&d=mm&r=g","url":"https:\/\/secure.gravatar.com\/avatar\/06fdc0dc81c157dfdb82ec42f252178a22307808988d22c043f9eb96f1e0fe80?s=96&d=mm&r=g","contentUrl":"https:\/\/secure.gravatar.com\/avatar\/06fdc0dc81c157dfdb82ec42f252178a22307808988d22c043f9eb96f1e0fe80?s=96&d=mm&r=g","caption":"mennworldcon"},"sameAs":["https:\/\/mwc-cmm.org"],"url":"https:\/\/mwc-cmm.org\/fr\/stories\/author\/mennworldcon\/"}]}},"_links":{"self":[{"href":"https:\/\/mwc-cmm.org\/fr\/wp-json\/wp\/v2\/posts\/10000","targetHints":{"allow":["GET"]}}],"collection":[{"href":"https:\/\/mwc-cmm.org\/fr\/wp-json\/wp\/v2\/posts"}],"about":[{"href":"https:\/\/mwc-cmm.org\/fr\/wp-json\/wp\/v2\/types\/post"}],"author":[{"embeddable":true,"href":"https:\/\/mwc-cmm.org\/fr\/wp-json\/wp\/v2\/users\/1"}],"replies":[{"embeddable":true,"href":"https:\/\/mwc-cmm.org\/fr\/wp-json\/wp\/v2\/comments?post=10000"}],"version-history":[{"count":0,"href":"https:\/\/mwc-cmm.org\/fr\/wp-json\/wp\/v2\/posts\/10000\/revisions"}],"wp:featuredmedia":[{"embeddable":true,"href":"https:\/\/mwc-cmm.org\/fr\/wp-json\/wp\/v2\/media\/89872"}],"wp:attachment":[{"href":"https:\/\/mwc-cmm.org\/fr\/wp-json\/wp\/v2\/media?parent=10000"}],"wp:term":[{"taxonomy":"category","embeddable":true,"href":"https:\/\/mwc-cmm.org\/fr\/wp-json\/wp\/v2\/categories?post=10000"},{"taxonomy":"post_tag","embeddable":true,"href":"https:\/\/mwc-cmm.org\/fr\/wp-json\/wp\/v2\/tags?post=10000"},{"taxonomy":"network","embeddable":true,"href":"https:\/\/mwc-cmm.org\/fr\/wp-json\/wp\/v2\/network?post=10000"},{"taxonomy":"eventcategory","embeddable":true,"href":"https:\/\/mwc-cmm.org\/fr\/wp-json\/wp\/v2\/eventcategory?post=10000"}],"curies":[{"name":"wp","href":"https:\/\/api.w.org\/{rel}","templated":true}]}}