{"id":9511,"date":"2024-10-04T00:00:00","date_gmt":"2024-10-04T00:00:00","guid":{"rendered":"https:\/\/mwc-cmm.org\/prayer-to-hope-and-act-with-creation-2\/"},"modified":"2024-12-10T18:06:51","modified_gmt":"2024-12-10T18:06:51","slug":"oracion-esperar-y-actuar-con-la-creacion","status":"publish","type":"post","link":"https:\/\/mwc-cmm.org\/es\/stories\/oracion-esperar-y-actuar-con-la-creacion\/","title":{"rendered":"Oraci\u00f3n: \u00abesperar y actuar con la Creaci\u00f3n\u00bb"},"content":{"rendered":"<p><em>El Tiempo de la Creaci\u00f3n, iniciativa ecum\u00e9nica que se realiza cada a\u00f1o en el mes de septiembre, finaliza con la fiesta de San Francisco de As\u00eds, el 4 de octubre. Inspirados en su Canto de las Criaturas y en Romanos 8:19-25, esta oraci\u00f3n nos invita a la alabanza, al arrepentimiento y al lamento, para luego \u201cesperar y actuar junto con la Creaci\u00f3n\u201d:&nbsp;<\/em><\/p>\n<p>Dios creador de la tierra y de los cielos,<br \/>\nTe alabamos por el don de la vida,<br \/>\nPor la complejidad, la belleza, la generosidad de este mundo,<br \/>\nQue sostiene nuestra existencia y la de todas tus criaturas.<\/p>\n<p>Al mismo tiempo reconocemos la magnitud de lo que hemos hecho:<br \/>\nEl cambio clim\u00e1tico, el colapso de la biodiversidad, la contaminaci\u00f3n,<br \/>\nTodas las consecuencias sobre cada una de tus criaturas.<br \/>\nNos arrepentimos de la injusticia, la opresi\u00f3n, la destrucci\u00f3n.<\/p>\n<p>Te alabamos por el Sol, que calienta a todo ser viviente,<br \/>\nY nos lamentamos por las sequ\u00edas que perduran y empeoran.<br \/>\nTe alabamos por la Luna, que participa en el equilibrio de los sistemas terrestres,<br \/>\nY nos lamentamos por el aumento del nivel del agua que amenaza a muchas poblaciones.<br \/>\nTe alabamos por el Viento, que mantiene el ciclo del agua, vital para tus criaturas,<br \/>\nY nos lamentamos por las tormentas cada vez m\u00e1s devastadoras.<br \/>\nTe alabamos por el Agua, sin la cual no habr\u00eda vida en la tierra,<br \/>\nY nos lamentamos por las terribles inundaciones que matan y destruyen.<br \/>\nTe alabamos por el Fuego, fuente de purificaci\u00f3n y s\u00edmbolo de tu presencia para tu pueblo,<br \/>\nY nos lamentamos por los incendios cada vez m\u00e1s violentos que devoran y asfixian.<br \/>\nTe alabamos por la Tierra, cuya extravagante diversidad de frutos nos nutre,<br \/>\nY lamentamos el empobrecimiento y la contaminaci\u00f3n del suelo.<\/p>\n<p>Dios de los pueblos oprimidos, Dios de las especies en peligro de extinci\u00f3n,<br \/>\nT\u00fa ves que a menudo somos a la vez v\u00edctimas y culpables.<br \/>\nGracias por tu gracia que nos perdona una y otra vez,<br \/>\nGracias por tu promesa de que el mal no triunfar\u00e1 en la tierra ni en nuestras vidas.<\/p>\n<p>Esp\u00edritu Santo, t\u00fa intercedes por la creaci\u00f3n que gime con dolores de parto,<br \/>\nT\u00fa escuchas nuestros suspiros y nuestro sufrimiento con y por todas tus criaturas.<br \/>\nLl\u00e9nanos de esperanza por el d\u00eda glorioso en que todos tus hijos ser\u00e1n revelados,<br \/>\nY en que todo lo que hay en la tierra y en el cielo ser\u00e1 liberado.<\/p>\n<p>Jesucristo, t\u00fa nos das el ministerio de la reconciliaci\u00f3n,<br \/>\nNos muestras el camino de la humildad, de la paz y de la entrega.<br \/>\nEns\u00e9\u00f1anos a actuar con amor por nuestros hermanos y hermanas, y por todas tus criaturas,<br \/>\nMantennos en marcha para anunciar tu reino de justicia, de amor y de alegr\u00eda.<\/p>\n<p>Am\u00e9n<\/p>\n<p><em>\u2014David Nussbaumer, Grupo de Trabajo de Cuidado de la Creaci\u00f3n<\/em><\/p>\n","protected":false},"excerpt":{"rendered":"<p>El Tiempo de la Creaci\u00f3n, iniciativa ecum\u00e9nica que se realiza cada a\u00f1o en el mes de septiembre, finaliza con la fiesta de San Francisco de As\u00eds, el 4 de octubre. Inspirados en su Canto de las Criaturas y en Romanos 8:19-25, esta oraci\u00f3n nos invita a la alabanza, al arrepentimiento y al lamento, para luego [&hellip;]<\/p>\n","protected":false},"author":1,"featured_media":0,"comment_status":"closed","ping_status":"closed","sticky":false,"template":"","format":"standard","meta":{"_acf_changed":false,"footnotes":""},"categories":[],"tags":[],"network":[1306,1248],"eventcategory":[],"class_list":["post-9511","post","type-post","status-publish","format-standard","hentry","network-courier-es","network-creation-care-task-force-es"],"acf":[],"yoast_head":"<!-- This site is optimized with the Yoast SEO plugin v27.2 - https:\/\/yoast.com\/product\/yoast-seo-wordpress\/ -->\n<title>Oraci\u00f3n: \u00abesperar y actuar con la Creaci\u00f3n\u00bb - Mennonite World Conference<\/title>\n<meta name=\"robots\" content=\"index, follow, max-snippet:-1, max-image-preview:large, max-video-preview:-1\" \/>\n<link rel=\"canonical\" href=\"https:\/\/mwc-cmm.org\/es\/stories\/oracion-esperar-y-actuar-con-la-creacion\/\" \/>\n<meta property=\"og:locale\" content=\"es_ES\" \/>\n<meta property=\"og:type\" content=\"article\" \/>\n<meta property=\"og:title\" content=\"Oraci\u00f3n: \u00abesperar y actuar con la Creaci\u00f3n\u00bb - Mennonite World Conference\" \/>\n<meta property=\"og:description\" content=\"El Tiempo de la Creaci\u00f3n, iniciativa ecum\u00e9nica que se realiza cada a\u00f1o en el mes de septiembre, finaliza con la fiesta de San Francisco de As\u00eds, el 4 de octubre. Inspirados en su Canto de las Criaturas y en Romanos 8:19-25, esta oraci\u00f3n nos invita a la alabanza, al arrepentimiento y al lamento, para luego [&hellip;]\" \/>\n<meta property=\"og:url\" content=\"https:\/\/mwc-cmm.org\/es\/stories\/oracion-esperar-y-actuar-con-la-creacion\/\" \/>\n<meta property=\"og:site_name\" content=\"Mennonite World Conference\" \/>\n<meta property=\"article:publisher\" content=\"https:\/\/www.facebook.com\/MennoniteWorldConference\" \/>\n<meta property=\"article:published_time\" content=\"2024-10-04T00:00:00+00:00\" \/>\n<meta property=\"article:modified_time\" content=\"2024-12-10T18:06:51+00:00\" \/>\n<meta name=\"author\" content=\"mennworldcon\" \/>\n<script type=\"application\/ld+json\" class=\"yoast-schema-graph\">{\"@context\":\"https:\/\/schema.org\",\"@graph\":[{\"@type\":\"Article\",\"@id\":\"https:\/\/mwc-cmm.org\/es\/stories\/oracion-esperar-y-actuar-con-la-creacion\/#article\",\"isPartOf\":{\"@id\":\"https:\/\/mwc-cmm.org\/es\/stories\/oracion-esperar-y-actuar-con-la-creacion\/\"},\"author\":{\"name\":\"mennworldcon\",\"@id\":\"https:\/\/mwc-cmm.org\/en\/#\/schema\/person\/11f6ae0d7d1868ba20a1cc27f067c836\"},\"headline\":\"Oraci\u00f3n: \u00abesperar y actuar con la Creaci\u00f3n\u00bb\",\"datePublished\":\"2024-10-04T00:00:00+00:00\",\"dateModified\":\"2024-12-10T18:06:51+00:00\",\"mainEntityOfPage\":{\"@id\":\"https:\/\/mwc-cmm.org\/es\/stories\/oracion-esperar-y-actuar-con-la-creacion\/\"},\"wordCount\":499,\"publisher\":{\"@id\":\"https:\/\/mwc-cmm.org\/en\/#organization\"},\"inLanguage\":\"es\"},{\"@type\":\"WebPage\",\"@id\":\"https:\/\/mwc-cmm.org\/es\/stories\/oracion-esperar-y-actuar-con-la-creacion\/\",\"url\":\"https:\/\/mwc-cmm.org\/es\/stories\/oracion-esperar-y-actuar-con-la-creacion\/\",\"name\":\"Oraci\u00f3n: \u00abesperar y actuar con la Creaci\u00f3n\u00bb - Mennonite World Conference\",\"isPartOf\":{\"@id\":\"https:\/\/mwc-cmm.org\/en\/#website\"},\"datePublished\":\"2024-10-04T00:00:00+00:00\",\"dateModified\":\"2024-12-10T18:06:51+00:00\",\"breadcrumb\":{\"@id\":\"https:\/\/mwc-cmm.org\/es\/stories\/oracion-esperar-y-actuar-con-la-creacion\/#breadcrumb\"},\"inLanguage\":\"es\",\"potentialAction\":[{\"@type\":\"ReadAction\",\"target\":[\"https:\/\/mwc-cmm.org\/es\/stories\/oracion-esperar-y-actuar-con-la-creacion\/\"]}]},{\"@type\":\"BreadcrumbList\",\"@id\":\"https:\/\/mwc-cmm.org\/es\/stories\/oracion-esperar-y-actuar-con-la-creacion\/#breadcrumb\",\"itemListElement\":[{\"@type\":\"ListItem\",\"position\":1,\"name\":\"Home\",\"item\":\"https:\/\/mwc-cmm.org\/es\/\"},{\"@type\":\"ListItem\",\"position\":2,\"name\":\"Oraci\u00f3n: \u00abesperar y actuar con la Creaci\u00f3n\u00bb\"}]},{\"@type\":\"WebSite\",\"@id\":\"https:\/\/mwc-cmm.org\/en\/#website\",\"url\":\"https:\/\/mwc-cmm.org\/en\/\",\"name\":\"Mennonite World Conference\",\"description\":\"A communion of Anabaptist-related churches\",\"publisher\":{\"@id\":\"https:\/\/mwc-cmm.org\/en\/#organization\"},\"alternateName\":\"MWC\",\"potentialAction\":[{\"@type\":\"SearchAction\",\"target\":{\"@type\":\"EntryPoint\",\"urlTemplate\":\"https:\/\/mwc-cmm.org\/en\/?s={search_term_string}\"},\"query-input\":{\"@type\":\"PropertyValueSpecification\",\"valueRequired\":true,\"valueName\":\"search_term_string\"}}],\"inLanguage\":\"es\"},{\"@type\":\"Organization\",\"@id\":\"https:\/\/mwc-cmm.org\/en\/#organization\",\"name\":\"Mennonite World Conference\",\"alternateName\":\"MWC\",\"url\":\"https:\/\/mwc-cmm.org\/en\/\",\"logo\":{\"@type\":\"ImageObject\",\"inLanguage\":\"es\",\"@id\":\"https:\/\/mwc-cmm.org\/en\/#\/schema\/logo\/image\/\",\"url\":\"https:\/\/mwc-cmm.org\/wp-content\/uploads\/2026\/01\/MWC_Sig_Blue_Horiz_webheader1-logo.svg\",\"contentUrl\":\"https:\/\/mwc-cmm.org\/wp-content\/uploads\/2026\/01\/MWC_Sig_Blue_Horiz_webheader1-logo.svg\",\"width\":786,\"height\":82,\"caption\":\"Mennonite World Conference\"},\"image\":{\"@id\":\"https:\/\/mwc-cmm.org\/en\/#\/schema\/logo\/image\/\"},\"sameAs\":[\"https:\/\/www.facebook.com\/MennoniteWorldConference\",\"https:\/\/www.linkedin.com\/company\/mennonite-world-conference-mwc\/\",\"https:\/\/www.instagram.com\/mwcmm\/\",\"https:\/\/www.youtube.com\/user\/mwccmm\",\"https:\/\/bsky.app\/profile\/mwcmm.bsky.social\"]},{\"@type\":\"Person\",\"@id\":\"https:\/\/mwc-cmm.org\/en\/#\/schema\/person\/11f6ae0d7d1868ba20a1cc27f067c836\",\"name\":\"mennworldcon\",\"image\":{\"@type\":\"ImageObject\",\"inLanguage\":\"es\",\"@id\":\"https:\/\/secure.gravatar.com\/avatar\/06fdc0dc81c157dfdb82ec42f252178a22307808988d22c043f9eb96f1e0fe80?s=96&d=mm&r=g\",\"url\":\"https:\/\/secure.gravatar.com\/avatar\/06fdc0dc81c157dfdb82ec42f252178a22307808988d22c043f9eb96f1e0fe80?s=96&d=mm&r=g\",\"contentUrl\":\"https:\/\/secure.gravatar.com\/avatar\/06fdc0dc81c157dfdb82ec42f252178a22307808988d22c043f9eb96f1e0fe80?s=96&d=mm&r=g\",\"caption\":\"mennworldcon\"},\"sameAs\":[\"https:\/\/mwc-cmm.org\"],\"url\":\"https:\/\/mwc-cmm.org\/es\/stories\/author\/mennworldcon\/\"}]}<\/script>\n<!-- \/ Yoast SEO plugin. -->","yoast_head_json":{"title":"Oraci\u00f3n: \u00abesperar y actuar con la Creaci\u00f3n\u00bb - Mennonite World Conference","robots":{"index":"index","follow":"follow","max-snippet":"max-snippet:-1","max-image-preview":"max-image-preview:large","max-video-preview":"max-video-preview:-1"},"canonical":"https:\/\/mwc-cmm.org\/es\/stories\/oracion-esperar-y-actuar-con-la-creacion\/","og_locale":"es_ES","og_type":"article","og_title":"Oraci\u00f3n: \u00abesperar y actuar con la Creaci\u00f3n\u00bb - Mennonite World Conference","og_description":"El Tiempo de la Creaci\u00f3n, iniciativa ecum\u00e9nica que se realiza cada a\u00f1o en el mes de septiembre, finaliza con la fiesta de San Francisco de As\u00eds, el 4 de octubre. Inspirados en su Canto de las Criaturas y en Romanos 8:19-25, esta oraci\u00f3n nos invita a la alabanza, al arrepentimiento y al lamento, para luego [&hellip;]","og_url":"https:\/\/mwc-cmm.org\/es\/stories\/oracion-esperar-y-actuar-con-la-creacion\/","og_site_name":"Mennonite World Conference","article_publisher":"https:\/\/www.facebook.com\/MennoniteWorldConference","article_published_time":"2024-10-04T00:00:00+00:00","article_modified_time":"2024-12-10T18:06:51+00:00","author":"mennworldcon","schema":{"@context":"https:\/\/schema.org","@graph":[{"@type":"Article","@id":"https:\/\/mwc-cmm.org\/es\/stories\/oracion-esperar-y-actuar-con-la-creacion\/#article","isPartOf":{"@id":"https:\/\/mwc-cmm.org\/es\/stories\/oracion-esperar-y-actuar-con-la-creacion\/"},"author":{"name":"mennworldcon","@id":"https:\/\/mwc-cmm.org\/en\/#\/schema\/person\/11f6ae0d7d1868ba20a1cc27f067c836"},"headline":"Oraci\u00f3n: \u00abesperar y actuar con la Creaci\u00f3n\u00bb","datePublished":"2024-10-04T00:00:00+00:00","dateModified":"2024-12-10T18:06:51+00:00","mainEntityOfPage":{"@id":"https:\/\/mwc-cmm.org\/es\/stories\/oracion-esperar-y-actuar-con-la-creacion\/"},"wordCount":499,"publisher":{"@id":"https:\/\/mwc-cmm.org\/en\/#organization"},"inLanguage":"es"},{"@type":"WebPage","@id":"https:\/\/mwc-cmm.org\/es\/stories\/oracion-esperar-y-actuar-con-la-creacion\/","url":"https:\/\/mwc-cmm.org\/es\/stories\/oracion-esperar-y-actuar-con-la-creacion\/","name":"Oraci\u00f3n: \u00abesperar y actuar con la Creaci\u00f3n\u00bb - Mennonite World Conference","isPartOf":{"@id":"https:\/\/mwc-cmm.org\/en\/#website"},"datePublished":"2024-10-04T00:00:00+00:00","dateModified":"2024-12-10T18:06:51+00:00","breadcrumb":{"@id":"https:\/\/mwc-cmm.org\/es\/stories\/oracion-esperar-y-actuar-con-la-creacion\/#breadcrumb"},"inLanguage":"es","potentialAction":[{"@type":"ReadAction","target":["https:\/\/mwc-cmm.org\/es\/stories\/oracion-esperar-y-actuar-con-la-creacion\/"]}]},{"@type":"BreadcrumbList","@id":"https:\/\/mwc-cmm.org\/es\/stories\/oracion-esperar-y-actuar-con-la-creacion\/#breadcrumb","itemListElement":[{"@type":"ListItem","position":1,"name":"Home","item":"https:\/\/mwc-cmm.org\/es\/"},{"@type":"ListItem","position":2,"name":"Oraci\u00f3n: \u00abesperar y actuar con la Creaci\u00f3n\u00bb"}]},{"@type":"WebSite","@id":"https:\/\/mwc-cmm.org\/en\/#website","url":"https:\/\/mwc-cmm.org\/en\/","name":"Mennonite World Conference","description":"A communion of Anabaptist-related churches","publisher":{"@id":"https:\/\/mwc-cmm.org\/en\/#organization"},"alternateName":"MWC","potentialAction":[{"@type":"SearchAction","target":{"@type":"EntryPoint","urlTemplate":"https:\/\/mwc-cmm.org\/en\/?s={search_term_string}"},"query-input":{"@type":"PropertyValueSpecification","valueRequired":true,"valueName":"search_term_string"}}],"inLanguage":"es"},{"@type":"Organization","@id":"https:\/\/mwc-cmm.org\/en\/#organization","name":"Mennonite World Conference","alternateName":"MWC","url":"https:\/\/mwc-cmm.org\/en\/","logo":{"@type":"ImageObject","inLanguage":"es","@id":"https:\/\/mwc-cmm.org\/en\/#\/schema\/logo\/image\/","url":"https:\/\/mwc-cmm.org\/wp-content\/uploads\/2026\/01\/MWC_Sig_Blue_Horiz_webheader1-logo.svg","contentUrl":"https:\/\/mwc-cmm.org\/wp-content\/uploads\/2026\/01\/MWC_Sig_Blue_Horiz_webheader1-logo.svg","width":786,"height":82,"caption":"Mennonite World Conference"},"image":{"@id":"https:\/\/mwc-cmm.org\/en\/#\/schema\/logo\/image\/"},"sameAs":["https:\/\/www.facebook.com\/MennoniteWorldConference","https:\/\/www.linkedin.com\/company\/mennonite-world-conference-mwc\/","https:\/\/www.instagram.com\/mwcmm\/","https:\/\/www.youtube.com\/user\/mwccmm","https:\/\/bsky.app\/profile\/mwcmm.bsky.social"]},{"@type":"Person","@id":"https:\/\/mwc-cmm.org\/en\/#\/schema\/person\/11f6ae0d7d1868ba20a1cc27f067c836","name":"mennworldcon","image":{"@type":"ImageObject","inLanguage":"es","@id":"https:\/\/secure.gravatar.com\/avatar\/06fdc0dc81c157dfdb82ec42f252178a22307808988d22c043f9eb96f1e0fe80?s=96&d=mm&r=g","url":"https:\/\/secure.gravatar.com\/avatar\/06fdc0dc81c157dfdb82ec42f252178a22307808988d22c043f9eb96f1e0fe80?s=96&d=mm&r=g","contentUrl":"https:\/\/secure.gravatar.com\/avatar\/06fdc0dc81c157dfdb82ec42f252178a22307808988d22c043f9eb96f1e0fe80?s=96&d=mm&r=g","caption":"mennworldcon"},"sameAs":["https:\/\/mwc-cmm.org"],"url":"https:\/\/mwc-cmm.org\/es\/stories\/author\/mennworldcon\/"}]}},"_links":{"self":[{"href":"https:\/\/mwc-cmm.org\/es\/wp-json\/wp\/v2\/posts\/9511","targetHints":{"allow":["GET"]}}],"collection":[{"href":"https:\/\/mwc-cmm.org\/es\/wp-json\/wp\/v2\/posts"}],"about":[{"href":"https:\/\/mwc-cmm.org\/es\/wp-json\/wp\/v2\/types\/post"}],"author":[{"embeddable":true,"href":"https:\/\/mwc-cmm.org\/es\/wp-json\/wp\/v2\/users\/1"}],"replies":[{"embeddable":true,"href":"https:\/\/mwc-cmm.org\/es\/wp-json\/wp\/v2\/comments?post=9511"}],"version-history":[{"count":0,"href":"https:\/\/mwc-cmm.org\/es\/wp-json\/wp\/v2\/posts\/9511\/revisions"}],"wp:attachment":[{"href":"https:\/\/mwc-cmm.org\/es\/wp-json\/wp\/v2\/media?parent=9511"}],"wp:term":[{"taxonomy":"category","embeddable":true,"href":"https:\/\/mwc-cmm.org\/es\/wp-json\/wp\/v2\/categories?post=9511"},{"taxonomy":"post_tag","embeddable":true,"href":"https:\/\/mwc-cmm.org\/es\/wp-json\/wp\/v2\/tags?post=9511"},{"taxonomy":"network","embeddable":true,"href":"https:\/\/mwc-cmm.org\/es\/wp-json\/wp\/v2\/network?post=9511"},{"taxonomy":"eventcategory","embeddable":true,"href":"https:\/\/mwc-cmm.org\/es\/wp-json\/wp\/v2\/eventcategory?post=9511"}],"curies":[{"name":"wp","href":"https:\/\/api.w.org\/{rel}","templated":true}]}}