{"id":9509,"date":"2024-09-24T00:00:00","date_gmt":"2024-09-24T00:00:00","guid":{"rendered":"https:\/\/mwc-cmm.org\/counting-on-love-2\/"},"modified":"2024-12-10T18:06:50","modified_gmt":"2024-12-10T18:06:50","slug":"apostar-por-el-amor","status":"publish","type":"post","link":"https:\/\/mwc-cmm.org\/es\/stories\/apostar-por-el-amor\/","title":{"rendered":"Apostar por el Amor"},"content":{"rendered":"<p><em>En el 2025, el movimiento anabautista mundial conmemorar\u00e1 500 a\u00f1os de existencia. El Congreso Mundial Menonita invita a todos a un importante evento que tendr\u00e1 lugar el D\u00eda de la Ascensi\u00f3n, el 29 de mayo del 2025, en Z\u00farich, Suiza.<\/em><\/p>\n<p>Incluso a medida que recordamos un pasado lejano, el enfoque de la conmemoraci\u00f3n est\u00e1 en la realidad actual del movimiento anabautista.<\/p>\n<ul>\n<li>\u00bfQui\u00e9nes somos hoy como comuni\u00f3n mundial?<\/li>\n<li>\u00bfQu\u00e9 es importante para nosotros?<\/li>\n<li>\u00bfA qu\u00e9 estamos comprometidos en este mundo?<\/li>\n<\/ul>\n<p>Cuando miramos atr\u00e1s, a los 500 a\u00f1os de historia de nuestro movimiento, queremos compartir lo que somos y lo que tenemos, no s\u00f3lo con otras iglesias. El compromiso \u2013en este mundo\u2013 con la paz, la reconciliaci\u00f3n, la unidad, por medio de las cuales podemos vislumbrar el reino de paz de Cristo que est\u00e1 por venir: estos son elementos clave de c\u00f3mo los anabautistas entendemos el discipulado hoy en d\u00eda.<\/p>\n<p>Hemos reunido estos compromisos bajo el lema \u201cLa valent\u00eda de amar\u201d.<\/p>\n<p>Hace falta valent\u00eda para defender la reconciliaci\u00f3n en una sociedad desgarrada por la polarizaci\u00f3n.<\/p>\n<p>Hace falta valent\u00eda para situarse entre las l\u00edneas divisorias, para escuchar y tratar de comprender lo que motiva a los dem\u00e1s.<\/p>\n<p>Hace falta valent\u00eda para centrarse en el amor en lugar de en la influencia, el poder y el control.<\/p>\n<p>En un mundo en el que las personas exigen a viva voz tomar una postura y diferenciarse de aquellos con quienes no quieren ser identificados, hace falta valent\u00eda para apostar por el amor. Un amor que est\u00e9 dispuesto a dar la vida por los enemigos, tal como Cristo dio la suya por los enemigos.<\/p>\n<p>El amor va m\u00e1s all\u00e1 de la no violencia: es un compromiso valiente de encarnar el amor de Dios en este mundo.<\/p>\n<p>Por ejemplo, los hermanos y hermanas de Etiop\u00eda que, en medio de la violencia de una guerra civil, hacen p\u00fablico el hecho de que no portan armas.<\/p>\n<p>Las personas que buscan seguir a Cristo en medio de los conflictos en Myanmar o Ucrania, a menudo entran en los espacios entre l\u00edneas mientras buscan caminos m\u00e1s all\u00e1 de la confrontaci\u00f3n violenta.<\/p>\n<ul>\n<li>\u00bfQu\u00e9 pasa con nosotros hoy aqu\u00ed?<\/li>\n<li>\u00bfEn d\u00f3nde se necesita nuestra valiente acci\u00f3n en amor hoy?<\/li>\n<li>\u00bfC\u00f3mo podemos interponernos de manera \u00fatil en la vanguardia? \u00bfC\u00f3mo podemos dar testimonio de un Dios que se entrega para reconciliar al mundo?<\/li>\n<\/ul>\n<p><em>\u2014J\u00fcrg Br\u00e4ker es secretario general de la Conferencia Menonita Suiza, representante del Comit\u00e9 Ejecutivo del CMM para Europa y miembro del comit\u00e9 organizador del evento.&nbsp;<\/em><\/p>\n<hr>\n<h5>Una versi\u00f3n de este art\u00edculo se public\u00f3 por primera vez en el bolet\u00edn electr\u00f3nico mensual de Konferenz der Mennoniten der Schweiz \/ Conf\u00e9rence Mennonite Suisse.<\/h5>\n","protected":false},"excerpt":{"rendered":"<p>En el 2025, el movimiento anabautista mundial conmemorar\u00e1 500 a\u00f1os de existencia. El Congreso Mundial Menonita invita a todos a un importante evento que tendr\u00e1 lugar el D\u00eda de la Ascensi\u00f3n, el 29 de mayo del 2025, en Z\u00farich, Suiza. Incluso a medida que recordamos un pasado lejano, el enfoque de la conmemoraci\u00f3n est\u00e1 en [&hellip;]<\/p>\n","protected":false},"author":1,"featured_media":98604,"comment_status":"closed","ping_status":"closed","sticky":false,"template":"","format":"standard","meta":{"_acf_changed":false,"footnotes":""},"categories":[6],"tags":[518,517,434,435,426,438],"network":[],"eventcategory":[1509,1484],"class_list":["post-9509","post","type-post","status-publish","format-standard","has-post-thumbnail","hentry","category-sin-categorizar","tag-500-es","tag-celebrar-equipar-adorar-500-anos-de-anabautismo","tag-historia","tag-identidad","tag-identity","tag-la-valentia-de-amar","eventcategory-500-the-courage-to-love-es","eventcategory-renewal-2028-es"],"acf":[],"yoast_head":"<!-- This site is optimized with the Yoast SEO plugin v27.2 - https:\/\/yoast.com\/product\/yoast-seo-wordpress\/ -->\n<title>Apostar por el Amor - Mennonite World Conference<\/title>\n<meta name=\"robots\" content=\"index, follow, max-snippet:-1, max-image-preview:large, max-video-preview:-1\" \/>\n<link rel=\"canonical\" href=\"https:\/\/mwc-cmm.org\/es\/stories\/apostar-por-el-amor\/\" \/>\n<meta property=\"og:locale\" content=\"es_ES\" \/>\n<meta property=\"og:type\" content=\"article\" \/>\n<meta property=\"og:title\" content=\"Apostar por el Amor - Mennonite World Conference\" \/>\n<meta property=\"og:description\" content=\"En el 2025, el movimiento anabautista mundial conmemorar\u00e1 500 a\u00f1os de existencia. El Congreso Mundial Menonita invita a todos a un importante evento que tendr\u00e1 lugar el D\u00eda de la Ascensi\u00f3n, el 29 de mayo del 2025, en Z\u00farich, Suiza. Incluso a medida que recordamos un pasado lejano, el enfoque de la conmemoraci\u00f3n est\u00e1 en [&hellip;]\" \/>\n<meta property=\"og:url\" content=\"https:\/\/mwc-cmm.org\/es\/stories\/apostar-por-el-amor\/\" \/>\n<meta property=\"og:site_name\" content=\"Mennonite World Conference\" \/>\n<meta property=\"article:publisher\" content=\"https:\/\/www.facebook.com\/MennoniteWorldConference\" \/>\n<meta property=\"article:published_time\" content=\"2024-09-24T00:00:00+00:00\" \/>\n<meta property=\"article:modified_time\" content=\"2024-12-10T18:06:50+00:00\" \/>\n<meta property=\"og:image\" content=\"https:\/\/mwc-cmm.org\/wp-content\/uploads\/2024\/11\/202405pankajanuragimg_2726-scaled.jpg\" \/>\n\t<meta property=\"og:image:width\" content=\"2560\" \/>\n\t<meta property=\"og:image:height\" content=\"1440\" \/>\n\t<meta property=\"og:image:type\" content=\"image\/jpeg\" \/>\n<meta name=\"author\" content=\"mennworldcon\" \/>\n<script type=\"application\/ld+json\" class=\"yoast-schema-graph\">{\"@context\":\"https:\/\/schema.org\",\"@graph\":[{\"@type\":\"Article\",\"@id\":\"https:\/\/mwc-cmm.org\/es\/stories\/apostar-por-el-amor\/#article\",\"isPartOf\":{\"@id\":\"https:\/\/mwc-cmm.org\/es\/stories\/apostar-por-el-amor\/\"},\"author\":{\"name\":\"mennworldcon\",\"@id\":\"https:\/\/mwc-cmm.org\/en\/#\/schema\/person\/11f6ae0d7d1868ba20a1cc27f067c836\"},\"headline\":\"Apostar por el Amor\",\"datePublished\":\"2024-09-24T00:00:00+00:00\",\"dateModified\":\"2024-12-10T18:06:50+00:00\",\"mainEntityOfPage\":{\"@id\":\"https:\/\/mwc-cmm.org\/es\/stories\/apostar-por-el-amor\/\"},\"wordCount\":476,\"publisher\":{\"@id\":\"https:\/\/mwc-cmm.org\/en\/#organization\"},\"image\":{\"@id\":\"https:\/\/mwc-cmm.org\/es\/stories\/apostar-por-el-amor\/#primaryimage\"},\"thumbnailUrl\":\"https:\/\/mwc-cmm.org\/wp-content\/uploads\/2024\/11\/202405pankajanuragimg_2726-scaled.jpg\",\"keywords\":[\"500\",\"Celebrar, equipar, adorar: 500 a\u00f1os de anabautismo\",\"historia\",\"identidad\",\"identity\",\"La valent\u00eda de amar\"],\"articleSection\":[\"Sin categorizar\"],\"inLanguage\":\"es\"},{\"@type\":\"WebPage\",\"@id\":\"https:\/\/mwc-cmm.org\/es\/stories\/apostar-por-el-amor\/\",\"url\":\"https:\/\/mwc-cmm.org\/es\/stories\/apostar-por-el-amor\/\",\"name\":\"Apostar por el Amor - Mennonite World Conference\",\"isPartOf\":{\"@id\":\"https:\/\/mwc-cmm.org\/en\/#website\"},\"primaryImageOfPage\":{\"@id\":\"https:\/\/mwc-cmm.org\/es\/stories\/apostar-por-el-amor\/#primaryimage\"},\"image\":{\"@id\":\"https:\/\/mwc-cmm.org\/es\/stories\/apostar-por-el-amor\/#primaryimage\"},\"thumbnailUrl\":\"https:\/\/mwc-cmm.org\/wp-content\/uploads\/2024\/11\/202405pankajanuragimg_2726-scaled.jpg\",\"datePublished\":\"2024-09-24T00:00:00+00:00\",\"dateModified\":\"2024-12-10T18:06:50+00:00\",\"breadcrumb\":{\"@id\":\"https:\/\/mwc-cmm.org\/es\/stories\/apostar-por-el-amor\/#breadcrumb\"},\"inLanguage\":\"es\",\"potentialAction\":[{\"@type\":\"ReadAction\",\"target\":[\"https:\/\/mwc-cmm.org\/es\/stories\/apostar-por-el-amor\/\"]}]},{\"@type\":\"ImageObject\",\"inLanguage\":\"es\",\"@id\":\"https:\/\/mwc-cmm.org\/es\/stories\/apostar-por-el-amor\/#primaryimage\",\"url\":\"https:\/\/mwc-cmm.org\/wp-content\/uploads\/2024\/11\/202405pankajanuragimg_2726-scaled.jpg\",\"contentUrl\":\"https:\/\/mwc-cmm.org\/wp-content\/uploads\/2024\/11\/202405pankajanuragimg_2726-scaled.jpg\",\"width\":2560,\"height\":1440},{\"@type\":\"BreadcrumbList\",\"@id\":\"https:\/\/mwc-cmm.org\/es\/stories\/apostar-por-el-amor\/#breadcrumb\",\"itemListElement\":[{\"@type\":\"ListItem\",\"position\":1,\"name\":\"Home\",\"item\":\"https:\/\/mwc-cmm.org\/es\/\"},{\"@type\":\"ListItem\",\"position\":2,\"name\":\"Apostar por el Amor\"}]},{\"@type\":\"WebSite\",\"@id\":\"https:\/\/mwc-cmm.org\/en\/#website\",\"url\":\"https:\/\/mwc-cmm.org\/en\/\",\"name\":\"Mennonite World Conference\",\"description\":\"A communion of Anabaptist-related churches\",\"publisher\":{\"@id\":\"https:\/\/mwc-cmm.org\/en\/#organization\"},\"alternateName\":\"MWC\",\"potentialAction\":[{\"@type\":\"SearchAction\",\"target\":{\"@type\":\"EntryPoint\",\"urlTemplate\":\"https:\/\/mwc-cmm.org\/en\/?s={search_term_string}\"},\"query-input\":{\"@type\":\"PropertyValueSpecification\",\"valueRequired\":true,\"valueName\":\"search_term_string\"}}],\"inLanguage\":\"es\"},{\"@type\":\"Organization\",\"@id\":\"https:\/\/mwc-cmm.org\/en\/#organization\",\"name\":\"Mennonite World Conference\",\"alternateName\":\"MWC\",\"url\":\"https:\/\/mwc-cmm.org\/en\/\",\"logo\":{\"@type\":\"ImageObject\",\"inLanguage\":\"es\",\"@id\":\"https:\/\/mwc-cmm.org\/en\/#\/schema\/logo\/image\/\",\"url\":\"https:\/\/mwc-cmm.org\/wp-content\/uploads\/2026\/01\/MWC_Sig_Blue_Horiz_webheader1-logo.svg\",\"contentUrl\":\"https:\/\/mwc-cmm.org\/wp-content\/uploads\/2026\/01\/MWC_Sig_Blue_Horiz_webheader1-logo.svg\",\"width\":786,\"height\":82,\"caption\":\"Mennonite World Conference\"},\"image\":{\"@id\":\"https:\/\/mwc-cmm.org\/en\/#\/schema\/logo\/image\/\"},\"sameAs\":[\"https:\/\/www.facebook.com\/MennoniteWorldConference\",\"https:\/\/www.linkedin.com\/company\/mennonite-world-conference-mwc\/\",\"https:\/\/www.instagram.com\/mwcmm\/\",\"https:\/\/www.youtube.com\/user\/mwccmm\",\"https:\/\/bsky.app\/profile\/mwcmm.bsky.social\"]},{\"@type\":\"Person\",\"@id\":\"https:\/\/mwc-cmm.org\/en\/#\/schema\/person\/11f6ae0d7d1868ba20a1cc27f067c836\",\"name\":\"mennworldcon\",\"image\":{\"@type\":\"ImageObject\",\"inLanguage\":\"es\",\"@id\":\"https:\/\/secure.gravatar.com\/avatar\/06fdc0dc81c157dfdb82ec42f252178a22307808988d22c043f9eb96f1e0fe80?s=96&d=mm&r=g\",\"url\":\"https:\/\/secure.gravatar.com\/avatar\/06fdc0dc81c157dfdb82ec42f252178a22307808988d22c043f9eb96f1e0fe80?s=96&d=mm&r=g\",\"contentUrl\":\"https:\/\/secure.gravatar.com\/avatar\/06fdc0dc81c157dfdb82ec42f252178a22307808988d22c043f9eb96f1e0fe80?s=96&d=mm&r=g\",\"caption\":\"mennworldcon\"},\"sameAs\":[\"https:\/\/mwc-cmm.org\"],\"url\":\"https:\/\/mwc-cmm.org\/es\/stories\/author\/mennworldcon\/\"}]}<\/script>\n<!-- \/ Yoast SEO plugin. -->","yoast_head_json":{"title":"Apostar por el Amor - Mennonite World Conference","robots":{"index":"index","follow":"follow","max-snippet":"max-snippet:-1","max-image-preview":"max-image-preview:large","max-video-preview":"max-video-preview:-1"},"canonical":"https:\/\/mwc-cmm.org\/es\/stories\/apostar-por-el-amor\/","og_locale":"es_ES","og_type":"article","og_title":"Apostar por el Amor - Mennonite World Conference","og_description":"En el 2025, el movimiento anabautista mundial conmemorar\u00e1 500 a\u00f1os de existencia. El Congreso Mundial Menonita invita a todos a un importante evento que tendr\u00e1 lugar el D\u00eda de la Ascensi\u00f3n, el 29 de mayo del 2025, en Z\u00farich, Suiza. Incluso a medida que recordamos un pasado lejano, el enfoque de la conmemoraci\u00f3n est\u00e1 en [&hellip;]","og_url":"https:\/\/mwc-cmm.org\/es\/stories\/apostar-por-el-amor\/","og_site_name":"Mennonite World Conference","article_publisher":"https:\/\/www.facebook.com\/MennoniteWorldConference","article_published_time":"2024-09-24T00:00:00+00:00","article_modified_time":"2024-12-10T18:06:50+00:00","og_image":[{"width":2560,"height":1440,"url":"https:\/\/mwc-cmm.org\/wp-content\/uploads\/2024\/11\/202405pankajanuragimg_2726-scaled.jpg","type":"image\/jpeg"}],"author":"mennworldcon","schema":{"@context":"https:\/\/schema.org","@graph":[{"@type":"Article","@id":"https:\/\/mwc-cmm.org\/es\/stories\/apostar-por-el-amor\/#article","isPartOf":{"@id":"https:\/\/mwc-cmm.org\/es\/stories\/apostar-por-el-amor\/"},"author":{"name":"mennworldcon","@id":"https:\/\/mwc-cmm.org\/en\/#\/schema\/person\/11f6ae0d7d1868ba20a1cc27f067c836"},"headline":"Apostar por el Amor","datePublished":"2024-09-24T00:00:00+00:00","dateModified":"2024-12-10T18:06:50+00:00","mainEntityOfPage":{"@id":"https:\/\/mwc-cmm.org\/es\/stories\/apostar-por-el-amor\/"},"wordCount":476,"publisher":{"@id":"https:\/\/mwc-cmm.org\/en\/#organization"},"image":{"@id":"https:\/\/mwc-cmm.org\/es\/stories\/apostar-por-el-amor\/#primaryimage"},"thumbnailUrl":"https:\/\/mwc-cmm.org\/wp-content\/uploads\/2024\/11\/202405pankajanuragimg_2726-scaled.jpg","keywords":["500","Celebrar, equipar, adorar: 500 a\u00f1os de anabautismo","historia","identidad","identity","La valent\u00eda de amar"],"articleSection":["Sin categorizar"],"inLanguage":"es"},{"@type":"WebPage","@id":"https:\/\/mwc-cmm.org\/es\/stories\/apostar-por-el-amor\/","url":"https:\/\/mwc-cmm.org\/es\/stories\/apostar-por-el-amor\/","name":"Apostar por el Amor - Mennonite World Conference","isPartOf":{"@id":"https:\/\/mwc-cmm.org\/en\/#website"},"primaryImageOfPage":{"@id":"https:\/\/mwc-cmm.org\/es\/stories\/apostar-por-el-amor\/#primaryimage"},"image":{"@id":"https:\/\/mwc-cmm.org\/es\/stories\/apostar-por-el-amor\/#primaryimage"},"thumbnailUrl":"https:\/\/mwc-cmm.org\/wp-content\/uploads\/2024\/11\/202405pankajanuragimg_2726-scaled.jpg","datePublished":"2024-09-24T00:00:00+00:00","dateModified":"2024-12-10T18:06:50+00:00","breadcrumb":{"@id":"https:\/\/mwc-cmm.org\/es\/stories\/apostar-por-el-amor\/#breadcrumb"},"inLanguage":"es","potentialAction":[{"@type":"ReadAction","target":["https:\/\/mwc-cmm.org\/es\/stories\/apostar-por-el-amor\/"]}]},{"@type":"ImageObject","inLanguage":"es","@id":"https:\/\/mwc-cmm.org\/es\/stories\/apostar-por-el-amor\/#primaryimage","url":"https:\/\/mwc-cmm.org\/wp-content\/uploads\/2024\/11\/202405pankajanuragimg_2726-scaled.jpg","contentUrl":"https:\/\/mwc-cmm.org\/wp-content\/uploads\/2024\/11\/202405pankajanuragimg_2726-scaled.jpg","width":2560,"height":1440},{"@type":"BreadcrumbList","@id":"https:\/\/mwc-cmm.org\/es\/stories\/apostar-por-el-amor\/#breadcrumb","itemListElement":[{"@type":"ListItem","position":1,"name":"Home","item":"https:\/\/mwc-cmm.org\/es\/"},{"@type":"ListItem","position":2,"name":"Apostar por el Amor"}]},{"@type":"WebSite","@id":"https:\/\/mwc-cmm.org\/en\/#website","url":"https:\/\/mwc-cmm.org\/en\/","name":"Mennonite World Conference","description":"A communion of Anabaptist-related churches","publisher":{"@id":"https:\/\/mwc-cmm.org\/en\/#organization"},"alternateName":"MWC","potentialAction":[{"@type":"SearchAction","target":{"@type":"EntryPoint","urlTemplate":"https:\/\/mwc-cmm.org\/en\/?s={search_term_string}"},"query-input":{"@type":"PropertyValueSpecification","valueRequired":true,"valueName":"search_term_string"}}],"inLanguage":"es"},{"@type":"Organization","@id":"https:\/\/mwc-cmm.org\/en\/#organization","name":"Mennonite World Conference","alternateName":"MWC","url":"https:\/\/mwc-cmm.org\/en\/","logo":{"@type":"ImageObject","inLanguage":"es","@id":"https:\/\/mwc-cmm.org\/en\/#\/schema\/logo\/image\/","url":"https:\/\/mwc-cmm.org\/wp-content\/uploads\/2026\/01\/MWC_Sig_Blue_Horiz_webheader1-logo.svg","contentUrl":"https:\/\/mwc-cmm.org\/wp-content\/uploads\/2026\/01\/MWC_Sig_Blue_Horiz_webheader1-logo.svg","width":786,"height":82,"caption":"Mennonite World Conference"},"image":{"@id":"https:\/\/mwc-cmm.org\/en\/#\/schema\/logo\/image\/"},"sameAs":["https:\/\/www.facebook.com\/MennoniteWorldConference","https:\/\/www.linkedin.com\/company\/mennonite-world-conference-mwc\/","https:\/\/www.instagram.com\/mwcmm\/","https:\/\/www.youtube.com\/user\/mwccmm","https:\/\/bsky.app\/profile\/mwcmm.bsky.social"]},{"@type":"Person","@id":"https:\/\/mwc-cmm.org\/en\/#\/schema\/person\/11f6ae0d7d1868ba20a1cc27f067c836","name":"mennworldcon","image":{"@type":"ImageObject","inLanguage":"es","@id":"https:\/\/secure.gravatar.com\/avatar\/06fdc0dc81c157dfdb82ec42f252178a22307808988d22c043f9eb96f1e0fe80?s=96&d=mm&r=g","url":"https:\/\/secure.gravatar.com\/avatar\/06fdc0dc81c157dfdb82ec42f252178a22307808988d22c043f9eb96f1e0fe80?s=96&d=mm&r=g","contentUrl":"https:\/\/secure.gravatar.com\/avatar\/06fdc0dc81c157dfdb82ec42f252178a22307808988d22c043f9eb96f1e0fe80?s=96&d=mm&r=g","caption":"mennworldcon"},"sameAs":["https:\/\/mwc-cmm.org"],"url":"https:\/\/mwc-cmm.org\/es\/stories\/author\/mennworldcon\/"}]}},"_links":{"self":[{"href":"https:\/\/mwc-cmm.org\/es\/wp-json\/wp\/v2\/posts\/9509","targetHints":{"allow":["GET"]}}],"collection":[{"href":"https:\/\/mwc-cmm.org\/es\/wp-json\/wp\/v2\/posts"}],"about":[{"href":"https:\/\/mwc-cmm.org\/es\/wp-json\/wp\/v2\/types\/post"}],"author":[{"embeddable":true,"href":"https:\/\/mwc-cmm.org\/es\/wp-json\/wp\/v2\/users\/1"}],"replies":[{"embeddable":true,"href":"https:\/\/mwc-cmm.org\/es\/wp-json\/wp\/v2\/comments?post=9509"}],"version-history":[{"count":0,"href":"https:\/\/mwc-cmm.org\/es\/wp-json\/wp\/v2\/posts\/9509\/revisions"}],"wp:featuredmedia":[{"embeddable":true,"href":"https:\/\/mwc-cmm.org\/es\/wp-json\/wp\/v2\/media\/98604"}],"wp:attachment":[{"href":"https:\/\/mwc-cmm.org\/es\/wp-json\/wp\/v2\/media?parent=9509"}],"wp:term":[{"taxonomy":"category","embeddable":true,"href":"https:\/\/mwc-cmm.org\/es\/wp-json\/wp\/v2\/categories?post=9509"},{"taxonomy":"post_tag","embeddable":true,"href":"https:\/\/mwc-cmm.org\/es\/wp-json\/wp\/v2\/tags?post=9509"},{"taxonomy":"network","embeddable":true,"href":"https:\/\/mwc-cmm.org\/es\/wp-json\/wp\/v2\/network?post=9509"},{"taxonomy":"eventcategory","embeddable":true,"href":"https:\/\/mwc-cmm.org\/es\/wp-json\/wp\/v2\/eventcategory?post=9509"}],"curies":[{"name":"wp","href":"https:\/\/api.w.org\/{rel}","templated":true}]}}