{"id":9504,"date":"2024-09-04T00:00:00","date_gmt":"2024-09-04T00:00:00","guid":{"rendered":"https:\/\/mwc-cmm.org\/a-rich-and-satisfying-life-2\/"},"modified":"2024-12-10T18:06:49","modified_gmt":"2024-12-10T18:06:49","slug":"una-vida-plena-y-en-abundancia","status":"publish","type":"post","link":"https:\/\/mwc-cmm.org\/es\/stories\/una-vida-plena-y-en-abundancia\/","title":{"rendered":"Una vida plena y en abundancia"},"content":{"rendered":"<h2>Uruguay<\/h2>\n<p>En estos \u00faltimos a\u00f1os que he participado en el Congreso Mundial Menonita y particularmente con los <a href=\"https:\/\/mwc-cmm.org\/es\/yabs\">J\u00f3venes Anabautistas (o YABs)<\/a>, ha sido maravilloso vincularme con personas de todo el mundo y enriquecerme con sus perspectivas y formas de vivir su fe. Esto me abri\u00f3 los ojos y me mostr\u00f3 a Jes\u00fas de una manera en que no lo hab\u00eda visto antes.&nbsp;<\/p>\n<p>Hoy me gustar\u00eda compartir con ustedes un testimonio de c\u00f3mo he visto a Dios actuar de una manera especial.&nbsp;<\/p>\n<p>En Uruguay tenemos hermosas playas, y a la mayor\u00eda de los uruguayos les encanta tomarse tiempo libre durante el verano para ir a la playa.&nbsp;<\/p>\n<p>Es un momento para desconectarse y descansar, pero tambi\u00e9n para la mayor\u00eda de los j\u00f3venes, para ir a bailar. Y en la iglesia tambi\u00e9n es un buen momento para hacer algo interesante con nuestros j\u00f3venes porque es enorme la presi\u00f3n para ir a bailar.&nbsp;&nbsp;<\/p>\n<p>Por eso organizamos campamentos de verano: uno para adolescentes y otro para j\u00f3venes adultos de nuestra convenci\u00f3n menonita. Todos los a\u00f1os, alrededor de cuarenta adolescentes y casi cien j\u00f3venes adultos asisten a nuestros campamentos, que se llevan a cabo en un lugar que queda justo al lado de la playa. (Esto es fant\u00e1stico, ya que podemos ir a la playa al menos dos veces al d\u00eda.)&nbsp;<\/p>\n<p>Este es el segundo a\u00f1o que he dirigido estos campamentos con un amigo y ha sido una gran bendici\u00f3n.&nbsp;<\/p>\n<h4>Charlas profundas y edificantes&nbsp;<\/h4>\n<p>Durante el campamento, tuve varias charlas muy profundas y edificantes con algunos de los participantes, que muchas veces fueron de gran bendici\u00f3n para ambas partes.&nbsp;<\/p>\n<p>Una conversaci\u00f3n en particular capt\u00f3 mi atenci\u00f3n. Una chica se me acerc\u00f3 una tarde y me pregunt\u00f3 si pod\u00eda hablar conmigo. Estuve de acuerdo y nos sentamos en el c\u00e9sped a la sombra de uno de los \u00e1rboles. Ella comparti\u00f3 conmigo parte de la historia de su vida y c\u00f3mo \u00faltimamente hab\u00eda tenido muchas dudas sobre aceptar a Jes\u00fas como su Salvador porque no se sent\u00eda lista. Despu\u00e9s de que escuch\u00f3 los mensajes en el campamento, habl\u00f3 con nuestro orador invitado y algunas otras personas, lleg\u00f3 a la conclusi\u00f3n de que el evangelio es mucho m\u00e1s simple de lo que pensaba y quer\u00eda dar el paso para aceptar a Jes\u00fas en su vida.&nbsp;<\/p>\n<p>\u00a1Tuve el gran privilegio de ayudarla a hacer esa oraci\u00f3n! Y alrededor de un mes despu\u00e9s recib\u00ed una invitaci\u00f3n para asistir a su bautismo, lo cual fue un gran honor.&nbsp;<\/p>\n<p>Hubo otra experiencia incre\u00edble en nuestro campamento juvenil. El primer d\u00eda, el orador invitado transmiti\u00f3 la importancia de compartir con los dem\u00e1s lo que nos estaba pasando. A trav\u00e9s de una actividad interactiva, nos mostr\u00f3 que todos est\u00e1bamos pasando por cosas que nos desafiaban, que estaba bien no estar bien y que era bueno compartir esto con los dem\u00e1s para sentirse apoyado. Esto fue muy alentador para todos.&nbsp;<\/p>\n<h4>Compartir con los dem\u00e1s para sentirse apoyado&nbsp;<\/h4>\n<p>En especial, me sorprendi\u00f3 c\u00f3mo un peque\u00f1o grupo de ni\u00f1os de entre trece y catorce a\u00f1os emprendieron acciones de inmediato. Todos los participantes deb\u00edan levantarse a las 7:15 de la ma\u00f1ana para practicar deporte matutino. Pero desde ese d\u00eda hasta el final del campamento, se levantaron a las 6:00 hs. Preparaban su mate, hablaban sobre sus desaf\u00edos y luego hablaban sobre la manera de fortalecerse mutuamente y lograr sus metas.&nbsp;<\/p>\n<p>Ver los frutos de todo el trabajo previo fue asombroso porque antes de los campamentos, todo el equipo sent\u00eda oposici\u00f3n. Enfrent\u00e9 muchos desaf\u00edos, luchando nuevamente con cosas que pens\u00e9 que ya hab\u00eda superado. \u00a1Pero agradecemos a Jes\u00fas que sigui\u00f3 invit\u00e1ndonos a ver todo lo que estaba a punto de hacer!&nbsp;<\/p>\n<p>Creo que Juan 10:10 es un vers\u00edculo que refleja bastante bien lo que experimentamos: \u201cEl ladr\u00f3n viene solamente para robar, matar y destruir; pero yo he venido para que tengan vida, y para que la tengan en abundancia\u201d (DHH).&nbsp;<\/p>\n<p>Durante estos tiempos dif\u00edciles, pude vislumbrar la vida plena y en abundancia que Dios ha preparado para nuestros j\u00f3venes y j\u00f3venes adultos, e incluso para m\u00ed.&nbsp;<\/p>\n<p><em>\u2014Valentina Kunze, representante de J\u00f3venes Anabautistas (YABs) para Am\u00e9rica Latina y miembro de la iglesia Konferenz der Mennonitengemeinden in Uruguay.&nbsp;<\/em><\/p>\n<p><span style=\"font-size:12px\">Este art\u00edculo es una adaptaci\u00f3n del discurso que present\u00f3 en Renovaci\u00f3n 2024, \u201cTransformados, juntos vivimos a Jes\u00fas\u201d, el 6 de abril de 2024, en Brasil.&nbsp;<\/span><\/p>\n<hr>\n<p><a href=\"https:\/\/mwc-cmm.org\/es\/resources\/correo-2024-392-3\"><img decoding=\"async\" alt=\"Correo 39.2&amp;3\" height=\"75\" data-src=\"\/sites\/default\/files\/website_files_2020\/sp_1.jpg\" style=\"--smush-placeholder-width: 825px; --smush-placeholder-aspect-ratio: 825\/75;float:left\" width=\"825\" src=\"data:image\/svg+xml;base64,PHN2ZyB3aWR0aD0iMSIgaGVpZ2h0PSIxIiB4bWxucz0iaHR0cDovL3d3dy53My5vcmcvMjAwMC9zdmciPjwvc3ZnPg==\" class=\"lazyload\"><\/a><\/p>\n","protected":false},"excerpt":{"rendered":"<p>Uruguay En estos \u00faltimos a\u00f1os que he participado en el Congreso Mundial Menonita y particularmente con los J\u00f3venes Anabautistas (o YABs), ha sido maravilloso vincularme con personas de todo el mundo y enriquecerme con sus perspectivas y formas de vivir su fe. Esto me abri\u00f3 los ojos y me mostr\u00f3 a Jes\u00fas de una manera [&hellip;]<\/p>\n","protected":false},"author":1,"featured_media":98548,"comment_status":"closed","ping_status":"closed","sticky":false,"template":"","format":"standard","meta":{"_acf_changed":false,"footnotes":""},"categories":[6],"tags":[],"network":[1306],"eventcategory":[],"class_list":["post-9504","post","type-post","status-publish","format-standard","has-post-thumbnail","hentry","category-sin-categorizar","network-courier-es"],"acf":[],"yoast_head":"<!-- This site is optimized with the Yoast SEO plugin v27.2 - https:\/\/yoast.com\/product\/yoast-seo-wordpress\/ -->\n<title>Una vida plena y en abundancia - Mennonite World Conference<\/title>\n<meta name=\"robots\" content=\"index, follow, max-snippet:-1, max-image-preview:large, max-video-preview:-1\" \/>\n<link rel=\"canonical\" href=\"https:\/\/mwc-cmm.org\/es\/stories\/una-vida-plena-y-en-abundancia\/\" \/>\n<meta property=\"og:locale\" content=\"es_ES\" \/>\n<meta property=\"og:type\" content=\"article\" \/>\n<meta property=\"og:title\" content=\"Una vida plena y en abundancia - Mennonite World Conference\" \/>\n<meta property=\"og:description\" content=\"Uruguay En estos \u00faltimos a\u00f1os que he participado en el Congreso Mundial Menonita y particularmente con los J\u00f3venes Anabautistas (o YABs), ha sido maravilloso vincularme con personas de todo el mundo y enriquecerme con sus perspectivas y formas de vivir su fe. Esto me abri\u00f3 los ojos y me mostr\u00f3 a Jes\u00fas de una manera [&hellip;]\" \/>\n<meta property=\"og:url\" content=\"https:\/\/mwc-cmm.org\/es\/stories\/una-vida-plena-y-en-abundancia\/\" \/>\n<meta property=\"og:site_name\" content=\"Mennonite World Conference\" \/>\n<meta property=\"article:publisher\" content=\"https:\/\/www.facebook.com\/MennoniteWorldConference\" \/>\n<meta property=\"article:published_time\" content=\"2024-09-04T00:00:00+00:00\" \/>\n<meta property=\"article:modified_time\" content=\"2024-12-10T18:06:49+00:00\" \/>\n<meta property=\"og:image\" content=\"https:\/\/mwc-cmm.org\/wp-content\/uploads\/2024\/11\/202404ebenezermondez_scp8551-scaled.jpg\" \/>\n\t<meta property=\"og:image:width\" content=\"2560\" \/>\n\t<meta property=\"og:image:height\" content=\"1707\" \/>\n\t<meta property=\"og:image:type\" content=\"image\/jpeg\" \/>\n<meta name=\"author\" content=\"mennworldcon\" \/>\n<script type=\"application\/ld+json\" class=\"yoast-schema-graph\">{\"@context\":\"https:\/\/schema.org\",\"@graph\":[{\"@type\":\"Article\",\"@id\":\"https:\/\/mwc-cmm.org\/es\/stories\/una-vida-plena-y-en-abundancia\/#article\",\"isPartOf\":{\"@id\":\"https:\/\/mwc-cmm.org\/es\/stories\/una-vida-plena-y-en-abundancia\/\"},\"author\":{\"name\":\"mennworldcon\",\"@id\":\"https:\/\/mwc-cmm.org\/en\/#\/schema\/person\/11f6ae0d7d1868ba20a1cc27f067c836\"},\"headline\":\"Una vida plena y en abundancia\",\"datePublished\":\"2024-09-04T00:00:00+00:00\",\"dateModified\":\"2024-12-10T18:06:49+00:00\",\"mainEntityOfPage\":{\"@id\":\"https:\/\/mwc-cmm.org\/es\/stories\/una-vida-plena-y-en-abundancia\/\"},\"wordCount\":801,\"publisher\":{\"@id\":\"https:\/\/mwc-cmm.org\/en\/#organization\"},\"image\":{\"@id\":\"https:\/\/mwc-cmm.org\/es\/stories\/una-vida-plena-y-en-abundancia\/#primaryimage\"},\"thumbnailUrl\":\"https:\/\/mwc-cmm.org\/wp-content\/uploads\/2024\/11\/202404ebenezermondez_scp8551-scaled.jpg\",\"articleSection\":[\"Sin categorizar\"],\"inLanguage\":\"es\"},{\"@type\":\"WebPage\",\"@id\":\"https:\/\/mwc-cmm.org\/es\/stories\/una-vida-plena-y-en-abundancia\/\",\"url\":\"https:\/\/mwc-cmm.org\/es\/stories\/una-vida-plena-y-en-abundancia\/\",\"name\":\"Una vida plena y en abundancia - Mennonite World Conference\",\"isPartOf\":{\"@id\":\"https:\/\/mwc-cmm.org\/en\/#website\"},\"primaryImageOfPage\":{\"@id\":\"https:\/\/mwc-cmm.org\/es\/stories\/una-vida-plena-y-en-abundancia\/#primaryimage\"},\"image\":{\"@id\":\"https:\/\/mwc-cmm.org\/es\/stories\/una-vida-plena-y-en-abundancia\/#primaryimage\"},\"thumbnailUrl\":\"https:\/\/mwc-cmm.org\/wp-content\/uploads\/2024\/11\/202404ebenezermondez_scp8551-scaled.jpg\",\"datePublished\":\"2024-09-04T00:00:00+00:00\",\"dateModified\":\"2024-12-10T18:06:49+00:00\",\"breadcrumb\":{\"@id\":\"https:\/\/mwc-cmm.org\/es\/stories\/una-vida-plena-y-en-abundancia\/#breadcrumb\"},\"inLanguage\":\"es\",\"potentialAction\":[{\"@type\":\"ReadAction\",\"target\":[\"https:\/\/mwc-cmm.org\/es\/stories\/una-vida-plena-y-en-abundancia\/\"]}]},{\"@type\":\"ImageObject\",\"inLanguage\":\"es\",\"@id\":\"https:\/\/mwc-cmm.org\/es\/stories\/una-vida-plena-y-en-abundancia\/#primaryimage\",\"url\":\"https:\/\/mwc-cmm.org\/wp-content\/uploads\/2024\/11\/202404ebenezermondez_scp8551-scaled.jpg\",\"contentUrl\":\"https:\/\/mwc-cmm.org\/wp-content\/uploads\/2024\/11\/202404ebenezermondez_scp8551-scaled.jpg\",\"width\":2560,\"height\":1707},{\"@type\":\"BreadcrumbList\",\"@id\":\"https:\/\/mwc-cmm.org\/es\/stories\/una-vida-plena-y-en-abundancia\/#breadcrumb\",\"itemListElement\":[{\"@type\":\"ListItem\",\"position\":1,\"name\":\"Home\",\"item\":\"https:\/\/mwc-cmm.org\/es\/\"},{\"@type\":\"ListItem\",\"position\":2,\"name\":\"Una vida plena y en abundancia\"}]},{\"@type\":\"WebSite\",\"@id\":\"https:\/\/mwc-cmm.org\/en\/#website\",\"url\":\"https:\/\/mwc-cmm.org\/en\/\",\"name\":\"Mennonite World Conference\",\"description\":\"A communion of Anabaptist-related churches\",\"publisher\":{\"@id\":\"https:\/\/mwc-cmm.org\/en\/#organization\"},\"alternateName\":\"MWC\",\"potentialAction\":[{\"@type\":\"SearchAction\",\"target\":{\"@type\":\"EntryPoint\",\"urlTemplate\":\"https:\/\/mwc-cmm.org\/en\/?s={search_term_string}\"},\"query-input\":{\"@type\":\"PropertyValueSpecification\",\"valueRequired\":true,\"valueName\":\"search_term_string\"}}],\"inLanguage\":\"es\"},{\"@type\":\"Organization\",\"@id\":\"https:\/\/mwc-cmm.org\/en\/#organization\",\"name\":\"Mennonite World Conference\",\"alternateName\":\"MWC\",\"url\":\"https:\/\/mwc-cmm.org\/en\/\",\"logo\":{\"@type\":\"ImageObject\",\"inLanguage\":\"es\",\"@id\":\"https:\/\/mwc-cmm.org\/en\/#\/schema\/logo\/image\/\",\"url\":\"https:\/\/mwc-cmm.org\/wp-content\/uploads\/2026\/01\/MWC_Sig_Blue_Horiz_webheader1-logo.svg\",\"contentUrl\":\"https:\/\/mwc-cmm.org\/wp-content\/uploads\/2026\/01\/MWC_Sig_Blue_Horiz_webheader1-logo.svg\",\"width\":786,\"height\":82,\"caption\":\"Mennonite World Conference\"},\"image\":{\"@id\":\"https:\/\/mwc-cmm.org\/en\/#\/schema\/logo\/image\/\"},\"sameAs\":[\"https:\/\/www.facebook.com\/MennoniteWorldConference\",\"https:\/\/www.linkedin.com\/company\/mennonite-world-conference-mwc\/\",\"https:\/\/www.instagram.com\/mwcmm\/\",\"https:\/\/www.youtube.com\/user\/mwccmm\",\"https:\/\/bsky.app\/profile\/mwcmm.bsky.social\"]},{\"@type\":\"Person\",\"@id\":\"https:\/\/mwc-cmm.org\/en\/#\/schema\/person\/11f6ae0d7d1868ba20a1cc27f067c836\",\"name\":\"mennworldcon\",\"image\":{\"@type\":\"ImageObject\",\"inLanguage\":\"es\",\"@id\":\"https:\/\/secure.gravatar.com\/avatar\/06fdc0dc81c157dfdb82ec42f252178a22307808988d22c043f9eb96f1e0fe80?s=96&d=mm&r=g\",\"url\":\"https:\/\/secure.gravatar.com\/avatar\/06fdc0dc81c157dfdb82ec42f252178a22307808988d22c043f9eb96f1e0fe80?s=96&d=mm&r=g\",\"contentUrl\":\"https:\/\/secure.gravatar.com\/avatar\/06fdc0dc81c157dfdb82ec42f252178a22307808988d22c043f9eb96f1e0fe80?s=96&d=mm&r=g\",\"caption\":\"mennworldcon\"},\"sameAs\":[\"https:\/\/mwc-cmm.org\"],\"url\":\"https:\/\/mwc-cmm.org\/es\/stories\/author\/mennworldcon\/\"}]}<\/script>\n<!-- \/ Yoast SEO plugin. -->","yoast_head_json":{"title":"Una vida plena y en abundancia - Mennonite World Conference","robots":{"index":"index","follow":"follow","max-snippet":"max-snippet:-1","max-image-preview":"max-image-preview:large","max-video-preview":"max-video-preview:-1"},"canonical":"https:\/\/mwc-cmm.org\/es\/stories\/una-vida-plena-y-en-abundancia\/","og_locale":"es_ES","og_type":"article","og_title":"Una vida plena y en abundancia - Mennonite World Conference","og_description":"Uruguay En estos \u00faltimos a\u00f1os que he participado en el Congreso Mundial Menonita y particularmente con los J\u00f3venes Anabautistas (o YABs), ha sido maravilloso vincularme con personas de todo el mundo y enriquecerme con sus perspectivas y formas de vivir su fe. Esto me abri\u00f3 los ojos y me mostr\u00f3 a Jes\u00fas de una manera [&hellip;]","og_url":"https:\/\/mwc-cmm.org\/es\/stories\/una-vida-plena-y-en-abundancia\/","og_site_name":"Mennonite World Conference","article_publisher":"https:\/\/www.facebook.com\/MennoniteWorldConference","article_published_time":"2024-09-04T00:00:00+00:00","article_modified_time":"2024-12-10T18:06:49+00:00","og_image":[{"width":2560,"height":1707,"url":"https:\/\/mwc-cmm.org\/wp-content\/uploads\/2024\/11\/202404ebenezermondez_scp8551-scaled.jpg","type":"image\/jpeg"}],"author":"mennworldcon","schema":{"@context":"https:\/\/schema.org","@graph":[{"@type":"Article","@id":"https:\/\/mwc-cmm.org\/es\/stories\/una-vida-plena-y-en-abundancia\/#article","isPartOf":{"@id":"https:\/\/mwc-cmm.org\/es\/stories\/una-vida-plena-y-en-abundancia\/"},"author":{"name":"mennworldcon","@id":"https:\/\/mwc-cmm.org\/en\/#\/schema\/person\/11f6ae0d7d1868ba20a1cc27f067c836"},"headline":"Una vida plena y en abundancia","datePublished":"2024-09-04T00:00:00+00:00","dateModified":"2024-12-10T18:06:49+00:00","mainEntityOfPage":{"@id":"https:\/\/mwc-cmm.org\/es\/stories\/una-vida-plena-y-en-abundancia\/"},"wordCount":801,"publisher":{"@id":"https:\/\/mwc-cmm.org\/en\/#organization"},"image":{"@id":"https:\/\/mwc-cmm.org\/es\/stories\/una-vida-plena-y-en-abundancia\/#primaryimage"},"thumbnailUrl":"https:\/\/mwc-cmm.org\/wp-content\/uploads\/2024\/11\/202404ebenezermondez_scp8551-scaled.jpg","articleSection":["Sin categorizar"],"inLanguage":"es"},{"@type":"WebPage","@id":"https:\/\/mwc-cmm.org\/es\/stories\/una-vida-plena-y-en-abundancia\/","url":"https:\/\/mwc-cmm.org\/es\/stories\/una-vida-plena-y-en-abundancia\/","name":"Una vida plena y en abundancia - Mennonite World Conference","isPartOf":{"@id":"https:\/\/mwc-cmm.org\/en\/#website"},"primaryImageOfPage":{"@id":"https:\/\/mwc-cmm.org\/es\/stories\/una-vida-plena-y-en-abundancia\/#primaryimage"},"image":{"@id":"https:\/\/mwc-cmm.org\/es\/stories\/una-vida-plena-y-en-abundancia\/#primaryimage"},"thumbnailUrl":"https:\/\/mwc-cmm.org\/wp-content\/uploads\/2024\/11\/202404ebenezermondez_scp8551-scaled.jpg","datePublished":"2024-09-04T00:00:00+00:00","dateModified":"2024-12-10T18:06:49+00:00","breadcrumb":{"@id":"https:\/\/mwc-cmm.org\/es\/stories\/una-vida-plena-y-en-abundancia\/#breadcrumb"},"inLanguage":"es","potentialAction":[{"@type":"ReadAction","target":["https:\/\/mwc-cmm.org\/es\/stories\/una-vida-plena-y-en-abundancia\/"]}]},{"@type":"ImageObject","inLanguage":"es","@id":"https:\/\/mwc-cmm.org\/es\/stories\/una-vida-plena-y-en-abundancia\/#primaryimage","url":"https:\/\/mwc-cmm.org\/wp-content\/uploads\/2024\/11\/202404ebenezermondez_scp8551-scaled.jpg","contentUrl":"https:\/\/mwc-cmm.org\/wp-content\/uploads\/2024\/11\/202404ebenezermondez_scp8551-scaled.jpg","width":2560,"height":1707},{"@type":"BreadcrumbList","@id":"https:\/\/mwc-cmm.org\/es\/stories\/una-vida-plena-y-en-abundancia\/#breadcrumb","itemListElement":[{"@type":"ListItem","position":1,"name":"Home","item":"https:\/\/mwc-cmm.org\/es\/"},{"@type":"ListItem","position":2,"name":"Una vida plena y en abundancia"}]},{"@type":"WebSite","@id":"https:\/\/mwc-cmm.org\/en\/#website","url":"https:\/\/mwc-cmm.org\/en\/","name":"Mennonite World Conference","description":"A communion of Anabaptist-related churches","publisher":{"@id":"https:\/\/mwc-cmm.org\/en\/#organization"},"alternateName":"MWC","potentialAction":[{"@type":"SearchAction","target":{"@type":"EntryPoint","urlTemplate":"https:\/\/mwc-cmm.org\/en\/?s={search_term_string}"},"query-input":{"@type":"PropertyValueSpecification","valueRequired":true,"valueName":"search_term_string"}}],"inLanguage":"es"},{"@type":"Organization","@id":"https:\/\/mwc-cmm.org\/en\/#organization","name":"Mennonite World Conference","alternateName":"MWC","url":"https:\/\/mwc-cmm.org\/en\/","logo":{"@type":"ImageObject","inLanguage":"es","@id":"https:\/\/mwc-cmm.org\/en\/#\/schema\/logo\/image\/","url":"https:\/\/mwc-cmm.org\/wp-content\/uploads\/2026\/01\/MWC_Sig_Blue_Horiz_webheader1-logo.svg","contentUrl":"https:\/\/mwc-cmm.org\/wp-content\/uploads\/2026\/01\/MWC_Sig_Blue_Horiz_webheader1-logo.svg","width":786,"height":82,"caption":"Mennonite World Conference"},"image":{"@id":"https:\/\/mwc-cmm.org\/en\/#\/schema\/logo\/image\/"},"sameAs":["https:\/\/www.facebook.com\/MennoniteWorldConference","https:\/\/www.linkedin.com\/company\/mennonite-world-conference-mwc\/","https:\/\/www.instagram.com\/mwcmm\/","https:\/\/www.youtube.com\/user\/mwccmm","https:\/\/bsky.app\/profile\/mwcmm.bsky.social"]},{"@type":"Person","@id":"https:\/\/mwc-cmm.org\/en\/#\/schema\/person\/11f6ae0d7d1868ba20a1cc27f067c836","name":"mennworldcon","image":{"@type":"ImageObject","inLanguage":"es","@id":"https:\/\/secure.gravatar.com\/avatar\/06fdc0dc81c157dfdb82ec42f252178a22307808988d22c043f9eb96f1e0fe80?s=96&d=mm&r=g","url":"https:\/\/secure.gravatar.com\/avatar\/06fdc0dc81c157dfdb82ec42f252178a22307808988d22c043f9eb96f1e0fe80?s=96&d=mm&r=g","contentUrl":"https:\/\/secure.gravatar.com\/avatar\/06fdc0dc81c157dfdb82ec42f252178a22307808988d22c043f9eb96f1e0fe80?s=96&d=mm&r=g","caption":"mennworldcon"},"sameAs":["https:\/\/mwc-cmm.org"],"url":"https:\/\/mwc-cmm.org\/es\/stories\/author\/mennworldcon\/"}]}},"_links":{"self":[{"href":"https:\/\/mwc-cmm.org\/es\/wp-json\/wp\/v2\/posts\/9504","targetHints":{"allow":["GET"]}}],"collection":[{"href":"https:\/\/mwc-cmm.org\/es\/wp-json\/wp\/v2\/posts"}],"about":[{"href":"https:\/\/mwc-cmm.org\/es\/wp-json\/wp\/v2\/types\/post"}],"author":[{"embeddable":true,"href":"https:\/\/mwc-cmm.org\/es\/wp-json\/wp\/v2\/users\/1"}],"replies":[{"embeddable":true,"href":"https:\/\/mwc-cmm.org\/es\/wp-json\/wp\/v2\/comments?post=9504"}],"version-history":[{"count":0,"href":"https:\/\/mwc-cmm.org\/es\/wp-json\/wp\/v2\/posts\/9504\/revisions"}],"wp:featuredmedia":[{"embeddable":true,"href":"https:\/\/mwc-cmm.org\/es\/wp-json\/wp\/v2\/media\/98548"}],"wp:attachment":[{"href":"https:\/\/mwc-cmm.org\/es\/wp-json\/wp\/v2\/media?parent=9504"}],"wp:term":[{"taxonomy":"category","embeddable":true,"href":"https:\/\/mwc-cmm.org\/es\/wp-json\/wp\/v2\/categories?post=9504"},{"taxonomy":"post_tag","embeddable":true,"href":"https:\/\/mwc-cmm.org\/es\/wp-json\/wp\/v2\/tags?post=9504"},{"taxonomy":"network","embeddable":true,"href":"https:\/\/mwc-cmm.org\/es\/wp-json\/wp\/v2\/network?post=9504"},{"taxonomy":"eventcategory","embeddable":true,"href":"https:\/\/mwc-cmm.org\/es\/wp-json\/wp\/v2\/eventcategory?post=9504"}],"curies":[{"name":"wp","href":"https:\/\/api.w.org\/{rel}","templated":true}]}}