{"id":9503,"date":"2024-09-04T00:00:00","date_gmt":"2024-09-04T00:00:00","guid":{"rendered":"https:\/\/mwc-cmm.org\/the-gospel-without-walls-2\/"},"modified":"2024-12-10T18:06:49","modified_gmt":"2024-12-10T18:06:49","slug":"el-evangelio-sin-muros","status":"publish","type":"post","link":"https:\/\/mwc-cmm.org\/es\/stories\/el-evangelio-sin-muros\/","title":{"rendered":"El evangelio sin muros"},"content":{"rendered":"<h2>Colombia<\/h2>\n<p><strong>Llamados y escogidos para el prop\u00f3sito de Dios en la tierra&nbsp;<\/strong><\/p>\n<p>D\u00f3nde hay visi\u00f3n, hay provisi\u00f3n.&nbsp;<\/p>\n<p>Cuando la intenci\u00f3n es traer el cielo a la tierra, el respaldo de Dios es absoluto.&nbsp;<\/p>\n<p>Hace treinta y tres a\u00f1os escuchamos un llamado para la evangelizaci\u00f3n y el crecimiento de la iglesia.&nbsp;<\/p>\n<p>Oriundos del pueblo de Anolaima, comenzamos a participar en la iglesia menonita. En aquel entonces el pastor Pedro Stucky nos dio el aval para participar en el liderazgo y la direcci\u00f3n de esta comunidad. Por aquellos d\u00edas, hab\u00eda una disminuci\u00f3n de la membres\u00eda hasta el punto de querer cerrarla.&nbsp;<\/p>\n<p>En el municipio de Anolaima nunca fue sencilla la evangelizaci\u00f3n debido a su trasfondo cultural. Iniciamos las tareas de evangelizaci\u00f3n en lugares fuera del templo. Quer\u00edamos predicar el evangelio donde estuvieran los perdidos.&nbsp;<\/p>\n<p>As\u00ed que decidimos ir a las escuelas y colegios para predicarles a ni\u00f1os, ni\u00f1as y j\u00f3venes, brind\u00e1ndoles principios y valores b\u00edblicos como herramientas.&nbsp;<\/p>\n<p>Tambi\u00e9n organizamos congresos de familias con el \u00fanico prop\u00f3sito de que nos conocieran como una alternativa abierta y amplia, desarrollando una cultura del reino de Dios.&nbsp;<\/p>\n<p>Creamos una escuela para empresarios y empresarias como modelo de autosostenibilidad.&nbsp;<\/p>\n<p>Trabajamos en los parques, recuperando espacios como un ejemplo de servicio y de que es posible vivir mejor.&nbsp;<\/p>\n<p>En aquellos d\u00edas surgi\u00f3 de parte de Dios, la creaci\u00f3n de un parque para evangelizar desde la naturaleza; de hecho, los cielos cuentan la gloria de Dios y el firmamento anuncia la obra de sus manos (Salmos 19).&nbsp;<\/p>\n<p>Entonces so\u00f1amos con un parque en medio de la naturaleza, recreando la Palabra para ayudar en las necesidades y dar las buenas nuevas de salvaci\u00f3n.&nbsp;<\/p>\n<p>Es un monte alto como faro en la oscuridad, que orienta y da luz al camino de quienes no lo tienen.&nbsp;<\/p>\n<h4>\u00bfPor qu\u00e9 un parque?&nbsp;&nbsp;<\/h4>\n<p>No lo entend\u00edamos, pero empezamos a so\u00f1ar sin saber, sin dinero, pero con la intenci\u00f3n de que este sue\u00f1o era de Dios. En medio de una asamblea de cincuenta personas de la iglesia, usando un jarr\u00f3n de arcilla como s\u00edmbolo de nuestra intenci\u00f3n, sembramos una semilla de girasol y dimos inicio al sue\u00f1o de Dios de construir un parque a fin de crear un turismo de conversi\u00f3n y transformaci\u00f3n.&nbsp;<\/p>\n<p>Llev\u00f3 tiempo pero logramos invertir en una propiedad. Ahorramos USD 30 000 y compramos para luego vender una propiedad de 6 000 m\u00b2 en USD 45 000, y adquirimos un terreno de 51 000 m\u00b2 por ese monto.&nbsp;<\/p>\n<p>Cuando la visi\u00f3n es de Dios, la fe se convierte en la moneda que compra sin dinero, pues la due\u00f1a que cobraba U$S 75 000 nos honr\u00f3 sembrando el monto restante.&nbsp;<\/p>\n<p>Dios siempre es fiel en proveer para sus propios sue\u00f1os cuando los convertimos en los nuestros.&nbsp;<\/p>\n<p>Hemos tenido que aprender a confiar en Dios y aprender que la obra es de \u00e9l, y que nosotros tan solo lo acompa\u00f1amos.&nbsp;<\/p>\n<h4>Un encuentro con Dios&nbsp;<\/h4>\n<p>IGLEPARQUE presenta momentos de la narraci\u00f3n b\u00edblica, en un entorno natural. Respetamos la naturaleza y aprovechamos la majestuosidad de colores, diversidad de aves y fauna que enriquecen el panorama b\u00edblico.&nbsp;<\/p>\n<p>En el transcurso de un a\u00f1o, atendemos entre dos mil a tres mil visitantes del parque, incluidos ni\u00f1os peque\u00f1os, familias y congregaciones, que transmiten de boca en boca para que otras personas vengan.&nbsp;<\/p>\n<p>Nuestro prop\u00f3sito es alentar a los visitantes en su fe y en cada una de sus necesidades sentidas, sean emocionales o f\u00edsicas, orient\u00e1ndolos y brind\u00e1ndoles luz en su camino, por medio del conocimiento de Jesucristo.&nbsp;<\/p>\n<p>Trasmitimos un mensaje de paz, ya que este es nuestra misi\u00f3n como menonitas.&nbsp;<\/p>\n<p>IgleParque es un espacio abierto en un ambiente natural, donde los visitantes se llevan una experiencia ilimitada con Dios, ya que los cielos de este proyecto rompen el l\u00edmite que obstaculizan su encuentro con su Creador. La creatividad es el instrumento primario para una evangelizaci\u00f3n diferente, contempor\u00e1nea pero con elementos b\u00edblicos.&nbsp;<\/p>\n<p>Para quien lo visita, el parque es una voz de esperanza ya que para cualquier necesidad hay una soluci\u00f3n. Hay diecisiete espacios para compartir el consejo b\u00edblico e interactuar con las buenas nuevas de salvaci\u00f3n.&nbsp;<\/p>\n<p>IgleParque es una bendici\u00f3n no solo para los visitantes sino para la propia ciudad, y a trav\u00e9s de \u00e9l, para hoteles, restaurantes y medios de transporte. Ha sido un punto de encuentro para visitas internacionales por la cercan\u00eda con la capital Bogot\u00e1, pues estamos a solo 70 km de distancia. As\u00ed que IgleParque se ha vuelto un lugar para visitar que abre la puerta a la evangelizaci\u00f3n.&nbsp;<\/p>\n<p>Dios nos ha dado la estrategia para una evangelizaci\u00f3n sin l\u00edmites. Se trata de un recorrido de dos horas que recrea la fe, la historia y la convicci\u00f3n para quienes tenemos la necesidad de Dios.&nbsp;<\/p>\n<p>Estamos en un 60% de la construcci\u00f3n del parque, seg\u00fan la visi\u00f3n. Pero la comunidad est\u00e1 comprometida con terminar lo que Dios fielmente empez\u00f3 con nosotros.&nbsp;<\/p>\n<h4>La pasi\u00f3n impulsa el trabajo&nbsp;<\/h4>\n<p>Durante m\u00e1s de diez a\u00f1os, hemos desarrollado el proyecto de IgleParque paso a paso. Es un proceso con altibajos, pero no perdemos el \u00e1nimo pues Dios nos ha dado su fortaleza. Estamos aprendiendo a construir mediante el poder de la Palabra, la fe y la perseverancia, haciendo posible lo imposible y visible lo invisible.&nbsp;<\/p>\n<p>En el proceso Dios ha sumado a personas, una tras otra hasta convertirnos en un equipo y en una familia, con toda la pasi\u00f3n de convertir un sue\u00f1o en hechos.&nbsp;<\/p>\n<p>Aprendimos a construir con el modelo de Jes\u00fas sirviendo y administrando los recursos divinos, humanos y f\u00edsicos, transform\u00e1ndolos con la creatividad y la bendici\u00f3n que Dios coloca en nuestras manos.&nbsp;<\/p>\n<p>Esperamos ser inspiraci\u00f3n, motivaci\u00f3n y testimonio para el cumplimiento de la Gran Comisi\u00f3n de ir a todas las naciones y hacer disc\u00edpulos desde la perspectiva de un evangelio pacificador (Mateo 28:19), pero sobre todo de fe en Dios y en su Palabra.&nbsp;<\/p>\n<p><em>\u2014Eduardo y Lucy Bautista, han servido en la comunidad de l\u00edderes de la Iglesia Menonita Anolaimo, Colombia, durante m\u00e1s de treinta a\u00f1os.&nbsp;<\/em><\/p>\n<hr>\n<p><a href=\"https:\/\/mwc-cmm.org\/es\/resources\/correo-2024-392-3\"><img decoding=\"async\" alt=\"Correo 39.2&amp;3\" height=\"75\" data-src=\"\/sites\/default\/files\/website_files_2020\/sp_1.jpg\" style=\"--smush-placeholder-width: 825px; --smush-placeholder-aspect-ratio: 825\/75;float:left\" width=\"825\" src=\"data:image\/svg+xml;base64,PHN2ZyB3aWR0aD0iMSIgaGVpZ2h0PSIxIiB4bWxucz0iaHR0cDovL3d3dy53My5vcmcvMjAwMC9zdmciPjwvc3ZnPg==\" class=\"lazyload\"><\/a><\/p>\n","protected":false},"excerpt":{"rendered":"<p>Colombia Llamados y escogidos para el prop\u00f3sito de Dios en la tierra&nbsp; D\u00f3nde hay visi\u00f3n, hay provisi\u00f3n.&nbsp; Cuando la intenci\u00f3n es traer el cielo a la tierra, el respaldo de Dios es absoluto.&nbsp; Hace treinta y tres a\u00f1os escuchamos un llamado para la evangelizaci\u00f3n y el crecimiento de la iglesia.&nbsp; Oriundos del pueblo de Anolaima, [&hellip;]<\/p>\n","protected":false},"author":1,"featured_media":98534,"comment_status":"closed","ping_status":"closed","sticky":false,"template":"","format":"standard","meta":{"_acf_changed":false,"footnotes":""},"categories":[1184],"tags":[],"network":[1306],"eventcategory":[],"class_list":["post-9503","post","type-post","status-publish","format-standard","has-post-thumbnail","hentry","category-courier-sp","network-courier-es"],"acf":[],"yoast_head":"<!-- This site is optimized with the Yoast SEO plugin v27.2 - https:\/\/yoast.com\/product\/yoast-seo-wordpress\/ -->\n<title>El evangelio sin muros - Mennonite World Conference<\/title>\n<meta name=\"robots\" content=\"index, follow, max-snippet:-1, max-image-preview:large, max-video-preview:-1\" \/>\n<link rel=\"canonical\" href=\"https:\/\/mwc-cmm.org\/es\/stories\/el-evangelio-sin-muros\/\" \/>\n<meta property=\"og:locale\" content=\"es_ES\" \/>\n<meta property=\"og:type\" content=\"article\" \/>\n<meta property=\"og:title\" content=\"El evangelio sin muros - Mennonite World Conference\" \/>\n<meta property=\"og:description\" content=\"Colombia Llamados y escogidos para el prop\u00f3sito de Dios en la tierra&nbsp; D\u00f3nde hay visi\u00f3n, hay provisi\u00f3n.&nbsp; Cuando la intenci\u00f3n es traer el cielo a la tierra, el respaldo de Dios es absoluto.&nbsp; Hace treinta y tres a\u00f1os escuchamos un llamado para la evangelizaci\u00f3n y el crecimiento de la iglesia.&nbsp; Oriundos del pueblo de Anolaima, [&hellip;]\" \/>\n<meta property=\"og:url\" content=\"https:\/\/mwc-cmm.org\/es\/stories\/el-evangelio-sin-muros\/\" \/>\n<meta property=\"og:site_name\" content=\"Mennonite World Conference\" \/>\n<meta property=\"article:publisher\" content=\"https:\/\/www.facebook.com\/MennoniteWorldConference\" \/>\n<meta property=\"article:published_time\" content=\"2024-09-04T00:00:00+00:00\" \/>\n<meta property=\"article:modified_time\" content=\"2024-12-10T18:06:49+00:00\" \/>\n<meta property=\"og:image\" content=\"https:\/\/mwc-cmm.org\/wp-content\/uploads\/2024\/11\/andrewsuderman-bogota-jars-2.jpg\" \/>\n\t<meta property=\"og:image:width\" content=\"1600\" \/>\n\t<meta property=\"og:image:height\" content=\"1200\" \/>\n\t<meta property=\"og:image:type\" content=\"image\/jpeg\" \/>\n<meta name=\"author\" content=\"mennworldcon\" \/>\n<script type=\"application\/ld+json\" class=\"yoast-schema-graph\">{\"@context\":\"https:\/\/schema.org\",\"@graph\":[{\"@type\":\"Article\",\"@id\":\"https:\/\/mwc-cmm.org\/es\/stories\/el-evangelio-sin-muros\/#article\",\"isPartOf\":{\"@id\":\"https:\/\/mwc-cmm.org\/es\/stories\/el-evangelio-sin-muros\/\"},\"author\":{\"name\":\"mennworldcon\",\"@id\":\"https:\/\/mwc-cmm.org\/en\/#\/schema\/person\/11f6ae0d7d1868ba20a1cc27f067c836\"},\"headline\":\"El evangelio sin muros\",\"datePublished\":\"2024-09-04T00:00:00+00:00\",\"dateModified\":\"2024-12-10T18:06:49+00:00\",\"mainEntityOfPage\":{\"@id\":\"https:\/\/mwc-cmm.org\/es\/stories\/el-evangelio-sin-muros\/\"},\"wordCount\":1098,\"publisher\":{\"@id\":\"https:\/\/mwc-cmm.org\/en\/#organization\"},\"image\":{\"@id\":\"https:\/\/mwc-cmm.org\/es\/stories\/el-evangelio-sin-muros\/#primaryimage\"},\"thumbnailUrl\":\"https:\/\/mwc-cmm.org\/wp-content\/uploads\/2024\/11\/andrewsuderman-bogota-jars-2.jpg\",\"articleSection\":[\"Correo\"],\"inLanguage\":\"es\"},{\"@type\":\"WebPage\",\"@id\":\"https:\/\/mwc-cmm.org\/es\/stories\/el-evangelio-sin-muros\/\",\"url\":\"https:\/\/mwc-cmm.org\/es\/stories\/el-evangelio-sin-muros\/\",\"name\":\"El evangelio sin muros - Mennonite World Conference\",\"isPartOf\":{\"@id\":\"https:\/\/mwc-cmm.org\/en\/#website\"},\"primaryImageOfPage\":{\"@id\":\"https:\/\/mwc-cmm.org\/es\/stories\/el-evangelio-sin-muros\/#primaryimage\"},\"image\":{\"@id\":\"https:\/\/mwc-cmm.org\/es\/stories\/el-evangelio-sin-muros\/#primaryimage\"},\"thumbnailUrl\":\"https:\/\/mwc-cmm.org\/wp-content\/uploads\/2024\/11\/andrewsuderman-bogota-jars-2.jpg\",\"datePublished\":\"2024-09-04T00:00:00+00:00\",\"dateModified\":\"2024-12-10T18:06:49+00:00\",\"breadcrumb\":{\"@id\":\"https:\/\/mwc-cmm.org\/es\/stories\/el-evangelio-sin-muros\/#breadcrumb\"},\"inLanguage\":\"es\",\"potentialAction\":[{\"@type\":\"ReadAction\",\"target\":[\"https:\/\/mwc-cmm.org\/es\/stories\/el-evangelio-sin-muros\/\"]}]},{\"@type\":\"ImageObject\",\"inLanguage\":\"es\",\"@id\":\"https:\/\/mwc-cmm.org\/es\/stories\/el-evangelio-sin-muros\/#primaryimage\",\"url\":\"https:\/\/mwc-cmm.org\/wp-content\/uploads\/2024\/11\/andrewsuderman-bogota-jars-2.jpg\",\"contentUrl\":\"https:\/\/mwc-cmm.org\/wp-content\/uploads\/2024\/11\/andrewsuderman-bogota-jars-2.jpg\",\"width\":1600,\"height\":1200},{\"@type\":\"BreadcrumbList\",\"@id\":\"https:\/\/mwc-cmm.org\/es\/stories\/el-evangelio-sin-muros\/#breadcrumb\",\"itemListElement\":[{\"@type\":\"ListItem\",\"position\":1,\"name\":\"Home\",\"item\":\"https:\/\/mwc-cmm.org\/es\/\"},{\"@type\":\"ListItem\",\"position\":2,\"name\":\"El evangelio sin muros\"}]},{\"@type\":\"WebSite\",\"@id\":\"https:\/\/mwc-cmm.org\/en\/#website\",\"url\":\"https:\/\/mwc-cmm.org\/en\/\",\"name\":\"Mennonite World Conference\",\"description\":\"A communion of Anabaptist-related churches\",\"publisher\":{\"@id\":\"https:\/\/mwc-cmm.org\/en\/#organization\"},\"alternateName\":\"MWC\",\"potentialAction\":[{\"@type\":\"SearchAction\",\"target\":{\"@type\":\"EntryPoint\",\"urlTemplate\":\"https:\/\/mwc-cmm.org\/en\/?s={search_term_string}\"},\"query-input\":{\"@type\":\"PropertyValueSpecification\",\"valueRequired\":true,\"valueName\":\"search_term_string\"}}],\"inLanguage\":\"es\"},{\"@type\":\"Organization\",\"@id\":\"https:\/\/mwc-cmm.org\/en\/#organization\",\"name\":\"Mennonite World Conference\",\"alternateName\":\"MWC\",\"url\":\"https:\/\/mwc-cmm.org\/en\/\",\"logo\":{\"@type\":\"ImageObject\",\"inLanguage\":\"es\",\"@id\":\"https:\/\/mwc-cmm.org\/en\/#\/schema\/logo\/image\/\",\"url\":\"https:\/\/mwc-cmm.org\/wp-content\/uploads\/2026\/01\/MWC_Sig_Blue_Horiz_webheader1-logo.svg\",\"contentUrl\":\"https:\/\/mwc-cmm.org\/wp-content\/uploads\/2026\/01\/MWC_Sig_Blue_Horiz_webheader1-logo.svg\",\"width\":786,\"height\":82,\"caption\":\"Mennonite World Conference\"},\"image\":{\"@id\":\"https:\/\/mwc-cmm.org\/en\/#\/schema\/logo\/image\/\"},\"sameAs\":[\"https:\/\/www.facebook.com\/MennoniteWorldConference\",\"https:\/\/www.linkedin.com\/company\/mennonite-world-conference-mwc\/\",\"https:\/\/www.instagram.com\/mwcmm\/\",\"https:\/\/www.youtube.com\/user\/mwccmm\",\"https:\/\/bsky.app\/profile\/mwcmm.bsky.social\"]},{\"@type\":\"Person\",\"@id\":\"https:\/\/mwc-cmm.org\/en\/#\/schema\/person\/11f6ae0d7d1868ba20a1cc27f067c836\",\"name\":\"mennworldcon\",\"image\":{\"@type\":\"ImageObject\",\"inLanguage\":\"es\",\"@id\":\"https:\/\/secure.gravatar.com\/avatar\/06fdc0dc81c157dfdb82ec42f252178a22307808988d22c043f9eb96f1e0fe80?s=96&d=mm&r=g\",\"url\":\"https:\/\/secure.gravatar.com\/avatar\/06fdc0dc81c157dfdb82ec42f252178a22307808988d22c043f9eb96f1e0fe80?s=96&d=mm&r=g\",\"contentUrl\":\"https:\/\/secure.gravatar.com\/avatar\/06fdc0dc81c157dfdb82ec42f252178a22307808988d22c043f9eb96f1e0fe80?s=96&d=mm&r=g\",\"caption\":\"mennworldcon\"},\"sameAs\":[\"https:\/\/mwc-cmm.org\"],\"url\":\"https:\/\/mwc-cmm.org\/es\/stories\/author\/mennworldcon\/\"}]}<\/script>\n<!-- \/ Yoast SEO plugin. -->","yoast_head_json":{"title":"El evangelio sin muros - Mennonite World Conference","robots":{"index":"index","follow":"follow","max-snippet":"max-snippet:-1","max-image-preview":"max-image-preview:large","max-video-preview":"max-video-preview:-1"},"canonical":"https:\/\/mwc-cmm.org\/es\/stories\/el-evangelio-sin-muros\/","og_locale":"es_ES","og_type":"article","og_title":"El evangelio sin muros - Mennonite World Conference","og_description":"Colombia Llamados y escogidos para el prop\u00f3sito de Dios en la tierra&nbsp; D\u00f3nde hay visi\u00f3n, hay provisi\u00f3n.&nbsp; Cuando la intenci\u00f3n es traer el cielo a la tierra, el respaldo de Dios es absoluto.&nbsp; Hace treinta y tres a\u00f1os escuchamos un llamado para la evangelizaci\u00f3n y el crecimiento de la iglesia.&nbsp; Oriundos del pueblo de Anolaima, [&hellip;]","og_url":"https:\/\/mwc-cmm.org\/es\/stories\/el-evangelio-sin-muros\/","og_site_name":"Mennonite World Conference","article_publisher":"https:\/\/www.facebook.com\/MennoniteWorldConference","article_published_time":"2024-09-04T00:00:00+00:00","article_modified_time":"2024-12-10T18:06:49+00:00","og_image":[{"width":1600,"height":1200,"url":"https:\/\/mwc-cmm.org\/wp-content\/uploads\/2024\/11\/andrewsuderman-bogota-jars-2.jpg","type":"image\/jpeg"}],"author":"mennworldcon","schema":{"@context":"https:\/\/schema.org","@graph":[{"@type":"Article","@id":"https:\/\/mwc-cmm.org\/es\/stories\/el-evangelio-sin-muros\/#article","isPartOf":{"@id":"https:\/\/mwc-cmm.org\/es\/stories\/el-evangelio-sin-muros\/"},"author":{"name":"mennworldcon","@id":"https:\/\/mwc-cmm.org\/en\/#\/schema\/person\/11f6ae0d7d1868ba20a1cc27f067c836"},"headline":"El evangelio sin muros","datePublished":"2024-09-04T00:00:00+00:00","dateModified":"2024-12-10T18:06:49+00:00","mainEntityOfPage":{"@id":"https:\/\/mwc-cmm.org\/es\/stories\/el-evangelio-sin-muros\/"},"wordCount":1098,"publisher":{"@id":"https:\/\/mwc-cmm.org\/en\/#organization"},"image":{"@id":"https:\/\/mwc-cmm.org\/es\/stories\/el-evangelio-sin-muros\/#primaryimage"},"thumbnailUrl":"https:\/\/mwc-cmm.org\/wp-content\/uploads\/2024\/11\/andrewsuderman-bogota-jars-2.jpg","articleSection":["Correo"],"inLanguage":"es"},{"@type":"WebPage","@id":"https:\/\/mwc-cmm.org\/es\/stories\/el-evangelio-sin-muros\/","url":"https:\/\/mwc-cmm.org\/es\/stories\/el-evangelio-sin-muros\/","name":"El evangelio sin muros - Mennonite World Conference","isPartOf":{"@id":"https:\/\/mwc-cmm.org\/en\/#website"},"primaryImageOfPage":{"@id":"https:\/\/mwc-cmm.org\/es\/stories\/el-evangelio-sin-muros\/#primaryimage"},"image":{"@id":"https:\/\/mwc-cmm.org\/es\/stories\/el-evangelio-sin-muros\/#primaryimage"},"thumbnailUrl":"https:\/\/mwc-cmm.org\/wp-content\/uploads\/2024\/11\/andrewsuderman-bogota-jars-2.jpg","datePublished":"2024-09-04T00:00:00+00:00","dateModified":"2024-12-10T18:06:49+00:00","breadcrumb":{"@id":"https:\/\/mwc-cmm.org\/es\/stories\/el-evangelio-sin-muros\/#breadcrumb"},"inLanguage":"es","potentialAction":[{"@type":"ReadAction","target":["https:\/\/mwc-cmm.org\/es\/stories\/el-evangelio-sin-muros\/"]}]},{"@type":"ImageObject","inLanguage":"es","@id":"https:\/\/mwc-cmm.org\/es\/stories\/el-evangelio-sin-muros\/#primaryimage","url":"https:\/\/mwc-cmm.org\/wp-content\/uploads\/2024\/11\/andrewsuderman-bogota-jars-2.jpg","contentUrl":"https:\/\/mwc-cmm.org\/wp-content\/uploads\/2024\/11\/andrewsuderman-bogota-jars-2.jpg","width":1600,"height":1200},{"@type":"BreadcrumbList","@id":"https:\/\/mwc-cmm.org\/es\/stories\/el-evangelio-sin-muros\/#breadcrumb","itemListElement":[{"@type":"ListItem","position":1,"name":"Home","item":"https:\/\/mwc-cmm.org\/es\/"},{"@type":"ListItem","position":2,"name":"El evangelio sin muros"}]},{"@type":"WebSite","@id":"https:\/\/mwc-cmm.org\/en\/#website","url":"https:\/\/mwc-cmm.org\/en\/","name":"Mennonite World Conference","description":"A communion of Anabaptist-related churches","publisher":{"@id":"https:\/\/mwc-cmm.org\/en\/#organization"},"alternateName":"MWC","potentialAction":[{"@type":"SearchAction","target":{"@type":"EntryPoint","urlTemplate":"https:\/\/mwc-cmm.org\/en\/?s={search_term_string}"},"query-input":{"@type":"PropertyValueSpecification","valueRequired":true,"valueName":"search_term_string"}}],"inLanguage":"es"},{"@type":"Organization","@id":"https:\/\/mwc-cmm.org\/en\/#organization","name":"Mennonite World Conference","alternateName":"MWC","url":"https:\/\/mwc-cmm.org\/en\/","logo":{"@type":"ImageObject","inLanguage":"es","@id":"https:\/\/mwc-cmm.org\/en\/#\/schema\/logo\/image\/","url":"https:\/\/mwc-cmm.org\/wp-content\/uploads\/2026\/01\/MWC_Sig_Blue_Horiz_webheader1-logo.svg","contentUrl":"https:\/\/mwc-cmm.org\/wp-content\/uploads\/2026\/01\/MWC_Sig_Blue_Horiz_webheader1-logo.svg","width":786,"height":82,"caption":"Mennonite World Conference"},"image":{"@id":"https:\/\/mwc-cmm.org\/en\/#\/schema\/logo\/image\/"},"sameAs":["https:\/\/www.facebook.com\/MennoniteWorldConference","https:\/\/www.linkedin.com\/company\/mennonite-world-conference-mwc\/","https:\/\/www.instagram.com\/mwcmm\/","https:\/\/www.youtube.com\/user\/mwccmm","https:\/\/bsky.app\/profile\/mwcmm.bsky.social"]},{"@type":"Person","@id":"https:\/\/mwc-cmm.org\/en\/#\/schema\/person\/11f6ae0d7d1868ba20a1cc27f067c836","name":"mennworldcon","image":{"@type":"ImageObject","inLanguage":"es","@id":"https:\/\/secure.gravatar.com\/avatar\/06fdc0dc81c157dfdb82ec42f252178a22307808988d22c043f9eb96f1e0fe80?s=96&d=mm&r=g","url":"https:\/\/secure.gravatar.com\/avatar\/06fdc0dc81c157dfdb82ec42f252178a22307808988d22c043f9eb96f1e0fe80?s=96&d=mm&r=g","contentUrl":"https:\/\/secure.gravatar.com\/avatar\/06fdc0dc81c157dfdb82ec42f252178a22307808988d22c043f9eb96f1e0fe80?s=96&d=mm&r=g","caption":"mennworldcon"},"sameAs":["https:\/\/mwc-cmm.org"],"url":"https:\/\/mwc-cmm.org\/es\/stories\/author\/mennworldcon\/"}]}},"_links":{"self":[{"href":"https:\/\/mwc-cmm.org\/es\/wp-json\/wp\/v2\/posts\/9503","targetHints":{"allow":["GET"]}}],"collection":[{"href":"https:\/\/mwc-cmm.org\/es\/wp-json\/wp\/v2\/posts"}],"about":[{"href":"https:\/\/mwc-cmm.org\/es\/wp-json\/wp\/v2\/types\/post"}],"author":[{"embeddable":true,"href":"https:\/\/mwc-cmm.org\/es\/wp-json\/wp\/v2\/users\/1"}],"replies":[{"embeddable":true,"href":"https:\/\/mwc-cmm.org\/es\/wp-json\/wp\/v2\/comments?post=9503"}],"version-history":[{"count":0,"href":"https:\/\/mwc-cmm.org\/es\/wp-json\/wp\/v2\/posts\/9503\/revisions"}],"wp:featuredmedia":[{"embeddable":true,"href":"https:\/\/mwc-cmm.org\/es\/wp-json\/wp\/v2\/media\/98534"}],"wp:attachment":[{"href":"https:\/\/mwc-cmm.org\/es\/wp-json\/wp\/v2\/media?parent=9503"}],"wp:term":[{"taxonomy":"category","embeddable":true,"href":"https:\/\/mwc-cmm.org\/es\/wp-json\/wp\/v2\/categories?post=9503"},{"taxonomy":"post_tag","embeddable":true,"href":"https:\/\/mwc-cmm.org\/es\/wp-json\/wp\/v2\/tags?post=9503"},{"taxonomy":"network","embeddable":true,"href":"https:\/\/mwc-cmm.org\/es\/wp-json\/wp\/v2\/network?post=9503"},{"taxonomy":"eventcategory","embeddable":true,"href":"https:\/\/mwc-cmm.org\/es\/wp-json\/wp\/v2\/eventcategory?post=9503"}],"curies":[{"name":"wp","href":"https:\/\/api.w.org\/{rel}","templated":true}]}}