{"id":9500,"date":"2024-09-05T00:00:00","date_gmt":"2024-09-05T00:00:00","guid":{"rendered":"https:\/\/mwc-cmm.org\/faithfulness-in-action-2\/"},"modified":"2024-12-10T18:06:46","modified_gmt":"2024-12-10T18:06:46","slug":"fidelidad-en-accion","status":"publish","type":"post","link":"https:\/\/mwc-cmm.org\/es\/stories\/fidelidad-en-accion\/","title":{"rendered":"Fidelidad en acci\u00f3n\u202f"},"content":{"rendered":"<h2>La crisis ambiental y nuestro mandato de cuidar de la creaci\u00f3n&nbsp;<\/h2>\n<hr>\n<h5>Una palabra de aliento de la <a href=\"https:\/\/mwc-cmm.org\/es\/node\/143\">Comisi\u00f3n de Fe y Vida del CMM<\/a> y del <a href=\"https:\/\/mwc-cmm.org\/es\/grupo-de-trabajo-de-cuidado-de-la-creacion\">Grupo de Trabajo de Cuidado de la Creaci\u00f3n<\/a><\/h5>\n<h4>Parte 2 de 2&nbsp;<\/h4>\n<p>\u201cEl cuidado de la creaci\u00f3n\u201d est\u00e1 adquiriendo una urgencia cada vez mayor.&nbsp;<\/p>\n<p>Las noticias nos recuerdan a diario sobre los alarmantes cambios en nuestro clima. Estamos siendo testigos de una violencia terrible contra la amada creaci\u00f3n de Dios, y cada vez somos m\u00e1s conscientes de que tanto compartimos el da\u00f1o, tanto en el rol de pecadores como el de v\u00edctimas. &nbsp;<\/p>\n<p>\u00bfC\u00f3mo respondemos?&nbsp;<\/p>\n<p>Nuestras respuestas seguramente variar\u00e1n seg\u00fan el lugar donde vivamos, nuestros recursos, la profundidad de nuestra fe, nuestra teolog\u00eda y nuestra voluntad de responder al llamado del momento. &nbsp;<\/p>\n<p>La pecaminosidad humana ha roto nuestra relaci\u00f3n con Dios, con los dem\u00e1s y con la creaci\u00f3n en toda su diversidad. Pero el Esp\u00edritu misericordioso y liberador de Dios est\u00e1 produciendo una \u201cnueva creaci\u00f3n\u201d en y a trav\u00e9s de Cristo (2 Corintios 5:17).&nbsp;<\/p>\n<p>\u00bfQu\u00e9 nos est\u00e1 diciendo ese Esp\u00edritu en este momento?&nbsp;<\/p>\n<h2>El eslogan del CMM y el Cuidado de la Creaci\u00f3n&nbsp;<\/h2>\n<p>No es de extra\u00f1ar que <a href=\"https:\/\/mwc-cmm.org\/es\/node\/143\">el lema del CMM <\/a><em> \u201cSeguir a Jes\u00fas, vivir la unidad, construir la paz\u201d <\/em>haga eco de las <a href=\"https:\/\/mwc-cmm.org\/es\/convicciones-compartidas\">Convicciones Compartidas.<\/a> El Esp\u00edritu puede usarlo para ayudarnos en nuestra fidelidad ambiental.&nbsp;<\/p>\n<h4>Seguir a Jes\u00fas&nbsp;<\/h4>\n<p>El lema otorga el primer lugar a \u201cseguir a Jes\u00fas\u201d. El Jes\u00fas a quien hemos prometido seguir no es solo el sanador y maestro de los Evangelios, sino tambi\u00e9n el Cristo que crea y mantiene unida a toda la creaci\u00f3n en su abrazo transformador y re-creador (Colosenses 1:17). No podemos seguir a Jes\u00fas sin participar del amor redentor del Creador por este mundo, \u00a1cada parte del mismo! No podemos seguirlo sin cuidado amoroso, sencillez y generosidad.&nbsp;<\/p>\n<h4>Vivir la unidad&nbsp;<\/h4>\n<p>El segundo punto es \u201cvivir la unidad\u201d. El centro de la oraci\u00f3n de Jes\u00fas por nosotros como sus seguidores en Juan 17 es que seamos uno. \u00bfCon qui\u00e9n debemos ser uno? \u00bfCon qui\u00e9n debemos vivir la unidad?&nbsp;<\/p>\n<p>La<strong> primera <\/strong>inquietud de Jes\u00fas es que seamos uno con \u00e9l, como \u00e9l es uno con su Padre (\u00a1y el nuestro!) (Juan 17:21-23). \u201a\u00c4\u00e3\u201a\u00c4\u00e3La unidad con Dios significa que compartimos el amor del Creador por todo el cosmos (Juan 3:16, 17). Nosotros tambi\u00e9n debemos ser la \u201cluz del cosmos\u201d, como afirma Jes\u00fas en el Serm\u00f3n del Monte (Mateo 5:14, Juan 3:21).&nbsp;<\/p>\n<p>Como cuerpo de ese Cristo creador y redentor, debemos participar como cuidadores, protectores y guardianes de la creaci\u00f3n. As\u00ed como el Sabbath fue el gran acto de Dios de cuidado de la creaci\u00f3n (Lev\u00edtico 25), honramos el Sabbath cuando permitimos que la creaci\u00f3n descanse de nuestra explotaci\u00f3n incesante y descuidada de la riqueza de la tierra.&nbsp;<\/p>\n<p>En<strong> segundo<\/strong> lugar, debemos ser uno con los dem\u00e1s, sin escatimar esfuerzos para mantener la unidad que crea el Esp\u00edritu (Efesios 2:18; 4:3). Encarnamos esta unidad en solidaridad activa con aquellos en el cuerpo de Cristo que est\u00e1n sufriendo los efectos de la crisis ambiental (1 Corintios 12:26). Esta solidaridad se extiende a toda la humanidad y se pondr\u00e1 cada vez m\u00e1s a prueba a medida que aumente el impacto en las poblaciones vulnerables.&nbsp;<\/p>\n<p>Vivimos esta unidad tambi\u00e9n al orar unos por otros para que tengamos el valor de dejar de da\u00f1ar la creaci\u00f3n y, por lo tanto, a los dem\u00e1s. Tenemos mucho que confesar, mucho que perdonar y mucho que cambiar a medida que caminamos en unidad como el cuerpo de Cristo.&nbsp;<\/p>\n<p>En<strong> tercer<\/strong> lugar, el hecho de que Dios haya \u201creunido en Cristo todas las cosas, tanto las del cielo como las de la tierra\u201d (Ef. 1:10) nos recuerda nuestra profunda unidad con toda la creaci\u00f3n, una unidad de todas las cosas en Cristo. Nos regocijamos en la belleza y la abundancia de la creaci\u00f3n, pero tambi\u00e9n compartimos el dolor de Dios cuando la creaci\u00f3n sufre, especialmente cuando est\u00e1 en nuestras manos.&nbsp;<\/p>\n<p>Entonces, confesamos y nos arrepentimos de nuestra negativa a escuchar el sufrimiento de la creaci\u00f3n y de nuestro fracaso en vivir de acuerdo con el mandato que Jes\u00fas nos dio como disc\u00edpulos, es decir, proclamar el evangelio de salvaci\u00f3n a toda la creaci\u00f3n (Marcos 16:15).&nbsp;<\/p>\n<p>En<strong> cuarto<\/strong> lugar, no s\u00f3lo estamos en unidad con Dios, sino que Dios est\u00e1 en unidad con nosotros. No estamos solos. El Esp\u00edritu, el aliento de vida que el Creador da a toda la creaci\u00f3n, mora en nosotros, gui\u00e1ndonos, sosteni\u00e9ndonos y fortaleci\u00e9ndonos en nuestra determinaci\u00f3n de ser fieles (Romanos 8:9-27; 1 Corintios 12; G\u00e1latas 5:22-25; Efesios 4:4; Filipenses 2:12-13). No nos atrevamos a apagar o contristar a este Esp\u00edritu (1 Tesalonicenses 5:19) al dejar de participar del amor y el cuidado del Creador por nuestro hogar terrenal.&nbsp;<\/p>\n<h4>Construir la paz &nbsp;<\/h4>\n<p>El tercer elemento del lema es \u201cconstruir la paz\u201d. La palabra hebrea para paz es shalom, que significa sobre todo \u201cplenitud\u201d y \u201cbienestar\u201d. Shalom es la mejor descripci\u00f3n de ese primer Sabbath en el que Dios contempl\u00f3 la creaci\u00f3n en toda su realidad material y la llam\u00f3 \u201cmuy buena\u201d (G\u00e9nesis 1:25; 2:2-3).&nbsp;<\/p>\n<p>Comprometernos a \u201cconstruir la paz\u201d es hacer todo lo que podamos para abandonar nuestros caminos ruinosos y participar como cocreadores con Dios en el \u201cministerio de la reconciliaci\u00f3n\u201d (2 Corintios 5:16-21, Colosenses 1:20), que incluye el cuidado de la creaci\u00f3n en toda su diversidad. Construir la paz es trabajar para restaurar la creaci\u00f3n a su plenitud, donde la paz y la justicia volver\u00e1n a abrazarse y besarse (Salmo 85:10).&nbsp;<\/p>\n<h3>El fundamento de nuestra esperanza&nbsp;<\/h3>\n<p>Luchamos con preguntas inquietantes: \u00bfHay esperanza para este mundo? \u00bfPodemos realmente marcar una diferencia con nuestros limitados conocimientos, energ\u00eda y recursos? \u00bfO este mundo desaparecer\u00e1 pronto, independientemente de nuestros esfuerzos? \u00bfEn que deber\u00edamos tener esperanza?&nbsp;<\/p>\n<p>Las Convicciones Compartidas concluyen con estas palabras:&nbsp;<\/p>\n<blockquote>\n<p>\u201cProcuramos caminar en su nombre [de Jes\u00fas] por el poder del Esp\u00edritu Santo, esperando confiadamente el regreso de Cristo y el establecimiento definitivo del reino de Dios\u201d.&nbsp;<\/p>\n<\/blockquote>\n<p>\u201cEsperar confiadamente\u201d es una manera de hablar de esperanza. Sin embargo, esta esperanza en el futuro de Dios nunca debe ser una evasi\u00f3n de nuestra responsabilidad aqu\u00ed y ahora. La esperanza nos impulsa a actuar ahora, donde estamos. Esta esperanza no es optimismo ni se basa en nuestra resiliencia o inventiva. Se basa plenamente en la fidelidad de Dios.&nbsp;<\/p>\n<p>El amor que el Creador derrama en nuestros corazones a trav\u00e9s del Esp\u00edritu (Romanos 5:1-5) nos empodera para actuar con esperanza como el cuerpo de Cristo que dio su vida para salvar este cosmos. Trabajamos con esperanza incluso mientras esperamos con fe. Toda la creaci\u00f3n gime ansiosamente esperando que pongamos en pr\u00e1ctica nuestra fe llena de esperanza (Romanos 8:22; Hebreos 11:1; 12:12-15).&nbsp;<\/p>\n<p>Hoy podr\u00edamos, por tanto, reformular la frase final de las Convicciones Compartidas de la siguiente manera: \u201cProcuramos caminar por el poder del vivificante Esp\u00edritu en el nombre de Jesucristo por medio de quien todas las cosas son creadas, redimidas y sustentadas, mientras esperamos ansiosamente y activamente el shalom que traer\u00e1 el establecimiento definitivo del reino de Dios\u201d.&nbsp;<\/p>\n<p>Pidamos al Esp\u00edritu claridad y visi\u00f3n para ayudarnos a responder fielmente al desaf\u00edo de nuestros d\u00edas.&nbsp;<\/p>\n<p>Compromet\u00e1monos a practicar el cuidado amoroso y la paciencia mutua mientras recorremos juntos este desafiante camino.&nbsp;<\/p>\n<p>Apoyemos con oraci\u00f3n al Grupo de Trabajo de Cuidado de la Creaci\u00f3n y todos los esfuerzos para responder a la crisis que enfrentamos juntos.&nbsp;<\/p>\n<p>\u221a\u00e2sta es nuestra oraci\u00f3n por la familia de fe del CMM.&nbsp;<\/p>\n<p><strong>Del Se\u00f1or es el mundo entero, con todo lo que en \u00e9l hay, con todo lo que en \u00e9l vive. Salmos 24:1&nbsp;<\/strong><\/p>\n<hr>\n<p>De los l\u00edderes de la Comisi\u00f3n de Fe y Vida y del Grupo de Trabajo de Cuidado de la Creaci\u00f3n.&nbsp;<\/p>\n<ul>\n<li>Thomas R Yoder Neufeld, presidente de la<a href=\"https:\/\/mwc-cmm.org\/es\/node\/143\"> Comisi\u00f3n de Fe y Vida<\/a>, miembro de la Primera Iglesia Menonita, Kitchener, Ontario, Canad\u00e1.&nbsp;<\/li>\n<li> Anicka Fast, secretaria de la <a href=\"https:\/\/mwc-cmm.org\/es\/node\/143\">Comisi\u00f3n de Fe y Vida<\/a>, miembro de Doopsgezind Gemeente Bussum-Naarden, Pa\u00edses Bajos.&nbsp;<\/li>\n<li> Doug Graber Neufeld, presidente del Grupo de Trabajo de <a href=\"https:\/\/mwc-cmm.org\/es\/grupo-de-trabajo-de-cuidado-de-la-creacion\">Cuidado de la Creaci\u00f3n,<\/a> miembro de la Iglesia Menonita Community, Harrisonburg, Virginia, EE.UU. &nbsp;<\/li>\n<\/ul>\n<hr>\n<p>\u00bfTe perdiste la primera parte el mes pasado? Lee <a href=\"https:\/\/mwc-cmm.org\/es\/stories\/tanto-amo-dios-al-cosmos\"><strong>\u201cTanto am\u00f3 Dios al cosmos\u201a\u00c4\u00b6\u201d&nbsp;<\/strong><\/a><\/p>\n","protected":false},"excerpt":{"rendered":"<p>La crisis ambiental y nuestro mandato de cuidar de la creaci\u00f3n&nbsp; Una palabra de aliento de la Comisi\u00f3n de Fe y Vida del CMM y del Grupo de Trabajo de Cuidado de la Creaci\u00f3n Parte 2 de 2&nbsp; \u201cEl cuidado de la creaci\u00f3n\u201d est\u00e1 adquiriendo una urgencia cada vez mayor.&nbsp; Las noticias nos recuerdan a [&hellip;]<\/p>\n","protected":false},"author":1,"featured_media":98492,"comment_status":"closed","ping_status":"closed","sticky":false,"template":"","format":"standard","meta":{"_acf_changed":false,"footnotes":""},"categories":[6],"tags":[417],"network":[1306,1248],"eventcategory":[],"class_list":["post-9500","post","type-post","status-publish","format-standard","has-post-thumbnail","hentry","category-sin-categorizar","tag-theology-es","network-courier-es","network-creation-care-task-force-es"],"acf":[],"yoast_head":"<!-- This site is optimized with the Yoast SEO plugin v27.5 - https:\/\/yoast.com\/product\/yoast-seo-wordpress\/ -->\n<title>Fidelidad en acci\u00f3n\u202f - Mennonite World Conference<\/title>\n<meta name=\"robots\" content=\"index, follow, max-snippet:-1, max-image-preview:large, max-video-preview:-1\" \/>\n<link rel=\"canonical\" href=\"https:\/\/mwc-cmm.org\/en\/stories\/faithfulness-action\/\" \/>\n<meta property=\"og:locale\" content=\"es_ES\" \/>\n<meta property=\"og:type\" content=\"article\" \/>\n<meta property=\"og:title\" content=\"Fidelidad en acci\u00f3n\u202f - Mennonite World Conference\" \/>\n<meta property=\"og:description\" content=\"La crisis ambiental y nuestro mandato de cuidar de la creaci\u00f3n&nbsp; Una palabra de aliento de la Comisi\u00f3n de Fe y Vida del CMM y del Grupo de Trabajo de Cuidado de la Creaci\u00f3n Parte 2 de 2&nbsp; \u201cEl cuidado de la creaci\u00f3n\u201d est\u00e1 adquiriendo una urgencia cada vez mayor.&nbsp; Las noticias nos recuerdan a [&hellip;]\" \/>\n<meta property=\"og:url\" content=\"https:\/\/mwc-cmm.org\/en\/stories\/faithfulness-action\/\" \/>\n<meta property=\"og:site_name\" content=\"Mennonite World Conference\" \/>\n<meta property=\"article:publisher\" content=\"https:\/\/www.facebook.com\/MennoniteWorldConference\" \/>\n<meta property=\"article:published_time\" content=\"2024-09-05T00:00:00+00:00\" \/>\n<meta property=\"article:modified_time\" content=\"2024-12-10T18:06:46+00:00\" \/>\n<meta property=\"og:image\" content=\"https:\/\/mwc-cmm.org\/wp-content\/uploads\/2024\/11\/img-20240813-wa0061.jpg\" \/>\n\t<meta property=\"og:image:width\" content=\"1600\" \/>\n\t<meta property=\"og:image:height\" content=\"900\" \/>\n\t<meta property=\"og:image:type\" content=\"image\/jpeg\" \/>\n<meta name=\"author\" content=\"mennworldcon\" \/>\n<script type=\"application\/ld+json\" class=\"yoast-schema-graph\">{\"@context\":\"https:\\\/\\\/schema.org\",\"@graph\":[{\"@type\":\"Article\",\"@id\":\"https:\\\/\\\/mwc-cmm.org\\\/en\\\/stories\\\/faithfulness-action\\\/#article\",\"isPartOf\":{\"@id\":\"https:\\\/\\\/mwc-cmm.org\\\/en\\\/stories\\\/faithfulness-action\\\/\"},\"author\":{\"name\":\"mennworldcon\",\"@id\":\"https:\\\/\\\/mwc-cmm.org\\\/en\\\/#\\\/schema\\\/person\\\/11f6ae0d7d1868ba20a1cc27f067c836\"},\"headline\":\"Fidelidad en acci\u00f3n\u202f\",\"datePublished\":\"2024-09-05T00:00:00+00:00\",\"dateModified\":\"2024-12-10T18:06:46+00:00\",\"mainEntityOfPage\":{\"@id\":\"https:\\\/\\\/mwc-cmm.org\\\/en\\\/stories\\\/faithfulness-action\\\/\"},\"wordCount\":1462,\"publisher\":{\"@id\":\"https:\\\/\\\/mwc-cmm.org\\\/en\\\/#organization\"},\"image\":{\"@id\":\"https:\\\/\\\/mwc-cmm.org\\\/en\\\/stories\\\/faithfulness-action\\\/#primaryimage\"},\"thumbnailUrl\":\"https:\\\/\\\/mwc-cmm.org\\\/wp-content\\\/uploads\\\/2024\\\/11\\\/img-20240813-wa0061.jpg\",\"keywords\":[\"theology\"],\"articleSection\":[\"Sin categorizar\"],\"inLanguage\":\"es\"},{\"@type\":\"WebPage\",\"@id\":\"https:\\\/\\\/mwc-cmm.org\\\/en\\\/stories\\\/faithfulness-action\\\/\",\"url\":\"https:\\\/\\\/mwc-cmm.org\\\/en\\\/stories\\\/faithfulness-action\\\/\",\"name\":\"Fidelidad en acci\u00f3n\u202f - Mennonite World Conference\",\"isPartOf\":{\"@id\":\"https:\\\/\\\/mwc-cmm.org\\\/en\\\/#website\"},\"primaryImageOfPage\":{\"@id\":\"https:\\\/\\\/mwc-cmm.org\\\/en\\\/stories\\\/faithfulness-action\\\/#primaryimage\"},\"image\":{\"@id\":\"https:\\\/\\\/mwc-cmm.org\\\/en\\\/stories\\\/faithfulness-action\\\/#primaryimage\"},\"thumbnailUrl\":\"https:\\\/\\\/mwc-cmm.org\\\/wp-content\\\/uploads\\\/2024\\\/11\\\/img-20240813-wa0061.jpg\",\"datePublished\":\"2024-09-05T00:00:00+00:00\",\"dateModified\":\"2024-12-10T18:06:46+00:00\",\"breadcrumb\":{\"@id\":\"https:\\\/\\\/mwc-cmm.org\\\/en\\\/stories\\\/faithfulness-action\\\/#breadcrumb\"},\"inLanguage\":\"es\",\"potentialAction\":[{\"@type\":\"ReadAction\",\"target\":[\"https:\\\/\\\/mwc-cmm.org\\\/en\\\/stories\\\/faithfulness-action\\\/\"]}]},{\"@type\":\"ImageObject\",\"inLanguage\":\"es\",\"@id\":\"https:\\\/\\\/mwc-cmm.org\\\/en\\\/stories\\\/faithfulness-action\\\/#primaryimage\",\"url\":\"https:\\\/\\\/mwc-cmm.org\\\/wp-content\\\/uploads\\\/2024\\\/11\\\/img-20240813-wa0061.jpg\",\"contentUrl\":\"https:\\\/\\\/mwc-cmm.org\\\/wp-content\\\/uploads\\\/2024\\\/11\\\/img-20240813-wa0061.jpg\",\"width\":1600,\"height\":900},{\"@type\":\"BreadcrumbList\",\"@id\":\"https:\\\/\\\/mwc-cmm.org\\\/en\\\/stories\\\/faithfulness-action\\\/#breadcrumb\",\"itemListElement\":[{\"@type\":\"ListItem\",\"position\":1,\"name\":\"Home\",\"item\":\"https:\\\/\\\/mwc-cmm.org\\\/es\\\/\"},{\"@type\":\"ListItem\",\"position\":2,\"name\":\"Fidelidad en acci\u00f3n\u202f\"}]},{\"@type\":\"WebSite\",\"@id\":\"https:\\\/\\\/mwc-cmm.org\\\/en\\\/#website\",\"url\":\"https:\\\/\\\/mwc-cmm.org\\\/en\\\/\",\"name\":\"Mennonite World Conference\",\"description\":\"A communion of Anabaptist-related churches\",\"publisher\":{\"@id\":\"https:\\\/\\\/mwc-cmm.org\\\/en\\\/#organization\"},\"alternateName\":\"MWC\",\"potentialAction\":[{\"@type\":\"SearchAction\",\"target\":{\"@type\":\"EntryPoint\",\"urlTemplate\":\"https:\\\/\\\/mwc-cmm.org\\\/en\\\/?s={search_term_string}\"},\"query-input\":{\"@type\":\"PropertyValueSpecification\",\"valueRequired\":true,\"valueName\":\"search_term_string\"}}],\"inLanguage\":\"es\"},{\"@type\":\"Organization\",\"@id\":\"https:\\\/\\\/mwc-cmm.org\\\/en\\\/#organization\",\"name\":\"Mennonite World Conference\",\"alternateName\":\"MWC\",\"url\":\"https:\\\/\\\/mwc-cmm.org\\\/en\\\/\",\"logo\":{\"@type\":\"ImageObject\",\"inLanguage\":\"es\",\"@id\":\"https:\\\/\\\/mwc-cmm.org\\\/en\\\/#\\\/schema\\\/logo\\\/image\\\/\",\"url\":\"https:\\\/\\\/mwc-cmm.org\\\/wp-content\\\/uploads\\\/2026\\\/01\\\/MWC_Sig_Blue_Horiz_webheader1-logo.svg\",\"contentUrl\":\"https:\\\/\\\/mwc-cmm.org\\\/wp-content\\\/uploads\\\/2026\\\/01\\\/MWC_Sig_Blue_Horiz_webheader1-logo.svg\",\"width\":786,\"height\":82,\"caption\":\"Mennonite World Conference\"},\"image\":{\"@id\":\"https:\\\/\\\/mwc-cmm.org\\\/en\\\/#\\\/schema\\\/logo\\\/image\\\/\"},\"sameAs\":[\"https:\\\/\\\/www.facebook.com\\\/MennoniteWorldConference\",\"https:\\\/\\\/www.linkedin.com\\\/company\\\/mennonite-world-conference-mwc\\\/\",\"https:\\\/\\\/www.instagram.com\\\/mwcmm\\\/\",\"https:\\\/\\\/www.youtube.com\\\/user\\\/mwccmm\",\"https:\\\/\\\/bsky.app\\\/profile\\\/mwcmm.bsky.social\"]},{\"@type\":\"Person\",\"@id\":\"https:\\\/\\\/mwc-cmm.org\\\/en\\\/#\\\/schema\\\/person\\\/11f6ae0d7d1868ba20a1cc27f067c836\",\"name\":\"mennworldcon\",\"image\":{\"@type\":\"ImageObject\",\"inLanguage\":\"es\",\"@id\":\"https:\\\/\\\/secure.gravatar.com\\\/avatar\\\/06fdc0dc81c157dfdb82ec42f252178a22307808988d22c043f9eb96f1e0fe80?s=96&d=mm&r=g\",\"url\":\"https:\\\/\\\/secure.gravatar.com\\\/avatar\\\/06fdc0dc81c157dfdb82ec42f252178a22307808988d22c043f9eb96f1e0fe80?s=96&d=mm&r=g\",\"contentUrl\":\"https:\\\/\\\/secure.gravatar.com\\\/avatar\\\/06fdc0dc81c157dfdb82ec42f252178a22307808988d22c043f9eb96f1e0fe80?s=96&d=mm&r=g\",\"caption\":\"mennworldcon\"},\"sameAs\":[\"https:\\\/\\\/mwc-cmm.org\"],\"url\":\"https:\\\/\\\/mwc-cmm.org\\\/es\\\/stories\\\/author\\\/mennworldcon\\\/\"}]}<\/script>\n<!-- \/ Yoast SEO plugin. -->","yoast_head_json":{"title":"Fidelidad en acci\u00f3n\u202f - Mennonite World Conference","robots":{"index":"index","follow":"follow","max-snippet":"max-snippet:-1","max-image-preview":"max-image-preview:large","max-video-preview":"max-video-preview:-1"},"canonical":"https:\/\/mwc-cmm.org\/en\/stories\/faithfulness-action\/","og_locale":"es_ES","og_type":"article","og_title":"Fidelidad en acci\u00f3n\u202f - Mennonite World Conference","og_description":"La crisis ambiental y nuestro mandato de cuidar de la creaci\u00f3n&nbsp; Una palabra de aliento de la Comisi\u00f3n de Fe y Vida del CMM y del Grupo de Trabajo de Cuidado de la Creaci\u00f3n Parte 2 de 2&nbsp; \u201cEl cuidado de la creaci\u00f3n\u201d est\u00e1 adquiriendo una urgencia cada vez mayor.&nbsp; Las noticias nos recuerdan a [&hellip;]","og_url":"https:\/\/mwc-cmm.org\/en\/stories\/faithfulness-action\/","og_site_name":"Mennonite World Conference","article_publisher":"https:\/\/www.facebook.com\/MennoniteWorldConference","article_published_time":"2024-09-05T00:00:00+00:00","article_modified_time":"2024-12-10T18:06:46+00:00","og_image":[{"width":1600,"height":900,"url":"https:\/\/mwc-cmm.org\/wp-content\/uploads\/2024\/11\/img-20240813-wa0061.jpg","type":"image\/jpeg"}],"author":"mennworldcon","schema":{"@context":"https:\/\/schema.org","@graph":[{"@type":"Article","@id":"https:\/\/mwc-cmm.org\/en\/stories\/faithfulness-action\/#article","isPartOf":{"@id":"https:\/\/mwc-cmm.org\/en\/stories\/faithfulness-action\/"},"author":{"name":"mennworldcon","@id":"https:\/\/mwc-cmm.org\/en\/#\/schema\/person\/11f6ae0d7d1868ba20a1cc27f067c836"},"headline":"Fidelidad en acci\u00f3n\u202f","datePublished":"2024-09-05T00:00:00+00:00","dateModified":"2024-12-10T18:06:46+00:00","mainEntityOfPage":{"@id":"https:\/\/mwc-cmm.org\/en\/stories\/faithfulness-action\/"},"wordCount":1462,"publisher":{"@id":"https:\/\/mwc-cmm.org\/en\/#organization"},"image":{"@id":"https:\/\/mwc-cmm.org\/en\/stories\/faithfulness-action\/#primaryimage"},"thumbnailUrl":"https:\/\/mwc-cmm.org\/wp-content\/uploads\/2024\/11\/img-20240813-wa0061.jpg","keywords":["theology"],"articleSection":["Sin categorizar"],"inLanguage":"es"},{"@type":"WebPage","@id":"https:\/\/mwc-cmm.org\/en\/stories\/faithfulness-action\/","url":"https:\/\/mwc-cmm.org\/en\/stories\/faithfulness-action\/","name":"Fidelidad en acci\u00f3n\u202f - Mennonite World Conference","isPartOf":{"@id":"https:\/\/mwc-cmm.org\/en\/#website"},"primaryImageOfPage":{"@id":"https:\/\/mwc-cmm.org\/en\/stories\/faithfulness-action\/#primaryimage"},"image":{"@id":"https:\/\/mwc-cmm.org\/en\/stories\/faithfulness-action\/#primaryimage"},"thumbnailUrl":"https:\/\/mwc-cmm.org\/wp-content\/uploads\/2024\/11\/img-20240813-wa0061.jpg","datePublished":"2024-09-05T00:00:00+00:00","dateModified":"2024-12-10T18:06:46+00:00","breadcrumb":{"@id":"https:\/\/mwc-cmm.org\/en\/stories\/faithfulness-action\/#breadcrumb"},"inLanguage":"es","potentialAction":[{"@type":"ReadAction","target":["https:\/\/mwc-cmm.org\/en\/stories\/faithfulness-action\/"]}]},{"@type":"ImageObject","inLanguage":"es","@id":"https:\/\/mwc-cmm.org\/en\/stories\/faithfulness-action\/#primaryimage","url":"https:\/\/mwc-cmm.org\/wp-content\/uploads\/2024\/11\/img-20240813-wa0061.jpg","contentUrl":"https:\/\/mwc-cmm.org\/wp-content\/uploads\/2024\/11\/img-20240813-wa0061.jpg","width":1600,"height":900},{"@type":"BreadcrumbList","@id":"https:\/\/mwc-cmm.org\/en\/stories\/faithfulness-action\/#breadcrumb","itemListElement":[{"@type":"ListItem","position":1,"name":"Home","item":"https:\/\/mwc-cmm.org\/es\/"},{"@type":"ListItem","position":2,"name":"Fidelidad en acci\u00f3n\u202f"}]},{"@type":"WebSite","@id":"https:\/\/mwc-cmm.org\/en\/#website","url":"https:\/\/mwc-cmm.org\/en\/","name":"Mennonite World Conference","description":"A communion of Anabaptist-related churches","publisher":{"@id":"https:\/\/mwc-cmm.org\/en\/#organization"},"alternateName":"MWC","potentialAction":[{"@type":"SearchAction","target":{"@type":"EntryPoint","urlTemplate":"https:\/\/mwc-cmm.org\/en\/?s={search_term_string}"},"query-input":{"@type":"PropertyValueSpecification","valueRequired":true,"valueName":"search_term_string"}}],"inLanguage":"es"},{"@type":"Organization","@id":"https:\/\/mwc-cmm.org\/en\/#organization","name":"Mennonite World Conference","alternateName":"MWC","url":"https:\/\/mwc-cmm.org\/en\/","logo":{"@type":"ImageObject","inLanguage":"es","@id":"https:\/\/mwc-cmm.org\/en\/#\/schema\/logo\/image\/","url":"https:\/\/mwc-cmm.org\/wp-content\/uploads\/2026\/01\/MWC_Sig_Blue_Horiz_webheader1-logo.svg","contentUrl":"https:\/\/mwc-cmm.org\/wp-content\/uploads\/2026\/01\/MWC_Sig_Blue_Horiz_webheader1-logo.svg","width":786,"height":82,"caption":"Mennonite World Conference"},"image":{"@id":"https:\/\/mwc-cmm.org\/en\/#\/schema\/logo\/image\/"},"sameAs":["https:\/\/www.facebook.com\/MennoniteWorldConference","https:\/\/www.linkedin.com\/company\/mennonite-world-conference-mwc\/","https:\/\/www.instagram.com\/mwcmm\/","https:\/\/www.youtube.com\/user\/mwccmm","https:\/\/bsky.app\/profile\/mwcmm.bsky.social"]},{"@type":"Person","@id":"https:\/\/mwc-cmm.org\/en\/#\/schema\/person\/11f6ae0d7d1868ba20a1cc27f067c836","name":"mennworldcon","image":{"@type":"ImageObject","inLanguage":"es","@id":"https:\/\/secure.gravatar.com\/avatar\/06fdc0dc81c157dfdb82ec42f252178a22307808988d22c043f9eb96f1e0fe80?s=96&d=mm&r=g","url":"https:\/\/secure.gravatar.com\/avatar\/06fdc0dc81c157dfdb82ec42f252178a22307808988d22c043f9eb96f1e0fe80?s=96&d=mm&r=g","contentUrl":"https:\/\/secure.gravatar.com\/avatar\/06fdc0dc81c157dfdb82ec42f252178a22307808988d22c043f9eb96f1e0fe80?s=96&d=mm&r=g","caption":"mennworldcon"},"sameAs":["https:\/\/mwc-cmm.org"],"url":"https:\/\/mwc-cmm.org\/es\/stories\/author\/mennworldcon\/"}]}},"_links":{"self":[{"href":"https:\/\/mwc-cmm.org\/es\/wp-json\/wp\/v2\/posts\/9500","targetHints":{"allow":["GET"]}}],"collection":[{"href":"https:\/\/mwc-cmm.org\/es\/wp-json\/wp\/v2\/posts"}],"about":[{"href":"https:\/\/mwc-cmm.org\/es\/wp-json\/wp\/v2\/types\/post"}],"author":[{"embeddable":true,"href":"https:\/\/mwc-cmm.org\/es\/wp-json\/wp\/v2\/users\/1"}],"replies":[{"embeddable":true,"href":"https:\/\/mwc-cmm.org\/es\/wp-json\/wp\/v2\/comments?post=9500"}],"version-history":[{"count":0,"href":"https:\/\/mwc-cmm.org\/es\/wp-json\/wp\/v2\/posts\/9500\/revisions"}],"wp:featuredmedia":[{"embeddable":true,"href":"https:\/\/mwc-cmm.org\/es\/wp-json\/wp\/v2\/media\/98492"}],"wp:attachment":[{"href":"https:\/\/mwc-cmm.org\/es\/wp-json\/wp\/v2\/media?parent=9500"}],"wp:term":[{"taxonomy":"category","embeddable":true,"href":"https:\/\/mwc-cmm.org\/es\/wp-json\/wp\/v2\/categories?post=9500"},{"taxonomy":"post_tag","embeddable":true,"href":"https:\/\/mwc-cmm.org\/es\/wp-json\/wp\/v2\/tags?post=9500"},{"taxonomy":"network","embeddable":true,"href":"https:\/\/mwc-cmm.org\/es\/wp-json\/wp\/v2\/network?post=9500"},{"taxonomy":"eventcategory","embeddable":true,"href":"https:\/\/mwc-cmm.org\/es\/wp-json\/wp\/v2\/eventcategory?post=9500"}],"curies":[{"name":"wp","href":"https:\/\/api.w.org\/{rel}","templated":true}]}}