{"id":9495,"date":"2024-08-21T00:00:00","date_gmt":"2024-08-21T00:00:00","guid":{"rendered":"https:\/\/mwc-cmm.org\/new-staff-build-on-foundation-2\/"},"modified":"2024-12-10T18:06:44","modified_gmt":"2024-12-10T18:06:44","slug":"nuevo-personal-construye-sobre-cimientos","status":"publish","type":"post","link":"https:\/\/mwc-cmm.org\/es\/stories\/nuevo-personal-construye-sobre-cimientos\/","title":{"rendered":"Nuevo personal construye sobre cimientos"},"content":{"rendered":"<p>El Congreso Mundial Menonita vive la unidad a trav\u00e9s de las relaciones. Ha habido algunos cambios en las caras que ayudan a desarrollar estas relaciones, a trav\u00e9s de las personas representantes regionales y de las comunicaciones.<\/p>\n<h2>Coordinadora de representantes regionales<\/h2>\n<p>Janet Plenert ha asumido el cargo de coordinadora de <a href=\"https:\/\/mwc-cmm.org\/en\/regional-representatives\">representantes regionales<\/a> a medio tiempo a partir de julio del 2024. Lideresa mundial experimentada, Janet Plenert form\u00f3 parte del comit\u00e9 coordinador de la Fraternidad Mundial Misionera (GMF, por sus siglas en ingl\u00e9s) del CMM del 2003 al 2009, presidenta de la \u2018GMF\u2019 del 2006 al 2009, vicepresidenta del CMM del 2009 al 2015, y desde el 2020 forma parte de un equipo de personas consultoras voluntarias de desarrollo para el CMM.&nbsp;<\/p>\n<p>Durante su tiempo de servicio con el Comit\u00e9 Central Menonita y con la Iglesia Menonita, ella ha vivido en la Rep\u00fablica Democr\u00e1tica del Congo, Brasil y Bolivia.<\/p>\n<p>\u201cMe alegra aprender a conocer a personas de distintas culturas y a encontrar formas de poner en contacto a personas que, de otro modo, no encontrar\u00edan un terreno com\u00fan\u201d, afirma Janet Plenert. \u201cEn el mundo dividido y desconfiado de hoy, servir a la iglesia mundial me da esperanza de que la iglesia se levantar\u00e1 y, ser\u00e1 la presencia unificadora y pacificadora que Dios desea. Como anabautistas, necesitamos liderar el camino para vivir en unidad y construir la paz mientras seguimos a Jes\u00fas de manera individual y en unidad\u201d.<\/p>\n<p>Despu\u00e9s de 12 a\u00f1os trabajando con el Congreso Mundial Menonita, Arli Klassen se ha jubilado. En julio del 2015, ella comenz\u00f3 a proporcionar liderazgo a las personas representantes regionales del CMM como su coordinadora, lo que continu\u00f3 hasta junio del 2024. Tambi\u00e9n se desempe\u00f1\u00f3 como directora de desarrollo del CMM desde octubre del 2012 hasta enero del 2020.<\/p>\n<p>\u201cS\u00f3lo cuando nos exponemos unos a otros como hermanos y hermanas anabautistas de alrededor del mundo podemos experimentar y crecer en nuestra propia comprensi\u00f3n y experiencia del amor de Dios\u201d, dice Arli Klassen. \u201cEso es lo que deseo y espero para todas nuestras iglesias miembro de todo el mundo\u201d.<\/p>\n<p>\u201cSentimos mucho agradecimiento por el trabajo de Arli con el CMM a lo largo de los a\u00f1os. Ella ha sentado unas bases s\u00f3lidas para el ministerio de nuestras personas representantes regionales. Ahora, Janet aportar\u00e1 su pericia y experiencia a la funci\u00f3n. Creemos que las personas representantes regionales har\u00e1n avanzar su servicio a la iglesia mundial\u201d, dice C\u00e9sar Garc\u00eda, secretario general del CMM.&nbsp;<\/p>\n<h2>Equipo de Comunicaciones<\/h2>\n<p>Adem\u00e1s, en julio del 2024 el CMM dio la bienvenida a Kristina Toews en su regreso a la funci\u00f3n de jefa de comunicaciones, tras su permiso por maternidad. Elina Ciptadi, quien sirvi\u00f3 como jefa interina de comunicaciones, pas\u00f3 a desempe\u00f1ar temporalmente el cargo de coordinadora de proyectos, en el equipo de Comunicaciones. Ella est\u00e1 coordinando proyectos especiales para la reuni\u00f3n del Concilio General del 2025.<\/p>\n<p>\u201cMe alienta ver todo el trabajo continuo del equipo de comunicaciones del CMM para ayudarnos a vivir juntos la unidad. Estoy agradecida por el liderazgo que Elina ha proporcionado al equipo de comunicaciones este \u00faltimo a\u00f1o y porque sigue bendiciendo nuestro trabajo con su experiencia en la coordinaci\u00f3n de proyectos\u201d, dice Kristina Toews.<\/p>\n","protected":false},"excerpt":{"rendered":"<p>El Congreso Mundial Menonita vive la unidad a trav\u00e9s de las relaciones. Ha habido algunos cambios en las caras que ayudan a desarrollar estas relaciones, a trav\u00e9s de las personas representantes regionales y de las comunicaciones. Coordinadora de representantes regionales Janet Plenert ha asumido el cargo de coordinadora de representantes regionales a medio tiempo a [&hellip;]<\/p>\n","protected":false},"author":1,"featured_media":0,"comment_status":"closed","ping_status":"closed","sticky":false,"template":"","format":"standard","meta":{"_acf_changed":false,"footnotes":""},"categories":[6],"tags":[277,1119],"network":[],"eventcategory":[],"class_list":["post-9495","post","type-post","status-publish","format-standard","hentry","category-sin-categorizar","tag-regional-representatives","tag-representantes-regionales"],"acf":[],"yoast_head":"<!-- This site is optimized with the Yoast SEO plugin v27.2 - https:\/\/yoast.com\/product\/yoast-seo-wordpress\/ -->\n<title>Nuevo personal construye sobre cimientos - Mennonite World Conference<\/title>\n<meta name=\"robots\" content=\"index, follow, max-snippet:-1, max-image-preview:large, max-video-preview:-1\" \/>\n<link rel=\"canonical\" href=\"https:\/\/mwc-cmm.org\/es\/stories\/nuevo-personal-construye-sobre-cimientos\/\" \/>\n<meta property=\"og:locale\" content=\"es_ES\" \/>\n<meta property=\"og:type\" content=\"article\" \/>\n<meta property=\"og:title\" content=\"Nuevo personal construye sobre cimientos - Mennonite World Conference\" \/>\n<meta property=\"og:description\" content=\"El Congreso Mundial Menonita vive la unidad a trav\u00e9s de las relaciones. Ha habido algunos cambios en las caras que ayudan a desarrollar estas relaciones, a trav\u00e9s de las personas representantes regionales y de las comunicaciones. Coordinadora de representantes regionales Janet Plenert ha asumido el cargo de coordinadora de representantes regionales a medio tiempo a [&hellip;]\" \/>\n<meta property=\"og:url\" content=\"https:\/\/mwc-cmm.org\/es\/stories\/nuevo-personal-construye-sobre-cimientos\/\" \/>\n<meta property=\"og:site_name\" content=\"Mennonite World Conference\" \/>\n<meta property=\"article:publisher\" content=\"https:\/\/www.facebook.com\/MennoniteWorldConference\" \/>\n<meta property=\"article:published_time\" content=\"2024-08-21T00:00:00+00:00\" \/>\n<meta property=\"article:modified_time\" content=\"2024-12-10T18:06:44+00:00\" \/>\n<meta property=\"og:image\" content=\"https:\/\/mwc-cmm.org\/wp-content\/uploads\/2024\/11\/new_staff_build_on_foundation.jpg\" \/>\n\t<meta property=\"og:image:width\" content=\"940\" \/>\n\t<meta property=\"og:image:height\" content=\"788\" \/>\n\t<meta property=\"og:image:type\" content=\"image\/jpeg\" \/>\n<meta name=\"author\" content=\"mennworldcon\" \/>\n<script type=\"application\/ld+json\" class=\"yoast-schema-graph\">{\"@context\":\"https:\/\/schema.org\",\"@graph\":[{\"@type\":\"Article\",\"@id\":\"https:\/\/mwc-cmm.org\/es\/stories\/nuevo-personal-construye-sobre-cimientos\/#article\",\"isPartOf\":{\"@id\":\"https:\/\/mwc-cmm.org\/es\/stories\/nuevo-personal-construye-sobre-cimientos\/\"},\"author\":{\"name\":\"mennworldcon\",\"@id\":\"https:\/\/mwc-cmm.org\/en\/#\/schema\/person\/11f6ae0d7d1868ba20a1cc27f067c836\"},\"headline\":\"Nuevo personal construye sobre cimientos\",\"datePublished\":\"2024-08-21T00:00:00+00:00\",\"dateModified\":\"2024-12-10T18:06:44+00:00\",\"mainEntityOfPage\":{\"@id\":\"https:\/\/mwc-cmm.org\/es\/stories\/nuevo-personal-construye-sobre-cimientos\/\"},\"wordCount\":542,\"publisher\":{\"@id\":\"https:\/\/mwc-cmm.org\/en\/#organization\"},\"keywords\":[\"regional representatives\",\"representantes regionales\"],\"articleSection\":[\"Sin categorizar\"],\"inLanguage\":\"es\"},{\"@type\":\"WebPage\",\"@id\":\"https:\/\/mwc-cmm.org\/es\/stories\/nuevo-personal-construye-sobre-cimientos\/\",\"url\":\"https:\/\/mwc-cmm.org\/es\/stories\/nuevo-personal-construye-sobre-cimientos\/\",\"name\":\"Nuevo personal construye sobre cimientos - Mennonite World Conference\",\"isPartOf\":{\"@id\":\"https:\/\/mwc-cmm.org\/en\/#website\"},\"datePublished\":\"2024-08-21T00:00:00+00:00\",\"dateModified\":\"2024-12-10T18:06:44+00:00\",\"breadcrumb\":{\"@id\":\"https:\/\/mwc-cmm.org\/es\/stories\/nuevo-personal-construye-sobre-cimientos\/#breadcrumb\"},\"inLanguage\":\"es\",\"potentialAction\":[{\"@type\":\"ReadAction\",\"target\":[\"https:\/\/mwc-cmm.org\/es\/stories\/nuevo-personal-construye-sobre-cimientos\/\"]}]},{\"@type\":\"BreadcrumbList\",\"@id\":\"https:\/\/mwc-cmm.org\/es\/stories\/nuevo-personal-construye-sobre-cimientos\/#breadcrumb\",\"itemListElement\":[{\"@type\":\"ListItem\",\"position\":1,\"name\":\"Home\",\"item\":\"https:\/\/mwc-cmm.org\/es\/\"},{\"@type\":\"ListItem\",\"position\":2,\"name\":\"Nuevo personal construye sobre cimientos\"}]},{\"@type\":\"WebSite\",\"@id\":\"https:\/\/mwc-cmm.org\/en\/#website\",\"url\":\"https:\/\/mwc-cmm.org\/en\/\",\"name\":\"Mennonite World Conference\",\"description\":\"A communion of Anabaptist-related churches\",\"publisher\":{\"@id\":\"https:\/\/mwc-cmm.org\/en\/#organization\"},\"alternateName\":\"MWC\",\"potentialAction\":[{\"@type\":\"SearchAction\",\"target\":{\"@type\":\"EntryPoint\",\"urlTemplate\":\"https:\/\/mwc-cmm.org\/en\/?s={search_term_string}\"},\"query-input\":{\"@type\":\"PropertyValueSpecification\",\"valueRequired\":true,\"valueName\":\"search_term_string\"}}],\"inLanguage\":\"es\"},{\"@type\":\"Organization\",\"@id\":\"https:\/\/mwc-cmm.org\/en\/#organization\",\"name\":\"Mennonite World Conference\",\"alternateName\":\"MWC\",\"url\":\"https:\/\/mwc-cmm.org\/en\/\",\"logo\":{\"@type\":\"ImageObject\",\"inLanguage\":\"es\",\"@id\":\"https:\/\/mwc-cmm.org\/en\/#\/schema\/logo\/image\/\",\"url\":\"https:\/\/mwc-cmm.org\/wp-content\/uploads\/2026\/01\/MWC_Sig_Blue_Horiz_webheader1-logo.svg\",\"contentUrl\":\"https:\/\/mwc-cmm.org\/wp-content\/uploads\/2026\/01\/MWC_Sig_Blue_Horiz_webheader1-logo.svg\",\"width\":786,\"height\":82,\"caption\":\"Mennonite World Conference\"},\"image\":{\"@id\":\"https:\/\/mwc-cmm.org\/en\/#\/schema\/logo\/image\/\"},\"sameAs\":[\"https:\/\/www.facebook.com\/MennoniteWorldConference\",\"https:\/\/www.linkedin.com\/company\/mennonite-world-conference-mwc\/\",\"https:\/\/www.instagram.com\/mwcmm\/\",\"https:\/\/www.youtube.com\/user\/mwccmm\",\"https:\/\/bsky.app\/profile\/mwcmm.bsky.social\"]},{\"@type\":\"Person\",\"@id\":\"https:\/\/mwc-cmm.org\/en\/#\/schema\/person\/11f6ae0d7d1868ba20a1cc27f067c836\",\"name\":\"mennworldcon\",\"image\":{\"@type\":\"ImageObject\",\"inLanguage\":\"es\",\"@id\":\"https:\/\/secure.gravatar.com\/avatar\/06fdc0dc81c157dfdb82ec42f252178a22307808988d22c043f9eb96f1e0fe80?s=96&d=mm&r=g\",\"url\":\"https:\/\/secure.gravatar.com\/avatar\/06fdc0dc81c157dfdb82ec42f252178a22307808988d22c043f9eb96f1e0fe80?s=96&d=mm&r=g\",\"contentUrl\":\"https:\/\/secure.gravatar.com\/avatar\/06fdc0dc81c157dfdb82ec42f252178a22307808988d22c043f9eb96f1e0fe80?s=96&d=mm&r=g\",\"caption\":\"mennworldcon\"},\"sameAs\":[\"https:\/\/mwc-cmm.org\"],\"url\":\"https:\/\/mwc-cmm.org\/es\/stories\/author\/mennworldcon\/\"}]}<\/script>\n<!-- \/ Yoast SEO plugin. -->","yoast_head_json":{"title":"Nuevo personal construye sobre cimientos - Mennonite World Conference","robots":{"index":"index","follow":"follow","max-snippet":"max-snippet:-1","max-image-preview":"max-image-preview:large","max-video-preview":"max-video-preview:-1"},"canonical":"https:\/\/mwc-cmm.org\/es\/stories\/nuevo-personal-construye-sobre-cimientos\/","og_locale":"es_ES","og_type":"article","og_title":"Nuevo personal construye sobre cimientos - Mennonite World Conference","og_description":"El Congreso Mundial Menonita vive la unidad a trav\u00e9s de las relaciones. Ha habido algunos cambios en las caras que ayudan a desarrollar estas relaciones, a trav\u00e9s de las personas representantes regionales y de las comunicaciones. Coordinadora de representantes regionales Janet Plenert ha asumido el cargo de coordinadora de representantes regionales a medio tiempo a [&hellip;]","og_url":"https:\/\/mwc-cmm.org\/es\/stories\/nuevo-personal-construye-sobre-cimientos\/","og_site_name":"Mennonite World Conference","article_publisher":"https:\/\/www.facebook.com\/MennoniteWorldConference","article_published_time":"2024-08-21T00:00:00+00:00","article_modified_time":"2024-12-10T18:06:44+00:00","og_image":[{"width":940,"height":788,"url":"https:\/\/mwc-cmm.org\/wp-content\/uploads\/2024\/11\/new_staff_build_on_foundation.jpg","type":"image\/jpeg"}],"author":"mennworldcon","schema":{"@context":"https:\/\/schema.org","@graph":[{"@type":"Article","@id":"https:\/\/mwc-cmm.org\/es\/stories\/nuevo-personal-construye-sobre-cimientos\/#article","isPartOf":{"@id":"https:\/\/mwc-cmm.org\/es\/stories\/nuevo-personal-construye-sobre-cimientos\/"},"author":{"name":"mennworldcon","@id":"https:\/\/mwc-cmm.org\/en\/#\/schema\/person\/11f6ae0d7d1868ba20a1cc27f067c836"},"headline":"Nuevo personal construye sobre cimientos","datePublished":"2024-08-21T00:00:00+00:00","dateModified":"2024-12-10T18:06:44+00:00","mainEntityOfPage":{"@id":"https:\/\/mwc-cmm.org\/es\/stories\/nuevo-personal-construye-sobre-cimientos\/"},"wordCount":542,"publisher":{"@id":"https:\/\/mwc-cmm.org\/en\/#organization"},"keywords":["regional representatives","representantes regionales"],"articleSection":["Sin categorizar"],"inLanguage":"es"},{"@type":"WebPage","@id":"https:\/\/mwc-cmm.org\/es\/stories\/nuevo-personal-construye-sobre-cimientos\/","url":"https:\/\/mwc-cmm.org\/es\/stories\/nuevo-personal-construye-sobre-cimientos\/","name":"Nuevo personal construye sobre cimientos - Mennonite World Conference","isPartOf":{"@id":"https:\/\/mwc-cmm.org\/en\/#website"},"datePublished":"2024-08-21T00:00:00+00:00","dateModified":"2024-12-10T18:06:44+00:00","breadcrumb":{"@id":"https:\/\/mwc-cmm.org\/es\/stories\/nuevo-personal-construye-sobre-cimientos\/#breadcrumb"},"inLanguage":"es","potentialAction":[{"@type":"ReadAction","target":["https:\/\/mwc-cmm.org\/es\/stories\/nuevo-personal-construye-sobre-cimientos\/"]}]},{"@type":"BreadcrumbList","@id":"https:\/\/mwc-cmm.org\/es\/stories\/nuevo-personal-construye-sobre-cimientos\/#breadcrumb","itemListElement":[{"@type":"ListItem","position":1,"name":"Home","item":"https:\/\/mwc-cmm.org\/es\/"},{"@type":"ListItem","position":2,"name":"Nuevo personal construye sobre cimientos"}]},{"@type":"WebSite","@id":"https:\/\/mwc-cmm.org\/en\/#website","url":"https:\/\/mwc-cmm.org\/en\/","name":"Mennonite World Conference","description":"A communion of Anabaptist-related churches","publisher":{"@id":"https:\/\/mwc-cmm.org\/en\/#organization"},"alternateName":"MWC","potentialAction":[{"@type":"SearchAction","target":{"@type":"EntryPoint","urlTemplate":"https:\/\/mwc-cmm.org\/en\/?s={search_term_string}"},"query-input":{"@type":"PropertyValueSpecification","valueRequired":true,"valueName":"search_term_string"}}],"inLanguage":"es"},{"@type":"Organization","@id":"https:\/\/mwc-cmm.org\/en\/#organization","name":"Mennonite World Conference","alternateName":"MWC","url":"https:\/\/mwc-cmm.org\/en\/","logo":{"@type":"ImageObject","inLanguage":"es","@id":"https:\/\/mwc-cmm.org\/en\/#\/schema\/logo\/image\/","url":"https:\/\/mwc-cmm.org\/wp-content\/uploads\/2026\/01\/MWC_Sig_Blue_Horiz_webheader1-logo.svg","contentUrl":"https:\/\/mwc-cmm.org\/wp-content\/uploads\/2026\/01\/MWC_Sig_Blue_Horiz_webheader1-logo.svg","width":786,"height":82,"caption":"Mennonite World Conference"},"image":{"@id":"https:\/\/mwc-cmm.org\/en\/#\/schema\/logo\/image\/"},"sameAs":["https:\/\/www.facebook.com\/MennoniteWorldConference","https:\/\/www.linkedin.com\/company\/mennonite-world-conference-mwc\/","https:\/\/www.instagram.com\/mwcmm\/","https:\/\/www.youtube.com\/user\/mwccmm","https:\/\/bsky.app\/profile\/mwcmm.bsky.social"]},{"@type":"Person","@id":"https:\/\/mwc-cmm.org\/en\/#\/schema\/person\/11f6ae0d7d1868ba20a1cc27f067c836","name":"mennworldcon","image":{"@type":"ImageObject","inLanguage":"es","@id":"https:\/\/secure.gravatar.com\/avatar\/06fdc0dc81c157dfdb82ec42f252178a22307808988d22c043f9eb96f1e0fe80?s=96&d=mm&r=g","url":"https:\/\/secure.gravatar.com\/avatar\/06fdc0dc81c157dfdb82ec42f252178a22307808988d22c043f9eb96f1e0fe80?s=96&d=mm&r=g","contentUrl":"https:\/\/secure.gravatar.com\/avatar\/06fdc0dc81c157dfdb82ec42f252178a22307808988d22c043f9eb96f1e0fe80?s=96&d=mm&r=g","caption":"mennworldcon"},"sameAs":["https:\/\/mwc-cmm.org"],"url":"https:\/\/mwc-cmm.org\/es\/stories\/author\/mennworldcon\/"}]}},"_links":{"self":[{"href":"https:\/\/mwc-cmm.org\/es\/wp-json\/wp\/v2\/posts\/9495","targetHints":{"allow":["GET"]}}],"collection":[{"href":"https:\/\/mwc-cmm.org\/es\/wp-json\/wp\/v2\/posts"}],"about":[{"href":"https:\/\/mwc-cmm.org\/es\/wp-json\/wp\/v2\/types\/post"}],"author":[{"embeddable":true,"href":"https:\/\/mwc-cmm.org\/es\/wp-json\/wp\/v2\/users\/1"}],"replies":[{"embeddable":true,"href":"https:\/\/mwc-cmm.org\/es\/wp-json\/wp\/v2\/comments?post=9495"}],"version-history":[{"count":0,"href":"https:\/\/mwc-cmm.org\/es\/wp-json\/wp\/v2\/posts\/9495\/revisions"}],"wp:attachment":[{"href":"https:\/\/mwc-cmm.org\/es\/wp-json\/wp\/v2\/media?parent=9495"}],"wp:term":[{"taxonomy":"category","embeddable":true,"href":"https:\/\/mwc-cmm.org\/es\/wp-json\/wp\/v2\/categories?post=9495"},{"taxonomy":"post_tag","embeddable":true,"href":"https:\/\/mwc-cmm.org\/es\/wp-json\/wp\/v2\/tags?post=9495"},{"taxonomy":"network","embeddable":true,"href":"https:\/\/mwc-cmm.org\/es\/wp-json\/wp\/v2\/network?post=9495"},{"taxonomy":"eventcategory","embeddable":true,"href":"https:\/\/mwc-cmm.org\/es\/wp-json\/wp\/v2\/eventcategory?post=9495"}],"curies":[{"name":"wp","href":"https:\/\/api.w.org\/{rel}","templated":true}]}}