{"id":9494,"date":"2024-08-22T00:00:00","date_gmt":"2024-08-22T00:00:00","guid":{"rendered":"https:\/\/mwc-cmm.org\/100-years-of-evangelism-in-dr-congo-2\/"},"modified":"2024-12-10T18:06:44","modified_gmt":"2024-12-10T18:06:44","slug":"100-anos-de-evangelizacion-en-el-congo","status":"publish","type":"post","link":"https:\/\/mwc-cmm.org\/es\/stories\/100-anos-de-evangelizacion-en-el-congo\/","title":{"rendered":"100 a\u00f1os de evangelizaci\u00f3n en el Congo"},"content":{"rendered":"<p>\u201c100 a\u00f1os de evangelizaci\u00f3n en el Congo\u201d. Del 4 al 11 de agosto, la <strong>Communaut\u00e9 des \u00c9glises des Fr\u00e8res Mennonites au Congo (Comunidad de Iglesias de los Hermanos Menonitas del Congo, <\/strong>CEFMC por sus siglas en franc\u00e9s<strong>) <\/strong>celebr\u00f3 el centenario de su iglesia nacional. La celebraci\u00f3n en Kikwit -retrasada dos a\u00f1os debido a la pandemia- incluy\u00f3 predicaciones, cantos, actuaciones de coros, una conferencia de personas en el pastorado y una reuni\u00f3n de evangelizaci\u00f3n e invitados ecum\u00e9nicos e internacionales.<\/p>\n<p>La iglesia miembro nacional del CMM comenz\u00f3 en 1922, cuando el estadounidense Aaron Janzen inici\u00f3 una misi\u00f3n para los Hermanos Menonitas en la zona de Kikwit. En el 2024, la iglesia informa de 638 congregaciones con 98,519 personas miembro bautizadas.<\/p>\n<p>Las principales lenguas de las personas miembro de la iglesia son el franc\u00e9s, el kikongo, el lingala y el swahili.<\/p>\n<table style=\"width:100%\">\n<tbody>\n<tr>\n<td style=\"border-color:rgb(255, 255, 255)\">\n<div style=\"text-align:center\">\n<figure class=\"image\" style=\"display:inline-block\"><img decoding=\"async\" alt=\"\" height=\"400\" data-src=\"\/sites\/default\/files\/website_files_2020\/20240809_130133.jpg\" width=\"300\" src=\"data:image\/svg+xml;base64,PHN2ZyB3aWR0aD0iMSIgaGVpZ2h0PSIxIiB4bWxucz0iaHR0cDovL3d3dy53My5vcmcvMjAwMC9zdmciPjwvc3ZnPg==\" class=\"lazyload\" style=\"--smush-placeholder-width: 300px; --smush-placeholder-aspect-ratio: 300\/400;\"><figcaption>Rev Londa Charly (primera mujer ordenada de la CEFMC) habla en la Conferencia de personas en el pastorado.&nbsp;<\/figcaption><\/figure>\n<\/p><\/div>\n<\/td>\n<td style=\"border-color:rgb(255, 255, 255)\">\n<div style=\"text-align:center\">\n<figure class=\"image\" style=\"display:inline-block\"><img decoding=\"async\" alt=\"\" height=\"400\" data-src=\"\/sites\/default\/files\/website_files_2020\/20240809_133225.jpg\" width=\"300\" src=\"data:image\/svg+xml;base64,PHN2ZyB3aWR0aD0iMSIgaGVpZ2h0PSIxIiB4bWxucz0iaHR0cDovL3d3dy53My5vcmcvMjAwMC9zdmciPjwvc3ZnPg==\" class=\"lazyload\" style=\"--smush-placeholder-width: 300px; --smush-placeholder-aspect-ratio: 300\/400;\"><figcaption>El secretario general y representante legal Antoine Kimbala habla en la Conferencia de personas en el pastorado.<\/figcaption><\/figure>\n<\/p><\/div>\n<\/td>\n<\/tr>\n<tr>\n<td style=\"border-color:rgb(255, 255, 255)\">\n<div style=\"text-align:center\">\n<figure class=\"image\" style=\"display:inline-block\"><img decoding=\"async\" alt=\"\" height=\"300\" data-src=\"\/sites\/default\/files\/website_files_2020\/20240810_130601.jpg\" width=\"400\" src=\"data:image\/svg+xml;base64,PHN2ZyB3aWR0aD0iMSIgaGVpZ2h0PSIxIiB4bWxucz0iaHR0cDovL3d3dy53My5vcmcvMjAwMC9zdmciPjwvc3ZnPg==\" class=\"lazyload\" style=\"--smush-placeholder-width: 400px; --smush-placeholder-aspect-ratio: 400\/300;\"><figcaption>Personas invitadas de otras iglesias miembro nacionales del CMM participan en el evento: Rev. Siaka Traor\u00e9, (representante regional del CMM para \u00c1frica Centro Occidental); Rev. George Kaputu Nzila, evangelista de la CEFMC; Rev. Jean Felix Cimbalanga, presidente de la Communaut\u00e9 Evangelique Mennonite (Comunidad Evang\u00e9lica Menonita, DR Congo; CEM, por sus siglas en franc\u00e9s); Robert Irundu Mutundu, secretario general de finanzas\/administraci\u00f3n de la Communaut\u00e9 Mennonite au Congo (Comunidad Menonita en el Congo; CMCo, por sus siglas en franc\u00e9s); Henk Stenvers, presidente del CMM; Rev. Daniel Nelson Canganguela, l\u00edder de la IAIMA (Hermanos Menonitas de Angola); Shadreck Kwendanyama, l\u00edder de la Iglesia de los Hermanos Menonitas de Malawi.&nbsp;&nbsp;<\/figcaption><\/figure>\n<\/p><\/div>\n<\/td>\n<td style=\"border-color:rgb(255, 255, 255)\">\n<div style=\"text-align:center\">\n<figure class=\"image\" style=\"display:inline-block\"><img decoding=\"async\" alt=\"\" height=\"300\" data-src=\"\/sites\/default\/files\/website_files_2020\/henk_speaks_at_the_pastors_conference_9-8-24_b.jpg\" width=\"400\" src=\"data:image\/svg+xml;base64,PHN2ZyB3aWR0aD0iMSIgaGVpZ2h0PSIxIiB4bWxucz0iaHR0cDovL3d3dy53My5vcmcvMjAwMC9zdmciPjwvc3ZnPg==\" class=\"lazyload\" style=\"--smush-placeholder-width: 400px; --smush-placeholder-aspect-ratio: 400\/300;\"><figcaption>Henk Stenvers, presidente del CMM, habla en una sesi\u00f3n de una conferencia de personas en el pastorado de dos d\u00edas junto con Nzuzi Mukawa como int\u00e9rprete.&nbsp;<\/figcaption><\/figure>\n<\/p><\/div>\n<\/td>\n<\/tr>\n<tr>\n<td style=\"border-color:rgb(255, 255, 255)\">\n<div style=\"text-align:center\">\n<figure class=\"image\" style=\"display:inline-block\"><img decoding=\"async\" alt=\"\" height=\"300\" data-src=\"\/sites\/default\/files\/website_files_2020\/20240811henkstenvers_095358.jpg\" width=\"400\" src=\"data:image\/svg+xml;base64,PHN2ZyB3aWR0aD0iMSIgaGVpZ2h0PSIxIiB4bWxucz0iaHR0cDovL3d3dy53My5vcmcvMjAwMC9zdmciPjwvc3ZnPg==\" class=\"lazyload\" style=\"--smush-placeholder-width: 400px; --smush-placeholder-aspect-ratio: 400\/300;\"><figcaption>La celebraci\u00f3n incluy\u00f3 cantos, actuaciones de coros, una conferencia de personas en el pastorado y una reuni\u00f3n de evangelizaci\u00f3n e invitados ecum\u00e9nicos e internacionales.<\/figcaption><\/figure>\n<\/p><\/div>\n<\/td>\n<td style=\"border-color:rgb(255, 255, 255)\">\n<div style=\"text-align:center\">\n<figure class=\"image\" style=\"display:inline-block\"><img decoding=\"async\" alt=\"\" height=\"300\" data-src=\"\/sites\/default\/files\/website_files_2020\/20240811henkstenvers_102832.jpg\" width=\"400\" src=\"data:image\/svg+xml;base64,PHN2ZyB3aWR0aD0iMSIgaGVpZ2h0PSIxIiB4bWxucz0iaHR0cDovL3d3dy53My5vcmcvMjAwMC9zdmciPjwvc3ZnPg==\" class=\"lazyload\" style=\"--smush-placeholder-width: 400px; --smush-placeholder-aspect-ratio: 400\/300;\"><figcaption>Coro femenino.<\/figcaption><\/figure>\n<\/p><\/div>\n<\/td>\n<\/tr>\n<\/tbody>\n<\/table>\n","protected":false},"excerpt":{"rendered":"<p>\u201c100 a\u00f1os de evangelizaci\u00f3n en el Congo\u201d. Del 4 al 11 de agosto, la Communaut\u00e9 des \u00c9glises des Fr\u00e8res Mennonites au Congo (Comunidad de Iglesias de los Hermanos Menonitas del Congo, CEFMC por sus siglas en franc\u00e9s) celebr\u00f3 el centenario de su iglesia nacional. La celebraci\u00f3n en Kikwit -retrasada dos a\u00f1os debido a la pandemia- [&hellip;]<\/p>\n","protected":false},"author":1,"featured_media":98408,"comment_status":"closed","ping_status":"closed","sticky":false,"template":"","format":"standard","meta":{"_acf_changed":false,"footnotes":""},"categories":[6],"tags":[257],"network":[],"eventcategory":[],"class_list":["post-9494","post","type-post","status-publish","format-standard","has-post-thumbnail","hentry","category-sin-categorizar","tag-mission"],"acf":[],"yoast_head":"<!-- This site is optimized with the Yoast SEO plugin v27.2 - https:\/\/yoast.com\/product\/yoast-seo-wordpress\/ -->\n<title>100 a\u00f1os de evangelizaci\u00f3n en el Congo - Mennonite World Conference<\/title>\n<meta name=\"robots\" content=\"index, follow, max-snippet:-1, max-image-preview:large, max-video-preview:-1\" \/>\n<link rel=\"canonical\" href=\"https:\/\/mwc-cmm.org\/es\/stories\/100-anos-de-evangelizacion-en-el-congo\/\" \/>\n<meta property=\"og:locale\" content=\"es_ES\" \/>\n<meta property=\"og:type\" content=\"article\" \/>\n<meta property=\"og:title\" content=\"100 a\u00f1os de evangelizaci\u00f3n en el Congo - Mennonite World Conference\" \/>\n<meta property=\"og:description\" content=\"\u201c100 a\u00f1os de evangelizaci\u00f3n en el Congo\u201d. Del 4 al 11 de agosto, la Communaut\u00e9 des \u00c9glises des Fr\u00e8res Mennonites au Congo (Comunidad de Iglesias de los Hermanos Menonitas del Congo, CEFMC por sus siglas en franc\u00e9s) celebr\u00f3 el centenario de su iglesia nacional. La celebraci\u00f3n en Kikwit -retrasada dos a\u00f1os debido a la pandemia- [&hellip;]\" \/>\n<meta property=\"og:url\" content=\"https:\/\/mwc-cmm.org\/es\/stories\/100-anos-de-evangelizacion-en-el-congo\/\" \/>\n<meta property=\"og:site_name\" content=\"Mennonite World Conference\" \/>\n<meta property=\"article:publisher\" content=\"https:\/\/www.facebook.com\/MennoniteWorldConference\" \/>\n<meta property=\"article:published_time\" content=\"2024-08-22T00:00:00+00:00\" \/>\n<meta property=\"article:modified_time\" content=\"2024-12-10T18:06:44+00:00\" \/>\n<meta property=\"og:image\" content=\"https:\/\/mwc-cmm.org\/wp-content\/uploads\/2024\/11\/cefmc_100.jpg\" \/>\n\t<meta property=\"og:image:width\" content=\"940\" \/>\n\t<meta property=\"og:image:height\" content=\"788\" \/>\n\t<meta property=\"og:image:type\" content=\"image\/jpeg\" \/>\n<meta name=\"author\" content=\"mennworldcon\" \/>\n<script type=\"application\/ld+json\" class=\"yoast-schema-graph\">{\"@context\":\"https:\/\/schema.org\",\"@graph\":[{\"@type\":\"Article\",\"@id\":\"https:\/\/mwc-cmm.org\/es\/stories\/100-anos-de-evangelizacion-en-el-congo\/#article\",\"isPartOf\":{\"@id\":\"https:\/\/mwc-cmm.org\/es\/stories\/100-anos-de-evangelizacion-en-el-congo\/\"},\"author\":{\"name\":\"mennworldcon\",\"@id\":\"https:\/\/mwc-cmm.org\/en\/#\/schema\/person\/11f6ae0d7d1868ba20a1cc27f067c836\"},\"headline\":\"100 a\u00f1os de evangelizaci\u00f3n en el Congo\",\"datePublished\":\"2024-08-22T00:00:00+00:00\",\"dateModified\":\"2024-12-10T18:06:44+00:00\",\"mainEntityOfPage\":{\"@id\":\"https:\/\/mwc-cmm.org\/es\/stories\/100-anos-de-evangelizacion-en-el-congo\/\"},\"wordCount\":361,\"publisher\":{\"@id\":\"https:\/\/mwc-cmm.org\/en\/#organization\"},\"image\":{\"@id\":\"https:\/\/mwc-cmm.org\/es\/stories\/100-anos-de-evangelizacion-en-el-congo\/#primaryimage\"},\"thumbnailUrl\":\"https:\/\/mwc-cmm.org\/wp-content\/uploads\/2024\/11\/cefmc_100.jpg\",\"keywords\":[\"mission\"],\"articleSection\":[\"Sin categorizar\"],\"inLanguage\":\"es\"},{\"@type\":\"WebPage\",\"@id\":\"https:\/\/mwc-cmm.org\/es\/stories\/100-anos-de-evangelizacion-en-el-congo\/\",\"url\":\"https:\/\/mwc-cmm.org\/es\/stories\/100-anos-de-evangelizacion-en-el-congo\/\",\"name\":\"100 a\u00f1os de evangelizaci\u00f3n en el Congo - Mennonite World Conference\",\"isPartOf\":{\"@id\":\"https:\/\/mwc-cmm.org\/en\/#website\"},\"primaryImageOfPage\":{\"@id\":\"https:\/\/mwc-cmm.org\/es\/stories\/100-anos-de-evangelizacion-en-el-congo\/#primaryimage\"},\"image\":{\"@id\":\"https:\/\/mwc-cmm.org\/es\/stories\/100-anos-de-evangelizacion-en-el-congo\/#primaryimage\"},\"thumbnailUrl\":\"https:\/\/mwc-cmm.org\/wp-content\/uploads\/2024\/11\/cefmc_100.jpg\",\"datePublished\":\"2024-08-22T00:00:00+00:00\",\"dateModified\":\"2024-12-10T18:06:44+00:00\",\"breadcrumb\":{\"@id\":\"https:\/\/mwc-cmm.org\/es\/stories\/100-anos-de-evangelizacion-en-el-congo\/#breadcrumb\"},\"inLanguage\":\"es\",\"potentialAction\":[{\"@type\":\"ReadAction\",\"target\":[\"https:\/\/mwc-cmm.org\/es\/stories\/100-anos-de-evangelizacion-en-el-congo\/\"]}]},{\"@type\":\"ImageObject\",\"inLanguage\":\"es\",\"@id\":\"https:\/\/mwc-cmm.org\/es\/stories\/100-anos-de-evangelizacion-en-el-congo\/#primaryimage\",\"url\":\"https:\/\/mwc-cmm.org\/wp-content\/uploads\/2024\/11\/cefmc_100.jpg\",\"contentUrl\":\"https:\/\/mwc-cmm.org\/wp-content\/uploads\/2024\/11\/cefmc_100.jpg\",\"width\":940,\"height\":788},{\"@type\":\"BreadcrumbList\",\"@id\":\"https:\/\/mwc-cmm.org\/es\/stories\/100-anos-de-evangelizacion-en-el-congo\/#breadcrumb\",\"itemListElement\":[{\"@type\":\"ListItem\",\"position\":1,\"name\":\"Home\",\"item\":\"https:\/\/mwc-cmm.org\/es\/\"},{\"@type\":\"ListItem\",\"position\":2,\"name\":\"100 a\u00f1os de evangelizaci\u00f3n en el Congo\"}]},{\"@type\":\"WebSite\",\"@id\":\"https:\/\/mwc-cmm.org\/en\/#website\",\"url\":\"https:\/\/mwc-cmm.org\/en\/\",\"name\":\"Mennonite World Conference\",\"description\":\"A communion of Anabaptist-related churches\",\"publisher\":{\"@id\":\"https:\/\/mwc-cmm.org\/en\/#organization\"},\"alternateName\":\"MWC\",\"potentialAction\":[{\"@type\":\"SearchAction\",\"target\":{\"@type\":\"EntryPoint\",\"urlTemplate\":\"https:\/\/mwc-cmm.org\/en\/?s={search_term_string}\"},\"query-input\":{\"@type\":\"PropertyValueSpecification\",\"valueRequired\":true,\"valueName\":\"search_term_string\"}}],\"inLanguage\":\"es\"},{\"@type\":\"Organization\",\"@id\":\"https:\/\/mwc-cmm.org\/en\/#organization\",\"name\":\"Mennonite World Conference\",\"alternateName\":\"MWC\",\"url\":\"https:\/\/mwc-cmm.org\/en\/\",\"logo\":{\"@type\":\"ImageObject\",\"inLanguage\":\"es\",\"@id\":\"https:\/\/mwc-cmm.org\/en\/#\/schema\/logo\/image\/\",\"url\":\"https:\/\/mwc-cmm.org\/wp-content\/uploads\/2026\/01\/MWC_Sig_Blue_Horiz_webheader1-logo.svg\",\"contentUrl\":\"https:\/\/mwc-cmm.org\/wp-content\/uploads\/2026\/01\/MWC_Sig_Blue_Horiz_webheader1-logo.svg\",\"width\":786,\"height\":82,\"caption\":\"Mennonite World Conference\"},\"image\":{\"@id\":\"https:\/\/mwc-cmm.org\/en\/#\/schema\/logo\/image\/\"},\"sameAs\":[\"https:\/\/www.facebook.com\/MennoniteWorldConference\",\"https:\/\/www.linkedin.com\/company\/mennonite-world-conference-mwc\/\",\"https:\/\/www.instagram.com\/mwcmm\/\",\"https:\/\/www.youtube.com\/user\/mwccmm\",\"https:\/\/bsky.app\/profile\/mwcmm.bsky.social\"]},{\"@type\":\"Person\",\"@id\":\"https:\/\/mwc-cmm.org\/en\/#\/schema\/person\/11f6ae0d7d1868ba20a1cc27f067c836\",\"name\":\"mennworldcon\",\"image\":{\"@type\":\"ImageObject\",\"inLanguage\":\"es\",\"@id\":\"https:\/\/secure.gravatar.com\/avatar\/06fdc0dc81c157dfdb82ec42f252178a22307808988d22c043f9eb96f1e0fe80?s=96&d=mm&r=g\",\"url\":\"https:\/\/secure.gravatar.com\/avatar\/06fdc0dc81c157dfdb82ec42f252178a22307808988d22c043f9eb96f1e0fe80?s=96&d=mm&r=g\",\"contentUrl\":\"https:\/\/secure.gravatar.com\/avatar\/06fdc0dc81c157dfdb82ec42f252178a22307808988d22c043f9eb96f1e0fe80?s=96&d=mm&r=g\",\"caption\":\"mennworldcon\"},\"sameAs\":[\"https:\/\/mwc-cmm.org\"],\"url\":\"https:\/\/mwc-cmm.org\/es\/stories\/author\/mennworldcon\/\"}]}<\/script>\n<!-- \/ Yoast SEO plugin. -->","yoast_head_json":{"title":"100 a\u00f1os de evangelizaci\u00f3n en el Congo - Mennonite World Conference","robots":{"index":"index","follow":"follow","max-snippet":"max-snippet:-1","max-image-preview":"max-image-preview:large","max-video-preview":"max-video-preview:-1"},"canonical":"https:\/\/mwc-cmm.org\/es\/stories\/100-anos-de-evangelizacion-en-el-congo\/","og_locale":"es_ES","og_type":"article","og_title":"100 a\u00f1os de evangelizaci\u00f3n en el Congo - Mennonite World Conference","og_description":"\u201c100 a\u00f1os de evangelizaci\u00f3n en el Congo\u201d. Del 4 al 11 de agosto, la Communaut\u00e9 des \u00c9glises des Fr\u00e8res Mennonites au Congo (Comunidad de Iglesias de los Hermanos Menonitas del Congo, CEFMC por sus siglas en franc\u00e9s) celebr\u00f3 el centenario de su iglesia nacional. La celebraci\u00f3n en Kikwit -retrasada dos a\u00f1os debido a la pandemia- [&hellip;]","og_url":"https:\/\/mwc-cmm.org\/es\/stories\/100-anos-de-evangelizacion-en-el-congo\/","og_site_name":"Mennonite World Conference","article_publisher":"https:\/\/www.facebook.com\/MennoniteWorldConference","article_published_time":"2024-08-22T00:00:00+00:00","article_modified_time":"2024-12-10T18:06:44+00:00","og_image":[{"width":940,"height":788,"url":"https:\/\/mwc-cmm.org\/wp-content\/uploads\/2024\/11\/cefmc_100.jpg","type":"image\/jpeg"}],"author":"mennworldcon","schema":{"@context":"https:\/\/schema.org","@graph":[{"@type":"Article","@id":"https:\/\/mwc-cmm.org\/es\/stories\/100-anos-de-evangelizacion-en-el-congo\/#article","isPartOf":{"@id":"https:\/\/mwc-cmm.org\/es\/stories\/100-anos-de-evangelizacion-en-el-congo\/"},"author":{"name":"mennworldcon","@id":"https:\/\/mwc-cmm.org\/en\/#\/schema\/person\/11f6ae0d7d1868ba20a1cc27f067c836"},"headline":"100 a\u00f1os de evangelizaci\u00f3n en el Congo","datePublished":"2024-08-22T00:00:00+00:00","dateModified":"2024-12-10T18:06:44+00:00","mainEntityOfPage":{"@id":"https:\/\/mwc-cmm.org\/es\/stories\/100-anos-de-evangelizacion-en-el-congo\/"},"wordCount":361,"publisher":{"@id":"https:\/\/mwc-cmm.org\/en\/#organization"},"image":{"@id":"https:\/\/mwc-cmm.org\/es\/stories\/100-anos-de-evangelizacion-en-el-congo\/#primaryimage"},"thumbnailUrl":"https:\/\/mwc-cmm.org\/wp-content\/uploads\/2024\/11\/cefmc_100.jpg","keywords":["mission"],"articleSection":["Sin categorizar"],"inLanguage":"es"},{"@type":"WebPage","@id":"https:\/\/mwc-cmm.org\/es\/stories\/100-anos-de-evangelizacion-en-el-congo\/","url":"https:\/\/mwc-cmm.org\/es\/stories\/100-anos-de-evangelizacion-en-el-congo\/","name":"100 a\u00f1os de evangelizaci\u00f3n en el Congo - Mennonite World Conference","isPartOf":{"@id":"https:\/\/mwc-cmm.org\/en\/#website"},"primaryImageOfPage":{"@id":"https:\/\/mwc-cmm.org\/es\/stories\/100-anos-de-evangelizacion-en-el-congo\/#primaryimage"},"image":{"@id":"https:\/\/mwc-cmm.org\/es\/stories\/100-anos-de-evangelizacion-en-el-congo\/#primaryimage"},"thumbnailUrl":"https:\/\/mwc-cmm.org\/wp-content\/uploads\/2024\/11\/cefmc_100.jpg","datePublished":"2024-08-22T00:00:00+00:00","dateModified":"2024-12-10T18:06:44+00:00","breadcrumb":{"@id":"https:\/\/mwc-cmm.org\/es\/stories\/100-anos-de-evangelizacion-en-el-congo\/#breadcrumb"},"inLanguage":"es","potentialAction":[{"@type":"ReadAction","target":["https:\/\/mwc-cmm.org\/es\/stories\/100-anos-de-evangelizacion-en-el-congo\/"]}]},{"@type":"ImageObject","inLanguage":"es","@id":"https:\/\/mwc-cmm.org\/es\/stories\/100-anos-de-evangelizacion-en-el-congo\/#primaryimage","url":"https:\/\/mwc-cmm.org\/wp-content\/uploads\/2024\/11\/cefmc_100.jpg","contentUrl":"https:\/\/mwc-cmm.org\/wp-content\/uploads\/2024\/11\/cefmc_100.jpg","width":940,"height":788},{"@type":"BreadcrumbList","@id":"https:\/\/mwc-cmm.org\/es\/stories\/100-anos-de-evangelizacion-en-el-congo\/#breadcrumb","itemListElement":[{"@type":"ListItem","position":1,"name":"Home","item":"https:\/\/mwc-cmm.org\/es\/"},{"@type":"ListItem","position":2,"name":"100 a\u00f1os de evangelizaci\u00f3n en el Congo"}]},{"@type":"WebSite","@id":"https:\/\/mwc-cmm.org\/en\/#website","url":"https:\/\/mwc-cmm.org\/en\/","name":"Mennonite World Conference","description":"A communion of Anabaptist-related churches","publisher":{"@id":"https:\/\/mwc-cmm.org\/en\/#organization"},"alternateName":"MWC","potentialAction":[{"@type":"SearchAction","target":{"@type":"EntryPoint","urlTemplate":"https:\/\/mwc-cmm.org\/en\/?s={search_term_string}"},"query-input":{"@type":"PropertyValueSpecification","valueRequired":true,"valueName":"search_term_string"}}],"inLanguage":"es"},{"@type":"Organization","@id":"https:\/\/mwc-cmm.org\/en\/#organization","name":"Mennonite World Conference","alternateName":"MWC","url":"https:\/\/mwc-cmm.org\/en\/","logo":{"@type":"ImageObject","inLanguage":"es","@id":"https:\/\/mwc-cmm.org\/en\/#\/schema\/logo\/image\/","url":"https:\/\/mwc-cmm.org\/wp-content\/uploads\/2026\/01\/MWC_Sig_Blue_Horiz_webheader1-logo.svg","contentUrl":"https:\/\/mwc-cmm.org\/wp-content\/uploads\/2026\/01\/MWC_Sig_Blue_Horiz_webheader1-logo.svg","width":786,"height":82,"caption":"Mennonite World Conference"},"image":{"@id":"https:\/\/mwc-cmm.org\/en\/#\/schema\/logo\/image\/"},"sameAs":["https:\/\/www.facebook.com\/MennoniteWorldConference","https:\/\/www.linkedin.com\/company\/mennonite-world-conference-mwc\/","https:\/\/www.instagram.com\/mwcmm\/","https:\/\/www.youtube.com\/user\/mwccmm","https:\/\/bsky.app\/profile\/mwcmm.bsky.social"]},{"@type":"Person","@id":"https:\/\/mwc-cmm.org\/en\/#\/schema\/person\/11f6ae0d7d1868ba20a1cc27f067c836","name":"mennworldcon","image":{"@type":"ImageObject","inLanguage":"es","@id":"https:\/\/secure.gravatar.com\/avatar\/06fdc0dc81c157dfdb82ec42f252178a22307808988d22c043f9eb96f1e0fe80?s=96&d=mm&r=g","url":"https:\/\/secure.gravatar.com\/avatar\/06fdc0dc81c157dfdb82ec42f252178a22307808988d22c043f9eb96f1e0fe80?s=96&d=mm&r=g","contentUrl":"https:\/\/secure.gravatar.com\/avatar\/06fdc0dc81c157dfdb82ec42f252178a22307808988d22c043f9eb96f1e0fe80?s=96&d=mm&r=g","caption":"mennworldcon"},"sameAs":["https:\/\/mwc-cmm.org"],"url":"https:\/\/mwc-cmm.org\/es\/stories\/author\/mennworldcon\/"}]}},"_links":{"self":[{"href":"https:\/\/mwc-cmm.org\/es\/wp-json\/wp\/v2\/posts\/9494","targetHints":{"allow":["GET"]}}],"collection":[{"href":"https:\/\/mwc-cmm.org\/es\/wp-json\/wp\/v2\/posts"}],"about":[{"href":"https:\/\/mwc-cmm.org\/es\/wp-json\/wp\/v2\/types\/post"}],"author":[{"embeddable":true,"href":"https:\/\/mwc-cmm.org\/es\/wp-json\/wp\/v2\/users\/1"}],"replies":[{"embeddable":true,"href":"https:\/\/mwc-cmm.org\/es\/wp-json\/wp\/v2\/comments?post=9494"}],"version-history":[{"count":0,"href":"https:\/\/mwc-cmm.org\/es\/wp-json\/wp\/v2\/posts\/9494\/revisions"}],"wp:featuredmedia":[{"embeddable":true,"href":"https:\/\/mwc-cmm.org\/es\/wp-json\/wp\/v2\/media\/98408"}],"wp:attachment":[{"href":"https:\/\/mwc-cmm.org\/es\/wp-json\/wp\/v2\/media?parent=9494"}],"wp:term":[{"taxonomy":"category","embeddable":true,"href":"https:\/\/mwc-cmm.org\/es\/wp-json\/wp\/v2\/categories?post=9494"},{"taxonomy":"post_tag","embeddable":true,"href":"https:\/\/mwc-cmm.org\/es\/wp-json\/wp\/v2\/tags?post=9494"},{"taxonomy":"network","embeddable":true,"href":"https:\/\/mwc-cmm.org\/es\/wp-json\/wp\/v2\/network?post=9494"},{"taxonomy":"eventcategory","embeddable":true,"href":"https:\/\/mwc-cmm.org\/es\/wp-json\/wp\/v2\/eventcategory?post=9494"}],"curies":[{"name":"wp","href":"https:\/\/api.w.org\/{rel}","templated":true}]}}