{"id":9483,"date":"2024-06-24T00:00:00","date_gmt":"2024-06-24T00:00:00","guid":{"rendered":"https:\/\/mwc-cmm.org\/music-opens-window-to-anabaptist-worship-across-cultures-2\/"},"modified":"2024-12-10T18:06:39","modified_gmt":"2024-12-10T18:06:39","slug":"la-musica-abre-una-ventana-la-adoracion-anabautista-en-todas-las-culturas","status":"publish","type":"post","link":"https:\/\/mwc-cmm.org\/es\/stories\/la-musica-abre-una-ventana-la-adoracion-anabautista-en-todas-las-culturas\/","title":{"rendered":"La m\u00fasica abre una ventana a la adoraci\u00f3n anabautista en todas las culturas"},"content":{"rendered":"<h4>Cinco conjuntos vocales muestran el amor de Dios en la diversidad de culturas a trav\u00e9s de la m\u00fasica en 10 conciertos en el evento del aniversario 500 en&nbsp;Z\u00farich<\/h4>\n<hr>\n<p><a href=\"https:\/\/mwc-cmm.org\/en\/resources\/dalam-yesus-kita-bersaudarain-jesus-christ-we-are-one-family\">\u201cDalam Yesus\u2026\u201d <\/a>Para muchos participantes de la Asamblea, la m\u00fasica multiling\u00fce y multicultural de las sesiones plenarias de adoraci\u00f3n es una de las partes m\u00e1s memorables de este encuentro de la familia Mundial. Rashard Allen quiere ampliar esto en \u201cLa valent\u00eda de amar: Anabautismo a los 500\u201d en Z\u00farich, el&nbsp;29 de mayo del&nbsp;2025. El evento del Congreso Mundial Menonita conmemora el 500 aniversario del movimiento&nbsp;anabautista.<\/p>\n<p><a href=\"https:\/\/mwc-cmm.org\/es\/stories\/un-tesoro-de-unidad-en-la-perla-de-africa\">El director de m\u00fasica y adoraci\u00f3n de la Iglesia Menonita de Neffsville en Pensilvania, EE.&nbsp;UU.,<\/a> ha reunido un grupo conformado por cada una de las cinco regiones del CMM para ese d\u00eda.<\/p>\n<p>\u201cQueremos representar todo lo que es el anabautismo hoy en d\u00eda y c\u00f3mo ser\u00e1 en el futuro: <a href=\"https:\/\/mwc-cmm.org\/es\/mapa-estadisticas\">dos tercios de los anabautistas est\u00e1n en el Sur Global. <\/a>El anabautismo es muy diverso\u201d, explica.<\/p>\n<p>\u201cLa m\u00fasica es una gran parte de la expresi\u00f3n de nuestra diversidad. Aunque todos hablamos idiomas diferentes, la m\u00fasica es un idioma con el que todos podemos identificarnos. De ese modo, nos brinda una ventana a otras culturas.<\/p>\n<p>\u201cPodemos abrazar la teolog\u00eda y los valores anabautistas, pero la m\u00fasica representa nuestra diversidad cultural\u201d, declara Rashard Allen. \u201cEl grupo de Am\u00e9rica Latina sonar\u00e1 diferente al grupo de \u00c1frica. La forma en que expresan el anabautismo se contextualiza a trav\u00e9s de su m\u00fasica\u201d.<\/p>\n<p>En consulta con los representantes regionales del CMM y sus propios contactos musicales alrededor del mundo, Rashard Allen invit\u00f3 cinco conjuntos:<\/p>\n<ul>\n<li><a href=\"https:\/\/www.facebook.com\/eastleighfellowshipchurch\">\u00c1frica: Coro de la iglesia Eastleigh Fellowship (EFC \u2013 Kenia)<\/a><\/li>\n<li><a href=\"https:\/\/www.instagram.com\/gkmi.anugerah\/\">Asia: banda de adoraci\u00f3n GKMI Anugerah (Indonesia)<\/a><\/li>\n<li><a href=\"https:\/\/www.instagram.com\/songs.of.peace\/\">Europa: Canciones de paz (Suiza)<\/a><\/li>\n<li><a href=\"https:\/\/www.instagram.com\/agapeband.py\/\">Latinoam\u00e9rica: Banda \u00c1gape (Paraguay)<\/a><\/li>\n<li><a href=\"https:\/\/www.instagram.com\/emuchambersingers\/\">Am\u00e9rica del Norte: Cantantes de C\u00e1mara de la Universidad Menonita del Este (EE.&nbsp;UU.)<\/a><\/li>\n<\/ul>\n<p>De acuerdo con el tema del evento, \u201cLa valent\u00eda de amar\u201d, cada uno de los conjuntos musicales est\u00e1 comprometido con el trabajo de la reconciliaci\u00f3n, expresa Rashard Allen. \u201cTienen una perspectiva ecum\u00e9nica global en t\u00e9rminos de c\u00f3mo entienden su papel como coro\/conjunto anabautista\u201d.<\/p>\n<p>Cada grupo presentar\u00e1 dos conciertos y participar\u00e1 en la reuni\u00f3n de adoraci\u00f3n masiva al final del d\u00eda. Los conciertos bajo techo en la Predigerkirche durar\u00e1n 45 minutos. Los conjuntos tambi\u00e9n ofrecer\u00e1n un concierto al aire libre de 30 minutos. Debido a los estatutos locales sobre amplificaci\u00f3n de sonido, los conciertos al aire libre tendr\u00e1n un estilo de instrumentaci\u00f3n modificado.<\/p>\n<p>\u201cCada experiencia ser\u00e1 \u00fanica porque los grupos hacen las cosas de diferentes maneras\u201d, explica Rashard Allen.<\/p>\n<p>Habr\u00e1 muchas cosas pasando: talleres, un recorrido a pie, una mesa redonda y los coros.<\/p>\n<p>\u201cMi esperanza es que otras personas vean los conjuntos como una pieza central del evento y asimilen todo lo que puedan\u201d, declara.<\/p>\n<p>\u201cTr\u00e1telo como un buffet: vea un concierto al aire libre y otro en el interior. Animo a la gente a que vea un grupo que no sea de su continente de origen. Perm\u00edtanse experimentar algo nuevo. Cada experiencia ser\u00e1 \u00fanica\u201d.<\/p>\n<p>\u201cCreo que cada persona y cada cultura nos brinda una ventana a un aspecto de qui\u00e9n es Dios. Espero que la gente busque eso en la m\u00fasica\u201d.<\/p>\n<p>\u201cEstoy a la expectativa de volver a adorar con tanta diversidad musical, tantas expresiones diferentes de amor a Dios y del amor de Dios\u201d, manifiesta Rashard Allen, <a href=\"https:\/\/mwc-cmm.org\/en\/resources\/way-maker\">quien form\u00f3 parte del conjunto internacional de la Asamblea 17<\/a>.<\/p>\n<p>\u201cUstedes podr\u00e1n hacerse una idea sobre d\u00f3nde est\u00e1 ahora la iglesia anabautista y tambi\u00e9n de d\u00f3nde ha estado. Estoy muy emocionado de ser parte de esto\u201d.<\/p>\n<hr>\n<p><a href=\"https:\/\/mwc-cmm.org\/es\/500-la-valentia-de-amar\">Informaci\u00f3n sobre las visitas guiadas de El valent\u00eda de amar:&nbsp;anabautismo a los 500<\/a>.<\/p>\n<p><a data-flickr-embed=\"true\" href=\"https:\/\/www.flickr.com\/photos\/mwcmm\/53231026279\/in\/album-72177720311646025\/\" title=\"A6_SP_Postcard rev\"><img decoding=\"async\" alt=\"A6_SP_Postcard rev\" height=\"454\" data-src=\"https:\/\/live.staticflickr.com\/65535\/53231026279_9fce3c11f9_z.jpg\" width=\"640\" src=\"data:image\/svg+xml;base64,PHN2ZyB3aWR0aD0iMSIgaGVpZ2h0PSIxIiB4bWxucz0iaHR0cDovL3d3dy53My5vcmcvMjAwMC9zdmciPjwvc3ZnPg==\" class=\"lazyload\" style=\"--smush-placeholder-width: 640px; --smush-placeholder-aspect-ratio: 640\/454;\"><\/a><\/p>\n<p>&nbsp;<\/p>\n","protected":false},"excerpt":{"rendered":"<p>Cinco conjuntos vocales muestran el amor de Dios en la diversidad de culturas a trav\u00e9s de la m\u00fasica en 10 conciertos en el evento del aniversario 500 en&nbsp;Z\u00farich \u201cDalam Yesus\u2026\u201d Para muchos participantes de la Asamblea, la m\u00fasica multiling\u00fce y multicultural de las sesiones plenarias de adoraci\u00f3n es una de las partes m\u00e1s memorables de [&hellip;]<\/p>\n","protected":false},"author":1,"featured_media":0,"comment_status":"closed","ping_status":"closed","sticky":false,"template":"","format":"standard","meta":{"_acf_changed":false,"footnotes":""},"categories":[6],"tags":[518,517,438],"network":[],"eventcategory":[1509,1484],"class_list":["post-9483","post","type-post","status-publish","format-standard","hentry","category-sin-categorizar","tag-500-es","tag-celebrar-equipar-adorar-500-anos-de-anabautismo","tag-la-valentia-de-amar","eventcategory-500-the-courage-to-love-es","eventcategory-renewal-2028-es"],"acf":[],"yoast_head":"<!-- This site is optimized with the Yoast SEO plugin v27.2 - https:\/\/yoast.com\/product\/yoast-seo-wordpress\/ -->\n<title>La m\u00fasica abre una ventana a la adoraci\u00f3n anabautista en todas las culturas - Mennonite World Conference<\/title>\n<meta name=\"robots\" content=\"index, follow, max-snippet:-1, max-image-preview:large, max-video-preview:-1\" \/>\n<link rel=\"canonical\" href=\"https:\/\/mwc-cmm.org\/es\/stories\/la-musica-abre-una-ventana-la-adoracion-anabautista-en-todas-las-culturas\/\" \/>\n<meta property=\"og:locale\" content=\"es_ES\" \/>\n<meta property=\"og:type\" content=\"article\" \/>\n<meta property=\"og:title\" content=\"La m\u00fasica abre una ventana a la adoraci\u00f3n anabautista en todas las culturas - Mennonite World Conference\" \/>\n<meta property=\"og:description\" content=\"Cinco conjuntos vocales muestran el amor de Dios en la diversidad de culturas a trav\u00e9s de la m\u00fasica en 10 conciertos en el evento del aniversario 500 en&nbsp;Z\u00farich \u201cDalam Yesus\u2026\u201d Para muchos participantes de la Asamblea, la m\u00fasica multiling\u00fce y multicultural de las sesiones plenarias de adoraci\u00f3n es una de las partes m\u00e1s memorables de [&hellip;]\" \/>\n<meta property=\"og:url\" content=\"https:\/\/mwc-cmm.org\/es\/stories\/la-musica-abre-una-ventana-la-adoracion-anabautista-en-todas-las-culturas\/\" \/>\n<meta property=\"og:site_name\" content=\"Mennonite World Conference\" \/>\n<meta property=\"article:publisher\" content=\"https:\/\/www.facebook.com\/MennoniteWorldConference\" \/>\n<meta property=\"article:published_time\" content=\"2024-06-24T00:00:00+00:00\" \/>\n<meta property=\"article:modified_time\" content=\"2024-12-10T18:06:39+00:00\" \/>\n<meta property=\"og:image\" content=\"https:\/\/live.staticflickr.com\/65535\/53231026279_9fce3c11f9_z.jpg\" \/>\n<meta name=\"author\" content=\"mennworldcon\" \/>\n<script type=\"application\/ld+json\" class=\"yoast-schema-graph\">{\"@context\":\"https:\/\/schema.org\",\"@graph\":[{\"@type\":\"Article\",\"@id\":\"https:\/\/mwc-cmm.org\/es\/stories\/la-musica-abre-una-ventana-la-adoracion-anabautista-en-todas-las-culturas\/#article\",\"isPartOf\":{\"@id\":\"https:\/\/mwc-cmm.org\/es\/stories\/la-musica-abre-una-ventana-la-adoracion-anabautista-en-todas-las-culturas\/\"},\"author\":{\"name\":\"mennworldcon\",\"@id\":\"https:\/\/mwc-cmm.org\/en\/#\/schema\/person\/11f6ae0d7d1868ba20a1cc27f067c836\"},\"headline\":\"La m\u00fasica abre una ventana a la adoraci\u00f3n anabautista en todas las culturas\",\"datePublished\":\"2024-06-24T00:00:00+00:00\",\"dateModified\":\"2024-12-10T18:06:39+00:00\",\"mainEntityOfPage\":{\"@id\":\"https:\/\/mwc-cmm.org\/es\/stories\/la-musica-abre-una-ventana-la-adoracion-anabautista-en-todas-las-culturas\/\"},\"wordCount\":668,\"publisher\":{\"@id\":\"https:\/\/mwc-cmm.org\/en\/#organization\"},\"image\":{\"@id\":\"https:\/\/mwc-cmm.org\/es\/stories\/la-musica-abre-una-ventana-la-adoracion-anabautista-en-todas-las-culturas\/#primaryimage\"},\"thumbnailUrl\":\"https:\/\/live.staticflickr.com\/65535\/53231026279_9fce3c11f9_z.jpg\",\"keywords\":[\"500\",\"Celebrar, equipar, adorar: 500 a\u00f1os de anabautismo\",\"La valent\u00eda de amar\"],\"articleSection\":[\"Sin categorizar\"],\"inLanguage\":\"es\"},{\"@type\":\"WebPage\",\"@id\":\"https:\/\/mwc-cmm.org\/es\/stories\/la-musica-abre-una-ventana-la-adoracion-anabautista-en-todas-las-culturas\/\",\"url\":\"https:\/\/mwc-cmm.org\/es\/stories\/la-musica-abre-una-ventana-la-adoracion-anabautista-en-todas-las-culturas\/\",\"name\":\"La m\u00fasica abre una ventana a la adoraci\u00f3n anabautista en todas las culturas - Mennonite World Conference\",\"isPartOf\":{\"@id\":\"https:\/\/mwc-cmm.org\/en\/#website\"},\"primaryImageOfPage\":{\"@id\":\"https:\/\/mwc-cmm.org\/es\/stories\/la-musica-abre-una-ventana-la-adoracion-anabautista-en-todas-las-culturas\/#primaryimage\"},\"image\":{\"@id\":\"https:\/\/mwc-cmm.org\/es\/stories\/la-musica-abre-una-ventana-la-adoracion-anabautista-en-todas-las-culturas\/#primaryimage\"},\"thumbnailUrl\":\"https:\/\/live.staticflickr.com\/65535\/53231026279_9fce3c11f9_z.jpg\",\"datePublished\":\"2024-06-24T00:00:00+00:00\",\"dateModified\":\"2024-12-10T18:06:39+00:00\",\"breadcrumb\":{\"@id\":\"https:\/\/mwc-cmm.org\/es\/stories\/la-musica-abre-una-ventana-la-adoracion-anabautista-en-todas-las-culturas\/#breadcrumb\"},\"inLanguage\":\"es\",\"potentialAction\":[{\"@type\":\"ReadAction\",\"target\":[\"https:\/\/mwc-cmm.org\/es\/stories\/la-musica-abre-una-ventana-la-adoracion-anabautista-en-todas-las-culturas\/\"]}]},{\"@type\":\"ImageObject\",\"inLanguage\":\"es\",\"@id\":\"https:\/\/mwc-cmm.org\/es\/stories\/la-musica-abre-una-ventana-la-adoracion-anabautista-en-todas-las-culturas\/#primaryimage\",\"url\":\"https:\/\/live.staticflickr.com\/65535\/53231026279_9fce3c11f9_z.jpg\",\"contentUrl\":\"https:\/\/live.staticflickr.com\/65535\/53231026279_9fce3c11f9_z.jpg\"},{\"@type\":\"BreadcrumbList\",\"@id\":\"https:\/\/mwc-cmm.org\/es\/stories\/la-musica-abre-una-ventana-la-adoracion-anabautista-en-todas-las-culturas\/#breadcrumb\",\"itemListElement\":[{\"@type\":\"ListItem\",\"position\":1,\"name\":\"Home\",\"item\":\"https:\/\/mwc-cmm.org\/es\/\"},{\"@type\":\"ListItem\",\"position\":2,\"name\":\"La m\u00fasica abre una ventana a la adoraci\u00f3n anabautista en todas las culturas\"}]},{\"@type\":\"WebSite\",\"@id\":\"https:\/\/mwc-cmm.org\/en\/#website\",\"url\":\"https:\/\/mwc-cmm.org\/en\/\",\"name\":\"Mennonite World Conference\",\"description\":\"A communion of Anabaptist-related churches\",\"publisher\":{\"@id\":\"https:\/\/mwc-cmm.org\/en\/#organization\"},\"alternateName\":\"MWC\",\"potentialAction\":[{\"@type\":\"SearchAction\",\"target\":{\"@type\":\"EntryPoint\",\"urlTemplate\":\"https:\/\/mwc-cmm.org\/en\/?s={search_term_string}\"},\"query-input\":{\"@type\":\"PropertyValueSpecification\",\"valueRequired\":true,\"valueName\":\"search_term_string\"}}],\"inLanguage\":\"es\"},{\"@type\":\"Organization\",\"@id\":\"https:\/\/mwc-cmm.org\/en\/#organization\",\"name\":\"Mennonite World Conference\",\"alternateName\":\"MWC\",\"url\":\"https:\/\/mwc-cmm.org\/en\/\",\"logo\":{\"@type\":\"ImageObject\",\"inLanguage\":\"es\",\"@id\":\"https:\/\/mwc-cmm.org\/en\/#\/schema\/logo\/image\/\",\"url\":\"https:\/\/mwc-cmm.org\/wp-content\/uploads\/2026\/01\/MWC_Sig_Blue_Horiz_webheader1-logo.svg\",\"contentUrl\":\"https:\/\/mwc-cmm.org\/wp-content\/uploads\/2026\/01\/MWC_Sig_Blue_Horiz_webheader1-logo.svg\",\"width\":786,\"height\":82,\"caption\":\"Mennonite World Conference\"},\"image\":{\"@id\":\"https:\/\/mwc-cmm.org\/en\/#\/schema\/logo\/image\/\"},\"sameAs\":[\"https:\/\/www.facebook.com\/MennoniteWorldConference\",\"https:\/\/www.linkedin.com\/company\/mennonite-world-conference-mwc\/\",\"https:\/\/www.instagram.com\/mwcmm\/\",\"https:\/\/www.youtube.com\/user\/mwccmm\",\"https:\/\/bsky.app\/profile\/mwcmm.bsky.social\"]},{\"@type\":\"Person\",\"@id\":\"https:\/\/mwc-cmm.org\/en\/#\/schema\/person\/11f6ae0d7d1868ba20a1cc27f067c836\",\"name\":\"mennworldcon\",\"image\":{\"@type\":\"ImageObject\",\"inLanguage\":\"es\",\"@id\":\"https:\/\/secure.gravatar.com\/avatar\/06fdc0dc81c157dfdb82ec42f252178a22307808988d22c043f9eb96f1e0fe80?s=96&d=mm&r=g\",\"url\":\"https:\/\/secure.gravatar.com\/avatar\/06fdc0dc81c157dfdb82ec42f252178a22307808988d22c043f9eb96f1e0fe80?s=96&d=mm&r=g\",\"contentUrl\":\"https:\/\/secure.gravatar.com\/avatar\/06fdc0dc81c157dfdb82ec42f252178a22307808988d22c043f9eb96f1e0fe80?s=96&d=mm&r=g\",\"caption\":\"mennworldcon\"},\"sameAs\":[\"https:\/\/mwc-cmm.org\"],\"url\":\"https:\/\/mwc-cmm.org\/es\/stories\/author\/mennworldcon\/\"}]}<\/script>\n<!-- \/ Yoast SEO plugin. -->","yoast_head_json":{"title":"La m\u00fasica abre una ventana a la adoraci\u00f3n anabautista en todas las culturas - Mennonite World Conference","robots":{"index":"index","follow":"follow","max-snippet":"max-snippet:-1","max-image-preview":"max-image-preview:large","max-video-preview":"max-video-preview:-1"},"canonical":"https:\/\/mwc-cmm.org\/es\/stories\/la-musica-abre-una-ventana-la-adoracion-anabautista-en-todas-las-culturas\/","og_locale":"es_ES","og_type":"article","og_title":"La m\u00fasica abre una ventana a la adoraci\u00f3n anabautista en todas las culturas - Mennonite World Conference","og_description":"Cinco conjuntos vocales muestran el amor de Dios en la diversidad de culturas a trav\u00e9s de la m\u00fasica en 10 conciertos en el evento del aniversario 500 en&nbsp;Z\u00farich \u201cDalam Yesus\u2026\u201d Para muchos participantes de la Asamblea, la m\u00fasica multiling\u00fce y multicultural de las sesiones plenarias de adoraci\u00f3n es una de las partes m\u00e1s memorables de [&hellip;]","og_url":"https:\/\/mwc-cmm.org\/es\/stories\/la-musica-abre-una-ventana-la-adoracion-anabautista-en-todas-las-culturas\/","og_site_name":"Mennonite World Conference","article_publisher":"https:\/\/www.facebook.com\/MennoniteWorldConference","article_published_time":"2024-06-24T00:00:00+00:00","article_modified_time":"2024-12-10T18:06:39+00:00","og_image":[{"url":"https:\/\/live.staticflickr.com\/65535\/53231026279_9fce3c11f9_z.jpg","type":"","width":"","height":""}],"author":"mennworldcon","schema":{"@context":"https:\/\/schema.org","@graph":[{"@type":"Article","@id":"https:\/\/mwc-cmm.org\/es\/stories\/la-musica-abre-una-ventana-la-adoracion-anabautista-en-todas-las-culturas\/#article","isPartOf":{"@id":"https:\/\/mwc-cmm.org\/es\/stories\/la-musica-abre-una-ventana-la-adoracion-anabautista-en-todas-las-culturas\/"},"author":{"name":"mennworldcon","@id":"https:\/\/mwc-cmm.org\/en\/#\/schema\/person\/11f6ae0d7d1868ba20a1cc27f067c836"},"headline":"La m\u00fasica abre una ventana a la adoraci\u00f3n anabautista en todas las culturas","datePublished":"2024-06-24T00:00:00+00:00","dateModified":"2024-12-10T18:06:39+00:00","mainEntityOfPage":{"@id":"https:\/\/mwc-cmm.org\/es\/stories\/la-musica-abre-una-ventana-la-adoracion-anabautista-en-todas-las-culturas\/"},"wordCount":668,"publisher":{"@id":"https:\/\/mwc-cmm.org\/en\/#organization"},"image":{"@id":"https:\/\/mwc-cmm.org\/es\/stories\/la-musica-abre-una-ventana-la-adoracion-anabautista-en-todas-las-culturas\/#primaryimage"},"thumbnailUrl":"https:\/\/live.staticflickr.com\/65535\/53231026279_9fce3c11f9_z.jpg","keywords":["500","Celebrar, equipar, adorar: 500 a\u00f1os de anabautismo","La valent\u00eda de amar"],"articleSection":["Sin categorizar"],"inLanguage":"es"},{"@type":"WebPage","@id":"https:\/\/mwc-cmm.org\/es\/stories\/la-musica-abre-una-ventana-la-adoracion-anabautista-en-todas-las-culturas\/","url":"https:\/\/mwc-cmm.org\/es\/stories\/la-musica-abre-una-ventana-la-adoracion-anabautista-en-todas-las-culturas\/","name":"La m\u00fasica abre una ventana a la adoraci\u00f3n anabautista en todas las culturas - Mennonite World Conference","isPartOf":{"@id":"https:\/\/mwc-cmm.org\/en\/#website"},"primaryImageOfPage":{"@id":"https:\/\/mwc-cmm.org\/es\/stories\/la-musica-abre-una-ventana-la-adoracion-anabautista-en-todas-las-culturas\/#primaryimage"},"image":{"@id":"https:\/\/mwc-cmm.org\/es\/stories\/la-musica-abre-una-ventana-la-adoracion-anabautista-en-todas-las-culturas\/#primaryimage"},"thumbnailUrl":"https:\/\/live.staticflickr.com\/65535\/53231026279_9fce3c11f9_z.jpg","datePublished":"2024-06-24T00:00:00+00:00","dateModified":"2024-12-10T18:06:39+00:00","breadcrumb":{"@id":"https:\/\/mwc-cmm.org\/es\/stories\/la-musica-abre-una-ventana-la-adoracion-anabautista-en-todas-las-culturas\/#breadcrumb"},"inLanguage":"es","potentialAction":[{"@type":"ReadAction","target":["https:\/\/mwc-cmm.org\/es\/stories\/la-musica-abre-una-ventana-la-adoracion-anabautista-en-todas-las-culturas\/"]}]},{"@type":"ImageObject","inLanguage":"es","@id":"https:\/\/mwc-cmm.org\/es\/stories\/la-musica-abre-una-ventana-la-adoracion-anabautista-en-todas-las-culturas\/#primaryimage","url":"https:\/\/live.staticflickr.com\/65535\/53231026279_9fce3c11f9_z.jpg","contentUrl":"https:\/\/live.staticflickr.com\/65535\/53231026279_9fce3c11f9_z.jpg"},{"@type":"BreadcrumbList","@id":"https:\/\/mwc-cmm.org\/es\/stories\/la-musica-abre-una-ventana-la-adoracion-anabautista-en-todas-las-culturas\/#breadcrumb","itemListElement":[{"@type":"ListItem","position":1,"name":"Home","item":"https:\/\/mwc-cmm.org\/es\/"},{"@type":"ListItem","position":2,"name":"La m\u00fasica abre una ventana a la adoraci\u00f3n anabautista en todas las culturas"}]},{"@type":"WebSite","@id":"https:\/\/mwc-cmm.org\/en\/#website","url":"https:\/\/mwc-cmm.org\/en\/","name":"Mennonite World Conference","description":"A communion of Anabaptist-related churches","publisher":{"@id":"https:\/\/mwc-cmm.org\/en\/#organization"},"alternateName":"MWC","potentialAction":[{"@type":"SearchAction","target":{"@type":"EntryPoint","urlTemplate":"https:\/\/mwc-cmm.org\/en\/?s={search_term_string}"},"query-input":{"@type":"PropertyValueSpecification","valueRequired":true,"valueName":"search_term_string"}}],"inLanguage":"es"},{"@type":"Organization","@id":"https:\/\/mwc-cmm.org\/en\/#organization","name":"Mennonite World Conference","alternateName":"MWC","url":"https:\/\/mwc-cmm.org\/en\/","logo":{"@type":"ImageObject","inLanguage":"es","@id":"https:\/\/mwc-cmm.org\/en\/#\/schema\/logo\/image\/","url":"https:\/\/mwc-cmm.org\/wp-content\/uploads\/2026\/01\/MWC_Sig_Blue_Horiz_webheader1-logo.svg","contentUrl":"https:\/\/mwc-cmm.org\/wp-content\/uploads\/2026\/01\/MWC_Sig_Blue_Horiz_webheader1-logo.svg","width":786,"height":82,"caption":"Mennonite World Conference"},"image":{"@id":"https:\/\/mwc-cmm.org\/en\/#\/schema\/logo\/image\/"},"sameAs":["https:\/\/www.facebook.com\/MennoniteWorldConference","https:\/\/www.linkedin.com\/company\/mennonite-world-conference-mwc\/","https:\/\/www.instagram.com\/mwcmm\/","https:\/\/www.youtube.com\/user\/mwccmm","https:\/\/bsky.app\/profile\/mwcmm.bsky.social"]},{"@type":"Person","@id":"https:\/\/mwc-cmm.org\/en\/#\/schema\/person\/11f6ae0d7d1868ba20a1cc27f067c836","name":"mennworldcon","image":{"@type":"ImageObject","inLanguage":"es","@id":"https:\/\/secure.gravatar.com\/avatar\/06fdc0dc81c157dfdb82ec42f252178a22307808988d22c043f9eb96f1e0fe80?s=96&d=mm&r=g","url":"https:\/\/secure.gravatar.com\/avatar\/06fdc0dc81c157dfdb82ec42f252178a22307808988d22c043f9eb96f1e0fe80?s=96&d=mm&r=g","contentUrl":"https:\/\/secure.gravatar.com\/avatar\/06fdc0dc81c157dfdb82ec42f252178a22307808988d22c043f9eb96f1e0fe80?s=96&d=mm&r=g","caption":"mennworldcon"},"sameAs":["https:\/\/mwc-cmm.org"],"url":"https:\/\/mwc-cmm.org\/es\/stories\/author\/mennworldcon\/"}]}},"_links":{"self":[{"href":"https:\/\/mwc-cmm.org\/es\/wp-json\/wp\/v2\/posts\/9483","targetHints":{"allow":["GET"]}}],"collection":[{"href":"https:\/\/mwc-cmm.org\/es\/wp-json\/wp\/v2\/posts"}],"about":[{"href":"https:\/\/mwc-cmm.org\/es\/wp-json\/wp\/v2\/types\/post"}],"author":[{"embeddable":true,"href":"https:\/\/mwc-cmm.org\/es\/wp-json\/wp\/v2\/users\/1"}],"replies":[{"embeddable":true,"href":"https:\/\/mwc-cmm.org\/es\/wp-json\/wp\/v2\/comments?post=9483"}],"version-history":[{"count":0,"href":"https:\/\/mwc-cmm.org\/es\/wp-json\/wp\/v2\/posts\/9483\/revisions"}],"wp:attachment":[{"href":"https:\/\/mwc-cmm.org\/es\/wp-json\/wp\/v2\/media?parent=9483"}],"wp:term":[{"taxonomy":"category","embeddable":true,"href":"https:\/\/mwc-cmm.org\/es\/wp-json\/wp\/v2\/categories?post=9483"},{"taxonomy":"post_tag","embeddable":true,"href":"https:\/\/mwc-cmm.org\/es\/wp-json\/wp\/v2\/tags?post=9483"},{"taxonomy":"network","embeddable":true,"href":"https:\/\/mwc-cmm.org\/es\/wp-json\/wp\/v2\/network?post=9483"},{"taxonomy":"eventcategory","embeddable":true,"href":"https:\/\/mwc-cmm.org\/es\/wp-json\/wp\/v2\/eventcategory?post=9483"}],"curies":[{"name":"wp","href":"https:\/\/api.w.org\/{rel}","templated":true}]}}