{"id":9467,"date":"2024-04-25T00:00:00","date_gmt":"2024-04-25T00:00:00","guid":{"rendered":"https:\/\/mwc-cmm.org\/mkc-promises-memorable-and-inspirational-assembly-2\/"},"modified":"2025-07-30T12:30:16","modified_gmt":"2025-07-30T12:30:16","slug":"la-mkc-promote-una-asamblea-memorable-e-inspiradora","status":"publish","type":"post","link":"https:\/\/mwc-cmm.org\/es\/stories\/la-mkc-promote-una-asamblea-memorable-e-inspiradora\/","title":{"rendered":"La MKC promote una Asamblea memorable e inspiradora"},"content":{"rendered":"\n<p>La <a href=\"https:\/\/mwc-cmm.org\/es\/asamblea\/\">Asamblea del CMM <\/a>en Etiop\u00eda en el 2028 da sus primeros pasos hacia la celebraci\u00f3n con la firma de un memorando de entendimiento (MOU, siglas en ingl\u00e9s) y el nombramiento de un Consejo Asesor Nacional.<\/p>\n\n\n\n<p>Del 11 al 17 de enero del 2024, los l\u00edderes y las lideresas del CMM Liesa Unger (Jefa de eventos internacionales), Sunoko Lin (tesorero), Lisa Carr-Pries (vicepresidenta) y Henk Stenvers visitaron Etiop\u00eda. Se reunieron con personas en el liderazgo local de la Iglesia Meserete Kristos (MKC, siglas en ingl\u00e9s), miembro del CMM, y visitaron posibles sedes en Addis Abeba y Bishoftu.<\/p>\n\n\n\n<p>Se ha nombrado a cuatro personas representantes para el Consejo Asesor Nacional (CAN), quedando pendiente un nombramiento.&nbsp;<\/p>\n\n\n\n<ul class=\"wp-block-list\">\n<li>Tewodros Beyene, presidente<\/li>\n\n\n\n<li>Tewodros Moges, vicepresidente<\/li>\n\n\n\n<li>Tigist Tesfaye, secretaria de actas<\/li>\n\n\n\n<li>Aboma Tefera, representante de comunicaciones\u00a0<\/li>\n\n\n\n<li>[pendiente], representante de j\u00f3venes<\/li>\n<\/ul>\n\n\n\n<p>El Consejo Asesor Nacional, est\u00e1 integrado por representantes de la conferencia miembro ante quien es responsable. Su funci\u00f3n es asesorar al CMM en la planificaci\u00f3n de la Asamblea, asegurar la participaci\u00f3n de la conferencia anfitriona, evaluar las donaciones que la \u2018MKC\u2019 puede aportar, iniciar la recaudaci\u00f3n de fondos locales y comunicar sobre el evento a las congregaciones locales.&nbsp;&nbsp;<\/p>\n\n\n\n<figure class=\"wp-block-image size-large\"><img decoding=\"async\" width=\"1024\" height=\"768\" data-src=\"https:\/\/mwc-cmm.org\/wp-content\/uploads\/2025\/06\/20240114HenkStenvers20240114_110725-1024x768.jpg\" alt=\"\" class=\"wp-image-115856 lazyload\" data-srcset=\"https:\/\/mwc-cmm.org\/wp-content\/uploads\/2025\/06\/20240114HenkStenvers20240114_110725-1024x768.jpg 1024w, https:\/\/mwc-cmm.org\/wp-content\/uploads\/2025\/06\/20240114HenkStenvers20240114_110725-300x225.jpg 300w, https:\/\/mwc-cmm.org\/wp-content\/uploads\/2025\/06\/20240114HenkStenvers20240114_110725-768x576.jpg 768w, https:\/\/mwc-cmm.org\/wp-content\/uploads\/2025\/06\/20240114HenkStenvers20240114_110725-1536x1152.jpg 1536w, https:\/\/mwc-cmm.org\/wp-content\/uploads\/2025\/06\/20240114HenkStenvers20240114_110725-2048x1536.jpg 2048w\" data-sizes=\"(max-width: 1024px) 100vw, 1024px\" src=\"data:image\/svg+xml;base64,PHN2ZyB3aWR0aD0iMSIgaGVpZ2h0PSIxIiB4bWxucz0iaHR0cDovL3d3dy53My5vcmcvMjAwMC9zdmciPjwvc3ZnPg==\" style=\"--smush-placeholder-width: 1024px; --smush-placeholder-aspect-ratio: 1024\/768;\" \/><\/figure>\n\n\n\n<p>\u201cEs un honor acoger el CMM del 2028, el cual coincide con el 500 aniversario del movimiento menonita\u201d, dice Desalegn Abebe. El Congreso Mundial Menonita conmemora los 500 a\u00f1os desde los primeros bautismos anabautistas en Z\u00farich, Suiza, con una serie de eventos de Renovaci\u00f3n a lo largo de 10 a\u00f1os, desde el 2017 al 2028). \u201cMKC har\u00e1 todo lo que est\u00e9 a su alcance para que la conferencia sea memorable e inspiradora\u201d, dice \u00e9l.<\/p>\n\n\n\n<p>\u201cNos complace celebrar este acontecimiento hist\u00f3rico en Etiop\u00eda, hogar de la mayor iglesia miembro nacional del CMM\u201d, dice Henk Stenvers. \u201cLas expresiones del anabautismo hoy son vibrantes y crecientes alrededor del mundo, particularmente en \u00c1frica\u201d.<\/p>\n\n\n\n<p>Las asambleas mundiales del CMM suelen celebrarse en julio. Sin embargo, la estaci\u00f3n lluviosa de Etiop\u00eda hace que no sea una \u00e9poca adecuada. Enero (coincidiendo con la Navidad Copta en Etiop\u00eda), abril (Semana Santa) y agosto son posibles fechas para la reuni\u00f3n mundial.<\/p>\n\n\n\n<p>\u201cEsperamos dar la bienvenida a miles de personas anabautista-menonitas de todo el mundo para cinco d\u00edas de adoraci\u00f3n, aprendizaje, experiencias y construcci\u00f3n de relaciones a trav\u00e9s de las culturas en Etiop\u00eda en el 2028\u201d, dice Liesa Unger.<\/p>\n\n\n\n<hr class=\"wp-block-separator has-alpha-channel-opacity\"\/>\n\n\n<div class=\"taxonomy-post_tag has-link-color wp-elements-4795dccc25dd561b10d5c166c095ced0 wp-block-post-terms has-text-color has-gray-color has-small-font-size\"><a href=\"https:\/\/mwc-cmm.org\/es\/stories\/tag\/asamblea\/\" rel=\"tag\">Asamblea<\/a><span class=\"wp-block-post-terms__separator\">, <\/span><a href=\"https:\/\/mwc-cmm.org\/es\/stories\/tag\/assembly-es\/\" rel=\"tag\">Asamblea<\/a><span class=\"wp-block-post-terms__separator\">, <\/span><a href=\"https:\/\/mwc-cmm.org\/es\/stories\/tag\/ethiopia2028-es\/\" rel=\"tag\">Ethiopia2028<\/a><span class=\"wp-block-post-terms__separator\">, <\/span><a href=\"https:\/\/mwc-cmm.org\/es\/stories\/tag\/etiopia\/\" rel=\"tag\">Etiop\u00eda<\/a><span class=\"wp-block-post-terms__separator\">, <\/span><a href=\"https:\/\/mwc-cmm.org\/es\/stories\/tag\/gys-es\/\" rel=\"tag\">GYS<\/a><span class=\"wp-block-post-terms__separator\">, <\/span><a href=\"https:\/\/mwc-cmm.org\/es\/stories\/tag\/mkc-es\/\" rel=\"tag\">MKC<\/a><span class=\"wp-block-post-terms__separator\">, <\/span><a href=\"https:\/\/mwc-cmm.org\/es\/stories\/tag\/yabs-es\/\" rel=\"tag\">YABs<\/a><\/div>\n\n\n<p><\/p>\n","protected":false},"excerpt":{"rendered":"<p>La Asamblea del CMM en Etiop\u00eda en el 2028 da sus primeros pasos hacia la celebraci\u00f3n con la firma de un memorando de entendimiento (MOU, siglas en ingl\u00e9s) y el nombramiento de un Consejo Asesor Nacional. Del 11 al 17 de enero del 2024, los l\u00edderes y las lideresas del CMM Liesa Unger (Jefa de [&hellip;]<\/p>\n","protected":false},"author":1,"featured_media":98086,"comment_status":"closed","ping_status":"closed","sticky":false,"template":"","format":"standard","meta":{"_acf_changed":false,"footnotes":""},"categories":[6],"tags":[499,1154,1152,756,738,1026,394],"network":[],"eventcategory":[1493],"class_list":["post-9467","post","type-post","status-publish","format-standard","has-post-thumbnail","hentry","category-sin-categorizar","tag-asamblea","tag-assembly-es","tag-ethiopia2028-es","tag-etiopia","tag-gys-es","tag-mkc-es","tag-yabs-es","eventcategory-assembly-es"],"acf":[],"yoast_head":"<!-- This site is optimized with the Yoast SEO plugin v27.2 - https:\/\/yoast.com\/product\/yoast-seo-wordpress\/ -->\n<title>La MKC promote una Asamblea memorable e inspiradora - Mennonite World Conference<\/title>\n<meta name=\"robots\" content=\"index, follow, max-snippet:-1, max-image-preview:large, max-video-preview:-1\" \/>\n<link rel=\"canonical\" href=\"https:\/\/mwc-cmm.org\/es\/stories\/la-mkc-promote-una-asamblea-memorable-e-inspiradora\/\" \/>\n<meta property=\"og:locale\" content=\"es_ES\" \/>\n<meta property=\"og:type\" content=\"article\" \/>\n<meta property=\"og:title\" content=\"La MKC promote una Asamblea memorable e inspiradora - Mennonite World Conference\" \/>\n<meta property=\"og:description\" content=\"La Asamblea del CMM en Etiop\u00eda en el 2028 da sus primeros pasos hacia la celebraci\u00f3n con la firma de un memorando de entendimiento (MOU, siglas en ingl\u00e9s) y el nombramiento de un Consejo Asesor Nacional. Del 11 al 17 de enero del 2024, los l\u00edderes y las lideresas del CMM Liesa Unger (Jefa de [&hellip;]\" \/>\n<meta property=\"og:url\" content=\"https:\/\/mwc-cmm.org\/es\/stories\/la-mkc-promote-una-asamblea-memorable-e-inspiradora\/\" \/>\n<meta property=\"og:site_name\" content=\"Mennonite World Conference\" \/>\n<meta property=\"article:publisher\" content=\"https:\/\/www.facebook.com\/MennoniteWorldConference\" \/>\n<meta property=\"article:published_time\" content=\"2024-04-25T00:00:00+00:00\" \/>\n<meta property=\"article:modified_time\" content=\"2025-07-30T12:30:16+00:00\" \/>\n<meta property=\"og:image\" content=\"https:\/\/mwc-cmm.org\/wp-content\/uploads\/2024\/11\/20240113liesaungerpxl_20240113_070113878.mp_-scaled.jpg\" \/>\n\t<meta property=\"og:image:width\" content=\"2560\" \/>\n\t<meta property=\"og:image:height\" content=\"1928\" \/>\n\t<meta property=\"og:image:type\" content=\"image\/jpeg\" \/>\n<meta name=\"author\" content=\"mennworldcon\" \/>\n<script type=\"application\/ld+json\" class=\"yoast-schema-graph\">{\"@context\":\"https:\/\/schema.org\",\"@graph\":[{\"@type\":\"Article\",\"@id\":\"https:\/\/mwc-cmm.org\/es\/stories\/la-mkc-promote-una-asamblea-memorable-e-inspiradora\/#article\",\"isPartOf\":{\"@id\":\"https:\/\/mwc-cmm.org\/es\/stories\/la-mkc-promote-una-asamblea-memorable-e-inspiradora\/\"},\"author\":{\"name\":\"mennworldcon\",\"@id\":\"https:\/\/mwc-cmm.org\/en\/#\/schema\/person\/11f6ae0d7d1868ba20a1cc27f067c836\"},\"headline\":\"La MKC promote una Asamblea memorable e inspiradora\",\"datePublished\":\"2024-04-25T00:00:00+00:00\",\"dateModified\":\"2025-07-30T12:30:16+00:00\",\"mainEntityOfPage\":{\"@id\":\"https:\/\/mwc-cmm.org\/es\/stories\/la-mkc-promote-una-asamblea-memorable-e-inspiradora\/\"},\"wordCount\":407,\"publisher\":{\"@id\":\"https:\/\/mwc-cmm.org\/en\/#organization\"},\"image\":{\"@id\":\"https:\/\/mwc-cmm.org\/es\/stories\/la-mkc-promote-una-asamblea-memorable-e-inspiradora\/#primaryimage\"},\"thumbnailUrl\":\"https:\/\/mwc-cmm.org\/wp-content\/uploads\/2024\/11\/20240113liesaungerpxl_20240113_070113878.mp_-scaled.jpg\",\"keywords\":[\"Asamblea\",\"Asamblea\",\"Ethiopia2028\",\"Etiop\u00eda\",\"GYS\",\"MKC\",\"YABs\"],\"articleSection\":[\"Sin categorizar\"],\"inLanguage\":\"es\"},{\"@type\":\"WebPage\",\"@id\":\"https:\/\/mwc-cmm.org\/es\/stories\/la-mkc-promote-una-asamblea-memorable-e-inspiradora\/\",\"url\":\"https:\/\/mwc-cmm.org\/es\/stories\/la-mkc-promote-una-asamblea-memorable-e-inspiradora\/\",\"name\":\"La MKC promote una Asamblea memorable e inspiradora - Mennonite World Conference\",\"isPartOf\":{\"@id\":\"https:\/\/mwc-cmm.org\/en\/#website\"},\"primaryImageOfPage\":{\"@id\":\"https:\/\/mwc-cmm.org\/es\/stories\/la-mkc-promote-una-asamblea-memorable-e-inspiradora\/#primaryimage\"},\"image\":{\"@id\":\"https:\/\/mwc-cmm.org\/es\/stories\/la-mkc-promote-una-asamblea-memorable-e-inspiradora\/#primaryimage\"},\"thumbnailUrl\":\"https:\/\/mwc-cmm.org\/wp-content\/uploads\/2024\/11\/20240113liesaungerpxl_20240113_070113878.mp_-scaled.jpg\",\"datePublished\":\"2024-04-25T00:00:00+00:00\",\"dateModified\":\"2025-07-30T12:30:16+00:00\",\"breadcrumb\":{\"@id\":\"https:\/\/mwc-cmm.org\/es\/stories\/la-mkc-promote-una-asamblea-memorable-e-inspiradora\/#breadcrumb\"},\"inLanguage\":\"es\",\"potentialAction\":[{\"@type\":\"ReadAction\",\"target\":[\"https:\/\/mwc-cmm.org\/es\/stories\/la-mkc-promote-una-asamblea-memorable-e-inspiradora\/\"]}]},{\"@type\":\"ImageObject\",\"inLanguage\":\"es\",\"@id\":\"https:\/\/mwc-cmm.org\/es\/stories\/la-mkc-promote-una-asamblea-memorable-e-inspiradora\/#primaryimage\",\"url\":\"https:\/\/mwc-cmm.org\/wp-content\/uploads\/2024\/11\/20240113liesaungerpxl_20240113_070113878.mp_-scaled.jpg\",\"contentUrl\":\"https:\/\/mwc-cmm.org\/wp-content\/uploads\/2024\/11\/20240113liesaungerpxl_20240113_070113878.mp_-scaled.jpg\",\"width\":2560,\"height\":1928},{\"@type\":\"BreadcrumbList\",\"@id\":\"https:\/\/mwc-cmm.org\/es\/stories\/la-mkc-promote-una-asamblea-memorable-e-inspiradora\/#breadcrumb\",\"itemListElement\":[{\"@type\":\"ListItem\",\"position\":1,\"name\":\"Home\",\"item\":\"https:\/\/mwc-cmm.org\/es\/\"},{\"@type\":\"ListItem\",\"position\":2,\"name\":\"La MKC promote una Asamblea memorable e inspiradora\"}]},{\"@type\":\"WebSite\",\"@id\":\"https:\/\/mwc-cmm.org\/en\/#website\",\"url\":\"https:\/\/mwc-cmm.org\/en\/\",\"name\":\"Mennonite World Conference\",\"description\":\"A communion of Anabaptist-related churches\",\"publisher\":{\"@id\":\"https:\/\/mwc-cmm.org\/en\/#organization\"},\"alternateName\":\"MWC\",\"potentialAction\":[{\"@type\":\"SearchAction\",\"target\":{\"@type\":\"EntryPoint\",\"urlTemplate\":\"https:\/\/mwc-cmm.org\/en\/?s={search_term_string}\"},\"query-input\":{\"@type\":\"PropertyValueSpecification\",\"valueRequired\":true,\"valueName\":\"search_term_string\"}}],\"inLanguage\":\"es\"},{\"@type\":\"Organization\",\"@id\":\"https:\/\/mwc-cmm.org\/en\/#organization\",\"name\":\"Mennonite World Conference\",\"alternateName\":\"MWC\",\"url\":\"https:\/\/mwc-cmm.org\/en\/\",\"logo\":{\"@type\":\"ImageObject\",\"inLanguage\":\"es\",\"@id\":\"https:\/\/mwc-cmm.org\/en\/#\/schema\/logo\/image\/\",\"url\":\"https:\/\/mwc-cmm.org\/wp-content\/uploads\/2026\/01\/MWC_Sig_Blue_Horiz_webheader1-logo.svg\",\"contentUrl\":\"https:\/\/mwc-cmm.org\/wp-content\/uploads\/2026\/01\/MWC_Sig_Blue_Horiz_webheader1-logo.svg\",\"width\":786,\"height\":82,\"caption\":\"Mennonite World Conference\"},\"image\":{\"@id\":\"https:\/\/mwc-cmm.org\/en\/#\/schema\/logo\/image\/\"},\"sameAs\":[\"https:\/\/www.facebook.com\/MennoniteWorldConference\",\"https:\/\/www.linkedin.com\/company\/mennonite-world-conference-mwc\/\",\"https:\/\/www.instagram.com\/mwcmm\/\",\"https:\/\/www.youtube.com\/user\/mwccmm\",\"https:\/\/bsky.app\/profile\/mwcmm.bsky.social\"]},{\"@type\":\"Person\",\"@id\":\"https:\/\/mwc-cmm.org\/en\/#\/schema\/person\/11f6ae0d7d1868ba20a1cc27f067c836\",\"name\":\"mennworldcon\",\"image\":{\"@type\":\"ImageObject\",\"inLanguage\":\"es\",\"@id\":\"https:\/\/secure.gravatar.com\/avatar\/06fdc0dc81c157dfdb82ec42f252178a22307808988d22c043f9eb96f1e0fe80?s=96&d=mm&r=g\",\"url\":\"https:\/\/secure.gravatar.com\/avatar\/06fdc0dc81c157dfdb82ec42f252178a22307808988d22c043f9eb96f1e0fe80?s=96&d=mm&r=g\",\"contentUrl\":\"https:\/\/secure.gravatar.com\/avatar\/06fdc0dc81c157dfdb82ec42f252178a22307808988d22c043f9eb96f1e0fe80?s=96&d=mm&r=g\",\"caption\":\"mennworldcon\"},\"sameAs\":[\"https:\/\/mwc-cmm.org\"],\"url\":\"https:\/\/mwc-cmm.org\/es\/stories\/author\/mennworldcon\/\"}]}<\/script>\n<!-- \/ Yoast SEO plugin. -->","yoast_head_json":{"title":"La MKC promote una Asamblea memorable e inspiradora - Mennonite World Conference","robots":{"index":"index","follow":"follow","max-snippet":"max-snippet:-1","max-image-preview":"max-image-preview:large","max-video-preview":"max-video-preview:-1"},"canonical":"https:\/\/mwc-cmm.org\/es\/stories\/la-mkc-promote-una-asamblea-memorable-e-inspiradora\/","og_locale":"es_ES","og_type":"article","og_title":"La MKC promote una Asamblea memorable e inspiradora - Mennonite World Conference","og_description":"La Asamblea del CMM en Etiop\u00eda en el 2028 da sus primeros pasos hacia la celebraci\u00f3n con la firma de un memorando de entendimiento (MOU, siglas en ingl\u00e9s) y el nombramiento de un Consejo Asesor Nacional. Del 11 al 17 de enero del 2024, los l\u00edderes y las lideresas del CMM Liesa Unger (Jefa de [&hellip;]","og_url":"https:\/\/mwc-cmm.org\/es\/stories\/la-mkc-promote-una-asamblea-memorable-e-inspiradora\/","og_site_name":"Mennonite World Conference","article_publisher":"https:\/\/www.facebook.com\/MennoniteWorldConference","article_published_time":"2024-04-25T00:00:00+00:00","article_modified_time":"2025-07-30T12:30:16+00:00","og_image":[{"width":2560,"height":1928,"url":"https:\/\/mwc-cmm.org\/wp-content\/uploads\/2024\/11\/20240113liesaungerpxl_20240113_070113878.mp_-scaled.jpg","type":"image\/jpeg"}],"author":"mennworldcon","schema":{"@context":"https:\/\/schema.org","@graph":[{"@type":"Article","@id":"https:\/\/mwc-cmm.org\/es\/stories\/la-mkc-promote-una-asamblea-memorable-e-inspiradora\/#article","isPartOf":{"@id":"https:\/\/mwc-cmm.org\/es\/stories\/la-mkc-promote-una-asamblea-memorable-e-inspiradora\/"},"author":{"name":"mennworldcon","@id":"https:\/\/mwc-cmm.org\/en\/#\/schema\/person\/11f6ae0d7d1868ba20a1cc27f067c836"},"headline":"La MKC promote una Asamblea memorable e inspiradora","datePublished":"2024-04-25T00:00:00+00:00","dateModified":"2025-07-30T12:30:16+00:00","mainEntityOfPage":{"@id":"https:\/\/mwc-cmm.org\/es\/stories\/la-mkc-promote-una-asamblea-memorable-e-inspiradora\/"},"wordCount":407,"publisher":{"@id":"https:\/\/mwc-cmm.org\/en\/#organization"},"image":{"@id":"https:\/\/mwc-cmm.org\/es\/stories\/la-mkc-promote-una-asamblea-memorable-e-inspiradora\/#primaryimage"},"thumbnailUrl":"https:\/\/mwc-cmm.org\/wp-content\/uploads\/2024\/11\/20240113liesaungerpxl_20240113_070113878.mp_-scaled.jpg","keywords":["Asamblea","Asamblea","Ethiopia2028","Etiop\u00eda","GYS","MKC","YABs"],"articleSection":["Sin categorizar"],"inLanguage":"es"},{"@type":"WebPage","@id":"https:\/\/mwc-cmm.org\/es\/stories\/la-mkc-promote-una-asamblea-memorable-e-inspiradora\/","url":"https:\/\/mwc-cmm.org\/es\/stories\/la-mkc-promote-una-asamblea-memorable-e-inspiradora\/","name":"La MKC promote una Asamblea memorable e inspiradora - Mennonite World Conference","isPartOf":{"@id":"https:\/\/mwc-cmm.org\/en\/#website"},"primaryImageOfPage":{"@id":"https:\/\/mwc-cmm.org\/es\/stories\/la-mkc-promote-una-asamblea-memorable-e-inspiradora\/#primaryimage"},"image":{"@id":"https:\/\/mwc-cmm.org\/es\/stories\/la-mkc-promote-una-asamblea-memorable-e-inspiradora\/#primaryimage"},"thumbnailUrl":"https:\/\/mwc-cmm.org\/wp-content\/uploads\/2024\/11\/20240113liesaungerpxl_20240113_070113878.mp_-scaled.jpg","datePublished":"2024-04-25T00:00:00+00:00","dateModified":"2025-07-30T12:30:16+00:00","breadcrumb":{"@id":"https:\/\/mwc-cmm.org\/es\/stories\/la-mkc-promote-una-asamblea-memorable-e-inspiradora\/#breadcrumb"},"inLanguage":"es","potentialAction":[{"@type":"ReadAction","target":["https:\/\/mwc-cmm.org\/es\/stories\/la-mkc-promote-una-asamblea-memorable-e-inspiradora\/"]}]},{"@type":"ImageObject","inLanguage":"es","@id":"https:\/\/mwc-cmm.org\/es\/stories\/la-mkc-promote-una-asamblea-memorable-e-inspiradora\/#primaryimage","url":"https:\/\/mwc-cmm.org\/wp-content\/uploads\/2024\/11\/20240113liesaungerpxl_20240113_070113878.mp_-scaled.jpg","contentUrl":"https:\/\/mwc-cmm.org\/wp-content\/uploads\/2024\/11\/20240113liesaungerpxl_20240113_070113878.mp_-scaled.jpg","width":2560,"height":1928},{"@type":"BreadcrumbList","@id":"https:\/\/mwc-cmm.org\/es\/stories\/la-mkc-promote-una-asamblea-memorable-e-inspiradora\/#breadcrumb","itemListElement":[{"@type":"ListItem","position":1,"name":"Home","item":"https:\/\/mwc-cmm.org\/es\/"},{"@type":"ListItem","position":2,"name":"La MKC promote una Asamblea memorable e inspiradora"}]},{"@type":"WebSite","@id":"https:\/\/mwc-cmm.org\/en\/#website","url":"https:\/\/mwc-cmm.org\/en\/","name":"Mennonite World Conference","description":"A communion of Anabaptist-related churches","publisher":{"@id":"https:\/\/mwc-cmm.org\/en\/#organization"},"alternateName":"MWC","potentialAction":[{"@type":"SearchAction","target":{"@type":"EntryPoint","urlTemplate":"https:\/\/mwc-cmm.org\/en\/?s={search_term_string}"},"query-input":{"@type":"PropertyValueSpecification","valueRequired":true,"valueName":"search_term_string"}}],"inLanguage":"es"},{"@type":"Organization","@id":"https:\/\/mwc-cmm.org\/en\/#organization","name":"Mennonite World Conference","alternateName":"MWC","url":"https:\/\/mwc-cmm.org\/en\/","logo":{"@type":"ImageObject","inLanguage":"es","@id":"https:\/\/mwc-cmm.org\/en\/#\/schema\/logo\/image\/","url":"https:\/\/mwc-cmm.org\/wp-content\/uploads\/2026\/01\/MWC_Sig_Blue_Horiz_webheader1-logo.svg","contentUrl":"https:\/\/mwc-cmm.org\/wp-content\/uploads\/2026\/01\/MWC_Sig_Blue_Horiz_webheader1-logo.svg","width":786,"height":82,"caption":"Mennonite World Conference"},"image":{"@id":"https:\/\/mwc-cmm.org\/en\/#\/schema\/logo\/image\/"},"sameAs":["https:\/\/www.facebook.com\/MennoniteWorldConference","https:\/\/www.linkedin.com\/company\/mennonite-world-conference-mwc\/","https:\/\/www.instagram.com\/mwcmm\/","https:\/\/www.youtube.com\/user\/mwccmm","https:\/\/bsky.app\/profile\/mwcmm.bsky.social"]},{"@type":"Person","@id":"https:\/\/mwc-cmm.org\/en\/#\/schema\/person\/11f6ae0d7d1868ba20a1cc27f067c836","name":"mennworldcon","image":{"@type":"ImageObject","inLanguage":"es","@id":"https:\/\/secure.gravatar.com\/avatar\/06fdc0dc81c157dfdb82ec42f252178a22307808988d22c043f9eb96f1e0fe80?s=96&d=mm&r=g","url":"https:\/\/secure.gravatar.com\/avatar\/06fdc0dc81c157dfdb82ec42f252178a22307808988d22c043f9eb96f1e0fe80?s=96&d=mm&r=g","contentUrl":"https:\/\/secure.gravatar.com\/avatar\/06fdc0dc81c157dfdb82ec42f252178a22307808988d22c043f9eb96f1e0fe80?s=96&d=mm&r=g","caption":"mennworldcon"},"sameAs":["https:\/\/mwc-cmm.org"],"url":"https:\/\/mwc-cmm.org\/es\/stories\/author\/mennworldcon\/"}]}},"_links":{"self":[{"href":"https:\/\/mwc-cmm.org\/es\/wp-json\/wp\/v2\/posts\/9467","targetHints":{"allow":["GET"]}}],"collection":[{"href":"https:\/\/mwc-cmm.org\/es\/wp-json\/wp\/v2\/posts"}],"about":[{"href":"https:\/\/mwc-cmm.org\/es\/wp-json\/wp\/v2\/types\/post"}],"author":[{"embeddable":true,"href":"https:\/\/mwc-cmm.org\/es\/wp-json\/wp\/v2\/users\/1"}],"replies":[{"embeddable":true,"href":"https:\/\/mwc-cmm.org\/es\/wp-json\/wp\/v2\/comments?post=9467"}],"version-history":[{"count":0,"href":"https:\/\/mwc-cmm.org\/es\/wp-json\/wp\/v2\/posts\/9467\/revisions"}],"wp:featuredmedia":[{"embeddable":true,"href":"https:\/\/mwc-cmm.org\/es\/wp-json\/wp\/v2\/media\/98086"}],"wp:attachment":[{"href":"https:\/\/mwc-cmm.org\/es\/wp-json\/wp\/v2\/media?parent=9467"}],"wp:term":[{"taxonomy":"category","embeddable":true,"href":"https:\/\/mwc-cmm.org\/es\/wp-json\/wp\/v2\/categories?post=9467"},{"taxonomy":"post_tag","embeddable":true,"href":"https:\/\/mwc-cmm.org\/es\/wp-json\/wp\/v2\/tags?post=9467"},{"taxonomy":"network","embeddable":true,"href":"https:\/\/mwc-cmm.org\/es\/wp-json\/wp\/v2\/network?post=9467"},{"taxonomy":"eventcategory","embeddable":true,"href":"https:\/\/mwc-cmm.org\/es\/wp-json\/wp\/v2\/eventcategory?post=9467"}],"curies":[{"name":"wp","href":"https:\/\/api.w.org\/{rel}","templated":true}]}}