{"id":9457,"date":"2024-03-28T00:00:00","date_gmt":"2024-03-28T00:00:00","guid":{"rendered":"https:\/\/mwc-cmm.org\/power-of-prayer-cannot-be-underestimated-2\/"},"modified":"2024-12-10T18:06:27","modified_gmt":"2024-12-10T18:06:27","slug":"el-poder-o-la-oracion-no-pueden-subestimarse","status":"publish","type":"post","link":"https:\/\/mwc-cmm.org\/es\/stories\/el-poder-o-la-oracion-no-pueden-subestimarse\/","title":{"rendered":"El poder o la oraci\u00f3n no pueden subestimarse"},"content":{"rendered":"<p>\u201cLas personas que se dedican a proyectos humanitarios y a la atenci\u00f3n pastoral est\u00e1n familiarizadas con la soledad, la anhedonia, la debilidad, el abatimiento, el cinismo&#8230; Pero todo esto se lav\u00f3 con agua y se limpi\u00f3 con toallas\u201d, reflexion\u00f3 Denis Gorenkov, pastor bautista de Ucrania, con relaci\u00f3n al ritual de lavado de los pies con el presidente del CMM, Henk Stenvers. &nbsp;<\/p>\n<p>Del 22 al 25 de febrero del 2024, el presidente del CMM, Henk Stenvers, con un equipo de <a href=\"https:\/\/www.dniprohopemission.org\">\u2018Dnipro Hope Mission\u2019 <\/a>(DHM por sus siglas en ingl\u00e9s), visit\u00f3 Ucrania.&nbsp;<\/p>\n<p>En un lugar de la parte occidental de Ucrania, la DHM reuni\u00f3 a unos 25 pastores y pastoras, bautistas y hermanos menonitas, junto con sus c\u00f3nyuges, quienes trabajan en proyectos apoyados por la DHM. Muchas de estas personas en el pastorado trabajan cerca de la primera l\u00ednea o incluso como capellanes.&nbsp;<\/p>\n<p>El equipo de la DHM inclu\u00eda al fideicomisario y fundador Joshua Searle, a las personas integrantes de la junta directiva estadounidense Rodger y Margaret Murchison, y al profesor de teolog\u00eda bautista Max Zimmermann de la \u2018Theologische Hochschule Elstal\u2019 de Alemania. Estas personas le dieron la bienvenida al presidente del CMM para que se uniera a su delegaci\u00f3n despu\u00e9s de que \u00e9ste les pidiera ayuda para facilitar una reuni\u00f3n con las personas en el pastorado de los HM.&nbsp;<\/p>\n<p>El prop\u00f3sito de la visita era dar a las personas trabajadoras unos d\u00edas de descanso, la oportunidad de compartir sus experiencias y mostrar su solidaridad.&nbsp;<\/p>\n<p>\u201cPara orar, escuchar, incluso visitar durante tres breves d\u00edas parece tan poco\u201d, dice Henk Stenvers, \u201cpero no se puede subestimar la importancia de saber que hay gente que piensa en ellas y ora por ellas\u201d.&nbsp;<\/p>\n<p>Henk Stenvers llev\u00f3 a Ucrania equipaje extra con 400 tarjetas escritas a mano por las iglesias \u2018Doopsgezinde\u2019 de los Pa\u00edses Bajos. La <a href=\"http:\/\/www.mgv.doopsgezind.nl\">Menno\u2019s Global Village<\/a>, una iniciativa de la juventud menonita holandesa para conectar a las personas j\u00f3venes de alrededor del mundo inici\u00f3 y dirigi\u00f3 la colecta.&nbsp;<\/p>\n<p>El tiempo que pasamos juntos concluy\u00f3 con un culto en el que Max Zimmermann di\u00f3 un inspirador mensaje basado en Efesios 3:14. &nbsp;<\/p>\n<p>Pero el momento m\u00e1s impactante, tal y como relata el pastor bautista anteriormente, fue la noche del lavado de los pies y de la comuni\u00f3n.&nbsp;<\/p>\n<p>El fin de semana incluy\u00f3 ense\u00f1anzas sobre el descanso y el autocuidado. Tambi\u00e9n hubo tiempo para que las personas en el pastorado compartieran sus experiencias. &nbsp;<\/p>\n<p>Hablaron de dar comida y cobijo a la avalancha de personas desplazadas en los primeros d\u00edas de la invasi\u00f3n.&nbsp;<\/p>\n<p>Hablaron de su servicio como capellanes y del dolor de perder amistades y personas miembro de la iglesia a causa de la violencia de la guerra. &nbsp;<\/p>\n<p>Hablaron de su enojo contra la invasi\u00f3n y la guerra, y de las relaciones rotas con el pueblo ruso.&nbsp;<\/p>\n<p>Hablaron del incesante trabajo de atender las necesidades f\u00edsicas y emocionales de la gente.&nbsp;<\/p>\n<p>Hablaron de c\u00f3mo las peque\u00f1as iglesias libres se han hecho \u201cvisibles\u201d en la sociedad, ya que ofrecen manos amigas a cualquiera que lo solicite.&nbsp;<\/p>\n<p>\u201cNo podemos ponernos en sus zapatos, pero podemos hacer como Jes\u00fas y lavarles los pies\u201d, dijo Henk Stenvers. Las cinco personas de la delegaci\u00f3n de la DHM lavaron los pies a todas las personas presentes. Para muchas, era la primera vez que experimentaban este ritual \u00edntimo y vulnerable.&nbsp;<\/p>\n<p>\u201cLo introduj\u00e9 como un s\u00edmbolo de servicio\u201d, dice Henk Stenvers. \u201cDespu\u00e9s compartimos la comuni\u00f3n, que simboliza nuestro estar juntos en comunidad, y tambi\u00e9n nuestro testimonio de paz. Fue una velada muy emotiva\u201d.&nbsp;<\/p>\n<p>Tres pastores de los HM que formaban parte de la delegaci\u00f3n hablaron con Henk Stenvers sobre la iglesia menonita en Ucrania.&nbsp;<\/p>\n<p>Con la colaboraci\u00f3n de las iglesias menonitas europeas y norteamericanas, las iglesias HM han distribuido m\u00e1s de 2,000 toneladas de ayuda humanitaria (alimentos, edredones y otros suministros). Colaboran estrechamente con otras iglesias protestantes, como las de DHM, en las labores de asistencia.&nbsp;<\/p>\n<p>\u201cEn tiempos como estos, las diferencias son menos importantes que el ayudar a la gente necesitada\u201d, dice Henk Stenvers.&nbsp;<\/p>\n<hr>\n<h2>Acerca de la Asociaci\u00f3n de Iglesias Cristianas de los Hermanos Menonitas de Ucrania&nbsp;<\/h2>\n<p>Fundada en el 2004, la Iglesia Menonita de Ucrania cuenta actualmente con unas 1,000 personas miembro repartidas en 18 congregaciones.&nbsp;<\/p>\n<p>Seis congregaciones se encuentran en territorio ocupado. Se re\u00fanen sobre todo en casas; la comunicaci\u00f3n con el cuerpo principal puede ser dif\u00edcil y se enfrentan a las sospechas del gobierno.&nbsp;<\/p>\n<p>La iglesia y el Centro Menonita de Molochansk que las personas en el liderazgo del CMM visitaron en el 2019 han sido tomados por el ej\u00e9rcito ruso y ahora se utilizan para objetivos militares o para propaganda.&nbsp;<\/p>\n<p style=\"text-align:center\"><img decoding=\"async\" alt=\"\u00bfC\u00f3mo puede usted orar por Ucrania?\" height=\"300\" data-src=\"\/sites\/default\/files\/website_files_2020\/ukr_sp.jpg\" width=\"810\" src=\"data:image\/svg+xml;base64,PHN2ZyB3aWR0aD0iMSIgaGVpZ2h0PSIxIiB4bWxucz0iaHR0cDovL3d3dy53My5vcmcvMjAwMC9zdmciPjwvc3ZnPg==\" class=\"lazyload\" style=\"--smush-placeholder-width: 810px; --smush-placeholder-aspect-ratio: 810\/300;\"><\/p>\n<p>&nbsp;<\/p>\n","protected":false},"excerpt":{"rendered":"<p>\u201cLas personas que se dedican a proyectos humanitarios y a la atenci\u00f3n pastoral est\u00e1n familiarizadas con la soledad, la anhedonia, la debilidad, el abatimiento, el cinismo&#8230; Pero todo esto se lav\u00f3 con agua y se limpi\u00f3 con toallas\u201d, reflexion\u00f3 Denis Gorenkov, pastor bautista de Ucrania, con relaci\u00f3n al ritual de lavado de los pies con [&hellip;]<\/p>\n","protected":false},"author":1,"featured_media":97960,"comment_status":"closed","ping_status":"closed","sticky":false,"template":"","format":"standard","meta":{"_acf_changed":false,"footnotes":""},"categories":[6],"tags":[],"network":[],"eventcategory":[],"class_list":["post-9457","post","type-post","status-publish","format-standard","has-post-thumbnail","hentry","category-sin-categorizar"],"acf":[],"yoast_head":"<!-- This site is optimized with the Yoast SEO plugin v27.2 - https:\/\/yoast.com\/product\/yoast-seo-wordpress\/ -->\n<title>El poder o la oraci\u00f3n no pueden subestimarse - Mennonite World Conference<\/title>\n<meta name=\"robots\" content=\"index, follow, max-snippet:-1, max-image-preview:large, max-video-preview:-1\" \/>\n<link rel=\"canonical\" href=\"https:\/\/mwc-cmm.org\/es\/stories\/el-poder-o-la-oracion-no-pueden-subestimarse\/\" \/>\n<meta property=\"og:locale\" content=\"es_ES\" \/>\n<meta property=\"og:type\" content=\"article\" \/>\n<meta property=\"og:title\" content=\"El poder o la oraci\u00f3n no pueden subestimarse - Mennonite World Conference\" \/>\n<meta property=\"og:description\" content=\"\u201cLas personas que se dedican a proyectos humanitarios y a la atenci\u00f3n pastoral est\u00e1n familiarizadas con la soledad, la anhedonia, la debilidad, el abatimiento, el cinismo&#8230; Pero todo esto se lav\u00f3 con agua y se limpi\u00f3 con toallas\u201d, reflexion\u00f3 Denis Gorenkov, pastor bautista de Ucrania, con relaci\u00f3n al ritual de lavado de los pies con [&hellip;]\" \/>\n<meta property=\"og:url\" content=\"https:\/\/mwc-cmm.org\/es\/stories\/el-poder-o-la-oracion-no-pueden-subestimarse\/\" \/>\n<meta property=\"og:site_name\" content=\"Mennonite World Conference\" \/>\n<meta property=\"article:publisher\" content=\"https:\/\/www.facebook.com\/MennoniteWorldConference\" \/>\n<meta property=\"article:published_time\" content=\"2024-03-28T00:00:00+00:00\" \/>\n<meta property=\"article:modified_time\" content=\"2024-12-10T18:06:27+00:00\" \/>\n<meta property=\"og:image\" content=\"https:\/\/mwc-cmm.org\/wp-content\/uploads\/2024\/11\/20240223_161310-scaled.jpg\" \/>\n\t<meta property=\"og:image:width\" content=\"2560\" \/>\n\t<meta property=\"og:image:height\" content=\"1920\" \/>\n\t<meta property=\"og:image:type\" content=\"image\/jpeg\" \/>\n<meta name=\"author\" content=\"mennworldcon\" \/>\n<script type=\"application\/ld+json\" class=\"yoast-schema-graph\">{\"@context\":\"https:\/\/schema.org\",\"@graph\":[{\"@type\":\"Article\",\"@id\":\"https:\/\/mwc-cmm.org\/es\/stories\/el-poder-o-la-oracion-no-pueden-subestimarse\/#article\",\"isPartOf\":{\"@id\":\"https:\/\/mwc-cmm.org\/es\/stories\/el-poder-o-la-oracion-no-pueden-subestimarse\/\"},\"author\":{\"name\":\"mennworldcon\",\"@id\":\"https:\/\/mwc-cmm.org\/en\/#\/schema\/person\/11f6ae0d7d1868ba20a1cc27f067c836\"},\"headline\":\"El poder o la oraci\u00f3n no pueden subestimarse\",\"datePublished\":\"2024-03-28T00:00:00+00:00\",\"dateModified\":\"2024-12-10T18:06:27+00:00\",\"mainEntityOfPage\":{\"@id\":\"https:\/\/mwc-cmm.org\/es\/stories\/el-poder-o-la-oracion-no-pueden-subestimarse\/\"},\"wordCount\":825,\"publisher\":{\"@id\":\"https:\/\/mwc-cmm.org\/en\/#organization\"},\"image\":{\"@id\":\"https:\/\/mwc-cmm.org\/es\/stories\/el-poder-o-la-oracion-no-pueden-subestimarse\/#primaryimage\"},\"thumbnailUrl\":\"https:\/\/mwc-cmm.org\/wp-content\/uploads\/2024\/11\/20240223_161310-scaled.jpg\",\"articleSection\":[\"Sin categorizar\"],\"inLanguage\":\"es\"},{\"@type\":\"WebPage\",\"@id\":\"https:\/\/mwc-cmm.org\/es\/stories\/el-poder-o-la-oracion-no-pueden-subestimarse\/\",\"url\":\"https:\/\/mwc-cmm.org\/es\/stories\/el-poder-o-la-oracion-no-pueden-subestimarse\/\",\"name\":\"El poder o la oraci\u00f3n no pueden subestimarse - Mennonite World Conference\",\"isPartOf\":{\"@id\":\"https:\/\/mwc-cmm.org\/en\/#website\"},\"primaryImageOfPage\":{\"@id\":\"https:\/\/mwc-cmm.org\/es\/stories\/el-poder-o-la-oracion-no-pueden-subestimarse\/#primaryimage\"},\"image\":{\"@id\":\"https:\/\/mwc-cmm.org\/es\/stories\/el-poder-o-la-oracion-no-pueden-subestimarse\/#primaryimage\"},\"thumbnailUrl\":\"https:\/\/mwc-cmm.org\/wp-content\/uploads\/2024\/11\/20240223_161310-scaled.jpg\",\"datePublished\":\"2024-03-28T00:00:00+00:00\",\"dateModified\":\"2024-12-10T18:06:27+00:00\",\"breadcrumb\":{\"@id\":\"https:\/\/mwc-cmm.org\/es\/stories\/el-poder-o-la-oracion-no-pueden-subestimarse\/#breadcrumb\"},\"inLanguage\":\"es\",\"potentialAction\":[{\"@type\":\"ReadAction\",\"target\":[\"https:\/\/mwc-cmm.org\/es\/stories\/el-poder-o-la-oracion-no-pueden-subestimarse\/\"]}]},{\"@type\":\"ImageObject\",\"inLanguage\":\"es\",\"@id\":\"https:\/\/mwc-cmm.org\/es\/stories\/el-poder-o-la-oracion-no-pueden-subestimarse\/#primaryimage\",\"url\":\"https:\/\/mwc-cmm.org\/wp-content\/uploads\/2024\/11\/20240223_161310-scaled.jpg\",\"contentUrl\":\"https:\/\/mwc-cmm.org\/wp-content\/uploads\/2024\/11\/20240223_161310-scaled.jpg\",\"width\":2560,\"height\":1920},{\"@type\":\"BreadcrumbList\",\"@id\":\"https:\/\/mwc-cmm.org\/es\/stories\/el-poder-o-la-oracion-no-pueden-subestimarse\/#breadcrumb\",\"itemListElement\":[{\"@type\":\"ListItem\",\"position\":1,\"name\":\"Home\",\"item\":\"https:\/\/mwc-cmm.org\/es\/\"},{\"@type\":\"ListItem\",\"position\":2,\"name\":\"El poder o la oraci\u00f3n no pueden subestimarse\"}]},{\"@type\":\"WebSite\",\"@id\":\"https:\/\/mwc-cmm.org\/en\/#website\",\"url\":\"https:\/\/mwc-cmm.org\/en\/\",\"name\":\"Mennonite World Conference\",\"description\":\"A communion of Anabaptist-related churches\",\"publisher\":{\"@id\":\"https:\/\/mwc-cmm.org\/en\/#organization\"},\"alternateName\":\"MWC\",\"potentialAction\":[{\"@type\":\"SearchAction\",\"target\":{\"@type\":\"EntryPoint\",\"urlTemplate\":\"https:\/\/mwc-cmm.org\/en\/?s={search_term_string}\"},\"query-input\":{\"@type\":\"PropertyValueSpecification\",\"valueRequired\":true,\"valueName\":\"search_term_string\"}}],\"inLanguage\":\"es\"},{\"@type\":\"Organization\",\"@id\":\"https:\/\/mwc-cmm.org\/en\/#organization\",\"name\":\"Mennonite World Conference\",\"alternateName\":\"MWC\",\"url\":\"https:\/\/mwc-cmm.org\/en\/\",\"logo\":{\"@type\":\"ImageObject\",\"inLanguage\":\"es\",\"@id\":\"https:\/\/mwc-cmm.org\/en\/#\/schema\/logo\/image\/\",\"url\":\"https:\/\/mwc-cmm.org\/wp-content\/uploads\/2026\/01\/MWC_Sig_Blue_Horiz_webheader1-logo.svg\",\"contentUrl\":\"https:\/\/mwc-cmm.org\/wp-content\/uploads\/2026\/01\/MWC_Sig_Blue_Horiz_webheader1-logo.svg\",\"width\":786,\"height\":82,\"caption\":\"Mennonite World Conference\"},\"image\":{\"@id\":\"https:\/\/mwc-cmm.org\/en\/#\/schema\/logo\/image\/\"},\"sameAs\":[\"https:\/\/www.facebook.com\/MennoniteWorldConference\",\"https:\/\/www.linkedin.com\/company\/mennonite-world-conference-mwc\/\",\"https:\/\/www.instagram.com\/mwcmm\/\",\"https:\/\/www.youtube.com\/user\/mwccmm\",\"https:\/\/bsky.app\/profile\/mwcmm.bsky.social\"]},{\"@type\":\"Person\",\"@id\":\"https:\/\/mwc-cmm.org\/en\/#\/schema\/person\/11f6ae0d7d1868ba20a1cc27f067c836\",\"name\":\"mennworldcon\",\"image\":{\"@type\":\"ImageObject\",\"inLanguage\":\"es\",\"@id\":\"https:\/\/secure.gravatar.com\/avatar\/06fdc0dc81c157dfdb82ec42f252178a22307808988d22c043f9eb96f1e0fe80?s=96&d=mm&r=g\",\"url\":\"https:\/\/secure.gravatar.com\/avatar\/06fdc0dc81c157dfdb82ec42f252178a22307808988d22c043f9eb96f1e0fe80?s=96&d=mm&r=g\",\"contentUrl\":\"https:\/\/secure.gravatar.com\/avatar\/06fdc0dc81c157dfdb82ec42f252178a22307808988d22c043f9eb96f1e0fe80?s=96&d=mm&r=g\",\"caption\":\"mennworldcon\"},\"sameAs\":[\"https:\/\/mwc-cmm.org\"],\"url\":\"https:\/\/mwc-cmm.org\/es\/stories\/author\/mennworldcon\/\"}]}<\/script>\n<!-- \/ Yoast SEO plugin. -->","yoast_head_json":{"title":"El poder o la oraci\u00f3n no pueden subestimarse - Mennonite World Conference","robots":{"index":"index","follow":"follow","max-snippet":"max-snippet:-1","max-image-preview":"max-image-preview:large","max-video-preview":"max-video-preview:-1"},"canonical":"https:\/\/mwc-cmm.org\/es\/stories\/el-poder-o-la-oracion-no-pueden-subestimarse\/","og_locale":"es_ES","og_type":"article","og_title":"El poder o la oraci\u00f3n no pueden subestimarse - Mennonite World Conference","og_description":"\u201cLas personas que se dedican a proyectos humanitarios y a la atenci\u00f3n pastoral est\u00e1n familiarizadas con la soledad, la anhedonia, la debilidad, el abatimiento, el cinismo&#8230; Pero todo esto se lav\u00f3 con agua y se limpi\u00f3 con toallas\u201d, reflexion\u00f3 Denis Gorenkov, pastor bautista de Ucrania, con relaci\u00f3n al ritual de lavado de los pies con [&hellip;]","og_url":"https:\/\/mwc-cmm.org\/es\/stories\/el-poder-o-la-oracion-no-pueden-subestimarse\/","og_site_name":"Mennonite World Conference","article_publisher":"https:\/\/www.facebook.com\/MennoniteWorldConference","article_published_time":"2024-03-28T00:00:00+00:00","article_modified_time":"2024-12-10T18:06:27+00:00","og_image":[{"width":2560,"height":1920,"url":"https:\/\/mwc-cmm.org\/wp-content\/uploads\/2024\/11\/20240223_161310-scaled.jpg","type":"image\/jpeg"}],"author":"mennworldcon","schema":{"@context":"https:\/\/schema.org","@graph":[{"@type":"Article","@id":"https:\/\/mwc-cmm.org\/es\/stories\/el-poder-o-la-oracion-no-pueden-subestimarse\/#article","isPartOf":{"@id":"https:\/\/mwc-cmm.org\/es\/stories\/el-poder-o-la-oracion-no-pueden-subestimarse\/"},"author":{"name":"mennworldcon","@id":"https:\/\/mwc-cmm.org\/en\/#\/schema\/person\/11f6ae0d7d1868ba20a1cc27f067c836"},"headline":"El poder o la oraci\u00f3n no pueden subestimarse","datePublished":"2024-03-28T00:00:00+00:00","dateModified":"2024-12-10T18:06:27+00:00","mainEntityOfPage":{"@id":"https:\/\/mwc-cmm.org\/es\/stories\/el-poder-o-la-oracion-no-pueden-subestimarse\/"},"wordCount":825,"publisher":{"@id":"https:\/\/mwc-cmm.org\/en\/#organization"},"image":{"@id":"https:\/\/mwc-cmm.org\/es\/stories\/el-poder-o-la-oracion-no-pueden-subestimarse\/#primaryimage"},"thumbnailUrl":"https:\/\/mwc-cmm.org\/wp-content\/uploads\/2024\/11\/20240223_161310-scaled.jpg","articleSection":["Sin categorizar"],"inLanguage":"es"},{"@type":"WebPage","@id":"https:\/\/mwc-cmm.org\/es\/stories\/el-poder-o-la-oracion-no-pueden-subestimarse\/","url":"https:\/\/mwc-cmm.org\/es\/stories\/el-poder-o-la-oracion-no-pueden-subestimarse\/","name":"El poder o la oraci\u00f3n no pueden subestimarse - Mennonite World Conference","isPartOf":{"@id":"https:\/\/mwc-cmm.org\/en\/#website"},"primaryImageOfPage":{"@id":"https:\/\/mwc-cmm.org\/es\/stories\/el-poder-o-la-oracion-no-pueden-subestimarse\/#primaryimage"},"image":{"@id":"https:\/\/mwc-cmm.org\/es\/stories\/el-poder-o-la-oracion-no-pueden-subestimarse\/#primaryimage"},"thumbnailUrl":"https:\/\/mwc-cmm.org\/wp-content\/uploads\/2024\/11\/20240223_161310-scaled.jpg","datePublished":"2024-03-28T00:00:00+00:00","dateModified":"2024-12-10T18:06:27+00:00","breadcrumb":{"@id":"https:\/\/mwc-cmm.org\/es\/stories\/el-poder-o-la-oracion-no-pueden-subestimarse\/#breadcrumb"},"inLanguage":"es","potentialAction":[{"@type":"ReadAction","target":["https:\/\/mwc-cmm.org\/es\/stories\/el-poder-o-la-oracion-no-pueden-subestimarse\/"]}]},{"@type":"ImageObject","inLanguage":"es","@id":"https:\/\/mwc-cmm.org\/es\/stories\/el-poder-o-la-oracion-no-pueden-subestimarse\/#primaryimage","url":"https:\/\/mwc-cmm.org\/wp-content\/uploads\/2024\/11\/20240223_161310-scaled.jpg","contentUrl":"https:\/\/mwc-cmm.org\/wp-content\/uploads\/2024\/11\/20240223_161310-scaled.jpg","width":2560,"height":1920},{"@type":"BreadcrumbList","@id":"https:\/\/mwc-cmm.org\/es\/stories\/el-poder-o-la-oracion-no-pueden-subestimarse\/#breadcrumb","itemListElement":[{"@type":"ListItem","position":1,"name":"Home","item":"https:\/\/mwc-cmm.org\/es\/"},{"@type":"ListItem","position":2,"name":"El poder o la oraci\u00f3n no pueden subestimarse"}]},{"@type":"WebSite","@id":"https:\/\/mwc-cmm.org\/en\/#website","url":"https:\/\/mwc-cmm.org\/en\/","name":"Mennonite World Conference","description":"A communion of Anabaptist-related churches","publisher":{"@id":"https:\/\/mwc-cmm.org\/en\/#organization"},"alternateName":"MWC","potentialAction":[{"@type":"SearchAction","target":{"@type":"EntryPoint","urlTemplate":"https:\/\/mwc-cmm.org\/en\/?s={search_term_string}"},"query-input":{"@type":"PropertyValueSpecification","valueRequired":true,"valueName":"search_term_string"}}],"inLanguage":"es"},{"@type":"Organization","@id":"https:\/\/mwc-cmm.org\/en\/#organization","name":"Mennonite World Conference","alternateName":"MWC","url":"https:\/\/mwc-cmm.org\/en\/","logo":{"@type":"ImageObject","inLanguage":"es","@id":"https:\/\/mwc-cmm.org\/en\/#\/schema\/logo\/image\/","url":"https:\/\/mwc-cmm.org\/wp-content\/uploads\/2026\/01\/MWC_Sig_Blue_Horiz_webheader1-logo.svg","contentUrl":"https:\/\/mwc-cmm.org\/wp-content\/uploads\/2026\/01\/MWC_Sig_Blue_Horiz_webheader1-logo.svg","width":786,"height":82,"caption":"Mennonite World Conference"},"image":{"@id":"https:\/\/mwc-cmm.org\/en\/#\/schema\/logo\/image\/"},"sameAs":["https:\/\/www.facebook.com\/MennoniteWorldConference","https:\/\/www.linkedin.com\/company\/mennonite-world-conference-mwc\/","https:\/\/www.instagram.com\/mwcmm\/","https:\/\/www.youtube.com\/user\/mwccmm","https:\/\/bsky.app\/profile\/mwcmm.bsky.social"]},{"@type":"Person","@id":"https:\/\/mwc-cmm.org\/en\/#\/schema\/person\/11f6ae0d7d1868ba20a1cc27f067c836","name":"mennworldcon","image":{"@type":"ImageObject","inLanguage":"es","@id":"https:\/\/secure.gravatar.com\/avatar\/06fdc0dc81c157dfdb82ec42f252178a22307808988d22c043f9eb96f1e0fe80?s=96&d=mm&r=g","url":"https:\/\/secure.gravatar.com\/avatar\/06fdc0dc81c157dfdb82ec42f252178a22307808988d22c043f9eb96f1e0fe80?s=96&d=mm&r=g","contentUrl":"https:\/\/secure.gravatar.com\/avatar\/06fdc0dc81c157dfdb82ec42f252178a22307808988d22c043f9eb96f1e0fe80?s=96&d=mm&r=g","caption":"mennworldcon"},"sameAs":["https:\/\/mwc-cmm.org"],"url":"https:\/\/mwc-cmm.org\/es\/stories\/author\/mennworldcon\/"}]}},"_links":{"self":[{"href":"https:\/\/mwc-cmm.org\/es\/wp-json\/wp\/v2\/posts\/9457","targetHints":{"allow":["GET"]}}],"collection":[{"href":"https:\/\/mwc-cmm.org\/es\/wp-json\/wp\/v2\/posts"}],"about":[{"href":"https:\/\/mwc-cmm.org\/es\/wp-json\/wp\/v2\/types\/post"}],"author":[{"embeddable":true,"href":"https:\/\/mwc-cmm.org\/es\/wp-json\/wp\/v2\/users\/1"}],"replies":[{"embeddable":true,"href":"https:\/\/mwc-cmm.org\/es\/wp-json\/wp\/v2\/comments?post=9457"}],"version-history":[{"count":0,"href":"https:\/\/mwc-cmm.org\/es\/wp-json\/wp\/v2\/posts\/9457\/revisions"}],"wp:featuredmedia":[{"embeddable":true,"href":"https:\/\/mwc-cmm.org\/es\/wp-json\/wp\/v2\/media\/97960"}],"wp:attachment":[{"href":"https:\/\/mwc-cmm.org\/es\/wp-json\/wp\/v2\/media?parent=9457"}],"wp:term":[{"taxonomy":"category","embeddable":true,"href":"https:\/\/mwc-cmm.org\/es\/wp-json\/wp\/v2\/categories?post=9457"},{"taxonomy":"post_tag","embeddable":true,"href":"https:\/\/mwc-cmm.org\/es\/wp-json\/wp\/v2\/tags?post=9457"},{"taxonomy":"network","embeddable":true,"href":"https:\/\/mwc-cmm.org\/es\/wp-json\/wp\/v2\/network?post=9457"},{"taxonomy":"eventcategory","embeddable":true,"href":"https:\/\/mwc-cmm.org\/es\/wp-json\/wp\/v2\/eventcategory?post=9457"}],"curies":[{"name":"wp","href":"https:\/\/api.w.org\/{rel}","templated":true}]}}