{"id":9456,"date":"2024-03-27T00:00:00","date_gmt":"2024-03-27T00:00:00","guid":{"rendered":"https:\/\/mwc-cmm.org\/mennonite-world-conference-commemorates-birth-of-anabaptism-in-2025-2\/"},"modified":"2024-12-10T18:06:27","modified_gmt":"2024-12-10T18:06:27","slug":"el-congreso-mundial-menonita-conmemora-el-nacimiento-del-anabautismo-en-2025","status":"publish","type":"post","link":"https:\/\/mwc-cmm.org\/es\/stories\/el-congreso-mundial-menonita-conmemora-el-nacimiento-del-anabautismo-en-2025\/","title":{"rendered":"El Congreso Mundial Menonita conmemora el nacimiento del anabautismo en 2025"},"content":{"rendered":"<p>El 29 de mayo de 2025, el Congreso Mundial Menonita (CMM) dar\u00e1 la bienvenida a invitados de todo el mundo a <a href=\"https:\/\/mwc-cmm.org\/es\/500-la-valentia-de-amar\">La Valent\u00eda de Amar: Anabautismo@500<\/a>. La celebraci\u00f3n que durara un d\u00eda conmemora el nacimiento del movimiento anabautista en Zurich, Suiza. Despu\u00e9s de talleres, conciertos, una mesa redonda y recorridos hist\u00f3ricos autoguiados a pie, los participantes se reunir\u00e1n para un servicio de adoraci\u00f3n ecum\u00e9nico en la catedral de Grossm\u00fcnster.&nbsp;<\/p>\n<p>Los inicios simb\u00f3licos del movimiento anabautista se remontan a enero de 1525, cuando un grupo de j\u00f3venes se reunieron en la casa de F\u00e9lix Manz para cometer un acto subversivo: el bautismo de adultos. Conrad Grebel bautiz\u00f3 a George Blaurock, quien bautiz\u00f3 a varios otros por confesi\u00f3n de su fe.&nbsp;<\/p>\n<p>Su lectura de la Biblia convenci\u00f3 a estos primeros reformadores de que el bautismo era un s\u00edmbolo de una decisi\u00f3n consciente de someterse al Se\u00f1or\u00edo de Jesucristo que s\u00f3lo los adultos pueden tomar. Su acto radical los puso en desacuerdo con la iglesia establecida, que hab\u00eda estado bautizando ni\u00f1os durante un milenio.&nbsp;<\/p>\n<p>Como acto de consolidaci\u00f3n de la paz y testimonio de la reconciliaci\u00f3n reciente, el CMM est\u00e1 invitando a l\u00edderes de comuniones mundiales (por ejemplo, cat\u00f3lica, luterana y reformada) que alguna vez estuvieron marcadamente en desacuerdo con el movimiento anabautista. Liesa Unger, directora de eventos internacionales del CMM, expresa que, \u201cese d\u00eda, los anabautistas se har\u00e1n visibles en las calles de Zurich\u201d. Todos los eventos se encuentran a poca distancia y el servicio de adoraci\u00f3n se llevar\u00e1 a cabo en ingl\u00e9s y se traducir\u00e1 al franc\u00e9s, espa\u00f1ol y alem\u00e1n.&nbsp;<\/p>\n<p>John D. Roth, historiador y coordinador de Renovaci\u00f3n del CMM 2025, enuncia que, \u201cel evento tendr\u00e1 un fuerte componente hist\u00f3rico que dejar\u00e1 claro por qu\u00e9 nos reunimos en Zurich, pero habr\u00e1 un \u00e9nfasis a\u00fan mayor centrado en el futuro. El movimiento anabautista contin\u00faa siendo din\u00e1mico, diverso y creativo al compartir el evangelio en muchos entornos culturales diferentes\u201d.&nbsp;<\/p>\n<p>Hoy en d\u00eda, alrededor de 2,13 millones de creyentes en m\u00e1s de 80 pa\u00edses se identifican como anabautistas. El CMM se est\u00e1 preparando para recibir a cientos de invitados el 29 de mayo, incluidos los de las cinco regiones a las que presta servicios: Am\u00e9rica Latina, Europa, \u00c1frica, Asia y Am\u00e9rica del Norte. Se presentar\u00e1n conjuntos musicales de cada regi\u00f3n, as\u00ed como un conjunto internacional, al igual que en los eventos de Asamblea Reunida del CMM.&nbsp;<\/p>\n<p>Aquellos que asistan a la celebraci\u00f3n del CMM pueden aprovechar al m\u00e1ximo su viaje a Suiza con un recorrido por el patrimonio anabautista.&nbsp;<\/p>\n<p>TourMagination, el principal proveedor de Tours del Patrimonio Anabautista de Am\u00e9rica del Norte, ha planificado tres recorridos grupales con l\u00edderes expertos que visitar\u00e1n sitios importantes en los Pa\u00edses Bajos, Alemania, Francia, Suiza y Austria.&nbsp;<\/p>\n<p>El historiador y exprofesor de Hesston College, John Sharp, dirigir\u00e1 la gira de 15 d\u00edas <a href=\"https:\/\/tourmagination.com\/tour\/celebrate-500-classic-anabaptist-european-tour\/\">Celebrar 500:  Recorrido cl\u00e1sico de la herencia anabautista, del 19 de mayo al 3 de junio de 2025.&nbsp;<\/a><\/p>\n<p>El menonita holand\u00e9s Ayold Fanoy liderar\u00e1 la gira de 15 d\u00edas <a href=\"https:\/\/tourmagination.com\/tour\/celebrate-500-anabaptist-story-in-europe-tour\/\">Celebrar 500: Historia anabautista en Europa, del 19 de mayo al 2 de junio de 2025&nbsp;<\/a><\/p>\n<p>El archivero menonita Conrad Stoesz dirigir\u00e1 la gira de 13 d\u00edas<a href=\"https:\/\/tourmagination.com\/tour\/500-years-of-anabaptist-faith-art-history-tour\/\"> 500 a\u00f1os de fe, arte e historia anabautistas, del 28 de mayo al 9 de junio de 2025&nbsp;<\/a><\/p>\n<p>TourMagination ayud\u00f3 a Conrad Grebel University College a organizar una gira de exalumnos y amigos que ya est\u00e1 totalmente suscrita. Tambi\u00e9n est\u00e1n ayudando a la Eastern Mennonite University con una gira.&nbsp;<\/p>\n<p>Audrey Voth Petkau, presidenta de TourMagination, manifiesta que, \u00abestamos comprometidos a mantener viva la historia anabautista llevando a los anabautistas a los sitios donde sus antepasados \u201a\u00c4\u00e3\u201a\u00c4\u00e3vivieron, amaron y murieron por su fe. Colaborar con el CMM en el evento <a href=\"https:\/\/mwc-cmm.org\/es\/500-la-valentia-de-amar\">Anabautismo@500: La valent\u00eda <\/a>de Amar es una maravillosa oportunidad para servir a la comunidad anabautista\u201d.&nbsp;<\/p>\n<p style=\"text-align:center\"><a href=\"https:\/\/mwc-cmm.org\/es\/500-la-valentia-de-amar\"><img decoding=\"async\" alt=\"Zurich 2025\" height=\"500\" data-src=\"\/sites\/default\/files\/website_files_2020\/zurich_2025_sp.jpg\" width=\"704\" src=\"data:image\/svg+xml;base64,PHN2ZyB3aWR0aD0iMSIgaGVpZ2h0PSIxIiB4bWxucz0iaHR0cDovL3d3dy53My5vcmcvMjAwMC9zdmciPjwvc3ZnPg==\" class=\"lazyload\" style=\"--smush-placeholder-width: 704px; --smush-placeholder-aspect-ratio: 704\/500;\"><\/a><\/p>\n<p>&nbsp;<\/p>\n","protected":false},"excerpt":{"rendered":"<p>El 29 de mayo de 2025, el Congreso Mundial Menonita (CMM) dar\u00e1 la bienvenida a invitados de todo el mundo a La Valent\u00eda de Amar: Anabautismo@500. La celebraci\u00f3n que durara un d\u00eda conmemora el nacimiento del movimiento anabautista en Zurich, Suiza. Despu\u00e9s de talleres, conciertos, una mesa redonda y recorridos hist\u00f3ricos autoguiados a pie, los [&hellip;]<\/p>\n","protected":false},"author":1,"featured_media":97946,"comment_status":"closed","ping_status":"closed","sticky":false,"template":"","format":"standard","meta":{"_acf_changed":false,"footnotes":""},"categories":[6],"tags":[],"network":[],"eventcategory":[1509,1484],"class_list":["post-9456","post","type-post","status-publish","format-standard","has-post-thumbnail","hentry","category-sin-categorizar","eventcategory-500-the-courage-to-love-es","eventcategory-renewal-2028-es"],"acf":[],"yoast_head":"<!-- This site is optimized with the Yoast SEO plugin v27.5 - https:\/\/yoast.com\/product\/yoast-seo-wordpress\/ -->\n<title>El Congreso Mundial Menonita conmemora el nacimiento del anabautismo en 2025 - Mennonite World Conference<\/title>\n<meta name=\"robots\" content=\"index, follow, max-snippet:-1, max-image-preview:large, max-video-preview:-1\" \/>\n<link rel=\"canonical\" href=\"https:\/\/mwc-cmm.org\/es\/stories\/el-congreso-mundial-menonita-conmemora-el-nacimiento-del-anabautismo-en-2025\/\" \/>\n<meta property=\"og:locale\" content=\"es_ES\" \/>\n<meta property=\"og:type\" content=\"article\" \/>\n<meta property=\"og:title\" content=\"El Congreso Mundial Menonita conmemora el nacimiento del anabautismo en 2025 - Mennonite World Conference\" \/>\n<meta property=\"og:description\" content=\"El 29 de mayo de 2025, el Congreso Mundial Menonita (CMM) dar\u00e1 la bienvenida a invitados de todo el mundo a La Valent\u00eda de Amar: Anabautismo@500. La celebraci\u00f3n que durara un d\u00eda conmemora el nacimiento del movimiento anabautista en Zurich, Suiza. Despu\u00e9s de talleres, conciertos, una mesa redonda y recorridos hist\u00f3ricos autoguiados a pie, los [&hellip;]\" \/>\n<meta property=\"og:url\" content=\"https:\/\/mwc-cmm.org\/es\/stories\/el-congreso-mundial-menonita-conmemora-el-nacimiento-del-anabautismo-en-2025\/\" \/>\n<meta property=\"og:site_name\" content=\"Mennonite World Conference\" \/>\n<meta property=\"article:publisher\" content=\"https:\/\/www.facebook.com\/MennoniteWorldConference\" \/>\n<meta property=\"article:published_time\" content=\"2024-03-27T00:00:00+00:00\" \/>\n<meta property=\"article:modified_time\" content=\"2024-12-10T18:06:27+00:00\" \/>\n<meta property=\"og:image\" content=\"https:\/\/mwc-cmm.org\/wp-content\/uploads\/2024\/11\/img_2115.jpg\" \/>\n\t<meta property=\"og:image:width\" content=\"1920\" \/>\n\t<meta property=\"og:image:height\" content=\"1441\" \/>\n\t<meta property=\"og:image:type\" content=\"image\/jpeg\" \/>\n<meta name=\"author\" content=\"mennworldcon\" \/>\n<script type=\"application\/ld+json\" class=\"yoast-schema-graph\">{\"@context\":\"https:\\\/\\\/schema.org\",\"@graph\":[{\"@type\":\"Article\",\"@id\":\"https:\\\/\\\/mwc-cmm.org\\\/es\\\/stories\\\/el-congreso-mundial-menonita-conmemora-el-nacimiento-del-anabautismo-en-2025\\\/#article\",\"isPartOf\":{\"@id\":\"https:\\\/\\\/mwc-cmm.org\\\/es\\\/stories\\\/el-congreso-mundial-menonita-conmemora-el-nacimiento-del-anabautismo-en-2025\\\/\"},\"author\":{\"name\":\"mennworldcon\",\"@id\":\"https:\\\/\\\/mwc-cmm.org\\\/en\\\/#\\\/schema\\\/person\\\/11f6ae0d7d1868ba20a1cc27f067c836\"},\"headline\":\"El Congreso Mundial Menonita conmemora el nacimiento del anabautismo en 2025\",\"datePublished\":\"2024-03-27T00:00:00+00:00\",\"dateModified\":\"2024-12-10T18:06:27+00:00\",\"mainEntityOfPage\":{\"@id\":\"https:\\\/\\\/mwc-cmm.org\\\/es\\\/stories\\\/el-congreso-mundial-menonita-conmemora-el-nacimiento-del-anabautismo-en-2025\\\/\"},\"wordCount\":684,\"publisher\":{\"@id\":\"https:\\\/\\\/mwc-cmm.org\\\/en\\\/#organization\"},\"image\":{\"@id\":\"https:\\\/\\\/mwc-cmm.org\\\/es\\\/stories\\\/el-congreso-mundial-menonita-conmemora-el-nacimiento-del-anabautismo-en-2025\\\/#primaryimage\"},\"thumbnailUrl\":\"https:\\\/\\\/mwc-cmm.org\\\/wp-content\\\/uploads\\\/2024\\\/11\\\/img_2115.jpg\",\"articleSection\":[\"Sin categorizar\"],\"inLanguage\":\"es\"},{\"@type\":\"WebPage\",\"@id\":\"https:\\\/\\\/mwc-cmm.org\\\/es\\\/stories\\\/el-congreso-mundial-menonita-conmemora-el-nacimiento-del-anabautismo-en-2025\\\/\",\"url\":\"https:\\\/\\\/mwc-cmm.org\\\/es\\\/stories\\\/el-congreso-mundial-menonita-conmemora-el-nacimiento-del-anabautismo-en-2025\\\/\",\"name\":\"El Congreso Mundial Menonita conmemora el nacimiento del anabautismo en 2025 - Mennonite World Conference\",\"isPartOf\":{\"@id\":\"https:\\\/\\\/mwc-cmm.org\\\/en\\\/#website\"},\"primaryImageOfPage\":{\"@id\":\"https:\\\/\\\/mwc-cmm.org\\\/es\\\/stories\\\/el-congreso-mundial-menonita-conmemora-el-nacimiento-del-anabautismo-en-2025\\\/#primaryimage\"},\"image\":{\"@id\":\"https:\\\/\\\/mwc-cmm.org\\\/es\\\/stories\\\/el-congreso-mundial-menonita-conmemora-el-nacimiento-del-anabautismo-en-2025\\\/#primaryimage\"},\"thumbnailUrl\":\"https:\\\/\\\/mwc-cmm.org\\\/wp-content\\\/uploads\\\/2024\\\/11\\\/img_2115.jpg\",\"datePublished\":\"2024-03-27T00:00:00+00:00\",\"dateModified\":\"2024-12-10T18:06:27+00:00\",\"breadcrumb\":{\"@id\":\"https:\\\/\\\/mwc-cmm.org\\\/es\\\/stories\\\/el-congreso-mundial-menonita-conmemora-el-nacimiento-del-anabautismo-en-2025\\\/#breadcrumb\"},\"inLanguage\":\"es\",\"potentialAction\":[{\"@type\":\"ReadAction\",\"target\":[\"https:\\\/\\\/mwc-cmm.org\\\/es\\\/stories\\\/el-congreso-mundial-menonita-conmemora-el-nacimiento-del-anabautismo-en-2025\\\/\"]}]},{\"@type\":\"ImageObject\",\"inLanguage\":\"es\",\"@id\":\"https:\\\/\\\/mwc-cmm.org\\\/es\\\/stories\\\/el-congreso-mundial-menonita-conmemora-el-nacimiento-del-anabautismo-en-2025\\\/#primaryimage\",\"url\":\"https:\\\/\\\/mwc-cmm.org\\\/wp-content\\\/uploads\\\/2024\\\/11\\\/img_2115.jpg\",\"contentUrl\":\"https:\\\/\\\/mwc-cmm.org\\\/wp-content\\\/uploads\\\/2024\\\/11\\\/img_2115.jpg\",\"width\":1920,\"height\":1441},{\"@type\":\"BreadcrumbList\",\"@id\":\"https:\\\/\\\/mwc-cmm.org\\\/es\\\/stories\\\/el-congreso-mundial-menonita-conmemora-el-nacimiento-del-anabautismo-en-2025\\\/#breadcrumb\",\"itemListElement\":[{\"@type\":\"ListItem\",\"position\":1,\"name\":\"Home\",\"item\":\"https:\\\/\\\/mwc-cmm.org\\\/es\\\/\"},{\"@type\":\"ListItem\",\"position\":2,\"name\":\"El Congreso Mundial Menonita conmemora el nacimiento del anabautismo en 2025\"}]},{\"@type\":\"WebSite\",\"@id\":\"https:\\\/\\\/mwc-cmm.org\\\/en\\\/#website\",\"url\":\"https:\\\/\\\/mwc-cmm.org\\\/en\\\/\",\"name\":\"Mennonite World Conference\",\"description\":\"A communion of Anabaptist-related churches\",\"publisher\":{\"@id\":\"https:\\\/\\\/mwc-cmm.org\\\/en\\\/#organization\"},\"alternateName\":\"MWC\",\"potentialAction\":[{\"@type\":\"SearchAction\",\"target\":{\"@type\":\"EntryPoint\",\"urlTemplate\":\"https:\\\/\\\/mwc-cmm.org\\\/en\\\/?s={search_term_string}\"},\"query-input\":{\"@type\":\"PropertyValueSpecification\",\"valueRequired\":true,\"valueName\":\"search_term_string\"}}],\"inLanguage\":\"es\"},{\"@type\":\"Organization\",\"@id\":\"https:\\\/\\\/mwc-cmm.org\\\/en\\\/#organization\",\"name\":\"Mennonite World Conference\",\"alternateName\":\"MWC\",\"url\":\"https:\\\/\\\/mwc-cmm.org\\\/en\\\/\",\"logo\":{\"@type\":\"ImageObject\",\"inLanguage\":\"es\",\"@id\":\"https:\\\/\\\/mwc-cmm.org\\\/en\\\/#\\\/schema\\\/logo\\\/image\\\/\",\"url\":\"https:\\\/\\\/mwc-cmm.org\\\/wp-content\\\/uploads\\\/2026\\\/01\\\/MWC_Sig_Blue_Horiz_webheader1-logo.svg\",\"contentUrl\":\"https:\\\/\\\/mwc-cmm.org\\\/wp-content\\\/uploads\\\/2026\\\/01\\\/MWC_Sig_Blue_Horiz_webheader1-logo.svg\",\"width\":786,\"height\":82,\"caption\":\"Mennonite World Conference\"},\"image\":{\"@id\":\"https:\\\/\\\/mwc-cmm.org\\\/en\\\/#\\\/schema\\\/logo\\\/image\\\/\"},\"sameAs\":[\"https:\\\/\\\/www.facebook.com\\\/MennoniteWorldConference\",\"https:\\\/\\\/www.linkedin.com\\\/company\\\/mennonite-world-conference-mwc\\\/\",\"https:\\\/\\\/www.instagram.com\\\/mwcmm\\\/\",\"https:\\\/\\\/www.youtube.com\\\/user\\\/mwccmm\",\"https:\\\/\\\/bsky.app\\\/profile\\\/mwcmm.bsky.social\"]},{\"@type\":\"Person\",\"@id\":\"https:\\\/\\\/mwc-cmm.org\\\/en\\\/#\\\/schema\\\/person\\\/11f6ae0d7d1868ba20a1cc27f067c836\",\"name\":\"mennworldcon\",\"image\":{\"@type\":\"ImageObject\",\"inLanguage\":\"es\",\"@id\":\"https:\\\/\\\/secure.gravatar.com\\\/avatar\\\/06fdc0dc81c157dfdb82ec42f252178a22307808988d22c043f9eb96f1e0fe80?s=96&d=mm&r=g\",\"url\":\"https:\\\/\\\/secure.gravatar.com\\\/avatar\\\/06fdc0dc81c157dfdb82ec42f252178a22307808988d22c043f9eb96f1e0fe80?s=96&d=mm&r=g\",\"contentUrl\":\"https:\\\/\\\/secure.gravatar.com\\\/avatar\\\/06fdc0dc81c157dfdb82ec42f252178a22307808988d22c043f9eb96f1e0fe80?s=96&d=mm&r=g\",\"caption\":\"mennworldcon\"},\"sameAs\":[\"https:\\\/\\\/mwc-cmm.org\"],\"url\":\"https:\\\/\\\/mwc-cmm.org\\\/es\\\/stories\\\/author\\\/mennworldcon\\\/\"}]}<\/script>\n<!-- \/ Yoast SEO plugin. -->","yoast_head_json":{"title":"El Congreso Mundial Menonita conmemora el nacimiento del anabautismo en 2025 - Mennonite World Conference","robots":{"index":"index","follow":"follow","max-snippet":"max-snippet:-1","max-image-preview":"max-image-preview:large","max-video-preview":"max-video-preview:-1"},"canonical":"https:\/\/mwc-cmm.org\/es\/stories\/el-congreso-mundial-menonita-conmemora-el-nacimiento-del-anabautismo-en-2025\/","og_locale":"es_ES","og_type":"article","og_title":"El Congreso Mundial Menonita conmemora el nacimiento del anabautismo en 2025 - Mennonite World Conference","og_description":"El 29 de mayo de 2025, el Congreso Mundial Menonita (CMM) dar\u00e1 la bienvenida a invitados de todo el mundo a La Valent\u00eda de Amar: Anabautismo@500. La celebraci\u00f3n que durara un d\u00eda conmemora el nacimiento del movimiento anabautista en Zurich, Suiza. Despu\u00e9s de talleres, conciertos, una mesa redonda y recorridos hist\u00f3ricos autoguiados a pie, los [&hellip;]","og_url":"https:\/\/mwc-cmm.org\/es\/stories\/el-congreso-mundial-menonita-conmemora-el-nacimiento-del-anabautismo-en-2025\/","og_site_name":"Mennonite World Conference","article_publisher":"https:\/\/www.facebook.com\/MennoniteWorldConference","article_published_time":"2024-03-27T00:00:00+00:00","article_modified_time":"2024-12-10T18:06:27+00:00","og_image":[{"width":1920,"height":1441,"url":"https:\/\/mwc-cmm.org\/wp-content\/uploads\/2024\/11\/img_2115.jpg","type":"image\/jpeg"}],"author":"mennworldcon","schema":{"@context":"https:\/\/schema.org","@graph":[{"@type":"Article","@id":"https:\/\/mwc-cmm.org\/es\/stories\/el-congreso-mundial-menonita-conmemora-el-nacimiento-del-anabautismo-en-2025\/#article","isPartOf":{"@id":"https:\/\/mwc-cmm.org\/es\/stories\/el-congreso-mundial-menonita-conmemora-el-nacimiento-del-anabautismo-en-2025\/"},"author":{"name":"mennworldcon","@id":"https:\/\/mwc-cmm.org\/en\/#\/schema\/person\/11f6ae0d7d1868ba20a1cc27f067c836"},"headline":"El Congreso Mundial Menonita conmemora el nacimiento del anabautismo en 2025","datePublished":"2024-03-27T00:00:00+00:00","dateModified":"2024-12-10T18:06:27+00:00","mainEntityOfPage":{"@id":"https:\/\/mwc-cmm.org\/es\/stories\/el-congreso-mundial-menonita-conmemora-el-nacimiento-del-anabautismo-en-2025\/"},"wordCount":684,"publisher":{"@id":"https:\/\/mwc-cmm.org\/en\/#organization"},"image":{"@id":"https:\/\/mwc-cmm.org\/es\/stories\/el-congreso-mundial-menonita-conmemora-el-nacimiento-del-anabautismo-en-2025\/#primaryimage"},"thumbnailUrl":"https:\/\/mwc-cmm.org\/wp-content\/uploads\/2024\/11\/img_2115.jpg","articleSection":["Sin categorizar"],"inLanguage":"es"},{"@type":"WebPage","@id":"https:\/\/mwc-cmm.org\/es\/stories\/el-congreso-mundial-menonita-conmemora-el-nacimiento-del-anabautismo-en-2025\/","url":"https:\/\/mwc-cmm.org\/es\/stories\/el-congreso-mundial-menonita-conmemora-el-nacimiento-del-anabautismo-en-2025\/","name":"El Congreso Mundial Menonita conmemora el nacimiento del anabautismo en 2025 - Mennonite World Conference","isPartOf":{"@id":"https:\/\/mwc-cmm.org\/en\/#website"},"primaryImageOfPage":{"@id":"https:\/\/mwc-cmm.org\/es\/stories\/el-congreso-mundial-menonita-conmemora-el-nacimiento-del-anabautismo-en-2025\/#primaryimage"},"image":{"@id":"https:\/\/mwc-cmm.org\/es\/stories\/el-congreso-mundial-menonita-conmemora-el-nacimiento-del-anabautismo-en-2025\/#primaryimage"},"thumbnailUrl":"https:\/\/mwc-cmm.org\/wp-content\/uploads\/2024\/11\/img_2115.jpg","datePublished":"2024-03-27T00:00:00+00:00","dateModified":"2024-12-10T18:06:27+00:00","breadcrumb":{"@id":"https:\/\/mwc-cmm.org\/es\/stories\/el-congreso-mundial-menonita-conmemora-el-nacimiento-del-anabautismo-en-2025\/#breadcrumb"},"inLanguage":"es","potentialAction":[{"@type":"ReadAction","target":["https:\/\/mwc-cmm.org\/es\/stories\/el-congreso-mundial-menonita-conmemora-el-nacimiento-del-anabautismo-en-2025\/"]}]},{"@type":"ImageObject","inLanguage":"es","@id":"https:\/\/mwc-cmm.org\/es\/stories\/el-congreso-mundial-menonita-conmemora-el-nacimiento-del-anabautismo-en-2025\/#primaryimage","url":"https:\/\/mwc-cmm.org\/wp-content\/uploads\/2024\/11\/img_2115.jpg","contentUrl":"https:\/\/mwc-cmm.org\/wp-content\/uploads\/2024\/11\/img_2115.jpg","width":1920,"height":1441},{"@type":"BreadcrumbList","@id":"https:\/\/mwc-cmm.org\/es\/stories\/el-congreso-mundial-menonita-conmemora-el-nacimiento-del-anabautismo-en-2025\/#breadcrumb","itemListElement":[{"@type":"ListItem","position":1,"name":"Home","item":"https:\/\/mwc-cmm.org\/es\/"},{"@type":"ListItem","position":2,"name":"El Congreso Mundial Menonita conmemora el nacimiento del anabautismo en 2025"}]},{"@type":"WebSite","@id":"https:\/\/mwc-cmm.org\/en\/#website","url":"https:\/\/mwc-cmm.org\/en\/","name":"Mennonite World Conference","description":"A communion of Anabaptist-related churches","publisher":{"@id":"https:\/\/mwc-cmm.org\/en\/#organization"},"alternateName":"MWC","potentialAction":[{"@type":"SearchAction","target":{"@type":"EntryPoint","urlTemplate":"https:\/\/mwc-cmm.org\/en\/?s={search_term_string}"},"query-input":{"@type":"PropertyValueSpecification","valueRequired":true,"valueName":"search_term_string"}}],"inLanguage":"es"},{"@type":"Organization","@id":"https:\/\/mwc-cmm.org\/en\/#organization","name":"Mennonite World Conference","alternateName":"MWC","url":"https:\/\/mwc-cmm.org\/en\/","logo":{"@type":"ImageObject","inLanguage":"es","@id":"https:\/\/mwc-cmm.org\/en\/#\/schema\/logo\/image\/","url":"https:\/\/mwc-cmm.org\/wp-content\/uploads\/2026\/01\/MWC_Sig_Blue_Horiz_webheader1-logo.svg","contentUrl":"https:\/\/mwc-cmm.org\/wp-content\/uploads\/2026\/01\/MWC_Sig_Blue_Horiz_webheader1-logo.svg","width":786,"height":82,"caption":"Mennonite World Conference"},"image":{"@id":"https:\/\/mwc-cmm.org\/en\/#\/schema\/logo\/image\/"},"sameAs":["https:\/\/www.facebook.com\/MennoniteWorldConference","https:\/\/www.linkedin.com\/company\/mennonite-world-conference-mwc\/","https:\/\/www.instagram.com\/mwcmm\/","https:\/\/www.youtube.com\/user\/mwccmm","https:\/\/bsky.app\/profile\/mwcmm.bsky.social"]},{"@type":"Person","@id":"https:\/\/mwc-cmm.org\/en\/#\/schema\/person\/11f6ae0d7d1868ba20a1cc27f067c836","name":"mennworldcon","image":{"@type":"ImageObject","inLanguage":"es","@id":"https:\/\/secure.gravatar.com\/avatar\/06fdc0dc81c157dfdb82ec42f252178a22307808988d22c043f9eb96f1e0fe80?s=96&d=mm&r=g","url":"https:\/\/secure.gravatar.com\/avatar\/06fdc0dc81c157dfdb82ec42f252178a22307808988d22c043f9eb96f1e0fe80?s=96&d=mm&r=g","contentUrl":"https:\/\/secure.gravatar.com\/avatar\/06fdc0dc81c157dfdb82ec42f252178a22307808988d22c043f9eb96f1e0fe80?s=96&d=mm&r=g","caption":"mennworldcon"},"sameAs":["https:\/\/mwc-cmm.org"],"url":"https:\/\/mwc-cmm.org\/es\/stories\/author\/mennworldcon\/"}]}},"_links":{"self":[{"href":"https:\/\/mwc-cmm.org\/es\/wp-json\/wp\/v2\/posts\/9456","targetHints":{"allow":["GET"]}}],"collection":[{"href":"https:\/\/mwc-cmm.org\/es\/wp-json\/wp\/v2\/posts"}],"about":[{"href":"https:\/\/mwc-cmm.org\/es\/wp-json\/wp\/v2\/types\/post"}],"author":[{"embeddable":true,"href":"https:\/\/mwc-cmm.org\/es\/wp-json\/wp\/v2\/users\/1"}],"replies":[{"embeddable":true,"href":"https:\/\/mwc-cmm.org\/es\/wp-json\/wp\/v2\/comments?post=9456"}],"version-history":[{"count":0,"href":"https:\/\/mwc-cmm.org\/es\/wp-json\/wp\/v2\/posts\/9456\/revisions"}],"wp:featuredmedia":[{"embeddable":true,"href":"https:\/\/mwc-cmm.org\/es\/wp-json\/wp\/v2\/media\/97946"}],"wp:attachment":[{"href":"https:\/\/mwc-cmm.org\/es\/wp-json\/wp\/v2\/media?parent=9456"}],"wp:term":[{"taxonomy":"category","embeddable":true,"href":"https:\/\/mwc-cmm.org\/es\/wp-json\/wp\/v2\/categories?post=9456"},{"taxonomy":"post_tag","embeddable":true,"href":"https:\/\/mwc-cmm.org\/es\/wp-json\/wp\/v2\/tags?post=9456"},{"taxonomy":"network","embeddable":true,"href":"https:\/\/mwc-cmm.org\/es\/wp-json\/wp\/v2\/network?post=9456"},{"taxonomy":"eventcategory","embeddable":true,"href":"https:\/\/mwc-cmm.org\/es\/wp-json\/wp\/v2\/eventcategory?post=9456"}],"curies":[{"name":"wp","href":"https:\/\/api.w.org\/{rel}","templated":true}]}}