{"id":9452,"date":"2024-03-01T00:00:00","date_gmt":"2024-03-01T00:00:00","guid":{"rendered":"https:\/\/mwc-cmm.org\/mwc-mourns-with-our-brothers-and-sisters-in-myanmar-2\/"},"modified":"2024-12-10T18:06:26","modified_gmt":"2024-12-10T18:06:26","slug":"el-cmm-se-lamenta-junto-con-nuestros-hermanos-y-hermanas-en-myanmar","status":"publish","type":"post","link":"https:\/\/mwc-cmm.org\/es\/stories\/el-cmm-se-lamenta-junto-con-nuestros-hermanos-y-hermanas-en-myanmar\/","title":{"rendered":"El CMM se lamenta junto con nuestros hermanos y hermanas en Myanmar"},"content":{"rendered":"<h2>Petici\u00f3n de oraci\u00f3n urgente<\/h2>\n<p><span style=\"font-size:11px\"><em>El Se\u00f1or es mi luz y mi salvaci\u00f3n\u2026<br \/>\nCuando lleguen los d\u00edas malos,<br \/>\nel Se\u00f1or me dar\u00e1 abrigo en su templo;<br \/>\nbajo su sombra me proteger\u00e1.<br \/>\n\u00a1Me pondr\u00e1 a salvo sobre una roca!&#8230;<br \/>\n\u00a1Ten confianza en el Se\u00f1or!<br \/>\n\u00a1Ten valor, no te desanimes!<br \/>\n\u00a1S\u00ed, ten confianza en el Se\u00f1or!<br \/>\n\u2014Salmo 27:1, 5, 14<\/em><\/span><\/p>\n<p>Amados hermanos y hermanas:<\/p>\n<p>Nuestros hermanos y hermanas del Congreso Mundial Menonita de Myanmar han pedido las oraciones de nuestra comuni\u00f3n global. Ellos escriben:<\/p>\n<p><em>La guerra civil de nuestro pa\u00eds ya lleva m\u00e1s de tres a\u00f1os. El n\u00famero de muertos aumenta cada d\u00eda. M\u00e1s de la mitad del pa\u00eds est\u00e1 bajo el control de los ej\u00e9rcitos revolucionarios. La poblaci\u00f3n militar de la junta ha disminuido, por lo que se aprob\u00f3 una ley de reclutamiento para aumentar el n\u00famero de soldados. Los hombres y mujeres j\u00f3venes no quieren unirse al ej\u00e9rcito de la junta, por lo cual est\u00e1n huyendo.<\/em><\/p>\n<p><em>Las guerras est\u00e1n azotando todo el pa\u00eds. Los ciudadanos tambi\u00e9n sufren las consecuencias de la guerra. Condiciones de vida inc\u00f3modas, falta de medicamentos, alimentaci\u00f3n insuficiente; junto con el resto de la gente, los menonitas est\u00e1n experimentando dificultades, dolor y una incertidumbre persistente. Los ni\u00f1os y los ancianos est\u00e1n sufriendo mucho.<\/em><\/p>\n<p><em>Hubo enfrentamientos en la ciudad de Kalay, donde se encuentra la sede central Menonita de la Iglesia B\u00edblica Misionera y dos congregaciones de dicha iglesia. Se ha ordenado a los ciudadanos que abandonen la ciudad para evitar bombardeos a\u00e9reos y combates. Las familias menonitas est\u00e1n de duelo y enfrent\u00e1ndose a la muerte y el desplazamiento.<\/em><\/p>\n<p>Como comuni\u00f3n mundial, el CMM se lamenta junto con nuestros hermanos y hermanas en Myanmar por las p\u00e9rdidas que han experimentado y el trauma que siguen atravesando.<\/p>\n<p>Lloramos por todos los que han estado expuestos a la guerra y la violencia.<\/p>\n<p>Oramos para que el esp\u00edritu de consuelo envuelva a los miembros de la iglesia para que puedan ser faros de luz y la paz de Cristo para quienes los rodean.<\/p>\n<p>\u00a1Se\u00f1or, ten piedad!<br \/>\nMira con compasi\u00f3n a tu pueblo que sufre en Myanmar.<br \/>\nVenda los cuerpos y las almas heridos en esta guerra civil.<br \/>\nMinistra tu consuelo a los est\u00f3magos hambrientos y a los esp\u00edritus que anhelan la paz.<br \/>\nConc\u00e9deles valent\u00eda y firmeza para resistir los poderes de dominaci\u00f3n y abuso<\/p>\n<p><strong>Como comunidad mundial de fe y vida trascendemos fronteras de nacionalidad, raza, clase social, g\u00e9nero e idioma, y procuramos vivir en el mundo sin conformarnos a los poderes del mal, dando testimonio de la gracia de Dios por medio del servicio a los dem\u00e1s, cuidando de la creaci\u00f3n, e invitando a toda la humanidad a conocer a Jesucristo como Salvador y Se\u00f1or.<\/strong><br \/>\n<a href=\"https:\/\/mwc-cmm.org\/es\/convicciones-compartidas\"><em>\u2014Convicciones Compartidas #7<\/em><\/a><\/p>\n<p>Se\u00f1or, en tu misericordia, escucha nuestra oraci\u00f3n. <br \/>\nEn el nombre de Jes\u00fas,  <\/p>\n<p>Henk Stenvers, Presidente<\/p>\n<p><img decoding=\"async\" alt=\"\" height=\"225\" data-src=\"\/sites\/default\/files\/civicrm\/persist\/contribute\/images\/uploads\/2023_henkstenversphotobyderkstenvers_1fcb5b82ecb7cdd74e04827197e746fb.jpg\" style=\"--smush-placeholder-width: 150px; --smush-placeholder-aspect-ratio: 150\/225;float:left\" width=\"150\" src=\"data:image\/svg+xml;base64,PHN2ZyB3aWR0aD0iMSIgaGVpZ2h0PSIxIiB4bWxucz0iaHR0cDovL3d3dy53My5vcmcvMjAwMC9zdmciPjwvc3ZnPg==\" class=\"lazyload\"><\/p>\n","protected":false},"excerpt":{"rendered":"<p>Nuestros hermanos y hermanas del Congreso Mundial Menonita de Myanmar han pedido las oraciones de nuestra comuni\u00f3n global. Ellos escriben:<\/p>\n<p><em>La guerra civil de nuestro pa\u00eds ya lleva m\u00e1s de tres a\u00f1os. El n\u00famero de muertos aumenta cada d\u00eda. M\u00e1s de la mitad del pa\u00eds est\u00e1 bajo el control de los ej\u00e9rcitos revolucionarios. La poblaci\u00f3n militar de la junta ha disminuido, por lo que se aprob\u00f3 una ley de reclutamiento para aumentar el n\u00famero de soldados. Los hombres y mujeres j\u00f3venes no quieren unirse al ej\u00e9rcito de la junta, por lo cual est\u00e1n huyendo.<\/em><\/p>\n","protected":false},"author":1,"featured_media":75777,"comment_status":"closed","ping_status":"closed","sticky":false,"template":"","format":"standard","meta":{"_acf_changed":false,"footnotes":""},"categories":[472,6],"tags":[537,536],"network":[],"eventcategory":[],"class_list":["post-9452","post","type-post","status-publish","format-standard","has-post-thumbnail","hentry","category-oracion-urgente-es","category-sin-categorizar","tag-myanmar-es","tag-oracion"],"acf":[],"yoast_head":"<!-- This site is optimized with the Yoast SEO plugin v27.5 - https:\/\/yoast.com\/product\/yoast-seo-wordpress\/ -->\n<title>El CMM se lamenta junto con nuestros hermanos y hermanas en Myanmar - Mennonite World Conference<\/title>\n<meta name=\"robots\" content=\"index, follow, max-snippet:-1, max-image-preview:large, max-video-preview:-1\" \/>\n<link rel=\"canonical\" href=\"https:\/\/mwc-cmm.org\/es\/stories\/el-cmm-se-lamenta-junto-con-nuestros-hermanos-y-hermanas-en-myanmar\/\" \/>\n<meta property=\"og:locale\" content=\"es_ES\" \/>\n<meta property=\"og:type\" content=\"article\" \/>\n<meta property=\"og:title\" content=\"El CMM se lamenta junto con nuestros hermanos y hermanas en Myanmar - Mennonite World Conference\" \/>\n<meta property=\"og:description\" content=\"Nuestros hermanos y hermanas del Congreso Mundial Menonita de Myanmar han pedido las oraciones de nuestra comuni\u00f3n global. Ellos escriben: La guerra civil de nuestro pa\u00eds ya lleva m\u00e1s de tres a\u00f1os. El n\u00famero de muertos aumenta cada d\u00eda. M\u00e1s de la mitad del pa\u00eds est\u00e1 bajo el control de los ej\u00e9rcitos revolucionarios. La poblaci\u00f3n militar de la junta ha disminuido, por lo que se aprob\u00f3 una ley de reclutamiento para aumentar el n\u00famero de soldados. Los hombres y mujeres j\u00f3venes no quieren unirse al ej\u00e9rcito de la junta, por lo cual est\u00e1n huyendo.\" \/>\n<meta property=\"og:url\" content=\"https:\/\/mwc-cmm.org\/es\/stories\/el-cmm-se-lamenta-junto-con-nuestros-hermanos-y-hermanas-en-myanmar\/\" \/>\n<meta property=\"og:site_name\" content=\"Mennonite World Conference\" \/>\n<meta property=\"article:publisher\" content=\"https:\/\/www.facebook.com\/MennoniteWorldConference\" \/>\n<meta property=\"article:published_time\" content=\"2024-03-01T00:00:00+00:00\" \/>\n<meta property=\"article:modified_time\" content=\"2024-12-10T18:06:26+00:00\" \/>\n<meta property=\"og:image\" content=\"https:\/\/mwc-cmm.org\/wp-content\/uploads\/2024\/11\/bmc-img_20240226_233142.jpg\" \/>\n\t<meta property=\"og:image:width\" content=\"1080\" \/>\n\t<meta property=\"og:image:height\" content=\"1620\" \/>\n\t<meta property=\"og:image:type\" content=\"image\/jpeg\" \/>\n<meta name=\"author\" content=\"mennworldcon\" \/>\n<script type=\"application\/ld+json\" class=\"yoast-schema-graph\">{\"@context\":\"https:\\\/\\\/schema.org\",\"@graph\":[{\"@type\":\"Article\",\"@id\":\"https:\\\/\\\/mwc-cmm.org\\\/es\\\/stories\\\/el-cmm-se-lamenta-junto-con-nuestros-hermanos-y-hermanas-en-myanmar\\\/#article\",\"isPartOf\":{\"@id\":\"https:\\\/\\\/mwc-cmm.org\\\/es\\\/stories\\\/el-cmm-se-lamenta-junto-con-nuestros-hermanos-y-hermanas-en-myanmar\\\/\"},\"author\":{\"name\":\"mennworldcon\",\"@id\":\"https:\\\/\\\/mwc-cmm.org\\\/en\\\/#\\\/schema\\\/person\\\/11f6ae0d7d1868ba20a1cc27f067c836\"},\"headline\":\"El CMM se lamenta junto con nuestros hermanos y hermanas en Myanmar\",\"datePublished\":\"2024-03-01T00:00:00+00:00\",\"dateModified\":\"2024-12-10T18:06:26+00:00\",\"mainEntityOfPage\":{\"@id\":\"https:\\\/\\\/mwc-cmm.org\\\/es\\\/stories\\\/el-cmm-se-lamenta-junto-con-nuestros-hermanos-y-hermanas-en-myanmar\\\/\"},\"wordCount\":521,\"publisher\":{\"@id\":\"https:\\\/\\\/mwc-cmm.org\\\/en\\\/#organization\"},\"image\":{\"@id\":\"https:\\\/\\\/mwc-cmm.org\\\/es\\\/stories\\\/el-cmm-se-lamenta-junto-con-nuestros-hermanos-y-hermanas-en-myanmar\\\/#primaryimage\"},\"thumbnailUrl\":\"https:\\\/\\\/mwc-cmm.org\\\/wp-content\\\/uploads\\\/2024\\\/11\\\/bmc-img_20240226_233142.jpg\",\"keywords\":[\"Myanmar\",\"oraci\u00f3n\"],\"articleSection\":[\"Oraci\u00f3n urgente\",\"Sin categorizar\"],\"inLanguage\":\"es\"},{\"@type\":\"WebPage\",\"@id\":\"https:\\\/\\\/mwc-cmm.org\\\/es\\\/stories\\\/el-cmm-se-lamenta-junto-con-nuestros-hermanos-y-hermanas-en-myanmar\\\/\",\"url\":\"https:\\\/\\\/mwc-cmm.org\\\/es\\\/stories\\\/el-cmm-se-lamenta-junto-con-nuestros-hermanos-y-hermanas-en-myanmar\\\/\",\"name\":\"El CMM se lamenta junto con nuestros hermanos y hermanas en Myanmar - Mennonite World Conference\",\"isPartOf\":{\"@id\":\"https:\\\/\\\/mwc-cmm.org\\\/en\\\/#website\"},\"primaryImageOfPage\":{\"@id\":\"https:\\\/\\\/mwc-cmm.org\\\/es\\\/stories\\\/el-cmm-se-lamenta-junto-con-nuestros-hermanos-y-hermanas-en-myanmar\\\/#primaryimage\"},\"image\":{\"@id\":\"https:\\\/\\\/mwc-cmm.org\\\/es\\\/stories\\\/el-cmm-se-lamenta-junto-con-nuestros-hermanos-y-hermanas-en-myanmar\\\/#primaryimage\"},\"thumbnailUrl\":\"https:\\\/\\\/mwc-cmm.org\\\/wp-content\\\/uploads\\\/2024\\\/11\\\/bmc-img_20240226_233142.jpg\",\"datePublished\":\"2024-03-01T00:00:00+00:00\",\"dateModified\":\"2024-12-10T18:06:26+00:00\",\"breadcrumb\":{\"@id\":\"https:\\\/\\\/mwc-cmm.org\\\/es\\\/stories\\\/el-cmm-se-lamenta-junto-con-nuestros-hermanos-y-hermanas-en-myanmar\\\/#breadcrumb\"},\"inLanguage\":\"es\",\"potentialAction\":[{\"@type\":\"ReadAction\",\"target\":[\"https:\\\/\\\/mwc-cmm.org\\\/es\\\/stories\\\/el-cmm-se-lamenta-junto-con-nuestros-hermanos-y-hermanas-en-myanmar\\\/\"]}]},{\"@type\":\"ImageObject\",\"inLanguage\":\"es\",\"@id\":\"https:\\\/\\\/mwc-cmm.org\\\/es\\\/stories\\\/el-cmm-se-lamenta-junto-con-nuestros-hermanos-y-hermanas-en-myanmar\\\/#primaryimage\",\"url\":\"https:\\\/\\\/mwc-cmm.org\\\/wp-content\\\/uploads\\\/2024\\\/11\\\/bmc-img_20240226_233142.jpg\",\"contentUrl\":\"https:\\\/\\\/mwc-cmm.org\\\/wp-content\\\/uploads\\\/2024\\\/11\\\/bmc-img_20240226_233142.jpg\",\"width\":1080,\"height\":1620},{\"@type\":\"BreadcrumbList\",\"@id\":\"https:\\\/\\\/mwc-cmm.org\\\/es\\\/stories\\\/el-cmm-se-lamenta-junto-con-nuestros-hermanos-y-hermanas-en-myanmar\\\/#breadcrumb\",\"itemListElement\":[{\"@type\":\"ListItem\",\"position\":1,\"name\":\"Home\",\"item\":\"https:\\\/\\\/mwc-cmm.org\\\/es\\\/\"},{\"@type\":\"ListItem\",\"position\":2,\"name\":\"El CMM se lamenta junto con nuestros hermanos y hermanas en Myanmar\"}]},{\"@type\":\"WebSite\",\"@id\":\"https:\\\/\\\/mwc-cmm.org\\\/en\\\/#website\",\"url\":\"https:\\\/\\\/mwc-cmm.org\\\/en\\\/\",\"name\":\"Mennonite World Conference\",\"description\":\"A communion of Anabaptist-related churches\",\"publisher\":{\"@id\":\"https:\\\/\\\/mwc-cmm.org\\\/en\\\/#organization\"},\"alternateName\":\"MWC\",\"potentialAction\":[{\"@type\":\"SearchAction\",\"target\":{\"@type\":\"EntryPoint\",\"urlTemplate\":\"https:\\\/\\\/mwc-cmm.org\\\/en\\\/?s={search_term_string}\"},\"query-input\":{\"@type\":\"PropertyValueSpecification\",\"valueRequired\":true,\"valueName\":\"search_term_string\"}}],\"inLanguage\":\"es\"},{\"@type\":\"Organization\",\"@id\":\"https:\\\/\\\/mwc-cmm.org\\\/en\\\/#organization\",\"name\":\"Mennonite World Conference\",\"alternateName\":\"MWC\",\"url\":\"https:\\\/\\\/mwc-cmm.org\\\/en\\\/\",\"logo\":{\"@type\":\"ImageObject\",\"inLanguage\":\"es\",\"@id\":\"https:\\\/\\\/mwc-cmm.org\\\/en\\\/#\\\/schema\\\/logo\\\/image\\\/\",\"url\":\"https:\\\/\\\/mwc-cmm.org\\\/wp-content\\\/uploads\\\/2026\\\/01\\\/MWC_Sig_Blue_Horiz_webheader1-logo.svg\",\"contentUrl\":\"https:\\\/\\\/mwc-cmm.org\\\/wp-content\\\/uploads\\\/2026\\\/01\\\/MWC_Sig_Blue_Horiz_webheader1-logo.svg\",\"width\":786,\"height\":82,\"caption\":\"Mennonite World Conference\"},\"image\":{\"@id\":\"https:\\\/\\\/mwc-cmm.org\\\/en\\\/#\\\/schema\\\/logo\\\/image\\\/\"},\"sameAs\":[\"https:\\\/\\\/www.facebook.com\\\/MennoniteWorldConference\",\"https:\\\/\\\/www.linkedin.com\\\/company\\\/mennonite-world-conference-mwc\\\/\",\"https:\\\/\\\/www.instagram.com\\\/mwcmm\\\/\",\"https:\\\/\\\/www.youtube.com\\\/user\\\/mwccmm\",\"https:\\\/\\\/bsky.app\\\/profile\\\/mwcmm.bsky.social\"]},{\"@type\":\"Person\",\"@id\":\"https:\\\/\\\/mwc-cmm.org\\\/en\\\/#\\\/schema\\\/person\\\/11f6ae0d7d1868ba20a1cc27f067c836\",\"name\":\"mennworldcon\",\"image\":{\"@type\":\"ImageObject\",\"inLanguage\":\"es\",\"@id\":\"https:\\\/\\\/secure.gravatar.com\\\/avatar\\\/06fdc0dc81c157dfdb82ec42f252178a22307808988d22c043f9eb96f1e0fe80?s=96&d=mm&r=g\",\"url\":\"https:\\\/\\\/secure.gravatar.com\\\/avatar\\\/06fdc0dc81c157dfdb82ec42f252178a22307808988d22c043f9eb96f1e0fe80?s=96&d=mm&r=g\",\"contentUrl\":\"https:\\\/\\\/secure.gravatar.com\\\/avatar\\\/06fdc0dc81c157dfdb82ec42f252178a22307808988d22c043f9eb96f1e0fe80?s=96&d=mm&r=g\",\"caption\":\"mennworldcon\"},\"sameAs\":[\"https:\\\/\\\/mwc-cmm.org\"],\"url\":\"https:\\\/\\\/mwc-cmm.org\\\/es\\\/stories\\\/author\\\/mennworldcon\\\/\"}]}<\/script>\n<!-- \/ Yoast SEO plugin. -->","yoast_head_json":{"title":"El CMM se lamenta junto con nuestros hermanos y hermanas en Myanmar - Mennonite World Conference","robots":{"index":"index","follow":"follow","max-snippet":"max-snippet:-1","max-image-preview":"max-image-preview:large","max-video-preview":"max-video-preview:-1"},"canonical":"https:\/\/mwc-cmm.org\/es\/stories\/el-cmm-se-lamenta-junto-con-nuestros-hermanos-y-hermanas-en-myanmar\/","og_locale":"es_ES","og_type":"article","og_title":"El CMM se lamenta junto con nuestros hermanos y hermanas en Myanmar - Mennonite World Conference","og_description":"Nuestros hermanos y hermanas del Congreso Mundial Menonita de Myanmar han pedido las oraciones de nuestra comuni\u00f3n global. Ellos escriben: La guerra civil de nuestro pa\u00eds ya lleva m\u00e1s de tres a\u00f1os. El n\u00famero de muertos aumenta cada d\u00eda. M\u00e1s de la mitad del pa\u00eds est\u00e1 bajo el control de los ej\u00e9rcitos revolucionarios. La poblaci\u00f3n militar de la junta ha disminuido, por lo que se aprob\u00f3 una ley de reclutamiento para aumentar el n\u00famero de soldados. Los hombres y mujeres j\u00f3venes no quieren unirse al ej\u00e9rcito de la junta, por lo cual est\u00e1n huyendo.","og_url":"https:\/\/mwc-cmm.org\/es\/stories\/el-cmm-se-lamenta-junto-con-nuestros-hermanos-y-hermanas-en-myanmar\/","og_site_name":"Mennonite World Conference","article_publisher":"https:\/\/www.facebook.com\/MennoniteWorldConference","article_published_time":"2024-03-01T00:00:00+00:00","article_modified_time":"2024-12-10T18:06:26+00:00","og_image":[{"width":1080,"height":1620,"url":"https:\/\/mwc-cmm.org\/wp-content\/uploads\/2024\/11\/bmc-img_20240226_233142.jpg","type":"image\/jpeg"}],"author":"mennworldcon","schema":{"@context":"https:\/\/schema.org","@graph":[{"@type":"Article","@id":"https:\/\/mwc-cmm.org\/es\/stories\/el-cmm-se-lamenta-junto-con-nuestros-hermanos-y-hermanas-en-myanmar\/#article","isPartOf":{"@id":"https:\/\/mwc-cmm.org\/es\/stories\/el-cmm-se-lamenta-junto-con-nuestros-hermanos-y-hermanas-en-myanmar\/"},"author":{"name":"mennworldcon","@id":"https:\/\/mwc-cmm.org\/en\/#\/schema\/person\/11f6ae0d7d1868ba20a1cc27f067c836"},"headline":"El CMM se lamenta junto con nuestros hermanos y hermanas en Myanmar","datePublished":"2024-03-01T00:00:00+00:00","dateModified":"2024-12-10T18:06:26+00:00","mainEntityOfPage":{"@id":"https:\/\/mwc-cmm.org\/es\/stories\/el-cmm-se-lamenta-junto-con-nuestros-hermanos-y-hermanas-en-myanmar\/"},"wordCount":521,"publisher":{"@id":"https:\/\/mwc-cmm.org\/en\/#organization"},"image":{"@id":"https:\/\/mwc-cmm.org\/es\/stories\/el-cmm-se-lamenta-junto-con-nuestros-hermanos-y-hermanas-en-myanmar\/#primaryimage"},"thumbnailUrl":"https:\/\/mwc-cmm.org\/wp-content\/uploads\/2024\/11\/bmc-img_20240226_233142.jpg","keywords":["Myanmar","oraci\u00f3n"],"articleSection":["Oraci\u00f3n urgente","Sin categorizar"],"inLanguage":"es"},{"@type":"WebPage","@id":"https:\/\/mwc-cmm.org\/es\/stories\/el-cmm-se-lamenta-junto-con-nuestros-hermanos-y-hermanas-en-myanmar\/","url":"https:\/\/mwc-cmm.org\/es\/stories\/el-cmm-se-lamenta-junto-con-nuestros-hermanos-y-hermanas-en-myanmar\/","name":"El CMM se lamenta junto con nuestros hermanos y hermanas en Myanmar - Mennonite World Conference","isPartOf":{"@id":"https:\/\/mwc-cmm.org\/en\/#website"},"primaryImageOfPage":{"@id":"https:\/\/mwc-cmm.org\/es\/stories\/el-cmm-se-lamenta-junto-con-nuestros-hermanos-y-hermanas-en-myanmar\/#primaryimage"},"image":{"@id":"https:\/\/mwc-cmm.org\/es\/stories\/el-cmm-se-lamenta-junto-con-nuestros-hermanos-y-hermanas-en-myanmar\/#primaryimage"},"thumbnailUrl":"https:\/\/mwc-cmm.org\/wp-content\/uploads\/2024\/11\/bmc-img_20240226_233142.jpg","datePublished":"2024-03-01T00:00:00+00:00","dateModified":"2024-12-10T18:06:26+00:00","breadcrumb":{"@id":"https:\/\/mwc-cmm.org\/es\/stories\/el-cmm-se-lamenta-junto-con-nuestros-hermanos-y-hermanas-en-myanmar\/#breadcrumb"},"inLanguage":"es","potentialAction":[{"@type":"ReadAction","target":["https:\/\/mwc-cmm.org\/es\/stories\/el-cmm-se-lamenta-junto-con-nuestros-hermanos-y-hermanas-en-myanmar\/"]}]},{"@type":"ImageObject","inLanguage":"es","@id":"https:\/\/mwc-cmm.org\/es\/stories\/el-cmm-se-lamenta-junto-con-nuestros-hermanos-y-hermanas-en-myanmar\/#primaryimage","url":"https:\/\/mwc-cmm.org\/wp-content\/uploads\/2024\/11\/bmc-img_20240226_233142.jpg","contentUrl":"https:\/\/mwc-cmm.org\/wp-content\/uploads\/2024\/11\/bmc-img_20240226_233142.jpg","width":1080,"height":1620},{"@type":"BreadcrumbList","@id":"https:\/\/mwc-cmm.org\/es\/stories\/el-cmm-se-lamenta-junto-con-nuestros-hermanos-y-hermanas-en-myanmar\/#breadcrumb","itemListElement":[{"@type":"ListItem","position":1,"name":"Home","item":"https:\/\/mwc-cmm.org\/es\/"},{"@type":"ListItem","position":2,"name":"El CMM se lamenta junto con nuestros hermanos y hermanas en Myanmar"}]},{"@type":"WebSite","@id":"https:\/\/mwc-cmm.org\/en\/#website","url":"https:\/\/mwc-cmm.org\/en\/","name":"Mennonite World Conference","description":"A communion of Anabaptist-related churches","publisher":{"@id":"https:\/\/mwc-cmm.org\/en\/#organization"},"alternateName":"MWC","potentialAction":[{"@type":"SearchAction","target":{"@type":"EntryPoint","urlTemplate":"https:\/\/mwc-cmm.org\/en\/?s={search_term_string}"},"query-input":{"@type":"PropertyValueSpecification","valueRequired":true,"valueName":"search_term_string"}}],"inLanguage":"es"},{"@type":"Organization","@id":"https:\/\/mwc-cmm.org\/en\/#organization","name":"Mennonite World Conference","alternateName":"MWC","url":"https:\/\/mwc-cmm.org\/en\/","logo":{"@type":"ImageObject","inLanguage":"es","@id":"https:\/\/mwc-cmm.org\/en\/#\/schema\/logo\/image\/","url":"https:\/\/mwc-cmm.org\/wp-content\/uploads\/2026\/01\/MWC_Sig_Blue_Horiz_webheader1-logo.svg","contentUrl":"https:\/\/mwc-cmm.org\/wp-content\/uploads\/2026\/01\/MWC_Sig_Blue_Horiz_webheader1-logo.svg","width":786,"height":82,"caption":"Mennonite World Conference"},"image":{"@id":"https:\/\/mwc-cmm.org\/en\/#\/schema\/logo\/image\/"},"sameAs":["https:\/\/www.facebook.com\/MennoniteWorldConference","https:\/\/www.linkedin.com\/company\/mennonite-world-conference-mwc\/","https:\/\/www.instagram.com\/mwcmm\/","https:\/\/www.youtube.com\/user\/mwccmm","https:\/\/bsky.app\/profile\/mwcmm.bsky.social"]},{"@type":"Person","@id":"https:\/\/mwc-cmm.org\/en\/#\/schema\/person\/11f6ae0d7d1868ba20a1cc27f067c836","name":"mennworldcon","image":{"@type":"ImageObject","inLanguage":"es","@id":"https:\/\/secure.gravatar.com\/avatar\/06fdc0dc81c157dfdb82ec42f252178a22307808988d22c043f9eb96f1e0fe80?s=96&d=mm&r=g","url":"https:\/\/secure.gravatar.com\/avatar\/06fdc0dc81c157dfdb82ec42f252178a22307808988d22c043f9eb96f1e0fe80?s=96&d=mm&r=g","contentUrl":"https:\/\/secure.gravatar.com\/avatar\/06fdc0dc81c157dfdb82ec42f252178a22307808988d22c043f9eb96f1e0fe80?s=96&d=mm&r=g","caption":"mennworldcon"},"sameAs":["https:\/\/mwc-cmm.org"],"url":"https:\/\/mwc-cmm.org\/es\/stories\/author\/mennworldcon\/"}]}},"_links":{"self":[{"href":"https:\/\/mwc-cmm.org\/es\/wp-json\/wp\/v2\/posts\/9452","targetHints":{"allow":["GET"]}}],"collection":[{"href":"https:\/\/mwc-cmm.org\/es\/wp-json\/wp\/v2\/posts"}],"about":[{"href":"https:\/\/mwc-cmm.org\/es\/wp-json\/wp\/v2\/types\/post"}],"author":[{"embeddable":true,"href":"https:\/\/mwc-cmm.org\/es\/wp-json\/wp\/v2\/users\/1"}],"replies":[{"embeddable":true,"href":"https:\/\/mwc-cmm.org\/es\/wp-json\/wp\/v2\/comments?post=9452"}],"version-history":[{"count":0,"href":"https:\/\/mwc-cmm.org\/es\/wp-json\/wp\/v2\/posts\/9452\/revisions"}],"wp:featuredmedia":[{"embeddable":true,"href":"https:\/\/mwc-cmm.org\/es\/wp-json\/wp\/v2\/media\/75777"}],"wp:attachment":[{"href":"https:\/\/mwc-cmm.org\/es\/wp-json\/wp\/v2\/media?parent=9452"}],"wp:term":[{"taxonomy":"category","embeddable":true,"href":"https:\/\/mwc-cmm.org\/es\/wp-json\/wp\/v2\/categories?post=9452"},{"taxonomy":"post_tag","embeddable":true,"href":"https:\/\/mwc-cmm.org\/es\/wp-json\/wp\/v2\/tags?post=9452"},{"taxonomy":"network","embeddable":true,"href":"https:\/\/mwc-cmm.org\/es\/wp-json\/wp\/v2\/network?post=9452"},{"taxonomy":"eventcategory","embeddable":true,"href":"https:\/\/mwc-cmm.org\/es\/wp-json\/wp\/v2\/eventcategory?post=9452"}],"curies":[{"name":"wp","href":"https:\/\/api.w.org\/{rel}","templated":true}]}}