{"id":9447,"date":"2024-02-19T00:00:00","date_gmt":"2024-02-19T00:00:00","guid":{"rendered":"https:\/\/mwc-cmm.org\/we-would-not-have-killed-each-other-2\/"},"modified":"2024-12-10T18:06:24","modified_gmt":"2024-12-10T18:06:24","slug":"no-nos-hubiesemos-matado","status":"publish","type":"post","link":"https:\/\/mwc-cmm.org\/es\/stories\/no-nos-hubiesemos-matado\/","title":{"rendered":"No nos hubi\u00e9semos matado"},"content":{"rendered":"<p>La Comisi\u00f3n de Desarrollo de la Iglesia Meserete Kristos (MKC-DC por sus siglas en ingl\u00e9s), con el apoyo financiero del CCM-Etiop\u00eda, lanz\u00f3 un proyecto para la consolidaci\u00f3n de la paz en las cuatro zonas del estado regional del sur de Etiop\u00eda a finales de 2023.&nbsp;<\/p>\n<p>El proyecto tiene como objetivo sanar las experiencias traum\u00e1ticas de las personas, restaurar la paz a trav\u00e9s de formaci\u00f3n sobre la paz, adem\u00e1s del perd\u00f3n y la reconciliaci\u00f3n de las personas y grupos afectados por los conflictos violentos ocurridos en las \u00faltimas tres d\u00e9cadas.&nbsp;<\/p>\n<p>En diciembre de 2023, se imparti\u00f3 la primera fase de capacitaci\u00f3n en consolidaci\u00f3n de la paz a ancianos de la comunidad, l\u00edderes religiosos, representantes de mujeres y j\u00f3venes, funcionarios del gobierno local, maestros de escuela y personas influyentes de la comunidad. Un total de 210 personas participaron en la formaci\u00f3n en las cuatro zonas.&nbsp;<\/p>\n<p>En marzo se realizar\u00e1 el seguimiento y en junio se impartir\u00e1 la segunda fase de capacitaci\u00f3n.&nbsp;<\/p>\n<p>Despu\u00e9s del entrenamiento, algunos l\u00edderes comunitarios comentaron: \u201cNo nos habr\u00edamos matado unos a otros si hubi\u00e9semos recibido ese tipo de entrenamiento para la paz antes. Nuestra ignorancia nos llev\u00f3 a matarnos unos a otros\u201d.&nbsp;<\/p>\n<p>Las comunidades confiaron en MKC para que las ayudar\u00e1 a lidiar con sus problemas para restaurar y mantener la paz en las \u00e1reas.&nbsp;<\/p>\n<p><em>\u2014reimpreso con permiso del Bolet\u00edn Trimestral de la Iglesia Meserete Kristos, diciembre de 2023, n\u00ba 49&nbsp;<\/em><\/p>\n<hr>\n<h2>Acerca de la iglesia nacional miembro del CMM: Iglesia Meserete Kristos (MKC)&nbsp;<\/h2>\n<p>La Iglesia Meserete Kristos (MKC por sus siglas en ingl\u00e9s), una de las iglesias miembro m\u00e1s grandes del CMM, ten\u00eda un poco m\u00e1s de 5 000 personas miembro cuando pas\u00f3 a la clandestinidad durante la \u00e9poca de persecuci\u00f3n del gobierno militar marxista en la d\u00e9cada de 1980. En el 2020, las personas miembros bautizadas sumaron 370 909. La iglesia nacional tiene escuelas b\u00edblicas regionales y un seminario; ministerio organizado en evangelismo, alcance a prisiones, desarrollo y m\u00e1s.&nbsp;<\/p>\n<p style=\"text-align:center\"><img decoding=\"async\" alt=\"MKC\" height=\"300\" data-src=\"\/sites\/default\/files\/website_files_2020\/mkc_feb_24_sp.jpg\" width=\"810\" src=\"data:image\/svg+xml;base64,PHN2ZyB3aWR0aD0iMSIgaGVpZ2h0PSIxIiB4bWxucz0iaHR0cDovL3d3dy53My5vcmcvMjAwMC9zdmciPjwvc3ZnPg==\" class=\"lazyload\" style=\"--smush-placeholder-width: 810px; --smush-placeholder-aspect-ratio: 810\/300;\"><\/p>\n<p>&nbsp;<\/p>\n","protected":false},"excerpt":{"rendered":"<p>La Comisi\u00f3n de Desarrollo de la Iglesia Meserete Kristos (MKC-DC por sus siglas en ingl\u00e9s), con el apoyo financiero del CCM-Etiop\u00eda, lanz\u00f3 un proyecto para la consolidaci\u00f3n de la paz en las cuatro zonas del estado regional del sur de Etiop\u00eda a finales de 2023.&nbsp; El proyecto tiene como objetivo sanar las experiencias traum\u00e1ticas de [&hellip;]<\/p>\n","protected":false},"author":1,"featured_media":97834,"comment_status":"closed","ping_status":"closed","sticky":false,"template":"","format":"standard","meta":{"_acf_changed":false,"footnotes":""},"categories":[6],"tags":[],"network":[],"eventcategory":[],"class_list":["post-9447","post","type-post","status-publish","format-standard","has-post-thumbnail","hentry","category-sin-categorizar"],"acf":[],"yoast_head":"<!-- This site is optimized with the Yoast SEO plugin v27.2 - https:\/\/yoast.com\/product\/yoast-seo-wordpress\/ -->\n<title>No nos hubi\u00e9semos matado - Mennonite World Conference<\/title>\n<meta name=\"robots\" content=\"index, follow, max-snippet:-1, max-image-preview:large, max-video-preview:-1\" \/>\n<link rel=\"canonical\" href=\"https:\/\/mwc-cmm.org\/es\/stories\/no-nos-hubiesemos-matado\/\" \/>\n<meta property=\"og:locale\" content=\"es_ES\" \/>\n<meta property=\"og:type\" content=\"article\" \/>\n<meta property=\"og:title\" content=\"No nos hubi\u00e9semos matado - Mennonite World Conference\" \/>\n<meta property=\"og:description\" content=\"La Comisi\u00f3n de Desarrollo de la Iglesia Meserete Kristos (MKC-DC por sus siglas en ingl\u00e9s), con el apoyo financiero del CCM-Etiop\u00eda, lanz\u00f3 un proyecto para la consolidaci\u00f3n de la paz en las cuatro zonas del estado regional del sur de Etiop\u00eda a finales de 2023.&nbsp; El proyecto tiene como objetivo sanar las experiencias traum\u00e1ticas de [&hellip;]\" \/>\n<meta property=\"og:url\" content=\"https:\/\/mwc-cmm.org\/es\/stories\/no-nos-hubiesemos-matado\/\" \/>\n<meta property=\"og:site_name\" content=\"Mennonite World Conference\" \/>\n<meta property=\"article:publisher\" content=\"https:\/\/www.facebook.com\/MennoniteWorldConference\" \/>\n<meta property=\"article:published_time\" content=\"2024-02-19T00:00:00+00:00\" \/>\n<meta property=\"article:modified_time\" content=\"2024-12-10T18:06:24+00:00\" \/>\n<meta property=\"og:image\" content=\"https:\/\/mwc-cmm.org\/wp-content\/uploads\/2024\/11\/photo_2024-01-02_17-01-56.jpg\" \/>\n\t<meta property=\"og:image:width\" content=\"1280\" \/>\n\t<meta property=\"og:image:height\" content=\"576\" \/>\n\t<meta property=\"og:image:type\" content=\"image\/jpeg\" \/>\n<meta name=\"author\" content=\"mennworldcon\" \/>\n<script type=\"application\/ld+json\" class=\"yoast-schema-graph\">{\"@context\":\"https:\/\/schema.org\",\"@graph\":[{\"@type\":\"Article\",\"@id\":\"https:\/\/mwc-cmm.org\/es\/stories\/no-nos-hubiesemos-matado\/#article\",\"isPartOf\":{\"@id\":\"https:\/\/mwc-cmm.org\/es\/stories\/no-nos-hubiesemos-matado\/\"},\"author\":{\"name\":\"mennworldcon\",\"@id\":\"https:\/\/mwc-cmm.org\/en\/#\/schema\/person\/11f6ae0d7d1868ba20a1cc27f067c836\"},\"headline\":\"No nos hubi\u00e9semos matado\",\"datePublished\":\"2024-02-19T00:00:00+00:00\",\"dateModified\":\"2024-12-10T18:06:24+00:00\",\"mainEntityOfPage\":{\"@id\":\"https:\/\/mwc-cmm.org\/es\/stories\/no-nos-hubiesemos-matado\/\"},\"wordCount\":356,\"publisher\":{\"@id\":\"https:\/\/mwc-cmm.org\/en\/#organization\"},\"image\":{\"@id\":\"https:\/\/mwc-cmm.org\/es\/stories\/no-nos-hubiesemos-matado\/#primaryimage\"},\"thumbnailUrl\":\"https:\/\/mwc-cmm.org\/wp-content\/uploads\/2024\/11\/photo_2024-01-02_17-01-56.jpg\",\"articleSection\":[\"Sin categorizar\"],\"inLanguage\":\"es\"},{\"@type\":\"WebPage\",\"@id\":\"https:\/\/mwc-cmm.org\/es\/stories\/no-nos-hubiesemos-matado\/\",\"url\":\"https:\/\/mwc-cmm.org\/es\/stories\/no-nos-hubiesemos-matado\/\",\"name\":\"No nos hubi\u00e9semos matado - Mennonite World Conference\",\"isPartOf\":{\"@id\":\"https:\/\/mwc-cmm.org\/en\/#website\"},\"primaryImageOfPage\":{\"@id\":\"https:\/\/mwc-cmm.org\/es\/stories\/no-nos-hubiesemos-matado\/#primaryimage\"},\"image\":{\"@id\":\"https:\/\/mwc-cmm.org\/es\/stories\/no-nos-hubiesemos-matado\/#primaryimage\"},\"thumbnailUrl\":\"https:\/\/mwc-cmm.org\/wp-content\/uploads\/2024\/11\/photo_2024-01-02_17-01-56.jpg\",\"datePublished\":\"2024-02-19T00:00:00+00:00\",\"dateModified\":\"2024-12-10T18:06:24+00:00\",\"breadcrumb\":{\"@id\":\"https:\/\/mwc-cmm.org\/es\/stories\/no-nos-hubiesemos-matado\/#breadcrumb\"},\"inLanguage\":\"es\",\"potentialAction\":[{\"@type\":\"ReadAction\",\"target\":[\"https:\/\/mwc-cmm.org\/es\/stories\/no-nos-hubiesemos-matado\/\"]}]},{\"@type\":\"ImageObject\",\"inLanguage\":\"es\",\"@id\":\"https:\/\/mwc-cmm.org\/es\/stories\/no-nos-hubiesemos-matado\/#primaryimage\",\"url\":\"https:\/\/mwc-cmm.org\/wp-content\/uploads\/2024\/11\/photo_2024-01-02_17-01-56.jpg\",\"contentUrl\":\"https:\/\/mwc-cmm.org\/wp-content\/uploads\/2024\/11\/photo_2024-01-02_17-01-56.jpg\",\"width\":1280,\"height\":576},{\"@type\":\"BreadcrumbList\",\"@id\":\"https:\/\/mwc-cmm.org\/es\/stories\/no-nos-hubiesemos-matado\/#breadcrumb\",\"itemListElement\":[{\"@type\":\"ListItem\",\"position\":1,\"name\":\"Home\",\"item\":\"https:\/\/mwc-cmm.org\/es\/\"},{\"@type\":\"ListItem\",\"position\":2,\"name\":\"No nos hubi\u00e9semos matado\"}]},{\"@type\":\"WebSite\",\"@id\":\"https:\/\/mwc-cmm.org\/en\/#website\",\"url\":\"https:\/\/mwc-cmm.org\/en\/\",\"name\":\"Mennonite World Conference\",\"description\":\"A communion of Anabaptist-related churches\",\"publisher\":{\"@id\":\"https:\/\/mwc-cmm.org\/en\/#organization\"},\"alternateName\":\"MWC\",\"potentialAction\":[{\"@type\":\"SearchAction\",\"target\":{\"@type\":\"EntryPoint\",\"urlTemplate\":\"https:\/\/mwc-cmm.org\/en\/?s={search_term_string}\"},\"query-input\":{\"@type\":\"PropertyValueSpecification\",\"valueRequired\":true,\"valueName\":\"search_term_string\"}}],\"inLanguage\":\"es\"},{\"@type\":\"Organization\",\"@id\":\"https:\/\/mwc-cmm.org\/en\/#organization\",\"name\":\"Mennonite World Conference\",\"alternateName\":\"MWC\",\"url\":\"https:\/\/mwc-cmm.org\/en\/\",\"logo\":{\"@type\":\"ImageObject\",\"inLanguage\":\"es\",\"@id\":\"https:\/\/mwc-cmm.org\/en\/#\/schema\/logo\/image\/\",\"url\":\"https:\/\/mwc-cmm.org\/wp-content\/uploads\/2026\/01\/MWC_Sig_Blue_Horiz_webheader1-logo.svg\",\"contentUrl\":\"https:\/\/mwc-cmm.org\/wp-content\/uploads\/2026\/01\/MWC_Sig_Blue_Horiz_webheader1-logo.svg\",\"width\":786,\"height\":82,\"caption\":\"Mennonite World Conference\"},\"image\":{\"@id\":\"https:\/\/mwc-cmm.org\/en\/#\/schema\/logo\/image\/\"},\"sameAs\":[\"https:\/\/www.facebook.com\/MennoniteWorldConference\",\"https:\/\/www.linkedin.com\/company\/mennonite-world-conference-mwc\/\",\"https:\/\/www.instagram.com\/mwcmm\/\",\"https:\/\/www.youtube.com\/user\/mwccmm\",\"https:\/\/bsky.app\/profile\/mwcmm.bsky.social\"]},{\"@type\":\"Person\",\"@id\":\"https:\/\/mwc-cmm.org\/en\/#\/schema\/person\/11f6ae0d7d1868ba20a1cc27f067c836\",\"name\":\"mennworldcon\",\"image\":{\"@type\":\"ImageObject\",\"inLanguage\":\"es\",\"@id\":\"https:\/\/secure.gravatar.com\/avatar\/06fdc0dc81c157dfdb82ec42f252178a22307808988d22c043f9eb96f1e0fe80?s=96&d=mm&r=g\",\"url\":\"https:\/\/secure.gravatar.com\/avatar\/06fdc0dc81c157dfdb82ec42f252178a22307808988d22c043f9eb96f1e0fe80?s=96&d=mm&r=g\",\"contentUrl\":\"https:\/\/secure.gravatar.com\/avatar\/06fdc0dc81c157dfdb82ec42f252178a22307808988d22c043f9eb96f1e0fe80?s=96&d=mm&r=g\",\"caption\":\"mennworldcon\"},\"sameAs\":[\"https:\/\/mwc-cmm.org\"],\"url\":\"https:\/\/mwc-cmm.org\/es\/stories\/author\/mennworldcon\/\"}]}<\/script>\n<!-- \/ Yoast SEO plugin. -->","yoast_head_json":{"title":"No nos hubi\u00e9semos matado - Mennonite World Conference","robots":{"index":"index","follow":"follow","max-snippet":"max-snippet:-1","max-image-preview":"max-image-preview:large","max-video-preview":"max-video-preview:-1"},"canonical":"https:\/\/mwc-cmm.org\/es\/stories\/no-nos-hubiesemos-matado\/","og_locale":"es_ES","og_type":"article","og_title":"No nos hubi\u00e9semos matado - Mennonite World Conference","og_description":"La Comisi\u00f3n de Desarrollo de la Iglesia Meserete Kristos (MKC-DC por sus siglas en ingl\u00e9s), con el apoyo financiero del CCM-Etiop\u00eda, lanz\u00f3 un proyecto para la consolidaci\u00f3n de la paz en las cuatro zonas del estado regional del sur de Etiop\u00eda a finales de 2023.&nbsp; El proyecto tiene como objetivo sanar las experiencias traum\u00e1ticas de [&hellip;]","og_url":"https:\/\/mwc-cmm.org\/es\/stories\/no-nos-hubiesemos-matado\/","og_site_name":"Mennonite World Conference","article_publisher":"https:\/\/www.facebook.com\/MennoniteWorldConference","article_published_time":"2024-02-19T00:00:00+00:00","article_modified_time":"2024-12-10T18:06:24+00:00","og_image":[{"width":1280,"height":576,"url":"https:\/\/mwc-cmm.org\/wp-content\/uploads\/2024\/11\/photo_2024-01-02_17-01-56.jpg","type":"image\/jpeg"}],"author":"mennworldcon","schema":{"@context":"https:\/\/schema.org","@graph":[{"@type":"Article","@id":"https:\/\/mwc-cmm.org\/es\/stories\/no-nos-hubiesemos-matado\/#article","isPartOf":{"@id":"https:\/\/mwc-cmm.org\/es\/stories\/no-nos-hubiesemos-matado\/"},"author":{"name":"mennworldcon","@id":"https:\/\/mwc-cmm.org\/en\/#\/schema\/person\/11f6ae0d7d1868ba20a1cc27f067c836"},"headline":"No nos hubi\u00e9semos matado","datePublished":"2024-02-19T00:00:00+00:00","dateModified":"2024-12-10T18:06:24+00:00","mainEntityOfPage":{"@id":"https:\/\/mwc-cmm.org\/es\/stories\/no-nos-hubiesemos-matado\/"},"wordCount":356,"publisher":{"@id":"https:\/\/mwc-cmm.org\/en\/#organization"},"image":{"@id":"https:\/\/mwc-cmm.org\/es\/stories\/no-nos-hubiesemos-matado\/#primaryimage"},"thumbnailUrl":"https:\/\/mwc-cmm.org\/wp-content\/uploads\/2024\/11\/photo_2024-01-02_17-01-56.jpg","articleSection":["Sin categorizar"],"inLanguage":"es"},{"@type":"WebPage","@id":"https:\/\/mwc-cmm.org\/es\/stories\/no-nos-hubiesemos-matado\/","url":"https:\/\/mwc-cmm.org\/es\/stories\/no-nos-hubiesemos-matado\/","name":"No nos hubi\u00e9semos matado - Mennonite World Conference","isPartOf":{"@id":"https:\/\/mwc-cmm.org\/en\/#website"},"primaryImageOfPage":{"@id":"https:\/\/mwc-cmm.org\/es\/stories\/no-nos-hubiesemos-matado\/#primaryimage"},"image":{"@id":"https:\/\/mwc-cmm.org\/es\/stories\/no-nos-hubiesemos-matado\/#primaryimage"},"thumbnailUrl":"https:\/\/mwc-cmm.org\/wp-content\/uploads\/2024\/11\/photo_2024-01-02_17-01-56.jpg","datePublished":"2024-02-19T00:00:00+00:00","dateModified":"2024-12-10T18:06:24+00:00","breadcrumb":{"@id":"https:\/\/mwc-cmm.org\/es\/stories\/no-nos-hubiesemos-matado\/#breadcrumb"},"inLanguage":"es","potentialAction":[{"@type":"ReadAction","target":["https:\/\/mwc-cmm.org\/es\/stories\/no-nos-hubiesemos-matado\/"]}]},{"@type":"ImageObject","inLanguage":"es","@id":"https:\/\/mwc-cmm.org\/es\/stories\/no-nos-hubiesemos-matado\/#primaryimage","url":"https:\/\/mwc-cmm.org\/wp-content\/uploads\/2024\/11\/photo_2024-01-02_17-01-56.jpg","contentUrl":"https:\/\/mwc-cmm.org\/wp-content\/uploads\/2024\/11\/photo_2024-01-02_17-01-56.jpg","width":1280,"height":576},{"@type":"BreadcrumbList","@id":"https:\/\/mwc-cmm.org\/es\/stories\/no-nos-hubiesemos-matado\/#breadcrumb","itemListElement":[{"@type":"ListItem","position":1,"name":"Home","item":"https:\/\/mwc-cmm.org\/es\/"},{"@type":"ListItem","position":2,"name":"No nos hubi\u00e9semos matado"}]},{"@type":"WebSite","@id":"https:\/\/mwc-cmm.org\/en\/#website","url":"https:\/\/mwc-cmm.org\/en\/","name":"Mennonite World Conference","description":"A communion of Anabaptist-related churches","publisher":{"@id":"https:\/\/mwc-cmm.org\/en\/#organization"},"alternateName":"MWC","potentialAction":[{"@type":"SearchAction","target":{"@type":"EntryPoint","urlTemplate":"https:\/\/mwc-cmm.org\/en\/?s={search_term_string}"},"query-input":{"@type":"PropertyValueSpecification","valueRequired":true,"valueName":"search_term_string"}}],"inLanguage":"es"},{"@type":"Organization","@id":"https:\/\/mwc-cmm.org\/en\/#organization","name":"Mennonite World Conference","alternateName":"MWC","url":"https:\/\/mwc-cmm.org\/en\/","logo":{"@type":"ImageObject","inLanguage":"es","@id":"https:\/\/mwc-cmm.org\/en\/#\/schema\/logo\/image\/","url":"https:\/\/mwc-cmm.org\/wp-content\/uploads\/2026\/01\/MWC_Sig_Blue_Horiz_webheader1-logo.svg","contentUrl":"https:\/\/mwc-cmm.org\/wp-content\/uploads\/2026\/01\/MWC_Sig_Blue_Horiz_webheader1-logo.svg","width":786,"height":82,"caption":"Mennonite World Conference"},"image":{"@id":"https:\/\/mwc-cmm.org\/en\/#\/schema\/logo\/image\/"},"sameAs":["https:\/\/www.facebook.com\/MennoniteWorldConference","https:\/\/www.linkedin.com\/company\/mennonite-world-conference-mwc\/","https:\/\/www.instagram.com\/mwcmm\/","https:\/\/www.youtube.com\/user\/mwccmm","https:\/\/bsky.app\/profile\/mwcmm.bsky.social"]},{"@type":"Person","@id":"https:\/\/mwc-cmm.org\/en\/#\/schema\/person\/11f6ae0d7d1868ba20a1cc27f067c836","name":"mennworldcon","image":{"@type":"ImageObject","inLanguage":"es","@id":"https:\/\/secure.gravatar.com\/avatar\/06fdc0dc81c157dfdb82ec42f252178a22307808988d22c043f9eb96f1e0fe80?s=96&d=mm&r=g","url":"https:\/\/secure.gravatar.com\/avatar\/06fdc0dc81c157dfdb82ec42f252178a22307808988d22c043f9eb96f1e0fe80?s=96&d=mm&r=g","contentUrl":"https:\/\/secure.gravatar.com\/avatar\/06fdc0dc81c157dfdb82ec42f252178a22307808988d22c043f9eb96f1e0fe80?s=96&d=mm&r=g","caption":"mennworldcon"},"sameAs":["https:\/\/mwc-cmm.org"],"url":"https:\/\/mwc-cmm.org\/es\/stories\/author\/mennworldcon\/"}]}},"_links":{"self":[{"href":"https:\/\/mwc-cmm.org\/es\/wp-json\/wp\/v2\/posts\/9447","targetHints":{"allow":["GET"]}}],"collection":[{"href":"https:\/\/mwc-cmm.org\/es\/wp-json\/wp\/v2\/posts"}],"about":[{"href":"https:\/\/mwc-cmm.org\/es\/wp-json\/wp\/v2\/types\/post"}],"author":[{"embeddable":true,"href":"https:\/\/mwc-cmm.org\/es\/wp-json\/wp\/v2\/users\/1"}],"replies":[{"embeddable":true,"href":"https:\/\/mwc-cmm.org\/es\/wp-json\/wp\/v2\/comments?post=9447"}],"version-history":[{"count":0,"href":"https:\/\/mwc-cmm.org\/es\/wp-json\/wp\/v2\/posts\/9447\/revisions"}],"wp:featuredmedia":[{"embeddable":true,"href":"https:\/\/mwc-cmm.org\/es\/wp-json\/wp\/v2\/media\/97834"}],"wp:attachment":[{"href":"https:\/\/mwc-cmm.org\/es\/wp-json\/wp\/v2\/media?parent=9447"}],"wp:term":[{"taxonomy":"category","embeddable":true,"href":"https:\/\/mwc-cmm.org\/es\/wp-json\/wp\/v2\/categories?post=9447"},{"taxonomy":"post_tag","embeddable":true,"href":"https:\/\/mwc-cmm.org\/es\/wp-json\/wp\/v2\/tags?post=9447"},{"taxonomy":"network","embeddable":true,"href":"https:\/\/mwc-cmm.org\/es\/wp-json\/wp\/v2\/network?post=9447"},{"taxonomy":"eventcategory","embeddable":true,"href":"https:\/\/mwc-cmm.org\/es\/wp-json\/wp\/v2\/eventcategory?post=9447"}],"curies":[{"name":"wp","href":"https:\/\/api.w.org\/{rel}","templated":true}]}}