{"id":9439,"date":"2024-01-11T00:00:00","date_gmt":"2024-01-11T00:00:00","guid":{"rendered":"https:\/\/mwc-cmm.org\/a-jar-of-clay-in-gods-hands-2\/"},"modified":"2024-12-10T18:06:20","modified_gmt":"2024-12-10T18:06:20","slug":"una-vasija-de-barro-en-manos-de-dios","status":"publish","type":"post","link":"https:\/\/mwc-cmm.org\/es\/stories\/una-vasija-de-barro-en-manos-de-dios\/","title":{"rendered":"Una vasija de barro en manos de Dios"},"content":{"rendered":"<h2>Brasil<\/h2>\n<p>A veces, discutir temas dif\u00edciles no es una opci\u00f3n. Surgen conflictos, pero podemos construir algo nuevo en lugar de hacer a\u00f1icos lo viejo.&nbsp;<\/p>\n<p>En 2011, la Convenci\u00f3n Brasile\u00f1a de Iglesia Evang\u00e9licas Hermanos Menonitas (COBIM, por sus siglas en portugu\u00e9s) se enfrent\u00f3 a conversaciones dif\u00edciles. Dios hab\u00eda acercado l\u00edderes de otras denominaciones a COBIM. Hab\u00eda que aprender a manejar estas diferencias. El liderazgo tradicional de los Hermanos Menonitas no hab\u00eda pensado incorporar a estos pastores de diferentes trasfondos; ciertamente ellos no hab\u00edan pensado convertirse en Hermanos Menonitas (HM).&nbsp;<\/p>\n<p>Yo fui una de dichas personas. Como pastor de las Asambleas de Dios, prediqu\u00e9 una vez en una iglesia de los Hermanos Menonitas y jur\u00e9 no volver a hacerlo.&nbsp;<\/p>\n<p>Pero despu\u00e9s de mudarme a un suburbio de Curitiba en 2006, varias inspiraciones del Esp\u00edritu Santo me llevaron a una iglesia de los Hermanos Menonitas una y otra vez. Despu\u00e9s de participar unos meses y hacerme miembro de la iglesia en octubre de 2007, el pastor nos invit\u00f3 a m\u00ed y a mi esposa al ministerio pastoral.&nbsp;<\/p>\n<p>Dios estaba haciendo cosas muy grandes en esa congregaci\u00f3n. Lo que hac\u00eda localmente comenz\u00f3 a extenderse a la iglesia nacional.&nbsp;<\/p>\n<p>Cuando nos reun\u00edamos en los congresos, ve\u00edamos las diferencias en la forma de adorar, de orar, de predicar. Hab\u00eda diferencias culturales entre alemanes y portugueses; entre una cultura individualista y una cultura colectiva. Estas diferencias eran evidentes.&nbsp;<\/p>\n<p>\u00bfQui\u00e9n ten\u00eda raz\u00f3n? \u00bfLas personas m\u00e1s tradicionales o las m\u00e1s pentecostales?&nbsp;<\/p>\n<p>Dios, que todo lo ve, dijo: \u201cMezclar\u00e9 estos dos grupos. Queremos construir algo nuevo donde nadie tenga raz\u00f3n ni se equivoque, sino que ambos tengan raz\u00f3n y ambos se equivoquen y los unamos\u201d.&nbsp;<\/p>\n<p>Decidimos forjar un camino m\u00e1s amplio donde pudieran convivir lo tradicional y lo m\u00e1s carism\u00e1tico. Donde ambos pudieran respetarse y ense\u00f1arse, donde nos complement\u00e1ramos.&nbsp;<\/p>\n<p>La gente pentecostal que se ha introducido en la cultura anabautista, tiene que aprender de dicho movimiento anabautista. Pero tambi\u00e9n tenemos que compartir lo que hemos recibido.&nbsp;<\/p>\n<p>Se necesitan muchas conversaciones.&nbsp;<\/p>\n<p>Se\u00f1alamos una cara. Mostramos la otra cara. Definimos nuestros l\u00edmites para poder cooperar. &nbsp;<\/p>\n<p>Quer\u00edamos que nuestras fortalezas convergieran, no que hubiera luchas o tensiones de poder. &nbsp;<\/p>\n<p>Atravesamos muchos momentos dif\u00edciles.&nbsp;<\/p>\n<p>Varias veces me han tocado el hombro para preguntarme: \u201c\u00bfCu\u00e1nto tiempo m\u00e1s te quedar\u00e1s aqu\u00ed?\u201d Me daban a entender que deb\u00eda irme con mi \u2018diferencia\u2019 a otra parte.&nbsp;<\/p>\n<p>En otra ocasi\u00f3n, en un congreso de pastores, algunos tomaban a la ligera la obra del Esp\u00edritu Santo y c\u00f3mo la gente reacciona con emoci\u00f3n. Me entristec\u00eda que hicieran bromas sobre algo tan serio.&nbsp;<\/p>\n<p>Pero sent\u00ed que el Se\u00f1or me llamaba a ser paciente. Dios iba a hacer algo nuevo. Si la gente no estaba dispuesta a cambiar, Dios se encargar\u00eda de ello.&nbsp;<\/p>\n<p>Durante el per\u00edodo siguiente, los l\u00edderes que m\u00e1s se hab\u00edan resistido al cambio abandonaron la iglesia de los HM por diversas razones.&nbsp;<\/p>\n<p>Estas personas no eran l\u00edderes malos ni pecadores. Simplemente no pod\u00edan apreciar lo que Dios quer\u00eda hacer. Sus convicciones basadas en su trasfondo y lo que hab\u00edan aprendido, eran m\u00e1s fuertes que lo que el Se\u00f1or deseaba hacer.&nbsp;<\/p>\n<p>Pienso en cuando el Esp\u00edritu descendi\u00f3 sobre los gentiles. Los l\u00edderes no entend\u00edan por qu\u00e9 Dios se acercar\u00eda a los gentiles. Pero estaban dispuestos a entender que el Se\u00f1or estaba haciendo algo nuevo, construyendo una \u201cvasija\u201d de bendici\u00f3n de la \u201carcilla\u201d mezclada de jud\u00edos y gentiles con el agua del Esp\u00edritu Santo.&nbsp;<\/p>\n<p>En la COBIM, Dios me proporcion\u00f3 un \u201cBernab\u00e9\u201d, llamado Paul. \u00c9l es un Hermano Menonita \u201ctradicional\u201d, con un padre de Rusia y una madre que estudi\u00f3 en Goshen College, EE.UU.&nbsp;<\/p>\n<p>Tras una carrera en comercio internacional \u2013que le abri\u00f3 los ojos a diferentes maneras de hacer las cosas\u2013 empez\u00f3 a participar en el liderazgo de la iglesia. Su formaci\u00f3n le permite, en cierto sentido, \u201cinterpretar\u201d el movimiento carism\u00e1tico en el \u00e1mbito de la cultura anabautista. La gente necesita un puente; las nuevas modalidades no se descargan as\u00ed nom\u00e1s.&nbsp;<\/p>\n<p>Cuando aprendemos a vivir con la diferencia, oramos unos por otros. Esto muestra una actitud de tu coraz\u00f3n.&nbsp;<\/p>\n<p>He aprendido mucho estudiando la historia anabautista. A trav\u00e9s de los Hermanos Menonitas tradicionales, Dios me condujo a su Palabra. Cuando comparto una palabra prof\u00e9tica, est\u00e1 basada en las Escrituras y en el discernimiento conjunto.&nbsp;<\/p>\n<p>Paso a paso, dos grupos muy diferentes en la COBIM asumimos nuestras diferencias y avanzamos sin problemas. Podr\u00edamos polarizar en absolutos de blanco y negro, o podemos forjar un camino en el que entendamos que, si uno puede dar este paso, el otro puede dar ese paso, y podemos ir juntos.&nbsp;<\/p>\n<p>\u201cTodos tenemos nuestros propios trasfondos, dice Paul, pero cuando somos receptivos, Dios nos muestra las cosas a trav\u00e9s de las Escrituras y de la experiencia\u201d.&nbsp;<\/p>\n<p>En el pasado, el choque de culturas era un obst\u00e1culo. Ahora, cuando tenemos problemas no nos vamos cada uno por su lado, sino que nos sentamos juntos. Debemos tener la disposici\u00f3n para comprender que Dios obra de diferentes maneras (v\u00e9ase, por ejemplo, las tres pr\u00e1cticas de Larry Miller para construir la comuni\u00f3n).&nbsp;<\/p>\n<p>\u00bfQu\u00e9 hizo Dios con el conflicto en la COBIM? Dios facilit\u00f3 que algunos l\u00edderes carism\u00e1ticos tuvieran el coraz\u00f3n abierto para escuchar y aprender. Dios propici\u00f3 que los Hermanos Menonitas tradicionales tuvieran el coraz\u00f3n abierto para escuchar y amar. Dios nos uni\u00f3 para que el reino de Dios se multiplicara, en Brasil y en el mundo.&nbsp;<\/p>\n<p><em>\u2014Reginaldo Valim, pastor de la Igreja Evang\u00e9lica Irm\u00e3os Menonitas (Hermanos Menonitas) de Campo Grande MS, Brasil.&nbsp;<\/em><\/p>\n<hr>\n<p><a href=\"https:\/\/mwc-cmm.org\/es\/resources\/correo-2023-4-octubre\"><img decoding=\"async\" alt=\"Correo 38.4\" height=\"75\" data-src=\"\/sites\/default\/files\/website_files_2020\/button_ccc_october_2023-01.jpg\" style=\"--smush-placeholder-width: 825px; --smush-placeholder-aspect-ratio: 825\/75;float:left\" width=\"825\" src=\"data:image\/svg+xml;base64,PHN2ZyB3aWR0aD0iMSIgaGVpZ2h0PSIxIiB4bWxucz0iaHR0cDovL3d3dy53My5vcmcvMjAwMC9zdmciPjwvc3ZnPg==\" class=\"lazyload\"><\/a><\/p>\n","protected":false},"excerpt":{"rendered":"<p>Brasil A veces, discutir temas dif\u00edciles no es una opci\u00f3n. Surgen conflictos, pero podemos construir algo nuevo en lugar de hacer a\u00f1icos lo viejo.&nbsp; En 2011, la Convenci\u00f3n Brasile\u00f1a de Iglesia Evang\u00e9licas Hermanos Menonitas (COBIM, por sus siglas en portugu\u00e9s) se enfrent\u00f3 a conversaciones dif\u00edciles. Dios hab\u00eda acercado l\u00edderes de otras denominaciones a COBIM. Hab\u00eda [&hellip;]<\/p>\n","protected":false},"author":1,"featured_media":97736,"comment_status":"closed","ping_status":"closed","sticky":false,"template":"","format":"standard","meta":{"_acf_changed":false,"footnotes":""},"categories":[6],"tags":[],"network":[1306],"eventcategory":[],"class_list":["post-9439","post","type-post","status-publish","format-standard","has-post-thumbnail","hentry","category-sin-categorizar","network-courier-es"],"acf":[],"yoast_head":"<!-- This site is optimized with the Yoast SEO plugin v27.2 - https:\/\/yoast.com\/product\/yoast-seo-wordpress\/ -->\n<title>Una vasija de barro en manos de Dios - Mennonite World Conference<\/title>\n<meta name=\"robots\" content=\"index, follow, max-snippet:-1, max-image-preview:large, max-video-preview:-1\" \/>\n<link rel=\"canonical\" href=\"https:\/\/mwc-cmm.org\/es\/stories\/una-vasija-de-barro-en-manos-de-dios\/\" \/>\n<meta property=\"og:locale\" content=\"es_ES\" \/>\n<meta property=\"og:type\" content=\"article\" \/>\n<meta property=\"og:title\" content=\"Una vasija de barro en manos de Dios - Mennonite World Conference\" \/>\n<meta property=\"og:description\" content=\"Brasil A veces, discutir temas dif\u00edciles no es una opci\u00f3n. Surgen conflictos, pero podemos construir algo nuevo en lugar de hacer a\u00f1icos lo viejo.&nbsp; En 2011, la Convenci\u00f3n Brasile\u00f1a de Iglesia Evang\u00e9licas Hermanos Menonitas (COBIM, por sus siglas en portugu\u00e9s) se enfrent\u00f3 a conversaciones dif\u00edciles. Dios hab\u00eda acercado l\u00edderes de otras denominaciones a COBIM. Hab\u00eda [&hellip;]\" \/>\n<meta property=\"og:url\" content=\"https:\/\/mwc-cmm.org\/es\/stories\/una-vasija-de-barro-en-manos-de-dios\/\" \/>\n<meta property=\"og:site_name\" content=\"Mennonite World Conference\" \/>\n<meta property=\"article:publisher\" content=\"https:\/\/www.facebook.com\/MennoniteWorldConference\" \/>\n<meta property=\"article:published_time\" content=\"2024-01-11T00:00:00+00:00\" \/>\n<meta property=\"article:modified_time\" content=\"2024-12-10T18:06:20+00:00\" \/>\n<meta property=\"og:image\" content=\"https:\/\/mwc-cmm.org\/wp-content\/uploads\/2024\/11\/32936178434_d503c88e6d_c.jpg\" \/>\n\t<meta property=\"og:image:width\" content=\"799\" \/>\n\t<meta property=\"og:image:height\" content=\"533\" \/>\n\t<meta property=\"og:image:type\" content=\"image\/jpeg\" \/>\n<meta name=\"author\" content=\"mennworldcon\" \/>\n<script type=\"application\/ld+json\" class=\"yoast-schema-graph\">{\"@context\":\"https:\/\/schema.org\",\"@graph\":[{\"@type\":\"Article\",\"@id\":\"https:\/\/mwc-cmm.org\/es\/stories\/una-vasija-de-barro-en-manos-de-dios\/#article\",\"isPartOf\":{\"@id\":\"https:\/\/mwc-cmm.org\/es\/stories\/una-vasija-de-barro-en-manos-de-dios\/\"},\"author\":{\"name\":\"mennworldcon\",\"@id\":\"https:\/\/mwc-cmm.org\/en\/#\/schema\/person\/11f6ae0d7d1868ba20a1cc27f067c836\"},\"headline\":\"Una vasija de barro en manos de Dios\",\"datePublished\":\"2024-01-11T00:00:00+00:00\",\"dateModified\":\"2024-12-10T18:06:20+00:00\",\"mainEntityOfPage\":{\"@id\":\"https:\/\/mwc-cmm.org\/es\/stories\/una-vasija-de-barro-en-manos-de-dios\/\"},\"wordCount\":1024,\"publisher\":{\"@id\":\"https:\/\/mwc-cmm.org\/en\/#organization\"},\"image\":{\"@id\":\"https:\/\/mwc-cmm.org\/es\/stories\/una-vasija-de-barro-en-manos-de-dios\/#primaryimage\"},\"thumbnailUrl\":\"https:\/\/mwc-cmm.org\/wp-content\/uploads\/2024\/11\/32936178434_d503c88e6d_c.jpg\",\"articleSection\":[\"Sin categorizar\"],\"inLanguage\":\"es\"},{\"@type\":\"WebPage\",\"@id\":\"https:\/\/mwc-cmm.org\/es\/stories\/una-vasija-de-barro-en-manos-de-dios\/\",\"url\":\"https:\/\/mwc-cmm.org\/es\/stories\/una-vasija-de-barro-en-manos-de-dios\/\",\"name\":\"Una vasija de barro en manos de Dios - Mennonite World Conference\",\"isPartOf\":{\"@id\":\"https:\/\/mwc-cmm.org\/en\/#website\"},\"primaryImageOfPage\":{\"@id\":\"https:\/\/mwc-cmm.org\/es\/stories\/una-vasija-de-barro-en-manos-de-dios\/#primaryimage\"},\"image\":{\"@id\":\"https:\/\/mwc-cmm.org\/es\/stories\/una-vasija-de-barro-en-manos-de-dios\/#primaryimage\"},\"thumbnailUrl\":\"https:\/\/mwc-cmm.org\/wp-content\/uploads\/2024\/11\/32936178434_d503c88e6d_c.jpg\",\"datePublished\":\"2024-01-11T00:00:00+00:00\",\"dateModified\":\"2024-12-10T18:06:20+00:00\",\"breadcrumb\":{\"@id\":\"https:\/\/mwc-cmm.org\/es\/stories\/una-vasija-de-barro-en-manos-de-dios\/#breadcrumb\"},\"inLanguage\":\"es\",\"potentialAction\":[{\"@type\":\"ReadAction\",\"target\":[\"https:\/\/mwc-cmm.org\/es\/stories\/una-vasija-de-barro-en-manos-de-dios\/\"]}]},{\"@type\":\"ImageObject\",\"inLanguage\":\"es\",\"@id\":\"https:\/\/mwc-cmm.org\/es\/stories\/una-vasija-de-barro-en-manos-de-dios\/#primaryimage\",\"url\":\"https:\/\/mwc-cmm.org\/wp-content\/uploads\/2024\/11\/32936178434_d503c88e6d_c.jpg\",\"contentUrl\":\"https:\/\/mwc-cmm.org\/wp-content\/uploads\/2024\/11\/32936178434_d503c88e6d_c.jpg\",\"width\":799,\"height\":533},{\"@type\":\"BreadcrumbList\",\"@id\":\"https:\/\/mwc-cmm.org\/es\/stories\/una-vasija-de-barro-en-manos-de-dios\/#breadcrumb\",\"itemListElement\":[{\"@type\":\"ListItem\",\"position\":1,\"name\":\"Home\",\"item\":\"https:\/\/mwc-cmm.org\/es\/\"},{\"@type\":\"ListItem\",\"position\":2,\"name\":\"Una vasija de barro en manos de Dios\"}]},{\"@type\":\"WebSite\",\"@id\":\"https:\/\/mwc-cmm.org\/en\/#website\",\"url\":\"https:\/\/mwc-cmm.org\/en\/\",\"name\":\"Mennonite World Conference\",\"description\":\"A communion of Anabaptist-related churches\",\"publisher\":{\"@id\":\"https:\/\/mwc-cmm.org\/en\/#organization\"},\"alternateName\":\"MWC\",\"potentialAction\":[{\"@type\":\"SearchAction\",\"target\":{\"@type\":\"EntryPoint\",\"urlTemplate\":\"https:\/\/mwc-cmm.org\/en\/?s={search_term_string}\"},\"query-input\":{\"@type\":\"PropertyValueSpecification\",\"valueRequired\":true,\"valueName\":\"search_term_string\"}}],\"inLanguage\":\"es\"},{\"@type\":\"Organization\",\"@id\":\"https:\/\/mwc-cmm.org\/en\/#organization\",\"name\":\"Mennonite World Conference\",\"alternateName\":\"MWC\",\"url\":\"https:\/\/mwc-cmm.org\/en\/\",\"logo\":{\"@type\":\"ImageObject\",\"inLanguage\":\"es\",\"@id\":\"https:\/\/mwc-cmm.org\/en\/#\/schema\/logo\/image\/\",\"url\":\"https:\/\/mwc-cmm.org\/wp-content\/uploads\/2026\/01\/MWC_Sig_Blue_Horiz_webheader1-logo.svg\",\"contentUrl\":\"https:\/\/mwc-cmm.org\/wp-content\/uploads\/2026\/01\/MWC_Sig_Blue_Horiz_webheader1-logo.svg\",\"width\":786,\"height\":82,\"caption\":\"Mennonite World Conference\"},\"image\":{\"@id\":\"https:\/\/mwc-cmm.org\/en\/#\/schema\/logo\/image\/\"},\"sameAs\":[\"https:\/\/www.facebook.com\/MennoniteWorldConference\",\"https:\/\/www.linkedin.com\/company\/mennonite-world-conference-mwc\/\",\"https:\/\/www.instagram.com\/mwcmm\/\",\"https:\/\/www.youtube.com\/user\/mwccmm\",\"https:\/\/bsky.app\/profile\/mwcmm.bsky.social\"]},{\"@type\":\"Person\",\"@id\":\"https:\/\/mwc-cmm.org\/en\/#\/schema\/person\/11f6ae0d7d1868ba20a1cc27f067c836\",\"name\":\"mennworldcon\",\"image\":{\"@type\":\"ImageObject\",\"inLanguage\":\"es\",\"@id\":\"https:\/\/secure.gravatar.com\/avatar\/06fdc0dc81c157dfdb82ec42f252178a22307808988d22c043f9eb96f1e0fe80?s=96&d=mm&r=g\",\"url\":\"https:\/\/secure.gravatar.com\/avatar\/06fdc0dc81c157dfdb82ec42f252178a22307808988d22c043f9eb96f1e0fe80?s=96&d=mm&r=g\",\"contentUrl\":\"https:\/\/secure.gravatar.com\/avatar\/06fdc0dc81c157dfdb82ec42f252178a22307808988d22c043f9eb96f1e0fe80?s=96&d=mm&r=g\",\"caption\":\"mennworldcon\"},\"sameAs\":[\"https:\/\/mwc-cmm.org\"],\"url\":\"https:\/\/mwc-cmm.org\/es\/stories\/author\/mennworldcon\/\"}]}<\/script>\n<!-- \/ Yoast SEO plugin. -->","yoast_head_json":{"title":"Una vasija de barro en manos de Dios - Mennonite World Conference","robots":{"index":"index","follow":"follow","max-snippet":"max-snippet:-1","max-image-preview":"max-image-preview:large","max-video-preview":"max-video-preview:-1"},"canonical":"https:\/\/mwc-cmm.org\/es\/stories\/una-vasija-de-barro-en-manos-de-dios\/","og_locale":"es_ES","og_type":"article","og_title":"Una vasija de barro en manos de Dios - Mennonite World Conference","og_description":"Brasil A veces, discutir temas dif\u00edciles no es una opci\u00f3n. Surgen conflictos, pero podemos construir algo nuevo en lugar de hacer a\u00f1icos lo viejo.&nbsp; En 2011, la Convenci\u00f3n Brasile\u00f1a de Iglesia Evang\u00e9licas Hermanos Menonitas (COBIM, por sus siglas en portugu\u00e9s) se enfrent\u00f3 a conversaciones dif\u00edciles. Dios hab\u00eda acercado l\u00edderes de otras denominaciones a COBIM. Hab\u00eda [&hellip;]","og_url":"https:\/\/mwc-cmm.org\/es\/stories\/una-vasija-de-barro-en-manos-de-dios\/","og_site_name":"Mennonite World Conference","article_publisher":"https:\/\/www.facebook.com\/MennoniteWorldConference","article_published_time":"2024-01-11T00:00:00+00:00","article_modified_time":"2024-12-10T18:06:20+00:00","og_image":[{"width":799,"height":533,"url":"https:\/\/mwc-cmm.org\/wp-content\/uploads\/2024\/11\/32936178434_d503c88e6d_c.jpg","type":"image\/jpeg"}],"author":"mennworldcon","schema":{"@context":"https:\/\/schema.org","@graph":[{"@type":"Article","@id":"https:\/\/mwc-cmm.org\/es\/stories\/una-vasija-de-barro-en-manos-de-dios\/#article","isPartOf":{"@id":"https:\/\/mwc-cmm.org\/es\/stories\/una-vasija-de-barro-en-manos-de-dios\/"},"author":{"name":"mennworldcon","@id":"https:\/\/mwc-cmm.org\/en\/#\/schema\/person\/11f6ae0d7d1868ba20a1cc27f067c836"},"headline":"Una vasija de barro en manos de Dios","datePublished":"2024-01-11T00:00:00+00:00","dateModified":"2024-12-10T18:06:20+00:00","mainEntityOfPage":{"@id":"https:\/\/mwc-cmm.org\/es\/stories\/una-vasija-de-barro-en-manos-de-dios\/"},"wordCount":1024,"publisher":{"@id":"https:\/\/mwc-cmm.org\/en\/#organization"},"image":{"@id":"https:\/\/mwc-cmm.org\/es\/stories\/una-vasija-de-barro-en-manos-de-dios\/#primaryimage"},"thumbnailUrl":"https:\/\/mwc-cmm.org\/wp-content\/uploads\/2024\/11\/32936178434_d503c88e6d_c.jpg","articleSection":["Sin categorizar"],"inLanguage":"es"},{"@type":"WebPage","@id":"https:\/\/mwc-cmm.org\/es\/stories\/una-vasija-de-barro-en-manos-de-dios\/","url":"https:\/\/mwc-cmm.org\/es\/stories\/una-vasija-de-barro-en-manos-de-dios\/","name":"Una vasija de barro en manos de Dios - Mennonite World Conference","isPartOf":{"@id":"https:\/\/mwc-cmm.org\/en\/#website"},"primaryImageOfPage":{"@id":"https:\/\/mwc-cmm.org\/es\/stories\/una-vasija-de-barro-en-manos-de-dios\/#primaryimage"},"image":{"@id":"https:\/\/mwc-cmm.org\/es\/stories\/una-vasija-de-barro-en-manos-de-dios\/#primaryimage"},"thumbnailUrl":"https:\/\/mwc-cmm.org\/wp-content\/uploads\/2024\/11\/32936178434_d503c88e6d_c.jpg","datePublished":"2024-01-11T00:00:00+00:00","dateModified":"2024-12-10T18:06:20+00:00","breadcrumb":{"@id":"https:\/\/mwc-cmm.org\/es\/stories\/una-vasija-de-barro-en-manos-de-dios\/#breadcrumb"},"inLanguage":"es","potentialAction":[{"@type":"ReadAction","target":["https:\/\/mwc-cmm.org\/es\/stories\/una-vasija-de-barro-en-manos-de-dios\/"]}]},{"@type":"ImageObject","inLanguage":"es","@id":"https:\/\/mwc-cmm.org\/es\/stories\/una-vasija-de-barro-en-manos-de-dios\/#primaryimage","url":"https:\/\/mwc-cmm.org\/wp-content\/uploads\/2024\/11\/32936178434_d503c88e6d_c.jpg","contentUrl":"https:\/\/mwc-cmm.org\/wp-content\/uploads\/2024\/11\/32936178434_d503c88e6d_c.jpg","width":799,"height":533},{"@type":"BreadcrumbList","@id":"https:\/\/mwc-cmm.org\/es\/stories\/una-vasija-de-barro-en-manos-de-dios\/#breadcrumb","itemListElement":[{"@type":"ListItem","position":1,"name":"Home","item":"https:\/\/mwc-cmm.org\/es\/"},{"@type":"ListItem","position":2,"name":"Una vasija de barro en manos de Dios"}]},{"@type":"WebSite","@id":"https:\/\/mwc-cmm.org\/en\/#website","url":"https:\/\/mwc-cmm.org\/en\/","name":"Mennonite World Conference","description":"A communion of Anabaptist-related churches","publisher":{"@id":"https:\/\/mwc-cmm.org\/en\/#organization"},"alternateName":"MWC","potentialAction":[{"@type":"SearchAction","target":{"@type":"EntryPoint","urlTemplate":"https:\/\/mwc-cmm.org\/en\/?s={search_term_string}"},"query-input":{"@type":"PropertyValueSpecification","valueRequired":true,"valueName":"search_term_string"}}],"inLanguage":"es"},{"@type":"Organization","@id":"https:\/\/mwc-cmm.org\/en\/#organization","name":"Mennonite World Conference","alternateName":"MWC","url":"https:\/\/mwc-cmm.org\/en\/","logo":{"@type":"ImageObject","inLanguage":"es","@id":"https:\/\/mwc-cmm.org\/en\/#\/schema\/logo\/image\/","url":"https:\/\/mwc-cmm.org\/wp-content\/uploads\/2026\/01\/MWC_Sig_Blue_Horiz_webheader1-logo.svg","contentUrl":"https:\/\/mwc-cmm.org\/wp-content\/uploads\/2026\/01\/MWC_Sig_Blue_Horiz_webheader1-logo.svg","width":786,"height":82,"caption":"Mennonite World Conference"},"image":{"@id":"https:\/\/mwc-cmm.org\/en\/#\/schema\/logo\/image\/"},"sameAs":["https:\/\/www.facebook.com\/MennoniteWorldConference","https:\/\/www.linkedin.com\/company\/mennonite-world-conference-mwc\/","https:\/\/www.instagram.com\/mwcmm\/","https:\/\/www.youtube.com\/user\/mwccmm","https:\/\/bsky.app\/profile\/mwcmm.bsky.social"]},{"@type":"Person","@id":"https:\/\/mwc-cmm.org\/en\/#\/schema\/person\/11f6ae0d7d1868ba20a1cc27f067c836","name":"mennworldcon","image":{"@type":"ImageObject","inLanguage":"es","@id":"https:\/\/secure.gravatar.com\/avatar\/06fdc0dc81c157dfdb82ec42f252178a22307808988d22c043f9eb96f1e0fe80?s=96&d=mm&r=g","url":"https:\/\/secure.gravatar.com\/avatar\/06fdc0dc81c157dfdb82ec42f252178a22307808988d22c043f9eb96f1e0fe80?s=96&d=mm&r=g","contentUrl":"https:\/\/secure.gravatar.com\/avatar\/06fdc0dc81c157dfdb82ec42f252178a22307808988d22c043f9eb96f1e0fe80?s=96&d=mm&r=g","caption":"mennworldcon"},"sameAs":["https:\/\/mwc-cmm.org"],"url":"https:\/\/mwc-cmm.org\/es\/stories\/author\/mennworldcon\/"}]}},"_links":{"self":[{"href":"https:\/\/mwc-cmm.org\/es\/wp-json\/wp\/v2\/posts\/9439","targetHints":{"allow":["GET"]}}],"collection":[{"href":"https:\/\/mwc-cmm.org\/es\/wp-json\/wp\/v2\/posts"}],"about":[{"href":"https:\/\/mwc-cmm.org\/es\/wp-json\/wp\/v2\/types\/post"}],"author":[{"embeddable":true,"href":"https:\/\/mwc-cmm.org\/es\/wp-json\/wp\/v2\/users\/1"}],"replies":[{"embeddable":true,"href":"https:\/\/mwc-cmm.org\/es\/wp-json\/wp\/v2\/comments?post=9439"}],"version-history":[{"count":0,"href":"https:\/\/mwc-cmm.org\/es\/wp-json\/wp\/v2\/posts\/9439\/revisions"}],"wp:featuredmedia":[{"embeddable":true,"href":"https:\/\/mwc-cmm.org\/es\/wp-json\/wp\/v2\/media\/97736"}],"wp:attachment":[{"href":"https:\/\/mwc-cmm.org\/es\/wp-json\/wp\/v2\/media?parent=9439"}],"wp:term":[{"taxonomy":"category","embeddable":true,"href":"https:\/\/mwc-cmm.org\/es\/wp-json\/wp\/v2\/categories?post=9439"},{"taxonomy":"post_tag","embeddable":true,"href":"https:\/\/mwc-cmm.org\/es\/wp-json\/wp\/v2\/tags?post=9439"},{"taxonomy":"network","embeddable":true,"href":"https:\/\/mwc-cmm.org\/es\/wp-json\/wp\/v2\/network?post=9439"},{"taxonomy":"eventcategory","embeddable":true,"href":"https:\/\/mwc-cmm.org\/es\/wp-json\/wp\/v2\/eventcategory?post=9439"}],"curies":[{"name":"wp","href":"https:\/\/api.w.org\/{rel}","templated":true}]}}