{"id":9435,"date":"2023-12-15T00:00:00","date_gmt":"2023-12-15T00:00:00","guid":{"rendered":"https:\/\/mwc-cmm.org\/celebrating-gods-presence-this-christmas-2\/"},"modified":"2024-12-10T18:06:18","modified_gmt":"2024-12-10T18:06:18","slug":"celebrando-la-presencia-de-dios-esta-navidad","status":"publish","type":"post","link":"https:\/\/mwc-cmm.org\/es\/stories\/celebrando-la-presencia-de-dios-esta-navidad\/","title":{"rendered":"Celebrando la presencia de Dios esta Navidad\u202f"},"content":{"rendered":"<h2>5 consejos para reducir la ansiedad &nbsp;<\/h2>\n<p>Desde guerras hasta desastres clim\u00e1ticos y una recuperaci\u00f3n econ\u00f3mica post pand\u00e9mica m\u00e1s lenta de lo esperado, el 2023 ha sido un a\u00f1o desafiante. Mientras navegamos por estos acontecimientos mundiales y reflexionamos sobre su impacto en nuestras vidas, se acerca la Navidad. \u00bfC\u00f3mo acogemos las festividades inminentes (las cenas, las obras de teatro en la iglesia, las decoraciones festivas) cuando el mundo que nos rodea parece desmoronarse? \u00bfC\u00f3mo expresamos gratitud por la salvaci\u00f3n cuando la muerte y la destrucci\u00f3n aparecen constantemente en nuestras pantallas?&nbsp;<\/p>\n<p>Virgo Handojo, profesor de psicolog\u00eda en la Universidad Bautista de California y pastor de Jemaat Kristen Indonesia (JKI) Anugerah en California, Estados Unidos se\u00f1ala que, \u201ceste a\u00f1o ha tra\u00eddo una multitud de factores estresantes. Los factores estresantes pueden percibirse como amenazas, eventos neutrales u oportunidades de crecimiento: un desaf\u00edo. Estos se vuelven abrumadores cuando se ven como amenazas a nuestra existencia, haci\u00e9ndonos perder la perspectiva de lo que realmente importa\u201d.&nbsp;<\/p>\n<p>Para aliviar la ansiedad provocada por factores estresantes, Handojo comparte cinco consejos:&nbsp;<\/p>\n<h4>1. Distinguir entre lo que podemos y lo que no podemos controlar, y luego formular elementos procesables.&nbsp;<\/h4>\n<p>Priorice y realice cambios en las cosas que puede controlar, mientras ajusta las expectativas para los factores que escapan a su control. Aunque detener los desastres clim\u00e1ticos puede estar fuera de nuestro alcance, lograr un impacto positivo en nuestro microambiente (nuestros hogares, vecindarios o incluso contactar a funcionarios electos) est\u00e1 a nuestro alcance.&nbsp;<\/p>\n<h4>2. Establecer una rutina.&nbsp;<\/h4>\n<p>La incertidumbre a\u00f1ade estr\u00e9s y puede provocar ansiedad. Desarrollar patrones regulares (como horarios de comida consistentes, horarios regulares de trabajo o escuela, ejercicio diario con el mismo grupo, tiempos de oraci\u00f3n familiar y estudio b\u00edblico semanal) ayuda a recuperar una sensaci\u00f3n de control.&nbsp;<\/p>\n<h4>3. Especificar los factores estresantes.&nbsp;<\/h4>\n<p>La ansiedad surge de pensamientos irracionales; una anticipaci\u00f3n que carece de claridad, especificidad y realidad la vuelve abrumadora. Al asignar un nombre al factor estresante, como identificar un aspecto concreto de una condici\u00f3n macroecon\u00f3mica (por ejemplo, un aumento en las tasas de inter\u00e9s), podemos comenzar a elaborar estrategias y encontrar soluciones.&nbsp;<\/p>\n<h4>4. Bajar el volumen del mundo.&nbsp;<\/h4>\n<p>Esto puede implicar apagar la televisi\u00f3n, tomar un descanso de las redes sociales o establecer l\u00edmites con las personas que contribuyen a sus preocupaciones, al menos hasta que haya desarrollado mejores mecanismos para afrontarlas. Est\u00e9 en contacto con sus pensamientos internos, aqu\u00ed y ahora.&nbsp;<\/p>\n<h4>5. Buscar ayuda.&nbsp;<\/h4>\n<p>Hablar con una persona de confianza puede resultar de gran ayuda. El simple hecho de ser escuchados puede asegurarnos que no estamos solos. Si compartir las cargas entre amigos no proporciona alivio, es una indicaci\u00f3n de que puede ser necesaria ayuda profesional para evitar que la ansiedad se apodere de nuestras vidas y de nuestra alegr\u00eda.&nbsp;<\/p>\n<p>Virgo Handojo, adem\u00e1s a\u00f1ade que \u201cvivir en este mundo significa experimentar emociones tanto positivas como negativas. No conoceremos la felicidad sin haber experimentado la tristeza, ni el consuelo sin dolor. Lo que debemos recordar es que podemos entregar nuestras mentes y pensamientos a la mano de Dios, confiando en que Dios tiene el control\u201d.&nbsp;<\/p>\n<p>\u201cTambi\u00e9n tenemos promesas de que Dios conoce nuestras necesidades, se har\u00e1 cargo de ellas y estar\u00e1 con nosotros tanto en los d\u00edas buenos como en los malos. Mateo 6:25-34, que aborda la preocupaci\u00f3n y la ansiedad, enfatiza buscar primero el reino de Dios y su justicia, con la seguridad de que todas las dem\u00e1s cosas tambi\u00e9n ser\u00e1n provistas\u201d.&nbsp;<\/p>\n<p>La presencia y gu\u00eda de Dios, tanto en los buenos como en los malos tiempos, son los regalos celestiales por los que podemos estar agradecidos en esta Navidad.&nbsp;<\/p>\n","protected":false},"excerpt":{"rendered":"<p>Desde guerras hasta desastres clim\u00e1ticos y una recuperaci\u00f3n econ\u00f3mica post pand\u00e9mica m\u00e1s lenta de lo esperado, el 2023 ha sido un a\u00f1o desafiante. Mientras navegamos por estos acontecimientos mundiales y reflexionamos sobre su impacto en nuestras vidas, se acerca la Navidad. \u00bfC\u00f3mo acogemos las festividades inminentes (las cenas, las obras de teatro en la iglesia, las decoraciones festivas) cuando el mundo que nos rodea parece desmoronarse? \u00bfC\u00f3mo expresamos gratitud por la salvaci\u00f3n cuando la muerte y la destrucci\u00f3n aparecen constantemente en nuestras pantallas?&nbsp;<\/p>\n","protected":false},"author":1,"featured_media":97694,"comment_status":"closed","ping_status":"closed","sticky":false,"template":"","format":"standard","meta":{"_acf_changed":false,"footnotes":""},"categories":[6],"tags":[],"network":[],"eventcategory":[],"class_list":["post-9435","post","type-post","status-publish","format-standard","has-post-thumbnail","hentry","category-sin-categorizar"],"acf":[],"yoast_head":"<!-- This site is optimized with the Yoast SEO plugin v27.5 - https:\/\/yoast.com\/product\/yoast-seo-wordpress\/ -->\n<title>Celebrando la presencia de Dios esta Navidad\u202f - Mennonite World Conference<\/title>\n<meta name=\"robots\" content=\"index, follow, max-snippet:-1, max-image-preview:large, max-video-preview:-1\" \/>\n<link rel=\"canonical\" href=\"https:\/\/mwc-cmm.org\/es\/stories\/celebrando-la-presencia-de-dios-esta-navidad\/\" \/>\n<meta property=\"og:locale\" content=\"es_ES\" \/>\n<meta property=\"og:type\" content=\"article\" \/>\n<meta property=\"og:title\" content=\"Celebrando la presencia de Dios esta Navidad\u202f - Mennonite World Conference\" \/>\n<meta property=\"og:description\" content=\"Desde guerras hasta desastres clim\u00e1ticos y una recuperaci\u00f3n econ\u00f3mica post pand\u00e9mica m\u00e1s lenta de lo esperado, el 2023 ha sido un a\u00f1o desafiante. Mientras navegamos por estos acontecimientos mundiales y reflexionamos sobre su impacto en nuestras vidas, se acerca la Navidad. \u00bfC\u00f3mo acogemos las festividades inminentes (las cenas, las obras de teatro en la iglesia, las decoraciones festivas) cuando el mundo que nos rodea parece desmoronarse? \u00bfC\u00f3mo expresamos gratitud por la salvaci\u00f3n cuando la muerte y la destrucci\u00f3n aparecen constantemente en nuestras pantallas?&nbsp;\" \/>\n<meta property=\"og:url\" content=\"https:\/\/mwc-cmm.org\/es\/stories\/celebrando-la-presencia-de-dios-esta-navidad\/\" \/>\n<meta property=\"og:site_name\" content=\"Mennonite World Conference\" \/>\n<meta property=\"article:publisher\" content=\"https:\/\/www.facebook.com\/MennoniteWorldConference\" \/>\n<meta property=\"article:published_time\" content=\"2023-12-15T00:00:00+00:00\" \/>\n<meta property=\"article:modified_time\" content=\"2024-12-10T18:06:18+00:00\" \/>\n<meta property=\"og:image\" content=\"https:\/\/mwc-cmm.org\/wp-content\/uploads\/2024\/11\/whatsapp_image_2023-12-05_at_09.47.06.jpeg\" \/>\n\t<meta property=\"og:image:width\" content=\"1600\" \/>\n\t<meta property=\"og:image:height\" content=\"900\" \/>\n\t<meta property=\"og:image:type\" content=\"image\/jpeg\" \/>\n<meta name=\"author\" content=\"mennworldcon\" \/>\n<script type=\"application\/ld+json\" class=\"yoast-schema-graph\">{\"@context\":\"https:\\\/\\\/schema.org\",\"@graph\":[{\"@type\":\"Article\",\"@id\":\"https:\\\/\\\/mwc-cmm.org\\\/es\\\/stories\\\/celebrando-la-presencia-de-dios-esta-navidad\\\/#article\",\"isPartOf\":{\"@id\":\"https:\\\/\\\/mwc-cmm.org\\\/es\\\/stories\\\/celebrando-la-presencia-de-dios-esta-navidad\\\/\"},\"author\":{\"name\":\"mennworldcon\",\"@id\":\"https:\\\/\\\/mwc-cmm.org\\\/en\\\/#\\\/schema\\\/person\\\/11f6ae0d7d1868ba20a1cc27f067c836\"},\"headline\":\"Celebrando la presencia de Dios esta Navidad\u202f\",\"datePublished\":\"2023-12-15T00:00:00+00:00\",\"dateModified\":\"2024-12-10T18:06:18+00:00\",\"mainEntityOfPage\":{\"@id\":\"https:\\\/\\\/mwc-cmm.org\\\/es\\\/stories\\\/celebrando-la-presencia-de-dios-esta-navidad\\\/\"},\"wordCount\":649,\"publisher\":{\"@id\":\"https:\\\/\\\/mwc-cmm.org\\\/en\\\/#organization\"},\"image\":{\"@id\":\"https:\\\/\\\/mwc-cmm.org\\\/es\\\/stories\\\/celebrando-la-presencia-de-dios-esta-navidad\\\/#primaryimage\"},\"thumbnailUrl\":\"https:\\\/\\\/mwc-cmm.org\\\/wp-content\\\/uploads\\\/2024\\\/11\\\/whatsapp_image_2023-12-05_at_09.47.06.jpeg\",\"articleSection\":[\"Sin categorizar\"],\"inLanguage\":\"es\"},{\"@type\":\"WebPage\",\"@id\":\"https:\\\/\\\/mwc-cmm.org\\\/es\\\/stories\\\/celebrando-la-presencia-de-dios-esta-navidad\\\/\",\"url\":\"https:\\\/\\\/mwc-cmm.org\\\/es\\\/stories\\\/celebrando-la-presencia-de-dios-esta-navidad\\\/\",\"name\":\"Celebrando la presencia de Dios esta Navidad\u202f - Mennonite World Conference\",\"isPartOf\":{\"@id\":\"https:\\\/\\\/mwc-cmm.org\\\/en\\\/#website\"},\"primaryImageOfPage\":{\"@id\":\"https:\\\/\\\/mwc-cmm.org\\\/es\\\/stories\\\/celebrando-la-presencia-de-dios-esta-navidad\\\/#primaryimage\"},\"image\":{\"@id\":\"https:\\\/\\\/mwc-cmm.org\\\/es\\\/stories\\\/celebrando-la-presencia-de-dios-esta-navidad\\\/#primaryimage\"},\"thumbnailUrl\":\"https:\\\/\\\/mwc-cmm.org\\\/wp-content\\\/uploads\\\/2024\\\/11\\\/whatsapp_image_2023-12-05_at_09.47.06.jpeg\",\"datePublished\":\"2023-12-15T00:00:00+00:00\",\"dateModified\":\"2024-12-10T18:06:18+00:00\",\"breadcrumb\":{\"@id\":\"https:\\\/\\\/mwc-cmm.org\\\/es\\\/stories\\\/celebrando-la-presencia-de-dios-esta-navidad\\\/#breadcrumb\"},\"inLanguage\":\"es\",\"potentialAction\":[{\"@type\":\"ReadAction\",\"target\":[\"https:\\\/\\\/mwc-cmm.org\\\/es\\\/stories\\\/celebrando-la-presencia-de-dios-esta-navidad\\\/\"]}]},{\"@type\":\"ImageObject\",\"inLanguage\":\"es\",\"@id\":\"https:\\\/\\\/mwc-cmm.org\\\/es\\\/stories\\\/celebrando-la-presencia-de-dios-esta-navidad\\\/#primaryimage\",\"url\":\"https:\\\/\\\/mwc-cmm.org\\\/wp-content\\\/uploads\\\/2024\\\/11\\\/whatsapp_image_2023-12-05_at_09.47.06.jpeg\",\"contentUrl\":\"https:\\\/\\\/mwc-cmm.org\\\/wp-content\\\/uploads\\\/2024\\\/11\\\/whatsapp_image_2023-12-05_at_09.47.06.jpeg\",\"width\":1600,\"height\":900},{\"@type\":\"BreadcrumbList\",\"@id\":\"https:\\\/\\\/mwc-cmm.org\\\/es\\\/stories\\\/celebrando-la-presencia-de-dios-esta-navidad\\\/#breadcrumb\",\"itemListElement\":[{\"@type\":\"ListItem\",\"position\":1,\"name\":\"Home\",\"item\":\"https:\\\/\\\/mwc-cmm.org\\\/es\\\/\"},{\"@type\":\"ListItem\",\"position\":2,\"name\":\"Celebrando la presencia de Dios esta Navidad\u202f\"}]},{\"@type\":\"WebSite\",\"@id\":\"https:\\\/\\\/mwc-cmm.org\\\/en\\\/#website\",\"url\":\"https:\\\/\\\/mwc-cmm.org\\\/en\\\/\",\"name\":\"Mennonite World Conference\",\"description\":\"A communion of Anabaptist-related churches\",\"publisher\":{\"@id\":\"https:\\\/\\\/mwc-cmm.org\\\/en\\\/#organization\"},\"alternateName\":\"MWC\",\"potentialAction\":[{\"@type\":\"SearchAction\",\"target\":{\"@type\":\"EntryPoint\",\"urlTemplate\":\"https:\\\/\\\/mwc-cmm.org\\\/en\\\/?s={search_term_string}\"},\"query-input\":{\"@type\":\"PropertyValueSpecification\",\"valueRequired\":true,\"valueName\":\"search_term_string\"}}],\"inLanguage\":\"es\"},{\"@type\":\"Organization\",\"@id\":\"https:\\\/\\\/mwc-cmm.org\\\/en\\\/#organization\",\"name\":\"Mennonite World Conference\",\"alternateName\":\"MWC\",\"url\":\"https:\\\/\\\/mwc-cmm.org\\\/en\\\/\",\"logo\":{\"@type\":\"ImageObject\",\"inLanguage\":\"es\",\"@id\":\"https:\\\/\\\/mwc-cmm.org\\\/en\\\/#\\\/schema\\\/logo\\\/image\\\/\",\"url\":\"https:\\\/\\\/mwc-cmm.org\\\/wp-content\\\/uploads\\\/2026\\\/01\\\/MWC_Sig_Blue_Horiz_webheader1-logo.svg\",\"contentUrl\":\"https:\\\/\\\/mwc-cmm.org\\\/wp-content\\\/uploads\\\/2026\\\/01\\\/MWC_Sig_Blue_Horiz_webheader1-logo.svg\",\"width\":786,\"height\":82,\"caption\":\"Mennonite World Conference\"},\"image\":{\"@id\":\"https:\\\/\\\/mwc-cmm.org\\\/en\\\/#\\\/schema\\\/logo\\\/image\\\/\"},\"sameAs\":[\"https:\\\/\\\/www.facebook.com\\\/MennoniteWorldConference\",\"https:\\\/\\\/www.linkedin.com\\\/company\\\/mennonite-world-conference-mwc\\\/\",\"https:\\\/\\\/www.instagram.com\\\/mwcmm\\\/\",\"https:\\\/\\\/www.youtube.com\\\/user\\\/mwccmm\",\"https:\\\/\\\/bsky.app\\\/profile\\\/mwcmm.bsky.social\"]},{\"@type\":\"Person\",\"@id\":\"https:\\\/\\\/mwc-cmm.org\\\/en\\\/#\\\/schema\\\/person\\\/11f6ae0d7d1868ba20a1cc27f067c836\",\"name\":\"mennworldcon\",\"image\":{\"@type\":\"ImageObject\",\"inLanguage\":\"es\",\"@id\":\"https:\\\/\\\/secure.gravatar.com\\\/avatar\\\/06fdc0dc81c157dfdb82ec42f252178a22307808988d22c043f9eb96f1e0fe80?s=96&d=mm&r=g\",\"url\":\"https:\\\/\\\/secure.gravatar.com\\\/avatar\\\/06fdc0dc81c157dfdb82ec42f252178a22307808988d22c043f9eb96f1e0fe80?s=96&d=mm&r=g\",\"contentUrl\":\"https:\\\/\\\/secure.gravatar.com\\\/avatar\\\/06fdc0dc81c157dfdb82ec42f252178a22307808988d22c043f9eb96f1e0fe80?s=96&d=mm&r=g\",\"caption\":\"mennworldcon\"},\"sameAs\":[\"https:\\\/\\\/mwc-cmm.org\"],\"url\":\"https:\\\/\\\/mwc-cmm.org\\\/es\\\/stories\\\/author\\\/mennworldcon\\\/\"}]}<\/script>\n<!-- \/ Yoast SEO plugin. -->","yoast_head_json":{"title":"Celebrando la presencia de Dios esta Navidad\u202f - Mennonite World Conference","robots":{"index":"index","follow":"follow","max-snippet":"max-snippet:-1","max-image-preview":"max-image-preview:large","max-video-preview":"max-video-preview:-1"},"canonical":"https:\/\/mwc-cmm.org\/es\/stories\/celebrando-la-presencia-de-dios-esta-navidad\/","og_locale":"es_ES","og_type":"article","og_title":"Celebrando la presencia de Dios esta Navidad\u202f - Mennonite World Conference","og_description":"Desde guerras hasta desastres clim\u00e1ticos y una recuperaci\u00f3n econ\u00f3mica post pand\u00e9mica m\u00e1s lenta de lo esperado, el 2023 ha sido un a\u00f1o desafiante. Mientras navegamos por estos acontecimientos mundiales y reflexionamos sobre su impacto en nuestras vidas, se acerca la Navidad. \u00bfC\u00f3mo acogemos las festividades inminentes (las cenas, las obras de teatro en la iglesia, las decoraciones festivas) cuando el mundo que nos rodea parece desmoronarse? \u00bfC\u00f3mo expresamos gratitud por la salvaci\u00f3n cuando la muerte y la destrucci\u00f3n aparecen constantemente en nuestras pantallas?&nbsp;","og_url":"https:\/\/mwc-cmm.org\/es\/stories\/celebrando-la-presencia-de-dios-esta-navidad\/","og_site_name":"Mennonite World Conference","article_publisher":"https:\/\/www.facebook.com\/MennoniteWorldConference","article_published_time":"2023-12-15T00:00:00+00:00","article_modified_time":"2024-12-10T18:06:18+00:00","og_image":[{"width":1600,"height":900,"url":"https:\/\/mwc-cmm.org\/wp-content\/uploads\/2024\/11\/whatsapp_image_2023-12-05_at_09.47.06.jpeg","type":"image\/jpeg"}],"author":"mennworldcon","schema":{"@context":"https:\/\/schema.org","@graph":[{"@type":"Article","@id":"https:\/\/mwc-cmm.org\/es\/stories\/celebrando-la-presencia-de-dios-esta-navidad\/#article","isPartOf":{"@id":"https:\/\/mwc-cmm.org\/es\/stories\/celebrando-la-presencia-de-dios-esta-navidad\/"},"author":{"name":"mennworldcon","@id":"https:\/\/mwc-cmm.org\/en\/#\/schema\/person\/11f6ae0d7d1868ba20a1cc27f067c836"},"headline":"Celebrando la presencia de Dios esta Navidad\u202f","datePublished":"2023-12-15T00:00:00+00:00","dateModified":"2024-12-10T18:06:18+00:00","mainEntityOfPage":{"@id":"https:\/\/mwc-cmm.org\/es\/stories\/celebrando-la-presencia-de-dios-esta-navidad\/"},"wordCount":649,"publisher":{"@id":"https:\/\/mwc-cmm.org\/en\/#organization"},"image":{"@id":"https:\/\/mwc-cmm.org\/es\/stories\/celebrando-la-presencia-de-dios-esta-navidad\/#primaryimage"},"thumbnailUrl":"https:\/\/mwc-cmm.org\/wp-content\/uploads\/2024\/11\/whatsapp_image_2023-12-05_at_09.47.06.jpeg","articleSection":["Sin categorizar"],"inLanguage":"es"},{"@type":"WebPage","@id":"https:\/\/mwc-cmm.org\/es\/stories\/celebrando-la-presencia-de-dios-esta-navidad\/","url":"https:\/\/mwc-cmm.org\/es\/stories\/celebrando-la-presencia-de-dios-esta-navidad\/","name":"Celebrando la presencia de Dios esta Navidad\u202f - Mennonite World Conference","isPartOf":{"@id":"https:\/\/mwc-cmm.org\/en\/#website"},"primaryImageOfPage":{"@id":"https:\/\/mwc-cmm.org\/es\/stories\/celebrando-la-presencia-de-dios-esta-navidad\/#primaryimage"},"image":{"@id":"https:\/\/mwc-cmm.org\/es\/stories\/celebrando-la-presencia-de-dios-esta-navidad\/#primaryimage"},"thumbnailUrl":"https:\/\/mwc-cmm.org\/wp-content\/uploads\/2024\/11\/whatsapp_image_2023-12-05_at_09.47.06.jpeg","datePublished":"2023-12-15T00:00:00+00:00","dateModified":"2024-12-10T18:06:18+00:00","breadcrumb":{"@id":"https:\/\/mwc-cmm.org\/es\/stories\/celebrando-la-presencia-de-dios-esta-navidad\/#breadcrumb"},"inLanguage":"es","potentialAction":[{"@type":"ReadAction","target":["https:\/\/mwc-cmm.org\/es\/stories\/celebrando-la-presencia-de-dios-esta-navidad\/"]}]},{"@type":"ImageObject","inLanguage":"es","@id":"https:\/\/mwc-cmm.org\/es\/stories\/celebrando-la-presencia-de-dios-esta-navidad\/#primaryimage","url":"https:\/\/mwc-cmm.org\/wp-content\/uploads\/2024\/11\/whatsapp_image_2023-12-05_at_09.47.06.jpeg","contentUrl":"https:\/\/mwc-cmm.org\/wp-content\/uploads\/2024\/11\/whatsapp_image_2023-12-05_at_09.47.06.jpeg","width":1600,"height":900},{"@type":"BreadcrumbList","@id":"https:\/\/mwc-cmm.org\/es\/stories\/celebrando-la-presencia-de-dios-esta-navidad\/#breadcrumb","itemListElement":[{"@type":"ListItem","position":1,"name":"Home","item":"https:\/\/mwc-cmm.org\/es\/"},{"@type":"ListItem","position":2,"name":"Celebrando la presencia de Dios esta Navidad\u202f"}]},{"@type":"WebSite","@id":"https:\/\/mwc-cmm.org\/en\/#website","url":"https:\/\/mwc-cmm.org\/en\/","name":"Mennonite World Conference","description":"A communion of Anabaptist-related churches","publisher":{"@id":"https:\/\/mwc-cmm.org\/en\/#organization"},"alternateName":"MWC","potentialAction":[{"@type":"SearchAction","target":{"@type":"EntryPoint","urlTemplate":"https:\/\/mwc-cmm.org\/en\/?s={search_term_string}"},"query-input":{"@type":"PropertyValueSpecification","valueRequired":true,"valueName":"search_term_string"}}],"inLanguage":"es"},{"@type":"Organization","@id":"https:\/\/mwc-cmm.org\/en\/#organization","name":"Mennonite World Conference","alternateName":"MWC","url":"https:\/\/mwc-cmm.org\/en\/","logo":{"@type":"ImageObject","inLanguage":"es","@id":"https:\/\/mwc-cmm.org\/en\/#\/schema\/logo\/image\/","url":"https:\/\/mwc-cmm.org\/wp-content\/uploads\/2026\/01\/MWC_Sig_Blue_Horiz_webheader1-logo.svg","contentUrl":"https:\/\/mwc-cmm.org\/wp-content\/uploads\/2026\/01\/MWC_Sig_Blue_Horiz_webheader1-logo.svg","width":786,"height":82,"caption":"Mennonite World Conference"},"image":{"@id":"https:\/\/mwc-cmm.org\/en\/#\/schema\/logo\/image\/"},"sameAs":["https:\/\/www.facebook.com\/MennoniteWorldConference","https:\/\/www.linkedin.com\/company\/mennonite-world-conference-mwc\/","https:\/\/www.instagram.com\/mwcmm\/","https:\/\/www.youtube.com\/user\/mwccmm","https:\/\/bsky.app\/profile\/mwcmm.bsky.social"]},{"@type":"Person","@id":"https:\/\/mwc-cmm.org\/en\/#\/schema\/person\/11f6ae0d7d1868ba20a1cc27f067c836","name":"mennworldcon","image":{"@type":"ImageObject","inLanguage":"es","@id":"https:\/\/secure.gravatar.com\/avatar\/06fdc0dc81c157dfdb82ec42f252178a22307808988d22c043f9eb96f1e0fe80?s=96&d=mm&r=g","url":"https:\/\/secure.gravatar.com\/avatar\/06fdc0dc81c157dfdb82ec42f252178a22307808988d22c043f9eb96f1e0fe80?s=96&d=mm&r=g","contentUrl":"https:\/\/secure.gravatar.com\/avatar\/06fdc0dc81c157dfdb82ec42f252178a22307808988d22c043f9eb96f1e0fe80?s=96&d=mm&r=g","caption":"mennworldcon"},"sameAs":["https:\/\/mwc-cmm.org"],"url":"https:\/\/mwc-cmm.org\/es\/stories\/author\/mennworldcon\/"}]}},"_links":{"self":[{"href":"https:\/\/mwc-cmm.org\/es\/wp-json\/wp\/v2\/posts\/9435","targetHints":{"allow":["GET"]}}],"collection":[{"href":"https:\/\/mwc-cmm.org\/es\/wp-json\/wp\/v2\/posts"}],"about":[{"href":"https:\/\/mwc-cmm.org\/es\/wp-json\/wp\/v2\/types\/post"}],"author":[{"embeddable":true,"href":"https:\/\/mwc-cmm.org\/es\/wp-json\/wp\/v2\/users\/1"}],"replies":[{"embeddable":true,"href":"https:\/\/mwc-cmm.org\/es\/wp-json\/wp\/v2\/comments?post=9435"}],"version-history":[{"count":0,"href":"https:\/\/mwc-cmm.org\/es\/wp-json\/wp\/v2\/posts\/9435\/revisions"}],"wp:featuredmedia":[{"embeddable":true,"href":"https:\/\/mwc-cmm.org\/es\/wp-json\/wp\/v2\/media\/97694"}],"wp:attachment":[{"href":"https:\/\/mwc-cmm.org\/es\/wp-json\/wp\/v2\/media?parent=9435"}],"wp:term":[{"taxonomy":"category","embeddable":true,"href":"https:\/\/mwc-cmm.org\/es\/wp-json\/wp\/v2\/categories?post=9435"},{"taxonomy":"post_tag","embeddable":true,"href":"https:\/\/mwc-cmm.org\/es\/wp-json\/wp\/v2\/tags?post=9435"},{"taxonomy":"network","embeddable":true,"href":"https:\/\/mwc-cmm.org\/es\/wp-json\/wp\/v2\/network?post=9435"},{"taxonomy":"eventcategory","embeddable":true,"href":"https:\/\/mwc-cmm.org\/es\/wp-json\/wp\/v2\/eventcategory?post=9435"}],"curies":[{"name":"wp","href":"https:\/\/api.w.org\/{rel}","templated":true}]}}