{"id":9426,"date":"2023-11-22T00:00:00","date_gmt":"2023-11-22T00:00:00","guid":{"rendered":"https:\/\/mwc-cmm.org\/prayer-for-unity-2\/"},"modified":"2024-12-10T18:06:15","modified_gmt":"2024-12-10T18:06:15","slug":"oracion-por-la-unidad","status":"publish","type":"post","link":"https:\/\/mwc-cmm.org\/es\/stories\/oracion-por-la-unidad\/","title":{"rendered":"Oraci\u00f3n por la unidad"},"content":{"rendered":"<h2>Suiza<\/h2>\n<p><em>En los \u00faltimos a\u00f1os, el Centro de Formaci\u00f3n de la escuela teol\u00f3gica menonita de Bienenberg, Suiza, ha ofrecido un curso sobre \u201cTemas candentes\u201d, que da a conocer perspectivas opuestas sobre temas que son candentes en las iglesias. A medida que surgen coincidencias o discrepancias sobre diferentes puntos, se invita a los asistentes a participar expresando sus propias sensibilidades y convicciones, a escuchar atentamente y a estar dispuestos a cuestionar sus propias respuestas. Las sesiones terminan con esta oraci\u00f3n por la unidad.<\/em><\/p>\n<p>Dios nuestro, Te agradecemos&#8230; por la Palabra que dirigiste a otras personas antes que a nosotros y que nos sigues dirigiendo hoy d\u00eda.&nbsp;<em>\u00a1Alabado seas!<\/em><\/p>\n<p>Gracias\u2026 por el resplandor de tu Palabra en nuestra vida, en la Iglesia, en el mundo, y por su poder transformador.&nbsp;<em>\u00a1Alabado seas!<\/em><\/p>\n<p>Gracias\u2026 por la palabra encarnada y suprema que tom\u00f3 el rostro de Jes\u00fas, quien nos abre el camino al Reino de la paz (shalom).&nbsp;<em>\u00a1Alabado seas!<\/em><\/p>\n<p>Perd\u00f3n&#8230; por nuestra sordera para percibir lo que quieres decirnos a trav\u00e9s de tu Palabra cuando \u00e9sta nos molesta&#8230;&nbsp;<em>Se\u00f1or ten piedad.<\/em><\/p>\n<p>Perd\u00f3n\u2026 por los altercados con otras personas, provocados por los temas candentes entre nosotros.&nbsp;<em>Se\u00f1or ten piedad.<\/em><\/p>\n<p>Perd\u00f3n&#8230; por la ferocidad con la que siempre procuramos tener raz\u00f3n, al igual que por la cobard\u00eda que nos lleva a restarle importancia a todo.&nbsp;<em>Se\u00f1or ten piedad.<\/em><\/p>\n<p>Por favor\u2026 ens\u00e9\u00f1anos c\u00f3mo reconciliar la b\u00fasqueda de la verdad de tu Palabra con el amor por aquellos que piensan de otra manera.&nbsp;<em>\u00a1Ay\u00fadanos, Se\u00f1or!<\/em><\/p>\n<p>Por favor\u2026 re\u00fane a tu Iglesia de numerosas ramas para que sea un s\u00edmbolo de unidad como t\u00fa deseas, y por los medios que quieras.&nbsp;<em>\u00a1Ay\u00fadanos, Se\u00f1or!<\/em><\/p>\n<p>Por favor\u2026 gu\u00eda a tu pueblo, por el poder del Esp\u00edritu Santo, para que se forme sinceramente para amar, como tu Hijo nos ha demostrado, para el d\u00eda en que t\u00fa seas todo en todos.&nbsp;<em>\u00a1Ay\u00fadanos, Se\u00f1or!<\/em><\/p>\n<p>Oremos juntos por medio de Jes\u00fas, nuestro Se\u00f1or, nuestro Salvador y nuestro Hermano. Am\u00e9n.<\/p>\n<p><em>\u2014Michel Sommer&nbsp;es profesor del Centro de Formaci\u00f3n de Bienenberg. Esta oraci\u00f3n se public\u00f3 anteriormente en Christ Seul, la revista de los menonitas de Francia.<\/em><\/p>\n<hr>\n<p><a href=\"https:\/\/mwc-cmm.org\/es\/resources\/correo-2023-4-octubre\"><img decoding=\"async\" alt=\"Correo 38.4\" height=\"75\" data-src=\"\/sites\/default\/files\/website_files_2020\/button_ccc_october_2023-01.jpg\" style=\"--smush-placeholder-width: 825px; --smush-placeholder-aspect-ratio: 825\/75;float:left\" width=\"825\" src=\"data:image\/svg+xml;base64,PHN2ZyB3aWR0aD0iMSIgaGVpZ2h0PSIxIiB4bWxucz0iaHR0cDovL3d3dy53My5vcmcvMjAwMC9zdmciPjwvc3ZnPg==\" class=\"lazyload\"><\/a><\/p>\n","protected":false},"excerpt":{"rendered":"<p>Suiza En los \u00faltimos a\u00f1os, el Centro de Formaci\u00f3n de la escuela teol\u00f3gica menonita de Bienenberg, Suiza, ha ofrecido un curso sobre \u201cTemas candentes\u201d, que da a conocer perspectivas opuestas sobre temas que son candentes en las iglesias. A medida que surgen coincidencias o discrepancias sobre diferentes puntos, se invita a los asistentes a participar [&hellip;]<\/p>\n","protected":false},"author":1,"featured_media":97568,"comment_status":"closed","ping_status":"closed","sticky":false,"template":"","format":"standard","meta":{"_acf_changed":false,"footnotes":""},"categories":[6],"tags":[],"network":[1306],"eventcategory":[],"class_list":["post-9426","post","type-post","status-publish","format-standard","has-post-thumbnail","hentry","category-sin-categorizar","network-courier-es"],"acf":[],"yoast_head":"<!-- This site is optimized with the Yoast SEO plugin v27.2 - https:\/\/yoast.com\/product\/yoast-seo-wordpress\/ -->\n<title>Oraci\u00f3n por la unidad - Mennonite World Conference<\/title>\n<meta name=\"robots\" content=\"index, follow, max-snippet:-1, max-image-preview:large, max-video-preview:-1\" \/>\n<link rel=\"canonical\" href=\"https:\/\/mwc-cmm.org\/es\/stories\/oracion-por-la-unidad\/\" \/>\n<meta property=\"og:locale\" content=\"es_ES\" \/>\n<meta property=\"og:type\" content=\"article\" \/>\n<meta property=\"og:title\" content=\"Oraci\u00f3n por la unidad - Mennonite World Conference\" \/>\n<meta property=\"og:description\" content=\"Suiza En los \u00faltimos a\u00f1os, el Centro de Formaci\u00f3n de la escuela teol\u00f3gica menonita de Bienenberg, Suiza, ha ofrecido un curso sobre \u201cTemas candentes\u201d, que da a conocer perspectivas opuestas sobre temas que son candentes en las iglesias. A medida que surgen coincidencias o discrepancias sobre diferentes puntos, se invita a los asistentes a participar [&hellip;]\" \/>\n<meta property=\"og:url\" content=\"https:\/\/mwc-cmm.org\/es\/stories\/oracion-por-la-unidad\/\" \/>\n<meta property=\"og:site_name\" content=\"Mennonite World Conference\" \/>\n<meta property=\"article:publisher\" content=\"https:\/\/www.facebook.com\/MennoniteWorldConference\" \/>\n<meta property=\"article:published_time\" content=\"2023-11-22T00:00:00+00:00\" \/>\n<meta property=\"article:modified_time\" content=\"2024-12-10T18:06:15+00:00\" \/>\n<meta property=\"og:image\" content=\"https:\/\/mwc-cmm.org\/wp-content\/uploads\/2024\/11\/20230115henkstenvers20230115_115413-scaled.jpg\" \/>\n\t<meta property=\"og:image:width\" content=\"2560\" \/>\n\t<meta property=\"og:image:height\" content=\"1183\" \/>\n\t<meta property=\"og:image:type\" content=\"image\/jpeg\" \/>\n<meta name=\"author\" content=\"mennworldcon\" \/>\n<script type=\"application\/ld+json\" class=\"yoast-schema-graph\">{\"@context\":\"https:\/\/schema.org\",\"@graph\":[{\"@type\":\"Article\",\"@id\":\"https:\/\/mwc-cmm.org\/es\/stories\/oracion-por-la-unidad\/#article\",\"isPartOf\":{\"@id\":\"https:\/\/mwc-cmm.org\/es\/stories\/oracion-por-la-unidad\/\"},\"author\":{\"name\":\"mennworldcon\",\"@id\":\"https:\/\/mwc-cmm.org\/en\/#\/schema\/person\/11f6ae0d7d1868ba20a1cc27f067c836\"},\"headline\":\"Oraci\u00f3n por la unidad\",\"datePublished\":\"2023-11-22T00:00:00+00:00\",\"dateModified\":\"2024-12-10T18:06:15+00:00\",\"mainEntityOfPage\":{\"@id\":\"https:\/\/mwc-cmm.org\/es\/stories\/oracion-por-la-unidad\/\"},\"wordCount\":400,\"publisher\":{\"@id\":\"https:\/\/mwc-cmm.org\/en\/#organization\"},\"image\":{\"@id\":\"https:\/\/mwc-cmm.org\/es\/stories\/oracion-por-la-unidad\/#primaryimage\"},\"thumbnailUrl\":\"https:\/\/mwc-cmm.org\/wp-content\/uploads\/2024\/11\/20230115henkstenvers20230115_115413-scaled.jpg\",\"articleSection\":[\"Sin categorizar\"],\"inLanguage\":\"es\"},{\"@type\":\"WebPage\",\"@id\":\"https:\/\/mwc-cmm.org\/es\/stories\/oracion-por-la-unidad\/\",\"url\":\"https:\/\/mwc-cmm.org\/es\/stories\/oracion-por-la-unidad\/\",\"name\":\"Oraci\u00f3n por la unidad - Mennonite World Conference\",\"isPartOf\":{\"@id\":\"https:\/\/mwc-cmm.org\/en\/#website\"},\"primaryImageOfPage\":{\"@id\":\"https:\/\/mwc-cmm.org\/es\/stories\/oracion-por-la-unidad\/#primaryimage\"},\"image\":{\"@id\":\"https:\/\/mwc-cmm.org\/es\/stories\/oracion-por-la-unidad\/#primaryimage\"},\"thumbnailUrl\":\"https:\/\/mwc-cmm.org\/wp-content\/uploads\/2024\/11\/20230115henkstenvers20230115_115413-scaled.jpg\",\"datePublished\":\"2023-11-22T00:00:00+00:00\",\"dateModified\":\"2024-12-10T18:06:15+00:00\",\"breadcrumb\":{\"@id\":\"https:\/\/mwc-cmm.org\/es\/stories\/oracion-por-la-unidad\/#breadcrumb\"},\"inLanguage\":\"es\",\"potentialAction\":[{\"@type\":\"ReadAction\",\"target\":[\"https:\/\/mwc-cmm.org\/es\/stories\/oracion-por-la-unidad\/\"]}]},{\"@type\":\"ImageObject\",\"inLanguage\":\"es\",\"@id\":\"https:\/\/mwc-cmm.org\/es\/stories\/oracion-por-la-unidad\/#primaryimage\",\"url\":\"https:\/\/mwc-cmm.org\/wp-content\/uploads\/2024\/11\/20230115henkstenvers20230115_115413-scaled.jpg\",\"contentUrl\":\"https:\/\/mwc-cmm.org\/wp-content\/uploads\/2024\/11\/20230115henkstenvers20230115_115413-scaled.jpg\",\"width\":2560,\"height\":1183},{\"@type\":\"BreadcrumbList\",\"@id\":\"https:\/\/mwc-cmm.org\/es\/stories\/oracion-por-la-unidad\/#breadcrumb\",\"itemListElement\":[{\"@type\":\"ListItem\",\"position\":1,\"name\":\"Home\",\"item\":\"https:\/\/mwc-cmm.org\/es\/\"},{\"@type\":\"ListItem\",\"position\":2,\"name\":\"Oraci\u00f3n por la unidad\"}]},{\"@type\":\"WebSite\",\"@id\":\"https:\/\/mwc-cmm.org\/en\/#website\",\"url\":\"https:\/\/mwc-cmm.org\/en\/\",\"name\":\"Mennonite World Conference\",\"description\":\"A communion of Anabaptist-related churches\",\"publisher\":{\"@id\":\"https:\/\/mwc-cmm.org\/en\/#organization\"},\"alternateName\":\"MWC\",\"potentialAction\":[{\"@type\":\"SearchAction\",\"target\":{\"@type\":\"EntryPoint\",\"urlTemplate\":\"https:\/\/mwc-cmm.org\/en\/?s={search_term_string}\"},\"query-input\":{\"@type\":\"PropertyValueSpecification\",\"valueRequired\":true,\"valueName\":\"search_term_string\"}}],\"inLanguage\":\"es\"},{\"@type\":\"Organization\",\"@id\":\"https:\/\/mwc-cmm.org\/en\/#organization\",\"name\":\"Mennonite World Conference\",\"alternateName\":\"MWC\",\"url\":\"https:\/\/mwc-cmm.org\/en\/\",\"logo\":{\"@type\":\"ImageObject\",\"inLanguage\":\"es\",\"@id\":\"https:\/\/mwc-cmm.org\/en\/#\/schema\/logo\/image\/\",\"url\":\"https:\/\/mwc-cmm.org\/wp-content\/uploads\/2026\/01\/MWC_Sig_Blue_Horiz_webheader1-logo.svg\",\"contentUrl\":\"https:\/\/mwc-cmm.org\/wp-content\/uploads\/2026\/01\/MWC_Sig_Blue_Horiz_webheader1-logo.svg\",\"width\":786,\"height\":82,\"caption\":\"Mennonite World Conference\"},\"image\":{\"@id\":\"https:\/\/mwc-cmm.org\/en\/#\/schema\/logo\/image\/\"},\"sameAs\":[\"https:\/\/www.facebook.com\/MennoniteWorldConference\",\"https:\/\/www.linkedin.com\/company\/mennonite-world-conference-mwc\/\",\"https:\/\/www.instagram.com\/mwcmm\/\",\"https:\/\/www.youtube.com\/user\/mwccmm\",\"https:\/\/bsky.app\/profile\/mwcmm.bsky.social\"]},{\"@type\":\"Person\",\"@id\":\"https:\/\/mwc-cmm.org\/en\/#\/schema\/person\/11f6ae0d7d1868ba20a1cc27f067c836\",\"name\":\"mennworldcon\",\"image\":{\"@type\":\"ImageObject\",\"inLanguage\":\"es\",\"@id\":\"https:\/\/secure.gravatar.com\/avatar\/06fdc0dc81c157dfdb82ec42f252178a22307808988d22c043f9eb96f1e0fe80?s=96&d=mm&r=g\",\"url\":\"https:\/\/secure.gravatar.com\/avatar\/06fdc0dc81c157dfdb82ec42f252178a22307808988d22c043f9eb96f1e0fe80?s=96&d=mm&r=g\",\"contentUrl\":\"https:\/\/secure.gravatar.com\/avatar\/06fdc0dc81c157dfdb82ec42f252178a22307808988d22c043f9eb96f1e0fe80?s=96&d=mm&r=g\",\"caption\":\"mennworldcon\"},\"sameAs\":[\"https:\/\/mwc-cmm.org\"],\"url\":\"https:\/\/mwc-cmm.org\/es\/stories\/author\/mennworldcon\/\"}]}<\/script>\n<!-- \/ Yoast SEO plugin. -->","yoast_head_json":{"title":"Oraci\u00f3n por la unidad - Mennonite World Conference","robots":{"index":"index","follow":"follow","max-snippet":"max-snippet:-1","max-image-preview":"max-image-preview:large","max-video-preview":"max-video-preview:-1"},"canonical":"https:\/\/mwc-cmm.org\/es\/stories\/oracion-por-la-unidad\/","og_locale":"es_ES","og_type":"article","og_title":"Oraci\u00f3n por la unidad - Mennonite World Conference","og_description":"Suiza En los \u00faltimos a\u00f1os, el Centro de Formaci\u00f3n de la escuela teol\u00f3gica menonita de Bienenberg, Suiza, ha ofrecido un curso sobre \u201cTemas candentes\u201d, que da a conocer perspectivas opuestas sobre temas que son candentes en las iglesias. A medida que surgen coincidencias o discrepancias sobre diferentes puntos, se invita a los asistentes a participar [&hellip;]","og_url":"https:\/\/mwc-cmm.org\/es\/stories\/oracion-por-la-unidad\/","og_site_name":"Mennonite World Conference","article_publisher":"https:\/\/www.facebook.com\/MennoniteWorldConference","article_published_time":"2023-11-22T00:00:00+00:00","article_modified_time":"2024-12-10T18:06:15+00:00","og_image":[{"width":2560,"height":1183,"url":"https:\/\/mwc-cmm.org\/wp-content\/uploads\/2024\/11\/20230115henkstenvers20230115_115413-scaled.jpg","type":"image\/jpeg"}],"author":"mennworldcon","schema":{"@context":"https:\/\/schema.org","@graph":[{"@type":"Article","@id":"https:\/\/mwc-cmm.org\/es\/stories\/oracion-por-la-unidad\/#article","isPartOf":{"@id":"https:\/\/mwc-cmm.org\/es\/stories\/oracion-por-la-unidad\/"},"author":{"name":"mennworldcon","@id":"https:\/\/mwc-cmm.org\/en\/#\/schema\/person\/11f6ae0d7d1868ba20a1cc27f067c836"},"headline":"Oraci\u00f3n por la unidad","datePublished":"2023-11-22T00:00:00+00:00","dateModified":"2024-12-10T18:06:15+00:00","mainEntityOfPage":{"@id":"https:\/\/mwc-cmm.org\/es\/stories\/oracion-por-la-unidad\/"},"wordCount":400,"publisher":{"@id":"https:\/\/mwc-cmm.org\/en\/#organization"},"image":{"@id":"https:\/\/mwc-cmm.org\/es\/stories\/oracion-por-la-unidad\/#primaryimage"},"thumbnailUrl":"https:\/\/mwc-cmm.org\/wp-content\/uploads\/2024\/11\/20230115henkstenvers20230115_115413-scaled.jpg","articleSection":["Sin categorizar"],"inLanguage":"es"},{"@type":"WebPage","@id":"https:\/\/mwc-cmm.org\/es\/stories\/oracion-por-la-unidad\/","url":"https:\/\/mwc-cmm.org\/es\/stories\/oracion-por-la-unidad\/","name":"Oraci\u00f3n por la unidad - Mennonite World Conference","isPartOf":{"@id":"https:\/\/mwc-cmm.org\/en\/#website"},"primaryImageOfPage":{"@id":"https:\/\/mwc-cmm.org\/es\/stories\/oracion-por-la-unidad\/#primaryimage"},"image":{"@id":"https:\/\/mwc-cmm.org\/es\/stories\/oracion-por-la-unidad\/#primaryimage"},"thumbnailUrl":"https:\/\/mwc-cmm.org\/wp-content\/uploads\/2024\/11\/20230115henkstenvers20230115_115413-scaled.jpg","datePublished":"2023-11-22T00:00:00+00:00","dateModified":"2024-12-10T18:06:15+00:00","breadcrumb":{"@id":"https:\/\/mwc-cmm.org\/es\/stories\/oracion-por-la-unidad\/#breadcrumb"},"inLanguage":"es","potentialAction":[{"@type":"ReadAction","target":["https:\/\/mwc-cmm.org\/es\/stories\/oracion-por-la-unidad\/"]}]},{"@type":"ImageObject","inLanguage":"es","@id":"https:\/\/mwc-cmm.org\/es\/stories\/oracion-por-la-unidad\/#primaryimage","url":"https:\/\/mwc-cmm.org\/wp-content\/uploads\/2024\/11\/20230115henkstenvers20230115_115413-scaled.jpg","contentUrl":"https:\/\/mwc-cmm.org\/wp-content\/uploads\/2024\/11\/20230115henkstenvers20230115_115413-scaled.jpg","width":2560,"height":1183},{"@type":"BreadcrumbList","@id":"https:\/\/mwc-cmm.org\/es\/stories\/oracion-por-la-unidad\/#breadcrumb","itemListElement":[{"@type":"ListItem","position":1,"name":"Home","item":"https:\/\/mwc-cmm.org\/es\/"},{"@type":"ListItem","position":2,"name":"Oraci\u00f3n por la unidad"}]},{"@type":"WebSite","@id":"https:\/\/mwc-cmm.org\/en\/#website","url":"https:\/\/mwc-cmm.org\/en\/","name":"Mennonite World Conference","description":"A communion of Anabaptist-related churches","publisher":{"@id":"https:\/\/mwc-cmm.org\/en\/#organization"},"alternateName":"MWC","potentialAction":[{"@type":"SearchAction","target":{"@type":"EntryPoint","urlTemplate":"https:\/\/mwc-cmm.org\/en\/?s={search_term_string}"},"query-input":{"@type":"PropertyValueSpecification","valueRequired":true,"valueName":"search_term_string"}}],"inLanguage":"es"},{"@type":"Organization","@id":"https:\/\/mwc-cmm.org\/en\/#organization","name":"Mennonite World Conference","alternateName":"MWC","url":"https:\/\/mwc-cmm.org\/en\/","logo":{"@type":"ImageObject","inLanguage":"es","@id":"https:\/\/mwc-cmm.org\/en\/#\/schema\/logo\/image\/","url":"https:\/\/mwc-cmm.org\/wp-content\/uploads\/2026\/01\/MWC_Sig_Blue_Horiz_webheader1-logo.svg","contentUrl":"https:\/\/mwc-cmm.org\/wp-content\/uploads\/2026\/01\/MWC_Sig_Blue_Horiz_webheader1-logo.svg","width":786,"height":82,"caption":"Mennonite World Conference"},"image":{"@id":"https:\/\/mwc-cmm.org\/en\/#\/schema\/logo\/image\/"},"sameAs":["https:\/\/www.facebook.com\/MennoniteWorldConference","https:\/\/www.linkedin.com\/company\/mennonite-world-conference-mwc\/","https:\/\/www.instagram.com\/mwcmm\/","https:\/\/www.youtube.com\/user\/mwccmm","https:\/\/bsky.app\/profile\/mwcmm.bsky.social"]},{"@type":"Person","@id":"https:\/\/mwc-cmm.org\/en\/#\/schema\/person\/11f6ae0d7d1868ba20a1cc27f067c836","name":"mennworldcon","image":{"@type":"ImageObject","inLanguage":"es","@id":"https:\/\/secure.gravatar.com\/avatar\/06fdc0dc81c157dfdb82ec42f252178a22307808988d22c043f9eb96f1e0fe80?s=96&d=mm&r=g","url":"https:\/\/secure.gravatar.com\/avatar\/06fdc0dc81c157dfdb82ec42f252178a22307808988d22c043f9eb96f1e0fe80?s=96&d=mm&r=g","contentUrl":"https:\/\/secure.gravatar.com\/avatar\/06fdc0dc81c157dfdb82ec42f252178a22307808988d22c043f9eb96f1e0fe80?s=96&d=mm&r=g","caption":"mennworldcon"},"sameAs":["https:\/\/mwc-cmm.org"],"url":"https:\/\/mwc-cmm.org\/es\/stories\/author\/mennworldcon\/"}]}},"_links":{"self":[{"href":"https:\/\/mwc-cmm.org\/es\/wp-json\/wp\/v2\/posts\/9426","targetHints":{"allow":["GET"]}}],"collection":[{"href":"https:\/\/mwc-cmm.org\/es\/wp-json\/wp\/v2\/posts"}],"about":[{"href":"https:\/\/mwc-cmm.org\/es\/wp-json\/wp\/v2\/types\/post"}],"author":[{"embeddable":true,"href":"https:\/\/mwc-cmm.org\/es\/wp-json\/wp\/v2\/users\/1"}],"replies":[{"embeddable":true,"href":"https:\/\/mwc-cmm.org\/es\/wp-json\/wp\/v2\/comments?post=9426"}],"version-history":[{"count":0,"href":"https:\/\/mwc-cmm.org\/es\/wp-json\/wp\/v2\/posts\/9426\/revisions"}],"wp:featuredmedia":[{"embeddable":true,"href":"https:\/\/mwc-cmm.org\/es\/wp-json\/wp\/v2\/media\/97568"}],"wp:attachment":[{"href":"https:\/\/mwc-cmm.org\/es\/wp-json\/wp\/v2\/media?parent=9426"}],"wp:term":[{"taxonomy":"category","embeddable":true,"href":"https:\/\/mwc-cmm.org\/es\/wp-json\/wp\/v2\/categories?post=9426"},{"taxonomy":"post_tag","embeddable":true,"href":"https:\/\/mwc-cmm.org\/es\/wp-json\/wp\/v2\/tags?post=9426"},{"taxonomy":"network","embeddable":true,"href":"https:\/\/mwc-cmm.org\/es\/wp-json\/wp\/v2\/network?post=9426"},{"taxonomy":"eventcategory","embeddable":true,"href":"https:\/\/mwc-cmm.org\/es\/wp-json\/wp\/v2\/eventcategory?post=9426"}],"curies":[{"name":"wp","href":"https:\/\/api.w.org\/{rel}","templated":true}]}}