{"id":9420,"date":"2023-11-02T00:00:00","date_gmt":"2023-11-02T00:00:00","guid":{"rendered":"https:\/\/mwc-cmm.org\/mennonites-and-the-state-2\/"},"modified":"2024-12-10T18:06:12","modified_gmt":"2024-12-10T18:06:12","slug":"los-menonitas-y-el-estado","status":"publish","type":"post","link":"https:\/\/mwc-cmm.org\/es\/stories\/los-menonitas-y-el-estado\/","title":{"rendered":"Los menonitas y el estado\u202f"},"content":{"rendered":"<h2>Una perspectiva menonita sobre la libertad religiosa en 3 partes&nbsp;<\/h2>\n<p>Me encantan los mosaicos. Los mosaicos son obras de arte que muestran una imagen, un mensaje, compuesto por muchas piezas peque\u00f1as.&nbsp;<\/p>\n<p>En el arte cristiano, es com\u00fan encontrar mosaicos que representan una imagen de Jes\u00fas. Un ejemplo de un mosaico cristiano se encuentra en la bas\u00edlica de Sant\u2019Apollinare Nuovo en Ravena, Italia. En esa pieza, llamada <em>Cristo attorniato da angeli e santi<\/em>, se organizan muchas piedras de diferentes colores y tama\u00f1os para que el observador pueda ver una representaci\u00f3n de Jes\u00fas.&nbsp;<\/p>\n<p>Las sociedades humanas son como mosaicos vivientes. Nos cuentan sus valores y prioridades por c\u00f3mo est\u00e1n organizadas y c\u00f3mo interact\u00faan sus miembros.&nbsp;<\/p>\n<p>Las sociedades capitalistas valoran el progreso financiero, incluso si eso significa pobreza para otros.&nbsp;<\/p>\n<p>La pol\u00edtica totalitaria valora el orden por encima de la libertad.&nbsp;<\/p>\n<p>Las sociedades comunistas a menudo parecen privilegiar la equidad econ\u00f3mica a expensas de la iniciativa personal.&nbsp;<\/p>\n<p>Eso, por supuesto, es demasiado simplista. Ninguna de estas estructuras de la sociedad es exactamente como lo he descrito, pero estas caracterizaciones amplias ilustran que la pol\u00edtica transmite un mensaje.&nbsp;<\/p>\n<p>El dise\u00f1o de una sociedad (su pol\u00edtica y relaciones interpersonales) nos dice qu\u00e9 es esa sociedad.&nbsp;<\/p>\n<p>Lamentablemente, cada comunidad o naci\u00f3n humana incluye estructuras que permiten la injusticia, la dominaci\u00f3n, la violencia y el abuso. El mal es dominante. Por supuesto, algunos sistemas pol\u00edticos son peores que otros, pero todos con estructuras ca\u00eddas que transmiten valores y prioridades que contradicen la voluntad y el reino de Dios.&nbsp;<\/p>\n<p>Todos estos diferentes mosaicos y dise\u00f1os de sociedad han surgido despu\u00e9s de la intrusi\u00f3n del mal en la historia humana. Debido a que nacemos fuera del para\u00edso, estamos inmersos en pol\u00edticas e interacciones sociales que ignoran la voluntad de Dios. Independientemente de d\u00f3nde nazca, su pa\u00eds y el sistema pol\u00edtico heredado lo moldean con valores y prioridades que pueden contrastar con el reino de Dios.&nbsp;<\/p>\n<p>Somos como peces nadando en la \u00fanica realidad que conocemos: un mundo ca\u00eddo y malvado. Sin darnos cuenta, nos movemos dentro de estructuras malignas equivalentes al agua para un pez.&nbsp;<\/p>\n<p>Nuestras relaciones financieras, nuestros sistemas de dominaci\u00f3n, c\u00f3mo entendemos la justicia y c\u00f3mo afrontamos los conflictos y desacuerdos, incluyen valores perversos de los que s\u00f3lo hay una forma de escapar.&nbsp;<\/p>\n<h4>Convirti\u00e9ndonos en ciudadanos del reino de Dios&nbsp;<\/h4>\n<p>\u201cArrepi\u00e9ntanse\u201d es el mensaje de Jes\u00fas. Oren por la venida del reino de Dios; crean en la buenas nuevas.&nbsp;<\/p>\n<p>Esa es la v\u00eda de escape hacia la libertad que ofrece Jes\u00fas y la marca de una nueva pol\u00edtica fuera de este orden social.&nbsp;<\/p>\n<p>El arrepentimiento es la respuesta humana a la gracia de Dios que abre nuestras vidas al Esp\u00edritu Santo, cambiando corazones y mentes desde adentro creando una sociedad justa por fuera.&nbsp;<\/p>\n<p>El Serm\u00f3n del Monte (Mateo 5\u20137) describe esa sociedad. Todo el Serm\u00f3n se dirige a los seguidores de Jes\u00fas como grupo y, al hacerlo, menciona el Reino de Dios ocho veces. Sin ser exhaustivo, el Serm\u00f3n del Monte nos habla del reino de Dios: su \u00e9tica, algunos de los beneficios y responsabilidades, y qui\u00e9nes pertenecen a \u00e9l.&nbsp;<\/p>\n<p>La nueva sociedad que se organiza como el reino de Dios evidencia una nueva creaci\u00f3n en la que las finanzas, las relaciones de poder, la justicia, el liderazgo y muchas otras facetas de la vida comunitaria se suman a un mensaje.&nbsp;<\/p>\n<p>Como el mosaico italiano mencionado antes, ese mensaje es la imagen de Jes\u00fas.&nbsp;<\/p>\n<p>Cuando entramos en el reino de Dios, recibimos una nueva ciudadan\u00eda y somos libres para experimentar un nuevo tipo de pol\u00edtica; ya no somos esclavos de sistemas malvados. Pertenecemos a una nueva sociedad donde, junto con otros seguidores de Cristo, proyectamos la imagen de Jes\u00fas al mundo.&nbsp;<\/p>\n<p>Pero todav\u00eda vivimos en nuestros pa\u00edses y sociedades humanas, \u00bfverdad? \u00a1S\u00ed! Sin embargo, ahora lo hacemos como representantes del reino de Dios. \u00bfBuscamos formas de servir a nuestras comunidades humanas? S\u00ed, pero lo hacemos como embajadores del reino de Dios.&nbsp;<\/p>\n<p>Mire el pr\u00f3ximo mes el siguiente art\u00edculo de esta serie.&nbsp;<\/p>\n<p><a href=\"https:\/\/mwc-cmm.org\/es\/stories\/una-nacion-cristiana\"><strong>Lea el art\u00edculo introductorio del mes pasado.&nbsp;<\/strong><\/a><\/p>\n<p><em>\u2014Este art\u00edculo de tres partes es una adaptaci\u00f3n de una ponencia que el secretario general del CMM C\u00e9sar Garc\u00eda, pronunci\u00f3 como orador destacado en el 9\u00ba Congreso Mundial de la Asociaci\u00f3n Internacional de Libertad Religiosa (IRLA, por sus siglas en ingl\u00e9s). Partes de esta ponencia han sido extra\u00eddas del libro de C\u00e9sar Garc\u00eda <\/em>\u00bfQu\u00e9 es el reino de Dios y c\u00f3mo es la ciudadan\u00eda? (What is God\u2019s Kingdom and What Does Citizenship Look Like?) <em>(Herald Press, 2021).&nbsp;<\/em><\/p>\n<hr>\n<p><span style=\"font-size:12px\">Footnote:<\/span><\/p>\n<p><span style=\"font-size:12px\">1 <\/span><a href=\"https:\/\/commons.wikimedia.org\/w\/index.php?search=Cristo+attorniato+da+angeli+e+santi%2C+&amp;title=Special:MediaSearch&amp;go=Go&amp;type=image\">Una foto del mosaico se encuentra disponible en Wikimedia Commons<\/a><\/p>\n","protected":false},"excerpt":{"rendered":"<p>Cuando entramos en el reino de Dios, recibimos una nueva ciudadan\u00eda y somos libres para experimentar un nuevo tipo de pol\u00edtica; ya no somos esclavos de sistemas malvados. Pertenecemos a una nueva sociedad donde, junto con otros seguidores de Cristo, proyectamos la imagen de Jes\u00fas al mundo. Pero todav\u00eda vivimos en nuestros pa\u00edses y sociedades humanas, \u00bfverdad? \u00a1S\u00ed! Sin embargo, ahora lo hacemos como representantes del reino de Dios. \u00bfBuscamos formas de servir a nuestras comunidades humanas? S\u00ed, pero lo hacemos como embajadores del reino de Dios.&nbsp;<\/p>\n","protected":false},"author":1,"featured_media":97512,"comment_status":"closed","ping_status":"closed","sticky":false,"template":"","format":"standard","meta":{"_acf_changed":false,"footnotes":""},"categories":[6],"tags":[],"network":[],"eventcategory":[],"class_list":["post-9420","post","type-post","status-publish","format-standard","has-post-thumbnail","hentry","category-sin-categorizar"],"acf":[],"yoast_head":"<!-- This site is optimized with the Yoast SEO plugin v27.2 - https:\/\/yoast.com\/product\/yoast-seo-wordpress\/ -->\n<title>Los menonitas y el estado\u202f - Mennonite World Conference<\/title>\n<meta name=\"robots\" content=\"index, follow, max-snippet:-1, max-image-preview:large, max-video-preview:-1\" \/>\n<link rel=\"canonical\" href=\"https:\/\/mwc-cmm.org\/es\/stories\/los-menonitas-y-el-estado\/\" \/>\n<meta property=\"og:locale\" content=\"es_ES\" \/>\n<meta property=\"og:type\" content=\"article\" \/>\n<meta property=\"og:title\" content=\"Los menonitas y el estado\u202f - Mennonite World Conference\" \/>\n<meta property=\"og:description\" content=\"Cuando entramos en el reino de Dios, recibimos una nueva ciudadan\u00eda y somos libres para experimentar un nuevo tipo de pol\u00edtica; ya no somos esclavos de sistemas malvados. Pertenecemos a una nueva sociedad donde, junto con otros seguidores de Cristo, proyectamos la imagen de Jes\u00fas al mundo. Pero todav\u00eda vivimos en nuestros pa\u00edses y sociedades humanas, \u00bfverdad? \u00a1S\u00ed! Sin embargo, ahora lo hacemos como representantes del reino de Dios. \u00bfBuscamos formas de servir a nuestras comunidades humanas? S\u00ed, pero lo hacemos como embajadores del reino de Dios.&nbsp;\" \/>\n<meta property=\"og:url\" content=\"https:\/\/mwc-cmm.org\/es\/stories\/los-menonitas-y-el-estado\/\" \/>\n<meta property=\"og:site_name\" content=\"Mennonite World Conference\" \/>\n<meta property=\"article:publisher\" content=\"https:\/\/www.facebook.com\/MennoniteWorldConference\" \/>\n<meta property=\"article:published_time\" content=\"2023-11-02T00:00:00+00:00\" \/>\n<meta property=\"article:modified_time\" content=\"2024-12-10T18:06:12+00:00\" \/>\n<meta property=\"og:image\" content=\"https:\/\/mwc-cmm.org\/wp-content\/uploads\/2024\/11\/christus_ravenna.jpg\" \/>\n\t<meta property=\"og:image:width\" content=\"940\" \/>\n\t<meta property=\"og:image:height\" content=\"788\" \/>\n\t<meta property=\"og:image:type\" content=\"image\/jpeg\" \/>\n<meta name=\"author\" content=\"mennworldcon\" \/>\n<script type=\"application\/ld+json\" class=\"yoast-schema-graph\">{\"@context\":\"https:\/\/schema.org\",\"@graph\":[{\"@type\":\"Article\",\"@id\":\"https:\/\/mwc-cmm.org\/es\/stories\/los-menonitas-y-el-estado\/#article\",\"isPartOf\":{\"@id\":\"https:\/\/mwc-cmm.org\/es\/stories\/los-menonitas-y-el-estado\/\"},\"author\":{\"name\":\"mennworldcon\",\"@id\":\"https:\/\/mwc-cmm.org\/en\/#\/schema\/person\/11f6ae0d7d1868ba20a1cc27f067c836\"},\"headline\":\"Los menonitas y el estado\u202f\",\"datePublished\":\"2023-11-02T00:00:00+00:00\",\"dateModified\":\"2024-12-10T18:06:12+00:00\",\"mainEntityOfPage\":{\"@id\":\"https:\/\/mwc-cmm.org\/es\/stories\/los-menonitas-y-el-estado\/\"},\"wordCount\":853,\"publisher\":{\"@id\":\"https:\/\/mwc-cmm.org\/en\/#organization\"},\"image\":{\"@id\":\"https:\/\/mwc-cmm.org\/es\/stories\/los-menonitas-y-el-estado\/#primaryimage\"},\"thumbnailUrl\":\"https:\/\/mwc-cmm.org\/wp-content\/uploads\/2024\/11\/christus_ravenna.jpg\",\"articleSection\":[\"Sin categorizar\"],\"inLanguage\":\"es\"},{\"@type\":\"WebPage\",\"@id\":\"https:\/\/mwc-cmm.org\/es\/stories\/los-menonitas-y-el-estado\/\",\"url\":\"https:\/\/mwc-cmm.org\/es\/stories\/los-menonitas-y-el-estado\/\",\"name\":\"Los menonitas y el estado\u202f - Mennonite World Conference\",\"isPartOf\":{\"@id\":\"https:\/\/mwc-cmm.org\/en\/#website\"},\"primaryImageOfPage\":{\"@id\":\"https:\/\/mwc-cmm.org\/es\/stories\/los-menonitas-y-el-estado\/#primaryimage\"},\"image\":{\"@id\":\"https:\/\/mwc-cmm.org\/es\/stories\/los-menonitas-y-el-estado\/#primaryimage\"},\"thumbnailUrl\":\"https:\/\/mwc-cmm.org\/wp-content\/uploads\/2024\/11\/christus_ravenna.jpg\",\"datePublished\":\"2023-11-02T00:00:00+00:00\",\"dateModified\":\"2024-12-10T18:06:12+00:00\",\"breadcrumb\":{\"@id\":\"https:\/\/mwc-cmm.org\/es\/stories\/los-menonitas-y-el-estado\/#breadcrumb\"},\"inLanguage\":\"es\",\"potentialAction\":[{\"@type\":\"ReadAction\",\"target\":[\"https:\/\/mwc-cmm.org\/es\/stories\/los-menonitas-y-el-estado\/\"]}]},{\"@type\":\"ImageObject\",\"inLanguage\":\"es\",\"@id\":\"https:\/\/mwc-cmm.org\/es\/stories\/los-menonitas-y-el-estado\/#primaryimage\",\"url\":\"https:\/\/mwc-cmm.org\/wp-content\/uploads\/2024\/11\/christus_ravenna.jpg\",\"contentUrl\":\"https:\/\/mwc-cmm.org\/wp-content\/uploads\/2024\/11\/christus_ravenna.jpg\",\"width\":940,\"height\":788},{\"@type\":\"BreadcrumbList\",\"@id\":\"https:\/\/mwc-cmm.org\/es\/stories\/los-menonitas-y-el-estado\/#breadcrumb\",\"itemListElement\":[{\"@type\":\"ListItem\",\"position\":1,\"name\":\"Home\",\"item\":\"https:\/\/mwc-cmm.org\/es\/\"},{\"@type\":\"ListItem\",\"position\":2,\"name\":\"Los menonitas y el estado\u202f\"}]},{\"@type\":\"WebSite\",\"@id\":\"https:\/\/mwc-cmm.org\/en\/#website\",\"url\":\"https:\/\/mwc-cmm.org\/en\/\",\"name\":\"Mennonite World Conference\",\"description\":\"A communion of Anabaptist-related churches\",\"publisher\":{\"@id\":\"https:\/\/mwc-cmm.org\/en\/#organization\"},\"alternateName\":\"MWC\",\"potentialAction\":[{\"@type\":\"SearchAction\",\"target\":{\"@type\":\"EntryPoint\",\"urlTemplate\":\"https:\/\/mwc-cmm.org\/en\/?s={search_term_string}\"},\"query-input\":{\"@type\":\"PropertyValueSpecification\",\"valueRequired\":true,\"valueName\":\"search_term_string\"}}],\"inLanguage\":\"es\"},{\"@type\":\"Organization\",\"@id\":\"https:\/\/mwc-cmm.org\/en\/#organization\",\"name\":\"Mennonite World Conference\",\"alternateName\":\"MWC\",\"url\":\"https:\/\/mwc-cmm.org\/en\/\",\"logo\":{\"@type\":\"ImageObject\",\"inLanguage\":\"es\",\"@id\":\"https:\/\/mwc-cmm.org\/en\/#\/schema\/logo\/image\/\",\"url\":\"https:\/\/mwc-cmm.org\/wp-content\/uploads\/2026\/01\/MWC_Sig_Blue_Horiz_webheader1-logo.svg\",\"contentUrl\":\"https:\/\/mwc-cmm.org\/wp-content\/uploads\/2026\/01\/MWC_Sig_Blue_Horiz_webheader1-logo.svg\",\"width\":786,\"height\":82,\"caption\":\"Mennonite World Conference\"},\"image\":{\"@id\":\"https:\/\/mwc-cmm.org\/en\/#\/schema\/logo\/image\/\"},\"sameAs\":[\"https:\/\/www.facebook.com\/MennoniteWorldConference\",\"https:\/\/www.linkedin.com\/company\/mennonite-world-conference-mwc\/\",\"https:\/\/www.instagram.com\/mwcmm\/\",\"https:\/\/www.youtube.com\/user\/mwccmm\",\"https:\/\/bsky.app\/profile\/mwcmm.bsky.social\"]},{\"@type\":\"Person\",\"@id\":\"https:\/\/mwc-cmm.org\/en\/#\/schema\/person\/11f6ae0d7d1868ba20a1cc27f067c836\",\"name\":\"mennworldcon\",\"image\":{\"@type\":\"ImageObject\",\"inLanguage\":\"es\",\"@id\":\"https:\/\/secure.gravatar.com\/avatar\/06fdc0dc81c157dfdb82ec42f252178a22307808988d22c043f9eb96f1e0fe80?s=96&d=mm&r=g\",\"url\":\"https:\/\/secure.gravatar.com\/avatar\/06fdc0dc81c157dfdb82ec42f252178a22307808988d22c043f9eb96f1e0fe80?s=96&d=mm&r=g\",\"contentUrl\":\"https:\/\/secure.gravatar.com\/avatar\/06fdc0dc81c157dfdb82ec42f252178a22307808988d22c043f9eb96f1e0fe80?s=96&d=mm&r=g\",\"caption\":\"mennworldcon\"},\"sameAs\":[\"https:\/\/mwc-cmm.org\"],\"url\":\"https:\/\/mwc-cmm.org\/es\/stories\/author\/mennworldcon\/\"}]}<\/script>\n<!-- \/ Yoast SEO plugin. -->","yoast_head_json":{"title":"Los menonitas y el estado\u202f - Mennonite World Conference","robots":{"index":"index","follow":"follow","max-snippet":"max-snippet:-1","max-image-preview":"max-image-preview:large","max-video-preview":"max-video-preview:-1"},"canonical":"https:\/\/mwc-cmm.org\/es\/stories\/los-menonitas-y-el-estado\/","og_locale":"es_ES","og_type":"article","og_title":"Los menonitas y el estado\u202f - Mennonite World Conference","og_description":"Cuando entramos en el reino de Dios, recibimos una nueva ciudadan\u00eda y somos libres para experimentar un nuevo tipo de pol\u00edtica; ya no somos esclavos de sistemas malvados. Pertenecemos a una nueva sociedad donde, junto con otros seguidores de Cristo, proyectamos la imagen de Jes\u00fas al mundo. Pero todav\u00eda vivimos en nuestros pa\u00edses y sociedades humanas, \u00bfverdad? \u00a1S\u00ed! Sin embargo, ahora lo hacemos como representantes del reino de Dios. \u00bfBuscamos formas de servir a nuestras comunidades humanas? S\u00ed, pero lo hacemos como embajadores del reino de Dios.&nbsp;","og_url":"https:\/\/mwc-cmm.org\/es\/stories\/los-menonitas-y-el-estado\/","og_site_name":"Mennonite World Conference","article_publisher":"https:\/\/www.facebook.com\/MennoniteWorldConference","article_published_time":"2023-11-02T00:00:00+00:00","article_modified_time":"2024-12-10T18:06:12+00:00","og_image":[{"width":940,"height":788,"url":"https:\/\/mwc-cmm.org\/wp-content\/uploads\/2024\/11\/christus_ravenna.jpg","type":"image\/jpeg"}],"author":"mennworldcon","schema":{"@context":"https:\/\/schema.org","@graph":[{"@type":"Article","@id":"https:\/\/mwc-cmm.org\/es\/stories\/los-menonitas-y-el-estado\/#article","isPartOf":{"@id":"https:\/\/mwc-cmm.org\/es\/stories\/los-menonitas-y-el-estado\/"},"author":{"name":"mennworldcon","@id":"https:\/\/mwc-cmm.org\/en\/#\/schema\/person\/11f6ae0d7d1868ba20a1cc27f067c836"},"headline":"Los menonitas y el estado\u202f","datePublished":"2023-11-02T00:00:00+00:00","dateModified":"2024-12-10T18:06:12+00:00","mainEntityOfPage":{"@id":"https:\/\/mwc-cmm.org\/es\/stories\/los-menonitas-y-el-estado\/"},"wordCount":853,"publisher":{"@id":"https:\/\/mwc-cmm.org\/en\/#organization"},"image":{"@id":"https:\/\/mwc-cmm.org\/es\/stories\/los-menonitas-y-el-estado\/#primaryimage"},"thumbnailUrl":"https:\/\/mwc-cmm.org\/wp-content\/uploads\/2024\/11\/christus_ravenna.jpg","articleSection":["Sin categorizar"],"inLanguage":"es"},{"@type":"WebPage","@id":"https:\/\/mwc-cmm.org\/es\/stories\/los-menonitas-y-el-estado\/","url":"https:\/\/mwc-cmm.org\/es\/stories\/los-menonitas-y-el-estado\/","name":"Los menonitas y el estado\u202f - Mennonite World Conference","isPartOf":{"@id":"https:\/\/mwc-cmm.org\/en\/#website"},"primaryImageOfPage":{"@id":"https:\/\/mwc-cmm.org\/es\/stories\/los-menonitas-y-el-estado\/#primaryimage"},"image":{"@id":"https:\/\/mwc-cmm.org\/es\/stories\/los-menonitas-y-el-estado\/#primaryimage"},"thumbnailUrl":"https:\/\/mwc-cmm.org\/wp-content\/uploads\/2024\/11\/christus_ravenna.jpg","datePublished":"2023-11-02T00:00:00+00:00","dateModified":"2024-12-10T18:06:12+00:00","breadcrumb":{"@id":"https:\/\/mwc-cmm.org\/es\/stories\/los-menonitas-y-el-estado\/#breadcrumb"},"inLanguage":"es","potentialAction":[{"@type":"ReadAction","target":["https:\/\/mwc-cmm.org\/es\/stories\/los-menonitas-y-el-estado\/"]}]},{"@type":"ImageObject","inLanguage":"es","@id":"https:\/\/mwc-cmm.org\/es\/stories\/los-menonitas-y-el-estado\/#primaryimage","url":"https:\/\/mwc-cmm.org\/wp-content\/uploads\/2024\/11\/christus_ravenna.jpg","contentUrl":"https:\/\/mwc-cmm.org\/wp-content\/uploads\/2024\/11\/christus_ravenna.jpg","width":940,"height":788},{"@type":"BreadcrumbList","@id":"https:\/\/mwc-cmm.org\/es\/stories\/los-menonitas-y-el-estado\/#breadcrumb","itemListElement":[{"@type":"ListItem","position":1,"name":"Home","item":"https:\/\/mwc-cmm.org\/es\/"},{"@type":"ListItem","position":2,"name":"Los menonitas y el estado\u202f"}]},{"@type":"WebSite","@id":"https:\/\/mwc-cmm.org\/en\/#website","url":"https:\/\/mwc-cmm.org\/en\/","name":"Mennonite World Conference","description":"A communion of Anabaptist-related churches","publisher":{"@id":"https:\/\/mwc-cmm.org\/en\/#organization"},"alternateName":"MWC","potentialAction":[{"@type":"SearchAction","target":{"@type":"EntryPoint","urlTemplate":"https:\/\/mwc-cmm.org\/en\/?s={search_term_string}"},"query-input":{"@type":"PropertyValueSpecification","valueRequired":true,"valueName":"search_term_string"}}],"inLanguage":"es"},{"@type":"Organization","@id":"https:\/\/mwc-cmm.org\/en\/#organization","name":"Mennonite World Conference","alternateName":"MWC","url":"https:\/\/mwc-cmm.org\/en\/","logo":{"@type":"ImageObject","inLanguage":"es","@id":"https:\/\/mwc-cmm.org\/en\/#\/schema\/logo\/image\/","url":"https:\/\/mwc-cmm.org\/wp-content\/uploads\/2026\/01\/MWC_Sig_Blue_Horiz_webheader1-logo.svg","contentUrl":"https:\/\/mwc-cmm.org\/wp-content\/uploads\/2026\/01\/MWC_Sig_Blue_Horiz_webheader1-logo.svg","width":786,"height":82,"caption":"Mennonite World Conference"},"image":{"@id":"https:\/\/mwc-cmm.org\/en\/#\/schema\/logo\/image\/"},"sameAs":["https:\/\/www.facebook.com\/MennoniteWorldConference","https:\/\/www.linkedin.com\/company\/mennonite-world-conference-mwc\/","https:\/\/www.instagram.com\/mwcmm\/","https:\/\/www.youtube.com\/user\/mwccmm","https:\/\/bsky.app\/profile\/mwcmm.bsky.social"]},{"@type":"Person","@id":"https:\/\/mwc-cmm.org\/en\/#\/schema\/person\/11f6ae0d7d1868ba20a1cc27f067c836","name":"mennworldcon","image":{"@type":"ImageObject","inLanguage":"es","@id":"https:\/\/secure.gravatar.com\/avatar\/06fdc0dc81c157dfdb82ec42f252178a22307808988d22c043f9eb96f1e0fe80?s=96&d=mm&r=g","url":"https:\/\/secure.gravatar.com\/avatar\/06fdc0dc81c157dfdb82ec42f252178a22307808988d22c043f9eb96f1e0fe80?s=96&d=mm&r=g","contentUrl":"https:\/\/secure.gravatar.com\/avatar\/06fdc0dc81c157dfdb82ec42f252178a22307808988d22c043f9eb96f1e0fe80?s=96&d=mm&r=g","caption":"mennworldcon"},"sameAs":["https:\/\/mwc-cmm.org"],"url":"https:\/\/mwc-cmm.org\/es\/stories\/author\/mennworldcon\/"}]}},"_links":{"self":[{"href":"https:\/\/mwc-cmm.org\/es\/wp-json\/wp\/v2\/posts\/9420","targetHints":{"allow":["GET"]}}],"collection":[{"href":"https:\/\/mwc-cmm.org\/es\/wp-json\/wp\/v2\/posts"}],"about":[{"href":"https:\/\/mwc-cmm.org\/es\/wp-json\/wp\/v2\/types\/post"}],"author":[{"embeddable":true,"href":"https:\/\/mwc-cmm.org\/es\/wp-json\/wp\/v2\/users\/1"}],"replies":[{"embeddable":true,"href":"https:\/\/mwc-cmm.org\/es\/wp-json\/wp\/v2\/comments?post=9420"}],"version-history":[{"count":0,"href":"https:\/\/mwc-cmm.org\/es\/wp-json\/wp\/v2\/posts\/9420\/revisions"}],"wp:featuredmedia":[{"embeddable":true,"href":"https:\/\/mwc-cmm.org\/es\/wp-json\/wp\/v2\/media\/97512"}],"wp:attachment":[{"href":"https:\/\/mwc-cmm.org\/es\/wp-json\/wp\/v2\/media?parent=9420"}],"wp:term":[{"taxonomy":"category","embeddable":true,"href":"https:\/\/mwc-cmm.org\/es\/wp-json\/wp\/v2\/categories?post=9420"},{"taxonomy":"post_tag","embeddable":true,"href":"https:\/\/mwc-cmm.org\/es\/wp-json\/wp\/v2\/tags?post=9420"},{"taxonomy":"network","embeddable":true,"href":"https:\/\/mwc-cmm.org\/es\/wp-json\/wp\/v2\/network?post=9420"},{"taxonomy":"eventcategory","embeddable":true,"href":"https:\/\/mwc-cmm.org\/es\/wp-json\/wp\/v2\/eventcategory?post=9420"}],"curies":[{"name":"wp","href":"https:\/\/api.w.org\/{rel}","templated":true}]}}