{"id":9418,"date":"2023-10-21T00:00:00","date_gmt":"2023-10-21T00:00:00","guid":{"rendered":"https:\/\/mwc-cmm.org\/interconnected-family-celebrates-peace-2\/"},"modified":"2024-12-10T18:06:10","modified_gmt":"2024-12-10T18:06:10","slug":"la-familia-interconectada-celebra-la-paz","status":"publish","type":"post","link":"https:\/\/mwc-cmm.org\/es\/stories\/la-familia-interconectada-celebra-la-paz\/","title":{"rendered":"La familia interconectada celebra la paz"},"content":{"rendered":"<p>Peace \u2013 Paix \u2013 Amani \u2013 Mirembe: Los ni\u00f1os de una iglesia Menonita de Uganda escribieron la palabra \u201cPaz\u201d en varios idiomas (ingl\u00e9s, franc\u00e9s, swahili, luganda). (Ver foto abajo.)<\/p>\n<p>Cada a\u00f1o, la Comisi\u00f3n de Paz prepara un documento con recursos para el culto para el Domingo de la Paz. El paquete est\u00e1 organizado en torno a un tema nuevo cada a\u00f1o e incluye un enfoque b\u00edblico, oraciones, una actividad y un recurso did\u00e1ctico.&nbsp;<\/p>\n<p>Las congregaciones de alrededor del mundo seleccionan porciones \u00fatiles de estos recursos para adaptarlas a su propio culto.&nbsp;<\/p>\n<p>Las congregaciones de la CEM (Comunidad Evang\u00e9lica Menonita) del distrito de Mbujimayi se reunieron en la parroquia de Sangilayi para un culto unido de reconciliaci\u00f3n. \u201cNuestra alegr\u00eda fue a\u00fan mayor porque los miembros de la CEM est\u00e1n experimentando felices la paz del Se\u00f1or despu\u00e9s de un largo per\u00edodo de conflictos de liderazgo\u201d, explica Jean Felix Cimbalanga, presidente de la CEM.&nbsp;<\/p>\n<p style=\"text-align:center\"><a data-flickr-embed=\"true\" data-header=\"true\" href=\"https:\/\/www.flickr.com\/photos\/mwcmm\/53271560144\/\" title=\"20230917JeanFellyNtumbaIMG_20230917_121643_9\"><img decoding=\"async\" alt=\"20230917JeanFellyNtumbaIMG_20230917_121643_9\" height=\"360\" data-src=\"https:\/\/live.staticflickr.com\/65535\/53271560144_9d106df2fb_z.jpg\" width=\"640\" src=\"data:image\/svg+xml;base64,PHN2ZyB3aWR0aD0iMSIgaGVpZ2h0PSIxIiB4bWxucz0iaHR0cDovL3d3dy53My5vcmcvMjAwMC9zdmciPjwvc3ZnPg==\" class=\"lazyload\" style=\"--smush-placeholder-width: 640px; --smush-placeholder-aspect-ratio: 640\/360;\"><\/a><\/p>\n<p>En grupos peque\u00f1os, miembros de las Iglesias Hermanos Menonitas en Soacha, Colombia, intercedieron por cada una de las peticiones de oraci\u00f3n que se encuentran en el paquete de recursos para el culto.&nbsp;<\/p>\n<p style=\"text-align:center\"><a data-flickr-embed=\"true\" data-header=\"true\" href=\"https:\/\/www.flickr.com\/photos\/mwcmm\/53230596361\/in\/album-72177720311645395\/\" title=\"20230917JuanFranciscoNovoaDuque IMG_20230917_113749\"><img decoding=\"async\" alt=\"20230917JuanFranciscoNovoaDuque IMG_20230917_113749\" height=\"288\" data-src=\"https:\/\/live.staticflickr.com\/65535\/53230596361_006d178208_z.jpg\" width=\"640\" src=\"data:image\/svg+xml;base64,PHN2ZyB3aWR0aD0iMSIgaGVpZ2h0PSIxIiB4bWxucz0iaHR0cDovL3d3dy53My5vcmcvMjAwMC9zdmciPjwvc3ZnPg==\" class=\"lazyload\" style=\"--smush-placeholder-width: 640px; --smush-placeholder-aspect-ratio: 640\/288;\"><\/a><\/p>\n<p>(En la foto, de izquierda a derecha) Reverendo Pastor Jean-Pierre Muya, secretario general y representante legal de la Comunidad Menonita del Congo (CMCo); Robert Irundu, secretario administrativo y financiero de CMCo (traje azul); y Mozart Muzembe, cantor de la iglesia; plantaron un \u00e1rbol de mango en los terrenos de la iglesia. \u201cEs un s\u00edmbolo de paz y unidad, porque todos somos parte de la familia de Dios\u201d. declara Simon Kashal Tshiey. \u201cEste \u00e1rbol pronto nos unir\u00e1 a todos por medio de su fruto y su sombra\u201d.&nbsp;<\/p>\n<p style=\"text-align:center\"><a data-flickr-embed=\"true\" data-header=\"true\" href=\"https:\/\/www.flickr.com\/photos\/mwcmm\/53230977944\/in\/album-72177720311645395\/\" title=\"20230902RobertIrundu20230917_122605\"><img decoding=\"async\" alt=\"20230902RobertIrundu20230917_122605\" height=\"480\" data-src=\"https:\/\/live.staticflickr.com\/65535\/53230977944_f59ee721de_z.jpg\" width=\"640\" src=\"data:image\/svg+xml;base64,PHN2ZyB3aWR0aD0iMSIgaGVpZ2h0PSIxIiB4bWxucz0iaHR0cDovL3d3dy53My5vcmcvMjAwMC9zdmciPjwvc3ZnPg==\" class=\"lazyload\" style=\"--smush-placeholder-width: 640px; --smush-placeholder-aspect-ratio: 640\/480;\"><\/a><\/p>\n<p>\u201cA trav\u00e9s de la celebraci\u00f3n del Domingo de la Paz, fuimos animados a convertirnos en testigos de la paz de Dios en nuestra vida cotidiana\u201d, afirma Ashish Milap, pastor de la Iglesia Menonita Bethel, Balogdogan, India.&nbsp;<\/p>\n<p>Los voluntarios internacionales del Comit\u00e9 Central Menonita Elizabeth Joy Nalliyah de EE. UU. (SALT) y Luyando Munangobe de Zambia (YAMEN) fueron invitados especiales al culto de Betel. \u201cEsto seguramente nos ha unido y alentado a saber que somos una gran familia\u201d, expresa Ashish Milap.&nbsp;<\/p>\n<p>El se\u00f1or Amos Ganjboir junto con Rajendra Masih, Shoshanna y algunos j\u00f3venes de la iglesia elaboraron un cartel de \u00e1rbol para el culto. El pegar sus hojas a las ramas ayuda a la congregaci\u00f3n a comprender que \u201ctodos en esta familia somos importantes y estamos conectados entre nosotros. Y nuestra familia es m\u00e1s grande de lo que creemos\u201d, explica Ashish Milap.&nbsp;<\/p>\n<p style=\"text-align:center\"><a data-flickr-embed=\"true\" data-header=\"true\" href=\"https:\/\/www.flickr.com\/photos\/mwcmm\/53230948223\/in\/album-72177720311645395\/\" title=\"20230924AshishKumarMilapthumbnail_IMG_20230923_161155\"><img decoding=\"async\" alt=\"20230924AshishKumarMilapthumbnail_IMG_20230923_161155\" height=\"295\" data-src=\"https:\/\/live.staticflickr.com\/65535\/53230948223_f3d06b52ff_z.jpg\" width=\"640\" src=\"data:image\/svg+xml;base64,PHN2ZyB3aWR0aD0iMSIgaGVpZ2h0PSIxIiB4bWxucz0iaHR0cDovL3d3dy53My5vcmcvMjAwMC9zdmciPjwvc3ZnPg==\" class=\"lazyload\" style=\"--smush-placeholder-width: 640px; --smush-placeholder-aspect-ratio: 640\/295;\"><\/a><\/p>\n<p>Wincy Wan, de la iglesia Menonita de Hong Kong, comparti\u00f3 historias de la <a href=\"https:\/\/mwc-cmm.org\/en\/stories\/third-peace-conference-brings-faith-and-peace-together\">Conferencia y Festival Mundial Menonita de Construcci\u00f3n de Paz<\/a> sobre \u201cc\u00f3mo nuestro padre justo est\u00e1 utilizando al CMM para transformar las injusticias\u201d. Como miembro de la <a href=\"https:\/\/mwc-cmm.org\/es\/node\/145\">Comisi\u00f3n de Paz<\/a>, ella desafi\u00f3 a la congregaci\u00f3n: \u201c\u00bfC\u00f3mo compartimos la paz y el amor con nuestro pr\u00f3jimo? \u00bfPodemos estar alerta al trauma que nos rodea? \u00bfPodemos caminar en compa\u00f1\u00eda de las personas que sufren\u201d?&nbsp;<\/p>\n<p style=\"text-align:center\"><a data-flickr-embed=\"true\" data-header=\"true\" href=\"https:\/\/www.flickr.com\/photos\/mwcmm\/53229726517\/in\/album-72177720311645395\/\" title=\"20230917MennoniteHongKongFamily Sunday P5\"><img decoding=\"async\" alt=\"20230917MennoniteHongKongFamily Sunday P5\" height=\"424\" data-src=\"https:\/\/live.staticflickr.com\/65535\/53229726517_5a7cce477f_z.jpg\" width=\"640\" src=\"data:image\/svg+xml;base64,PHN2ZyB3aWR0aD0iMSIgaGVpZ2h0PSIxIiB4bWxucz0iaHR0cDovL3d3dy53My5vcmcvMjAwMC9zdmciPjwvc3ZnPg==\" class=\"lazyload\" style=\"--smush-placeholder-width: 640px; --smush-placeholder-aspect-ratio: 640\/424;\"><\/a><\/p>\n<p>En el D\u00eda de la Paz del 2023, el Rev. Maira Benjamin Migire, pastor de <em>Kanisa la Mennonite Tanzania<\/em>, se uni\u00f3 a un di\u00e1logo con l\u00edderes cristianos y musulmanes sobre la paz en Zanz\u00edbar, Tanzania.&nbsp;<\/p>\n<p style=\"text-align:center\"><a data-flickr-embed=\"true\" data-header=\"true\" href=\"https:\/\/www.flickr.com\/photos\/mwcmm\/53271583969\/in\/album-72177720311645395\/\" title=\"20230921MairaBenjaminMigireWhatsApp Image 2023-09-21 at 23.01.57\"><img decoding=\"async\" alt=\"20230921MairaBenjaminMigireWhatsApp Image 2023-09-21 at 23.01.57\" height=\"640\" data-src=\"https:\/\/live.staticflickr.com\/65535\/53271583969_9bda403f6e_z.jpg\" width=\"480\" src=\"data:image\/svg+xml;base64,PHN2ZyB3aWR0aD0iMSIgaGVpZ2h0PSIxIiB4bWxucz0iaHR0cDovL3d3dy53My5vcmcvMjAwMC9zdmciPjwvc3ZnPg==\" class=\"lazyload\" style=\"--smush-placeholder-width: 480px; --smush-placeholder-aspect-ratio: 480\/640;\"><\/a><\/p>\n<p>Las congregaciones de los Hermanos en Cristo en Nepal celebraron el Domingo de la Paz con su culto habitual de los s\u00e1bados. Tomaron una ofrenda especial y oraron por la paz en la familia, la iglesia, el vecindario, la comunidad en general, la naci\u00f3n y la comunidad anabautista mundial, especialmente por Ucrania y Myanmar.&nbsp;<\/p>\n<p style=\"text-align:center\"><a data-flickr-embed=\"true\" data-header=\"true\" href=\"https:\/\/www.flickr.com\/photos\/mwcmm\/53229739592\/in\/album-72177720311645395\/\" title=\"20230916BICNepalWhatsApp Image 2023-09-25 at 20.48.03\"><img decoding=\"async\" alt=\"20230916BICNepalWhatsApp Image 2023-09-25 at 20.48.03\" height=\"288\" data-src=\"https:\/\/live.staticflickr.com\/65535\/53229739592_9863264ee5_z.jpg\" width=\"640\" src=\"data:image\/svg+xml;base64,PHN2ZyB3aWR0aD0iMSIgaGVpZ2h0PSIxIiB4bWxucz0iaHR0cDovL3d3dy53My5vcmcvMjAwMC9zdmciPjwvc3ZnPg==\" class=\"lazyload\" style=\"--smush-placeholder-width: 640px; --smush-placeholder-aspect-ratio: 640\/288;\"><\/a><\/p>\n<p>Peace \u2013 Paix \u2013 Amani \u2013 Mirembe: Los ni\u00f1os de una iglesia Menonita de Uganda escribieron la palabra \u201cPaz\u201d en varios idiomas.&nbsp;<\/p>\n<p style=\"text-align:center\"><a data-flickr-embed=\"true\" data-header=\"true\" href=\"https:\/\/www.flickr.com\/photos\/mwcmm\/53231002189\/in\/album-72177720311645395\/\" title=\"20230917CEDanielSnapchat-1743778233\"><img decoding=\"async\" alt=\"20230917CEDanielSnapchat-1743778233\" height=\"416\" data-src=\"https:\/\/live.staticflickr.com\/65535\/53231002189_7551a28289_z.jpg\" width=\"640\" src=\"data:image\/svg+xml;base64,PHN2ZyB3aWR0aD0iMSIgaGVpZ2h0PSIxIiB4bWxucz0iaHR0cDovL3d3dy53My5vcmcvMjAwMC9zdmciPjwvc3ZnPg==\" class=\"lazyload\" style=\"--smush-placeholder-width: 640px; --smush-placeholder-aspect-ratio: 640\/416;\"><\/a><\/p>\n<p>En la Iglesia B\u00edblica Menonita de Maytalang en Filipinas, \u201cNanay\u201d (madre) Juana, la participante de mayor edad (83 a\u00f1os) y Aya, la participante m\u00e1s joven (1 a\u00f1o), pegaron una hoja dorada en el \u00e1rbol de la paz de las conexiones familiares.&nbsp;<\/p>\n<p style=\"text-align:center\"><a data-flickr-embed=\"true\" data-header=\"true\" href=\"https:\/\/www.flickr.com\/photos\/mwcmm\/53230612901\/in\/album-72177720311645395\/\" title=\"20230917RichardARancap20230917_170806\"><img decoding=\"async\" alt=\"20230917RichardARancap20230917_170806\" height=\"480\" data-src=\"https:\/\/live.staticflickr.com\/65535\/53230612901_42e69f3ceb_z.jpg\" width=\"640\" src=\"data:image\/svg+xml;base64,PHN2ZyB3aWR0aD0iMSIgaGVpZ2h0PSIxIiB4bWxucz0iaHR0cDovL3d3dy53My5vcmcvMjAwMC9zdmciPjwvc3ZnPg==\" class=\"lazyload\" style=\"--smush-placeholder-width: 640px; --smush-placeholder-aspect-ratio: 640\/480;\"><\/a><\/p>\n<hr>\n<p><em>Dios creador, hermano Jes\u00fas, Esp\u00edritu reconciliador, ens\u00e9\u00f1anos a construir la paz cada d\u00eda. Ay\u00fadanos a ver tu imagen en cada persona que conocemos, incluidos nuestros enemigos. Ay\u00fadanos a reconocer nuestra interconexi\u00f3n. Danos valor para defender a los dem\u00e1s reconociendo que estamos interconectados.&nbsp;<\/em><\/p>\n<p style=\"text-align:center\"><a href=\"https:\/\/mwc-cmm.org\/es\/done-ahora\"><img decoding=\"async\" alt=\"Con su apoyo, podemos recopilar historias, ense\u00f1anzas y actividades sobre la paz para compartir con nuestras iglesias a trav\u00e9s de los recursos para el culto del Domingo de la Paz. \" height=\"300\" data-src=\"\/sites\/default\/files\/website_files_2020\/ps23_sp_0.jpg\" width=\"810\" src=\"data:image\/svg+xml;base64,PHN2ZyB3aWR0aD0iMSIgaGVpZ2h0PSIxIiB4bWxucz0iaHR0cDovL3d3dy53My5vcmcvMjAwMC9zdmciPjwvc3ZnPg==\" class=\"lazyload\" style=\"--smush-placeholder-width: 810px; --smush-placeholder-aspect-ratio: 810\/300;\"><\/a><\/p>\n<p>&nbsp;<\/p>\n","protected":false},"excerpt":{"rendered":"<p>Cada a\u00f1o, la Comisi\u00f3n de Paz prepara un documento con recursos para el culto para el Domingo de la Paz. El paquete est\u00e1 organizado en torno a un tema nuevo cada a\u00f1o e incluye un enfoque b\u00edblico, oraciones, una actividad y un recurso did\u00e1ctico.<\/p>\n<p>Las congregaciones de alrededor del mundo seleccionan porciones \u00fatiles de estos recursos para adaptarlas a su propio culto.<\/p>\n","protected":false},"author":1,"featured_media":97498,"comment_status":"closed","ping_status":"closed","sticky":false,"template":"","format":"standard","meta":{"_acf_changed":false,"footnotes":""},"categories":[6],"tags":[1058,1170,473,754],"network":[1253],"eventcategory":[],"class_list":["post-9418","post","type-post","status-publish","format-standard","has-post-thumbnail","hentry","category-sin-categorizar","tag-comision-de-paz","tag-india-es","tag-paz","tag-rd-congo","network-peace-commission-es"],"acf":[],"yoast_head":"<!-- This site is optimized with the Yoast SEO plugin v27.5 - https:\/\/yoast.com\/product\/yoast-seo-wordpress\/ -->\n<title>La familia interconectada celebra la paz - Mennonite World Conference<\/title>\n<meta name=\"robots\" content=\"index, follow, max-snippet:-1, max-image-preview:large, max-video-preview:-1\" \/>\n<link rel=\"canonical\" href=\"https:\/\/mwc-cmm.org\/es\/stories\/la-familia-interconectada-celebra-la-paz\/\" \/>\n<meta property=\"og:locale\" content=\"es_ES\" \/>\n<meta property=\"og:type\" content=\"article\" \/>\n<meta property=\"og:title\" content=\"La familia interconectada celebra la paz - Mennonite World Conference\" \/>\n<meta property=\"og:description\" content=\"Cada a\u00f1o, la Comisi\u00f3n de Paz prepara un documento con recursos para el culto para el Domingo de la Paz. El paquete est\u00e1 organizado en torno a un tema nuevo cada a\u00f1o e incluye un enfoque b\u00edblico, oraciones, una actividad y un recurso did\u00e1ctico. Las congregaciones de alrededor del mundo seleccionan porciones \u00fatiles de estos recursos para adaptarlas a su propio culto.\" \/>\n<meta property=\"og:url\" content=\"https:\/\/mwc-cmm.org\/es\/stories\/la-familia-interconectada-celebra-la-paz\/\" \/>\n<meta property=\"og:site_name\" content=\"Mennonite World Conference\" \/>\n<meta property=\"article:publisher\" content=\"https:\/\/www.facebook.com\/MennoniteWorldConference\" \/>\n<meta property=\"article:published_time\" content=\"2023-10-21T00:00:00+00:00\" \/>\n<meta property=\"article:modified_time\" content=\"2024-12-10T18:06:10+00:00\" \/>\n<meta property=\"og:image\" content=\"https:\/\/mwc-cmm.org\/wp-content\/uploads\/2024\/11\/20230917amoschinwhatsapp_image_2023-09-23_at_00.13.01_2.jpeg\" \/>\n\t<meta property=\"og:image:width\" content=\"860\" \/>\n\t<meta property=\"og:image:height\" content=\"594\" \/>\n\t<meta property=\"og:image:type\" content=\"image\/jpeg\" \/>\n<meta name=\"author\" content=\"mennworldcon\" \/>\n<script type=\"application\/ld+json\" class=\"yoast-schema-graph\">{\"@context\":\"https:\\\/\\\/schema.org\",\"@graph\":[{\"@type\":\"Article\",\"@id\":\"https:\\\/\\\/mwc-cmm.org\\\/es\\\/stories\\\/la-familia-interconectada-celebra-la-paz\\\/#article\",\"isPartOf\":{\"@id\":\"https:\\\/\\\/mwc-cmm.org\\\/es\\\/stories\\\/la-familia-interconectada-celebra-la-paz\\\/\"},\"author\":{\"name\":\"mennworldcon\",\"@id\":\"https:\\\/\\\/mwc-cmm.org\\\/en\\\/#\\\/schema\\\/person\\\/11f6ae0d7d1868ba20a1cc27f067c836\"},\"headline\":\"La familia interconectada celebra la paz\",\"datePublished\":\"2023-10-21T00:00:00+00:00\",\"dateModified\":\"2024-12-10T18:06:10+00:00\",\"mainEntityOfPage\":{\"@id\":\"https:\\\/\\\/mwc-cmm.org\\\/es\\\/stories\\\/la-familia-interconectada-celebra-la-paz\\\/\"},\"wordCount\":741,\"publisher\":{\"@id\":\"https:\\\/\\\/mwc-cmm.org\\\/en\\\/#organization\"},\"image\":{\"@id\":\"https:\\\/\\\/mwc-cmm.org\\\/es\\\/stories\\\/la-familia-interconectada-celebra-la-paz\\\/#primaryimage\"},\"thumbnailUrl\":\"https:\\\/\\\/mwc-cmm.org\\\/wp-content\\\/uploads\\\/2024\\\/11\\\/20230917amoschinwhatsapp_image_2023-09-23_at_00.13.01_2.jpeg\",\"keywords\":[\"Comisi\u00f3n de Paz\",\"India\",\"paz\",\"RD Congo\"],\"articleSection\":[\"Sin categorizar\"],\"inLanguage\":\"es\"},{\"@type\":\"WebPage\",\"@id\":\"https:\\\/\\\/mwc-cmm.org\\\/es\\\/stories\\\/la-familia-interconectada-celebra-la-paz\\\/\",\"url\":\"https:\\\/\\\/mwc-cmm.org\\\/es\\\/stories\\\/la-familia-interconectada-celebra-la-paz\\\/\",\"name\":\"La familia interconectada celebra la paz - Mennonite World Conference\",\"isPartOf\":{\"@id\":\"https:\\\/\\\/mwc-cmm.org\\\/en\\\/#website\"},\"primaryImageOfPage\":{\"@id\":\"https:\\\/\\\/mwc-cmm.org\\\/es\\\/stories\\\/la-familia-interconectada-celebra-la-paz\\\/#primaryimage\"},\"image\":{\"@id\":\"https:\\\/\\\/mwc-cmm.org\\\/es\\\/stories\\\/la-familia-interconectada-celebra-la-paz\\\/#primaryimage\"},\"thumbnailUrl\":\"https:\\\/\\\/mwc-cmm.org\\\/wp-content\\\/uploads\\\/2024\\\/11\\\/20230917amoschinwhatsapp_image_2023-09-23_at_00.13.01_2.jpeg\",\"datePublished\":\"2023-10-21T00:00:00+00:00\",\"dateModified\":\"2024-12-10T18:06:10+00:00\",\"breadcrumb\":{\"@id\":\"https:\\\/\\\/mwc-cmm.org\\\/es\\\/stories\\\/la-familia-interconectada-celebra-la-paz\\\/#breadcrumb\"},\"inLanguage\":\"es\",\"potentialAction\":[{\"@type\":\"ReadAction\",\"target\":[\"https:\\\/\\\/mwc-cmm.org\\\/es\\\/stories\\\/la-familia-interconectada-celebra-la-paz\\\/\"]}]},{\"@type\":\"ImageObject\",\"inLanguage\":\"es\",\"@id\":\"https:\\\/\\\/mwc-cmm.org\\\/es\\\/stories\\\/la-familia-interconectada-celebra-la-paz\\\/#primaryimage\",\"url\":\"https:\\\/\\\/mwc-cmm.org\\\/wp-content\\\/uploads\\\/2024\\\/11\\\/20230917amoschinwhatsapp_image_2023-09-23_at_00.13.01_2.jpeg\",\"contentUrl\":\"https:\\\/\\\/mwc-cmm.org\\\/wp-content\\\/uploads\\\/2024\\\/11\\\/20230917amoschinwhatsapp_image_2023-09-23_at_00.13.01_2.jpeg\",\"width\":860,\"height\":594},{\"@type\":\"BreadcrumbList\",\"@id\":\"https:\\\/\\\/mwc-cmm.org\\\/es\\\/stories\\\/la-familia-interconectada-celebra-la-paz\\\/#breadcrumb\",\"itemListElement\":[{\"@type\":\"ListItem\",\"position\":1,\"name\":\"Home\",\"item\":\"https:\\\/\\\/mwc-cmm.org\\\/es\\\/\"},{\"@type\":\"ListItem\",\"position\":2,\"name\":\"La familia interconectada celebra la paz\"}]},{\"@type\":\"WebSite\",\"@id\":\"https:\\\/\\\/mwc-cmm.org\\\/en\\\/#website\",\"url\":\"https:\\\/\\\/mwc-cmm.org\\\/en\\\/\",\"name\":\"Mennonite World Conference\",\"description\":\"A communion of Anabaptist-related churches\",\"publisher\":{\"@id\":\"https:\\\/\\\/mwc-cmm.org\\\/en\\\/#organization\"},\"alternateName\":\"MWC\",\"potentialAction\":[{\"@type\":\"SearchAction\",\"target\":{\"@type\":\"EntryPoint\",\"urlTemplate\":\"https:\\\/\\\/mwc-cmm.org\\\/en\\\/?s={search_term_string}\"},\"query-input\":{\"@type\":\"PropertyValueSpecification\",\"valueRequired\":true,\"valueName\":\"search_term_string\"}}],\"inLanguage\":\"es\"},{\"@type\":\"Organization\",\"@id\":\"https:\\\/\\\/mwc-cmm.org\\\/en\\\/#organization\",\"name\":\"Mennonite World Conference\",\"alternateName\":\"MWC\",\"url\":\"https:\\\/\\\/mwc-cmm.org\\\/en\\\/\",\"logo\":{\"@type\":\"ImageObject\",\"inLanguage\":\"es\",\"@id\":\"https:\\\/\\\/mwc-cmm.org\\\/en\\\/#\\\/schema\\\/logo\\\/image\\\/\",\"url\":\"https:\\\/\\\/mwc-cmm.org\\\/wp-content\\\/uploads\\\/2026\\\/01\\\/MWC_Sig_Blue_Horiz_webheader1-logo.svg\",\"contentUrl\":\"https:\\\/\\\/mwc-cmm.org\\\/wp-content\\\/uploads\\\/2026\\\/01\\\/MWC_Sig_Blue_Horiz_webheader1-logo.svg\",\"width\":786,\"height\":82,\"caption\":\"Mennonite World Conference\"},\"image\":{\"@id\":\"https:\\\/\\\/mwc-cmm.org\\\/en\\\/#\\\/schema\\\/logo\\\/image\\\/\"},\"sameAs\":[\"https:\\\/\\\/www.facebook.com\\\/MennoniteWorldConference\",\"https:\\\/\\\/www.linkedin.com\\\/company\\\/mennonite-world-conference-mwc\\\/\",\"https:\\\/\\\/www.instagram.com\\\/mwcmm\\\/\",\"https:\\\/\\\/www.youtube.com\\\/user\\\/mwccmm\",\"https:\\\/\\\/bsky.app\\\/profile\\\/mwcmm.bsky.social\"]},{\"@type\":\"Person\",\"@id\":\"https:\\\/\\\/mwc-cmm.org\\\/en\\\/#\\\/schema\\\/person\\\/11f6ae0d7d1868ba20a1cc27f067c836\",\"name\":\"mennworldcon\",\"image\":{\"@type\":\"ImageObject\",\"inLanguage\":\"es\",\"@id\":\"https:\\\/\\\/secure.gravatar.com\\\/avatar\\\/06fdc0dc81c157dfdb82ec42f252178a22307808988d22c043f9eb96f1e0fe80?s=96&d=mm&r=g\",\"url\":\"https:\\\/\\\/secure.gravatar.com\\\/avatar\\\/06fdc0dc81c157dfdb82ec42f252178a22307808988d22c043f9eb96f1e0fe80?s=96&d=mm&r=g\",\"contentUrl\":\"https:\\\/\\\/secure.gravatar.com\\\/avatar\\\/06fdc0dc81c157dfdb82ec42f252178a22307808988d22c043f9eb96f1e0fe80?s=96&d=mm&r=g\",\"caption\":\"mennworldcon\"},\"sameAs\":[\"https:\\\/\\\/mwc-cmm.org\"],\"url\":\"https:\\\/\\\/mwc-cmm.org\\\/es\\\/stories\\\/author\\\/mennworldcon\\\/\"}]}<\/script>\n<!-- \/ Yoast SEO plugin. -->","yoast_head_json":{"title":"La familia interconectada celebra la paz - Mennonite World Conference","robots":{"index":"index","follow":"follow","max-snippet":"max-snippet:-1","max-image-preview":"max-image-preview:large","max-video-preview":"max-video-preview:-1"},"canonical":"https:\/\/mwc-cmm.org\/es\/stories\/la-familia-interconectada-celebra-la-paz\/","og_locale":"es_ES","og_type":"article","og_title":"La familia interconectada celebra la paz - Mennonite World Conference","og_description":"Cada a\u00f1o, la Comisi\u00f3n de Paz prepara un documento con recursos para el culto para el Domingo de la Paz. El paquete est\u00e1 organizado en torno a un tema nuevo cada a\u00f1o e incluye un enfoque b\u00edblico, oraciones, una actividad y un recurso did\u00e1ctico. Las congregaciones de alrededor del mundo seleccionan porciones \u00fatiles de estos recursos para adaptarlas a su propio culto.","og_url":"https:\/\/mwc-cmm.org\/es\/stories\/la-familia-interconectada-celebra-la-paz\/","og_site_name":"Mennonite World Conference","article_publisher":"https:\/\/www.facebook.com\/MennoniteWorldConference","article_published_time":"2023-10-21T00:00:00+00:00","article_modified_time":"2024-12-10T18:06:10+00:00","og_image":[{"width":860,"height":594,"url":"https:\/\/mwc-cmm.org\/wp-content\/uploads\/2024\/11\/20230917amoschinwhatsapp_image_2023-09-23_at_00.13.01_2.jpeg","type":"image\/jpeg"}],"author":"mennworldcon","schema":{"@context":"https:\/\/schema.org","@graph":[{"@type":"Article","@id":"https:\/\/mwc-cmm.org\/es\/stories\/la-familia-interconectada-celebra-la-paz\/#article","isPartOf":{"@id":"https:\/\/mwc-cmm.org\/es\/stories\/la-familia-interconectada-celebra-la-paz\/"},"author":{"name":"mennworldcon","@id":"https:\/\/mwc-cmm.org\/en\/#\/schema\/person\/11f6ae0d7d1868ba20a1cc27f067c836"},"headline":"La familia interconectada celebra la paz","datePublished":"2023-10-21T00:00:00+00:00","dateModified":"2024-12-10T18:06:10+00:00","mainEntityOfPage":{"@id":"https:\/\/mwc-cmm.org\/es\/stories\/la-familia-interconectada-celebra-la-paz\/"},"wordCount":741,"publisher":{"@id":"https:\/\/mwc-cmm.org\/en\/#organization"},"image":{"@id":"https:\/\/mwc-cmm.org\/es\/stories\/la-familia-interconectada-celebra-la-paz\/#primaryimage"},"thumbnailUrl":"https:\/\/mwc-cmm.org\/wp-content\/uploads\/2024\/11\/20230917amoschinwhatsapp_image_2023-09-23_at_00.13.01_2.jpeg","keywords":["Comisi\u00f3n de Paz","India","paz","RD Congo"],"articleSection":["Sin categorizar"],"inLanguage":"es"},{"@type":"WebPage","@id":"https:\/\/mwc-cmm.org\/es\/stories\/la-familia-interconectada-celebra-la-paz\/","url":"https:\/\/mwc-cmm.org\/es\/stories\/la-familia-interconectada-celebra-la-paz\/","name":"La familia interconectada celebra la paz - Mennonite World Conference","isPartOf":{"@id":"https:\/\/mwc-cmm.org\/en\/#website"},"primaryImageOfPage":{"@id":"https:\/\/mwc-cmm.org\/es\/stories\/la-familia-interconectada-celebra-la-paz\/#primaryimage"},"image":{"@id":"https:\/\/mwc-cmm.org\/es\/stories\/la-familia-interconectada-celebra-la-paz\/#primaryimage"},"thumbnailUrl":"https:\/\/mwc-cmm.org\/wp-content\/uploads\/2024\/11\/20230917amoschinwhatsapp_image_2023-09-23_at_00.13.01_2.jpeg","datePublished":"2023-10-21T00:00:00+00:00","dateModified":"2024-12-10T18:06:10+00:00","breadcrumb":{"@id":"https:\/\/mwc-cmm.org\/es\/stories\/la-familia-interconectada-celebra-la-paz\/#breadcrumb"},"inLanguage":"es","potentialAction":[{"@type":"ReadAction","target":["https:\/\/mwc-cmm.org\/es\/stories\/la-familia-interconectada-celebra-la-paz\/"]}]},{"@type":"ImageObject","inLanguage":"es","@id":"https:\/\/mwc-cmm.org\/es\/stories\/la-familia-interconectada-celebra-la-paz\/#primaryimage","url":"https:\/\/mwc-cmm.org\/wp-content\/uploads\/2024\/11\/20230917amoschinwhatsapp_image_2023-09-23_at_00.13.01_2.jpeg","contentUrl":"https:\/\/mwc-cmm.org\/wp-content\/uploads\/2024\/11\/20230917amoschinwhatsapp_image_2023-09-23_at_00.13.01_2.jpeg","width":860,"height":594},{"@type":"BreadcrumbList","@id":"https:\/\/mwc-cmm.org\/es\/stories\/la-familia-interconectada-celebra-la-paz\/#breadcrumb","itemListElement":[{"@type":"ListItem","position":1,"name":"Home","item":"https:\/\/mwc-cmm.org\/es\/"},{"@type":"ListItem","position":2,"name":"La familia interconectada celebra la paz"}]},{"@type":"WebSite","@id":"https:\/\/mwc-cmm.org\/en\/#website","url":"https:\/\/mwc-cmm.org\/en\/","name":"Mennonite World Conference","description":"A communion of Anabaptist-related churches","publisher":{"@id":"https:\/\/mwc-cmm.org\/en\/#organization"},"alternateName":"MWC","potentialAction":[{"@type":"SearchAction","target":{"@type":"EntryPoint","urlTemplate":"https:\/\/mwc-cmm.org\/en\/?s={search_term_string}"},"query-input":{"@type":"PropertyValueSpecification","valueRequired":true,"valueName":"search_term_string"}}],"inLanguage":"es"},{"@type":"Organization","@id":"https:\/\/mwc-cmm.org\/en\/#organization","name":"Mennonite World Conference","alternateName":"MWC","url":"https:\/\/mwc-cmm.org\/en\/","logo":{"@type":"ImageObject","inLanguage":"es","@id":"https:\/\/mwc-cmm.org\/en\/#\/schema\/logo\/image\/","url":"https:\/\/mwc-cmm.org\/wp-content\/uploads\/2026\/01\/MWC_Sig_Blue_Horiz_webheader1-logo.svg","contentUrl":"https:\/\/mwc-cmm.org\/wp-content\/uploads\/2026\/01\/MWC_Sig_Blue_Horiz_webheader1-logo.svg","width":786,"height":82,"caption":"Mennonite World Conference"},"image":{"@id":"https:\/\/mwc-cmm.org\/en\/#\/schema\/logo\/image\/"},"sameAs":["https:\/\/www.facebook.com\/MennoniteWorldConference","https:\/\/www.linkedin.com\/company\/mennonite-world-conference-mwc\/","https:\/\/www.instagram.com\/mwcmm\/","https:\/\/www.youtube.com\/user\/mwccmm","https:\/\/bsky.app\/profile\/mwcmm.bsky.social"]},{"@type":"Person","@id":"https:\/\/mwc-cmm.org\/en\/#\/schema\/person\/11f6ae0d7d1868ba20a1cc27f067c836","name":"mennworldcon","image":{"@type":"ImageObject","inLanguage":"es","@id":"https:\/\/secure.gravatar.com\/avatar\/06fdc0dc81c157dfdb82ec42f252178a22307808988d22c043f9eb96f1e0fe80?s=96&d=mm&r=g","url":"https:\/\/secure.gravatar.com\/avatar\/06fdc0dc81c157dfdb82ec42f252178a22307808988d22c043f9eb96f1e0fe80?s=96&d=mm&r=g","contentUrl":"https:\/\/secure.gravatar.com\/avatar\/06fdc0dc81c157dfdb82ec42f252178a22307808988d22c043f9eb96f1e0fe80?s=96&d=mm&r=g","caption":"mennworldcon"},"sameAs":["https:\/\/mwc-cmm.org"],"url":"https:\/\/mwc-cmm.org\/es\/stories\/author\/mennworldcon\/"}]}},"_links":{"self":[{"href":"https:\/\/mwc-cmm.org\/es\/wp-json\/wp\/v2\/posts\/9418","targetHints":{"allow":["GET"]}}],"collection":[{"href":"https:\/\/mwc-cmm.org\/es\/wp-json\/wp\/v2\/posts"}],"about":[{"href":"https:\/\/mwc-cmm.org\/es\/wp-json\/wp\/v2\/types\/post"}],"author":[{"embeddable":true,"href":"https:\/\/mwc-cmm.org\/es\/wp-json\/wp\/v2\/users\/1"}],"replies":[{"embeddable":true,"href":"https:\/\/mwc-cmm.org\/es\/wp-json\/wp\/v2\/comments?post=9418"}],"version-history":[{"count":0,"href":"https:\/\/mwc-cmm.org\/es\/wp-json\/wp\/v2\/posts\/9418\/revisions"}],"wp:featuredmedia":[{"embeddable":true,"href":"https:\/\/mwc-cmm.org\/es\/wp-json\/wp\/v2\/media\/97498"}],"wp:attachment":[{"href":"https:\/\/mwc-cmm.org\/es\/wp-json\/wp\/v2\/media?parent=9418"}],"wp:term":[{"taxonomy":"category","embeddable":true,"href":"https:\/\/mwc-cmm.org\/es\/wp-json\/wp\/v2\/categories?post=9418"},{"taxonomy":"post_tag","embeddable":true,"href":"https:\/\/mwc-cmm.org\/es\/wp-json\/wp\/v2\/tags?post=9418"},{"taxonomy":"network","embeddable":true,"href":"https:\/\/mwc-cmm.org\/es\/wp-json\/wp\/v2\/network?post=9418"},{"taxonomy":"eventcategory","embeddable":true,"href":"https:\/\/mwc-cmm.org\/es\/wp-json\/wp\/v2\/eventcategory?post=9418"}],"curies":[{"name":"wp","href":"https:\/\/api.w.org\/{rel}","templated":true}]}}