{"id":9407,"date":"2023-09-27T00:00:00","date_gmt":"2023-09-27T00:00:00","guid":{"rendered":"https:\/\/mwc-cmm.org\/one-of-the-tiny-squares-2\/"},"modified":"2024-12-10T18:06:05","modified_gmt":"2024-12-10T18:06:05","slug":"uno-de-los-cuadrados-diminutos","status":"publish","type":"post","link":"https:\/\/mwc-cmm.org\/es\/stories\/uno-de-los-cuadrados-diminutos\/","title":{"rendered":"Uno de los cuadrados diminutos"},"content":{"rendered":"<h2>Testimonios de Am\u00e9rica Latina<\/h2>\n<p>La creaci\u00f3n es inmensa, una pintura extremadamente grande. Una mirada r\u00e1pida desde la distancia nos muestra una sola pintura; sin embargo, cuando uno se acerca y observa muy de cerca, descubre que ese cuadro aparentemente \u00fanico est\u00e1 formado por millones de cuadraditos, y yo soy uno de esos cuadraditos.&nbsp;<\/p>\n<p>Soy parte integral de ese gran mosaico de Dios. Ser parte del mosaico de Dios me da seguridad porque en \u00e9l estoy contenida y protegida espiritualmente.&nbsp;<\/p>\n<p>El Ap\u00f3stol Pablo dijo que la iglesia es como el cuerpo, compuesta de muchas partes distintas, y todas juntas las diversas partes forman el cuerpo completo. Cada parte es importante, incluso el dedo me\u00f1ique.&nbsp;<\/p>\n<p>La familia anabautista mundial es el cuerpo de Cristo, compuesta por muchos miembros, y todos juntos formamos una unidad completa que es la gran y hermosa imagen de Dios.&nbsp;<\/p>\n<p>La primera vez que particip\u00e9 en una Asamblea del CMM fue en 1984, en Estrasburgo, Francia. En ese entonces yo era un l\u00edder joven, y debido a que era mi primera experiencia, entend\u00ed muy poco sobre el significado de este evento. Fue una reuni\u00f3n de nuestra familia dispersa por el mundo. Fue una fiesta, donde celebramos con hermanos y hermanas de otras partes del mundo. A pesar de las barreras culturales y de idioma, se hizo visible una gran conexi\u00f3n en nuestra adoraci\u00f3n, saludos o simplemente sonrisas compartidas.&nbsp;<\/p>\n<p>Para m\u00ed, esta experiencia con el CMM es como lo que dice Proverbios 4,18: \u201cEl camino de los justos es como la luz de un nuevo d\u00eda: va en aumento hasta brillar en todo su esplendor\u201d. Los diferentes eventos y relaciones en el CMM me llevan a una mejor comprensi\u00f3n de que soy parte del panorama general de Dios.&nbsp;<\/p>\n<p>Esta comprensi\u00f3n me mueve a pensar y orar por nuestra familia esparcida por todo el mundo. Su bienestar y su dolor son tambi\u00e9n los m\u00edos. Se me recuerda que no debo ser ego\u00edsta y pensar s\u00f3lo en mi parte del mundo, porque m\u00e1s all\u00e1 de mi mundo hay muchos otros mundos que tambi\u00e9n son parte de la gran imagen de Dios.&nbsp;<\/p>\n<p>Esa imagen de Dios tambi\u00e9n podr\u00eda compararse con un edificio. Cuando uno se detiene y mira desde lejos observa un hermoso edificio, pero a medida que nos acercamos, nos damos cuenta de que ese edificio est\u00e1 formado por miles de partes. Algunas partes son bloques grandes como los pilares, y otras partes son tan peque\u00f1as como la v\u00e1lvula del grifo de agua. Si esa v\u00e1lvula fallara, inmediatamente nos dar\u00edamos cuenta de su importancia y buscar\u00edamos lo m\u00e1s r\u00e1pido posible una soluci\u00f3n antes de que todo el edificio se vea afectado. Los grandes pilares y las diminutas v\u00e1lvulas son todos importantes para hacer un hermoso edificio.&nbsp;<\/p>\n<p>Quiero ver mi vida dentro de esta inmensa imagen de Dios. Tal vez yo sea solo un miembro diminuto, una peque\u00f1a c\u00e9lula en este cuerpo. Pero s\u00e9 que soy parte igualmente vital, para que el mosaico de Dios sea completo y hermoso.&nbsp;<\/p>\n<table style=\"width:100%\">\n<tbody>\n<tr>\n<td style=\"border-color:rgb(255, 255, 255); width:308px\">\n<p style=\"text-align:center\"><img decoding=\"async\" alt=\"Juan veron\" height=\"100\" data-src=\"\/sites\/default\/files\/website_files_2020\/juan_veron.jpg\" width=\"100\" src=\"data:image\/svg+xml;base64,PHN2ZyB3aWR0aD0iMSIgaGVpZ2h0PSIxIiB4bWxucz0iaHR0cDovL3d3dy53My5vcmcvMjAwMC9zdmciPjwvc3ZnPg==\" class=\"lazyload\" style=\"--smush-placeholder-width: 100px; --smush-placeholder-aspect-ratio: 100\/100;\"><\/p>\n<\/td>\n<td style=\"border-color:rgb(255, 255, 255); width:996px\"><em>\u2014Juan Silverio Ver\u00f3n, Hermanos Menonitas Maranata, Asunci\u00f3n, Paraguay.&nbsp;<\/em><\/td>\n<\/tr>\n<\/tbody>\n<\/table>\n<p style=\"text-align:center\"><a href=\"https:\/\/mwc-cmm.org\/es\/resources\/domingo-de-la-fraternidad-anabautista-mundial-2024\"><img decoding=\"async\" alt=\"Domingo de la Fraternidad Anabautista Mundial 2024\" height=\"120\" data-src=\"\/sites\/default\/files\/website_files_2020\/awfs24_sp.jpg\" width=\"500\" src=\"data:image\/svg+xml;base64,PHN2ZyB3aWR0aD0iMSIgaGVpZ2h0PSIxIiB4bWxucz0iaHR0cDovL3d3dy53My5vcmcvMjAwMC9zdmciPjwvc3ZnPg==\" class=\"lazyload\" style=\"--smush-placeholder-width: 500px; --smush-placeholder-aspect-ratio: 500\/120;\"><\/a><\/p>\n","protected":false},"excerpt":{"rendered":"<p>La creaci\u00f3n es inmensa, una pintura extremadamente grande. Una mirada r\u00e1pida desde la distancia nos muestra una sola pintura; sin embargo, cuando uno se acerca y observa muy de cerca, descubre que ese cuadro aparentemente \u00fanico est\u00e1 formado por millones de cuadraditos, y yo soy uno de esos cuadraditos.&nbsp;<\/p>\n","protected":false},"author":1,"featured_media":97372,"comment_status":"closed","ping_status":"closed","sticky":false,"template":"","format":"standard","meta":{"_acf_changed":false,"footnotes":""},"categories":[6],"tags":[],"network":[],"eventcategory":[1499],"class_list":["post-9407","post","type-post","status-publish","format-standard","has-post-thumbnail","hentry","category-sin-categorizar","eventcategory-anabaptist-world-fellowship-sunday-es"],"acf":[],"yoast_head":"<!-- This site is optimized with the Yoast SEO plugin v27.5 - https:\/\/yoast.com\/product\/yoast-seo-wordpress\/ -->\n<title>Uno de los cuadrados diminutos - Mennonite World Conference<\/title>\n<meta name=\"robots\" content=\"index, follow, max-snippet:-1, max-image-preview:large, max-video-preview:-1\" \/>\n<link rel=\"canonical\" href=\"https:\/\/mwc-cmm.org\/es\/stories\/uno-de-los-cuadrados-diminutos\/\" \/>\n<meta property=\"og:locale\" content=\"es_ES\" \/>\n<meta property=\"og:type\" content=\"article\" \/>\n<meta property=\"og:title\" content=\"Uno de los cuadrados diminutos - Mennonite World Conference\" \/>\n<meta property=\"og:description\" content=\"La creaci\u00f3n es inmensa, una pintura extremadamente grande. Una mirada r\u00e1pida desde la distancia nos muestra una sola pintura; sin embargo, cuando uno se acerca y observa muy de cerca, descubre que ese cuadro aparentemente \u00fanico est\u00e1 formado por millones de cuadraditos, y yo soy uno de esos cuadraditos.&nbsp;\" \/>\n<meta property=\"og:url\" content=\"https:\/\/mwc-cmm.org\/es\/stories\/uno-de-los-cuadrados-diminutos\/\" \/>\n<meta property=\"og:site_name\" content=\"Mennonite World Conference\" \/>\n<meta property=\"article:publisher\" content=\"https:\/\/www.facebook.com\/MennoniteWorldConference\" \/>\n<meta property=\"article:published_time\" content=\"2023-09-27T00:00:00+00:00\" \/>\n<meta property=\"article:modified_time\" content=\"2024-12-10T18:06:05+00:00\" \/>\n<meta property=\"og:image\" content=\"https:\/\/mwc-cmm.org\/wp-content\/uploads\/2024\/11\/20230326karlabraunimg_9903-2-scaled.jpg\" \/>\n\t<meta property=\"og:image:width\" content=\"2560\" \/>\n\t<meta property=\"og:image:height\" content=\"1922\" \/>\n\t<meta property=\"og:image:type\" content=\"image\/jpeg\" \/>\n<meta name=\"author\" content=\"mennworldcon\" \/>\n<script type=\"application\/ld+json\" class=\"yoast-schema-graph\">{\"@context\":\"https:\\\/\\\/schema.org\",\"@graph\":[{\"@type\":\"Article\",\"@id\":\"https:\\\/\\\/mwc-cmm.org\\\/es\\\/stories\\\/uno-de-los-cuadrados-diminutos\\\/#article\",\"isPartOf\":{\"@id\":\"https:\\\/\\\/mwc-cmm.org\\\/es\\\/stories\\\/uno-de-los-cuadrados-diminutos\\\/\"},\"author\":{\"name\":\"mennworldcon\",\"@id\":\"https:\\\/\\\/mwc-cmm.org\\\/en\\\/#\\\/schema\\\/person\\\/11f6ae0d7d1868ba20a1cc27f067c836\"},\"headline\":\"Uno de los cuadrados diminutos\",\"datePublished\":\"2023-09-27T00:00:00+00:00\",\"dateModified\":\"2024-12-10T18:06:05+00:00\",\"mainEntityOfPage\":{\"@id\":\"https:\\\/\\\/mwc-cmm.org\\\/es\\\/stories\\\/uno-de-los-cuadrados-diminutos\\\/\"},\"wordCount\":551,\"publisher\":{\"@id\":\"https:\\\/\\\/mwc-cmm.org\\\/en\\\/#organization\"},\"image\":{\"@id\":\"https:\\\/\\\/mwc-cmm.org\\\/es\\\/stories\\\/uno-de-los-cuadrados-diminutos\\\/#primaryimage\"},\"thumbnailUrl\":\"https:\\\/\\\/mwc-cmm.org\\\/wp-content\\\/uploads\\\/2024\\\/11\\\/20230326karlabraunimg_9903-2-scaled.jpg\",\"articleSection\":[\"Sin categorizar\"],\"inLanguage\":\"es\"},{\"@type\":\"WebPage\",\"@id\":\"https:\\\/\\\/mwc-cmm.org\\\/es\\\/stories\\\/uno-de-los-cuadrados-diminutos\\\/\",\"url\":\"https:\\\/\\\/mwc-cmm.org\\\/es\\\/stories\\\/uno-de-los-cuadrados-diminutos\\\/\",\"name\":\"Uno de los cuadrados diminutos - Mennonite World Conference\",\"isPartOf\":{\"@id\":\"https:\\\/\\\/mwc-cmm.org\\\/en\\\/#website\"},\"primaryImageOfPage\":{\"@id\":\"https:\\\/\\\/mwc-cmm.org\\\/es\\\/stories\\\/uno-de-los-cuadrados-diminutos\\\/#primaryimage\"},\"image\":{\"@id\":\"https:\\\/\\\/mwc-cmm.org\\\/es\\\/stories\\\/uno-de-los-cuadrados-diminutos\\\/#primaryimage\"},\"thumbnailUrl\":\"https:\\\/\\\/mwc-cmm.org\\\/wp-content\\\/uploads\\\/2024\\\/11\\\/20230326karlabraunimg_9903-2-scaled.jpg\",\"datePublished\":\"2023-09-27T00:00:00+00:00\",\"dateModified\":\"2024-12-10T18:06:05+00:00\",\"breadcrumb\":{\"@id\":\"https:\\\/\\\/mwc-cmm.org\\\/es\\\/stories\\\/uno-de-los-cuadrados-diminutos\\\/#breadcrumb\"},\"inLanguage\":\"es\",\"potentialAction\":[{\"@type\":\"ReadAction\",\"target\":[\"https:\\\/\\\/mwc-cmm.org\\\/es\\\/stories\\\/uno-de-los-cuadrados-diminutos\\\/\"]}]},{\"@type\":\"ImageObject\",\"inLanguage\":\"es\",\"@id\":\"https:\\\/\\\/mwc-cmm.org\\\/es\\\/stories\\\/uno-de-los-cuadrados-diminutos\\\/#primaryimage\",\"url\":\"https:\\\/\\\/mwc-cmm.org\\\/wp-content\\\/uploads\\\/2024\\\/11\\\/20230326karlabraunimg_9903-2-scaled.jpg\",\"contentUrl\":\"https:\\\/\\\/mwc-cmm.org\\\/wp-content\\\/uploads\\\/2024\\\/11\\\/20230326karlabraunimg_9903-2-scaled.jpg\",\"width\":2560,\"height\":1922},{\"@type\":\"BreadcrumbList\",\"@id\":\"https:\\\/\\\/mwc-cmm.org\\\/es\\\/stories\\\/uno-de-los-cuadrados-diminutos\\\/#breadcrumb\",\"itemListElement\":[{\"@type\":\"ListItem\",\"position\":1,\"name\":\"Home\",\"item\":\"https:\\\/\\\/mwc-cmm.org\\\/es\\\/\"},{\"@type\":\"ListItem\",\"position\":2,\"name\":\"Uno de los cuadrados diminutos\"}]},{\"@type\":\"WebSite\",\"@id\":\"https:\\\/\\\/mwc-cmm.org\\\/en\\\/#website\",\"url\":\"https:\\\/\\\/mwc-cmm.org\\\/en\\\/\",\"name\":\"Mennonite World Conference\",\"description\":\"A communion of Anabaptist-related churches\",\"publisher\":{\"@id\":\"https:\\\/\\\/mwc-cmm.org\\\/en\\\/#organization\"},\"alternateName\":\"MWC\",\"potentialAction\":[{\"@type\":\"SearchAction\",\"target\":{\"@type\":\"EntryPoint\",\"urlTemplate\":\"https:\\\/\\\/mwc-cmm.org\\\/en\\\/?s={search_term_string}\"},\"query-input\":{\"@type\":\"PropertyValueSpecification\",\"valueRequired\":true,\"valueName\":\"search_term_string\"}}],\"inLanguage\":\"es\"},{\"@type\":\"Organization\",\"@id\":\"https:\\\/\\\/mwc-cmm.org\\\/en\\\/#organization\",\"name\":\"Mennonite World Conference\",\"alternateName\":\"MWC\",\"url\":\"https:\\\/\\\/mwc-cmm.org\\\/en\\\/\",\"logo\":{\"@type\":\"ImageObject\",\"inLanguage\":\"es\",\"@id\":\"https:\\\/\\\/mwc-cmm.org\\\/en\\\/#\\\/schema\\\/logo\\\/image\\\/\",\"url\":\"https:\\\/\\\/mwc-cmm.org\\\/wp-content\\\/uploads\\\/2026\\\/01\\\/MWC_Sig_Blue_Horiz_webheader1-logo.svg\",\"contentUrl\":\"https:\\\/\\\/mwc-cmm.org\\\/wp-content\\\/uploads\\\/2026\\\/01\\\/MWC_Sig_Blue_Horiz_webheader1-logo.svg\",\"width\":786,\"height\":82,\"caption\":\"Mennonite World Conference\"},\"image\":{\"@id\":\"https:\\\/\\\/mwc-cmm.org\\\/en\\\/#\\\/schema\\\/logo\\\/image\\\/\"},\"sameAs\":[\"https:\\\/\\\/www.facebook.com\\\/MennoniteWorldConference\",\"https:\\\/\\\/www.linkedin.com\\\/company\\\/mennonite-world-conference-mwc\\\/\",\"https:\\\/\\\/www.instagram.com\\\/mwcmm\\\/\",\"https:\\\/\\\/www.youtube.com\\\/user\\\/mwccmm\",\"https:\\\/\\\/bsky.app\\\/profile\\\/mwcmm.bsky.social\"]},{\"@type\":\"Person\",\"@id\":\"https:\\\/\\\/mwc-cmm.org\\\/en\\\/#\\\/schema\\\/person\\\/11f6ae0d7d1868ba20a1cc27f067c836\",\"name\":\"mennworldcon\",\"image\":{\"@type\":\"ImageObject\",\"inLanguage\":\"es\",\"@id\":\"https:\\\/\\\/secure.gravatar.com\\\/avatar\\\/06fdc0dc81c157dfdb82ec42f252178a22307808988d22c043f9eb96f1e0fe80?s=96&d=mm&r=g\",\"url\":\"https:\\\/\\\/secure.gravatar.com\\\/avatar\\\/06fdc0dc81c157dfdb82ec42f252178a22307808988d22c043f9eb96f1e0fe80?s=96&d=mm&r=g\",\"contentUrl\":\"https:\\\/\\\/secure.gravatar.com\\\/avatar\\\/06fdc0dc81c157dfdb82ec42f252178a22307808988d22c043f9eb96f1e0fe80?s=96&d=mm&r=g\",\"caption\":\"mennworldcon\"},\"sameAs\":[\"https:\\\/\\\/mwc-cmm.org\"],\"url\":\"https:\\\/\\\/mwc-cmm.org\\\/es\\\/stories\\\/author\\\/mennworldcon\\\/\"}]}<\/script>\n<!-- \/ Yoast SEO plugin. -->","yoast_head_json":{"title":"Uno de los cuadrados diminutos - Mennonite World Conference","robots":{"index":"index","follow":"follow","max-snippet":"max-snippet:-1","max-image-preview":"max-image-preview:large","max-video-preview":"max-video-preview:-1"},"canonical":"https:\/\/mwc-cmm.org\/es\/stories\/uno-de-los-cuadrados-diminutos\/","og_locale":"es_ES","og_type":"article","og_title":"Uno de los cuadrados diminutos - Mennonite World Conference","og_description":"La creaci\u00f3n es inmensa, una pintura extremadamente grande. Una mirada r\u00e1pida desde la distancia nos muestra una sola pintura; sin embargo, cuando uno se acerca y observa muy de cerca, descubre que ese cuadro aparentemente \u00fanico est\u00e1 formado por millones de cuadraditos, y yo soy uno de esos cuadraditos.&nbsp;","og_url":"https:\/\/mwc-cmm.org\/es\/stories\/uno-de-los-cuadrados-diminutos\/","og_site_name":"Mennonite World Conference","article_publisher":"https:\/\/www.facebook.com\/MennoniteWorldConference","article_published_time":"2023-09-27T00:00:00+00:00","article_modified_time":"2024-12-10T18:06:05+00:00","og_image":[{"width":2560,"height":1922,"url":"https:\/\/mwc-cmm.org\/wp-content\/uploads\/2024\/11\/20230326karlabraunimg_9903-2-scaled.jpg","type":"image\/jpeg"}],"author":"mennworldcon","schema":{"@context":"https:\/\/schema.org","@graph":[{"@type":"Article","@id":"https:\/\/mwc-cmm.org\/es\/stories\/uno-de-los-cuadrados-diminutos\/#article","isPartOf":{"@id":"https:\/\/mwc-cmm.org\/es\/stories\/uno-de-los-cuadrados-diminutos\/"},"author":{"name":"mennworldcon","@id":"https:\/\/mwc-cmm.org\/en\/#\/schema\/person\/11f6ae0d7d1868ba20a1cc27f067c836"},"headline":"Uno de los cuadrados diminutos","datePublished":"2023-09-27T00:00:00+00:00","dateModified":"2024-12-10T18:06:05+00:00","mainEntityOfPage":{"@id":"https:\/\/mwc-cmm.org\/es\/stories\/uno-de-los-cuadrados-diminutos\/"},"wordCount":551,"publisher":{"@id":"https:\/\/mwc-cmm.org\/en\/#organization"},"image":{"@id":"https:\/\/mwc-cmm.org\/es\/stories\/uno-de-los-cuadrados-diminutos\/#primaryimage"},"thumbnailUrl":"https:\/\/mwc-cmm.org\/wp-content\/uploads\/2024\/11\/20230326karlabraunimg_9903-2-scaled.jpg","articleSection":["Sin categorizar"],"inLanguage":"es"},{"@type":"WebPage","@id":"https:\/\/mwc-cmm.org\/es\/stories\/uno-de-los-cuadrados-diminutos\/","url":"https:\/\/mwc-cmm.org\/es\/stories\/uno-de-los-cuadrados-diminutos\/","name":"Uno de los cuadrados diminutos - Mennonite World Conference","isPartOf":{"@id":"https:\/\/mwc-cmm.org\/en\/#website"},"primaryImageOfPage":{"@id":"https:\/\/mwc-cmm.org\/es\/stories\/uno-de-los-cuadrados-diminutos\/#primaryimage"},"image":{"@id":"https:\/\/mwc-cmm.org\/es\/stories\/uno-de-los-cuadrados-diminutos\/#primaryimage"},"thumbnailUrl":"https:\/\/mwc-cmm.org\/wp-content\/uploads\/2024\/11\/20230326karlabraunimg_9903-2-scaled.jpg","datePublished":"2023-09-27T00:00:00+00:00","dateModified":"2024-12-10T18:06:05+00:00","breadcrumb":{"@id":"https:\/\/mwc-cmm.org\/es\/stories\/uno-de-los-cuadrados-diminutos\/#breadcrumb"},"inLanguage":"es","potentialAction":[{"@type":"ReadAction","target":["https:\/\/mwc-cmm.org\/es\/stories\/uno-de-los-cuadrados-diminutos\/"]}]},{"@type":"ImageObject","inLanguage":"es","@id":"https:\/\/mwc-cmm.org\/es\/stories\/uno-de-los-cuadrados-diminutos\/#primaryimage","url":"https:\/\/mwc-cmm.org\/wp-content\/uploads\/2024\/11\/20230326karlabraunimg_9903-2-scaled.jpg","contentUrl":"https:\/\/mwc-cmm.org\/wp-content\/uploads\/2024\/11\/20230326karlabraunimg_9903-2-scaled.jpg","width":2560,"height":1922},{"@type":"BreadcrumbList","@id":"https:\/\/mwc-cmm.org\/es\/stories\/uno-de-los-cuadrados-diminutos\/#breadcrumb","itemListElement":[{"@type":"ListItem","position":1,"name":"Home","item":"https:\/\/mwc-cmm.org\/es\/"},{"@type":"ListItem","position":2,"name":"Uno de los cuadrados diminutos"}]},{"@type":"WebSite","@id":"https:\/\/mwc-cmm.org\/en\/#website","url":"https:\/\/mwc-cmm.org\/en\/","name":"Mennonite World Conference","description":"A communion of Anabaptist-related churches","publisher":{"@id":"https:\/\/mwc-cmm.org\/en\/#organization"},"alternateName":"MWC","potentialAction":[{"@type":"SearchAction","target":{"@type":"EntryPoint","urlTemplate":"https:\/\/mwc-cmm.org\/en\/?s={search_term_string}"},"query-input":{"@type":"PropertyValueSpecification","valueRequired":true,"valueName":"search_term_string"}}],"inLanguage":"es"},{"@type":"Organization","@id":"https:\/\/mwc-cmm.org\/en\/#organization","name":"Mennonite World Conference","alternateName":"MWC","url":"https:\/\/mwc-cmm.org\/en\/","logo":{"@type":"ImageObject","inLanguage":"es","@id":"https:\/\/mwc-cmm.org\/en\/#\/schema\/logo\/image\/","url":"https:\/\/mwc-cmm.org\/wp-content\/uploads\/2026\/01\/MWC_Sig_Blue_Horiz_webheader1-logo.svg","contentUrl":"https:\/\/mwc-cmm.org\/wp-content\/uploads\/2026\/01\/MWC_Sig_Blue_Horiz_webheader1-logo.svg","width":786,"height":82,"caption":"Mennonite World Conference"},"image":{"@id":"https:\/\/mwc-cmm.org\/en\/#\/schema\/logo\/image\/"},"sameAs":["https:\/\/www.facebook.com\/MennoniteWorldConference","https:\/\/www.linkedin.com\/company\/mennonite-world-conference-mwc\/","https:\/\/www.instagram.com\/mwcmm\/","https:\/\/www.youtube.com\/user\/mwccmm","https:\/\/bsky.app\/profile\/mwcmm.bsky.social"]},{"@type":"Person","@id":"https:\/\/mwc-cmm.org\/en\/#\/schema\/person\/11f6ae0d7d1868ba20a1cc27f067c836","name":"mennworldcon","image":{"@type":"ImageObject","inLanguage":"es","@id":"https:\/\/secure.gravatar.com\/avatar\/06fdc0dc81c157dfdb82ec42f252178a22307808988d22c043f9eb96f1e0fe80?s=96&d=mm&r=g","url":"https:\/\/secure.gravatar.com\/avatar\/06fdc0dc81c157dfdb82ec42f252178a22307808988d22c043f9eb96f1e0fe80?s=96&d=mm&r=g","contentUrl":"https:\/\/secure.gravatar.com\/avatar\/06fdc0dc81c157dfdb82ec42f252178a22307808988d22c043f9eb96f1e0fe80?s=96&d=mm&r=g","caption":"mennworldcon"},"sameAs":["https:\/\/mwc-cmm.org"],"url":"https:\/\/mwc-cmm.org\/es\/stories\/author\/mennworldcon\/"}]}},"_links":{"self":[{"href":"https:\/\/mwc-cmm.org\/es\/wp-json\/wp\/v2\/posts\/9407","targetHints":{"allow":["GET"]}}],"collection":[{"href":"https:\/\/mwc-cmm.org\/es\/wp-json\/wp\/v2\/posts"}],"about":[{"href":"https:\/\/mwc-cmm.org\/es\/wp-json\/wp\/v2\/types\/post"}],"author":[{"embeddable":true,"href":"https:\/\/mwc-cmm.org\/es\/wp-json\/wp\/v2\/users\/1"}],"replies":[{"embeddable":true,"href":"https:\/\/mwc-cmm.org\/es\/wp-json\/wp\/v2\/comments?post=9407"}],"version-history":[{"count":0,"href":"https:\/\/mwc-cmm.org\/es\/wp-json\/wp\/v2\/posts\/9407\/revisions"}],"wp:featuredmedia":[{"embeddable":true,"href":"https:\/\/mwc-cmm.org\/es\/wp-json\/wp\/v2\/media\/97372"}],"wp:attachment":[{"href":"https:\/\/mwc-cmm.org\/es\/wp-json\/wp\/v2\/media?parent=9407"}],"wp:term":[{"taxonomy":"category","embeddable":true,"href":"https:\/\/mwc-cmm.org\/es\/wp-json\/wp\/v2\/categories?post=9407"},{"taxonomy":"post_tag","embeddable":true,"href":"https:\/\/mwc-cmm.org\/es\/wp-json\/wp\/v2\/tags?post=9407"},{"taxonomy":"network","embeddable":true,"href":"https:\/\/mwc-cmm.org\/es\/wp-json\/wp\/v2\/network?post=9407"},{"taxonomy":"eventcategory","embeddable":true,"href":"https:\/\/mwc-cmm.org\/es\/wp-json\/wp\/v2\/eventcategory?post=9407"}],"curies":[{"name":"wp","href":"https:\/\/api.w.org\/{rel}","templated":true}]}}