{"id":9388,"date":"2023-08-11T00:00:00","date_gmt":"2023-08-11T00:00:00","guid":{"rendered":"https:\/\/mwc-cmm.org\/growing-networks-add-faces-in-virginia-2\/"},"modified":"2024-12-10T18:05:55","modified_gmt":"2024-12-10T18:05:55","slug":"crecientes-redes-agregan-rostros-en-virginia","status":"publish","type":"post","link":"https:\/\/mwc-cmm.org\/es\/stories\/crecientes-redes-agregan-rostros-en-virginia\/","title":{"rendered":"Crecientes redes agregan rostros en Virginia"},"content":{"rendered":"<p>\u201cTambi\u00e9n valoramos mucho nuestra primera reuni\u00f3n presencial con la Comisi\u00f3n Fe y Vida en su conjunto, y con Anicka Fast como secretaria entrante\u201d, expresa David Wiebe, presidente de la Red Anabautista Mundial de Educaci\u00f3n Superior (GAHEN por su sigla en ingl\u00e9s)&nbsp;<\/p>\n<p>Tres redes adicionales, que han estado en desarrollo desde hace varios a\u00f1os, est\u00e1n en proceso de ser a\u00f1adidas a la estructura organizativa del CMM. Aunque no todos los miembros pudieron asistir, las redes del CMM llevaron a cabo reuniones oficiales presenciales antes de la <a href=\"https:\/\/mwc-cmm.org\/es\/stories\/la-tercera-conferencia-de-paz-une-la-fe-y-la-paz\">Conferencia y Festival Mundial Menonita de Construcci\u00f3n de Paz <\/a>en junio del 2023 en Harrisonburg, Virginia, EE.UU.&nbsp;<\/p>\n<p>Cada ma\u00f1ana, una de las cuatro Comisiones del CMM (Di\u00e1conos, Fe y Vida, Misi\u00f3n, Paz) dirigi\u00f3 una sesi\u00f3n de adoraci\u00f3n conjunta. Cada una de las Redes discuti\u00f3 las normas de&nbsp;funcionamiento&nbsp;revisadas&nbsp;(objetivos generales, definici\u00f3n de membres\u00eda, estructura interna, relaci\u00f3n con el CMM) y una nueva estructura de tarifas (0.2% del presupuesto) que ser\u00e1 puesta a consideraci\u00f3n del Concilio General para su aprobaci\u00f3n en 2025.&nbsp;<\/p>\n<h3>Educaci\u00f3n &nbsp;<\/h3>\n<p>Para las emergentes <a href=\"https:\/\/mwc-cmm.org\/es\/redes-mundiales-anabautistas-de-educacion-gaen-por-sus-siglas-en-ingles\">Redes Anabautistas Mundiales de Educaci\u00f3n<\/a> (GAEN en ingl\u00e9s) *, el 15 y 16 de junio de 2023 se efectu\u00f3 una reuni\u00f3n de Comisiones de Coordinaci\u00f3n y Seguimiento de dicha organizaci\u00f3n de doble v\u00eda. Estuvieron presentes m\u00e1s de las tres cuartas partes de los miembros de las Comisiones de Coordinaci\u00f3n y Seguimiento de GAPSEN (Red Anabautista Mundial de Educaci\u00f3n Primaria y Secundaria) * y GAHEN (Red Anabautista Mundial de Educaci\u00f3n Superior) *.&nbsp;<\/p>\n<p>\u201cNos alegr\u00f3 mucho reunirnos para ocuparnos de algunos asuntos importantes que moldearan nuestras redes\u201d, afirma David Wiebe. Hicieron planes para futuras reuniones por Zoom y en persona en el 2025.&nbsp;<\/p>\n<p>GAEN est\u00e1 bajo la supervisi\u00f3n de la Comisi\u00f3n de Fe y Vida, por lo que las reuniones tambi\u00e9n brindaron la oportunidad para que la Comisi\u00f3n de Coordinaci\u00f3n y Seguimiento se conociera con los miembros de la Comisi\u00f3n. A trav\u00e9s de las reuniones, los miembros de GAPSEN y GAHEN \u201ccultivaron una visi\u00f3n educativa compartida entre las escuelas y la iglesia\u201d, explica David Wiebe.&nbsp;<\/p>\n<h4><em><strong>Miembros de la Comisi\u00f3n de Coordinaci\u00f3n y Seguimiento (2023-2025)&nbsp;<\/strong><\/em><\/h4>\n<ul>\n<li>David Wiebe (Presidente, GAHEN) Canad\u00e1&nbsp;<\/li>\n<li>Cheryl Pauls (GAHEN) Canad\u00e1&nbsp;<\/li>\n<li>David Boshart (GAHEN) EE.UU.&nbsp;<\/li>\n<li>Gishu J. Ebissa (GAHEN) Etiopia&nbsp;<\/li>\n<li>Hinonori Minamino (GAHEN) Jap\u00f3n&nbsp;<\/li>\n<li>Marlene Wall (GAHEN) Lituania&nbsp;<\/li>\n<li>Rebecca Stoltzfus (GAHEN) EE.UU&nbsp;<\/li>\n<li>Victor Wall (GAHEN) Paraguay&nbsp;<\/li>\n<li>Elaine Moyer (Presidente, GAPSEN) EE.UU.&nbsp;<\/li>\n<li>Conrad Swartzentruber (GAPSEN) EE.UU.&nbsp;<\/li>\n<li>Delbert Unruh (GAPSEN) Paraguay&nbsp;<\/li>\n<li>Gloria &amp; Theo Fumana (GAPSEN) Canad\u00e1&nbsp;<\/li>\n<li>Yesaya S. Wijaya (GAPSEN) Indonesia&nbsp;<\/li>\n<\/ul>\n<h3>Misi\u00f3n y Servicio&nbsp;<\/h3>\n<p>Las reuniones del 13 y 14 de junio del 2023 de las redes ya existentes: la <a href=\"https:\/\/mwc-cmm.org\/es\/gasn-gmf\/red-de-servicio-anabautista-mundial\">Red de Servicio Anabautista Mundial<\/a> (GASN en ingl\u00e9s) y la <a href=\"https:\/\/mwc-cmm.org\/es\/node150\/fraternidad-mundial-misionera-gmf\">Fraternidad Mundial Misionera<\/a> (GMF) * sirvieron como reuni\u00f3n trienal (generalmente llevada a cabo junto con las reuniones del Concilio General). La Comisi\u00f3n de Misiones tambi\u00e9n particip\u00f3 en las reuniones.&nbsp;<\/p>\n<p>Hubo sesiones de capacitaci\u00f3n con C\u00e9sar Garc\u00eda y Sarah Bixler, narraci\u00f3n de historias de \u00c1frica, Asia y Am\u00e9rica Latina, y seis seminarios ofrecidos por miembros de la Red de Servicio Anabautista Mundial y la Fraternidad Mundial Misionera.&nbsp;<\/p>\n<p>La GASN y La GMF discutieron un plan de programa para el per\u00edodo actual, que incluye reuniones en l\u00ednea para el aprendizaje y para fraternizar. El calentamiento global y el medio ambiente es una de las prioridades que la red de Servicio identific\u00f3 para abordar en los pr\u00f3ximos a\u00f1os. La Fraternidad Mundial Misionera planea aprender sobre grupos de personas no alcanzadas.&nbsp;<\/p>\n<p>Hay alrededor de 50 miembros de la Red de Servicio Anabautista Mundial y unos 70 miembros de la Fraternidad Mundial Misionera.&nbsp;<\/p>\n<h4><em><strong>Miembros de la Comisi\u00f3n de Coordinaci\u00f3n y Seguimiento (2023-2025)&nbsp;<\/strong><\/em><\/h4>\n<ul>\n<li>Barbara Hege-Galle (presidente, GASN) Alemania&nbsp;<\/li>\n<li>Fabio Carvalho (GASN) Brasil&nbsp;<\/li>\n<li>Rick Cober Bauman (GASN) Canad\u00e1&nbsp;<\/li>\n<li>Satyendra Basumata (GASN) India&nbsp;<\/li>\n<li>Shambu Balcha (GASN) Etiop\u00eda&nbsp;<\/li>\n<li>Nelson Okanya (presidente, GMF) EE.UU. \/Kenia&nbsp;<\/li>\n<li>Carlos Daniel Soto (GMF) Argentina&nbsp;<\/li>\n<li>Felo Gracia (GMF) RDC&nbsp;<\/li>\n<li>Lorri Bentch (GMF) EE.UU.&nbsp;<\/li>\n<li>Sangita Tigga (GMF) India&nbsp;<\/li>\n<\/ul>\n<h3>Paz&nbsp;<\/h3>\n<p>M\u00e1s de 20 miembros y observadores de la red <a href=\"https:\/\/mwc-cmm.org\/es\/red-global-anabautista-de-paz-gapn\">Red Mundial Anabautista de Paz<\/a> (GAPN en ingl\u00e9s) participaron en las reuniones del 13 y 14 de junio del 2023 en persona y en l\u00ednea. Esta fue la primera reuni\u00f3n presencial de la GAPN.&nbsp;<\/p>\n<p>Compartieron esperanzas y expectativas para la red, compartieron an\u00e1lisis contextuales de los problemas de construcci\u00f3n de paz de sus regiones y temas, actividades y eventos estrat\u00e9gicos para los pr\u00f3ximos a\u00f1os.&nbsp;<\/p>\n<p>\u201cHubo mucho acuerdo e interseccionalidad de pensamiento y experiencia en al menos ocho temas, incluyendo la participaci\u00f3n interreligiosa, la polarizaci\u00f3n en la iglesia y la sociedad, el cambio clim\u00e1tico y la violencia sist\u00e9mica\u201d, explica Wendy Kroeker, presidenta de la Comisi\u00f3n de Coordinaci\u00f3n y Seguimiento. \u201cUna perspectiva descolonizadora podr\u00eda convertirse en una perspectiva o enfoque com\u00fan para organizar los esfuerzos en el pr\u00f3ximo a\u00f1o\u201d.&nbsp;<\/p>\n<h4><em><strong>Miembros de la Comisi\u00f3n de Coordinaci\u00f3n y Seguimiento (2023-2025)&nbsp;<\/strong><\/em><\/h4>\n<ul>\n<li>Wendy Kroeker (presidente, GAPN) Canad\u00e1&nbsp;<\/li>\n<li>Danang Kristiawan (GAPN) Indonesia&nbsp;<\/li>\n<li>Daniel Moya (GAPN) Colombia&nbsp;<\/li>\n<li>John Wambura (GAPN) Tanzania&nbsp;<\/li>\n<li>Scott Holland (GAPN) EE.UU.&nbsp;<\/li>\n<\/ul>\n<h3>Salud &nbsp;<\/h3>\n<p>Tambi\u00e9n est\u00e1 surgiendo la <a href=\"https:\/\/mwc-cmm.org\/es\/red-anabautista-mundial-de-salud\">Red Anabautista Mundial de Salud<\/a> (GAHN en ingl\u00e9s), una red de profesionales de la salud, que se ha reunido para varios seminarios web por Zoom en los \u00faltimos tres a\u00f1os. Ellos han lanzado un nuevo sitio web (globalanabaptisthealth.network\/) y un bolet\u00edn y est\u00e1n planeando un tour de aprendizaje en Centroam\u00e9rica en noviembre del 2023.&nbsp;<\/p>\n<h4><em><strong>Miembros de la Comisi\u00f3n de Coordinaci\u00f3n y Seguimiento (2023-2025)&nbsp;<\/strong><\/em><\/h4>\n<ul>\n<li>Dodanim V\u00e1squez (Presidente, GAHN)&nbsp;<\/li>\n<\/ul>\n<figure class=\"image\" style=\"float:right\"><img decoding=\"async\" alt=\"\" height=\"200\" data-src=\"\/sites\/default\/files\/website_files_2020\/49419640388_7130feef02_k.jpg\" width=\"150\" src=\"data:image\/svg+xml;base64,PHN2ZyB3aWR0aD0iMSIgaGVpZ2h0PSIxIiB4bWxucz0iaHR0cDovL3d3dy53My5vcmcvMjAwMC9zdmciPjwvc3ZnPg==\" class=\"lazyload\" style=\"--smush-placeholder-width: 150px; --smush-placeholder-aspect-ratio: 150\/200;\"><figcaption>Elina Ciptadi<\/figcaption><\/figure>\n<h3>Otras noticias del CMM<\/h3>\n<p>Los miembros de las cuatro Comisiones del CMM tambi\u00e9n se reunieron antes del Festival. \u201cCuando nos reunimos cara a cara, nuestra comprensi\u00f3n mutua se profundiza y florece nuestro compromiso con nuestros objetivos comunes\u201d, expresa J Ron Byler, Coordinador de Comisiones. Al adorar juntos y en las conversaciones informales, los miembros de las Comisiones aprenden c\u00f3mo el trabajo de nuestras Comisiones se interconecta y c\u00f3mo, juntos, ayudamos a nuestra comunidad mundial a animarnos unos a otros mientras seguimos a Jes\u00fas en el mundo\u201d.&nbsp;<\/p>\n<p>En el departamento de comunicaciones, Elina Ciptadi regresa como directora interina de comunicaciones mientras que Kristina Toews est\u00e1 de licencia por maternidad. Elina Ciptadi form\u00f3 parte del Comit\u00e9 original de <a href=\"https:\/\/mwc-cmm.org\/es\/yabs\">J\u00f3venes Anabautistas <\/a>(llamado AMIGOS en ese momento) y tiene experiencia en mercadeo, relaciones p\u00fablicas y comunicaciones sin \u00e1nimo de lucro, gubernamentales y con fines de lucro.<\/p>\n<hr>\n<table style=\"width:654px\">\n<tbody>\n<tr>\n<td style=\"width:151px\">GAEN<\/td>\n<td style=\"width:487px\"><a href=\"https:\/\/mwc-cmm.org\/es\/redes-mundiales-anabautistas-de-educacion-gaen-por-sus-siglas-en-ingles\">Redes Mundiales Anabautistas de Educaci\u00f3n<\/a><\/td>\n<\/tr>\n<tr>\n<td style=\"width:151px\">GAPSEN<\/td>\n<td style=\"width:487px\">Red Mundial Anabautista de Educaci\u00f3n Primaria y Secundaria<\/td>\n<\/tr>\n<tr>\n<td style=\"width:151px\">GAHEN<\/td>\n<td style=\"width:487px\">Red&nbsp;Mundial Anabautista de Educaci\u00f3n Superior<\/td>\n<\/tr>\n<tr>\n<td style=\"width:151px\">GASN<\/td>\n<td style=\"width:487px\"><a href=\"https:\/\/mwc-cmm.org\/es\/gasn-gmf\/red-de-servicio-anabautista-mundial\">Red de Servicio Anabautista Mundial<\/a><\/td>\n<\/tr>\n<tr>\n<td style=\"width:151px\">GMF<\/td>\n<td style=\"width:487px\"><a href=\"https:\/\/mwc-cmm.org\/es\/node150\/fraternidad-mundial-misionera-gmf\">Fraternidad Mundial Misionera<\/a><\/td>\n<\/tr>\n<tr>\n<td style=\"width:151px\">GAPN<\/td>\n<td style=\"width:487px\"><a href=\"https:\/\/mwc-cmm.org\/es\/red-global-anabautista-de-paz-gapn\">Red Global Anabautista de Paz<\/a><\/td>\n<\/tr>\n<tr>\n<td style=\"width:151px\">GAHN<\/td>\n<td style=\"width:487px\"><a href=\"https:\/\/mwc-cmm.org\/es\/red-anabautista-mundial-de-salud\">Red Anabautista Mundial de Salud<\/a><\/td>\n<\/tr>\n<\/tbody>\n<\/table>\n","protected":false},"excerpt":{"rendered":"<p>\u201cTambi\u00e9n valoramos mucho nuestra primera reuni\u00f3n presencial con la Comisi\u00f3n Fe y Vida en su conjunto, y con Anicka Fast como secretaria entrante\u201d, expresa David Wiebe, presidente de la Red Anabautista Mundial de Educaci\u00f3n Superior (GAHEN por su sigla en ingl\u00e9s)&nbsp; Tres redes adicionales, que han estado en desarrollo desde hace varios a\u00f1os, est\u00e1n en [&hellip;]<\/p>\n","protected":false},"author":1,"featured_media":95271,"comment_status":"closed","ping_status":"closed","sticky":false,"template":"","format":"standard","meta":{"_acf_changed":false,"footnotes":""},"categories":[6],"tags":[],"network":[],"eventcategory":[],"class_list":["post-9388","post","type-post","status-publish","format-standard","has-post-thumbnail","hentry","category-sin-categorizar"],"acf":[],"yoast_head":"<!-- This site is optimized with the Yoast SEO plugin v27.5 - https:\/\/yoast.com\/product\/yoast-seo-wordpress\/ -->\n<title>Crecientes redes agregan rostros en Virginia - Mennonite World Conference<\/title>\n<meta name=\"robots\" content=\"index, follow, max-snippet:-1, max-image-preview:large, max-video-preview:-1\" \/>\n<link rel=\"canonical\" href=\"https:\/\/mwc-cmm.org\/es\/stories\/crecientes-redes-agregan-rostros-en-virginia\/\" \/>\n<meta property=\"og:locale\" content=\"es_ES\" \/>\n<meta property=\"og:type\" content=\"article\" \/>\n<meta property=\"og:title\" content=\"Crecientes redes agregan rostros en Virginia - Mennonite World Conference\" \/>\n<meta property=\"og:description\" content=\"\u201cTambi\u00e9n valoramos mucho nuestra primera reuni\u00f3n presencial con la Comisi\u00f3n Fe y Vida en su conjunto, y con Anicka Fast como secretaria entrante\u201d, expresa David Wiebe, presidente de la Red Anabautista Mundial de Educaci\u00f3n Superior (GAHEN por su sigla en ingl\u00e9s)&nbsp; Tres redes adicionales, que han estado en desarrollo desde hace varios a\u00f1os, est\u00e1n en [&hellip;]\" \/>\n<meta property=\"og:url\" content=\"https:\/\/mwc-cmm.org\/es\/stories\/crecientes-redes-agregan-rostros-en-virginia\/\" \/>\n<meta property=\"og:site_name\" content=\"Mennonite World Conference\" \/>\n<meta property=\"article:publisher\" content=\"https:\/\/www.facebook.com\/MennoniteWorldConference\" \/>\n<meta property=\"article:published_time\" content=\"2023-08-11T00:00:00+00:00\" \/>\n<meta property=\"article:modified_time\" content=\"2024-12-10T18:05:55+00:00\" \/>\n<meta property=\"og:image\" content=\"https:\/\/mwc-cmm.org\/wp-content\/uploads\/2024\/11\/microsoftteams-image-1024x768.png\" \/>\n\t<meta property=\"og:image:width\" content=\"1024\" \/>\n\t<meta property=\"og:image:height\" content=\"768\" \/>\n\t<meta property=\"og:image:type\" content=\"image\/jpeg\" \/>\n<meta name=\"author\" content=\"mennworldcon\" \/>\n<script type=\"application\/ld+json\" class=\"yoast-schema-graph\">{\"@context\":\"https:\\\/\\\/schema.org\",\"@graph\":[{\"@type\":\"Article\",\"@id\":\"https:\\\/\\\/mwc-cmm.org\\\/es\\\/stories\\\/crecientes-redes-agregan-rostros-en-virginia\\\/#article\",\"isPartOf\":{\"@id\":\"https:\\\/\\\/mwc-cmm.org\\\/es\\\/stories\\\/crecientes-redes-agregan-rostros-en-virginia\\\/\"},\"author\":{\"name\":\"mennworldcon\",\"@id\":\"https:\\\/\\\/mwc-cmm.org\\\/en\\\/#\\\/schema\\\/person\\\/11f6ae0d7d1868ba20a1cc27f067c836\"},\"headline\":\"Crecientes redes agregan rostros en Virginia\",\"datePublished\":\"2023-08-11T00:00:00+00:00\",\"dateModified\":\"2024-12-10T18:05:55+00:00\",\"mainEntityOfPage\":{\"@id\":\"https:\\\/\\\/mwc-cmm.org\\\/es\\\/stories\\\/crecientes-redes-agregan-rostros-en-virginia\\\/\"},\"wordCount\":1207,\"publisher\":{\"@id\":\"https:\\\/\\\/mwc-cmm.org\\\/en\\\/#organization\"},\"image\":{\"@id\":\"https:\\\/\\\/mwc-cmm.org\\\/es\\\/stories\\\/crecientes-redes-agregan-rostros-en-virginia\\\/#primaryimage\"},\"thumbnailUrl\":\"https:\\\/\\\/mwc-cmm.org\\\/wp-content\\\/uploads\\\/2024\\\/11\\\/microsoftteams-image-scaled.png\",\"articleSection\":[\"Sin categorizar\"],\"inLanguage\":\"es\"},{\"@type\":\"WebPage\",\"@id\":\"https:\\\/\\\/mwc-cmm.org\\\/es\\\/stories\\\/crecientes-redes-agregan-rostros-en-virginia\\\/\",\"url\":\"https:\\\/\\\/mwc-cmm.org\\\/es\\\/stories\\\/crecientes-redes-agregan-rostros-en-virginia\\\/\",\"name\":\"Crecientes redes agregan rostros en Virginia - Mennonite World Conference\",\"isPartOf\":{\"@id\":\"https:\\\/\\\/mwc-cmm.org\\\/en\\\/#website\"},\"primaryImageOfPage\":{\"@id\":\"https:\\\/\\\/mwc-cmm.org\\\/es\\\/stories\\\/crecientes-redes-agregan-rostros-en-virginia\\\/#primaryimage\"},\"image\":{\"@id\":\"https:\\\/\\\/mwc-cmm.org\\\/es\\\/stories\\\/crecientes-redes-agregan-rostros-en-virginia\\\/#primaryimage\"},\"thumbnailUrl\":\"https:\\\/\\\/mwc-cmm.org\\\/wp-content\\\/uploads\\\/2024\\\/11\\\/microsoftteams-image-scaled.png\",\"datePublished\":\"2023-08-11T00:00:00+00:00\",\"dateModified\":\"2024-12-10T18:05:55+00:00\",\"breadcrumb\":{\"@id\":\"https:\\\/\\\/mwc-cmm.org\\\/es\\\/stories\\\/crecientes-redes-agregan-rostros-en-virginia\\\/#breadcrumb\"},\"inLanguage\":\"es\",\"potentialAction\":[{\"@type\":\"ReadAction\",\"target\":[\"https:\\\/\\\/mwc-cmm.org\\\/es\\\/stories\\\/crecientes-redes-agregan-rostros-en-virginia\\\/\"]}]},{\"@type\":\"ImageObject\",\"inLanguage\":\"es\",\"@id\":\"https:\\\/\\\/mwc-cmm.org\\\/es\\\/stories\\\/crecientes-redes-agregan-rostros-en-virginia\\\/#primaryimage\",\"url\":\"https:\\\/\\\/mwc-cmm.org\\\/wp-content\\\/uploads\\\/2024\\\/11\\\/microsoftteams-image-scaled.png\",\"contentUrl\":\"https:\\\/\\\/mwc-cmm.org\\\/wp-content\\\/uploads\\\/2024\\\/11\\\/microsoftteams-image-scaled.png\",\"width\":2560,\"height\":1920},{\"@type\":\"BreadcrumbList\",\"@id\":\"https:\\\/\\\/mwc-cmm.org\\\/es\\\/stories\\\/crecientes-redes-agregan-rostros-en-virginia\\\/#breadcrumb\",\"itemListElement\":[{\"@type\":\"ListItem\",\"position\":1,\"name\":\"Home\",\"item\":\"https:\\\/\\\/mwc-cmm.org\\\/es\\\/\"},{\"@type\":\"ListItem\",\"position\":2,\"name\":\"Crecientes redes agregan rostros en Virginia\"}]},{\"@type\":\"WebSite\",\"@id\":\"https:\\\/\\\/mwc-cmm.org\\\/en\\\/#website\",\"url\":\"https:\\\/\\\/mwc-cmm.org\\\/en\\\/\",\"name\":\"Mennonite World Conference\",\"description\":\"A communion of Anabaptist-related churches\",\"publisher\":{\"@id\":\"https:\\\/\\\/mwc-cmm.org\\\/en\\\/#organization\"},\"alternateName\":\"MWC\",\"potentialAction\":[{\"@type\":\"SearchAction\",\"target\":{\"@type\":\"EntryPoint\",\"urlTemplate\":\"https:\\\/\\\/mwc-cmm.org\\\/en\\\/?s={search_term_string}\"},\"query-input\":{\"@type\":\"PropertyValueSpecification\",\"valueRequired\":true,\"valueName\":\"search_term_string\"}}],\"inLanguage\":\"es\"},{\"@type\":\"Organization\",\"@id\":\"https:\\\/\\\/mwc-cmm.org\\\/en\\\/#organization\",\"name\":\"Mennonite World Conference\",\"alternateName\":\"MWC\",\"url\":\"https:\\\/\\\/mwc-cmm.org\\\/en\\\/\",\"logo\":{\"@type\":\"ImageObject\",\"inLanguage\":\"es\",\"@id\":\"https:\\\/\\\/mwc-cmm.org\\\/en\\\/#\\\/schema\\\/logo\\\/image\\\/\",\"url\":\"https:\\\/\\\/mwc-cmm.org\\\/wp-content\\\/uploads\\\/2026\\\/01\\\/MWC_Sig_Blue_Horiz_webheader1-logo.svg\",\"contentUrl\":\"https:\\\/\\\/mwc-cmm.org\\\/wp-content\\\/uploads\\\/2026\\\/01\\\/MWC_Sig_Blue_Horiz_webheader1-logo.svg\",\"width\":786,\"height\":82,\"caption\":\"Mennonite World Conference\"},\"image\":{\"@id\":\"https:\\\/\\\/mwc-cmm.org\\\/en\\\/#\\\/schema\\\/logo\\\/image\\\/\"},\"sameAs\":[\"https:\\\/\\\/www.facebook.com\\\/MennoniteWorldConference\",\"https:\\\/\\\/www.linkedin.com\\\/company\\\/mennonite-world-conference-mwc\\\/\",\"https:\\\/\\\/www.instagram.com\\\/mwcmm\\\/\",\"https:\\\/\\\/www.youtube.com\\\/user\\\/mwccmm\",\"https:\\\/\\\/bsky.app\\\/profile\\\/mwcmm.bsky.social\"]},{\"@type\":\"Person\",\"@id\":\"https:\\\/\\\/mwc-cmm.org\\\/en\\\/#\\\/schema\\\/person\\\/11f6ae0d7d1868ba20a1cc27f067c836\",\"name\":\"mennworldcon\",\"image\":{\"@type\":\"ImageObject\",\"inLanguage\":\"es\",\"@id\":\"https:\\\/\\\/secure.gravatar.com\\\/avatar\\\/06fdc0dc81c157dfdb82ec42f252178a22307808988d22c043f9eb96f1e0fe80?s=96&d=mm&r=g\",\"url\":\"https:\\\/\\\/secure.gravatar.com\\\/avatar\\\/06fdc0dc81c157dfdb82ec42f252178a22307808988d22c043f9eb96f1e0fe80?s=96&d=mm&r=g\",\"contentUrl\":\"https:\\\/\\\/secure.gravatar.com\\\/avatar\\\/06fdc0dc81c157dfdb82ec42f252178a22307808988d22c043f9eb96f1e0fe80?s=96&d=mm&r=g\",\"caption\":\"mennworldcon\"},\"sameAs\":[\"https:\\\/\\\/mwc-cmm.org\"],\"url\":\"https:\\\/\\\/mwc-cmm.org\\\/es\\\/stories\\\/author\\\/mennworldcon\\\/\"}]}<\/script>\n<!-- \/ Yoast SEO plugin. -->","yoast_head_json":{"title":"Crecientes redes agregan rostros en Virginia - Mennonite World Conference","robots":{"index":"index","follow":"follow","max-snippet":"max-snippet:-1","max-image-preview":"max-image-preview:large","max-video-preview":"max-video-preview:-1"},"canonical":"https:\/\/mwc-cmm.org\/es\/stories\/crecientes-redes-agregan-rostros-en-virginia\/","og_locale":"es_ES","og_type":"article","og_title":"Crecientes redes agregan rostros en Virginia - Mennonite World Conference","og_description":"\u201cTambi\u00e9n valoramos mucho nuestra primera reuni\u00f3n presencial con la Comisi\u00f3n Fe y Vida en su conjunto, y con Anicka Fast como secretaria entrante\u201d, expresa David Wiebe, presidente de la Red Anabautista Mundial de Educaci\u00f3n Superior (GAHEN por su sigla en ingl\u00e9s)&nbsp; Tres redes adicionales, que han estado en desarrollo desde hace varios a\u00f1os, est\u00e1n en [&hellip;]","og_url":"https:\/\/mwc-cmm.org\/es\/stories\/crecientes-redes-agregan-rostros-en-virginia\/","og_site_name":"Mennonite World Conference","article_publisher":"https:\/\/www.facebook.com\/MennoniteWorldConference","article_published_time":"2023-08-11T00:00:00+00:00","article_modified_time":"2024-12-10T18:05:55+00:00","og_image":[{"width":1024,"height":768,"url":"https:\/\/mwc-cmm.org\/wp-content\/uploads\/2024\/11\/microsoftteams-image-1024x768.png","type":"image\/jpeg"}],"author":"mennworldcon","schema":{"@context":"https:\/\/schema.org","@graph":[{"@type":"Article","@id":"https:\/\/mwc-cmm.org\/es\/stories\/crecientes-redes-agregan-rostros-en-virginia\/#article","isPartOf":{"@id":"https:\/\/mwc-cmm.org\/es\/stories\/crecientes-redes-agregan-rostros-en-virginia\/"},"author":{"name":"mennworldcon","@id":"https:\/\/mwc-cmm.org\/en\/#\/schema\/person\/11f6ae0d7d1868ba20a1cc27f067c836"},"headline":"Crecientes redes agregan rostros en Virginia","datePublished":"2023-08-11T00:00:00+00:00","dateModified":"2024-12-10T18:05:55+00:00","mainEntityOfPage":{"@id":"https:\/\/mwc-cmm.org\/es\/stories\/crecientes-redes-agregan-rostros-en-virginia\/"},"wordCount":1207,"publisher":{"@id":"https:\/\/mwc-cmm.org\/en\/#organization"},"image":{"@id":"https:\/\/mwc-cmm.org\/es\/stories\/crecientes-redes-agregan-rostros-en-virginia\/#primaryimage"},"thumbnailUrl":"https:\/\/mwc-cmm.org\/wp-content\/uploads\/2024\/11\/microsoftteams-image-scaled.png","articleSection":["Sin categorizar"],"inLanguage":"es"},{"@type":"WebPage","@id":"https:\/\/mwc-cmm.org\/es\/stories\/crecientes-redes-agregan-rostros-en-virginia\/","url":"https:\/\/mwc-cmm.org\/es\/stories\/crecientes-redes-agregan-rostros-en-virginia\/","name":"Crecientes redes agregan rostros en Virginia - Mennonite World Conference","isPartOf":{"@id":"https:\/\/mwc-cmm.org\/en\/#website"},"primaryImageOfPage":{"@id":"https:\/\/mwc-cmm.org\/es\/stories\/crecientes-redes-agregan-rostros-en-virginia\/#primaryimage"},"image":{"@id":"https:\/\/mwc-cmm.org\/es\/stories\/crecientes-redes-agregan-rostros-en-virginia\/#primaryimage"},"thumbnailUrl":"https:\/\/mwc-cmm.org\/wp-content\/uploads\/2024\/11\/microsoftteams-image-scaled.png","datePublished":"2023-08-11T00:00:00+00:00","dateModified":"2024-12-10T18:05:55+00:00","breadcrumb":{"@id":"https:\/\/mwc-cmm.org\/es\/stories\/crecientes-redes-agregan-rostros-en-virginia\/#breadcrumb"},"inLanguage":"es","potentialAction":[{"@type":"ReadAction","target":["https:\/\/mwc-cmm.org\/es\/stories\/crecientes-redes-agregan-rostros-en-virginia\/"]}]},{"@type":"ImageObject","inLanguage":"es","@id":"https:\/\/mwc-cmm.org\/es\/stories\/crecientes-redes-agregan-rostros-en-virginia\/#primaryimage","url":"https:\/\/mwc-cmm.org\/wp-content\/uploads\/2024\/11\/microsoftteams-image-scaled.png","contentUrl":"https:\/\/mwc-cmm.org\/wp-content\/uploads\/2024\/11\/microsoftteams-image-scaled.png","width":2560,"height":1920},{"@type":"BreadcrumbList","@id":"https:\/\/mwc-cmm.org\/es\/stories\/crecientes-redes-agregan-rostros-en-virginia\/#breadcrumb","itemListElement":[{"@type":"ListItem","position":1,"name":"Home","item":"https:\/\/mwc-cmm.org\/es\/"},{"@type":"ListItem","position":2,"name":"Crecientes redes agregan rostros en Virginia"}]},{"@type":"WebSite","@id":"https:\/\/mwc-cmm.org\/en\/#website","url":"https:\/\/mwc-cmm.org\/en\/","name":"Mennonite World Conference","description":"A communion of Anabaptist-related churches","publisher":{"@id":"https:\/\/mwc-cmm.org\/en\/#organization"},"alternateName":"MWC","potentialAction":[{"@type":"SearchAction","target":{"@type":"EntryPoint","urlTemplate":"https:\/\/mwc-cmm.org\/en\/?s={search_term_string}"},"query-input":{"@type":"PropertyValueSpecification","valueRequired":true,"valueName":"search_term_string"}}],"inLanguage":"es"},{"@type":"Organization","@id":"https:\/\/mwc-cmm.org\/en\/#organization","name":"Mennonite World Conference","alternateName":"MWC","url":"https:\/\/mwc-cmm.org\/en\/","logo":{"@type":"ImageObject","inLanguage":"es","@id":"https:\/\/mwc-cmm.org\/en\/#\/schema\/logo\/image\/","url":"https:\/\/mwc-cmm.org\/wp-content\/uploads\/2026\/01\/MWC_Sig_Blue_Horiz_webheader1-logo.svg","contentUrl":"https:\/\/mwc-cmm.org\/wp-content\/uploads\/2026\/01\/MWC_Sig_Blue_Horiz_webheader1-logo.svg","width":786,"height":82,"caption":"Mennonite World Conference"},"image":{"@id":"https:\/\/mwc-cmm.org\/en\/#\/schema\/logo\/image\/"},"sameAs":["https:\/\/www.facebook.com\/MennoniteWorldConference","https:\/\/www.linkedin.com\/company\/mennonite-world-conference-mwc\/","https:\/\/www.instagram.com\/mwcmm\/","https:\/\/www.youtube.com\/user\/mwccmm","https:\/\/bsky.app\/profile\/mwcmm.bsky.social"]},{"@type":"Person","@id":"https:\/\/mwc-cmm.org\/en\/#\/schema\/person\/11f6ae0d7d1868ba20a1cc27f067c836","name":"mennworldcon","image":{"@type":"ImageObject","inLanguage":"es","@id":"https:\/\/secure.gravatar.com\/avatar\/06fdc0dc81c157dfdb82ec42f252178a22307808988d22c043f9eb96f1e0fe80?s=96&d=mm&r=g","url":"https:\/\/secure.gravatar.com\/avatar\/06fdc0dc81c157dfdb82ec42f252178a22307808988d22c043f9eb96f1e0fe80?s=96&d=mm&r=g","contentUrl":"https:\/\/secure.gravatar.com\/avatar\/06fdc0dc81c157dfdb82ec42f252178a22307808988d22c043f9eb96f1e0fe80?s=96&d=mm&r=g","caption":"mennworldcon"},"sameAs":["https:\/\/mwc-cmm.org"],"url":"https:\/\/mwc-cmm.org\/es\/stories\/author\/mennworldcon\/"}]}},"_links":{"self":[{"href":"https:\/\/mwc-cmm.org\/es\/wp-json\/wp\/v2\/posts\/9388","targetHints":{"allow":["GET"]}}],"collection":[{"href":"https:\/\/mwc-cmm.org\/es\/wp-json\/wp\/v2\/posts"}],"about":[{"href":"https:\/\/mwc-cmm.org\/es\/wp-json\/wp\/v2\/types\/post"}],"author":[{"embeddable":true,"href":"https:\/\/mwc-cmm.org\/es\/wp-json\/wp\/v2\/users\/1"}],"replies":[{"embeddable":true,"href":"https:\/\/mwc-cmm.org\/es\/wp-json\/wp\/v2\/comments?post=9388"}],"version-history":[{"count":0,"href":"https:\/\/mwc-cmm.org\/es\/wp-json\/wp\/v2\/posts\/9388\/revisions"}],"wp:featuredmedia":[{"embeddable":true,"href":"https:\/\/mwc-cmm.org\/es\/wp-json\/wp\/v2\/media\/95271"}],"wp:attachment":[{"href":"https:\/\/mwc-cmm.org\/es\/wp-json\/wp\/v2\/media?parent=9388"}],"wp:term":[{"taxonomy":"category","embeddable":true,"href":"https:\/\/mwc-cmm.org\/es\/wp-json\/wp\/v2\/categories?post=9388"},{"taxonomy":"post_tag","embeddable":true,"href":"https:\/\/mwc-cmm.org\/es\/wp-json\/wp\/v2\/tags?post=9388"},{"taxonomy":"network","embeddable":true,"href":"https:\/\/mwc-cmm.org\/es\/wp-json\/wp\/v2\/network?post=9388"},{"taxonomy":"eventcategory","embeddable":true,"href":"https:\/\/mwc-cmm.org\/es\/wp-json\/wp\/v2\/eventcategory?post=9388"}],"curies":[{"name":"wp","href":"https:\/\/api.w.org\/{rel}","templated":true}]}}