{"id":9380,"date":"2023-07-24T00:00:00","date_gmt":"2023-07-24T00:00:00","guid":{"rendered":"https:\/\/mwc-cmm.org\/hope-takes-action-in-despair-2\/"},"modified":"2024-12-10T18:05:52","modified_gmt":"2024-12-10T18:05:52","slug":"la-esperanza-actua-en-momentos-de-desesperacion","status":"publish","type":"post","link":"https:\/\/mwc-cmm.org\/es\/stories\/la-esperanza-actua-en-momentos-de-desesperacion\/","title":{"rendered":"La esperanza act\u00faa en momentos de desesperaci\u00f3n"},"content":{"rendered":"<h2>Corea del Sur<\/h2>\n<p>Para hablar de la esperanza, tengo que empezar hablando de la desesperaci\u00f3n. &nbsp;<\/p>\n<p>Hay algo que me preguntan a menudo cuando digo que soy de Corea: \u201c\u00bfCu\u00e1l de las dos Coreas?\u201d&nbsp;<\/p>\n<p>As\u00ed es, han pasado setenta y siete a\u00f1os desde que Corea se dividi\u00f3 en Corea del Norte y Corea del Sur. El miedo tan arraigado que proviene de una historia de guerras y la inseguridad que proviene de ese temor han generado diferentes tipos de desesperaci\u00f3n.&nbsp;<\/p>\n<p>Los surcoreanos tienen cuatro obligaciones principales. Una de las obligaciones es el deber de la defensa nacional. Y uno de los deberes de la defensa nacional es el deber de prestar el servicio militar. Esta obligaci\u00f3n se aplica a hombres entre 18 y 40 a\u00f1os en Corea del Sur. Son reclutados para servir como soldados durante un a\u00f1o y medio. Despu\u00e9s deben entrenarse regularmente como reservistas.&nbsp;<\/p>\n<p>La gente dice que las cosas han mejorado, pero la cultura militar sigue siendo muy violenta. No son dif\u00edciles de encontrar historias de intimidaci\u00f3n, suicidios y tiroteos en las noticias.&nbsp;<\/p>\n<p>Cuando uno piensa en los objetores de conciencia de Corea del Sur, el grupo m\u00e1s com\u00fan que viene a la mente es el de los Testigos de Jehov\u00e1. Tambi\u00e9n hay varias organizaciones, tales como <em>Un Mundo sin Guerras.<\/em> Y est\u00e1n las luchas de aquellos que sobrevivieron al encarcelamiento y defendieron sus convicciones.&nbsp;<\/p>\n<p>A partir de 2020, los objetores de conciencia ya no ir\u00e1n a la c\u00e1rcel, por lo cual sent\u00ed esperanza en este \u00faltimo a\u00f1o, pero todav\u00eda queda un largo camino por recorrer. El actual sistema de servicio alternativo tiene un car\u00e1cter punitivo, en el que hay que cumplir el doble de la duraci\u00f3n del servicio militar y solo se permite trabajar en las prisiones.&nbsp;<\/p>\n<p>Tambi\u00e9n existen servicios alternativos que no tienen car\u00e1cter de objeci\u00f3n de conciencia. Mi hermano menor se gradu\u00f3&nbsp;de una universidad agr\u00edcola administrada por el gobierno y comenz\u00f3 a cultivar papas. En Corea, el n\u00famero de agricultores est\u00e1 disminuyendo y no hay agricultores j\u00f3venes, por lo que se elige un grupo selecto de j\u00f3venes para cultivar en lugar de prestar servicio militar. Tambi\u00e9n hay casos similares en determinadas industrias. El proceso de solicitud es muy dif\u00edcil y la duraci\u00f3n tambi\u00e9n es de tres a\u00f1os.&nbsp;<\/p>\n<p>El gobierno le inform\u00f3 recientemente a mi hermano menor que se le permitir\u00eda reemplazar el servicio militar con la agricultura. Todos en la iglesia hab\u00edan estado orando y no tengo palabras para expresarles lo afortunado que es. Pero no, no es un sentimiento de alivio, porque mis amigos y mis vecinos todav\u00eda tienen que ingresar al ej\u00e9rcito.&nbsp;<\/p>\n<p>Las iglesias menonitas coreanas procuran constantemente solidarizarse con los objetores de conciencia. Los invitamos a dar conferencias y tratamos de escuchar sus voces a trav\u00e9s de reuniones presenciales. Nuestra motivaci\u00f3n y esperanza en medio de la lucha por el reconocimiento del estatus legal de los objetores de conciencia radican en Jes\u00fas, quien es nuestro maestro y ejemplo del compromiso de largo aliento de la comunidad anabautista-menonita con el principio de la no violencia.&nbsp;<\/p>\n<p>La mayor\u00eda de la gente podr\u00e1 pensar que el actual sistema de reclutamiento no tiene nada de malo. Pero yo veo desesperaci\u00f3n. Estoy agradecida de que haya una comunidad que tambi\u00e9n ve desesperaci\u00f3n y toma medidas. Dicha comunidad es mi congregaci\u00f3n local y la Iglesia Menonita de Corea del Sur (MCSK). Tambi\u00e9n contamos con el CMM que nos acompa\u00f1a como disc\u00edpulos de Jes\u00fas.&nbsp;<\/p>\n<p>Recientemente, el CMM emiti\u00f3 una declaraci\u00f3n de apoyo a los <a href=\"https:\/\/mwc-cmm.org\/es\/resources\/declaracion-sobre-la-objecion-de-conciencia\">objetores de conciencia,<\/a> en gran parte en respuesta a los desaf\u00edos que enfrenta MCSK. La declaraci\u00f3n del CMM procura solidarizarse con nosotros, lo cual significa esperanza para m\u00ed y para mis hermanos y hermanas menonitas de Corea.&nbsp;<\/p>\n<p>Gracias. &nbsp;<\/p>\n<p><em>\u2014Kkot-ip Bae (\u00ce\u221e\u221e\u00cd\u03a9\u00c9\u00cf\u00fb\u00e9)&nbsp;<\/em><em>es miembro de la Iglesia Menonita Nonsan Peace and Joy de Corea del Sur. Estudi\u00f3 sociolog\u00eda y contenido de medios digitales; trabaja como especialista en planificaci\u00f3n de programas de econom\u00eda social con responsabilidades de dise\u00f1o para la propagaci\u00f3n del valor social. Es la representante para Asia en el <a href=\"https:\/\/mwc-cmm.org\/es\/yabs\">Comit\u00e9 de YABs (J\u00f3venes Anabautistas) del CMM<\/a>. &nbsp;Kkot-ip Bae fue una de las oradoras de <a href=\"https:\/\/mwc-cmm.org\/es\/node\/148\">Renovaci\u00f3n <\/a>2023 \u2013Jesucristo, nuestra esperanza\u2013, en Abbotsford, British Columbia, Canad\u00e1, el 25 de marzo 2023. Este art\u00edculo fue adaptado de su presentaci\u00f3n. &nbsp;<\/em><\/p>\n<hr>\n<p><a href=\"https:\/\/mwc-cmm.org\/es\/resources\/correo-2023-3-julio\"><img decoding=\"async\" alt=\"\" height=\"75\" data-src=\"\/sites\/default\/files\/website_files_2020\/button_ccc_july_2023_sp.jpg\" width=\"825\" src=\"data:image\/svg+xml;base64,PHN2ZyB3aWR0aD0iMSIgaGVpZ2h0PSIxIiB4bWxucz0iaHR0cDovL3d3dy53My5vcmcvMjAwMC9zdmciPjwvc3ZnPg==\" class=\"lazyload\" style=\"--smush-placeholder-width: 825px; --smush-placeholder-aspect-ratio: 825\/75;\"><\/a><\/p>\n","protected":false},"excerpt":{"rendered":"<p>As\u00ed es, han pasado setenta y siete a\u00f1os desde que Corea se dividi\u00f3 en Corea del Norte y Corea del Sur. El miedo tan arraigado que proviene de una historia de guerras y la inseguridad que proviene de ese temor han generado diferentes tipos de desesperaci\u00f3n.&nbsp;<\/p>\n","protected":false},"author":1,"featured_media":96588,"comment_status":"closed","ping_status":"closed","sticky":false,"template":"","format":"standard","meta":{"_acf_changed":false,"footnotes":""},"categories":[6],"tags":[],"network":[],"eventcategory":[1484],"class_list":["post-9380","post","type-post","status-publish","format-standard","has-post-thumbnail","hentry","category-sin-categorizar","eventcategory-renewal-2028-es"],"acf":[],"yoast_head":"<!-- This site is optimized with the Yoast SEO plugin v27.2 - https:\/\/yoast.com\/product\/yoast-seo-wordpress\/ -->\n<title>La esperanza act\u00faa en momentos de desesperaci\u00f3n - Mennonite World Conference<\/title>\n<meta name=\"robots\" content=\"index, follow, max-snippet:-1, max-image-preview:large, max-video-preview:-1\" \/>\n<link rel=\"canonical\" href=\"https:\/\/mwc-cmm.org\/es\/stories\/la-esperanza-actua-en-momentos-de-desesperacion\/\" \/>\n<meta property=\"og:locale\" content=\"es_ES\" \/>\n<meta property=\"og:type\" content=\"article\" \/>\n<meta property=\"og:title\" content=\"La esperanza act\u00faa en momentos de desesperaci\u00f3n - Mennonite World Conference\" \/>\n<meta property=\"og:description\" content=\"As\u00ed es, han pasado setenta y siete a\u00f1os desde que Corea se dividi\u00f3 en Corea del Norte y Corea del Sur. El miedo tan arraigado que proviene de una historia de guerras y la inseguridad que proviene de ese temor han generado diferentes tipos de desesperaci\u00f3n.&nbsp;\" \/>\n<meta property=\"og:url\" content=\"https:\/\/mwc-cmm.org\/es\/stories\/la-esperanza-actua-en-momentos-de-desesperacion\/\" \/>\n<meta property=\"og:site_name\" content=\"Mennonite World Conference\" \/>\n<meta property=\"article:publisher\" content=\"https:\/\/www.facebook.com\/MennoniteWorldConference\" \/>\n<meta property=\"article:published_time\" content=\"2023-07-24T00:00:00+00:00\" \/>\n<meta property=\"article:modified_time\" content=\"2024-12-10T18:05:52+00:00\" \/>\n<meta property=\"og:image\" content=\"https:\/\/mwc-cmm.org\/wp-content\/uploads\/2024\/11\/20221220jeremiahchoikorea3.jpeg\" \/>\n\t<meta property=\"og:image:width\" content=\"1280\" \/>\n\t<meta property=\"og:image:height\" content=\"960\" \/>\n\t<meta property=\"og:image:type\" content=\"image\/jpeg\" \/>\n<meta name=\"author\" content=\"mennworldcon\" \/>\n<script type=\"application\/ld+json\" class=\"yoast-schema-graph\">{\"@context\":\"https:\/\/schema.org\",\"@graph\":[{\"@type\":\"Article\",\"@id\":\"https:\/\/mwc-cmm.org\/es\/stories\/la-esperanza-actua-en-momentos-de-desesperacion\/#article\",\"isPartOf\":{\"@id\":\"https:\/\/mwc-cmm.org\/es\/stories\/la-esperanza-actua-en-momentos-de-desesperacion\/\"},\"author\":{\"name\":\"mennworldcon\",\"@id\":\"https:\/\/mwc-cmm.org\/en\/#\/schema\/person\/11f6ae0d7d1868ba20a1cc27f067c836\"},\"headline\":\"La esperanza act\u00faa en momentos de desesperaci\u00f3n\",\"datePublished\":\"2023-07-24T00:00:00+00:00\",\"dateModified\":\"2024-12-10T18:05:52+00:00\",\"mainEntityOfPage\":{\"@id\":\"https:\/\/mwc-cmm.org\/es\/stories\/la-esperanza-actua-en-momentos-de-desesperacion\/\"},\"wordCount\":781,\"publisher\":{\"@id\":\"https:\/\/mwc-cmm.org\/en\/#organization\"},\"image\":{\"@id\":\"https:\/\/mwc-cmm.org\/es\/stories\/la-esperanza-actua-en-momentos-de-desesperacion\/#primaryimage\"},\"thumbnailUrl\":\"https:\/\/mwc-cmm.org\/wp-content\/uploads\/2024\/11\/20221220jeremiahchoikorea3.jpeg\",\"articleSection\":[\"Sin categorizar\"],\"inLanguage\":\"es\"},{\"@type\":\"WebPage\",\"@id\":\"https:\/\/mwc-cmm.org\/es\/stories\/la-esperanza-actua-en-momentos-de-desesperacion\/\",\"url\":\"https:\/\/mwc-cmm.org\/es\/stories\/la-esperanza-actua-en-momentos-de-desesperacion\/\",\"name\":\"La esperanza act\u00faa en momentos de desesperaci\u00f3n - Mennonite World Conference\",\"isPartOf\":{\"@id\":\"https:\/\/mwc-cmm.org\/en\/#website\"},\"primaryImageOfPage\":{\"@id\":\"https:\/\/mwc-cmm.org\/es\/stories\/la-esperanza-actua-en-momentos-de-desesperacion\/#primaryimage\"},\"image\":{\"@id\":\"https:\/\/mwc-cmm.org\/es\/stories\/la-esperanza-actua-en-momentos-de-desesperacion\/#primaryimage\"},\"thumbnailUrl\":\"https:\/\/mwc-cmm.org\/wp-content\/uploads\/2024\/11\/20221220jeremiahchoikorea3.jpeg\",\"datePublished\":\"2023-07-24T00:00:00+00:00\",\"dateModified\":\"2024-12-10T18:05:52+00:00\",\"breadcrumb\":{\"@id\":\"https:\/\/mwc-cmm.org\/es\/stories\/la-esperanza-actua-en-momentos-de-desesperacion\/#breadcrumb\"},\"inLanguage\":\"es\",\"potentialAction\":[{\"@type\":\"ReadAction\",\"target\":[\"https:\/\/mwc-cmm.org\/es\/stories\/la-esperanza-actua-en-momentos-de-desesperacion\/\"]}]},{\"@type\":\"ImageObject\",\"inLanguage\":\"es\",\"@id\":\"https:\/\/mwc-cmm.org\/es\/stories\/la-esperanza-actua-en-momentos-de-desesperacion\/#primaryimage\",\"url\":\"https:\/\/mwc-cmm.org\/wp-content\/uploads\/2024\/11\/20221220jeremiahchoikorea3.jpeg\",\"contentUrl\":\"https:\/\/mwc-cmm.org\/wp-content\/uploads\/2024\/11\/20221220jeremiahchoikorea3.jpeg\",\"width\":1280,\"height\":960},{\"@type\":\"BreadcrumbList\",\"@id\":\"https:\/\/mwc-cmm.org\/es\/stories\/la-esperanza-actua-en-momentos-de-desesperacion\/#breadcrumb\",\"itemListElement\":[{\"@type\":\"ListItem\",\"position\":1,\"name\":\"Home\",\"item\":\"https:\/\/mwc-cmm.org\/es\/\"},{\"@type\":\"ListItem\",\"position\":2,\"name\":\"La esperanza act\u00faa en momentos de desesperaci\u00f3n\"}]},{\"@type\":\"WebSite\",\"@id\":\"https:\/\/mwc-cmm.org\/en\/#website\",\"url\":\"https:\/\/mwc-cmm.org\/en\/\",\"name\":\"Mennonite World Conference\",\"description\":\"A communion of Anabaptist-related churches\",\"publisher\":{\"@id\":\"https:\/\/mwc-cmm.org\/en\/#organization\"},\"alternateName\":\"MWC\",\"potentialAction\":[{\"@type\":\"SearchAction\",\"target\":{\"@type\":\"EntryPoint\",\"urlTemplate\":\"https:\/\/mwc-cmm.org\/en\/?s={search_term_string}\"},\"query-input\":{\"@type\":\"PropertyValueSpecification\",\"valueRequired\":true,\"valueName\":\"search_term_string\"}}],\"inLanguage\":\"es\"},{\"@type\":\"Organization\",\"@id\":\"https:\/\/mwc-cmm.org\/en\/#organization\",\"name\":\"Mennonite World Conference\",\"alternateName\":\"MWC\",\"url\":\"https:\/\/mwc-cmm.org\/en\/\",\"logo\":{\"@type\":\"ImageObject\",\"inLanguage\":\"es\",\"@id\":\"https:\/\/mwc-cmm.org\/en\/#\/schema\/logo\/image\/\",\"url\":\"https:\/\/mwc-cmm.org\/wp-content\/uploads\/2026\/01\/MWC_Sig_Blue_Horiz_webheader1-logo.svg\",\"contentUrl\":\"https:\/\/mwc-cmm.org\/wp-content\/uploads\/2026\/01\/MWC_Sig_Blue_Horiz_webheader1-logo.svg\",\"width\":786,\"height\":82,\"caption\":\"Mennonite World Conference\"},\"image\":{\"@id\":\"https:\/\/mwc-cmm.org\/en\/#\/schema\/logo\/image\/\"},\"sameAs\":[\"https:\/\/www.facebook.com\/MennoniteWorldConference\",\"https:\/\/www.linkedin.com\/company\/mennonite-world-conference-mwc\/\",\"https:\/\/www.instagram.com\/mwcmm\/\",\"https:\/\/www.youtube.com\/user\/mwccmm\",\"https:\/\/bsky.app\/profile\/mwcmm.bsky.social\"]},{\"@type\":\"Person\",\"@id\":\"https:\/\/mwc-cmm.org\/en\/#\/schema\/person\/11f6ae0d7d1868ba20a1cc27f067c836\",\"name\":\"mennworldcon\",\"image\":{\"@type\":\"ImageObject\",\"inLanguage\":\"es\",\"@id\":\"https:\/\/secure.gravatar.com\/avatar\/06fdc0dc81c157dfdb82ec42f252178a22307808988d22c043f9eb96f1e0fe80?s=96&d=mm&r=g\",\"url\":\"https:\/\/secure.gravatar.com\/avatar\/06fdc0dc81c157dfdb82ec42f252178a22307808988d22c043f9eb96f1e0fe80?s=96&d=mm&r=g\",\"contentUrl\":\"https:\/\/secure.gravatar.com\/avatar\/06fdc0dc81c157dfdb82ec42f252178a22307808988d22c043f9eb96f1e0fe80?s=96&d=mm&r=g\",\"caption\":\"mennworldcon\"},\"sameAs\":[\"https:\/\/mwc-cmm.org\"],\"url\":\"https:\/\/mwc-cmm.org\/es\/stories\/author\/mennworldcon\/\"}]}<\/script>\n<!-- \/ Yoast SEO plugin. -->","yoast_head_json":{"title":"La esperanza act\u00faa en momentos de desesperaci\u00f3n - Mennonite World Conference","robots":{"index":"index","follow":"follow","max-snippet":"max-snippet:-1","max-image-preview":"max-image-preview:large","max-video-preview":"max-video-preview:-1"},"canonical":"https:\/\/mwc-cmm.org\/es\/stories\/la-esperanza-actua-en-momentos-de-desesperacion\/","og_locale":"es_ES","og_type":"article","og_title":"La esperanza act\u00faa en momentos de desesperaci\u00f3n - Mennonite World Conference","og_description":"As\u00ed es, han pasado setenta y siete a\u00f1os desde que Corea se dividi\u00f3 en Corea del Norte y Corea del Sur. El miedo tan arraigado que proviene de una historia de guerras y la inseguridad que proviene de ese temor han generado diferentes tipos de desesperaci\u00f3n.&nbsp;","og_url":"https:\/\/mwc-cmm.org\/es\/stories\/la-esperanza-actua-en-momentos-de-desesperacion\/","og_site_name":"Mennonite World Conference","article_publisher":"https:\/\/www.facebook.com\/MennoniteWorldConference","article_published_time":"2023-07-24T00:00:00+00:00","article_modified_time":"2024-12-10T18:05:52+00:00","og_image":[{"width":1280,"height":960,"url":"https:\/\/mwc-cmm.org\/wp-content\/uploads\/2024\/11\/20221220jeremiahchoikorea3.jpeg","type":"image\/jpeg"}],"author":"mennworldcon","schema":{"@context":"https:\/\/schema.org","@graph":[{"@type":"Article","@id":"https:\/\/mwc-cmm.org\/es\/stories\/la-esperanza-actua-en-momentos-de-desesperacion\/#article","isPartOf":{"@id":"https:\/\/mwc-cmm.org\/es\/stories\/la-esperanza-actua-en-momentos-de-desesperacion\/"},"author":{"name":"mennworldcon","@id":"https:\/\/mwc-cmm.org\/en\/#\/schema\/person\/11f6ae0d7d1868ba20a1cc27f067c836"},"headline":"La esperanza act\u00faa en momentos de desesperaci\u00f3n","datePublished":"2023-07-24T00:00:00+00:00","dateModified":"2024-12-10T18:05:52+00:00","mainEntityOfPage":{"@id":"https:\/\/mwc-cmm.org\/es\/stories\/la-esperanza-actua-en-momentos-de-desesperacion\/"},"wordCount":781,"publisher":{"@id":"https:\/\/mwc-cmm.org\/en\/#organization"},"image":{"@id":"https:\/\/mwc-cmm.org\/es\/stories\/la-esperanza-actua-en-momentos-de-desesperacion\/#primaryimage"},"thumbnailUrl":"https:\/\/mwc-cmm.org\/wp-content\/uploads\/2024\/11\/20221220jeremiahchoikorea3.jpeg","articleSection":["Sin categorizar"],"inLanguage":"es"},{"@type":"WebPage","@id":"https:\/\/mwc-cmm.org\/es\/stories\/la-esperanza-actua-en-momentos-de-desesperacion\/","url":"https:\/\/mwc-cmm.org\/es\/stories\/la-esperanza-actua-en-momentos-de-desesperacion\/","name":"La esperanza act\u00faa en momentos de desesperaci\u00f3n - Mennonite World Conference","isPartOf":{"@id":"https:\/\/mwc-cmm.org\/en\/#website"},"primaryImageOfPage":{"@id":"https:\/\/mwc-cmm.org\/es\/stories\/la-esperanza-actua-en-momentos-de-desesperacion\/#primaryimage"},"image":{"@id":"https:\/\/mwc-cmm.org\/es\/stories\/la-esperanza-actua-en-momentos-de-desesperacion\/#primaryimage"},"thumbnailUrl":"https:\/\/mwc-cmm.org\/wp-content\/uploads\/2024\/11\/20221220jeremiahchoikorea3.jpeg","datePublished":"2023-07-24T00:00:00+00:00","dateModified":"2024-12-10T18:05:52+00:00","breadcrumb":{"@id":"https:\/\/mwc-cmm.org\/es\/stories\/la-esperanza-actua-en-momentos-de-desesperacion\/#breadcrumb"},"inLanguage":"es","potentialAction":[{"@type":"ReadAction","target":["https:\/\/mwc-cmm.org\/es\/stories\/la-esperanza-actua-en-momentos-de-desesperacion\/"]}]},{"@type":"ImageObject","inLanguage":"es","@id":"https:\/\/mwc-cmm.org\/es\/stories\/la-esperanza-actua-en-momentos-de-desesperacion\/#primaryimage","url":"https:\/\/mwc-cmm.org\/wp-content\/uploads\/2024\/11\/20221220jeremiahchoikorea3.jpeg","contentUrl":"https:\/\/mwc-cmm.org\/wp-content\/uploads\/2024\/11\/20221220jeremiahchoikorea3.jpeg","width":1280,"height":960},{"@type":"BreadcrumbList","@id":"https:\/\/mwc-cmm.org\/es\/stories\/la-esperanza-actua-en-momentos-de-desesperacion\/#breadcrumb","itemListElement":[{"@type":"ListItem","position":1,"name":"Home","item":"https:\/\/mwc-cmm.org\/es\/"},{"@type":"ListItem","position":2,"name":"La esperanza act\u00faa en momentos de desesperaci\u00f3n"}]},{"@type":"WebSite","@id":"https:\/\/mwc-cmm.org\/en\/#website","url":"https:\/\/mwc-cmm.org\/en\/","name":"Mennonite World Conference","description":"A communion of Anabaptist-related churches","publisher":{"@id":"https:\/\/mwc-cmm.org\/en\/#organization"},"alternateName":"MWC","potentialAction":[{"@type":"SearchAction","target":{"@type":"EntryPoint","urlTemplate":"https:\/\/mwc-cmm.org\/en\/?s={search_term_string}"},"query-input":{"@type":"PropertyValueSpecification","valueRequired":true,"valueName":"search_term_string"}}],"inLanguage":"es"},{"@type":"Organization","@id":"https:\/\/mwc-cmm.org\/en\/#organization","name":"Mennonite World Conference","alternateName":"MWC","url":"https:\/\/mwc-cmm.org\/en\/","logo":{"@type":"ImageObject","inLanguage":"es","@id":"https:\/\/mwc-cmm.org\/en\/#\/schema\/logo\/image\/","url":"https:\/\/mwc-cmm.org\/wp-content\/uploads\/2026\/01\/MWC_Sig_Blue_Horiz_webheader1-logo.svg","contentUrl":"https:\/\/mwc-cmm.org\/wp-content\/uploads\/2026\/01\/MWC_Sig_Blue_Horiz_webheader1-logo.svg","width":786,"height":82,"caption":"Mennonite World Conference"},"image":{"@id":"https:\/\/mwc-cmm.org\/en\/#\/schema\/logo\/image\/"},"sameAs":["https:\/\/www.facebook.com\/MennoniteWorldConference","https:\/\/www.linkedin.com\/company\/mennonite-world-conference-mwc\/","https:\/\/www.instagram.com\/mwcmm\/","https:\/\/www.youtube.com\/user\/mwccmm","https:\/\/bsky.app\/profile\/mwcmm.bsky.social"]},{"@type":"Person","@id":"https:\/\/mwc-cmm.org\/en\/#\/schema\/person\/11f6ae0d7d1868ba20a1cc27f067c836","name":"mennworldcon","image":{"@type":"ImageObject","inLanguage":"es","@id":"https:\/\/secure.gravatar.com\/avatar\/06fdc0dc81c157dfdb82ec42f252178a22307808988d22c043f9eb96f1e0fe80?s=96&d=mm&r=g","url":"https:\/\/secure.gravatar.com\/avatar\/06fdc0dc81c157dfdb82ec42f252178a22307808988d22c043f9eb96f1e0fe80?s=96&d=mm&r=g","contentUrl":"https:\/\/secure.gravatar.com\/avatar\/06fdc0dc81c157dfdb82ec42f252178a22307808988d22c043f9eb96f1e0fe80?s=96&d=mm&r=g","caption":"mennworldcon"},"sameAs":["https:\/\/mwc-cmm.org"],"url":"https:\/\/mwc-cmm.org\/es\/stories\/author\/mennworldcon\/"}]}},"_links":{"self":[{"href":"https:\/\/mwc-cmm.org\/es\/wp-json\/wp\/v2\/posts\/9380","targetHints":{"allow":["GET"]}}],"collection":[{"href":"https:\/\/mwc-cmm.org\/es\/wp-json\/wp\/v2\/posts"}],"about":[{"href":"https:\/\/mwc-cmm.org\/es\/wp-json\/wp\/v2\/types\/post"}],"author":[{"embeddable":true,"href":"https:\/\/mwc-cmm.org\/es\/wp-json\/wp\/v2\/users\/1"}],"replies":[{"embeddable":true,"href":"https:\/\/mwc-cmm.org\/es\/wp-json\/wp\/v2\/comments?post=9380"}],"version-history":[{"count":0,"href":"https:\/\/mwc-cmm.org\/es\/wp-json\/wp\/v2\/posts\/9380\/revisions"}],"wp:featuredmedia":[{"embeddable":true,"href":"https:\/\/mwc-cmm.org\/es\/wp-json\/wp\/v2\/media\/96588"}],"wp:attachment":[{"href":"https:\/\/mwc-cmm.org\/es\/wp-json\/wp\/v2\/media?parent=9380"}],"wp:term":[{"taxonomy":"category","embeddable":true,"href":"https:\/\/mwc-cmm.org\/es\/wp-json\/wp\/v2\/categories?post=9380"},{"taxonomy":"post_tag","embeddable":true,"href":"https:\/\/mwc-cmm.org\/es\/wp-json\/wp\/v2\/tags?post=9380"},{"taxonomy":"network","embeddable":true,"href":"https:\/\/mwc-cmm.org\/es\/wp-json\/wp\/v2\/network?post=9380"},{"taxonomy":"eventcategory","embeddable":true,"href":"https:\/\/mwc-cmm.org\/es\/wp-json\/wp\/v2\/eventcategory?post=9380"}],"curies":[{"name":"wp","href":"https:\/\/api.w.org\/{rel}","templated":true}]}}