{"id":9379,"date":"2023-07-20T00:00:00","date_gmt":"2023-07-20T00:00:00","guid":{"rendered":"https:\/\/mwc-cmm.org\/universally-appealing-core-values-2\/"},"modified":"2024-12-10T18:05:52","modified_gmt":"2024-12-10T18:05:52","slug":"valores-fundamentales-de-alcance-universal","status":"publish","type":"post","link":"https:\/\/mwc-cmm.org\/es\/stories\/valores-fundamentales-de-alcance-universal\/","title":{"rendered":"Valores fundamentales de alcance universal"},"content":{"rendered":"<p>Conozca a Hiro Katano de Sapporo, Hokkaido, Jap\u00f3n Integrante de la <a href=\"https:\/\/mwc-cmm.org\/es\/node\/143\">Comisi\u00f3n de Fe y Vida.<\/a><\/p>\n<h3>\u00bfC\u00f3mo sirve al CMM? &nbsp;<\/h3>\n<p>He sido integrante del Concilio General, representando a Nihon Menonaito Kirisuto Kyokai Kyogikai (Convenci\u00f3n de la Iglesia Cristiana Menonita de Jap\u00f3n), desde 2016. Sirvo al CMM conect\u00e1ndolo con la convenci\u00f3n de mi iglesia a trav\u00e9s de la correspondencia, informaci\u00f3n, traducci\u00f3n y ense\u00f1anza. Tambi\u00e9n soy integrante de la Comisi\u00f3n de Fe y Vida desde julio de 2022.&nbsp;<\/p>\n<h3>\u00bfC\u00f3mo sirve a su iglesia local? &nbsp; &nbsp;&nbsp;<\/h3>\n<p>He sido miembro de la Iglesia Menonita Bethel de Sapporo desde 1998, predicando y liderando el culto peri\u00f3dicamente. Mi esposa Miwako y yo residimos en el Centro Menonita Fukuzumi, en Sapporo. El centro es propiedad de la convenci\u00f3n de nuestra iglesia, que la administra a fin de recibir hu\u00e9spedes, proporcionar espacio para cultos, reuniones de negocios y otros encuentros. Tambi\u00e9n ayudo a mi esposa con su ministerio como pastora de sost\u00e9n propio.<\/p>\n<p>En nombre de las iglesias anabautistamenonitas de Jap\u00f3n, he estado organizando el Instituto Regional de Consolidaci\u00f3n de la Paz del Noreste de Asia (NARPI, por sus siglas en ingl\u00e9s) desde su inicio en 2010. He tenido tambi\u00e9n otras oportunidades de presentar ponencias, talleres y trabajos escritos sobre teolog\u00eda de la paz, tanto dentro como fuera de la denominaci\u00f3n menonita.&nbsp;<\/p>\n<h3>\u00bfQu\u00e9 significa que el cuerpo de Cristo est\u00e9 unificado?&nbsp;<\/h3>\n<p>Para m\u00ed significa seguir volviendo de vez en cuando a nuestros valores comunes como seguidores de nuestro Se\u00f1or Jes\u00fas.&nbsp;<\/p>\n<p>Fe: Recurrimos regularmente a la vida, ense\u00f1anzas y ministerio de Jes\u00fas para examinar nuestro discipulado.&nbsp;<\/p>\n<p>Vida: Nos reunimos regularmente en una comunidad de fe para discernir la direcci\u00f3n del Esp\u00edritu Santo para la renovaci\u00f3n y el crecimiento.&nbsp;<\/p>\n<p>Trabajo: Procuramos regularmente la reconciliaci\u00f3n hol\u00edstica con Dios, con los dem\u00e1s, con uno mismo y con la creaci\u00f3n, al transitar diariamente nuestro camino de vida fiel.&nbsp;<\/p>\n<p>Si bien mi marco se basa en los llamados fundamentos anabautistas, estos valores fundamentales tambi\u00e9n tienen alcance universal para otras denominaciones.&nbsp;<\/p>\n<h3>\u00bfQu\u00e9 libro o podcast ha estado leyendo\/ escuchando \u00faltimamente cuyas ideas recomendar\u00eda?&nbsp;<\/h3>\n<p>He sido bendecido e inspirado por la colecci\u00f3n, <a href=\"https:\/\/heraldpress.com\/9781513805733\/what-is-gods-kingdom-and-what-does-citizenship-look-like\/\">The Jesus Way: Small Books of Radical Faith<\/a> (El camino de Jes\u00fas: Peque\u00f1os libros de fe radical), de Herald Press. Estos diez libros constituyen una exposici\u00f3n concisa, legible y claramente definida de la fe y de la cosmovisi\u00f3n anabautistas, en base a los cuales elabor\u00e9 folletos para introducir la fe anabautista b\u00e1sica a la juventud japonesa.&nbsp;<\/p>\n<h3>\u00bfQu\u00e9 recurso del CMM recomienda y &nbsp;por qu\u00e9?&nbsp;<\/h3>\n<p>Vale la pena leer, recitar, reflexionar y estudiar las <a href=\"https:\/\/mwc-cmm.org\/es\/convicciones-compartidas\">Convicciones Compartidas<\/a> del anabautismo mundial a fin de adoptarlas. Si bien la convenci\u00f3n de nuestra iglesia tiene su propia confesi\u00f3n de fe, las Convicciones Compartidas nos ayudan a incorporar elementos m\u00e1s amplios, complementarios y comunicativos de la fe anabautista.&nbsp;<\/p>\n<p><a href=\"https:\/\/mwc-cmm.org\/en\/resources\/what-we-believe-together-2015\">Lo que juntos creemos<\/a> de Alfred Neufeld, es una gu\u00eda \u00fatil a medida que profundizamos en el documento. Organic\u00e9 un taller para examinar las Convicciones Compartidas e hice una serie de sermones basados en los aprendizajes. Y ahora los estoy ampliando en un ciclo de videoconferencias sobre las doctrinas anabautistas fundamentales.&nbsp;<\/p>\n<h5><em>Tal como las c\u00e1maras del coraz\u00f3n, las cuatro comisiones del Congreso Menonita Mundial sirven a la comunidad mundial de iglesias afines al anabautismo, a trav\u00e9s de las actividades de diacon\u00eda, fe y vida, paz y misiones. Las comisiones elaboran material para ser sometido a la consideraci\u00f3n del Concilio General, orientan y proponen recursos a las iglesias miembros, y adem\u00e1s propician redes o fraternidades afines al CMM que colaboran en temas de inter\u00e9s y enfoque comunes. A continuaci\u00f3n, una de las comisiones comparte un mensaje desde la perspectiva de su ministerio.<\/em><\/h5>\n<hr>\n<p><a href=\"https:\/\/mwc-cmm.org\/es\/resources\/correo-2023-3-julio\"><img decoding=\"async\" alt=\"\" height=\"75\" data-src=\"\/sites\/default\/files\/website_files_2020\/button_ccc_july_2023_sp.jpg\" width=\"825\" src=\"data:image\/svg+xml;base64,PHN2ZyB3aWR0aD0iMSIgaGVpZ2h0PSIxIiB4bWxucz0iaHR0cDovL3d3dy53My5vcmcvMjAwMC9zdmciPjwvc3ZnPg==\" class=\"lazyload\" style=\"--smush-placeholder-width: 825px; --smush-placeholder-aspect-ratio: 825\/75;\"><\/a><\/p>\n","protected":false},"excerpt":{"rendered":"<p>Conozca a Hiro Katano de Sapporo, Hokkaido, Jap\u00f3n Integrante de la Comisi\u00f3n de Fe y Vida. \u00bfC\u00f3mo sirve al CMM? &nbsp; He sido integrante del Concilio General, representando a Nihon Menonaito Kirisuto Kyokai Kyogikai (Convenci\u00f3n de la Iglesia Cristiana Menonita de Jap\u00f3n), desde 2016. Sirvo al CMM conect\u00e1ndolo con la convenci\u00f3n de mi iglesia a [&hellip;]<\/p>\n","protected":false},"author":1,"featured_media":97092,"comment_status":"closed","ping_status":"closed","sticky":false,"template":"","format":"standard","meta":{"_acf_changed":false,"footnotes":""},"categories":[6],"tags":[],"network":[1306],"eventcategory":[],"class_list":["post-9379","post","type-post","status-publish","format-standard","has-post-thumbnail","hentry","category-sin-categorizar","network-courier-es"],"acf":[],"yoast_head":"<!-- This site is optimized with the Yoast SEO plugin v27.2 - https:\/\/yoast.com\/product\/yoast-seo-wordpress\/ -->\n<title>Valores fundamentales de alcance universal - Mennonite World Conference<\/title>\n<meta name=\"robots\" content=\"index, follow, max-snippet:-1, max-image-preview:large, max-video-preview:-1\" \/>\n<link rel=\"canonical\" href=\"https:\/\/mwc-cmm.org\/es\/stories\/valores-fundamentales-de-alcance-universal\/\" \/>\n<meta property=\"og:locale\" content=\"es_ES\" \/>\n<meta property=\"og:type\" content=\"article\" \/>\n<meta property=\"og:title\" content=\"Valores fundamentales de alcance universal - Mennonite World Conference\" \/>\n<meta property=\"og:description\" content=\"Conozca a Hiro Katano de Sapporo, Hokkaido, Jap\u00f3n Integrante de la Comisi\u00f3n de Fe y Vida. \u00bfC\u00f3mo sirve al CMM? &nbsp; He sido integrante del Concilio General, representando a Nihon Menonaito Kirisuto Kyokai Kyogikai (Convenci\u00f3n de la Iglesia Cristiana Menonita de Jap\u00f3n), desde 2016. Sirvo al CMM conect\u00e1ndolo con la convenci\u00f3n de mi iglesia a [&hellip;]\" \/>\n<meta property=\"og:url\" content=\"https:\/\/mwc-cmm.org\/es\/stories\/valores-fundamentales-de-alcance-universal\/\" \/>\n<meta property=\"og:site_name\" content=\"Mennonite World Conference\" \/>\n<meta property=\"article:publisher\" content=\"https:\/\/www.facebook.com\/MennoniteWorldConference\" \/>\n<meta property=\"article:published_time\" content=\"2023-07-20T00:00:00+00:00\" \/>\n<meta property=\"article:modified_time\" content=\"2024-12-10T18:05:52+00:00\" \/>\n<meta property=\"og:image\" content=\"https:\/\/mwc-cmm.org\/wp-content\/uploads\/2024\/11\/atushiro_feature.jpg\" \/>\n\t<meta property=\"og:image:width\" content=\"600\" \/>\n\t<meta property=\"og:image:height\" content=\"450\" \/>\n\t<meta property=\"og:image:type\" content=\"image\/jpeg\" \/>\n<meta name=\"author\" content=\"mennworldcon\" \/>\n<script type=\"application\/ld+json\" class=\"yoast-schema-graph\">{\"@context\":\"https:\/\/schema.org\",\"@graph\":[{\"@type\":\"Article\",\"@id\":\"https:\/\/mwc-cmm.org\/es\/stories\/valores-fundamentales-de-alcance-universal\/#article\",\"isPartOf\":{\"@id\":\"https:\/\/mwc-cmm.org\/es\/stories\/valores-fundamentales-de-alcance-universal\/\"},\"author\":{\"name\":\"mennworldcon\",\"@id\":\"https:\/\/mwc-cmm.org\/en\/#\/schema\/person\/11f6ae0d7d1868ba20a1cc27f067c836\"},\"headline\":\"Valores fundamentales de alcance universal\",\"datePublished\":\"2023-07-20T00:00:00+00:00\",\"dateModified\":\"2024-12-10T18:05:52+00:00\",\"mainEntityOfPage\":{\"@id\":\"https:\/\/mwc-cmm.org\/es\/stories\/valores-fundamentales-de-alcance-universal\/\"},\"wordCount\":673,\"publisher\":{\"@id\":\"https:\/\/mwc-cmm.org\/en\/#organization\"},\"image\":{\"@id\":\"https:\/\/mwc-cmm.org\/es\/stories\/valores-fundamentales-de-alcance-universal\/#primaryimage\"},\"thumbnailUrl\":\"https:\/\/mwc-cmm.org\/wp-content\/uploads\/2024\/11\/atushiro_feature.jpg\",\"articleSection\":[\"Sin categorizar\"],\"inLanguage\":\"es\"},{\"@type\":\"WebPage\",\"@id\":\"https:\/\/mwc-cmm.org\/es\/stories\/valores-fundamentales-de-alcance-universal\/\",\"url\":\"https:\/\/mwc-cmm.org\/es\/stories\/valores-fundamentales-de-alcance-universal\/\",\"name\":\"Valores fundamentales de alcance universal - Mennonite World Conference\",\"isPartOf\":{\"@id\":\"https:\/\/mwc-cmm.org\/en\/#website\"},\"primaryImageOfPage\":{\"@id\":\"https:\/\/mwc-cmm.org\/es\/stories\/valores-fundamentales-de-alcance-universal\/#primaryimage\"},\"image\":{\"@id\":\"https:\/\/mwc-cmm.org\/es\/stories\/valores-fundamentales-de-alcance-universal\/#primaryimage\"},\"thumbnailUrl\":\"https:\/\/mwc-cmm.org\/wp-content\/uploads\/2024\/11\/atushiro_feature.jpg\",\"datePublished\":\"2023-07-20T00:00:00+00:00\",\"dateModified\":\"2024-12-10T18:05:52+00:00\",\"breadcrumb\":{\"@id\":\"https:\/\/mwc-cmm.org\/es\/stories\/valores-fundamentales-de-alcance-universal\/#breadcrumb\"},\"inLanguage\":\"es\",\"potentialAction\":[{\"@type\":\"ReadAction\",\"target\":[\"https:\/\/mwc-cmm.org\/es\/stories\/valores-fundamentales-de-alcance-universal\/\"]}]},{\"@type\":\"ImageObject\",\"inLanguage\":\"es\",\"@id\":\"https:\/\/mwc-cmm.org\/es\/stories\/valores-fundamentales-de-alcance-universal\/#primaryimage\",\"url\":\"https:\/\/mwc-cmm.org\/wp-content\/uploads\/2024\/11\/atushiro_feature.jpg\",\"contentUrl\":\"https:\/\/mwc-cmm.org\/wp-content\/uploads\/2024\/11\/atushiro_feature.jpg\",\"width\":600,\"height\":450},{\"@type\":\"BreadcrumbList\",\"@id\":\"https:\/\/mwc-cmm.org\/es\/stories\/valores-fundamentales-de-alcance-universal\/#breadcrumb\",\"itemListElement\":[{\"@type\":\"ListItem\",\"position\":1,\"name\":\"Home\",\"item\":\"https:\/\/mwc-cmm.org\/es\/\"},{\"@type\":\"ListItem\",\"position\":2,\"name\":\"Valores fundamentales de alcance universal\"}]},{\"@type\":\"WebSite\",\"@id\":\"https:\/\/mwc-cmm.org\/en\/#website\",\"url\":\"https:\/\/mwc-cmm.org\/en\/\",\"name\":\"Mennonite World Conference\",\"description\":\"A communion of Anabaptist-related churches\",\"publisher\":{\"@id\":\"https:\/\/mwc-cmm.org\/en\/#organization\"},\"alternateName\":\"MWC\",\"potentialAction\":[{\"@type\":\"SearchAction\",\"target\":{\"@type\":\"EntryPoint\",\"urlTemplate\":\"https:\/\/mwc-cmm.org\/en\/?s={search_term_string}\"},\"query-input\":{\"@type\":\"PropertyValueSpecification\",\"valueRequired\":true,\"valueName\":\"search_term_string\"}}],\"inLanguage\":\"es\"},{\"@type\":\"Organization\",\"@id\":\"https:\/\/mwc-cmm.org\/en\/#organization\",\"name\":\"Mennonite World Conference\",\"alternateName\":\"MWC\",\"url\":\"https:\/\/mwc-cmm.org\/en\/\",\"logo\":{\"@type\":\"ImageObject\",\"inLanguage\":\"es\",\"@id\":\"https:\/\/mwc-cmm.org\/en\/#\/schema\/logo\/image\/\",\"url\":\"https:\/\/mwc-cmm.org\/wp-content\/uploads\/2026\/01\/MWC_Sig_Blue_Horiz_webheader1-logo.svg\",\"contentUrl\":\"https:\/\/mwc-cmm.org\/wp-content\/uploads\/2026\/01\/MWC_Sig_Blue_Horiz_webheader1-logo.svg\",\"width\":786,\"height\":82,\"caption\":\"Mennonite World Conference\"},\"image\":{\"@id\":\"https:\/\/mwc-cmm.org\/en\/#\/schema\/logo\/image\/\"},\"sameAs\":[\"https:\/\/www.facebook.com\/MennoniteWorldConference\",\"https:\/\/www.linkedin.com\/company\/mennonite-world-conference-mwc\/\",\"https:\/\/www.instagram.com\/mwcmm\/\",\"https:\/\/www.youtube.com\/user\/mwccmm\",\"https:\/\/bsky.app\/profile\/mwcmm.bsky.social\"]},{\"@type\":\"Person\",\"@id\":\"https:\/\/mwc-cmm.org\/en\/#\/schema\/person\/11f6ae0d7d1868ba20a1cc27f067c836\",\"name\":\"mennworldcon\",\"image\":{\"@type\":\"ImageObject\",\"inLanguage\":\"es\",\"@id\":\"https:\/\/secure.gravatar.com\/avatar\/06fdc0dc81c157dfdb82ec42f252178a22307808988d22c043f9eb96f1e0fe80?s=96&d=mm&r=g\",\"url\":\"https:\/\/secure.gravatar.com\/avatar\/06fdc0dc81c157dfdb82ec42f252178a22307808988d22c043f9eb96f1e0fe80?s=96&d=mm&r=g\",\"contentUrl\":\"https:\/\/secure.gravatar.com\/avatar\/06fdc0dc81c157dfdb82ec42f252178a22307808988d22c043f9eb96f1e0fe80?s=96&d=mm&r=g\",\"caption\":\"mennworldcon\"},\"sameAs\":[\"https:\/\/mwc-cmm.org\"],\"url\":\"https:\/\/mwc-cmm.org\/es\/stories\/author\/mennworldcon\/\"}]}<\/script>\n<!-- \/ Yoast SEO plugin. -->","yoast_head_json":{"title":"Valores fundamentales de alcance universal - Mennonite World Conference","robots":{"index":"index","follow":"follow","max-snippet":"max-snippet:-1","max-image-preview":"max-image-preview:large","max-video-preview":"max-video-preview:-1"},"canonical":"https:\/\/mwc-cmm.org\/es\/stories\/valores-fundamentales-de-alcance-universal\/","og_locale":"es_ES","og_type":"article","og_title":"Valores fundamentales de alcance universal - Mennonite World Conference","og_description":"Conozca a Hiro Katano de Sapporo, Hokkaido, Jap\u00f3n Integrante de la Comisi\u00f3n de Fe y Vida. \u00bfC\u00f3mo sirve al CMM? &nbsp; He sido integrante del Concilio General, representando a Nihon Menonaito Kirisuto Kyokai Kyogikai (Convenci\u00f3n de la Iglesia Cristiana Menonita de Jap\u00f3n), desde 2016. Sirvo al CMM conect\u00e1ndolo con la convenci\u00f3n de mi iglesia a [&hellip;]","og_url":"https:\/\/mwc-cmm.org\/es\/stories\/valores-fundamentales-de-alcance-universal\/","og_site_name":"Mennonite World Conference","article_publisher":"https:\/\/www.facebook.com\/MennoniteWorldConference","article_published_time":"2023-07-20T00:00:00+00:00","article_modified_time":"2024-12-10T18:05:52+00:00","og_image":[{"width":600,"height":450,"url":"https:\/\/mwc-cmm.org\/wp-content\/uploads\/2024\/11\/atushiro_feature.jpg","type":"image\/jpeg"}],"author":"mennworldcon","schema":{"@context":"https:\/\/schema.org","@graph":[{"@type":"Article","@id":"https:\/\/mwc-cmm.org\/es\/stories\/valores-fundamentales-de-alcance-universal\/#article","isPartOf":{"@id":"https:\/\/mwc-cmm.org\/es\/stories\/valores-fundamentales-de-alcance-universal\/"},"author":{"name":"mennworldcon","@id":"https:\/\/mwc-cmm.org\/en\/#\/schema\/person\/11f6ae0d7d1868ba20a1cc27f067c836"},"headline":"Valores fundamentales de alcance universal","datePublished":"2023-07-20T00:00:00+00:00","dateModified":"2024-12-10T18:05:52+00:00","mainEntityOfPage":{"@id":"https:\/\/mwc-cmm.org\/es\/stories\/valores-fundamentales-de-alcance-universal\/"},"wordCount":673,"publisher":{"@id":"https:\/\/mwc-cmm.org\/en\/#organization"},"image":{"@id":"https:\/\/mwc-cmm.org\/es\/stories\/valores-fundamentales-de-alcance-universal\/#primaryimage"},"thumbnailUrl":"https:\/\/mwc-cmm.org\/wp-content\/uploads\/2024\/11\/atushiro_feature.jpg","articleSection":["Sin categorizar"],"inLanguage":"es"},{"@type":"WebPage","@id":"https:\/\/mwc-cmm.org\/es\/stories\/valores-fundamentales-de-alcance-universal\/","url":"https:\/\/mwc-cmm.org\/es\/stories\/valores-fundamentales-de-alcance-universal\/","name":"Valores fundamentales de alcance universal - Mennonite World Conference","isPartOf":{"@id":"https:\/\/mwc-cmm.org\/en\/#website"},"primaryImageOfPage":{"@id":"https:\/\/mwc-cmm.org\/es\/stories\/valores-fundamentales-de-alcance-universal\/#primaryimage"},"image":{"@id":"https:\/\/mwc-cmm.org\/es\/stories\/valores-fundamentales-de-alcance-universal\/#primaryimage"},"thumbnailUrl":"https:\/\/mwc-cmm.org\/wp-content\/uploads\/2024\/11\/atushiro_feature.jpg","datePublished":"2023-07-20T00:00:00+00:00","dateModified":"2024-12-10T18:05:52+00:00","breadcrumb":{"@id":"https:\/\/mwc-cmm.org\/es\/stories\/valores-fundamentales-de-alcance-universal\/#breadcrumb"},"inLanguage":"es","potentialAction":[{"@type":"ReadAction","target":["https:\/\/mwc-cmm.org\/es\/stories\/valores-fundamentales-de-alcance-universal\/"]}]},{"@type":"ImageObject","inLanguage":"es","@id":"https:\/\/mwc-cmm.org\/es\/stories\/valores-fundamentales-de-alcance-universal\/#primaryimage","url":"https:\/\/mwc-cmm.org\/wp-content\/uploads\/2024\/11\/atushiro_feature.jpg","contentUrl":"https:\/\/mwc-cmm.org\/wp-content\/uploads\/2024\/11\/atushiro_feature.jpg","width":600,"height":450},{"@type":"BreadcrumbList","@id":"https:\/\/mwc-cmm.org\/es\/stories\/valores-fundamentales-de-alcance-universal\/#breadcrumb","itemListElement":[{"@type":"ListItem","position":1,"name":"Home","item":"https:\/\/mwc-cmm.org\/es\/"},{"@type":"ListItem","position":2,"name":"Valores fundamentales de alcance universal"}]},{"@type":"WebSite","@id":"https:\/\/mwc-cmm.org\/en\/#website","url":"https:\/\/mwc-cmm.org\/en\/","name":"Mennonite World Conference","description":"A communion of Anabaptist-related churches","publisher":{"@id":"https:\/\/mwc-cmm.org\/en\/#organization"},"alternateName":"MWC","potentialAction":[{"@type":"SearchAction","target":{"@type":"EntryPoint","urlTemplate":"https:\/\/mwc-cmm.org\/en\/?s={search_term_string}"},"query-input":{"@type":"PropertyValueSpecification","valueRequired":true,"valueName":"search_term_string"}}],"inLanguage":"es"},{"@type":"Organization","@id":"https:\/\/mwc-cmm.org\/en\/#organization","name":"Mennonite World Conference","alternateName":"MWC","url":"https:\/\/mwc-cmm.org\/en\/","logo":{"@type":"ImageObject","inLanguage":"es","@id":"https:\/\/mwc-cmm.org\/en\/#\/schema\/logo\/image\/","url":"https:\/\/mwc-cmm.org\/wp-content\/uploads\/2026\/01\/MWC_Sig_Blue_Horiz_webheader1-logo.svg","contentUrl":"https:\/\/mwc-cmm.org\/wp-content\/uploads\/2026\/01\/MWC_Sig_Blue_Horiz_webheader1-logo.svg","width":786,"height":82,"caption":"Mennonite World Conference"},"image":{"@id":"https:\/\/mwc-cmm.org\/en\/#\/schema\/logo\/image\/"},"sameAs":["https:\/\/www.facebook.com\/MennoniteWorldConference","https:\/\/www.linkedin.com\/company\/mennonite-world-conference-mwc\/","https:\/\/www.instagram.com\/mwcmm\/","https:\/\/www.youtube.com\/user\/mwccmm","https:\/\/bsky.app\/profile\/mwcmm.bsky.social"]},{"@type":"Person","@id":"https:\/\/mwc-cmm.org\/en\/#\/schema\/person\/11f6ae0d7d1868ba20a1cc27f067c836","name":"mennworldcon","image":{"@type":"ImageObject","inLanguage":"es","@id":"https:\/\/secure.gravatar.com\/avatar\/06fdc0dc81c157dfdb82ec42f252178a22307808988d22c043f9eb96f1e0fe80?s=96&d=mm&r=g","url":"https:\/\/secure.gravatar.com\/avatar\/06fdc0dc81c157dfdb82ec42f252178a22307808988d22c043f9eb96f1e0fe80?s=96&d=mm&r=g","contentUrl":"https:\/\/secure.gravatar.com\/avatar\/06fdc0dc81c157dfdb82ec42f252178a22307808988d22c043f9eb96f1e0fe80?s=96&d=mm&r=g","caption":"mennworldcon"},"sameAs":["https:\/\/mwc-cmm.org"],"url":"https:\/\/mwc-cmm.org\/es\/stories\/author\/mennworldcon\/"}]}},"_links":{"self":[{"href":"https:\/\/mwc-cmm.org\/es\/wp-json\/wp\/v2\/posts\/9379","targetHints":{"allow":["GET"]}}],"collection":[{"href":"https:\/\/mwc-cmm.org\/es\/wp-json\/wp\/v2\/posts"}],"about":[{"href":"https:\/\/mwc-cmm.org\/es\/wp-json\/wp\/v2\/types\/post"}],"author":[{"embeddable":true,"href":"https:\/\/mwc-cmm.org\/es\/wp-json\/wp\/v2\/users\/1"}],"replies":[{"embeddable":true,"href":"https:\/\/mwc-cmm.org\/es\/wp-json\/wp\/v2\/comments?post=9379"}],"version-history":[{"count":0,"href":"https:\/\/mwc-cmm.org\/es\/wp-json\/wp\/v2\/posts\/9379\/revisions"}],"wp:featuredmedia":[{"embeddable":true,"href":"https:\/\/mwc-cmm.org\/es\/wp-json\/wp\/v2\/media\/97092"}],"wp:attachment":[{"href":"https:\/\/mwc-cmm.org\/es\/wp-json\/wp\/v2\/media?parent=9379"}],"wp:term":[{"taxonomy":"category","embeddable":true,"href":"https:\/\/mwc-cmm.org\/es\/wp-json\/wp\/v2\/categories?post=9379"},{"taxonomy":"post_tag","embeddable":true,"href":"https:\/\/mwc-cmm.org\/es\/wp-json\/wp\/v2\/tags?post=9379"},{"taxonomy":"network","embeddable":true,"href":"https:\/\/mwc-cmm.org\/es\/wp-json\/wp\/v2\/network?post=9379"},{"taxonomy":"eventcategory","embeddable":true,"href":"https:\/\/mwc-cmm.org\/es\/wp-json\/wp\/v2\/eventcategory?post=9379"}],"curies":[{"name":"wp","href":"https:\/\/api.w.org\/{rel}","templated":true}]}}