{"id":9376,"date":"2023-07-19T00:00:00","date_gmt":"2023-07-19T00:00:00","guid":{"rendered":"https:\/\/mwc-cmm.org\/sweet-fellowship-on-discord-2\/"},"modified":"2024-12-10T18:05:49","modified_gmt":"2024-12-10T18:05:49","slug":"juntos-somos-fuertes","status":"publish","type":"post","link":"https:\/\/mwc-cmm.org\/es\/stories\/juntos-somos-fuertes\/","title":{"rendered":"Juntos somos fuertes"},"content":{"rendered":"<h2>Los j\u00f3venes anabautistas construyen una conexi\u00f3n global durante la Semana de la Fraternidad de YABs&nbsp;<\/h2>\n<p>Entre el 18 y el 25 de junio de 2023, grupos de adultos j\u00f3venes de todo el mundo celebraron la <a href=\"https:\/\/mwc-cmm.org\/es\/semana-de-la-fraternidad-yabs\">Semana de la <\/a><a href=\"https:\/\/mwc-cmm.org\/es\/semana-de-la-fraternidad-yabs\">Fraternidad<\/a> de <a href=\"https:\/\/mwc-cmm.org\/es\/semana-de-la-fraternidad-yabs\">J\u00f3venes<\/a> <a href=\"https:\/\/mwc-cmm.org\/es\/semana-de-la-fraternidad-yabs\">Anabautistas<\/a> (<a href=\"https:\/\/mwc-cmm.org\/es\/semana-de-la-fraternidad-yabs\">YABs<\/a>). Con el tema <strong><em>La familia que encontr\u00e9 en mi salvaci\u00f3n<\/em><\/strong>, los j\u00f3venes compartieron historias, adoraron juntos, oraron como uno, aprendieron de los testimonios de los dem\u00e1s y discutieron Lucas 15,4-7.&nbsp;<\/p>\n<p>Una nueva forma de reunirse este a\u00f1o fue el lanzamiento del grupo <a href=\"https:\/\/bit.ly\/YABsDiscord\">Discord<\/a> de YABs, con cuatro lugares de reuni\u00f3n virtuales durante la Semana de la Fraternidad YABs, a la que asistieron 65 personas de 11 pa\u00edses.&nbsp;<\/p>\n<p>Ebenezer Mondez, mentor de <a href=\"https:\/\/mwc-cmm.org\/es\/yabs\">YABs<\/a>, explica, \u201cque m\u00e1s j\u00f3venes usen esta plataforma para jugar, chatear, escuchar notas de voz\/seminarios web y realizar reuniones virtuales, pues queremos que tantos anabautistas j\u00f3venes como sea posible se conecten entre s\u00ed a trav\u00e9s de esta plataforma\u201d.&nbsp;<\/p>\n<p>En dos de las cuatro reuniones virtuales, el actual Comit\u00e9 YABs, invit\u00f3 a dos del Comit\u00e9 YABs original (entonces llamado AMIGOS): Sarah Nahar (Thompson, apellido de soltera) ahora es entrenadora de acci\u00f3n no violenta y te\u00f3loga inter-espiritual; y Elina Ciptadi es ahora directora interina de comunicaciones del CMM y estudiante de consejer\u00eda familiar.&nbsp;<\/p>\n<p>Elina Ciptadi, cuenta que, \u201casistir a la Cumbre\/Asamblea Global de la Juventud fue un cambio de vida, dado que abri\u00f3 las puertas a una l\u00edder de un peque\u00f1o grupo de adultos j\u00f3venes como yo para trabajar en causas m\u00e1s grandes a nivel nacional y luego a nivel mundial a trav\u00e9s del CMM. Fue alentador saber que tengo amigos en todo el mundo con los que podemos compartir nuestras luchas y triunfos, adem\u00e1s que podemos orar y aprender unos de otros\u201d.&nbsp;<\/p>\n<p>Los YAB continuar\u00e1n usando Discord a medida que construyen las conexiones realizadas durante la <a href=\"https:\/\/mwc-cmm.org\/es\/cumbre-mundial-de-la-juventud-gys\">Cumbre Mundial de la Juventud<\/a> 2022 en Indonesia.&nbsp;<\/p>\n<p>Elina Ciptadi, a\u00f1ade, \u201canimo a todos a cultivar las conexiones globales que iniciaron en la Asamblea y ver c\u00f3mo Dios puede hacer maravillas a trav\u00e9s de estas relaciones\u201d.&nbsp;<\/p>\n<p>\u00a1No es demasiado tarde! Cualquiera que todav\u00eda quiera usar los materiales de la Semana de la Fraternidad de YABs para su iglesia puede descargarlos <a href=\"https:\/\/mwc-cmm.org\/es\/resources\/semana-de-la-fraternidad-yabs-2023-recursos-para-el-culto\">aqu\u00ed<\/a>. Los j\u00f3venes y adultos j\u00f3venes que deseen unirse a la comunidad en l\u00ednea pueden registrarse en el enlace de invitaci\u00f3n de <a href=\"https:\/\/bit.ly\/YABsDiscord\">Discord<\/a> aqu\u00ed.&nbsp;<\/p>\n<hr>\n<h2>Acerca del <a href=\"https:\/\/mwc-cmm.org\/es\/yabs\">Comit\u00e9 de J\u00f3venes Anabautistas (YABs)<\/a>&nbsp;<\/h2>\n<h5>Este comit\u00e9 nos representa a todos frente al concilio general y trabaja junto al comit\u00e9 ejecutivo del CMM. El comit\u00e9 YABs est\u00e1 formado por un representante por continente y un mentor.&nbsp;<\/h5>\n","protected":false},"excerpt":{"rendered":"<p>Los j\u00f3venes anabautistas construyen una conexi\u00f3n global durante la Semana de la Fraternidad de YABs&nbsp; Entre el 18 y el 25 de junio de 2023, grupos de adultos j\u00f3venes de todo el mundo celebraron la Semana de la Fraternidad de J\u00f3venes Anabautistas (YABs). Con el tema La familia que encontr\u00e9 en mi salvaci\u00f3n, los j\u00f3venes [&hellip;]<\/p>\n","protected":false},"author":1,"featured_media":97008,"comment_status":"closed","ping_status":"closed","sticky":false,"template":"","format":"standard","meta":{"_acf_changed":false,"footnotes":""},"categories":[6],"tags":[],"network":[1284],"eventcategory":[],"class_list":["post-9376","post","type-post","status-publish","format-standard","has-post-thumbnail","hentry","category-sin-categorizar","network-young-anabaptists-es"],"acf":[],"yoast_head":"<!-- This site is optimized with the Yoast SEO plugin v27.2 - https:\/\/yoast.com\/product\/yoast-seo-wordpress\/ -->\n<title>Juntos somos fuertes - Mennonite World Conference<\/title>\n<meta name=\"robots\" content=\"index, follow, max-snippet:-1, max-image-preview:large, max-video-preview:-1\" \/>\n<link rel=\"canonical\" href=\"https:\/\/mwc-cmm.org\/es\/stories\/juntos-somos-fuertes\/\" \/>\n<meta property=\"og:locale\" content=\"es_ES\" \/>\n<meta property=\"og:type\" content=\"article\" \/>\n<meta property=\"og:title\" content=\"Juntos somos fuertes - Mennonite World Conference\" \/>\n<meta property=\"og:description\" content=\"Los j\u00f3venes anabautistas construyen una conexi\u00f3n global durante la Semana de la Fraternidad de YABs&nbsp; Entre el 18 y el 25 de junio de 2023, grupos de adultos j\u00f3venes de todo el mundo celebraron la Semana de la Fraternidad de J\u00f3venes Anabautistas (YABs). Con el tema La familia que encontr\u00e9 en mi salvaci\u00f3n, los j\u00f3venes [&hellip;]\" \/>\n<meta property=\"og:url\" content=\"https:\/\/mwc-cmm.org\/es\/stories\/juntos-somos-fuertes\/\" \/>\n<meta property=\"og:site_name\" content=\"Mennonite World Conference\" \/>\n<meta property=\"article:publisher\" content=\"https:\/\/www.facebook.com\/MennoniteWorldConference\" \/>\n<meta property=\"article:published_time\" content=\"2023-07-19T00:00:00+00:00\" \/>\n<meta property=\"article:modified_time\" content=\"2024-12-10T18:05:49+00:00\" \/>\n<meta property=\"og:image\" content=\"https:\/\/mwc-cmm.org\/wp-content\/uploads\/2024\/11\/yabs.jpg\" \/>\n\t<meta property=\"og:image:width\" content=\"1080\" \/>\n\t<meta property=\"og:image:height\" content=\"1080\" \/>\n\t<meta property=\"og:image:type\" content=\"image\/jpeg\" \/>\n<meta name=\"author\" content=\"mennworldcon\" \/>\n<script type=\"application\/ld+json\" class=\"yoast-schema-graph\">{\"@context\":\"https:\/\/schema.org\",\"@graph\":[{\"@type\":\"Article\",\"@id\":\"https:\/\/mwc-cmm.org\/es\/stories\/juntos-somos-fuertes\/#article\",\"isPartOf\":{\"@id\":\"https:\/\/mwc-cmm.org\/es\/stories\/juntos-somos-fuertes\/\"},\"author\":{\"name\":\"mennworldcon\",\"@id\":\"https:\/\/mwc-cmm.org\/en\/#\/schema\/person\/11f6ae0d7d1868ba20a1cc27f067c836\"},\"headline\":\"Juntos somos fuertes\",\"datePublished\":\"2023-07-19T00:00:00+00:00\",\"dateModified\":\"2024-12-10T18:05:49+00:00\",\"mainEntityOfPage\":{\"@id\":\"https:\/\/mwc-cmm.org\/es\/stories\/juntos-somos-fuertes\/\"},\"wordCount\":464,\"publisher\":{\"@id\":\"https:\/\/mwc-cmm.org\/en\/#organization\"},\"image\":{\"@id\":\"https:\/\/mwc-cmm.org\/es\/stories\/juntos-somos-fuertes\/#primaryimage\"},\"thumbnailUrl\":\"https:\/\/mwc-cmm.org\/wp-content\/uploads\/2024\/11\/yabs.jpg\",\"articleSection\":[\"Sin categorizar\"],\"inLanguage\":\"es\"},{\"@type\":\"WebPage\",\"@id\":\"https:\/\/mwc-cmm.org\/es\/stories\/juntos-somos-fuertes\/\",\"url\":\"https:\/\/mwc-cmm.org\/es\/stories\/juntos-somos-fuertes\/\",\"name\":\"Juntos somos fuertes - Mennonite World Conference\",\"isPartOf\":{\"@id\":\"https:\/\/mwc-cmm.org\/en\/#website\"},\"primaryImageOfPage\":{\"@id\":\"https:\/\/mwc-cmm.org\/es\/stories\/juntos-somos-fuertes\/#primaryimage\"},\"image\":{\"@id\":\"https:\/\/mwc-cmm.org\/es\/stories\/juntos-somos-fuertes\/#primaryimage\"},\"thumbnailUrl\":\"https:\/\/mwc-cmm.org\/wp-content\/uploads\/2024\/11\/yabs.jpg\",\"datePublished\":\"2023-07-19T00:00:00+00:00\",\"dateModified\":\"2024-12-10T18:05:49+00:00\",\"breadcrumb\":{\"@id\":\"https:\/\/mwc-cmm.org\/es\/stories\/juntos-somos-fuertes\/#breadcrumb\"},\"inLanguage\":\"es\",\"potentialAction\":[{\"@type\":\"ReadAction\",\"target\":[\"https:\/\/mwc-cmm.org\/es\/stories\/juntos-somos-fuertes\/\"]}]},{\"@type\":\"ImageObject\",\"inLanguage\":\"es\",\"@id\":\"https:\/\/mwc-cmm.org\/es\/stories\/juntos-somos-fuertes\/#primaryimage\",\"url\":\"https:\/\/mwc-cmm.org\/wp-content\/uploads\/2024\/11\/yabs.jpg\",\"contentUrl\":\"https:\/\/mwc-cmm.org\/wp-content\/uploads\/2024\/11\/yabs.jpg\",\"width\":1080,\"height\":1080},{\"@type\":\"BreadcrumbList\",\"@id\":\"https:\/\/mwc-cmm.org\/es\/stories\/juntos-somos-fuertes\/#breadcrumb\",\"itemListElement\":[{\"@type\":\"ListItem\",\"position\":1,\"name\":\"Home\",\"item\":\"https:\/\/mwc-cmm.org\/es\/\"},{\"@type\":\"ListItem\",\"position\":2,\"name\":\"Juntos somos fuertes\"}]},{\"@type\":\"WebSite\",\"@id\":\"https:\/\/mwc-cmm.org\/en\/#website\",\"url\":\"https:\/\/mwc-cmm.org\/en\/\",\"name\":\"Mennonite World Conference\",\"description\":\"A communion of Anabaptist-related churches\",\"publisher\":{\"@id\":\"https:\/\/mwc-cmm.org\/en\/#organization\"},\"alternateName\":\"MWC\",\"potentialAction\":[{\"@type\":\"SearchAction\",\"target\":{\"@type\":\"EntryPoint\",\"urlTemplate\":\"https:\/\/mwc-cmm.org\/en\/?s={search_term_string}\"},\"query-input\":{\"@type\":\"PropertyValueSpecification\",\"valueRequired\":true,\"valueName\":\"search_term_string\"}}],\"inLanguage\":\"es\"},{\"@type\":\"Organization\",\"@id\":\"https:\/\/mwc-cmm.org\/en\/#organization\",\"name\":\"Mennonite World Conference\",\"alternateName\":\"MWC\",\"url\":\"https:\/\/mwc-cmm.org\/en\/\",\"logo\":{\"@type\":\"ImageObject\",\"inLanguage\":\"es\",\"@id\":\"https:\/\/mwc-cmm.org\/en\/#\/schema\/logo\/image\/\",\"url\":\"https:\/\/mwc-cmm.org\/wp-content\/uploads\/2026\/01\/MWC_Sig_Blue_Horiz_webheader1-logo.svg\",\"contentUrl\":\"https:\/\/mwc-cmm.org\/wp-content\/uploads\/2026\/01\/MWC_Sig_Blue_Horiz_webheader1-logo.svg\",\"width\":786,\"height\":82,\"caption\":\"Mennonite World Conference\"},\"image\":{\"@id\":\"https:\/\/mwc-cmm.org\/en\/#\/schema\/logo\/image\/\"},\"sameAs\":[\"https:\/\/www.facebook.com\/MennoniteWorldConference\",\"https:\/\/www.linkedin.com\/company\/mennonite-world-conference-mwc\/\",\"https:\/\/www.instagram.com\/mwcmm\/\",\"https:\/\/www.youtube.com\/user\/mwccmm\",\"https:\/\/bsky.app\/profile\/mwcmm.bsky.social\"]},{\"@type\":\"Person\",\"@id\":\"https:\/\/mwc-cmm.org\/en\/#\/schema\/person\/11f6ae0d7d1868ba20a1cc27f067c836\",\"name\":\"mennworldcon\",\"image\":{\"@type\":\"ImageObject\",\"inLanguage\":\"es\",\"@id\":\"https:\/\/secure.gravatar.com\/avatar\/06fdc0dc81c157dfdb82ec42f252178a22307808988d22c043f9eb96f1e0fe80?s=96&d=mm&r=g\",\"url\":\"https:\/\/secure.gravatar.com\/avatar\/06fdc0dc81c157dfdb82ec42f252178a22307808988d22c043f9eb96f1e0fe80?s=96&d=mm&r=g\",\"contentUrl\":\"https:\/\/secure.gravatar.com\/avatar\/06fdc0dc81c157dfdb82ec42f252178a22307808988d22c043f9eb96f1e0fe80?s=96&d=mm&r=g\",\"caption\":\"mennworldcon\"},\"sameAs\":[\"https:\/\/mwc-cmm.org\"],\"url\":\"https:\/\/mwc-cmm.org\/es\/stories\/author\/mennworldcon\/\"}]}<\/script>\n<!-- \/ Yoast SEO plugin. -->","yoast_head_json":{"title":"Juntos somos fuertes - Mennonite World Conference","robots":{"index":"index","follow":"follow","max-snippet":"max-snippet:-1","max-image-preview":"max-image-preview:large","max-video-preview":"max-video-preview:-1"},"canonical":"https:\/\/mwc-cmm.org\/es\/stories\/juntos-somos-fuertes\/","og_locale":"es_ES","og_type":"article","og_title":"Juntos somos fuertes - Mennonite World Conference","og_description":"Los j\u00f3venes anabautistas construyen una conexi\u00f3n global durante la Semana de la Fraternidad de YABs&nbsp; Entre el 18 y el 25 de junio de 2023, grupos de adultos j\u00f3venes de todo el mundo celebraron la Semana de la Fraternidad de J\u00f3venes Anabautistas (YABs). Con el tema La familia que encontr\u00e9 en mi salvaci\u00f3n, los j\u00f3venes [&hellip;]","og_url":"https:\/\/mwc-cmm.org\/es\/stories\/juntos-somos-fuertes\/","og_site_name":"Mennonite World Conference","article_publisher":"https:\/\/www.facebook.com\/MennoniteWorldConference","article_published_time":"2023-07-19T00:00:00+00:00","article_modified_time":"2024-12-10T18:05:49+00:00","og_image":[{"width":1080,"height":1080,"url":"https:\/\/mwc-cmm.org\/wp-content\/uploads\/2024\/11\/yabs.jpg","type":"image\/jpeg"}],"author":"mennworldcon","schema":{"@context":"https:\/\/schema.org","@graph":[{"@type":"Article","@id":"https:\/\/mwc-cmm.org\/es\/stories\/juntos-somos-fuertes\/#article","isPartOf":{"@id":"https:\/\/mwc-cmm.org\/es\/stories\/juntos-somos-fuertes\/"},"author":{"name":"mennworldcon","@id":"https:\/\/mwc-cmm.org\/en\/#\/schema\/person\/11f6ae0d7d1868ba20a1cc27f067c836"},"headline":"Juntos somos fuertes","datePublished":"2023-07-19T00:00:00+00:00","dateModified":"2024-12-10T18:05:49+00:00","mainEntityOfPage":{"@id":"https:\/\/mwc-cmm.org\/es\/stories\/juntos-somos-fuertes\/"},"wordCount":464,"publisher":{"@id":"https:\/\/mwc-cmm.org\/en\/#organization"},"image":{"@id":"https:\/\/mwc-cmm.org\/es\/stories\/juntos-somos-fuertes\/#primaryimage"},"thumbnailUrl":"https:\/\/mwc-cmm.org\/wp-content\/uploads\/2024\/11\/yabs.jpg","articleSection":["Sin categorizar"],"inLanguage":"es"},{"@type":"WebPage","@id":"https:\/\/mwc-cmm.org\/es\/stories\/juntos-somos-fuertes\/","url":"https:\/\/mwc-cmm.org\/es\/stories\/juntos-somos-fuertes\/","name":"Juntos somos fuertes - Mennonite World Conference","isPartOf":{"@id":"https:\/\/mwc-cmm.org\/en\/#website"},"primaryImageOfPage":{"@id":"https:\/\/mwc-cmm.org\/es\/stories\/juntos-somos-fuertes\/#primaryimage"},"image":{"@id":"https:\/\/mwc-cmm.org\/es\/stories\/juntos-somos-fuertes\/#primaryimage"},"thumbnailUrl":"https:\/\/mwc-cmm.org\/wp-content\/uploads\/2024\/11\/yabs.jpg","datePublished":"2023-07-19T00:00:00+00:00","dateModified":"2024-12-10T18:05:49+00:00","breadcrumb":{"@id":"https:\/\/mwc-cmm.org\/es\/stories\/juntos-somos-fuertes\/#breadcrumb"},"inLanguage":"es","potentialAction":[{"@type":"ReadAction","target":["https:\/\/mwc-cmm.org\/es\/stories\/juntos-somos-fuertes\/"]}]},{"@type":"ImageObject","inLanguage":"es","@id":"https:\/\/mwc-cmm.org\/es\/stories\/juntos-somos-fuertes\/#primaryimage","url":"https:\/\/mwc-cmm.org\/wp-content\/uploads\/2024\/11\/yabs.jpg","contentUrl":"https:\/\/mwc-cmm.org\/wp-content\/uploads\/2024\/11\/yabs.jpg","width":1080,"height":1080},{"@type":"BreadcrumbList","@id":"https:\/\/mwc-cmm.org\/es\/stories\/juntos-somos-fuertes\/#breadcrumb","itemListElement":[{"@type":"ListItem","position":1,"name":"Home","item":"https:\/\/mwc-cmm.org\/es\/"},{"@type":"ListItem","position":2,"name":"Juntos somos fuertes"}]},{"@type":"WebSite","@id":"https:\/\/mwc-cmm.org\/en\/#website","url":"https:\/\/mwc-cmm.org\/en\/","name":"Mennonite World Conference","description":"A communion of Anabaptist-related churches","publisher":{"@id":"https:\/\/mwc-cmm.org\/en\/#organization"},"alternateName":"MWC","potentialAction":[{"@type":"SearchAction","target":{"@type":"EntryPoint","urlTemplate":"https:\/\/mwc-cmm.org\/en\/?s={search_term_string}"},"query-input":{"@type":"PropertyValueSpecification","valueRequired":true,"valueName":"search_term_string"}}],"inLanguage":"es"},{"@type":"Organization","@id":"https:\/\/mwc-cmm.org\/en\/#organization","name":"Mennonite World Conference","alternateName":"MWC","url":"https:\/\/mwc-cmm.org\/en\/","logo":{"@type":"ImageObject","inLanguage":"es","@id":"https:\/\/mwc-cmm.org\/en\/#\/schema\/logo\/image\/","url":"https:\/\/mwc-cmm.org\/wp-content\/uploads\/2026\/01\/MWC_Sig_Blue_Horiz_webheader1-logo.svg","contentUrl":"https:\/\/mwc-cmm.org\/wp-content\/uploads\/2026\/01\/MWC_Sig_Blue_Horiz_webheader1-logo.svg","width":786,"height":82,"caption":"Mennonite World Conference"},"image":{"@id":"https:\/\/mwc-cmm.org\/en\/#\/schema\/logo\/image\/"},"sameAs":["https:\/\/www.facebook.com\/MennoniteWorldConference","https:\/\/www.linkedin.com\/company\/mennonite-world-conference-mwc\/","https:\/\/www.instagram.com\/mwcmm\/","https:\/\/www.youtube.com\/user\/mwccmm","https:\/\/bsky.app\/profile\/mwcmm.bsky.social"]},{"@type":"Person","@id":"https:\/\/mwc-cmm.org\/en\/#\/schema\/person\/11f6ae0d7d1868ba20a1cc27f067c836","name":"mennworldcon","image":{"@type":"ImageObject","inLanguage":"es","@id":"https:\/\/secure.gravatar.com\/avatar\/06fdc0dc81c157dfdb82ec42f252178a22307808988d22c043f9eb96f1e0fe80?s=96&d=mm&r=g","url":"https:\/\/secure.gravatar.com\/avatar\/06fdc0dc81c157dfdb82ec42f252178a22307808988d22c043f9eb96f1e0fe80?s=96&d=mm&r=g","contentUrl":"https:\/\/secure.gravatar.com\/avatar\/06fdc0dc81c157dfdb82ec42f252178a22307808988d22c043f9eb96f1e0fe80?s=96&d=mm&r=g","caption":"mennworldcon"},"sameAs":["https:\/\/mwc-cmm.org"],"url":"https:\/\/mwc-cmm.org\/es\/stories\/author\/mennworldcon\/"}]}},"_links":{"self":[{"href":"https:\/\/mwc-cmm.org\/es\/wp-json\/wp\/v2\/posts\/9376","targetHints":{"allow":["GET"]}}],"collection":[{"href":"https:\/\/mwc-cmm.org\/es\/wp-json\/wp\/v2\/posts"}],"about":[{"href":"https:\/\/mwc-cmm.org\/es\/wp-json\/wp\/v2\/types\/post"}],"author":[{"embeddable":true,"href":"https:\/\/mwc-cmm.org\/es\/wp-json\/wp\/v2\/users\/1"}],"replies":[{"embeddable":true,"href":"https:\/\/mwc-cmm.org\/es\/wp-json\/wp\/v2\/comments?post=9376"}],"version-history":[{"count":0,"href":"https:\/\/mwc-cmm.org\/es\/wp-json\/wp\/v2\/posts\/9376\/revisions"}],"wp:featuredmedia":[{"embeddable":true,"href":"https:\/\/mwc-cmm.org\/es\/wp-json\/wp\/v2\/media\/97008"}],"wp:attachment":[{"href":"https:\/\/mwc-cmm.org\/es\/wp-json\/wp\/v2\/media?parent=9376"}],"wp:term":[{"taxonomy":"category","embeddable":true,"href":"https:\/\/mwc-cmm.org\/es\/wp-json\/wp\/v2\/categories?post=9376"},{"taxonomy":"post_tag","embeddable":true,"href":"https:\/\/mwc-cmm.org\/es\/wp-json\/wp\/v2\/tags?post=9376"},{"taxonomy":"network","embeddable":true,"href":"https:\/\/mwc-cmm.org\/es\/wp-json\/wp\/v2\/network?post=9376"},{"taxonomy":"eventcategory","embeddable":true,"href":"https:\/\/mwc-cmm.org\/es\/wp-json\/wp\/v2\/eventcategory?post=9376"}],"curies":[{"name":"wp","href":"https:\/\/api.w.org\/{rel}","templated":true}]}}