{"id":9351,"date":"2023-04-21T00:00:00","date_gmt":"2023-04-21T00:00:00","guid":{"rendered":"https:\/\/mwc-cmm.org\/a-visible-global-church-2\/"},"modified":"2024-12-10T18:05:37","modified_gmt":"2024-12-10T18:05:37","slug":"una-iglesia-global-visible","status":"publish","type":"post","link":"https:\/\/mwc-cmm.org\/es\/stories\/una-iglesia-global-visible\/","title":{"rendered":"Una iglesia global visible"},"content":{"rendered":"<p>\u201cMi coraz\u00f3n no ha dejado de latir r\u00e1pido desde que escuch\u00e9 los testimonios anoche\u201d, dijo Joanne Lang, integrante del comit\u00e9 de misiones de \u2018Arnold Community Church\u2019 B.C., Canad\u00e1. Su congregaci\u00f3n local era una de las 29 que recibieron personas invitadas del Congreso Mundial Menonita para el culto dominical. La noche anterior fue la iteraci\u00f3n local del 2023 de Renovaci\u00f3n 2028, una serie de eventos que comenzaron en el 2017 para conmemorar los comienzos del movimiento anabautista.&nbsp;<\/p>\n<p>En la \u2018South Abbotsford Church\u2019, el 25 de marzo del 2023, cinco personas invitadas internacionales y una persona oradora local compartieron testimonios de Jesucristo, nuestra esperanza.&nbsp;<\/p>\n<p>\u201cEstimado Congreso Mundial Menonita, ustedes son los \u00e1ngeles enviados por Dios a Myanmar\u201d, dijo Amos Chin. \u201cCuando tenemos depresi\u00f3n, nos consuelan; nos alimentan cuando tenemos hambre; ayudan cuando somos personas refugiadas, nos traen un rayo de esperanza cuando estamos con desesperanza; el mundo se olvida de nuestra condici\u00f3n, pero ustedes se acuerdan de nosotros\u201d, dijo. El organizador del evento, John Roth, pronunci\u00f3 el discurso de Amos Chin sobre las dif\u00edciles condiciones en Myanmar porque \u00e9l no recibi\u00f3 permiso para ingresar a Canad\u00e1. \u201cEn \u00faltima instancia, Jesucristo sigue siendo nuestra esperanza\u201d.&nbsp;<\/p>\n<p>\u201cVivir en un condado donde los problemas son como el aire que se respira, no es f\u00e1cil\u2026 pero estamos viviendo\u201d, dijo Tigist Tesfaye de Etiop\u00eda. Ella pronunci\u00f3 su discurso a trav\u00e9s de un video porque le hab\u00edan negado la visa para Canad\u00e1. Ella dijo que est\u00e1 cansada de volver a pedir oraci\u00f3n, \u201cpero tenemos un Salvador que es nuestra esperanza.&nbsp;<\/p>\n<p>\u201cLa esperanza nunca se perdi\u00f3\u201d, dijo Jos\u00e9 Arrais de Portugal. Las iglesias menonitas de Europa se unieron para responder a las necesidades creadas por la guerra en Ucrania.&nbsp;<\/p>\n<p>\u201cPara hablar de esperanza, tengo que empezar con la desesperaci\u00f3n\u201d, dijo Kkot-Ip Bae de Corea del Sur, donde el servicio militar obligatorio es forzoso. La declaraci\u00f3n del CMM sobre la objeci\u00f3n de conciencia significa esperanza para las personas menonitas, dijo ella.&nbsp;<\/p>\n<p>\u201cNo puedo decir cu\u00e1l es el secreto para encontrar esperanza, pero creo que el Ap\u00f3stol Pablo estaba en lo cierto cuando nos anim\u00f3 a no rendirnos\u201d, dice Cynthia D\u00fcck de Paraguay.&nbsp;<\/p>\n<p>\u201cEstoy muy agradecida de tener una lista bastante larga para elegir desde d\u00f3nde la veo [esperanza]\u201d, dijo Ashley Rempel de Chilliwack, B.C., Canad\u00e1; persona miembro de la \u2018Eden Mennonite Church\u2019.Habl\u00f3 sobre c\u00f3mo las personas j\u00f3venes a quienes ella da mentor\u00eda muestran su esperanza de seguir a Jes\u00fas.&nbsp;<\/p>\n<p>Debido a la lentitud en el procesamiento de las visas o a las denegaciones, al evento no solo faltaron dos de las personas oradoras, sino tambi\u00e9n cuatro personas representantes adicionales de \u00c1frica y uno de Am\u00e9rica Latina. Hab\u00edan sido invitadas para las visitas a la iglesia y para las reuniones del Comit\u00e9 Ejecutivo de la pr\u00f3xima semana en Camp Squeah.<\/p>\n<p>\u00abSomos uno en nuestra esperanza de que es Cristo quien se nos acerca y nos dice &#8216;s\u00edgueme'\u00bb, dijo el presidente del CMM, Henk Stenvers, de los Pa\u00edses Bajos. \u201cEl CMM es el testimonio viviente de esa esperanza, que une a las personas en una comuni\u00f3n m\u00e1s all\u00e1 de las fronteras de nacionalidad, color, idioma, circunstancias econ\u00f3micas y cultura\u201d.&nbsp;<\/p>\n<hr>\n<p>Vea los testimonios completos publicados en la edici\u00f3n solo en-l\u00ednea de julio de Correo. <a href=\"http:\/\/mwc-cmm.org\/publicacioneselectr\u00f3nicas\">Haga clic aqu\u00ed para suscribirse.<\/a>&nbsp;<\/p>\n<p><a data-flickr-embed=\"true\" data-footer=\"true\" href=\"https:\/\/www.flickr.com\/photos\/mwcmm\/albums\/72177720307033646\" title=\"2023 Renewal: Abbotsford, BC, Canada\"><img decoding=\"async\" data-src=\"https:\/\/live.staticflickr.com\/65535\/52775200694_20dde64f6b_z.jpg\" alt=\"2023 Renewal: Abbotsford, BC, Canada\" width=\"640\" height=\"480\" src=\"data:image\/svg+xml;base64,PHN2ZyB3aWR0aD0iMSIgaGVpZ2h0PSIxIiB4bWxucz0iaHR0cDovL3d3dy53My5vcmcvMjAwMC9zdmciPjwvc3ZnPg==\" class=\"lazyload\" style=\"--smush-placeholder-width: 640px; --smush-placeholder-aspect-ratio: 640\/480;\"><\/a><script async=\"\" src=\"\/\/embedr.flickr.com\/assets\/client-code.js\" charset=\"utf-8\"><\/script><\/p>\n","protected":false},"excerpt":{"rendered":"<p>\u201cMi coraz\u00f3n no ha dejado de latir r\u00e1pido desde que escuch\u00e9 los testimonios anoche\u201d, dijo Joanne Lang, integrante del comit\u00e9 de misiones de \u2018Arnold Community Church\u2019 B.C., Canad\u00e1. Su congregaci\u00f3n local era una de las 29 que recibieron personas invitadas del Congreso Mundial Menonita para el culto dominical. La noche anterior fue la iteraci\u00f3n local [&hellip;]<\/p>\n","protected":false},"author":1,"featured_media":96700,"comment_status":"closed","ping_status":"closed","sticky":false,"template":"","format":"standard","meta":{"_acf_changed":false,"footnotes":""},"categories":[6],"tags":[],"network":[],"eventcategory":[1484],"class_list":["post-9351","post","type-post","status-publish","format-standard","has-post-thumbnail","hentry","category-sin-categorizar","eventcategory-renewal-2028-es"],"acf":[],"yoast_head":"<!-- This site is optimized with the Yoast SEO plugin v27.2 - https:\/\/yoast.com\/product\/yoast-seo-wordpress\/ -->\n<title>Una iglesia global visible - Mennonite World Conference<\/title>\n<meta name=\"robots\" content=\"index, follow, max-snippet:-1, max-image-preview:large, max-video-preview:-1\" \/>\n<link rel=\"canonical\" href=\"https:\/\/mwc-cmm.org\/es\/stories\/una-iglesia-global-visible\/\" \/>\n<meta property=\"og:locale\" content=\"es_ES\" \/>\n<meta property=\"og:type\" content=\"article\" \/>\n<meta property=\"og:title\" content=\"Una iglesia global visible - Mennonite World Conference\" \/>\n<meta property=\"og:description\" content=\"\u201cMi coraz\u00f3n no ha dejado de latir r\u00e1pido desde que escuch\u00e9 los testimonios anoche\u201d, dijo Joanne Lang, integrante del comit\u00e9 de misiones de \u2018Arnold Community Church\u2019 B.C., Canad\u00e1. Su congregaci\u00f3n local era una de las 29 que recibieron personas invitadas del Congreso Mundial Menonita para el culto dominical. La noche anterior fue la iteraci\u00f3n local [&hellip;]\" \/>\n<meta property=\"og:url\" content=\"https:\/\/mwc-cmm.org\/es\/stories\/una-iglesia-global-visible\/\" \/>\n<meta property=\"og:site_name\" content=\"Mennonite World Conference\" \/>\n<meta property=\"article:publisher\" content=\"https:\/\/www.facebook.com\/MennoniteWorldConference\" \/>\n<meta property=\"article:published_time\" content=\"2023-04-21T00:00:00+00:00\" \/>\n<meta property=\"article:modified_time\" content=\"2024-12-10T18:05:37+00:00\" \/>\n<meta property=\"og:image\" content=\"https:\/\/mwc-cmm.org\/wp-content\/uploads\/2024\/11\/20230326karlabraunimg_9986-scaled.jpg\" \/>\n\t<meta property=\"og:image:width\" content=\"2560\" \/>\n\t<meta property=\"og:image:height\" content=\"1922\" \/>\n\t<meta property=\"og:image:type\" content=\"image\/jpeg\" \/>\n<meta name=\"author\" content=\"mennworldcon\" \/>\n<script type=\"application\/ld+json\" class=\"yoast-schema-graph\">{\"@context\":\"https:\/\/schema.org\",\"@graph\":[{\"@type\":\"Article\",\"@id\":\"https:\/\/mwc-cmm.org\/es\/stories\/una-iglesia-global-visible\/#article\",\"isPartOf\":{\"@id\":\"https:\/\/mwc-cmm.org\/es\/stories\/una-iglesia-global-visible\/\"},\"author\":{\"name\":\"mennworldcon\",\"@id\":\"https:\/\/mwc-cmm.org\/en\/#\/schema\/person\/11f6ae0d7d1868ba20a1cc27f067c836\"},\"headline\":\"Una iglesia global visible\",\"datePublished\":\"2023-04-21T00:00:00+00:00\",\"dateModified\":\"2024-12-10T18:05:37+00:00\",\"mainEntityOfPage\":{\"@id\":\"https:\/\/mwc-cmm.org\/es\/stories\/una-iglesia-global-visible\/\"},\"wordCount\":582,\"publisher\":{\"@id\":\"https:\/\/mwc-cmm.org\/en\/#organization\"},\"image\":{\"@id\":\"https:\/\/mwc-cmm.org\/es\/stories\/una-iglesia-global-visible\/#primaryimage\"},\"thumbnailUrl\":\"https:\/\/mwc-cmm.org\/wp-content\/uploads\/2024\/11\/20230326karlabraunimg_9986-scaled.jpg\",\"articleSection\":[\"Sin categorizar\"],\"inLanguage\":\"es\"},{\"@type\":\"WebPage\",\"@id\":\"https:\/\/mwc-cmm.org\/es\/stories\/una-iglesia-global-visible\/\",\"url\":\"https:\/\/mwc-cmm.org\/es\/stories\/una-iglesia-global-visible\/\",\"name\":\"Una iglesia global visible - Mennonite World Conference\",\"isPartOf\":{\"@id\":\"https:\/\/mwc-cmm.org\/en\/#website\"},\"primaryImageOfPage\":{\"@id\":\"https:\/\/mwc-cmm.org\/es\/stories\/una-iglesia-global-visible\/#primaryimage\"},\"image\":{\"@id\":\"https:\/\/mwc-cmm.org\/es\/stories\/una-iglesia-global-visible\/#primaryimage\"},\"thumbnailUrl\":\"https:\/\/mwc-cmm.org\/wp-content\/uploads\/2024\/11\/20230326karlabraunimg_9986-scaled.jpg\",\"datePublished\":\"2023-04-21T00:00:00+00:00\",\"dateModified\":\"2024-12-10T18:05:37+00:00\",\"breadcrumb\":{\"@id\":\"https:\/\/mwc-cmm.org\/es\/stories\/una-iglesia-global-visible\/#breadcrumb\"},\"inLanguage\":\"es\",\"potentialAction\":[{\"@type\":\"ReadAction\",\"target\":[\"https:\/\/mwc-cmm.org\/es\/stories\/una-iglesia-global-visible\/\"]}]},{\"@type\":\"ImageObject\",\"inLanguage\":\"es\",\"@id\":\"https:\/\/mwc-cmm.org\/es\/stories\/una-iglesia-global-visible\/#primaryimage\",\"url\":\"https:\/\/mwc-cmm.org\/wp-content\/uploads\/2024\/11\/20230326karlabraunimg_9986-scaled.jpg\",\"contentUrl\":\"https:\/\/mwc-cmm.org\/wp-content\/uploads\/2024\/11\/20230326karlabraunimg_9986-scaled.jpg\",\"width\":2560,\"height\":1922},{\"@type\":\"BreadcrumbList\",\"@id\":\"https:\/\/mwc-cmm.org\/es\/stories\/una-iglesia-global-visible\/#breadcrumb\",\"itemListElement\":[{\"@type\":\"ListItem\",\"position\":1,\"name\":\"Home\",\"item\":\"https:\/\/mwc-cmm.org\/es\/\"},{\"@type\":\"ListItem\",\"position\":2,\"name\":\"Una iglesia global visible\"}]},{\"@type\":\"WebSite\",\"@id\":\"https:\/\/mwc-cmm.org\/en\/#website\",\"url\":\"https:\/\/mwc-cmm.org\/en\/\",\"name\":\"Mennonite World Conference\",\"description\":\"A communion of Anabaptist-related churches\",\"publisher\":{\"@id\":\"https:\/\/mwc-cmm.org\/en\/#organization\"},\"alternateName\":\"MWC\",\"potentialAction\":[{\"@type\":\"SearchAction\",\"target\":{\"@type\":\"EntryPoint\",\"urlTemplate\":\"https:\/\/mwc-cmm.org\/en\/?s={search_term_string}\"},\"query-input\":{\"@type\":\"PropertyValueSpecification\",\"valueRequired\":true,\"valueName\":\"search_term_string\"}}],\"inLanguage\":\"es\"},{\"@type\":\"Organization\",\"@id\":\"https:\/\/mwc-cmm.org\/en\/#organization\",\"name\":\"Mennonite World Conference\",\"alternateName\":\"MWC\",\"url\":\"https:\/\/mwc-cmm.org\/en\/\",\"logo\":{\"@type\":\"ImageObject\",\"inLanguage\":\"es\",\"@id\":\"https:\/\/mwc-cmm.org\/en\/#\/schema\/logo\/image\/\",\"url\":\"https:\/\/mwc-cmm.org\/wp-content\/uploads\/2026\/01\/MWC_Sig_Blue_Horiz_webheader1-logo.svg\",\"contentUrl\":\"https:\/\/mwc-cmm.org\/wp-content\/uploads\/2026\/01\/MWC_Sig_Blue_Horiz_webheader1-logo.svg\",\"width\":786,\"height\":82,\"caption\":\"Mennonite World Conference\"},\"image\":{\"@id\":\"https:\/\/mwc-cmm.org\/en\/#\/schema\/logo\/image\/\"},\"sameAs\":[\"https:\/\/www.facebook.com\/MennoniteWorldConference\",\"https:\/\/www.linkedin.com\/company\/mennonite-world-conference-mwc\/\",\"https:\/\/www.instagram.com\/mwcmm\/\",\"https:\/\/www.youtube.com\/user\/mwccmm\",\"https:\/\/bsky.app\/profile\/mwcmm.bsky.social\"]},{\"@type\":\"Person\",\"@id\":\"https:\/\/mwc-cmm.org\/en\/#\/schema\/person\/11f6ae0d7d1868ba20a1cc27f067c836\",\"name\":\"mennworldcon\",\"image\":{\"@type\":\"ImageObject\",\"inLanguage\":\"es\",\"@id\":\"https:\/\/secure.gravatar.com\/avatar\/06fdc0dc81c157dfdb82ec42f252178a22307808988d22c043f9eb96f1e0fe80?s=96&d=mm&r=g\",\"url\":\"https:\/\/secure.gravatar.com\/avatar\/06fdc0dc81c157dfdb82ec42f252178a22307808988d22c043f9eb96f1e0fe80?s=96&d=mm&r=g\",\"contentUrl\":\"https:\/\/secure.gravatar.com\/avatar\/06fdc0dc81c157dfdb82ec42f252178a22307808988d22c043f9eb96f1e0fe80?s=96&d=mm&r=g\",\"caption\":\"mennworldcon\"},\"sameAs\":[\"https:\/\/mwc-cmm.org\"],\"url\":\"https:\/\/mwc-cmm.org\/es\/stories\/author\/mennworldcon\/\"}]}<\/script>\n<!-- \/ Yoast SEO plugin. -->","yoast_head_json":{"title":"Una iglesia global visible - Mennonite World Conference","robots":{"index":"index","follow":"follow","max-snippet":"max-snippet:-1","max-image-preview":"max-image-preview:large","max-video-preview":"max-video-preview:-1"},"canonical":"https:\/\/mwc-cmm.org\/es\/stories\/una-iglesia-global-visible\/","og_locale":"es_ES","og_type":"article","og_title":"Una iglesia global visible - Mennonite World Conference","og_description":"\u201cMi coraz\u00f3n no ha dejado de latir r\u00e1pido desde que escuch\u00e9 los testimonios anoche\u201d, dijo Joanne Lang, integrante del comit\u00e9 de misiones de \u2018Arnold Community Church\u2019 B.C., Canad\u00e1. Su congregaci\u00f3n local era una de las 29 que recibieron personas invitadas del Congreso Mundial Menonita para el culto dominical. La noche anterior fue la iteraci\u00f3n local [&hellip;]","og_url":"https:\/\/mwc-cmm.org\/es\/stories\/una-iglesia-global-visible\/","og_site_name":"Mennonite World Conference","article_publisher":"https:\/\/www.facebook.com\/MennoniteWorldConference","article_published_time":"2023-04-21T00:00:00+00:00","article_modified_time":"2024-12-10T18:05:37+00:00","og_image":[{"width":2560,"height":1922,"url":"https:\/\/mwc-cmm.org\/wp-content\/uploads\/2024\/11\/20230326karlabraunimg_9986-scaled.jpg","type":"image\/jpeg"}],"author":"mennworldcon","schema":{"@context":"https:\/\/schema.org","@graph":[{"@type":"Article","@id":"https:\/\/mwc-cmm.org\/es\/stories\/una-iglesia-global-visible\/#article","isPartOf":{"@id":"https:\/\/mwc-cmm.org\/es\/stories\/una-iglesia-global-visible\/"},"author":{"name":"mennworldcon","@id":"https:\/\/mwc-cmm.org\/en\/#\/schema\/person\/11f6ae0d7d1868ba20a1cc27f067c836"},"headline":"Una iglesia global visible","datePublished":"2023-04-21T00:00:00+00:00","dateModified":"2024-12-10T18:05:37+00:00","mainEntityOfPage":{"@id":"https:\/\/mwc-cmm.org\/es\/stories\/una-iglesia-global-visible\/"},"wordCount":582,"publisher":{"@id":"https:\/\/mwc-cmm.org\/en\/#organization"},"image":{"@id":"https:\/\/mwc-cmm.org\/es\/stories\/una-iglesia-global-visible\/#primaryimage"},"thumbnailUrl":"https:\/\/mwc-cmm.org\/wp-content\/uploads\/2024\/11\/20230326karlabraunimg_9986-scaled.jpg","articleSection":["Sin categorizar"],"inLanguage":"es"},{"@type":"WebPage","@id":"https:\/\/mwc-cmm.org\/es\/stories\/una-iglesia-global-visible\/","url":"https:\/\/mwc-cmm.org\/es\/stories\/una-iglesia-global-visible\/","name":"Una iglesia global visible - Mennonite World Conference","isPartOf":{"@id":"https:\/\/mwc-cmm.org\/en\/#website"},"primaryImageOfPage":{"@id":"https:\/\/mwc-cmm.org\/es\/stories\/una-iglesia-global-visible\/#primaryimage"},"image":{"@id":"https:\/\/mwc-cmm.org\/es\/stories\/una-iglesia-global-visible\/#primaryimage"},"thumbnailUrl":"https:\/\/mwc-cmm.org\/wp-content\/uploads\/2024\/11\/20230326karlabraunimg_9986-scaled.jpg","datePublished":"2023-04-21T00:00:00+00:00","dateModified":"2024-12-10T18:05:37+00:00","breadcrumb":{"@id":"https:\/\/mwc-cmm.org\/es\/stories\/una-iglesia-global-visible\/#breadcrumb"},"inLanguage":"es","potentialAction":[{"@type":"ReadAction","target":["https:\/\/mwc-cmm.org\/es\/stories\/una-iglesia-global-visible\/"]}]},{"@type":"ImageObject","inLanguage":"es","@id":"https:\/\/mwc-cmm.org\/es\/stories\/una-iglesia-global-visible\/#primaryimage","url":"https:\/\/mwc-cmm.org\/wp-content\/uploads\/2024\/11\/20230326karlabraunimg_9986-scaled.jpg","contentUrl":"https:\/\/mwc-cmm.org\/wp-content\/uploads\/2024\/11\/20230326karlabraunimg_9986-scaled.jpg","width":2560,"height":1922},{"@type":"BreadcrumbList","@id":"https:\/\/mwc-cmm.org\/es\/stories\/una-iglesia-global-visible\/#breadcrumb","itemListElement":[{"@type":"ListItem","position":1,"name":"Home","item":"https:\/\/mwc-cmm.org\/es\/"},{"@type":"ListItem","position":2,"name":"Una iglesia global visible"}]},{"@type":"WebSite","@id":"https:\/\/mwc-cmm.org\/en\/#website","url":"https:\/\/mwc-cmm.org\/en\/","name":"Mennonite World Conference","description":"A communion of Anabaptist-related churches","publisher":{"@id":"https:\/\/mwc-cmm.org\/en\/#organization"},"alternateName":"MWC","potentialAction":[{"@type":"SearchAction","target":{"@type":"EntryPoint","urlTemplate":"https:\/\/mwc-cmm.org\/en\/?s={search_term_string}"},"query-input":{"@type":"PropertyValueSpecification","valueRequired":true,"valueName":"search_term_string"}}],"inLanguage":"es"},{"@type":"Organization","@id":"https:\/\/mwc-cmm.org\/en\/#organization","name":"Mennonite World Conference","alternateName":"MWC","url":"https:\/\/mwc-cmm.org\/en\/","logo":{"@type":"ImageObject","inLanguage":"es","@id":"https:\/\/mwc-cmm.org\/en\/#\/schema\/logo\/image\/","url":"https:\/\/mwc-cmm.org\/wp-content\/uploads\/2026\/01\/MWC_Sig_Blue_Horiz_webheader1-logo.svg","contentUrl":"https:\/\/mwc-cmm.org\/wp-content\/uploads\/2026\/01\/MWC_Sig_Blue_Horiz_webheader1-logo.svg","width":786,"height":82,"caption":"Mennonite World Conference"},"image":{"@id":"https:\/\/mwc-cmm.org\/en\/#\/schema\/logo\/image\/"},"sameAs":["https:\/\/www.facebook.com\/MennoniteWorldConference","https:\/\/www.linkedin.com\/company\/mennonite-world-conference-mwc\/","https:\/\/www.instagram.com\/mwcmm\/","https:\/\/www.youtube.com\/user\/mwccmm","https:\/\/bsky.app\/profile\/mwcmm.bsky.social"]},{"@type":"Person","@id":"https:\/\/mwc-cmm.org\/en\/#\/schema\/person\/11f6ae0d7d1868ba20a1cc27f067c836","name":"mennworldcon","image":{"@type":"ImageObject","inLanguage":"es","@id":"https:\/\/secure.gravatar.com\/avatar\/06fdc0dc81c157dfdb82ec42f252178a22307808988d22c043f9eb96f1e0fe80?s=96&d=mm&r=g","url":"https:\/\/secure.gravatar.com\/avatar\/06fdc0dc81c157dfdb82ec42f252178a22307808988d22c043f9eb96f1e0fe80?s=96&d=mm&r=g","contentUrl":"https:\/\/secure.gravatar.com\/avatar\/06fdc0dc81c157dfdb82ec42f252178a22307808988d22c043f9eb96f1e0fe80?s=96&d=mm&r=g","caption":"mennworldcon"},"sameAs":["https:\/\/mwc-cmm.org"],"url":"https:\/\/mwc-cmm.org\/es\/stories\/author\/mennworldcon\/"}]}},"_links":{"self":[{"href":"https:\/\/mwc-cmm.org\/es\/wp-json\/wp\/v2\/posts\/9351","targetHints":{"allow":["GET"]}}],"collection":[{"href":"https:\/\/mwc-cmm.org\/es\/wp-json\/wp\/v2\/posts"}],"about":[{"href":"https:\/\/mwc-cmm.org\/es\/wp-json\/wp\/v2\/types\/post"}],"author":[{"embeddable":true,"href":"https:\/\/mwc-cmm.org\/es\/wp-json\/wp\/v2\/users\/1"}],"replies":[{"embeddable":true,"href":"https:\/\/mwc-cmm.org\/es\/wp-json\/wp\/v2\/comments?post=9351"}],"version-history":[{"count":0,"href":"https:\/\/mwc-cmm.org\/es\/wp-json\/wp\/v2\/posts\/9351\/revisions"}],"wp:featuredmedia":[{"embeddable":true,"href":"https:\/\/mwc-cmm.org\/es\/wp-json\/wp\/v2\/media\/96700"}],"wp:attachment":[{"href":"https:\/\/mwc-cmm.org\/es\/wp-json\/wp\/v2\/media?parent=9351"}],"wp:term":[{"taxonomy":"category","embeddable":true,"href":"https:\/\/mwc-cmm.org\/es\/wp-json\/wp\/v2\/categories?post=9351"},{"taxonomy":"post_tag","embeddable":true,"href":"https:\/\/mwc-cmm.org\/es\/wp-json\/wp\/v2\/tags?post=9351"},{"taxonomy":"network","embeddable":true,"href":"https:\/\/mwc-cmm.org\/es\/wp-json\/wp\/v2\/network?post=9351"},{"taxonomy":"eventcategory","embeddable":true,"href":"https:\/\/mwc-cmm.org\/es\/wp-json\/wp\/v2\/eventcategory?post=9351"}],"curies":[{"name":"wp","href":"https:\/\/api.w.org\/{rel}","templated":true}]}}