{"id":9347,"date":"2023-04-18T00:00:00","date_gmt":"2023-04-18T00:00:00","guid":{"rendered":"https:\/\/mwc-cmm.org\/pacifism-and-nonviolence-should-be-a-way-of-life-2\/"},"modified":"2024-12-10T18:05:35","modified_gmt":"2024-12-10T18:05:35","slug":"el-pacifismo-y-la-no-violencia-deben-ser-una-forma-de-vida","status":"publish","type":"post","link":"https:\/\/mwc-cmm.org\/es\/stories\/el-pacifismo-y-la-no-violencia-deben-ser-una-forma-de-vida\/","title":{"rendered":"El pacifismo y la no violencia deben ser una forma de vida"},"content":{"rendered":"<p><em>A medida que la guerra en Ucrania avanza por segundo a\u00f1o, los anabautistas y otros cristianos contin\u00faan orando y trabajando juntos por la paz. Durante la temporada de Cuaresma, las iglesias de todo el mundo se reunieron en l\u00ednea, para un segundo servicio de oraci\u00f3n ecum\u00e9nico, para lamentar la guerra en Ucrania y por otros lugares en conflicto. Los l\u00edderes de la iglesia, incluido el secretario general del CMM, C\u00e9sar Garc\u00eda, ofrecieron oraciones y reflexiones.&nbsp;<\/em><\/p>\n<p><em>En el bolet\u00edn de noticias Swiss Mennonite, el editor Simon Rindlisbacher pregunt\u00f3 al secretario general del CMM, C\u00e9sar Garc\u00eda, sobre el pacifismo. Reimpreso con permiso de Konferenz der Mennoniten Der Schweiz\/Conference Mennonite Suisse.&nbsp;<\/em><\/p>\n<h4>\u00bfQu\u00e9 tan fuerte es la preocupaci\u00f3n, por la guerra en Europa, de las iglesias en otros pa\u00edses que son parte del CMM?&nbsp;&nbsp;&nbsp;<\/h4>\n<p>La Guerra es un tema de preocupaci\u00f3n en muchos lugares, despu\u00e9s de todo, tiene tambi\u00e9n implicaciones globales. La gente se preocupa por la amenaza de una guerra nuclear y se ve afectada por la inflaci\u00f3n que ha causado la guerra.&nbsp;<\/p>\n<p>En pa\u00edses de \u00c1frica o Am\u00e9rica del sur, esto se ha convertido en una carga adicional junto con la pandemia.&nbsp;&nbsp;<\/p>\n<p>Tambi\u00e9n hable con personas que dec\u00edan: la guerra es terrible, por supuesto, pero no es la \u00fanica en el mundo. Otros conflictos igualmente terribles no est\u00e1n recibiendo la misma atenci\u00f3n en Europa en este momento.&nbsp;<\/p>\n<p>Estoy pensando, por ejemplo, en la situaci\u00f3n en Myanmar, El Congo o Eritrea, pero tambi\u00e9n en Colombia o Am\u00e9rica del sur en general. Algunos de estos pa\u00edses han estado envueltos en conflictos durante a\u00f1os, la gente y las iglesias all\u00ed est\u00e1n sufriendo, as\u00ed que creo, que es importante que no los olvidemos por la guerra en Ucrania.&nbsp;&nbsp;<\/p>\n<h4>Los menonitas a veces son acusados \u201a\u00c4\u00e3\u201a\u00c4\u00e3de irresponsabilidad, incluso por otras iglesias. Ante una guerra, \u00bfes adecuado seguir adhiriendo el pacifismo y la no violencia?&nbsp;<\/h4>\n<p>Esta pregunta surge en cualquier conflicto violento, y es m\u00e1s f\u00e1cil pensar en ella cuando uno no est\u00e1 directamente involucrado. Creo que, con el pacifismo, es importante que nos quedemos completamente con nosotros mismos, no podemos exigir una actitud pacifista a los dem\u00e1s, sino solo a nosotros mismos.&nbsp;<\/p>\n<p>Siempre podemos preguntarnos: \u00bfqu\u00e9 hago cuando estoy bajo un ataque violento? Por supuesto, la respuesta es dif\u00edcil si nunca he estado en una situaci\u00f3n as\u00ed, y tal vez yo reaccionar\u00eda con violencia, eso es demasiado humano. Sin embargo, puedo aferrarme a la idea de que, para m\u00ed, b\u00e1sicamente, el camino no violento es el camino correcto.&nbsp;<\/p>\n<h4>\u00bfY es esto lo que deber\u00edamos hacer?&nbsp;<\/h4>\n<p>Como cristianos, el pacifismo y la actitud pacifista es nuestra vocaci\u00f3n. Desde mi punto de vista, algo as\u00ed como un cristiano partidario de la guerra es una contradicci\u00f3n en t\u00e9rminos. Pero incluso si estamos llamados al pacifismo, en \u00faltima instancia, no podemos dar una respuesta pacifista por nuestra cuenta, si queremos hacer la paz, como lo hizo Jes\u00fas, dependemos del apoyo de una comunidad eclesial y del poder del Esp\u00edritu Santo.&nbsp;<\/p>\n<p>Cuando se produce la paz, siempre es un milagro, as\u00ed que podemos permitir que Dios obre a trav\u00e9s de nosotros y nos ayude a responder como lo hizo Jes\u00fas sin violencia.&nbsp;<\/p>\n<h4>Desde su perspectiva, \u00bfc\u00f3mo deber\u00edamos nosotros, como menonitas e iglesias de paz en Europa, responder a la guerra en Ucrania?&nbsp;<\/h4>\n<p>No hay una respuesta universal para esto, cada conflicto es diferente y tiene lugar en diferente contexto cada vez. Pero una cosa que las iglesias siempre pueden hacer cuando se enfrentan a la violencia es desarrollar formas creativas para enfrentarla en un proceso colaborativo.&nbsp;&nbsp;<\/p>\n<p>El pacifismo no significa ser un espectador, ser pacifista significa resistir y hacer algo con respecto a la violencia. Hay muchos ejemplos en la historia de que la resistencia no violenta funciona.&nbsp;<\/p>\n<h4>\u00bfUsted en cu\u00e1les piensa?&nbsp;<\/h4>\n<p>Recuerdan a Martin Luther King Jr., o al sacerdote Andr\u00e9 Trocm\u00e9 que con su congregaci\u00f3n escondi\u00f3 a los jud\u00edos de la persecuci\u00f3n nazi. Estas personas encontraron formas no violentas, creativas y efectivas de resistir a la violencia.&nbsp;<\/p>\n<p>A veces me pregunto: \u00bfqu\u00e9 hubiera pasado si el pueblo de Ucrania hubiera decidido no resistir con la fuerza de las armas? \u00bfSi hubieran dicho: \u201cAqu\u00ed, toma nuestra tierra sin derramamiento de sangre\u201d, \u00bfpero luego se hubieran enfrentado al poder ocupante con desobediencia civil? \u00bfHabr\u00eda sido peor que lo que est\u00e1 pasando ahora el pueblo de Ucrania? \u00bfTodas las muertes, la destrucci\u00f3n? No lo s\u00e9.&nbsp;<\/p>\n<p>La fuerza de las armas y la guerra es siempre una respuesta f\u00e1cil, pero la no violencia es mucho m\u00e1s complicada y requiere mucha creatividad, pero es posible.&nbsp;<\/p>\n<h4>Viene de Colombia, un pa\u00eds donde el conflicto armado es tristemente una realidad cotidiana. \u00bfQu\u00e9 podemos aprender de los menonitas en Colombia?&nbsp;<\/h4>\n<figure class=\"image\" style=\"float:right\"><img decoding=\"async\" alt=\"\" height=\"250\" data-src=\"\/sites\/default\/files\/website_files_2020\/cesar_garcia.jpg\" width=\"250\" src=\"data:image\/svg+xml;base64,PHN2ZyB3aWR0aD0iMSIgaGVpZ2h0PSIxIiB4bWxucz0iaHR0cDovL3d3dy53My5vcmcvMjAwMC9zdmciPjwvc3ZnPg==\" class=\"lazyload\" style=\"--smush-placeholder-width: 250px; --smush-placeholder-aspect-ratio: 250\/250;\"><figcaption><em>C\u00e9sar Garc\u00eda<\/em><\/figcaption><\/figure>\n<p>En primer lugar, es importante entender que el trabajo por la paz es el trabajo de generaciones. Puede involucrarse como una sola persona, pero es posible que no experimente los frutos de sus esfuerzos.&nbsp;<\/p>\n<p>Colombia ha experimentado mucha violencia en los \u00faltimos 250 a\u00f1os. Las iglesias menonitas comenzaron el trabajo por la paz hace 70 a\u00f1os y todav\u00eda contin\u00faa. Nuestra actitud es: no somos pacifistas por lo que produce nuestro compromiso, sino porque es nuestra vocaci\u00f3n de cristianos; por lo que Dios est\u00e1 haciendo en nosotros, a trav\u00e9s de nosotros e impulsados \u201a\u00c4\u00e3\u201a\u00c4\u00e3por la esperanza cristiana de que un mundo de paz es posible.&nbsp;<\/p>\n<h4>\u00bfC\u00f3mo es su trabajo por la paz en t\u00e9rminos concretos?&nbsp;<\/h4>\n<p>Es muy multifac\u00e9tico, b\u00e1sicamente, el objetivo es promover una cultura de paz en Colombia y establecer un estilo de vida pacifista. Con este fin, algunas iglesias menonitas trabajan con las escuelas, por ejemplo, mostr\u00e1ndoles c\u00f3mo ense\u00f1ar a los ni\u00f1os a resolver conflictos de manera pac\u00edfica y saludable.&nbsp;<\/p>\n<p>Otras iglesias entrenan l\u00edderes en negocios, les muestran c\u00f3mo lidiar con los conflictos en el lugar de trabajo.&nbsp;<\/p>\n<p>En Colombia, la violencia dentro de las familias tambi\u00e9n es un gran problema, por eso, otras iglesias menonitas trabajan con familias y les muestran c\u00f3mo resolver conflictos sin violencia. De esta manera traemos ideas de c\u00f3mo hacer la paz en la vida cotidiana de las personas.&nbsp;<\/p>\n<h4>\u00bfEst\u00e1 involucrado a nivel pol\u00edtico?&nbsp;<\/h4>\n<p>S\u00ed, por ejemplo, estamos haciendo campa\u00f1a para que la gente no tenga que hacer el servicio militar. Hemos hecho propuestas al gobierno sobre c\u00f3mo podr\u00eda ser un servicio civil alternativo.&nbsp;<\/p>\n<p>Tambi\u00e9n hemos participado en manifestaciones contra el uso de la fuerza, propuestas y leyes que obstaculizan el camino de la paz.&nbsp;<\/p>\n<p>Y tambi\u00e9n hay iglesias que se han negado a pagar impuestos que financiar\u00edan medidas violentas del gobierno.&nbsp;<\/p>\n<h4>\u00bfTambi\u00e9n se acerca directamente a las facciones armadas, como los ej\u00e9rcitos ilegales o las bandas de narcotraficantes?&nbsp;<\/h4>\n<p>Lo hemos hecho, aunque es muy arriesgado. Varias veces, los l\u00edderes de las congregaciones menonitas han tratado de hablar con los grupos armados sobre sus diferencias, el objetivo en cada caso ha sido mostrarles formas de resolver sus conflictos de forma pac\u00edfica.&nbsp;<\/p>\n<p>Activistas por la paz ya han perdido la vida en el proceso, porque tan pronto como hablas con una de las partes en un conflicto, la otra puede verte como un enemigo. Pero tambi\u00e9n hemos tenido muy buenas experiencias y hemos guiado a las partes en conflicto a una forma de vida m\u00e1s pac\u00edfica.&nbsp;<\/p>\n<p>Por cierto, tambi\u00e9n es importante que no solo nos centremos en prevenir la violencia, sino tambi\u00e9n en cuidar a las v\u00edctimas de la violencia.&nbsp;<\/p>\n<h4>\u00bfQu\u00e9 hacen por las v\u00edctimas?&nbsp;&nbsp;<\/h4>\n<p>Para las v\u00edctimas de la violencia, ofrecemos consejer\u00eda y programas de sanaci\u00f3n del trauma. Por ejemplo, si ellos han perdido a seres querido o sus posesiones, apoyamos a las personas que huyen de la violencia. Estamos hablando de varios miles. Les ayudamos a salir del pa\u00eds si esa es la mejor soluci\u00f3n y si pueden quedarse, los apoyamos con dinero, vivienda, trabajo y mucho m\u00e1s.&nbsp;<\/p>\n<p>Este trabajo tambi\u00e9n contribuye a una cultura de paz a largo plazo.&nbsp;<\/p>\n<h4>De todos estos ejemplos, \u00bfcu\u00e1l cree que es m\u00e1s probable que se implemente en Europa?&nbsp;<\/h4>\n<p>Tambi\u00e9n en la vida diaria necesitamos la capacidad de manejar los conflictos de una manera sana y pac\u00edfica.&nbsp;<\/p>\n<p>En mi opini\u00f3n, es una de las tareas de las iglesias practicar esto y as\u00ed formar la no violencia como estilo de vida. Si t\u00fa tienes \u00e9xito en esto, es m\u00e1s probable que sepas c\u00f3mo reaccionar de manera creativa y no violenta a la guerra. Si solo piensas en las posibilidades de resoluci\u00f3n pac\u00edfica de conflictos cuando estallan las guerras, es mucho m\u00e1s dif\u00edcil ver tales posibilidades.&nbsp;<\/p>\n<p><em>\u201a\u00c4\u00eeEste art\u00edculo se reimprimi\u00f3 con permiso del bolet\u00edn de noticias Swiss Mennonite&nbsp;<\/em><\/p>\n","protected":false},"excerpt":{"rendered":"<p>Tambi\u00e9n en la vida diaria necesitamos la capacidad de manejar los conflictos de una manera sana y pac\u00edfica.&nbsp;En mi opini\u00f3n, es una de las tareas de las iglesias practicar esto y as\u00ed formar la no violencia como estilo de vida. Si t\u00fa tienes \u00e9xito en esto, es m\u00e1s probable que sepas c\u00f3mo reaccionar de manera creativa y no violenta a la guerra. Si solo piensas en las posibilidades de resoluci\u00f3n pac\u00edfica de conflictos cuando estallan las guerras, es mucho m\u00e1s dif\u00edcil ver tales posibilidades.&nbsp;<\/p>\n","protected":false},"author":1,"featured_media":96644,"comment_status":"closed","ping_status":"closed","sticky":false,"template":"","format":"standard","meta":{"_acf_changed":false,"footnotes":""},"categories":[6],"tags":[],"network":[],"eventcategory":[],"class_list":["post-9347","post","type-post","status-publish","format-standard","has-post-thumbnail","hentry","category-sin-categorizar"],"acf":[],"yoast_head":"<!-- This site is optimized with the Yoast SEO plugin v27.5 - https:\/\/yoast.com\/product\/yoast-seo-wordpress\/ -->\n<title>El pacifismo y la no violencia deben ser una forma de vida - Mennonite World Conference<\/title>\n<meta name=\"robots\" content=\"index, follow, max-snippet:-1, max-image-preview:large, max-video-preview:-1\" \/>\n<link rel=\"canonical\" href=\"https:\/\/mwc-cmm.org\/es\/stories\/el-pacifismo-y-la-no-violencia-deben-ser-una-forma-de-vida\/\" \/>\n<meta property=\"og:locale\" content=\"es_ES\" \/>\n<meta property=\"og:type\" content=\"article\" \/>\n<meta property=\"og:title\" content=\"El pacifismo y la no violencia deben ser una forma de vida - Mennonite World Conference\" \/>\n<meta property=\"og:description\" content=\"Tambi\u00e9n en la vida diaria necesitamos la capacidad de manejar los conflictos de una manera sana y pac\u00edfica.&nbsp;En mi opini\u00f3n, es una de las tareas de las iglesias practicar esto y as\u00ed formar la no violencia como estilo de vida. Si t\u00fa tienes \u00e9xito en esto, es m\u00e1s probable que sepas c\u00f3mo reaccionar de manera creativa y no violenta a la guerra. Si solo piensas en las posibilidades de resoluci\u00f3n pac\u00edfica de conflictos cuando estallan las guerras, es mucho m\u00e1s dif\u00edcil ver tales posibilidades.&nbsp;\" \/>\n<meta property=\"og:url\" content=\"https:\/\/mwc-cmm.org\/es\/stories\/el-pacifismo-y-la-no-violencia-deben-ser-una-forma-de-vida\/\" \/>\n<meta property=\"og:site_name\" content=\"Mennonite World Conference\" \/>\n<meta property=\"article:publisher\" content=\"https:\/\/www.facebook.com\/MennoniteWorldConference\" \/>\n<meta property=\"article:published_time\" content=\"2023-04-18T00:00:00+00:00\" \/>\n<meta property=\"article:modified_time\" content=\"2024-12-10T18:05:35+00:00\" \/>\n<meta property=\"og:image\" content=\"https:\/\/mwc-cmm.org\/wp-content\/uploads\/2024\/11\/20220706meetinghousekresnakurniawan-scaled.jpg\" \/>\n\t<meta property=\"og:image:width\" content=\"2560\" \/>\n\t<meta property=\"og:image:height\" content=\"1710\" \/>\n\t<meta property=\"og:image:type\" content=\"image\/jpeg\" \/>\n<meta name=\"author\" content=\"mennworldcon\" \/>\n<script type=\"application\/ld+json\" class=\"yoast-schema-graph\">{\"@context\":\"https:\\\/\\\/schema.org\",\"@graph\":[{\"@type\":\"Article\",\"@id\":\"https:\\\/\\\/mwc-cmm.org\\\/es\\\/stories\\\/el-pacifismo-y-la-no-violencia-deben-ser-una-forma-de-vida\\\/#article\",\"isPartOf\":{\"@id\":\"https:\\\/\\\/mwc-cmm.org\\\/es\\\/stories\\\/el-pacifismo-y-la-no-violencia-deben-ser-una-forma-de-vida\\\/\"},\"author\":{\"name\":\"mennworldcon\",\"@id\":\"https:\\\/\\\/mwc-cmm.org\\\/en\\\/#\\\/schema\\\/person\\\/11f6ae0d7d1868ba20a1cc27f067c836\"},\"headline\":\"El pacifismo y la no violencia deben ser una forma de vida\",\"datePublished\":\"2023-04-18T00:00:00+00:00\",\"dateModified\":\"2024-12-10T18:05:35+00:00\",\"mainEntityOfPage\":{\"@id\":\"https:\\\/\\\/mwc-cmm.org\\\/es\\\/stories\\\/el-pacifismo-y-la-no-violencia-deben-ser-una-forma-de-vida\\\/\"},\"wordCount\":1577,\"publisher\":{\"@id\":\"https:\\\/\\\/mwc-cmm.org\\\/en\\\/#organization\"},\"image\":{\"@id\":\"https:\\\/\\\/mwc-cmm.org\\\/es\\\/stories\\\/el-pacifismo-y-la-no-violencia-deben-ser-una-forma-de-vida\\\/#primaryimage\"},\"thumbnailUrl\":\"https:\\\/\\\/mwc-cmm.org\\\/wp-content\\\/uploads\\\/2024\\\/11\\\/20220706meetinghousekresnakurniawan-scaled.jpg\",\"articleSection\":[\"Sin categorizar\"],\"inLanguage\":\"es\"},{\"@type\":\"WebPage\",\"@id\":\"https:\\\/\\\/mwc-cmm.org\\\/es\\\/stories\\\/el-pacifismo-y-la-no-violencia-deben-ser-una-forma-de-vida\\\/\",\"url\":\"https:\\\/\\\/mwc-cmm.org\\\/es\\\/stories\\\/el-pacifismo-y-la-no-violencia-deben-ser-una-forma-de-vida\\\/\",\"name\":\"El pacifismo y la no violencia deben ser una forma de vida - Mennonite World Conference\",\"isPartOf\":{\"@id\":\"https:\\\/\\\/mwc-cmm.org\\\/en\\\/#website\"},\"primaryImageOfPage\":{\"@id\":\"https:\\\/\\\/mwc-cmm.org\\\/es\\\/stories\\\/el-pacifismo-y-la-no-violencia-deben-ser-una-forma-de-vida\\\/#primaryimage\"},\"image\":{\"@id\":\"https:\\\/\\\/mwc-cmm.org\\\/es\\\/stories\\\/el-pacifismo-y-la-no-violencia-deben-ser-una-forma-de-vida\\\/#primaryimage\"},\"thumbnailUrl\":\"https:\\\/\\\/mwc-cmm.org\\\/wp-content\\\/uploads\\\/2024\\\/11\\\/20220706meetinghousekresnakurniawan-scaled.jpg\",\"datePublished\":\"2023-04-18T00:00:00+00:00\",\"dateModified\":\"2024-12-10T18:05:35+00:00\",\"breadcrumb\":{\"@id\":\"https:\\\/\\\/mwc-cmm.org\\\/es\\\/stories\\\/el-pacifismo-y-la-no-violencia-deben-ser-una-forma-de-vida\\\/#breadcrumb\"},\"inLanguage\":\"es\",\"potentialAction\":[{\"@type\":\"ReadAction\",\"target\":[\"https:\\\/\\\/mwc-cmm.org\\\/es\\\/stories\\\/el-pacifismo-y-la-no-violencia-deben-ser-una-forma-de-vida\\\/\"]}]},{\"@type\":\"ImageObject\",\"inLanguage\":\"es\",\"@id\":\"https:\\\/\\\/mwc-cmm.org\\\/es\\\/stories\\\/el-pacifismo-y-la-no-violencia-deben-ser-una-forma-de-vida\\\/#primaryimage\",\"url\":\"https:\\\/\\\/mwc-cmm.org\\\/wp-content\\\/uploads\\\/2024\\\/11\\\/20220706meetinghousekresnakurniawan-scaled.jpg\",\"contentUrl\":\"https:\\\/\\\/mwc-cmm.org\\\/wp-content\\\/uploads\\\/2024\\\/11\\\/20220706meetinghousekresnakurniawan-scaled.jpg\",\"width\":2560,\"height\":1710},{\"@type\":\"BreadcrumbList\",\"@id\":\"https:\\\/\\\/mwc-cmm.org\\\/es\\\/stories\\\/el-pacifismo-y-la-no-violencia-deben-ser-una-forma-de-vida\\\/#breadcrumb\",\"itemListElement\":[{\"@type\":\"ListItem\",\"position\":1,\"name\":\"Home\",\"item\":\"https:\\\/\\\/mwc-cmm.org\\\/es\\\/\"},{\"@type\":\"ListItem\",\"position\":2,\"name\":\"El pacifismo y la no violencia deben ser una forma de vida\"}]},{\"@type\":\"WebSite\",\"@id\":\"https:\\\/\\\/mwc-cmm.org\\\/en\\\/#website\",\"url\":\"https:\\\/\\\/mwc-cmm.org\\\/en\\\/\",\"name\":\"Mennonite World Conference\",\"description\":\"A communion of Anabaptist-related churches\",\"publisher\":{\"@id\":\"https:\\\/\\\/mwc-cmm.org\\\/en\\\/#organization\"},\"alternateName\":\"MWC\",\"potentialAction\":[{\"@type\":\"SearchAction\",\"target\":{\"@type\":\"EntryPoint\",\"urlTemplate\":\"https:\\\/\\\/mwc-cmm.org\\\/en\\\/?s={search_term_string}\"},\"query-input\":{\"@type\":\"PropertyValueSpecification\",\"valueRequired\":true,\"valueName\":\"search_term_string\"}}],\"inLanguage\":\"es\"},{\"@type\":\"Organization\",\"@id\":\"https:\\\/\\\/mwc-cmm.org\\\/en\\\/#organization\",\"name\":\"Mennonite World Conference\",\"alternateName\":\"MWC\",\"url\":\"https:\\\/\\\/mwc-cmm.org\\\/en\\\/\",\"logo\":{\"@type\":\"ImageObject\",\"inLanguage\":\"es\",\"@id\":\"https:\\\/\\\/mwc-cmm.org\\\/en\\\/#\\\/schema\\\/logo\\\/image\\\/\",\"url\":\"https:\\\/\\\/mwc-cmm.org\\\/wp-content\\\/uploads\\\/2026\\\/01\\\/MWC_Sig_Blue_Horiz_webheader1-logo.svg\",\"contentUrl\":\"https:\\\/\\\/mwc-cmm.org\\\/wp-content\\\/uploads\\\/2026\\\/01\\\/MWC_Sig_Blue_Horiz_webheader1-logo.svg\",\"width\":786,\"height\":82,\"caption\":\"Mennonite World Conference\"},\"image\":{\"@id\":\"https:\\\/\\\/mwc-cmm.org\\\/en\\\/#\\\/schema\\\/logo\\\/image\\\/\"},\"sameAs\":[\"https:\\\/\\\/www.facebook.com\\\/MennoniteWorldConference\",\"https:\\\/\\\/www.linkedin.com\\\/company\\\/mennonite-world-conference-mwc\\\/\",\"https:\\\/\\\/www.instagram.com\\\/mwcmm\\\/\",\"https:\\\/\\\/www.youtube.com\\\/user\\\/mwccmm\",\"https:\\\/\\\/bsky.app\\\/profile\\\/mwcmm.bsky.social\"]},{\"@type\":\"Person\",\"@id\":\"https:\\\/\\\/mwc-cmm.org\\\/en\\\/#\\\/schema\\\/person\\\/11f6ae0d7d1868ba20a1cc27f067c836\",\"name\":\"mennworldcon\",\"image\":{\"@type\":\"ImageObject\",\"inLanguage\":\"es\",\"@id\":\"https:\\\/\\\/secure.gravatar.com\\\/avatar\\\/06fdc0dc81c157dfdb82ec42f252178a22307808988d22c043f9eb96f1e0fe80?s=96&d=mm&r=g\",\"url\":\"https:\\\/\\\/secure.gravatar.com\\\/avatar\\\/06fdc0dc81c157dfdb82ec42f252178a22307808988d22c043f9eb96f1e0fe80?s=96&d=mm&r=g\",\"contentUrl\":\"https:\\\/\\\/secure.gravatar.com\\\/avatar\\\/06fdc0dc81c157dfdb82ec42f252178a22307808988d22c043f9eb96f1e0fe80?s=96&d=mm&r=g\",\"caption\":\"mennworldcon\"},\"sameAs\":[\"https:\\\/\\\/mwc-cmm.org\"],\"url\":\"https:\\\/\\\/mwc-cmm.org\\\/es\\\/stories\\\/author\\\/mennworldcon\\\/\"}]}<\/script>\n<!-- \/ Yoast SEO plugin. -->","yoast_head_json":{"title":"El pacifismo y la no violencia deben ser una forma de vida - Mennonite World Conference","robots":{"index":"index","follow":"follow","max-snippet":"max-snippet:-1","max-image-preview":"max-image-preview:large","max-video-preview":"max-video-preview:-1"},"canonical":"https:\/\/mwc-cmm.org\/es\/stories\/el-pacifismo-y-la-no-violencia-deben-ser-una-forma-de-vida\/","og_locale":"es_ES","og_type":"article","og_title":"El pacifismo y la no violencia deben ser una forma de vida - Mennonite World Conference","og_description":"Tambi\u00e9n en la vida diaria necesitamos la capacidad de manejar los conflictos de una manera sana y pac\u00edfica.&nbsp;En mi opini\u00f3n, es una de las tareas de las iglesias practicar esto y as\u00ed formar la no violencia como estilo de vida. Si t\u00fa tienes \u00e9xito en esto, es m\u00e1s probable que sepas c\u00f3mo reaccionar de manera creativa y no violenta a la guerra. Si solo piensas en las posibilidades de resoluci\u00f3n pac\u00edfica de conflictos cuando estallan las guerras, es mucho m\u00e1s dif\u00edcil ver tales posibilidades.&nbsp;","og_url":"https:\/\/mwc-cmm.org\/es\/stories\/el-pacifismo-y-la-no-violencia-deben-ser-una-forma-de-vida\/","og_site_name":"Mennonite World Conference","article_publisher":"https:\/\/www.facebook.com\/MennoniteWorldConference","article_published_time":"2023-04-18T00:00:00+00:00","article_modified_time":"2024-12-10T18:05:35+00:00","og_image":[{"width":2560,"height":1710,"url":"https:\/\/mwc-cmm.org\/wp-content\/uploads\/2024\/11\/20220706meetinghousekresnakurniawan-scaled.jpg","type":"image\/jpeg"}],"author":"mennworldcon","schema":{"@context":"https:\/\/schema.org","@graph":[{"@type":"Article","@id":"https:\/\/mwc-cmm.org\/es\/stories\/el-pacifismo-y-la-no-violencia-deben-ser-una-forma-de-vida\/#article","isPartOf":{"@id":"https:\/\/mwc-cmm.org\/es\/stories\/el-pacifismo-y-la-no-violencia-deben-ser-una-forma-de-vida\/"},"author":{"name":"mennworldcon","@id":"https:\/\/mwc-cmm.org\/en\/#\/schema\/person\/11f6ae0d7d1868ba20a1cc27f067c836"},"headline":"El pacifismo y la no violencia deben ser una forma de vida","datePublished":"2023-04-18T00:00:00+00:00","dateModified":"2024-12-10T18:05:35+00:00","mainEntityOfPage":{"@id":"https:\/\/mwc-cmm.org\/es\/stories\/el-pacifismo-y-la-no-violencia-deben-ser-una-forma-de-vida\/"},"wordCount":1577,"publisher":{"@id":"https:\/\/mwc-cmm.org\/en\/#organization"},"image":{"@id":"https:\/\/mwc-cmm.org\/es\/stories\/el-pacifismo-y-la-no-violencia-deben-ser-una-forma-de-vida\/#primaryimage"},"thumbnailUrl":"https:\/\/mwc-cmm.org\/wp-content\/uploads\/2024\/11\/20220706meetinghousekresnakurniawan-scaled.jpg","articleSection":["Sin categorizar"],"inLanguage":"es"},{"@type":"WebPage","@id":"https:\/\/mwc-cmm.org\/es\/stories\/el-pacifismo-y-la-no-violencia-deben-ser-una-forma-de-vida\/","url":"https:\/\/mwc-cmm.org\/es\/stories\/el-pacifismo-y-la-no-violencia-deben-ser-una-forma-de-vida\/","name":"El pacifismo y la no violencia deben ser una forma de vida - Mennonite World Conference","isPartOf":{"@id":"https:\/\/mwc-cmm.org\/en\/#website"},"primaryImageOfPage":{"@id":"https:\/\/mwc-cmm.org\/es\/stories\/el-pacifismo-y-la-no-violencia-deben-ser-una-forma-de-vida\/#primaryimage"},"image":{"@id":"https:\/\/mwc-cmm.org\/es\/stories\/el-pacifismo-y-la-no-violencia-deben-ser-una-forma-de-vida\/#primaryimage"},"thumbnailUrl":"https:\/\/mwc-cmm.org\/wp-content\/uploads\/2024\/11\/20220706meetinghousekresnakurniawan-scaled.jpg","datePublished":"2023-04-18T00:00:00+00:00","dateModified":"2024-12-10T18:05:35+00:00","breadcrumb":{"@id":"https:\/\/mwc-cmm.org\/es\/stories\/el-pacifismo-y-la-no-violencia-deben-ser-una-forma-de-vida\/#breadcrumb"},"inLanguage":"es","potentialAction":[{"@type":"ReadAction","target":["https:\/\/mwc-cmm.org\/es\/stories\/el-pacifismo-y-la-no-violencia-deben-ser-una-forma-de-vida\/"]}]},{"@type":"ImageObject","inLanguage":"es","@id":"https:\/\/mwc-cmm.org\/es\/stories\/el-pacifismo-y-la-no-violencia-deben-ser-una-forma-de-vida\/#primaryimage","url":"https:\/\/mwc-cmm.org\/wp-content\/uploads\/2024\/11\/20220706meetinghousekresnakurniawan-scaled.jpg","contentUrl":"https:\/\/mwc-cmm.org\/wp-content\/uploads\/2024\/11\/20220706meetinghousekresnakurniawan-scaled.jpg","width":2560,"height":1710},{"@type":"BreadcrumbList","@id":"https:\/\/mwc-cmm.org\/es\/stories\/el-pacifismo-y-la-no-violencia-deben-ser-una-forma-de-vida\/#breadcrumb","itemListElement":[{"@type":"ListItem","position":1,"name":"Home","item":"https:\/\/mwc-cmm.org\/es\/"},{"@type":"ListItem","position":2,"name":"El pacifismo y la no violencia deben ser una forma de vida"}]},{"@type":"WebSite","@id":"https:\/\/mwc-cmm.org\/en\/#website","url":"https:\/\/mwc-cmm.org\/en\/","name":"Mennonite World Conference","description":"A communion of Anabaptist-related churches","publisher":{"@id":"https:\/\/mwc-cmm.org\/en\/#organization"},"alternateName":"MWC","potentialAction":[{"@type":"SearchAction","target":{"@type":"EntryPoint","urlTemplate":"https:\/\/mwc-cmm.org\/en\/?s={search_term_string}"},"query-input":{"@type":"PropertyValueSpecification","valueRequired":true,"valueName":"search_term_string"}}],"inLanguage":"es"},{"@type":"Organization","@id":"https:\/\/mwc-cmm.org\/en\/#organization","name":"Mennonite World Conference","alternateName":"MWC","url":"https:\/\/mwc-cmm.org\/en\/","logo":{"@type":"ImageObject","inLanguage":"es","@id":"https:\/\/mwc-cmm.org\/en\/#\/schema\/logo\/image\/","url":"https:\/\/mwc-cmm.org\/wp-content\/uploads\/2026\/01\/MWC_Sig_Blue_Horiz_webheader1-logo.svg","contentUrl":"https:\/\/mwc-cmm.org\/wp-content\/uploads\/2026\/01\/MWC_Sig_Blue_Horiz_webheader1-logo.svg","width":786,"height":82,"caption":"Mennonite World Conference"},"image":{"@id":"https:\/\/mwc-cmm.org\/en\/#\/schema\/logo\/image\/"},"sameAs":["https:\/\/www.facebook.com\/MennoniteWorldConference","https:\/\/www.linkedin.com\/company\/mennonite-world-conference-mwc\/","https:\/\/www.instagram.com\/mwcmm\/","https:\/\/www.youtube.com\/user\/mwccmm","https:\/\/bsky.app\/profile\/mwcmm.bsky.social"]},{"@type":"Person","@id":"https:\/\/mwc-cmm.org\/en\/#\/schema\/person\/11f6ae0d7d1868ba20a1cc27f067c836","name":"mennworldcon","image":{"@type":"ImageObject","inLanguage":"es","@id":"https:\/\/secure.gravatar.com\/avatar\/06fdc0dc81c157dfdb82ec42f252178a22307808988d22c043f9eb96f1e0fe80?s=96&d=mm&r=g","url":"https:\/\/secure.gravatar.com\/avatar\/06fdc0dc81c157dfdb82ec42f252178a22307808988d22c043f9eb96f1e0fe80?s=96&d=mm&r=g","contentUrl":"https:\/\/secure.gravatar.com\/avatar\/06fdc0dc81c157dfdb82ec42f252178a22307808988d22c043f9eb96f1e0fe80?s=96&d=mm&r=g","caption":"mennworldcon"},"sameAs":["https:\/\/mwc-cmm.org"],"url":"https:\/\/mwc-cmm.org\/es\/stories\/author\/mennworldcon\/"}]}},"_links":{"self":[{"href":"https:\/\/mwc-cmm.org\/es\/wp-json\/wp\/v2\/posts\/9347","targetHints":{"allow":["GET"]}}],"collection":[{"href":"https:\/\/mwc-cmm.org\/es\/wp-json\/wp\/v2\/posts"}],"about":[{"href":"https:\/\/mwc-cmm.org\/es\/wp-json\/wp\/v2\/types\/post"}],"author":[{"embeddable":true,"href":"https:\/\/mwc-cmm.org\/es\/wp-json\/wp\/v2\/users\/1"}],"replies":[{"embeddable":true,"href":"https:\/\/mwc-cmm.org\/es\/wp-json\/wp\/v2\/comments?post=9347"}],"version-history":[{"count":0,"href":"https:\/\/mwc-cmm.org\/es\/wp-json\/wp\/v2\/posts\/9347\/revisions"}],"wp:featuredmedia":[{"embeddable":true,"href":"https:\/\/mwc-cmm.org\/es\/wp-json\/wp\/v2\/media\/96644"}],"wp:attachment":[{"href":"https:\/\/mwc-cmm.org\/es\/wp-json\/wp\/v2\/media?parent=9347"}],"wp:term":[{"taxonomy":"category","embeddable":true,"href":"https:\/\/mwc-cmm.org\/es\/wp-json\/wp\/v2\/categories?post=9347"},{"taxonomy":"post_tag","embeddable":true,"href":"https:\/\/mwc-cmm.org\/es\/wp-json\/wp\/v2\/tags?post=9347"},{"taxonomy":"network","embeddable":true,"href":"https:\/\/mwc-cmm.org\/es\/wp-json\/wp\/v2\/network?post=9347"},{"taxonomy":"eventcategory","embeddable":true,"href":"https:\/\/mwc-cmm.org\/es\/wp-json\/wp\/v2\/eventcategory?post=9347"}],"curies":[{"name":"wp","href":"https:\/\/api.w.org\/{rel}","templated":true}]}}