{"id":9322,"date":"2023-02-10T00:00:00","date_gmt":"2023-02-10T00:00:00","guid":{"rendered":"https:\/\/mwc-cmm.org\/it-was-as-though-they-were-celebrating-with-us-2\/"},"modified":"2024-12-10T18:05:20","modified_gmt":"2024-12-10T18:05:20","slug":"era-como-si-estuviesen-celebrando-con-nosotros","status":"publish","type":"post","link":"https:\/\/mwc-cmm.org\/es\/stories\/era-como-si-estuviesen-celebrando-con-nosotros\/","title":{"rendered":"Era como si estuviesen celebrando con nosotros"},"content":{"rendered":"<p>\u201cSabemos que somos parte de una comunidad m\u00e1s grande, pero compartir este domingo nos lleva a vivirlo de manera concreta\u201d, dice Sylvain Lavou\u00e9, vicepresidente de la junta directiva de la \u00c9glise Protestante Mennonite (Iglesia Protestante Menonita), Villeneuve le Comte, Francia. La iglesia celebr\u00f3 el Domingo de la Fraternidad utilizando los testimonies y videos del recurso para el tiempo de adoraci\u00f3n proporcionado por el Congreso Mundial Menonita. &nbsp;<\/p>\n<p>\u201cEscuchar los vers\u00edculos de la Biblia le\u00eddos por nuestros hermanos y hermanas en Burkina Faso fue rico en emociones. Era como si estuviesen asistiendo a la celebraci\u00f3n con nosotros\u201d, Veronique Lavou\u00e9, \u00c9glise Protestante Mennonite (Iglesia Protestante Menonita).&nbsp;<\/p>\n<p style=\"text-align:center\"><a data-flickr-embed=\"true\" data-header=\"true\" href=\"https:\/\/www.flickr.com\/photos\/mwcmm\/52680401304\/in\/album-72177720305901141\/\" title=\"20230121Ve\u00c3\u00c5roniqueLavoueIMG-20230114-WA0004\"><img decoding=\"async\" alt=\"20230121Ve\u00c3\u00c5roniqueLavoueIMG-20230114-WA0004\" data-src=\"https:\/\/live.staticflickr.com\/65535\/52680401304_3828e704db_z.jpg\" width=\"640\" height=\"360\" src=\"data:image\/svg+xml;base64,PHN2ZyB3aWR0aD0iMSIgaGVpZ2h0PSIxIiB4bWxucz0iaHR0cDovL3d3dy53My5vcmcvMjAwMC9zdmciPjwvc3ZnPg==\" class=\"lazyload\" style=\"--smush-placeholder-width: 640px; --smush-placeholder-aspect-ratio: 640\/360;\"><\/a><\/p>\n<p class=\"rtecenter\">Foto:&nbsp;\u00c9glise Protestante Mennonite cre\u00f3 un tejido trenzado con telas en el taller mensual Ecocreatif de los s\u00e1bados. Los congregados de 6 a 62 a\u00f1os formaron la palabra \u201cesperance\u201d (esperanza) para decorar el edificio de la iglesia. \u201cA trav\u00e9s de esta tarea, los participantes del taller se sintieron m\u00e1s involucrados en el culto. Siempre es un desaf\u00edo involucrar a los ni\u00f1os para que se sientan parte de la iglesia mundial\u201d, expresa Veronique Lavou\u00e9. &nbsp;&nbsp;<\/p>\n<p>\u201cAgradecemos al CMM por guiarnos en la maravillosa y bendecida celebraci\u00f3n del Domingo de la Fraternidad Anabautista Mundial. Esto seguramente nos ha unido y animado a crecer como una familia anabautista mundial\u201d, afirma Ashish Milap, pastor de Bethel Mennonite Church, Balodgahan, India. &nbsp;<\/p>\n<p>En Bethel Mennonite, el culto dominical celebr\u00f3 el cumplea\u00f1os de la iglesia anabautista-menonita. Traducido al hindi, \u201cHow Mennonites came to be\u201d (C\u00f3mo surgieron los menonitas), se compartieron testimonios y oraciones del paquete para el tiempo de adoraci\u00f3n, junto con canciones de la Asamblea. &nbsp;<\/p>\n<p>Ashish Milap, parte del coro internacional de Indonesia, eligi\u00f3 las canciones m\u00e1s sencillas. \u201cAgradezco al coro de mi iglesia que con mucho trabajo el s\u00e1bado aprendi\u00f3 canciones en diferentes idiomas para ense\u00f1arlas a la congregaci\u00f3n el domingo\u201d: \u201cCantai ao Senhor\u201d en portugu\u00e9s, \u201cSiyahamba\u201d om Xhosa; \u201cDalam Jesus Kita Bersaudara\u201d en indonesio y \u201cKwake Yesu nasimama\u201d en swahili. \u201cLos miembros de la iglesia dijeron que disfrutaron aprender y cantar canciones nuevas en diferentes idiomas\u201d.&nbsp;<\/p>\n<p style=\"text-align:center\"><a data-flickr-embed=\"true\" data-header=\"true\" href=\"https:\/\/www.flickr.com\/photos\/mwcmm\/52680401274\/in\/album-72177720305901141\/\" title=\"20230122AshishKumarMilap image_50400001\"><img decoding=\"async\" alt=\"20230122AshishKumarMilap image_50400001\" data-src=\"https:\/\/live.staticflickr.com\/65535\/52680401274_b8574c814d_z.jpg\" width=\"640\" height=\"360\" src=\"data:image\/svg+xml;base64,PHN2ZyB3aWR0aD0iMSIgaGVpZ2h0PSIxIiB4bWxucz0iaHR0cDovL3d3dy53My5vcmcvMjAwMC9zdmciPjwvc3ZnPg==\" class=\"lazyload\" style=\"--smush-placeholder-width: 640px; --smush-placeholder-aspect-ratio: 640\/360;\"><\/a><\/p>\n<p class=\"rtecenter\">Foto:&nbsp;Bethel Mennonite Church, Balodgahan India<\/p>\n<p>Unas 3.000 personas de seis congregaciones de IEIMA en Cafunfo, Angola, se reunieron para celebrar juntas el Domingo de la Fraternidad Anabautista Mundial. Nueve pastores de toda la provincia fueron ordenados durante el culto. \u201cEl Se\u00f1or fue glorificado por medio de las canciones, testimonios y ofrendas\u201d, comenta Daniel Canganguela, dirigente que preside de la Iglesia Evang\u00e9lica de los hermanos Menonitas en Angola (IEIMA).&nbsp;<\/p>\n<p style=\"text-align:center\"><a data-flickr-embed=\"true\" data-header=\"true\" href=\"https:\/\/www.flickr.com\/photos\/mwcmm\/52680118541\/in\/dateposted-public\/\" title=\"20230122DanielCangangelaNelsonDSC_2309\"><img decoding=\"async\" alt=\"20230122DanielCangangelaNelsonDSC_2309\" data-src=\"https:\/\/live.staticflickr.com\/65535\/52680118541_209e613e93_z.jpg\" width=\"427\" height=\"640\" src=\"data:image\/svg+xml;base64,PHN2ZyB3aWR0aD0iMSIgaGVpZ2h0PSIxIiB4bWxucz0iaHR0cDovL3d3dy53My5vcmcvMjAwMC9zdmciPjwvc3ZnPg==\" class=\"lazyload\" style=\"--smush-placeholder-width: 427px; --smush-placeholder-aspect-ratio: 427\/640;\"><\/a><\/p>\n<p class=\"rtecenter\">Foto:&nbsp;El Presidente de la Comisi\u00f3n de Ordenaci\u00f3n, el Rev. Ant\u00f4nio Panzo (izquierda) entrega el certificado al nuevo ordenado Andre Mukanishi (derecha). &nbsp;<\/p>\n<p>Celebrar el Domingo de la Fraternidad Anabautista Mundial es muy importante porque nos vuelve a conectar desde nuestras bases como una iglesia relacionada con el anabautismo\u201d, se\u00f1ala el Rev. Ndaba Nyathi, pastor en la Iglesia Central de los Hermanos en Cristo en Bulawayo. \u201cLa iglesia disfrut\u00f3 todo el programa de orar unos por otros y animarse mutuamente en los desaf\u00edos sociales y espirituales. Nuestra fe de estar en una familia mundial se refresca a trav\u00e9s de la Palabra y los puntos de oraci\u00f3n.&nbsp;<\/p>\n<p>La reuni\u00f3n de 2003 a\u00fan se recuerda por la aceptaci\u00f3n mutua de hermanos, incluso de diferentes culturas y colores. Dej\u00f3 el mensaje de amor y paz entre los Hermanos en Cristo. La oraci\u00f3n y la adoraci\u00f3n juntos trajeron un avivamiento\u201d.&nbsp;<\/p>\n<p style=\"text-align:center\"><a data-flickr-embed=\"true\" data-header=\"true\" href=\"https:\/\/www.flickr.com\/photos\/mwcmm\/52680615533\/in\/album-72177720305901141\/\" title=\"20230122GatumbaCongregationBurundi\"><img decoding=\"async\" alt=\"20230122GatumbaCongregationBurundi\" data-src=\"https:\/\/live.staticflickr.com\/65535\/52680615533_2f9ba9617e_z.jpg\" width=\"640\" height=\"480\" src=\"data:image\/svg+xml;base64,PHN2ZyB3aWR0aD0iMSIgaGVpZ2h0PSIxIiB4bWxucz0iaHR0cDovL3d3dy53My5vcmcvMjAwMC9zdmciPjwvc3ZnPg==\" class=\"lazyload\" style=\"--smush-placeholder-width: 640px; --smush-placeholder-aspect-ratio: 640\/480;\"><\/a><\/p>\n<p class=\"rtecenter\">Foto:&nbsp; Iglesia Central de los Hermanos en Cristo en Bulawayo<\/p>\n<p>Iglesia Del Dios Viviente Rama, parte de la Convenci\u00f3n Menonita de Nicaragua, celebr\u00f3 el 498 aniversario del movimiento anabautista con los materiales para el tiempo de adoraci\u00f3n del Domingo de la Fraternidad Anabautista Mundial.&nbsp;<\/p>\n<p style=\"text-align:center\"><a data-flickr-embed=\"true\" data-header=\"true\" href=\"https:\/\/www.flickr.com\/photos\/mwcmm\/52680927283\/in\/dateposted-public\/\" title=\"20230129AbelMendoza327183987_867669097799796_5513818458106937536_n\"><img decoding=\"async\" alt=\"20230129AbelMendoza327183987_867669097799796_5513818458106937536_n\" data-src=\"https:\/\/live.staticflickr.com\/65535\/52680927283_c39a49acac_z.jpg\" width=\"640\" height=\"424\" src=\"data:image\/svg+xml;base64,PHN2ZyB3aWR0aD0iMSIgaGVpZ2h0PSIxIiB4bWxucz0iaHR0cDovL3d3dy53My5vcmcvMjAwMC9zdmciPjwvc3ZnPg==\" class=\"lazyload\" style=\"--smush-placeholder-width: 640px; --smush-placeholder-aspect-ratio: 640\/424;\"><\/a><\/p>\n<p class=\"rtecenter\">Iglesia Del Dios Viviente Rama, Nicaragua<\/p>\n<p>Los pines en el mapa representan a las congregaciones que celebran el Domingo de la Fraternidad Anabautista Mundial. \u00bfFalta su iglesia? Comun\u00edquelo a:&nbsp;<a href=\"mailto:info@mwc-cmm.org\">info@mwc-cmm.org<\/a>.&nbsp;<\/p>\n<p style=\"text-align:center\"><a href=\"https:\/\/www.google.com\/maps\/d\/u\/0\/edit?mid=1tBUjIXaQtlVEDbThTpI5z90Ig-RTjIs&amp;ll=8.27461096948361%2C0&amp;z=2\"><img decoding=\"async\" alt=\"\" data-src=\"\/sites\/default\/files\/website_files_2020\/screenshot_2023-02-10_at_22.13.52.png\" width=\"650\" height=\"389\" src=\"data:image\/svg+xml;base64,PHN2ZyB3aWR0aD0iMSIgaGVpZ2h0PSIxIiB4bWxucz0iaHR0cDovL3d3dy53My5vcmcvMjAwMC9zdmciPjwvc3ZnPg==\" class=\"lazyload\" style=\"--smush-placeholder-width: 650px; --smush-placeholder-aspect-ratio: 650\/389;\"><\/a><\/p>\n<table style=\"width:100%\">\n<tbody>\n<tr>\n<td style=\"width:609px\">\n<h3><a href=\"https:\/\/flic.kr\/s\/aHBqjArznF\">\u00c1lbum de fotos del Domingo de la Fraternidad Anabautista Mundial&nbsp;2023<\/a><\/h3>\n<\/td>\n<\/tr>\n<\/tbody>\n<\/table>\n<p>&nbsp;<\/p>\n","protected":false},"excerpt":{"rendered":"<p>\u201cSabemos que somos parte de una comunidad m\u00e1s grande, pero compartir este domingo nos lleva a vivirlo de manera concreta\u201d, dice Sylvain Lavou\u00e9, vicepresidente de la junta directiva de la \u00c9glise Protestante Mennonite (Iglesia Protestante Menonita), Villeneuve le Comte, Francia. La iglesia celebr\u00f3 el Domingo de la Fraternidad utilizando los testimonies y videos del recurso [&hellip;]<\/p>\n","protected":false},"author":1,"featured_media":96350,"comment_status":"closed","ping_status":"closed","sticky":false,"template":"","format":"standard","meta":{"_acf_changed":false,"footnotes":""},"categories":[6],"tags":[],"network":[],"eventcategory":[1499],"class_list":["post-9322","post","type-post","status-publish","format-standard","has-post-thumbnail","hentry","category-sin-categorizar","eventcategory-anabaptist-world-fellowship-sunday-es"],"acf":[],"yoast_head":"<!-- This site is optimized with the Yoast SEO plugin v27.2 - https:\/\/yoast.com\/product\/yoast-seo-wordpress\/ -->\n<title>Era como si estuviesen celebrando con nosotros - Mennonite World Conference<\/title>\n<meta name=\"robots\" content=\"index, follow, max-snippet:-1, max-image-preview:large, max-video-preview:-1\" \/>\n<link rel=\"canonical\" href=\"https:\/\/mwc-cmm.org\/es\/stories\/era-como-si-estuviesen-celebrando-con-nosotros\/\" \/>\n<meta property=\"og:locale\" content=\"es_ES\" \/>\n<meta property=\"og:type\" content=\"article\" \/>\n<meta property=\"og:title\" content=\"Era como si estuviesen celebrando con nosotros - Mennonite World Conference\" \/>\n<meta property=\"og:description\" content=\"\u201cSabemos que somos parte de una comunidad m\u00e1s grande, pero compartir este domingo nos lleva a vivirlo de manera concreta\u201d, dice Sylvain Lavou\u00e9, vicepresidente de la junta directiva de la \u00c9glise Protestante Mennonite (Iglesia Protestante Menonita), Villeneuve le Comte, Francia. La iglesia celebr\u00f3 el Domingo de la Fraternidad utilizando los testimonies y videos del recurso [&hellip;]\" \/>\n<meta property=\"og:url\" content=\"https:\/\/mwc-cmm.org\/es\/stories\/era-como-si-estuviesen-celebrando-con-nosotros\/\" \/>\n<meta property=\"og:site_name\" content=\"Mennonite World Conference\" \/>\n<meta property=\"article:publisher\" content=\"https:\/\/www.facebook.com\/MennoniteWorldConference\" \/>\n<meta property=\"article:published_time\" content=\"2023-02-10T00:00:00+00:00\" \/>\n<meta property=\"article:modified_time\" content=\"2024-12-10T18:05:20+00:00\" \/>\n<meta property=\"og:image\" content=\"https:\/\/mwc-cmm.org\/wp-content\/uploads\/2024\/11\/20230122mennonitechurchsingpur2whatsapp_image_2023-01-30_at_00.47.28.jpeg\" \/>\n\t<meta property=\"og:image:width\" content=\"1599\" \/>\n\t<meta property=\"og:image:height\" content=\"899\" \/>\n\t<meta property=\"og:image:type\" content=\"image\/jpeg\" \/>\n<meta name=\"author\" content=\"mennworldcon\" \/>\n<script type=\"application\/ld+json\" class=\"yoast-schema-graph\">{\"@context\":\"https:\/\/schema.org\",\"@graph\":[{\"@type\":\"Article\",\"@id\":\"https:\/\/mwc-cmm.org\/es\/stories\/era-como-si-estuviesen-celebrando-con-nosotros\/#article\",\"isPartOf\":{\"@id\":\"https:\/\/mwc-cmm.org\/es\/stories\/era-como-si-estuviesen-celebrando-con-nosotros\/\"},\"author\":{\"name\":\"mennworldcon\",\"@id\":\"https:\/\/mwc-cmm.org\/en\/#\/schema\/person\/11f6ae0d7d1868ba20a1cc27f067c836\"},\"headline\":\"Era como si estuviesen celebrando con nosotros\",\"datePublished\":\"2023-02-10T00:00:00+00:00\",\"dateModified\":\"2024-12-10T18:05:20+00:00\",\"mainEntityOfPage\":{\"@id\":\"https:\/\/mwc-cmm.org\/es\/stories\/era-como-si-estuviesen-celebrando-con-nosotros\/\"},\"wordCount\":693,\"publisher\":{\"@id\":\"https:\/\/mwc-cmm.org\/en\/#organization\"},\"image\":{\"@id\":\"https:\/\/mwc-cmm.org\/es\/stories\/era-como-si-estuviesen-celebrando-con-nosotros\/#primaryimage\"},\"thumbnailUrl\":\"https:\/\/mwc-cmm.org\/wp-content\/uploads\/2024\/11\/20230122mennonitechurchsingpur2whatsapp_image_2023-01-30_at_00.47.28.jpeg\",\"articleSection\":[\"Sin categorizar\"],\"inLanguage\":\"es\"},{\"@type\":\"WebPage\",\"@id\":\"https:\/\/mwc-cmm.org\/es\/stories\/era-como-si-estuviesen-celebrando-con-nosotros\/\",\"url\":\"https:\/\/mwc-cmm.org\/es\/stories\/era-como-si-estuviesen-celebrando-con-nosotros\/\",\"name\":\"Era como si estuviesen celebrando con nosotros - Mennonite World Conference\",\"isPartOf\":{\"@id\":\"https:\/\/mwc-cmm.org\/en\/#website\"},\"primaryImageOfPage\":{\"@id\":\"https:\/\/mwc-cmm.org\/es\/stories\/era-como-si-estuviesen-celebrando-con-nosotros\/#primaryimage\"},\"image\":{\"@id\":\"https:\/\/mwc-cmm.org\/es\/stories\/era-como-si-estuviesen-celebrando-con-nosotros\/#primaryimage\"},\"thumbnailUrl\":\"https:\/\/mwc-cmm.org\/wp-content\/uploads\/2024\/11\/20230122mennonitechurchsingpur2whatsapp_image_2023-01-30_at_00.47.28.jpeg\",\"datePublished\":\"2023-02-10T00:00:00+00:00\",\"dateModified\":\"2024-12-10T18:05:20+00:00\",\"breadcrumb\":{\"@id\":\"https:\/\/mwc-cmm.org\/es\/stories\/era-como-si-estuviesen-celebrando-con-nosotros\/#breadcrumb\"},\"inLanguage\":\"es\",\"potentialAction\":[{\"@type\":\"ReadAction\",\"target\":[\"https:\/\/mwc-cmm.org\/es\/stories\/era-como-si-estuviesen-celebrando-con-nosotros\/\"]}]},{\"@type\":\"ImageObject\",\"inLanguage\":\"es\",\"@id\":\"https:\/\/mwc-cmm.org\/es\/stories\/era-como-si-estuviesen-celebrando-con-nosotros\/#primaryimage\",\"url\":\"https:\/\/mwc-cmm.org\/wp-content\/uploads\/2024\/11\/20230122mennonitechurchsingpur2whatsapp_image_2023-01-30_at_00.47.28.jpeg\",\"contentUrl\":\"https:\/\/mwc-cmm.org\/wp-content\/uploads\/2024\/11\/20230122mennonitechurchsingpur2whatsapp_image_2023-01-30_at_00.47.28.jpeg\",\"width\":1599,\"height\":899},{\"@type\":\"BreadcrumbList\",\"@id\":\"https:\/\/mwc-cmm.org\/es\/stories\/era-como-si-estuviesen-celebrando-con-nosotros\/#breadcrumb\",\"itemListElement\":[{\"@type\":\"ListItem\",\"position\":1,\"name\":\"Home\",\"item\":\"https:\/\/mwc-cmm.org\/es\/\"},{\"@type\":\"ListItem\",\"position\":2,\"name\":\"Era como si estuviesen celebrando con nosotros\"}]},{\"@type\":\"WebSite\",\"@id\":\"https:\/\/mwc-cmm.org\/en\/#website\",\"url\":\"https:\/\/mwc-cmm.org\/en\/\",\"name\":\"Mennonite World Conference\",\"description\":\"A communion of Anabaptist-related churches\",\"publisher\":{\"@id\":\"https:\/\/mwc-cmm.org\/en\/#organization\"},\"alternateName\":\"MWC\",\"potentialAction\":[{\"@type\":\"SearchAction\",\"target\":{\"@type\":\"EntryPoint\",\"urlTemplate\":\"https:\/\/mwc-cmm.org\/en\/?s={search_term_string}\"},\"query-input\":{\"@type\":\"PropertyValueSpecification\",\"valueRequired\":true,\"valueName\":\"search_term_string\"}}],\"inLanguage\":\"es\"},{\"@type\":\"Organization\",\"@id\":\"https:\/\/mwc-cmm.org\/en\/#organization\",\"name\":\"Mennonite World Conference\",\"alternateName\":\"MWC\",\"url\":\"https:\/\/mwc-cmm.org\/en\/\",\"logo\":{\"@type\":\"ImageObject\",\"inLanguage\":\"es\",\"@id\":\"https:\/\/mwc-cmm.org\/en\/#\/schema\/logo\/image\/\",\"url\":\"https:\/\/mwc-cmm.org\/wp-content\/uploads\/2026\/01\/MWC_Sig_Blue_Horiz_webheader1-logo.svg\",\"contentUrl\":\"https:\/\/mwc-cmm.org\/wp-content\/uploads\/2026\/01\/MWC_Sig_Blue_Horiz_webheader1-logo.svg\",\"width\":786,\"height\":82,\"caption\":\"Mennonite World Conference\"},\"image\":{\"@id\":\"https:\/\/mwc-cmm.org\/en\/#\/schema\/logo\/image\/\"},\"sameAs\":[\"https:\/\/www.facebook.com\/MennoniteWorldConference\",\"https:\/\/www.linkedin.com\/company\/mennonite-world-conference-mwc\/\",\"https:\/\/www.instagram.com\/mwcmm\/\",\"https:\/\/www.youtube.com\/user\/mwccmm\",\"https:\/\/bsky.app\/profile\/mwcmm.bsky.social\"]},{\"@type\":\"Person\",\"@id\":\"https:\/\/mwc-cmm.org\/en\/#\/schema\/person\/11f6ae0d7d1868ba20a1cc27f067c836\",\"name\":\"mennworldcon\",\"image\":{\"@type\":\"ImageObject\",\"inLanguage\":\"es\",\"@id\":\"https:\/\/secure.gravatar.com\/avatar\/06fdc0dc81c157dfdb82ec42f252178a22307808988d22c043f9eb96f1e0fe80?s=96&d=mm&r=g\",\"url\":\"https:\/\/secure.gravatar.com\/avatar\/06fdc0dc81c157dfdb82ec42f252178a22307808988d22c043f9eb96f1e0fe80?s=96&d=mm&r=g\",\"contentUrl\":\"https:\/\/secure.gravatar.com\/avatar\/06fdc0dc81c157dfdb82ec42f252178a22307808988d22c043f9eb96f1e0fe80?s=96&d=mm&r=g\",\"caption\":\"mennworldcon\"},\"sameAs\":[\"https:\/\/mwc-cmm.org\"],\"url\":\"https:\/\/mwc-cmm.org\/es\/stories\/author\/mennworldcon\/\"}]}<\/script>\n<!-- \/ Yoast SEO plugin. -->","yoast_head_json":{"title":"Era como si estuviesen celebrando con nosotros - Mennonite World Conference","robots":{"index":"index","follow":"follow","max-snippet":"max-snippet:-1","max-image-preview":"max-image-preview:large","max-video-preview":"max-video-preview:-1"},"canonical":"https:\/\/mwc-cmm.org\/es\/stories\/era-como-si-estuviesen-celebrando-con-nosotros\/","og_locale":"es_ES","og_type":"article","og_title":"Era como si estuviesen celebrando con nosotros - Mennonite World Conference","og_description":"\u201cSabemos que somos parte de una comunidad m\u00e1s grande, pero compartir este domingo nos lleva a vivirlo de manera concreta\u201d, dice Sylvain Lavou\u00e9, vicepresidente de la junta directiva de la \u00c9glise Protestante Mennonite (Iglesia Protestante Menonita), Villeneuve le Comte, Francia. La iglesia celebr\u00f3 el Domingo de la Fraternidad utilizando los testimonies y videos del recurso [&hellip;]","og_url":"https:\/\/mwc-cmm.org\/es\/stories\/era-como-si-estuviesen-celebrando-con-nosotros\/","og_site_name":"Mennonite World Conference","article_publisher":"https:\/\/www.facebook.com\/MennoniteWorldConference","article_published_time":"2023-02-10T00:00:00+00:00","article_modified_time":"2024-12-10T18:05:20+00:00","og_image":[{"width":1599,"height":899,"url":"https:\/\/mwc-cmm.org\/wp-content\/uploads\/2024\/11\/20230122mennonitechurchsingpur2whatsapp_image_2023-01-30_at_00.47.28.jpeg","type":"image\/jpeg"}],"author":"mennworldcon","schema":{"@context":"https:\/\/schema.org","@graph":[{"@type":"Article","@id":"https:\/\/mwc-cmm.org\/es\/stories\/era-como-si-estuviesen-celebrando-con-nosotros\/#article","isPartOf":{"@id":"https:\/\/mwc-cmm.org\/es\/stories\/era-como-si-estuviesen-celebrando-con-nosotros\/"},"author":{"name":"mennworldcon","@id":"https:\/\/mwc-cmm.org\/en\/#\/schema\/person\/11f6ae0d7d1868ba20a1cc27f067c836"},"headline":"Era como si estuviesen celebrando con nosotros","datePublished":"2023-02-10T00:00:00+00:00","dateModified":"2024-12-10T18:05:20+00:00","mainEntityOfPage":{"@id":"https:\/\/mwc-cmm.org\/es\/stories\/era-como-si-estuviesen-celebrando-con-nosotros\/"},"wordCount":693,"publisher":{"@id":"https:\/\/mwc-cmm.org\/en\/#organization"},"image":{"@id":"https:\/\/mwc-cmm.org\/es\/stories\/era-como-si-estuviesen-celebrando-con-nosotros\/#primaryimage"},"thumbnailUrl":"https:\/\/mwc-cmm.org\/wp-content\/uploads\/2024\/11\/20230122mennonitechurchsingpur2whatsapp_image_2023-01-30_at_00.47.28.jpeg","articleSection":["Sin categorizar"],"inLanguage":"es"},{"@type":"WebPage","@id":"https:\/\/mwc-cmm.org\/es\/stories\/era-como-si-estuviesen-celebrando-con-nosotros\/","url":"https:\/\/mwc-cmm.org\/es\/stories\/era-como-si-estuviesen-celebrando-con-nosotros\/","name":"Era como si estuviesen celebrando con nosotros - Mennonite World Conference","isPartOf":{"@id":"https:\/\/mwc-cmm.org\/en\/#website"},"primaryImageOfPage":{"@id":"https:\/\/mwc-cmm.org\/es\/stories\/era-como-si-estuviesen-celebrando-con-nosotros\/#primaryimage"},"image":{"@id":"https:\/\/mwc-cmm.org\/es\/stories\/era-como-si-estuviesen-celebrando-con-nosotros\/#primaryimage"},"thumbnailUrl":"https:\/\/mwc-cmm.org\/wp-content\/uploads\/2024\/11\/20230122mennonitechurchsingpur2whatsapp_image_2023-01-30_at_00.47.28.jpeg","datePublished":"2023-02-10T00:00:00+00:00","dateModified":"2024-12-10T18:05:20+00:00","breadcrumb":{"@id":"https:\/\/mwc-cmm.org\/es\/stories\/era-como-si-estuviesen-celebrando-con-nosotros\/#breadcrumb"},"inLanguage":"es","potentialAction":[{"@type":"ReadAction","target":["https:\/\/mwc-cmm.org\/es\/stories\/era-como-si-estuviesen-celebrando-con-nosotros\/"]}]},{"@type":"ImageObject","inLanguage":"es","@id":"https:\/\/mwc-cmm.org\/es\/stories\/era-como-si-estuviesen-celebrando-con-nosotros\/#primaryimage","url":"https:\/\/mwc-cmm.org\/wp-content\/uploads\/2024\/11\/20230122mennonitechurchsingpur2whatsapp_image_2023-01-30_at_00.47.28.jpeg","contentUrl":"https:\/\/mwc-cmm.org\/wp-content\/uploads\/2024\/11\/20230122mennonitechurchsingpur2whatsapp_image_2023-01-30_at_00.47.28.jpeg","width":1599,"height":899},{"@type":"BreadcrumbList","@id":"https:\/\/mwc-cmm.org\/es\/stories\/era-como-si-estuviesen-celebrando-con-nosotros\/#breadcrumb","itemListElement":[{"@type":"ListItem","position":1,"name":"Home","item":"https:\/\/mwc-cmm.org\/es\/"},{"@type":"ListItem","position":2,"name":"Era como si estuviesen celebrando con nosotros"}]},{"@type":"WebSite","@id":"https:\/\/mwc-cmm.org\/en\/#website","url":"https:\/\/mwc-cmm.org\/en\/","name":"Mennonite World Conference","description":"A communion of Anabaptist-related churches","publisher":{"@id":"https:\/\/mwc-cmm.org\/en\/#organization"},"alternateName":"MWC","potentialAction":[{"@type":"SearchAction","target":{"@type":"EntryPoint","urlTemplate":"https:\/\/mwc-cmm.org\/en\/?s={search_term_string}"},"query-input":{"@type":"PropertyValueSpecification","valueRequired":true,"valueName":"search_term_string"}}],"inLanguage":"es"},{"@type":"Organization","@id":"https:\/\/mwc-cmm.org\/en\/#organization","name":"Mennonite World Conference","alternateName":"MWC","url":"https:\/\/mwc-cmm.org\/en\/","logo":{"@type":"ImageObject","inLanguage":"es","@id":"https:\/\/mwc-cmm.org\/en\/#\/schema\/logo\/image\/","url":"https:\/\/mwc-cmm.org\/wp-content\/uploads\/2026\/01\/MWC_Sig_Blue_Horiz_webheader1-logo.svg","contentUrl":"https:\/\/mwc-cmm.org\/wp-content\/uploads\/2026\/01\/MWC_Sig_Blue_Horiz_webheader1-logo.svg","width":786,"height":82,"caption":"Mennonite World Conference"},"image":{"@id":"https:\/\/mwc-cmm.org\/en\/#\/schema\/logo\/image\/"},"sameAs":["https:\/\/www.facebook.com\/MennoniteWorldConference","https:\/\/www.linkedin.com\/company\/mennonite-world-conference-mwc\/","https:\/\/www.instagram.com\/mwcmm\/","https:\/\/www.youtube.com\/user\/mwccmm","https:\/\/bsky.app\/profile\/mwcmm.bsky.social"]},{"@type":"Person","@id":"https:\/\/mwc-cmm.org\/en\/#\/schema\/person\/11f6ae0d7d1868ba20a1cc27f067c836","name":"mennworldcon","image":{"@type":"ImageObject","inLanguage":"es","@id":"https:\/\/secure.gravatar.com\/avatar\/06fdc0dc81c157dfdb82ec42f252178a22307808988d22c043f9eb96f1e0fe80?s=96&d=mm&r=g","url":"https:\/\/secure.gravatar.com\/avatar\/06fdc0dc81c157dfdb82ec42f252178a22307808988d22c043f9eb96f1e0fe80?s=96&d=mm&r=g","contentUrl":"https:\/\/secure.gravatar.com\/avatar\/06fdc0dc81c157dfdb82ec42f252178a22307808988d22c043f9eb96f1e0fe80?s=96&d=mm&r=g","caption":"mennworldcon"},"sameAs":["https:\/\/mwc-cmm.org"],"url":"https:\/\/mwc-cmm.org\/es\/stories\/author\/mennworldcon\/"}]}},"_links":{"self":[{"href":"https:\/\/mwc-cmm.org\/es\/wp-json\/wp\/v2\/posts\/9322","targetHints":{"allow":["GET"]}}],"collection":[{"href":"https:\/\/mwc-cmm.org\/es\/wp-json\/wp\/v2\/posts"}],"about":[{"href":"https:\/\/mwc-cmm.org\/es\/wp-json\/wp\/v2\/types\/post"}],"author":[{"embeddable":true,"href":"https:\/\/mwc-cmm.org\/es\/wp-json\/wp\/v2\/users\/1"}],"replies":[{"embeddable":true,"href":"https:\/\/mwc-cmm.org\/es\/wp-json\/wp\/v2\/comments?post=9322"}],"version-history":[{"count":0,"href":"https:\/\/mwc-cmm.org\/es\/wp-json\/wp\/v2\/posts\/9322\/revisions"}],"wp:featuredmedia":[{"embeddable":true,"href":"https:\/\/mwc-cmm.org\/es\/wp-json\/wp\/v2\/media\/96350"}],"wp:attachment":[{"href":"https:\/\/mwc-cmm.org\/es\/wp-json\/wp\/v2\/media?parent=9322"}],"wp:term":[{"taxonomy":"category","embeddable":true,"href":"https:\/\/mwc-cmm.org\/es\/wp-json\/wp\/v2\/categories?post=9322"},{"taxonomy":"post_tag","embeddable":true,"href":"https:\/\/mwc-cmm.org\/es\/wp-json\/wp\/v2\/tags?post=9322"},{"taxonomy":"network","embeddable":true,"href":"https:\/\/mwc-cmm.org\/es\/wp-json\/wp\/v2\/network?post=9322"},{"taxonomy":"eventcategory","embeddable":true,"href":"https:\/\/mwc-cmm.org\/es\/wp-json\/wp\/v2\/eventcategory?post=9322"}],"curies":[{"name":"wp","href":"https:\/\/api.w.org\/{rel}","templated":true}]}}