{"id":9314,"date":"2023-01-09T00:00:00","date_gmt":"2023-01-09T00:00:00","guid":{"rendered":"https:\/\/mwc-cmm.org\/how-can-i-celebrate-2\/"},"modified":"2024-12-10T18:05:16","modified_gmt":"2024-12-10T18:05:16","slug":"como-puedo-celebrar","status":"publish","type":"post","link":"https:\/\/mwc-cmm.org\/es\/stories\/como-puedo-celebrar\/","title":{"rendered":"\u00bfC\u00f3mo puedo celebrar?"},"content":{"rendered":"<h2>Viernes a la ma\u00f1ana<\/h2>\n<p>\u201cMientras tanto, David y todos los israelitas iban delante de Dios cantando y danzando con todas sus fuerzas, al son de la m\u00fasica de arpas, salterios, panderos, casta\u00f1uelas y platillos.\u201d (2 Samuel 6,5 DHH)<\/p>\n<p>Aunque tuve poco tiempo para prepararme, la idea proviene de mi coraz\u00f3n y lo estuve pensando durante mucho tiempo.<\/p>\n<p>Estoy cansada de la guerra, el conflicto, el hambre, la pobreza, la divisi\u00f3n, el odio, la violencia armada, la diferencia de clases entre blancos y negros, la opresi\u00f3n de las mujeres, la matanza de ni\u00f1os y mujeres, las noticias falsas, autoridades y l\u00edderes mentirosos e injustos, y tantos, tantos problemas de los cuales todos ustedes est\u00e1n conscientes.<\/p>\n<p>COVID-19\u2026 durante el auge de las noticias: est\u00e1bamos contando los n\u00fameros y cuando bajaban nos alegr\u00e1bamos. Sin embargo, nos olvidamos que no se trataba solo de n\u00fameros, sino de personas, seres humanos, creados a la imagen de Dios. \u00a1Qu\u00e9 triste!<\/p>\n<p>En medio de toda esta agitaci\u00f3n a mi alrededor, en todo el mundo, \u00bfc\u00f3mo puedo celebrar en una situaci\u00f3n como \u00e9sta? Cuando se me dice que no puedo cruzar porque soy negra y provengo de un pa\u00eds pobre. Cuando en la mayor\u00eda de los pa\u00edses soy interrogada por Migraciones como una criminal. Cuando soy tratada como una carga y un problema. Cuando se me trata como una terrorista. Mi singularidad es ser tratada como una amenaza, mis opciones han sido rechazadas: cuando vivo a la misericordia de mis superiores, \u00bfc\u00f3mo puedo celebrar? Cuando no hay esperanza, \u00bfpor qu\u00e9 y c\u00f3mo debo celebrar? \u00bfC\u00f3mo puedo disfrutar?<\/p>\n<p>Hice una pausa y me pregunt\u00e9, \u00bfa qu\u00e9 nos referimos cuando decimos celebrar? Entonces, decid\u00ed consultar mi diccionario.&nbsp;<\/p>\n<p>Celebrar: en una de las definiciones, es un reconocimiento por medio de una reuni\u00f3n social o actividad gratificante, un d\u00eda o un evento significativo o feliz.<\/p>\n<p>\u00a1De acuerdo! Entonces, \u00a1una celebraci\u00f3n es un reconocimiento!<\/p>\n<p>Es estar juntos.<\/p>\n<p>Es ver la importancia de los dem\u00e1s.<\/p>\n<p>A menos que seas importante para m\u00ed y yo lo sea para ti, no hay celebraci\u00f3n de la uni\u00f3n.<\/p>\n<p>Ver la importancia de los dem\u00e1s supera las barreras. Nos ayuda a ti y a m\u00ed a celebrar nuestra uni\u00f3n sin importar qu\u00e9.<\/p>\n<p>Si para ti soy importante, puedo olvidar mi dolor.<\/p>\n<p>Si para ti soy importante, puedo pasar la tormenta.<\/p>\n<p>Si para ti soy importante, abandono mi superioridad.<\/p>\n<p>Si para ti soy importante, aprendo de mis errores.<\/p>\n<p>Si para ti soy importante, el hecho de que sea rica o pobre ya no ser\u00e1 un obst\u00e1culo.<\/p>\n<p>Si para ti soy importante y t\u00fa eres importante para m\u00ed, puedo celebrar en cualquier momento y en cualquier lugar<\/p>\n<p>De la misma manera que David celebr\u00f3 ante el Se\u00f1or con c\u00e1nticos y gritos de alegr\u00eda, celebremos nuestra uni\u00f3n en estos tiempos. Al celebrar nuestra uni\u00f3n \u2026 hag\u00e1moslo siendo conscientes de nuestra importancia mutua, con la exuberancia que viene del coraz\u00f3n, realizando un acto genuino de celebraci\u00f3n, sin exhibicionismo ni menosprecio.<\/p>\n<p>Una de las muchas maneras que siempre podemos celebrar nuestra uni\u00f3n en el CMM es a trav\u00e9s de la labor de la Comisi\u00f3n de Di\u00e1conos.<\/p>\n<p><em>\u2014 Tigist Tesfaye Gelagle, l\u00edder de j\u00f3venes de Debub Meserete Kristos Church de Etiop\u00eda, est\u00e1 cumpliendo su mandato como miembro de YAB (2015-2022) y asumir\u00e1 el cargo de secretaria de la Comisi\u00f3n de Di\u00e1conos.<\/em><\/p>\n<hr>\n<h5><strong>Este art\u00edculo apareci\u00f3 por primera vez en&nbsp;<a href=\"https:\/\/mwc-cmm.org\/es\/resources\/correo-2022-2-octubre\"><em>Correo\/Courier\/Courrier&nbsp;en Octubre de 2022.<\/em><\/a><\/strong><\/h5>\n","protected":false},"excerpt":{"rendered":"<p>Viernes a la ma\u00f1ana \u201cMientras tanto, David y todos los israelitas iban delante de Dios cantando y danzando con todas sus fuerzas, al son de la m\u00fasica de arpas, salterios, panderos, casta\u00f1uelas y platillos.\u201d (2 Samuel 6,5 DHH) Aunque tuve poco tiempo para prepararme, la idea proviene de mi coraz\u00f3n y lo estuve pensando durante [&hellip;]<\/p>\n","protected":false},"author":1,"featured_media":96308,"comment_status":"closed","ping_status":"closed","sticky":false,"template":"","format":"standard","meta":{"_acf_changed":false,"footnotes":""},"categories":[6],"tags":[],"network":[],"eventcategory":[1493],"class_list":["post-9314","post","type-post","status-publish","format-standard","has-post-thumbnail","hentry","category-sin-categorizar","eventcategory-assembly-es"],"acf":[],"yoast_head":"<!-- This site is optimized with the Yoast SEO plugin v27.5 - https:\/\/yoast.com\/product\/yoast-seo-wordpress\/ -->\n<title>\u00bfC\u00f3mo puedo celebrar? - Mennonite World Conference<\/title>\n<meta name=\"robots\" content=\"index, follow, max-snippet:-1, max-image-preview:large, max-video-preview:-1\" \/>\n<link rel=\"canonical\" href=\"https:\/\/mwc-cmm.org\/en\/stories\/how-can-i-celebrate\/\" \/>\n<meta property=\"og:locale\" content=\"es_ES\" \/>\n<meta property=\"og:type\" content=\"article\" \/>\n<meta property=\"og:title\" content=\"\u00bfC\u00f3mo puedo celebrar? - Mennonite World Conference\" \/>\n<meta property=\"og:description\" content=\"Viernes a la ma\u00f1ana \u201cMientras tanto, David y todos los israelitas iban delante de Dios cantando y danzando con todas sus fuerzas, al son de la m\u00fasica de arpas, salterios, panderos, casta\u00f1uelas y platillos.\u201d (2 Samuel 6,5 DHH) Aunque tuve poco tiempo para prepararme, la idea proviene de mi coraz\u00f3n y lo estuve pensando durante [&hellip;]\" \/>\n<meta property=\"og:url\" content=\"https:\/\/mwc-cmm.org\/en\/stories\/how-can-i-celebrate\/\" \/>\n<meta property=\"og:site_name\" content=\"Mennonite World Conference\" \/>\n<meta property=\"article:publisher\" content=\"https:\/\/www.facebook.com\/MennoniteWorldConference\" \/>\n<meta property=\"article:published_time\" content=\"2023-01-09T00:00:00+00:00\" \/>\n<meta property=\"article:modified_time\" content=\"2024-12-10T18:05:16+00:00\" \/>\n<meta property=\"og:image\" content=\"https:\/\/mwc-cmm.org\/wp-content\/uploads\/2024\/11\/20220709meetinghousekresnakurniawan_tigisttesfayegelagle-crop-scaled.jpg\" \/>\n\t<meta property=\"og:image:width\" content=\"2560\" \/>\n\t<meta property=\"og:image:height\" content=\"1977\" \/>\n\t<meta property=\"og:image:type\" content=\"image\/jpeg\" \/>\n<meta name=\"author\" content=\"mennworldcon\" \/>\n<script type=\"application\/ld+json\" class=\"yoast-schema-graph\">{\"@context\":\"https:\\\/\\\/schema.org\",\"@graph\":[{\"@type\":\"Article\",\"@id\":\"https:\\\/\\\/mwc-cmm.org\\\/en\\\/stories\\\/how-can-i-celebrate\\\/#article\",\"isPartOf\":{\"@id\":\"https:\\\/\\\/mwc-cmm.org\\\/en\\\/stories\\\/how-can-i-celebrate\\\/\"},\"author\":{\"name\":\"mennworldcon\",\"@id\":\"https:\\\/\\\/mwc-cmm.org\\\/en\\\/#\\\/schema\\\/person\\\/11f6ae0d7d1868ba20a1cc27f067c836\"},\"headline\":\"\u00bfC\u00f3mo puedo celebrar?\",\"datePublished\":\"2023-01-09T00:00:00+00:00\",\"dateModified\":\"2024-12-10T18:05:16+00:00\",\"mainEntityOfPage\":{\"@id\":\"https:\\\/\\\/mwc-cmm.org\\\/en\\\/stories\\\/how-can-i-celebrate\\\/\"},\"wordCount\":611,\"publisher\":{\"@id\":\"https:\\\/\\\/mwc-cmm.org\\\/en\\\/#organization\"},\"image\":{\"@id\":\"https:\\\/\\\/mwc-cmm.org\\\/en\\\/stories\\\/how-can-i-celebrate\\\/#primaryimage\"},\"thumbnailUrl\":\"https:\\\/\\\/mwc-cmm.org\\\/wp-content\\\/uploads\\\/2024\\\/11\\\/20220709meetinghousekresnakurniawan_tigisttesfayegelagle-crop-scaled.jpg\",\"articleSection\":[\"Sin categorizar\"],\"inLanguage\":\"es\"},{\"@type\":\"WebPage\",\"@id\":\"https:\\\/\\\/mwc-cmm.org\\\/en\\\/stories\\\/how-can-i-celebrate\\\/\",\"url\":\"https:\\\/\\\/mwc-cmm.org\\\/en\\\/stories\\\/how-can-i-celebrate\\\/\",\"name\":\"\u00bfC\u00f3mo puedo celebrar? - Mennonite World Conference\",\"isPartOf\":{\"@id\":\"https:\\\/\\\/mwc-cmm.org\\\/en\\\/#website\"},\"primaryImageOfPage\":{\"@id\":\"https:\\\/\\\/mwc-cmm.org\\\/en\\\/stories\\\/how-can-i-celebrate\\\/#primaryimage\"},\"image\":{\"@id\":\"https:\\\/\\\/mwc-cmm.org\\\/en\\\/stories\\\/how-can-i-celebrate\\\/#primaryimage\"},\"thumbnailUrl\":\"https:\\\/\\\/mwc-cmm.org\\\/wp-content\\\/uploads\\\/2024\\\/11\\\/20220709meetinghousekresnakurniawan_tigisttesfayegelagle-crop-scaled.jpg\",\"datePublished\":\"2023-01-09T00:00:00+00:00\",\"dateModified\":\"2024-12-10T18:05:16+00:00\",\"breadcrumb\":{\"@id\":\"https:\\\/\\\/mwc-cmm.org\\\/en\\\/stories\\\/how-can-i-celebrate\\\/#breadcrumb\"},\"inLanguage\":\"es\",\"potentialAction\":[{\"@type\":\"ReadAction\",\"target\":[\"https:\\\/\\\/mwc-cmm.org\\\/en\\\/stories\\\/how-can-i-celebrate\\\/\"]}]},{\"@type\":\"ImageObject\",\"inLanguage\":\"es\",\"@id\":\"https:\\\/\\\/mwc-cmm.org\\\/en\\\/stories\\\/how-can-i-celebrate\\\/#primaryimage\",\"url\":\"https:\\\/\\\/mwc-cmm.org\\\/wp-content\\\/uploads\\\/2024\\\/11\\\/20220709meetinghousekresnakurniawan_tigisttesfayegelagle-crop-scaled.jpg\",\"contentUrl\":\"https:\\\/\\\/mwc-cmm.org\\\/wp-content\\\/uploads\\\/2024\\\/11\\\/20220709meetinghousekresnakurniawan_tigisttesfayegelagle-crop-scaled.jpg\",\"width\":2560,\"height\":1977},{\"@type\":\"BreadcrumbList\",\"@id\":\"https:\\\/\\\/mwc-cmm.org\\\/en\\\/stories\\\/how-can-i-celebrate\\\/#breadcrumb\",\"itemListElement\":[{\"@type\":\"ListItem\",\"position\":1,\"name\":\"Home\",\"item\":\"https:\\\/\\\/mwc-cmm.org\\\/es\\\/\"},{\"@type\":\"ListItem\",\"position\":2,\"name\":\"\u00bfC\u00f3mo puedo celebrar?\"}]},{\"@type\":\"WebSite\",\"@id\":\"https:\\\/\\\/mwc-cmm.org\\\/en\\\/#website\",\"url\":\"https:\\\/\\\/mwc-cmm.org\\\/en\\\/\",\"name\":\"Mennonite World Conference\",\"description\":\"A communion of Anabaptist-related churches\",\"publisher\":{\"@id\":\"https:\\\/\\\/mwc-cmm.org\\\/en\\\/#organization\"},\"alternateName\":\"MWC\",\"potentialAction\":[{\"@type\":\"SearchAction\",\"target\":{\"@type\":\"EntryPoint\",\"urlTemplate\":\"https:\\\/\\\/mwc-cmm.org\\\/en\\\/?s={search_term_string}\"},\"query-input\":{\"@type\":\"PropertyValueSpecification\",\"valueRequired\":true,\"valueName\":\"search_term_string\"}}],\"inLanguage\":\"es\"},{\"@type\":\"Organization\",\"@id\":\"https:\\\/\\\/mwc-cmm.org\\\/en\\\/#organization\",\"name\":\"Mennonite World Conference\",\"alternateName\":\"MWC\",\"url\":\"https:\\\/\\\/mwc-cmm.org\\\/en\\\/\",\"logo\":{\"@type\":\"ImageObject\",\"inLanguage\":\"es\",\"@id\":\"https:\\\/\\\/mwc-cmm.org\\\/en\\\/#\\\/schema\\\/logo\\\/image\\\/\",\"url\":\"https:\\\/\\\/mwc-cmm.org\\\/wp-content\\\/uploads\\\/2026\\\/01\\\/MWC_Sig_Blue_Horiz_webheader1-logo.svg\",\"contentUrl\":\"https:\\\/\\\/mwc-cmm.org\\\/wp-content\\\/uploads\\\/2026\\\/01\\\/MWC_Sig_Blue_Horiz_webheader1-logo.svg\",\"width\":786,\"height\":82,\"caption\":\"Mennonite World Conference\"},\"image\":{\"@id\":\"https:\\\/\\\/mwc-cmm.org\\\/en\\\/#\\\/schema\\\/logo\\\/image\\\/\"},\"sameAs\":[\"https:\\\/\\\/www.facebook.com\\\/MennoniteWorldConference\",\"https:\\\/\\\/www.linkedin.com\\\/company\\\/mennonite-world-conference-mwc\\\/\",\"https:\\\/\\\/www.instagram.com\\\/mwcmm\\\/\",\"https:\\\/\\\/www.youtube.com\\\/user\\\/mwccmm\",\"https:\\\/\\\/bsky.app\\\/profile\\\/mwcmm.bsky.social\"]},{\"@type\":\"Person\",\"@id\":\"https:\\\/\\\/mwc-cmm.org\\\/en\\\/#\\\/schema\\\/person\\\/11f6ae0d7d1868ba20a1cc27f067c836\",\"name\":\"mennworldcon\",\"image\":{\"@type\":\"ImageObject\",\"inLanguage\":\"es\",\"@id\":\"https:\\\/\\\/secure.gravatar.com\\\/avatar\\\/06fdc0dc81c157dfdb82ec42f252178a22307808988d22c043f9eb96f1e0fe80?s=96&d=mm&r=g\",\"url\":\"https:\\\/\\\/secure.gravatar.com\\\/avatar\\\/06fdc0dc81c157dfdb82ec42f252178a22307808988d22c043f9eb96f1e0fe80?s=96&d=mm&r=g\",\"contentUrl\":\"https:\\\/\\\/secure.gravatar.com\\\/avatar\\\/06fdc0dc81c157dfdb82ec42f252178a22307808988d22c043f9eb96f1e0fe80?s=96&d=mm&r=g\",\"caption\":\"mennworldcon\"},\"sameAs\":[\"https:\\\/\\\/mwc-cmm.org\"],\"url\":\"https:\\\/\\\/mwc-cmm.org\\\/es\\\/stories\\\/author\\\/mennworldcon\\\/\"}]}<\/script>\n<!-- \/ Yoast SEO plugin. -->","yoast_head_json":{"title":"\u00bfC\u00f3mo puedo celebrar? - Mennonite World Conference","robots":{"index":"index","follow":"follow","max-snippet":"max-snippet:-1","max-image-preview":"max-image-preview:large","max-video-preview":"max-video-preview:-1"},"canonical":"https:\/\/mwc-cmm.org\/en\/stories\/how-can-i-celebrate\/","og_locale":"es_ES","og_type":"article","og_title":"\u00bfC\u00f3mo puedo celebrar? - Mennonite World Conference","og_description":"Viernes a la ma\u00f1ana \u201cMientras tanto, David y todos los israelitas iban delante de Dios cantando y danzando con todas sus fuerzas, al son de la m\u00fasica de arpas, salterios, panderos, casta\u00f1uelas y platillos.\u201d (2 Samuel 6,5 DHH) Aunque tuve poco tiempo para prepararme, la idea proviene de mi coraz\u00f3n y lo estuve pensando durante [&hellip;]","og_url":"https:\/\/mwc-cmm.org\/en\/stories\/how-can-i-celebrate\/","og_site_name":"Mennonite World Conference","article_publisher":"https:\/\/www.facebook.com\/MennoniteWorldConference","article_published_time":"2023-01-09T00:00:00+00:00","article_modified_time":"2024-12-10T18:05:16+00:00","og_image":[{"width":2560,"height":1977,"url":"https:\/\/mwc-cmm.org\/wp-content\/uploads\/2024\/11\/20220709meetinghousekresnakurniawan_tigisttesfayegelagle-crop-scaled.jpg","type":"image\/jpeg"}],"author":"mennworldcon","schema":{"@context":"https:\/\/schema.org","@graph":[{"@type":"Article","@id":"https:\/\/mwc-cmm.org\/en\/stories\/how-can-i-celebrate\/#article","isPartOf":{"@id":"https:\/\/mwc-cmm.org\/en\/stories\/how-can-i-celebrate\/"},"author":{"name":"mennworldcon","@id":"https:\/\/mwc-cmm.org\/en\/#\/schema\/person\/11f6ae0d7d1868ba20a1cc27f067c836"},"headline":"\u00bfC\u00f3mo puedo celebrar?","datePublished":"2023-01-09T00:00:00+00:00","dateModified":"2024-12-10T18:05:16+00:00","mainEntityOfPage":{"@id":"https:\/\/mwc-cmm.org\/en\/stories\/how-can-i-celebrate\/"},"wordCount":611,"publisher":{"@id":"https:\/\/mwc-cmm.org\/en\/#organization"},"image":{"@id":"https:\/\/mwc-cmm.org\/en\/stories\/how-can-i-celebrate\/#primaryimage"},"thumbnailUrl":"https:\/\/mwc-cmm.org\/wp-content\/uploads\/2024\/11\/20220709meetinghousekresnakurniawan_tigisttesfayegelagle-crop-scaled.jpg","articleSection":["Sin categorizar"],"inLanguage":"es"},{"@type":"WebPage","@id":"https:\/\/mwc-cmm.org\/en\/stories\/how-can-i-celebrate\/","url":"https:\/\/mwc-cmm.org\/en\/stories\/how-can-i-celebrate\/","name":"\u00bfC\u00f3mo puedo celebrar? - Mennonite World Conference","isPartOf":{"@id":"https:\/\/mwc-cmm.org\/en\/#website"},"primaryImageOfPage":{"@id":"https:\/\/mwc-cmm.org\/en\/stories\/how-can-i-celebrate\/#primaryimage"},"image":{"@id":"https:\/\/mwc-cmm.org\/en\/stories\/how-can-i-celebrate\/#primaryimage"},"thumbnailUrl":"https:\/\/mwc-cmm.org\/wp-content\/uploads\/2024\/11\/20220709meetinghousekresnakurniawan_tigisttesfayegelagle-crop-scaled.jpg","datePublished":"2023-01-09T00:00:00+00:00","dateModified":"2024-12-10T18:05:16+00:00","breadcrumb":{"@id":"https:\/\/mwc-cmm.org\/en\/stories\/how-can-i-celebrate\/#breadcrumb"},"inLanguage":"es","potentialAction":[{"@type":"ReadAction","target":["https:\/\/mwc-cmm.org\/en\/stories\/how-can-i-celebrate\/"]}]},{"@type":"ImageObject","inLanguage":"es","@id":"https:\/\/mwc-cmm.org\/en\/stories\/how-can-i-celebrate\/#primaryimage","url":"https:\/\/mwc-cmm.org\/wp-content\/uploads\/2024\/11\/20220709meetinghousekresnakurniawan_tigisttesfayegelagle-crop-scaled.jpg","contentUrl":"https:\/\/mwc-cmm.org\/wp-content\/uploads\/2024\/11\/20220709meetinghousekresnakurniawan_tigisttesfayegelagle-crop-scaled.jpg","width":2560,"height":1977},{"@type":"BreadcrumbList","@id":"https:\/\/mwc-cmm.org\/en\/stories\/how-can-i-celebrate\/#breadcrumb","itemListElement":[{"@type":"ListItem","position":1,"name":"Home","item":"https:\/\/mwc-cmm.org\/es\/"},{"@type":"ListItem","position":2,"name":"\u00bfC\u00f3mo puedo celebrar?"}]},{"@type":"WebSite","@id":"https:\/\/mwc-cmm.org\/en\/#website","url":"https:\/\/mwc-cmm.org\/en\/","name":"Mennonite World Conference","description":"A communion of Anabaptist-related churches","publisher":{"@id":"https:\/\/mwc-cmm.org\/en\/#organization"},"alternateName":"MWC","potentialAction":[{"@type":"SearchAction","target":{"@type":"EntryPoint","urlTemplate":"https:\/\/mwc-cmm.org\/en\/?s={search_term_string}"},"query-input":{"@type":"PropertyValueSpecification","valueRequired":true,"valueName":"search_term_string"}}],"inLanguage":"es"},{"@type":"Organization","@id":"https:\/\/mwc-cmm.org\/en\/#organization","name":"Mennonite World Conference","alternateName":"MWC","url":"https:\/\/mwc-cmm.org\/en\/","logo":{"@type":"ImageObject","inLanguage":"es","@id":"https:\/\/mwc-cmm.org\/en\/#\/schema\/logo\/image\/","url":"https:\/\/mwc-cmm.org\/wp-content\/uploads\/2026\/01\/MWC_Sig_Blue_Horiz_webheader1-logo.svg","contentUrl":"https:\/\/mwc-cmm.org\/wp-content\/uploads\/2026\/01\/MWC_Sig_Blue_Horiz_webheader1-logo.svg","width":786,"height":82,"caption":"Mennonite World Conference"},"image":{"@id":"https:\/\/mwc-cmm.org\/en\/#\/schema\/logo\/image\/"},"sameAs":["https:\/\/www.facebook.com\/MennoniteWorldConference","https:\/\/www.linkedin.com\/company\/mennonite-world-conference-mwc\/","https:\/\/www.instagram.com\/mwcmm\/","https:\/\/www.youtube.com\/user\/mwccmm","https:\/\/bsky.app\/profile\/mwcmm.bsky.social"]},{"@type":"Person","@id":"https:\/\/mwc-cmm.org\/en\/#\/schema\/person\/11f6ae0d7d1868ba20a1cc27f067c836","name":"mennworldcon","image":{"@type":"ImageObject","inLanguage":"es","@id":"https:\/\/secure.gravatar.com\/avatar\/06fdc0dc81c157dfdb82ec42f252178a22307808988d22c043f9eb96f1e0fe80?s=96&d=mm&r=g","url":"https:\/\/secure.gravatar.com\/avatar\/06fdc0dc81c157dfdb82ec42f252178a22307808988d22c043f9eb96f1e0fe80?s=96&d=mm&r=g","contentUrl":"https:\/\/secure.gravatar.com\/avatar\/06fdc0dc81c157dfdb82ec42f252178a22307808988d22c043f9eb96f1e0fe80?s=96&d=mm&r=g","caption":"mennworldcon"},"sameAs":["https:\/\/mwc-cmm.org"],"url":"https:\/\/mwc-cmm.org\/es\/stories\/author\/mennworldcon\/"}]}},"_links":{"self":[{"href":"https:\/\/mwc-cmm.org\/es\/wp-json\/wp\/v2\/posts\/9314","targetHints":{"allow":["GET"]}}],"collection":[{"href":"https:\/\/mwc-cmm.org\/es\/wp-json\/wp\/v2\/posts"}],"about":[{"href":"https:\/\/mwc-cmm.org\/es\/wp-json\/wp\/v2\/types\/post"}],"author":[{"embeddable":true,"href":"https:\/\/mwc-cmm.org\/es\/wp-json\/wp\/v2\/users\/1"}],"replies":[{"embeddable":true,"href":"https:\/\/mwc-cmm.org\/es\/wp-json\/wp\/v2\/comments?post=9314"}],"version-history":[{"count":0,"href":"https:\/\/mwc-cmm.org\/es\/wp-json\/wp\/v2\/posts\/9314\/revisions"}],"wp:featuredmedia":[{"embeddable":true,"href":"https:\/\/mwc-cmm.org\/es\/wp-json\/wp\/v2\/media\/96308"}],"wp:attachment":[{"href":"https:\/\/mwc-cmm.org\/es\/wp-json\/wp\/v2\/media?parent=9314"}],"wp:term":[{"taxonomy":"category","embeddable":true,"href":"https:\/\/mwc-cmm.org\/es\/wp-json\/wp\/v2\/categories?post=9314"},{"taxonomy":"post_tag","embeddable":true,"href":"https:\/\/mwc-cmm.org\/es\/wp-json\/wp\/v2\/tags?post=9314"},{"taxonomy":"network","embeddable":true,"href":"https:\/\/mwc-cmm.org\/es\/wp-json\/wp\/v2\/network?post=9314"},{"taxonomy":"eventcategory","embeddable":true,"href":"https:\/\/mwc-cmm.org\/es\/wp-json\/wp\/v2\/eventcategory?post=9314"}],"curies":[{"name":"wp","href":"https:\/\/api.w.org\/{rel}","templated":true}]}}