{"id":9312,"date":"2023-01-09T00:00:00","date_gmt":"2023-01-09T00:00:00","guid":{"rendered":"https:\/\/mwc-cmm.org\/let-us-mutually-care-for-one-another-2\/"},"modified":"2024-12-10T18:05:15","modified_gmt":"2024-12-10T18:05:15","slug":"cuidemonos-mutuamente","status":"publish","type":"post","link":"https:\/\/mwc-cmm.org\/es\/stories\/cuidemonos-mutuamente\/","title":{"rendered":"Cuid\u00e9monos mutuamente"},"content":{"rendered":"<h2>Viernes a la noche<\/h2>\n<p><em>Vengan a m\u00ed todos ustedes que est\u00e1n cansados de sus trabajos y cargas, y yo los har\u00e9 descansar. Acepten el yugo que les pongo, y aprendan de m\u00ed, que soy paciente y de coraz\u00f3n humilde; as\u00ed encontrar\u00e1n descanso. Porque el yugo que les pongo y la carga que les doy a llevar son ligeros. (Mateo 11,28-30 \u2013 DHH)<\/em><\/p>\n<p>El mensaje de Jes\u00fas en este pasaje es tan actual y tan necesario hoy ya que, de una u otra manera, el mundo sufre dolor, muerte y consternaci\u00f3n. Esta invitaci\u00f3n que nos hace nuestro Se\u00f1or es verdadera y generosa para todos y todas los que en estos momentos cargamos penas, dolores, angustias, miedos, culpas y tantos se\u00f1alamientos. Hoy como nunca, las circunstancias de la vida tienen a muchos cansados, con grandes pesos en sus corazones que impiden vivir esa vida plena que Cristo nos ofrece en su palabra.<\/p>\n<p>Esta promesa de descanso es universal, abierta y cargada de gracia para todo aquel que acuda a la fuente que es Cristo Jes\u00fas, quien es capaz de librarnos de lo insoportable que puede ser la situaci\u00f3n, el descanso ofrecido no est\u00e1 a la vista de los sabios y entendidos como lo dice el pasaje, sino que se placi\u00f3 el Se\u00f1or en revelarlo a los ni\u00f1os, vers\u00edculo 25 (aquellos que son como ni\u00f1os en toda su capacidad de expectaci\u00f3n, inocencia y vulnerabilidad ) a estos los que hemos comprendido su mensaje de buenas nuevas, redenci\u00f3n, reconciliaci\u00f3n con \u00c9l, nosotros mismos y los dem\u00e1s que nos llama hacia este don carism\u00e1tico de reposo, confort, recreaci\u00f3n que envuelve ese descanso mencionado en el pasaje debiendo transmitirlo los seguidores de Jes\u00fas a otros como se\u00f1al de la protecci\u00f3n de Dios.<\/p>\n<p>El pasaje nos invita a llevar su yugo, travesa\u00f1o que conecta con \u00c9l pero que tambi\u00e9n nos conecta con el otro o la otra que necesita apoyo para hacerlo ligero y f\u00e1cil de llevar. Este yugo nos une por amor, sin fingimiento, expresando inter\u00e9s real, empat\u00eda y disposici\u00f3n de compartir los unos con los otros, siendo como Dios con piel humana nuevamente.<\/p>\n<p>Es necesario que presentemos como iglesia delante del Se\u00f1or a aquellos que han sido sorprendidos con miedos, culpas y verg\u00fcenzas para recibir sanidad y alivio; al contrario de aquellos que con furia presentaron a la mujer encontrada en pecado para que de la mano de Jes\u00fas recibiera muerte, juicio y lapidaci\u00f3n, donde&nbsp;gustosos quer\u00edan participar esos delatores (Juan 8, 1-11). Jes\u00fas los pone cara a cara con sus pecados y de una u otra manera recuerdan su naturaleza ca\u00edda, muy&nbsp;humana y emprenden la retirada vencidos.<\/p>\n<p>Hoy ya no somos delatores que enjuician y separan sino terapeutas que llevan descanso y alivio a los que contin\u00faan en esas c\u00e1rceles espirituales, recordando los diferentes momentos de la vida donde tambi\u00e9n transitamos por valles de sombras y muerte, siendo sujetos en otro tiempo a yugos de esclavitud con diferentes nombres, que tambi\u00e9n llevaban a la destrucci\u00f3n. Pero, Jes\u00fas se enderez\u00f3 para mirarnos a la cara comprensivamente para luego inclinarse soltando nuestra verg\u00fcenza y con su dedo darnos liberaci\u00f3n-salvaci\u00f3n.<\/p>\n<p>La salvaci\u00f3n ofrecida en ese momento hist\u00f3rico es la misma que inicia aqu\u00ed ya con su palabra, Esp\u00edritu y esa presencia m\u00e1s viva que nunca en medio de nosotros, ellos y aquellos, partes del cuerpo de Cristo, signos palpables del Reino de Dios y su shalom.<\/p>\n<p>Tras dos a\u00f1os de pandemia, conflictos b\u00e9licos, \u00e9tnicos, raciales en varios pa\u00edses, grandes migraciones y movilizaciones humanas, habemos muchos sobrevivientes, algunos m\u00e1s ilesos que otros. Sin embargo, muchos buscan sus \u00faltimas fuerzas para tratar de continuar despu\u00e9s de haber perdido casi todo lo material para sustentarse, caminan con luto tras la p\u00e9rdida de padres, madres, hermanos, hijos, perdieron estabilidad emocional, mental, hasta espiritual. Pueblos completos han sido arrasados y destru\u00eddos. La avaricia del hombre consume sin parar, se ha sembrado desesperanza en derredor.<\/p>\n<p>La iglesia tambi\u00e9n fue movida desde su cimiento, fue sacada de su tranquilidad que la manten\u00eda alejada de muchas tristes y dolorosas realidades, obligada a replantearse su misi\u00f3n, a releer la palabra de Dios con otros ojos, a trabajar fuera de sus paredes.<\/p>\n<p><strong>Romper los paradigmas<\/strong><\/p>\n<p>Sin embargo es y sigue siendo un adecuado momento y oportunidad para hacer rompimientos de paradigmas que separan, se\u00f1alan, dispersan y levantan muros entre hermanos.<\/p>\n<p>Permitamos al Dios de la paciencia y de la consolaci\u00f3n darnos ese mismo sentir seg\u00fan Cristo Jes\u00fas, para que un\u00e1nimes demos gloria a Dios (Romanos 15, 5-13), entendiendo ahora que no es nada menos que amarlo en los hermanos y hermanas, recibi\u00e9ndonos, como \u00c9l nos recibi\u00f3.<\/p>\n<p>Con amistad, hospitalidad, poniendo b\u00e1lsamo en las heridas, moviendo la piedra donde antes hab\u00eda muerte, desatando vendas, podemos confirmar o estabilizar a todos aquellos a los que debemos salir al encuentro con los brazos abiertos, abundantes de esperanza y promesas hechas desde tiempos atr\u00e1s, pero que tienen cumplimiento mediante hombres y mujeres que hacen la voluntad de Dios.<\/p>\n<p>Alegr\u00e9monos con alabanzas, cantemos hoy a su nombre en medio de todos los pueblos presentes, para que traiga llenura de gozo y paz en medio de la espera.<\/p>\n<p><strong>Revist\u00e1monos de nuevas fuerzas<\/strong><\/p>\n<figure class=\"image\" style=\"float:right\"><img decoding=\"async\" alt=\"\" height=\"150\" data-src=\"\/sites\/default\/files\/website_files_2020\/cindy_alpizar_.jpg\" width=\"150\" src=\"data:image\/svg+xml;base64,PHN2ZyB3aWR0aD0iMSIgaGVpZ2h0PSIxIiB4bWxucz0iaHR0cDovL3d3dy53My5vcmcvMjAwMC9zdmciPjwvc3ZnPg==\" class=\"lazyload\" style=\"--smush-placeholder-width: 150px; --smush-placeholder-aspect-ratio: 150\/150;\"><figcaption><em>Cindy Alp\u00edzar <\/em><\/figcaption><\/figure>\n<p>S\u00ed, es tiempo de restituci\u00f3n del descanso, eso debemos proclamar hoy, a pesar&nbsp;de lo que hay o de lo que vemos, porque hace mucho tiempo no caminamos por vista (2 Corintios 5, 7), sino afianzados en los dichos de su boca. Jes\u00fas es nuestro Sabat, nos llama a detenernos, soltar la ansiedad, el dolor y abandonarnos en \u00c9l que sabe cuidar de nosotros. Ya no sigamos cansados por el camino sino que en su regazo revist\u00e1monos de nuevas fuerzas para as\u00ed tambi\u00e9n brindar alivio de las pesadas jornadas a muchos y muchas que no saben ya que hacer. Pedimos al Se\u00f1or en este momento que su paz gobierne nuestros corazones (Colosenses 3,15-17), ser un mismo cuerpo, siendo agradecidos por esa presencia que nos ha dejado.<\/p>\n<p>No abandonemos a los m\u00e1s peque\u00f1itos, a los vulnerables, a los que fueron dejados en el camino. Se\u00f1or, que tu palabra more en nosotros con abundancia, para que sabiamente y motivando a otros nos movamos a cuidarnos mutuamente, dando gracias porque hoy podemos decir \u201cEbenezer\u201d, hasta aqu\u00ed nos has ayudado.<\/p>\n<p>En este encuentro en este hermoso pa\u00eds, con tantos hermanos y hermanas con tantas y diferentes historias, celebramos la vida, celebramos nuestra fe, nuestra tradici\u00f3n anabautista-menonita. Pero no nos olvidemos que la vida es esto, encuentro: alteridad, que significa salir al camino del otro o la otra, descubrirle, encuentro con lo que es diferente impulsado por el amor, como lo hizo ese padre que d\u00eda y noche esper\u00f3 a su hijo lleno de esperanza por un reencuentro, sin importar las condiciones de aquel que decidi\u00f3 volver a casa.<\/p>\n<p>Para finalizar, en esta Asamblea, m\u00e1s que nunca, deteng\u00e1monos a examinar nuestra fe y c\u00f3mo la vivimos. Que Dios nos ayude a que sea promotora de vida, justicia, misericordia y mucha compasi\u00f3n. Que nuestras comunidades de fe, nuestros ministerios y nosotros mismos, podamos brindar descanso a los que siguen cansados y trabajados, haciendo sus cargas m\u00e1s ligeras y f\u00e1ciles de llevar. Am\u00e9n.<\/p>\n<p><em>\u2014 Cindy Alp\u00edzar se desempe\u00f1a como pastora y administradora de la congregaci\u00f3n Disc\u00edpulos de Jes\u00fas los Lagos, en Heredia, Costa Rica, y de la iglesia nacional (Asociaci\u00f3n de Iglesias Cristianas Menonitas). Su verdadera vocaci\u00f3n y pasi\u00f3n es acompa\u00f1ar y asistir a las personas que viven en situaci\u00f3n de calle.<\/em><\/p>\n<hr>\n<h5><strong>Este art\u00edculo apareci\u00f3 por primera vez en&nbsp;<a href=\"https:\/\/mwc-cmm.org\/es\/resources\/correo-2022-2-octubre\"><em>Correo\/Courier\/Courrier&nbsp;en Octubre de 2022.<\/em><\/a><\/strong><\/h5>\n","protected":false},"excerpt":{"rendered":"<p>Viernes a la noche Vengan a m\u00ed todos ustedes que est\u00e1n cansados de sus trabajos y cargas, y yo los har\u00e9 descansar. Acepten el yugo que les pongo, y aprendan de m\u00ed, que soy paciente y de coraz\u00f3n humilde; as\u00ed encontrar\u00e1n descanso. Porque el yugo que les pongo y la carga que les doy a [&hellip;]<\/p>\n","protected":false},"author":1,"featured_media":96210,"comment_status":"closed","ping_status":"closed","sticky":false,"template":"","format":"standard","meta":{"_acf_changed":false,"footnotes":""},"categories":[6],"tags":[],"network":[],"eventcategory":[1493],"class_list":["post-9312","post","type-post","status-publish","format-standard","has-post-thumbnail","hentry","category-sin-categorizar","eventcategory-assembly-es"],"acf":[],"yoast_head":"<!-- This site is optimized with the Yoast SEO plugin v27.5 - https:\/\/yoast.com\/product\/yoast-seo-wordpress\/ -->\n<title>Cuid\u00e9monos mutuamente - Mennonite World Conference<\/title>\n<meta name=\"robots\" content=\"index, follow, max-snippet:-1, max-image-preview:large, max-video-preview:-1\" \/>\n<link rel=\"canonical\" href=\"https:\/\/mwc-cmm.org\/es\/stories\/cuidemonos-mutuamente\/\" \/>\n<meta property=\"og:locale\" content=\"es_ES\" \/>\n<meta property=\"og:type\" content=\"article\" \/>\n<meta property=\"og:title\" content=\"Cuid\u00e9monos mutuamente - Mennonite World Conference\" \/>\n<meta property=\"og:description\" content=\"Viernes a la noche Vengan a m\u00ed todos ustedes que est\u00e1n cansados de sus trabajos y cargas, y yo los har\u00e9 descansar. Acepten el yugo que les pongo, y aprendan de m\u00ed, que soy paciente y de coraz\u00f3n humilde; as\u00ed encontrar\u00e1n descanso. Porque el yugo que les pongo y la carga que les doy a [&hellip;]\" \/>\n<meta property=\"og:url\" content=\"https:\/\/mwc-cmm.org\/es\/stories\/cuidemonos-mutuamente\/\" \/>\n<meta property=\"og:site_name\" content=\"Mennonite World Conference\" \/>\n<meta property=\"article:publisher\" content=\"https:\/\/www.facebook.com\/MennoniteWorldConference\" \/>\n<meta property=\"article:published_time\" content=\"2023-01-09T00:00:00+00:00\" \/>\n<meta property=\"article:modified_time\" content=\"2024-12-10T18:05:15+00:00\" \/>\n<meta property=\"og:image\" content=\"https:\/\/mwc-cmm.org\/wp-content\/uploads\/2024\/11\/20220708kusdariantodsc01031-scaled.jpg\" \/>\n\t<meta property=\"og:image:width\" content=\"2560\" \/>\n\t<meta property=\"og:image:height\" content=\"1707\" \/>\n\t<meta property=\"og:image:type\" content=\"image\/jpeg\" \/>\n<meta name=\"author\" content=\"mennworldcon\" \/>\n<script type=\"application\/ld+json\" class=\"yoast-schema-graph\">{\"@context\":\"https:\\\/\\\/schema.org\",\"@graph\":[{\"@type\":\"Article\",\"@id\":\"https:\\\/\\\/mwc-cmm.org\\\/es\\\/stories\\\/cuidemonos-mutuamente\\\/#article\",\"isPartOf\":{\"@id\":\"https:\\\/\\\/mwc-cmm.org\\\/es\\\/stories\\\/cuidemonos-mutuamente\\\/\"},\"author\":{\"name\":\"mennworldcon\",\"@id\":\"https:\\\/\\\/mwc-cmm.org\\\/en\\\/#\\\/schema\\\/person\\\/11f6ae0d7d1868ba20a1cc27f067c836\"},\"headline\":\"Cuid\u00e9monos mutuamente\",\"datePublished\":\"2023-01-09T00:00:00+00:00\",\"dateModified\":\"2024-12-10T18:05:15+00:00\",\"mainEntityOfPage\":{\"@id\":\"https:\\\/\\\/mwc-cmm.org\\\/es\\\/stories\\\/cuidemonos-mutuamente\\\/\"},\"wordCount\":1339,\"publisher\":{\"@id\":\"https:\\\/\\\/mwc-cmm.org\\\/en\\\/#organization\"},\"image\":{\"@id\":\"https:\\\/\\\/mwc-cmm.org\\\/es\\\/stories\\\/cuidemonos-mutuamente\\\/#primaryimage\"},\"thumbnailUrl\":\"https:\\\/\\\/mwc-cmm.org\\\/wp-content\\\/uploads\\\/2024\\\/11\\\/20220708kusdariantodsc01031-scaled.jpg\",\"articleSection\":[\"Sin categorizar\"],\"inLanguage\":\"es\"},{\"@type\":\"WebPage\",\"@id\":\"https:\\\/\\\/mwc-cmm.org\\\/es\\\/stories\\\/cuidemonos-mutuamente\\\/\",\"url\":\"https:\\\/\\\/mwc-cmm.org\\\/es\\\/stories\\\/cuidemonos-mutuamente\\\/\",\"name\":\"Cuid\u00e9monos mutuamente - Mennonite World Conference\",\"isPartOf\":{\"@id\":\"https:\\\/\\\/mwc-cmm.org\\\/en\\\/#website\"},\"primaryImageOfPage\":{\"@id\":\"https:\\\/\\\/mwc-cmm.org\\\/es\\\/stories\\\/cuidemonos-mutuamente\\\/#primaryimage\"},\"image\":{\"@id\":\"https:\\\/\\\/mwc-cmm.org\\\/es\\\/stories\\\/cuidemonos-mutuamente\\\/#primaryimage\"},\"thumbnailUrl\":\"https:\\\/\\\/mwc-cmm.org\\\/wp-content\\\/uploads\\\/2024\\\/11\\\/20220708kusdariantodsc01031-scaled.jpg\",\"datePublished\":\"2023-01-09T00:00:00+00:00\",\"dateModified\":\"2024-12-10T18:05:15+00:00\",\"breadcrumb\":{\"@id\":\"https:\\\/\\\/mwc-cmm.org\\\/es\\\/stories\\\/cuidemonos-mutuamente\\\/#breadcrumb\"},\"inLanguage\":\"es\",\"potentialAction\":[{\"@type\":\"ReadAction\",\"target\":[\"https:\\\/\\\/mwc-cmm.org\\\/es\\\/stories\\\/cuidemonos-mutuamente\\\/\"]}]},{\"@type\":\"ImageObject\",\"inLanguage\":\"es\",\"@id\":\"https:\\\/\\\/mwc-cmm.org\\\/es\\\/stories\\\/cuidemonos-mutuamente\\\/#primaryimage\",\"url\":\"https:\\\/\\\/mwc-cmm.org\\\/wp-content\\\/uploads\\\/2024\\\/11\\\/20220708kusdariantodsc01031-scaled.jpg\",\"contentUrl\":\"https:\\\/\\\/mwc-cmm.org\\\/wp-content\\\/uploads\\\/2024\\\/11\\\/20220708kusdariantodsc01031-scaled.jpg\",\"width\":2560,\"height\":1707},{\"@type\":\"BreadcrumbList\",\"@id\":\"https:\\\/\\\/mwc-cmm.org\\\/es\\\/stories\\\/cuidemonos-mutuamente\\\/#breadcrumb\",\"itemListElement\":[{\"@type\":\"ListItem\",\"position\":1,\"name\":\"Home\",\"item\":\"https:\\\/\\\/mwc-cmm.org\\\/es\\\/\"},{\"@type\":\"ListItem\",\"position\":2,\"name\":\"Cuid\u00e9monos mutuamente\"}]},{\"@type\":\"WebSite\",\"@id\":\"https:\\\/\\\/mwc-cmm.org\\\/en\\\/#website\",\"url\":\"https:\\\/\\\/mwc-cmm.org\\\/en\\\/\",\"name\":\"Mennonite World Conference\",\"description\":\"A communion of Anabaptist-related churches\",\"publisher\":{\"@id\":\"https:\\\/\\\/mwc-cmm.org\\\/en\\\/#organization\"},\"alternateName\":\"MWC\",\"potentialAction\":[{\"@type\":\"SearchAction\",\"target\":{\"@type\":\"EntryPoint\",\"urlTemplate\":\"https:\\\/\\\/mwc-cmm.org\\\/en\\\/?s={search_term_string}\"},\"query-input\":{\"@type\":\"PropertyValueSpecification\",\"valueRequired\":true,\"valueName\":\"search_term_string\"}}],\"inLanguage\":\"es\"},{\"@type\":\"Organization\",\"@id\":\"https:\\\/\\\/mwc-cmm.org\\\/en\\\/#organization\",\"name\":\"Mennonite World Conference\",\"alternateName\":\"MWC\",\"url\":\"https:\\\/\\\/mwc-cmm.org\\\/en\\\/\",\"logo\":{\"@type\":\"ImageObject\",\"inLanguage\":\"es\",\"@id\":\"https:\\\/\\\/mwc-cmm.org\\\/en\\\/#\\\/schema\\\/logo\\\/image\\\/\",\"url\":\"https:\\\/\\\/mwc-cmm.org\\\/wp-content\\\/uploads\\\/2026\\\/01\\\/MWC_Sig_Blue_Horiz_webheader1-logo.svg\",\"contentUrl\":\"https:\\\/\\\/mwc-cmm.org\\\/wp-content\\\/uploads\\\/2026\\\/01\\\/MWC_Sig_Blue_Horiz_webheader1-logo.svg\",\"width\":786,\"height\":82,\"caption\":\"Mennonite World Conference\"},\"image\":{\"@id\":\"https:\\\/\\\/mwc-cmm.org\\\/en\\\/#\\\/schema\\\/logo\\\/image\\\/\"},\"sameAs\":[\"https:\\\/\\\/www.facebook.com\\\/MennoniteWorldConference\",\"https:\\\/\\\/www.linkedin.com\\\/company\\\/mennonite-world-conference-mwc\\\/\",\"https:\\\/\\\/www.instagram.com\\\/mwcmm\\\/\",\"https:\\\/\\\/www.youtube.com\\\/user\\\/mwccmm\",\"https:\\\/\\\/bsky.app\\\/profile\\\/mwcmm.bsky.social\"]},{\"@type\":\"Person\",\"@id\":\"https:\\\/\\\/mwc-cmm.org\\\/en\\\/#\\\/schema\\\/person\\\/11f6ae0d7d1868ba20a1cc27f067c836\",\"name\":\"mennworldcon\",\"image\":{\"@type\":\"ImageObject\",\"inLanguage\":\"es\",\"@id\":\"https:\\\/\\\/secure.gravatar.com\\\/avatar\\\/06fdc0dc81c157dfdb82ec42f252178a22307808988d22c043f9eb96f1e0fe80?s=96&d=mm&r=g\",\"url\":\"https:\\\/\\\/secure.gravatar.com\\\/avatar\\\/06fdc0dc81c157dfdb82ec42f252178a22307808988d22c043f9eb96f1e0fe80?s=96&d=mm&r=g\",\"contentUrl\":\"https:\\\/\\\/secure.gravatar.com\\\/avatar\\\/06fdc0dc81c157dfdb82ec42f252178a22307808988d22c043f9eb96f1e0fe80?s=96&d=mm&r=g\",\"caption\":\"mennworldcon\"},\"sameAs\":[\"https:\\\/\\\/mwc-cmm.org\"],\"url\":\"https:\\\/\\\/mwc-cmm.org\\\/es\\\/stories\\\/author\\\/mennworldcon\\\/\"}]}<\/script>\n<!-- \/ Yoast SEO plugin. -->","yoast_head_json":{"title":"Cuid\u00e9monos mutuamente - Mennonite World Conference","robots":{"index":"index","follow":"follow","max-snippet":"max-snippet:-1","max-image-preview":"max-image-preview:large","max-video-preview":"max-video-preview:-1"},"canonical":"https:\/\/mwc-cmm.org\/es\/stories\/cuidemonos-mutuamente\/","og_locale":"es_ES","og_type":"article","og_title":"Cuid\u00e9monos mutuamente - Mennonite World Conference","og_description":"Viernes a la noche Vengan a m\u00ed todos ustedes que est\u00e1n cansados de sus trabajos y cargas, y yo los har\u00e9 descansar. Acepten el yugo que les pongo, y aprendan de m\u00ed, que soy paciente y de coraz\u00f3n humilde; as\u00ed encontrar\u00e1n descanso. Porque el yugo que les pongo y la carga que les doy a [&hellip;]","og_url":"https:\/\/mwc-cmm.org\/es\/stories\/cuidemonos-mutuamente\/","og_site_name":"Mennonite World Conference","article_publisher":"https:\/\/www.facebook.com\/MennoniteWorldConference","article_published_time":"2023-01-09T00:00:00+00:00","article_modified_time":"2024-12-10T18:05:15+00:00","og_image":[{"width":2560,"height":1707,"url":"https:\/\/mwc-cmm.org\/wp-content\/uploads\/2024\/11\/20220708kusdariantodsc01031-scaled.jpg","type":"image\/jpeg"}],"author":"mennworldcon","schema":{"@context":"https:\/\/schema.org","@graph":[{"@type":"Article","@id":"https:\/\/mwc-cmm.org\/es\/stories\/cuidemonos-mutuamente\/#article","isPartOf":{"@id":"https:\/\/mwc-cmm.org\/es\/stories\/cuidemonos-mutuamente\/"},"author":{"name":"mennworldcon","@id":"https:\/\/mwc-cmm.org\/en\/#\/schema\/person\/11f6ae0d7d1868ba20a1cc27f067c836"},"headline":"Cuid\u00e9monos mutuamente","datePublished":"2023-01-09T00:00:00+00:00","dateModified":"2024-12-10T18:05:15+00:00","mainEntityOfPage":{"@id":"https:\/\/mwc-cmm.org\/es\/stories\/cuidemonos-mutuamente\/"},"wordCount":1339,"publisher":{"@id":"https:\/\/mwc-cmm.org\/en\/#organization"},"image":{"@id":"https:\/\/mwc-cmm.org\/es\/stories\/cuidemonos-mutuamente\/#primaryimage"},"thumbnailUrl":"https:\/\/mwc-cmm.org\/wp-content\/uploads\/2024\/11\/20220708kusdariantodsc01031-scaled.jpg","articleSection":["Sin categorizar"],"inLanguage":"es"},{"@type":"WebPage","@id":"https:\/\/mwc-cmm.org\/es\/stories\/cuidemonos-mutuamente\/","url":"https:\/\/mwc-cmm.org\/es\/stories\/cuidemonos-mutuamente\/","name":"Cuid\u00e9monos mutuamente - Mennonite World Conference","isPartOf":{"@id":"https:\/\/mwc-cmm.org\/en\/#website"},"primaryImageOfPage":{"@id":"https:\/\/mwc-cmm.org\/es\/stories\/cuidemonos-mutuamente\/#primaryimage"},"image":{"@id":"https:\/\/mwc-cmm.org\/es\/stories\/cuidemonos-mutuamente\/#primaryimage"},"thumbnailUrl":"https:\/\/mwc-cmm.org\/wp-content\/uploads\/2024\/11\/20220708kusdariantodsc01031-scaled.jpg","datePublished":"2023-01-09T00:00:00+00:00","dateModified":"2024-12-10T18:05:15+00:00","breadcrumb":{"@id":"https:\/\/mwc-cmm.org\/es\/stories\/cuidemonos-mutuamente\/#breadcrumb"},"inLanguage":"es","potentialAction":[{"@type":"ReadAction","target":["https:\/\/mwc-cmm.org\/es\/stories\/cuidemonos-mutuamente\/"]}]},{"@type":"ImageObject","inLanguage":"es","@id":"https:\/\/mwc-cmm.org\/es\/stories\/cuidemonos-mutuamente\/#primaryimage","url":"https:\/\/mwc-cmm.org\/wp-content\/uploads\/2024\/11\/20220708kusdariantodsc01031-scaled.jpg","contentUrl":"https:\/\/mwc-cmm.org\/wp-content\/uploads\/2024\/11\/20220708kusdariantodsc01031-scaled.jpg","width":2560,"height":1707},{"@type":"BreadcrumbList","@id":"https:\/\/mwc-cmm.org\/es\/stories\/cuidemonos-mutuamente\/#breadcrumb","itemListElement":[{"@type":"ListItem","position":1,"name":"Home","item":"https:\/\/mwc-cmm.org\/es\/"},{"@type":"ListItem","position":2,"name":"Cuid\u00e9monos mutuamente"}]},{"@type":"WebSite","@id":"https:\/\/mwc-cmm.org\/en\/#website","url":"https:\/\/mwc-cmm.org\/en\/","name":"Mennonite World Conference","description":"A communion of Anabaptist-related churches","publisher":{"@id":"https:\/\/mwc-cmm.org\/en\/#organization"},"alternateName":"MWC","potentialAction":[{"@type":"SearchAction","target":{"@type":"EntryPoint","urlTemplate":"https:\/\/mwc-cmm.org\/en\/?s={search_term_string}"},"query-input":{"@type":"PropertyValueSpecification","valueRequired":true,"valueName":"search_term_string"}}],"inLanguage":"es"},{"@type":"Organization","@id":"https:\/\/mwc-cmm.org\/en\/#organization","name":"Mennonite World Conference","alternateName":"MWC","url":"https:\/\/mwc-cmm.org\/en\/","logo":{"@type":"ImageObject","inLanguage":"es","@id":"https:\/\/mwc-cmm.org\/en\/#\/schema\/logo\/image\/","url":"https:\/\/mwc-cmm.org\/wp-content\/uploads\/2026\/01\/MWC_Sig_Blue_Horiz_webheader1-logo.svg","contentUrl":"https:\/\/mwc-cmm.org\/wp-content\/uploads\/2026\/01\/MWC_Sig_Blue_Horiz_webheader1-logo.svg","width":786,"height":82,"caption":"Mennonite World Conference"},"image":{"@id":"https:\/\/mwc-cmm.org\/en\/#\/schema\/logo\/image\/"},"sameAs":["https:\/\/www.facebook.com\/MennoniteWorldConference","https:\/\/www.linkedin.com\/company\/mennonite-world-conference-mwc\/","https:\/\/www.instagram.com\/mwcmm\/","https:\/\/www.youtube.com\/user\/mwccmm","https:\/\/bsky.app\/profile\/mwcmm.bsky.social"]},{"@type":"Person","@id":"https:\/\/mwc-cmm.org\/en\/#\/schema\/person\/11f6ae0d7d1868ba20a1cc27f067c836","name":"mennworldcon","image":{"@type":"ImageObject","inLanguage":"es","@id":"https:\/\/secure.gravatar.com\/avatar\/06fdc0dc81c157dfdb82ec42f252178a22307808988d22c043f9eb96f1e0fe80?s=96&d=mm&r=g","url":"https:\/\/secure.gravatar.com\/avatar\/06fdc0dc81c157dfdb82ec42f252178a22307808988d22c043f9eb96f1e0fe80?s=96&d=mm&r=g","contentUrl":"https:\/\/secure.gravatar.com\/avatar\/06fdc0dc81c157dfdb82ec42f252178a22307808988d22c043f9eb96f1e0fe80?s=96&d=mm&r=g","caption":"mennworldcon"},"sameAs":["https:\/\/mwc-cmm.org"],"url":"https:\/\/mwc-cmm.org\/es\/stories\/author\/mennworldcon\/"}]}},"_links":{"self":[{"href":"https:\/\/mwc-cmm.org\/es\/wp-json\/wp\/v2\/posts\/9312","targetHints":{"allow":["GET"]}}],"collection":[{"href":"https:\/\/mwc-cmm.org\/es\/wp-json\/wp\/v2\/posts"}],"about":[{"href":"https:\/\/mwc-cmm.org\/es\/wp-json\/wp\/v2\/types\/post"}],"author":[{"embeddable":true,"href":"https:\/\/mwc-cmm.org\/es\/wp-json\/wp\/v2\/users\/1"}],"replies":[{"embeddable":true,"href":"https:\/\/mwc-cmm.org\/es\/wp-json\/wp\/v2\/comments?post=9312"}],"version-history":[{"count":0,"href":"https:\/\/mwc-cmm.org\/es\/wp-json\/wp\/v2\/posts\/9312\/revisions"}],"wp:featuredmedia":[{"embeddable":true,"href":"https:\/\/mwc-cmm.org\/es\/wp-json\/wp\/v2\/media\/96210"}],"wp:attachment":[{"href":"https:\/\/mwc-cmm.org\/es\/wp-json\/wp\/v2\/media?parent=9312"}],"wp:term":[{"taxonomy":"category","embeddable":true,"href":"https:\/\/mwc-cmm.org\/es\/wp-json\/wp\/v2\/categories?post=9312"},{"taxonomy":"post_tag","embeddable":true,"href":"https:\/\/mwc-cmm.org\/es\/wp-json\/wp\/v2\/tags?post=9312"},{"taxonomy":"network","embeddable":true,"href":"https:\/\/mwc-cmm.org\/es\/wp-json\/wp\/v2\/network?post=9312"},{"taxonomy":"eventcategory","embeddable":true,"href":"https:\/\/mwc-cmm.org\/es\/wp-json\/wp\/v2\/eventcategory?post=9312"}],"curies":[{"name":"wp","href":"https:\/\/api.w.org\/{rel}","templated":true}]}}