{"id":9305,"date":"2022-12-16T00:00:00","date_gmt":"2022-12-16T00:00:00","guid":{"rendered":"https:\/\/mwc-cmm.org\/a-family-that-prays-for-each-other-2\/"},"modified":"2024-12-10T18:05:13","modified_gmt":"2024-12-10T18:05:13","slug":"una-familia-que-ora-unos-por-otros","status":"publish","type":"post","link":"https:\/\/mwc-cmm.org\/es\/stories\/una-familia-que-ora-unos-por-otros\/","title":{"rendered":"Una familia que ora unos por otros"},"content":{"rendered":"<p>\u201cHan estado con nosotros a pesar de que estaban lejos de nosotros. Nos ayudaron con sus mensajes y llamadas,\u201d dice Kyendr\u00e9b\u00e9ogo Wendyam Natacha.&nbsp;<\/p>\n<p>La joven, que recientemente complet\u00f3 una asignaci\u00f3n de YAMEN con el CMM, present\u00f3 una actualizaci\u00f3n durante la Hora de Oraci\u00f3n En l\u00ednea de noviembre a las personas, de tres docenas de pa\u00edses, que asistieron.&nbsp;<\/p>\n<p>\u201cMi pa\u00eds [Burkina Faso] sufri\u00f3 dos golpes de estado en el a\u00f1o 2022,\u201d dijo ella.&nbsp;&nbsp;<\/p>\n<p>En el momento de la publicaci\u00f3n, cerca de 2 millones de personas fueron desplazadas y cientos de miles de estudiantes tuvieron interrupciones en sus estudios.&nbsp;<\/p>\n<p>\u201cAl igual que las otras iglesias en Burkina Faso, la iglesia menonita no ha sido olvidada porque ha ayudado a otras personas con diferentes tipos de ayuda y con oraci\u00f3n por el pa\u00eds\u201d, dijo Kyendr\u00e9b\u00e9ogo Wendyam Natacha. \u201cSiempre damos gracias a Dios por su maravillosa obra y por su protecci\u00f3n\u201d.&nbsp;<\/p>\n<p>Despu\u00e9s de su informe, los asistentes se dividieron en grupos de ingl\u00e9s, espa\u00f1ol, franc\u00e9s, hindi e indonesio para orar.&nbsp;<\/p>\n<p>Los l\u00edderes guiaron a sus grupos a trav\u00e9s de los puntos provistos en el correo electr\u00f3nico de la Red de Oraci\u00f3n e informaron sobre inquietudes adicionales planteadas en sus salas.&nbsp;<\/p>\n<figure class=\"image\" style=\"float:right\"><img decoding=\"async\" alt=\"\" data-src=\"\/sites\/default\/files\/website_files_2020\/amos_chin.jpg\" width=\"200\" height=\"200\" src=\"data:image\/svg+xml;base64,PHN2ZyB3aWR0aD0iMSIgaGVpZ2h0PSIxIiB4bWxucz0iaHR0cDovL3d3dy53My5vcmcvMjAwMC9zdmciPjwvc3ZnPg==\" class=\"lazyload\" style=\"--smush-placeholder-width: 200px; --smush-placeholder-aspect-ratio: 200\/200;\"><figcaption>Amos Chin<\/figcaption><\/figure>\n<p>La gente or\u00f3&#8230;.&nbsp;<\/p>\n<ul>\n<li>sobre el cambio clim\u00e1tico y para los esfuerzos de recaudaci\u00f3n de fondos de fin de a\u00f1o.&nbsp;<\/li>\n<li>sobre el estr\u00e9s de las leyes contra la conversi\u00f3n en la India.&nbsp;<\/li>\n<li>por las luchas de los j\u00f3venes para encontrar empleo y formar sus identidades, y por los tres s\u00ednodos anabautista-menonitas en Indonesia que est\u00e1n abriendo conversaciones sobre la sexualidad.&nbsp;<\/li>\n<li>por el nuevo gobierno en Brasil y por la unidad entre las iglesias y la pasi\u00f3n por predicar el evangelio. Tambi\u00e9n oraron por la corrupci\u00f3n y la violencia en Am\u00e9rica Latina, especialmente en Bolivia y Venezuela. Oraron por las nuevas iglesias que echan ra\u00edces y por las personas que sufren en todo el mundo que permanecen fieles en el testimonio del evangelio de la paz. Oraron por Justicia y Paz, un movimiento latinoamericano que aboga por los desaparecidos y sistemas pol\u00edticos m\u00e1s pac\u00edficos.&nbsp;<\/li>\n<li>con gratitud por 35 j\u00f3venes bautizados y siete pastores ordenados (incluyendo una mujer) recientemente en India. Oraron por una reuni\u00f3n de l\u00edderes en Uganda, por las elecciones del pr\u00f3ximo fin de semana en Nepal y por la situaci\u00f3n pol\u00edtica en Hong Kong. Animaron a personas que experimentaban inseguridad alimentaria.&nbsp;<\/li>\n<\/ul>\n<p>\u201cY gratitud por lo que Dios est\u00e1 haciendo\u201d, agrega Pablo Stucky, l\u00edder de la sala de reuniones en espa\u00f1ol.&nbsp;<\/p>\n<p>\u201cEs una gran bendici\u00f3n poder unirnos en oraci\u00f3n en todos nuestros idiomas, distancias y todo lo dem\u00e1s\u201d, dice Arli Klassen, coordinadora de representantes regionales. \u201cEspero que los participantes lleven las solicitudes de oraci\u00f3n a sus iglesias para continuar record\u00e1ndolas y teniendo en cuenta las necesidades urgentes de todo el mundo\u201d.&nbsp;<\/p>\n<p><a href=\"\/es\/node\/4510\">En 20 enero 2023<\/a>, Amos Chin, pastor y l\u00edder de la Iglesia B\u00edblica Misionera en Myanmar, compartir\u00e1 sobre la dif\u00edcil situaci\u00f3n en su pa\u00eds, seguido de oraci\u00f3n en las salas de reuniones.&nbsp;<\/p>\n<p>\u201cLa familia menonita es una familia maravillosa de Dios y le doy gracias a Dios por haberte conocido, por conocer esta familia que \u2013 superando barreras \u2013 es una familia unida; una familia que ora unos por otros\u201d, dice Kyendr\u00e9b\u00e9ogo Wendyam Natacha.&nbsp;<\/p>\n<p><strong>Vea el video de Natacha (en franc\u00e9s con subt\u00edtulos en ingl\u00e9s) <a href=\"https:\/\/mwc-cmm.org\/resources\/testimony-natacha-wendyam-kyendrebeogo-burkina-faso\">aqu\u00ed.&nbsp;<\/a><\/strong><\/p>\n<p style=\"text-align:center\"><a href=\"https:\/\/mwc-cmm.org\/resources\/testimony-natacha-wendyam-kyendrebeogo-burkina-faso\"><img decoding=\"async\" alt=\"\" data-src=\"\/sites\/default\/files\/website_files_2020\/capture_8.jpg\" width=\"445\" height=\"250\" src=\"data:image\/svg+xml;base64,PHN2ZyB3aWR0aD0iMSIgaGVpZ2h0PSIxIiB4bWxucz0iaHR0cDovL3d3dy53My5vcmcvMjAwMC9zdmciPjwvc3ZnPg==\" class=\"lazyload\" style=\"--smush-placeholder-width: 445px; --smush-placeholder-aspect-ratio: 445\/250;\"><\/a><\/p>\n<p>Env\u00ede su acci\u00f3n de gracias o intercesi\u00f3n por y para la iglesia a <a href=\"mailto:prayers@mwc-cmm.org\">prayers@mwc-cmm.org<\/a>.&nbsp;<\/p>\n<hr>\n<table style=\"width:300px\">\n<tbody>\n<tr>\n<td>\n<h3><a href=\"https:\/\/mwc-cmm.org\/es\/form\/cmm-hora-de-oracion-en-linea-inscribirse-enero-2023\">CMM Hora de oraci\u00f3n en l\u00ednea: Inscribirse 20 Enero 2023<\/a><\/h3>\n<\/td>\n<\/tr>\n<\/tbody>\n<\/table>\n<h3>Lea m\u00e1s historias de la hora de oraci\u00f3n en l\u00ednea.&nbsp;<\/h3>\n<ul>\n<li><a href=\"https:\/\/mwc-cmm.org\/es\/stories\/despues-de-zoom-las-oraciones-continuan\">Despu\u00e9s de Zoom, las oraciones contin\u00faan<\/a><\/li>\n<li>\u201a\u00c4\u00e3<a href=\"https:\/\/mwc-cmm.org\/es\/stories\/oremos\">Oremos<\/a><\/li>\n<li><a href=\"https:\/\/mwc-cmm.org\/es\/stories\/la-oracion-bimestral-une-traves-de-los-idiomas-y-lugares\">La oraci\u00f3n bimestral une a trav\u00e9s de los idiomas y lugares<\/a><\/li>\n<\/ul>\n","protected":false},"excerpt":{"rendered":"<p>\u201cHan estado con nosotros a pesar de que estaban lejos de nosotros. Nos ayudaron con sus mensajes y llamadas,\u201d dice Kyendr\u00e9b\u00e9ogo Wendyam Natacha.&nbsp; La joven, que recientemente complet\u00f3 una asignaci\u00f3n de YAMEN con el CMM, present\u00f3 una actualizaci\u00f3n durante la Hora de Oraci\u00f3n En l\u00ednea de noviembre a las personas, de tres docenas de pa\u00edses, [&hellip;]<\/p>\n","protected":false},"author":1,"featured_media":96126,"comment_status":"closed","ping_status":"closed","sticky":false,"template":"","format":"standard","meta":{"_acf_changed":false,"footnotes":""},"categories":[6],"tags":[],"network":[1261],"eventcategory":[],"class_list":["post-9305","post","type-post","status-publish","format-standard","has-post-thumbnail","hentry","category-sin-categorizar","network-deacons-commission-es"],"acf":[],"yoast_head":"<!-- This site is optimized with the Yoast SEO plugin v27.5 - https:\/\/yoast.com\/product\/yoast-seo-wordpress\/ -->\n<title>Una familia que ora unos por otros - Mennonite World Conference<\/title>\n<meta name=\"robots\" content=\"index, follow, max-snippet:-1, max-image-preview:large, max-video-preview:-1\" \/>\n<link rel=\"canonical\" href=\"https:\/\/mwc-cmm.org\/es\/stories\/una-familia-que-ora-unos-por-otros\/\" \/>\n<meta property=\"og:locale\" content=\"es_ES\" \/>\n<meta property=\"og:type\" content=\"article\" \/>\n<meta property=\"og:title\" content=\"Una familia que ora unos por otros - Mennonite World Conference\" \/>\n<meta property=\"og:description\" content=\"\u201cHan estado con nosotros a pesar de que estaban lejos de nosotros. Nos ayudaron con sus mensajes y llamadas,\u201d dice Kyendr\u00e9b\u00e9ogo Wendyam Natacha.&nbsp; La joven, que recientemente complet\u00f3 una asignaci\u00f3n de YAMEN con el CMM, present\u00f3 una actualizaci\u00f3n durante la Hora de Oraci\u00f3n En l\u00ednea de noviembre a las personas, de tres docenas de pa\u00edses, [&hellip;]\" \/>\n<meta property=\"og:url\" content=\"https:\/\/mwc-cmm.org\/es\/stories\/una-familia-que-ora-unos-por-otros\/\" \/>\n<meta property=\"og:site_name\" content=\"Mennonite World Conference\" \/>\n<meta property=\"article:publisher\" content=\"https:\/\/www.facebook.com\/MennoniteWorldConference\" \/>\n<meta property=\"article:published_time\" content=\"2022-12-16T00:00:00+00:00\" \/>\n<meta property=\"article:modified_time\" content=\"2024-12-10T18:05:13+00:00\" \/>\n<meta property=\"og:image\" content=\"https:\/\/mwc-cmm.org\/wp-content\/uploads\/2024\/11\/oph_sept_8_-_preshit.jpg\" \/>\n\t<meta property=\"og:image:width\" content=\"1237\" \/>\n\t<meta property=\"og:image:height\" content=\"825\" \/>\n\t<meta property=\"og:image:type\" content=\"image\/jpeg\" \/>\n<meta name=\"author\" content=\"mennworldcon\" \/>\n<script type=\"application\/ld+json\" class=\"yoast-schema-graph\">{\"@context\":\"https:\\\/\\\/schema.org\",\"@graph\":[{\"@type\":\"Article\",\"@id\":\"https:\\\/\\\/mwc-cmm.org\\\/es\\\/stories\\\/una-familia-que-ora-unos-por-otros\\\/#article\",\"isPartOf\":{\"@id\":\"https:\\\/\\\/mwc-cmm.org\\\/es\\\/stories\\\/una-familia-que-ora-unos-por-otros\\\/\"},\"author\":{\"name\":\"mennworldcon\",\"@id\":\"https:\\\/\\\/mwc-cmm.org\\\/en\\\/#\\\/schema\\\/person\\\/11f6ae0d7d1868ba20a1cc27f067c836\"},\"headline\":\"Una familia que ora unos por otros\",\"datePublished\":\"2022-12-16T00:00:00+00:00\",\"dateModified\":\"2024-12-10T18:05:13+00:00\",\"mainEntityOfPage\":{\"@id\":\"https:\\\/\\\/mwc-cmm.org\\\/es\\\/stories\\\/una-familia-que-ora-unos-por-otros\\\/\"},\"wordCount\":692,\"publisher\":{\"@id\":\"https:\\\/\\\/mwc-cmm.org\\\/en\\\/#organization\"},\"image\":{\"@id\":\"https:\\\/\\\/mwc-cmm.org\\\/es\\\/stories\\\/una-familia-que-ora-unos-por-otros\\\/#primaryimage\"},\"thumbnailUrl\":\"https:\\\/\\\/mwc-cmm.org\\\/wp-content\\\/uploads\\\/2024\\\/11\\\/oph_sept_8_-_preshit.jpg\",\"articleSection\":[\"Sin categorizar\"],\"inLanguage\":\"es\"},{\"@type\":\"WebPage\",\"@id\":\"https:\\\/\\\/mwc-cmm.org\\\/es\\\/stories\\\/una-familia-que-ora-unos-por-otros\\\/\",\"url\":\"https:\\\/\\\/mwc-cmm.org\\\/es\\\/stories\\\/una-familia-que-ora-unos-por-otros\\\/\",\"name\":\"Una familia que ora unos por otros - Mennonite World Conference\",\"isPartOf\":{\"@id\":\"https:\\\/\\\/mwc-cmm.org\\\/en\\\/#website\"},\"primaryImageOfPage\":{\"@id\":\"https:\\\/\\\/mwc-cmm.org\\\/es\\\/stories\\\/una-familia-que-ora-unos-por-otros\\\/#primaryimage\"},\"image\":{\"@id\":\"https:\\\/\\\/mwc-cmm.org\\\/es\\\/stories\\\/una-familia-que-ora-unos-por-otros\\\/#primaryimage\"},\"thumbnailUrl\":\"https:\\\/\\\/mwc-cmm.org\\\/wp-content\\\/uploads\\\/2024\\\/11\\\/oph_sept_8_-_preshit.jpg\",\"datePublished\":\"2022-12-16T00:00:00+00:00\",\"dateModified\":\"2024-12-10T18:05:13+00:00\",\"breadcrumb\":{\"@id\":\"https:\\\/\\\/mwc-cmm.org\\\/es\\\/stories\\\/una-familia-que-ora-unos-por-otros\\\/#breadcrumb\"},\"inLanguage\":\"es\",\"potentialAction\":[{\"@type\":\"ReadAction\",\"target\":[\"https:\\\/\\\/mwc-cmm.org\\\/es\\\/stories\\\/una-familia-que-ora-unos-por-otros\\\/\"]}]},{\"@type\":\"ImageObject\",\"inLanguage\":\"es\",\"@id\":\"https:\\\/\\\/mwc-cmm.org\\\/es\\\/stories\\\/una-familia-que-ora-unos-por-otros\\\/#primaryimage\",\"url\":\"https:\\\/\\\/mwc-cmm.org\\\/wp-content\\\/uploads\\\/2024\\\/11\\\/oph_sept_8_-_preshit.jpg\",\"contentUrl\":\"https:\\\/\\\/mwc-cmm.org\\\/wp-content\\\/uploads\\\/2024\\\/11\\\/oph_sept_8_-_preshit.jpg\",\"width\":1237,\"height\":825},{\"@type\":\"BreadcrumbList\",\"@id\":\"https:\\\/\\\/mwc-cmm.org\\\/es\\\/stories\\\/una-familia-que-ora-unos-por-otros\\\/#breadcrumb\",\"itemListElement\":[{\"@type\":\"ListItem\",\"position\":1,\"name\":\"Home\",\"item\":\"https:\\\/\\\/mwc-cmm.org\\\/es\\\/\"},{\"@type\":\"ListItem\",\"position\":2,\"name\":\"Una familia que ora unos por otros\"}]},{\"@type\":\"WebSite\",\"@id\":\"https:\\\/\\\/mwc-cmm.org\\\/en\\\/#website\",\"url\":\"https:\\\/\\\/mwc-cmm.org\\\/en\\\/\",\"name\":\"Mennonite World Conference\",\"description\":\"A communion of Anabaptist-related churches\",\"publisher\":{\"@id\":\"https:\\\/\\\/mwc-cmm.org\\\/en\\\/#organization\"},\"alternateName\":\"MWC\",\"potentialAction\":[{\"@type\":\"SearchAction\",\"target\":{\"@type\":\"EntryPoint\",\"urlTemplate\":\"https:\\\/\\\/mwc-cmm.org\\\/en\\\/?s={search_term_string}\"},\"query-input\":{\"@type\":\"PropertyValueSpecification\",\"valueRequired\":true,\"valueName\":\"search_term_string\"}}],\"inLanguage\":\"es\"},{\"@type\":\"Organization\",\"@id\":\"https:\\\/\\\/mwc-cmm.org\\\/en\\\/#organization\",\"name\":\"Mennonite World Conference\",\"alternateName\":\"MWC\",\"url\":\"https:\\\/\\\/mwc-cmm.org\\\/en\\\/\",\"logo\":{\"@type\":\"ImageObject\",\"inLanguage\":\"es\",\"@id\":\"https:\\\/\\\/mwc-cmm.org\\\/en\\\/#\\\/schema\\\/logo\\\/image\\\/\",\"url\":\"https:\\\/\\\/mwc-cmm.org\\\/wp-content\\\/uploads\\\/2026\\\/01\\\/MWC_Sig_Blue_Horiz_webheader1-logo.svg\",\"contentUrl\":\"https:\\\/\\\/mwc-cmm.org\\\/wp-content\\\/uploads\\\/2026\\\/01\\\/MWC_Sig_Blue_Horiz_webheader1-logo.svg\",\"width\":786,\"height\":82,\"caption\":\"Mennonite World Conference\"},\"image\":{\"@id\":\"https:\\\/\\\/mwc-cmm.org\\\/en\\\/#\\\/schema\\\/logo\\\/image\\\/\"},\"sameAs\":[\"https:\\\/\\\/www.facebook.com\\\/MennoniteWorldConference\",\"https:\\\/\\\/www.linkedin.com\\\/company\\\/mennonite-world-conference-mwc\\\/\",\"https:\\\/\\\/www.instagram.com\\\/mwcmm\\\/\",\"https:\\\/\\\/www.youtube.com\\\/user\\\/mwccmm\",\"https:\\\/\\\/bsky.app\\\/profile\\\/mwcmm.bsky.social\"]},{\"@type\":\"Person\",\"@id\":\"https:\\\/\\\/mwc-cmm.org\\\/en\\\/#\\\/schema\\\/person\\\/11f6ae0d7d1868ba20a1cc27f067c836\",\"name\":\"mennworldcon\",\"image\":{\"@type\":\"ImageObject\",\"inLanguage\":\"es\",\"@id\":\"https:\\\/\\\/secure.gravatar.com\\\/avatar\\\/06fdc0dc81c157dfdb82ec42f252178a22307808988d22c043f9eb96f1e0fe80?s=96&d=mm&r=g\",\"url\":\"https:\\\/\\\/secure.gravatar.com\\\/avatar\\\/06fdc0dc81c157dfdb82ec42f252178a22307808988d22c043f9eb96f1e0fe80?s=96&d=mm&r=g\",\"contentUrl\":\"https:\\\/\\\/secure.gravatar.com\\\/avatar\\\/06fdc0dc81c157dfdb82ec42f252178a22307808988d22c043f9eb96f1e0fe80?s=96&d=mm&r=g\",\"caption\":\"mennworldcon\"},\"sameAs\":[\"https:\\\/\\\/mwc-cmm.org\"],\"url\":\"https:\\\/\\\/mwc-cmm.org\\\/es\\\/stories\\\/author\\\/mennworldcon\\\/\"}]}<\/script>\n<!-- \/ Yoast SEO plugin. -->","yoast_head_json":{"title":"Una familia que ora unos por otros - Mennonite World Conference","robots":{"index":"index","follow":"follow","max-snippet":"max-snippet:-1","max-image-preview":"max-image-preview:large","max-video-preview":"max-video-preview:-1"},"canonical":"https:\/\/mwc-cmm.org\/es\/stories\/una-familia-que-ora-unos-por-otros\/","og_locale":"es_ES","og_type":"article","og_title":"Una familia que ora unos por otros - Mennonite World Conference","og_description":"\u201cHan estado con nosotros a pesar de que estaban lejos de nosotros. Nos ayudaron con sus mensajes y llamadas,\u201d dice Kyendr\u00e9b\u00e9ogo Wendyam Natacha.&nbsp; La joven, que recientemente complet\u00f3 una asignaci\u00f3n de YAMEN con el CMM, present\u00f3 una actualizaci\u00f3n durante la Hora de Oraci\u00f3n En l\u00ednea de noviembre a las personas, de tres docenas de pa\u00edses, [&hellip;]","og_url":"https:\/\/mwc-cmm.org\/es\/stories\/una-familia-que-ora-unos-por-otros\/","og_site_name":"Mennonite World Conference","article_publisher":"https:\/\/www.facebook.com\/MennoniteWorldConference","article_published_time":"2022-12-16T00:00:00+00:00","article_modified_time":"2024-12-10T18:05:13+00:00","og_image":[{"width":1237,"height":825,"url":"https:\/\/mwc-cmm.org\/wp-content\/uploads\/2024\/11\/oph_sept_8_-_preshit.jpg","type":"image\/jpeg"}],"author":"mennworldcon","schema":{"@context":"https:\/\/schema.org","@graph":[{"@type":"Article","@id":"https:\/\/mwc-cmm.org\/es\/stories\/una-familia-que-ora-unos-por-otros\/#article","isPartOf":{"@id":"https:\/\/mwc-cmm.org\/es\/stories\/una-familia-que-ora-unos-por-otros\/"},"author":{"name":"mennworldcon","@id":"https:\/\/mwc-cmm.org\/en\/#\/schema\/person\/11f6ae0d7d1868ba20a1cc27f067c836"},"headline":"Una familia que ora unos por otros","datePublished":"2022-12-16T00:00:00+00:00","dateModified":"2024-12-10T18:05:13+00:00","mainEntityOfPage":{"@id":"https:\/\/mwc-cmm.org\/es\/stories\/una-familia-que-ora-unos-por-otros\/"},"wordCount":692,"publisher":{"@id":"https:\/\/mwc-cmm.org\/en\/#organization"},"image":{"@id":"https:\/\/mwc-cmm.org\/es\/stories\/una-familia-que-ora-unos-por-otros\/#primaryimage"},"thumbnailUrl":"https:\/\/mwc-cmm.org\/wp-content\/uploads\/2024\/11\/oph_sept_8_-_preshit.jpg","articleSection":["Sin categorizar"],"inLanguage":"es"},{"@type":"WebPage","@id":"https:\/\/mwc-cmm.org\/es\/stories\/una-familia-que-ora-unos-por-otros\/","url":"https:\/\/mwc-cmm.org\/es\/stories\/una-familia-que-ora-unos-por-otros\/","name":"Una familia que ora unos por otros - Mennonite World Conference","isPartOf":{"@id":"https:\/\/mwc-cmm.org\/en\/#website"},"primaryImageOfPage":{"@id":"https:\/\/mwc-cmm.org\/es\/stories\/una-familia-que-ora-unos-por-otros\/#primaryimage"},"image":{"@id":"https:\/\/mwc-cmm.org\/es\/stories\/una-familia-que-ora-unos-por-otros\/#primaryimage"},"thumbnailUrl":"https:\/\/mwc-cmm.org\/wp-content\/uploads\/2024\/11\/oph_sept_8_-_preshit.jpg","datePublished":"2022-12-16T00:00:00+00:00","dateModified":"2024-12-10T18:05:13+00:00","breadcrumb":{"@id":"https:\/\/mwc-cmm.org\/es\/stories\/una-familia-que-ora-unos-por-otros\/#breadcrumb"},"inLanguage":"es","potentialAction":[{"@type":"ReadAction","target":["https:\/\/mwc-cmm.org\/es\/stories\/una-familia-que-ora-unos-por-otros\/"]}]},{"@type":"ImageObject","inLanguage":"es","@id":"https:\/\/mwc-cmm.org\/es\/stories\/una-familia-que-ora-unos-por-otros\/#primaryimage","url":"https:\/\/mwc-cmm.org\/wp-content\/uploads\/2024\/11\/oph_sept_8_-_preshit.jpg","contentUrl":"https:\/\/mwc-cmm.org\/wp-content\/uploads\/2024\/11\/oph_sept_8_-_preshit.jpg","width":1237,"height":825},{"@type":"BreadcrumbList","@id":"https:\/\/mwc-cmm.org\/es\/stories\/una-familia-que-ora-unos-por-otros\/#breadcrumb","itemListElement":[{"@type":"ListItem","position":1,"name":"Home","item":"https:\/\/mwc-cmm.org\/es\/"},{"@type":"ListItem","position":2,"name":"Una familia que ora unos por otros"}]},{"@type":"WebSite","@id":"https:\/\/mwc-cmm.org\/en\/#website","url":"https:\/\/mwc-cmm.org\/en\/","name":"Mennonite World Conference","description":"A communion of Anabaptist-related churches","publisher":{"@id":"https:\/\/mwc-cmm.org\/en\/#organization"},"alternateName":"MWC","potentialAction":[{"@type":"SearchAction","target":{"@type":"EntryPoint","urlTemplate":"https:\/\/mwc-cmm.org\/en\/?s={search_term_string}"},"query-input":{"@type":"PropertyValueSpecification","valueRequired":true,"valueName":"search_term_string"}}],"inLanguage":"es"},{"@type":"Organization","@id":"https:\/\/mwc-cmm.org\/en\/#organization","name":"Mennonite World Conference","alternateName":"MWC","url":"https:\/\/mwc-cmm.org\/en\/","logo":{"@type":"ImageObject","inLanguage":"es","@id":"https:\/\/mwc-cmm.org\/en\/#\/schema\/logo\/image\/","url":"https:\/\/mwc-cmm.org\/wp-content\/uploads\/2026\/01\/MWC_Sig_Blue_Horiz_webheader1-logo.svg","contentUrl":"https:\/\/mwc-cmm.org\/wp-content\/uploads\/2026\/01\/MWC_Sig_Blue_Horiz_webheader1-logo.svg","width":786,"height":82,"caption":"Mennonite World Conference"},"image":{"@id":"https:\/\/mwc-cmm.org\/en\/#\/schema\/logo\/image\/"},"sameAs":["https:\/\/www.facebook.com\/MennoniteWorldConference","https:\/\/www.linkedin.com\/company\/mennonite-world-conference-mwc\/","https:\/\/www.instagram.com\/mwcmm\/","https:\/\/www.youtube.com\/user\/mwccmm","https:\/\/bsky.app\/profile\/mwcmm.bsky.social"]},{"@type":"Person","@id":"https:\/\/mwc-cmm.org\/en\/#\/schema\/person\/11f6ae0d7d1868ba20a1cc27f067c836","name":"mennworldcon","image":{"@type":"ImageObject","inLanguage":"es","@id":"https:\/\/secure.gravatar.com\/avatar\/06fdc0dc81c157dfdb82ec42f252178a22307808988d22c043f9eb96f1e0fe80?s=96&d=mm&r=g","url":"https:\/\/secure.gravatar.com\/avatar\/06fdc0dc81c157dfdb82ec42f252178a22307808988d22c043f9eb96f1e0fe80?s=96&d=mm&r=g","contentUrl":"https:\/\/secure.gravatar.com\/avatar\/06fdc0dc81c157dfdb82ec42f252178a22307808988d22c043f9eb96f1e0fe80?s=96&d=mm&r=g","caption":"mennworldcon"},"sameAs":["https:\/\/mwc-cmm.org"],"url":"https:\/\/mwc-cmm.org\/es\/stories\/author\/mennworldcon\/"}]}},"_links":{"self":[{"href":"https:\/\/mwc-cmm.org\/es\/wp-json\/wp\/v2\/posts\/9305","targetHints":{"allow":["GET"]}}],"collection":[{"href":"https:\/\/mwc-cmm.org\/es\/wp-json\/wp\/v2\/posts"}],"about":[{"href":"https:\/\/mwc-cmm.org\/es\/wp-json\/wp\/v2\/types\/post"}],"author":[{"embeddable":true,"href":"https:\/\/mwc-cmm.org\/es\/wp-json\/wp\/v2\/users\/1"}],"replies":[{"embeddable":true,"href":"https:\/\/mwc-cmm.org\/es\/wp-json\/wp\/v2\/comments?post=9305"}],"version-history":[{"count":0,"href":"https:\/\/mwc-cmm.org\/es\/wp-json\/wp\/v2\/posts\/9305\/revisions"}],"wp:featuredmedia":[{"embeddable":true,"href":"https:\/\/mwc-cmm.org\/es\/wp-json\/wp\/v2\/media\/96126"}],"wp:attachment":[{"href":"https:\/\/mwc-cmm.org\/es\/wp-json\/wp\/v2\/media?parent=9305"}],"wp:term":[{"taxonomy":"category","embeddable":true,"href":"https:\/\/mwc-cmm.org\/es\/wp-json\/wp\/v2\/categories?post=9305"},{"taxonomy":"post_tag","embeddable":true,"href":"https:\/\/mwc-cmm.org\/es\/wp-json\/wp\/v2\/tags?post=9305"},{"taxonomy":"network","embeddable":true,"href":"https:\/\/mwc-cmm.org\/es\/wp-json\/wp\/v2\/network?post=9305"},{"taxonomy":"eventcategory","embeddable":true,"href":"https:\/\/mwc-cmm.org\/es\/wp-json\/wp\/v2\/eventcategory?post=9305"}],"curies":[{"name":"wp","href":"https:\/\/api.w.org\/{rel}","templated":true}]}}