{"id":9303,"date":"2022-12-16T00:00:00","date_gmt":"2022-12-16T00:00:00","guid":{"rendered":"https:\/\/mwc-cmm.org\/all-voices-praising-jesus-together-in-uruguay-2\/"},"modified":"2024-12-10T18:05:12","modified_gmt":"2024-12-10T18:05:12","slug":"todas-las-voces-juntas-alabando-jesus-en-uruguay","status":"publish","type":"post","link":"https:\/\/mwc-cmm.org\/es\/stories\/todas-las-voces-juntas-alabando-jesus-en-uruguay\/","title":{"rendered":"Todas las voces juntas alabando a Jes\u00fas en Uruguay"},"content":{"rendered":"<h2>Navidad alrededor del mundo&nbsp;<\/h2>\n<p>La Navidad consiste en muchas reuniones familiares para escuchar la historia de la Navidad y, recordar el mensaje de esperanza y paz que Jes\u00fas vino a dar a conocer al mundo.&nbsp;<\/p>\n<p>En la mayor\u00eda de los casos, pasamos alg\u00fan tiempo en la piscina, bebemos mate (t\u00e9) y tenemos una cena sencilla. Pero lo \u00fanico que no se puede perder en nuestras fiestas de Navidad es el momento despu\u00e9s de la cena, cuando una campana llama a todas las personas presentes a una habitaci\u00f3n especial (uno de mis primos usa un cencerro). Una vez que todas las personas presentes est\u00e1n sentadas y la luz se haya atenuado, uno de nosotros lee la historia b\u00edblica y comparte algo que fue m\u00e1s significativo de esta historia para \u00e9l o ella. Luego, otras personas intervienen contando sus propios aprendizajes, creando un ambiente muy especial de acci\u00f3n de gracias y aliento en nuestra fe.&nbsp;&nbsp;<\/p>\n<p>Y luego, mi momento favorito: alguien va al piano y cantamos en forma conjunta hermosas canciones navide\u00f1as. Algunas personas cantan mejor, otras menos, pero me conmueve escuchar todas nuestras voces alabando a Jes\u00fas juntas. Desde que era ni\u00f1a, estos momentos siempre han sido muy preciados para m\u00ed.&nbsp;&nbsp;<\/p>\n<p>Para terminar la noche, tenemos postre y se reparten algunos obsequios.&nbsp;<\/p>\n<p>Me encanta la sencillez de nuestras fiestas navide\u00f1as en las cuales nos reunimos para disfrutar de la compa\u00f1\u00eda de la otra persona y recordar a quien nos mantiene en unidad.&nbsp;<\/p>\n<p><em>Valentina Kunze, Uruguay&nbsp;<\/em><\/p>\n<table style=\"width:100%\">\n<tbody>\n<tr>\n<td style=\"width:509px; border-color:rgb(255, 255, 255)\">\n<p style=\"text-align:center\"><img decoding=\"async\" alt=\"\" data-src=\"\/sites\/default\/files\/website_files_2020\/img_1139.jpg\" width=\"267\" height=\"200\" src=\"data:image\/svg+xml;base64,PHN2ZyB3aWR0aD0iMSIgaGVpZ2h0PSIxIiB4bWxucz0iaHR0cDovL3d3dy53My5vcmcvMjAwMC9zdmciPjwvc3ZnPg==\" class=\"lazyload\" style=\"--smush-placeholder-width: 267px; --smush-placeholder-aspect-ratio: 267\/200;\"><\/p>\n<p>&nbsp;<\/p>\n<\/td>\n<td style=\"width:539px; border-color:rgb(255, 255, 255)\">\n<p style=\"text-align:center\"><img decoding=\"async\" alt=\"\" data-src=\"\/sites\/default\/files\/website_files_2020\/img_5007.jpg\" width=\"356\" height=\"200\" src=\"data:image\/svg+xml;base64,PHN2ZyB3aWR0aD0iMSIgaGVpZ2h0PSIxIiB4bWxucz0iaHR0cDovL3d3dy53My5vcmcvMjAwMC9zdmciPjwvc3ZnPg==\" class=\"lazyload\" style=\"--smush-placeholder-width: 356px; --smush-placeholder-aspect-ratio: 356\/200;\"><\/p>\n<p>&nbsp;<\/p>\n<\/td>\n<\/tr>\n<\/tbody>\n<\/table>\n<p>&nbsp;<\/p>\n<table style=\"width:100%; margin:auto; color:#000000\">\n<tbody>\n<tr>\n<td>\n<h2 style=\"font-size:2em; padding:12px; margin:0.5em 0\">Navidad alrededor del mundo<\/h2>\n<\/td>\n<\/tr>\n<tr>\n<td style=\"width:90%; vertical-align:top\">\n<table style=\"color:#000000; font-size:1.0em; margin-top:0\">\n<tbody>\n<tr>\n<td style=\"width:184px; padding:3px 3px 3px 0; vertical-align:top\">\n<div style=\"padding:1px; border:1px solid #2c8ccc\">\n<figure><img decoding=\"async\" alt=\"\" data-src=\"https:\/\/mwc-cmm.org\/sites\/default\/files\/styles\/newsletter_thumb\/public\/featured-images\/christmas_valery.png?itok=zZQKGZG7\" width=\"200\" height=\"150\" src=\"data:image\/svg+xml;base64,PHN2ZyB3aWR0aD0iMSIgaGVpZ2h0PSIxIiB4bWxucz0iaHR0cDovL3d3dy53My5vcmcvMjAwMC9zdmciPjwvc3ZnPg==\" class=\"lazyload\" style=\"--smush-placeholder-width: 200px; --smush-placeholder-aspect-ratio: 200\/150;\"><\/figure>\n<\/p><\/div>\n<\/td>\n<td style=\"padding:12px 6px; vertical-align:top\">\n<h3>Alegr\u00eda y amor: vigilia nocturna en Kenia<\/h3>\n<p>Esta tradici\u00f3n siempre me recuerda la alegr\u00eda y el amor que nos tenemos como comunidad. Reunirse para compartir comidas y contar historias suele ser la mejor parte, pero lo m\u00e1s sorprendente y un momento maravilloso es durante la vigilia nocturna cuando uno se conecta con Jes\u00fas a trav\u00e9s de la alabanza y la adoraci\u00f3n, brindando un sentido de pertenencia y restaurando la esperanza de comenzar de nuevo con el nacimiento de Cristo.<\/p>\n<p>\t\t\t\t\t\t<a href=\"https:\/\/mwc-cmm.org\/es\/node\/4544\">Leer m\u00e1s<\/a><\/td>\n<\/tr>\n<tr>\n<td style=\"width:184px; padding:12px 6px 12px 0; vertical-align:top\">\n<div style=\"padding:1px; border:1px solid #2c8ccc\">\n<figure><img decoding=\"async\" alt=\"\" data-src=\"https:\/\/mwc-cmm.org\/sites\/default\/files\/styles\/newsletter_thumb\/public\/featured-images\/2022-noa-fechner-img-20211215-wa0002.jpg?itok=0pS0zVYq\" width=\"180\" height=\"135\" src=\"data:image\/svg+xml;base64,PHN2ZyB3aWR0aD0iMSIgaGVpZ2h0PSIxIiB4bWxucz0iaHR0cDovL3d3dy53My5vcmcvMjAwMC9zdmciPjwvc3ZnPg==\" class=\"lazyload\" style=\"--smush-placeholder-width: 180px; --smush-placeholder-aspect-ratio: 180\/135;\"><\/figure>\n<\/p><\/div>\n<\/td>\n<td style=\"padding:12px 6px; vertical-align:top\">\n<h3>Compartiendo amor \u2013 con chispitas \u2013 en Alemania<\/h3>\n<p>Navidad alrededor del mundo Hay tantas tradiciones diferentes que tenemos para la Navidad en Alemania, pero mi favorita de todas es hornear galletas navide\u00f1as. Horneamos desde mediados de noviembre hasta Navidad: m\u00e1s de una vez porque las galletas son consumidas bastante r\u00e1pido. Las primeras&#8230;<\/p>\n<p>\t\t\t\t\t\t<a href=\"https:\/\/mwc-cmm.org\/es\/node\/4554\">Leer m\u00e1s<\/a><\/td>\n<\/tr>\n<tr>\n<td style=\"width:184px; padding:12px 6px 12px 0; vertical-align:top\">\n<div style=\"padding:1px; border:1px solid #2c8ccc\">\n<figure><img decoding=\"async\" alt=\"\" data-src=\"https:\/\/mwc-cmm.org\/sites\/default\/files\/styles\/newsletter_thumb\/public\/featured-images\/img-20191218-wa0058.jpg?itok=sArMdpMV\" width=\"180\" height=\"135\" src=\"data:image\/svg+xml;base64,PHN2ZyB3aWR0aD0iMSIgaGVpZ2h0PSIxIiB4bWxucz0iaHR0cDovL3d3dy53My5vcmcvMjAwMC9zdmciPjwvc3ZnPg==\" class=\"lazyload\" style=\"--smush-placeholder-width: 180px; --smush-placeholder-aspect-ratio: 180\/135;\"><\/figure>\n<\/p><\/div>\n<\/td>\n<td style=\"padding:12px 6px; vertical-align:top\">\n<h3>Un mes de celebraci\u00f3n de Charni Daan<\/h3>\n<p>En India, la Navidad se celebra con gran entusiasmo, desde mediados de noviembre hasta A\u00f1o Nuevo. La Navidad es m\u00e1s especial porque tenemos la oportunidad de reunirnos con nuestra familia y amistades.<\/p>\n<p>\t\t\t\t\t\t<a href=\"https:\/\/mwc-cmm.org\/es\/node\/4555\">Leer m\u00e1s<\/a><\/td>\n<\/tr>\n<tr>\n<td style=\"width:184px; padding:12px 6px 12px 0; vertical-align:top\">\n<div style=\"padding:1px; border:1px solid #2c8ccc\">\n<figure><img decoding=\"async\" alt=\"\" data-src=\"https:\/\/mwc-cmm.org\/sites\/default\/files\/styles\/newsletter_thumb\/public\/featured-images\/20220704windhiarsariwndr0899.jpg?itok=eufNRgPM\" width=\"180\" height=\"135\" src=\"data:image\/svg+xml;base64,PHN2ZyB3aWR0aD0iMSIgaGVpZ2h0PSIxIiB4bWxucz0iaHR0cDovL3d3dy53My5vcmcvMjAwMC9zdmciPjwvc3ZnPg==\" class=\"lazyload\" style=\"--smush-placeholder-width: 180px; --smush-placeholder-aspect-ratio: 180\/135;\"><\/figure>\n<\/p><\/div>\n<\/td>\n<td style=\"padding:12px 6px; vertical-align:top\">\n<h3>Una luz del evangelio en los EE.UU.<\/h3>\n<p>Navidad alrededor del mundo Cada a\u00f1o, el 24 de diciembre, mi familia va al servicio de Nochebuena en la \u2018Park View Mennonite Church\u2019 en Harrisonburg, Virginia. Es un servicio tradicional de \u00ablecciones y villancicos\u00bb, en el cual leemos la historia de Navidad de Lucas y cantamos los himnos que la&#8230;<\/p>\n<p>\t\t\t\t\t\t<a href=\"https:\/\/mwc-cmm.org\/es\/node\/4575\">Leer m\u00e1s<\/a><\/td>\n<\/tr>\n<\/tbody>\n<\/table>\n<\/td>\n<\/tr>\n<\/tbody>\n<\/table>\n","protected":false},"excerpt":{"rendered":"<p>Me encanta la sencillez de nuestras fiestas navide\u00f1as en las cuales nos reunimos para disfrutar de la compa\u00f1\u00eda de la otra persona y recordar a quien nos mantiene en unidad.&nbsp;<\/p>\n","protected":false},"author":1,"featured_media":11243,"comment_status":"closed","ping_status":"closed","sticky":false,"template":"","format":"standard","meta":{"_acf_changed":false,"footnotes":""},"categories":[6],"tags":[],"network":[1284],"eventcategory":[],"class_list":["post-9303","post","type-post","status-publish","format-standard","has-post-thumbnail","hentry","category-sin-categorizar","network-young-anabaptists-es"],"acf":[],"yoast_head":"<!-- This site is optimized with the Yoast SEO plugin v27.5 - https:\/\/yoast.com\/product\/yoast-seo-wordpress\/ -->\n<title>Todas las voces juntas alabando a Jes\u00fas en Uruguay - Mennonite World Conference<\/title>\n<meta name=\"robots\" content=\"index, follow, max-snippet:-1, max-image-preview:large, max-video-preview:-1\" \/>\n<link rel=\"canonical\" href=\"https:\/\/mwc-cmm.org\/es\/stories\/todas-las-voces-juntas-alabando-jesus-en-uruguay\/\" \/>\n<meta property=\"og:locale\" content=\"es_ES\" \/>\n<meta property=\"og:type\" content=\"article\" \/>\n<meta property=\"og:title\" content=\"Todas las voces juntas alabando a Jes\u00fas en Uruguay - Mennonite World Conference\" \/>\n<meta property=\"og:description\" content=\"Me encanta la sencillez de nuestras fiestas navide\u00f1as en las cuales nos reunimos para disfrutar de la compa\u00f1\u00eda de la otra persona y recordar a quien nos mantiene en unidad.&nbsp;\" \/>\n<meta property=\"og:url\" content=\"https:\/\/mwc-cmm.org\/es\/stories\/todas-las-voces-juntas-alabando-jesus-en-uruguay\/\" \/>\n<meta property=\"og:site_name\" content=\"Mennonite World Conference\" \/>\n<meta property=\"article:publisher\" content=\"https:\/\/www.facebook.com\/MennoniteWorldConference\" \/>\n<meta property=\"article:published_time\" content=\"2022-12-16T00:00:00+00:00\" \/>\n<meta property=\"article:modified_time\" content=\"2024-12-10T18:05:12+00:00\" \/>\n<meta property=\"og:image\" content=\"https:\/\/mwc-cmm.org\/wp-content\/uploads\/2024\/10\/img_0793.jpg\" \/>\n\t<meta property=\"og:image:width\" content=\"180\" \/>\n\t<meta property=\"og:image:height\" content=\"135\" \/>\n\t<meta property=\"og:image:type\" content=\"image\/jpeg\" \/>\n<meta name=\"author\" content=\"mennworldcon\" \/>\n<script type=\"application\/ld+json\" class=\"yoast-schema-graph\">{\"@context\":\"https:\\\/\\\/schema.org\",\"@graph\":[{\"@type\":\"Article\",\"@id\":\"https:\\\/\\\/mwc-cmm.org\\\/es\\\/stories\\\/todas-las-voces-juntas-alabando-jesus-en-uruguay\\\/#article\",\"isPartOf\":{\"@id\":\"https:\\\/\\\/mwc-cmm.org\\\/es\\\/stories\\\/todas-las-voces-juntas-alabando-jesus-en-uruguay\\\/\"},\"author\":{\"name\":\"mennworldcon\",\"@id\":\"https:\\\/\\\/mwc-cmm.org\\\/en\\\/#\\\/schema\\\/person\\\/11f6ae0d7d1868ba20a1cc27f067c836\"},\"headline\":\"Todas las voces juntas alabando a Jes\u00fas en Uruguay\",\"datePublished\":\"2022-12-16T00:00:00+00:00\",\"dateModified\":\"2024-12-10T18:05:12+00:00\",\"mainEntityOfPage\":{\"@id\":\"https:\\\/\\\/mwc-cmm.org\\\/es\\\/stories\\\/todas-las-voces-juntas-alabando-jesus-en-uruguay\\\/\"},\"wordCount\":535,\"publisher\":{\"@id\":\"https:\\\/\\\/mwc-cmm.org\\\/en\\\/#organization\"},\"image\":{\"@id\":\"https:\\\/\\\/mwc-cmm.org\\\/es\\\/stories\\\/todas-las-voces-juntas-alabando-jesus-en-uruguay\\\/#primaryimage\"},\"thumbnailUrl\":\"https:\\\/\\\/mwc-cmm.org\\\/wp-content\\\/uploads\\\/2024\\\/10\\\/img_0793.jpg\",\"articleSection\":[\"Sin categorizar\"],\"inLanguage\":\"es\"},{\"@type\":\"WebPage\",\"@id\":\"https:\\\/\\\/mwc-cmm.org\\\/es\\\/stories\\\/todas-las-voces-juntas-alabando-jesus-en-uruguay\\\/\",\"url\":\"https:\\\/\\\/mwc-cmm.org\\\/es\\\/stories\\\/todas-las-voces-juntas-alabando-jesus-en-uruguay\\\/\",\"name\":\"Todas las voces juntas alabando a Jes\u00fas en Uruguay - Mennonite World Conference\",\"isPartOf\":{\"@id\":\"https:\\\/\\\/mwc-cmm.org\\\/en\\\/#website\"},\"primaryImageOfPage\":{\"@id\":\"https:\\\/\\\/mwc-cmm.org\\\/es\\\/stories\\\/todas-las-voces-juntas-alabando-jesus-en-uruguay\\\/#primaryimage\"},\"image\":{\"@id\":\"https:\\\/\\\/mwc-cmm.org\\\/es\\\/stories\\\/todas-las-voces-juntas-alabando-jesus-en-uruguay\\\/#primaryimage\"},\"thumbnailUrl\":\"https:\\\/\\\/mwc-cmm.org\\\/wp-content\\\/uploads\\\/2024\\\/10\\\/img_0793.jpg\",\"datePublished\":\"2022-12-16T00:00:00+00:00\",\"dateModified\":\"2024-12-10T18:05:12+00:00\",\"breadcrumb\":{\"@id\":\"https:\\\/\\\/mwc-cmm.org\\\/es\\\/stories\\\/todas-las-voces-juntas-alabando-jesus-en-uruguay\\\/#breadcrumb\"},\"inLanguage\":\"es\",\"potentialAction\":[{\"@type\":\"ReadAction\",\"target\":[\"https:\\\/\\\/mwc-cmm.org\\\/es\\\/stories\\\/todas-las-voces-juntas-alabando-jesus-en-uruguay\\\/\"]}]},{\"@type\":\"ImageObject\",\"inLanguage\":\"es\",\"@id\":\"https:\\\/\\\/mwc-cmm.org\\\/es\\\/stories\\\/todas-las-voces-juntas-alabando-jesus-en-uruguay\\\/#primaryimage\",\"url\":\"https:\\\/\\\/mwc-cmm.org\\\/wp-content\\\/uploads\\\/2024\\\/10\\\/img_0793.jpg\",\"contentUrl\":\"https:\\\/\\\/mwc-cmm.org\\\/wp-content\\\/uploads\\\/2024\\\/10\\\/img_0793.jpg\",\"width\":180,\"height\":135},{\"@type\":\"BreadcrumbList\",\"@id\":\"https:\\\/\\\/mwc-cmm.org\\\/es\\\/stories\\\/todas-las-voces-juntas-alabando-jesus-en-uruguay\\\/#breadcrumb\",\"itemListElement\":[{\"@type\":\"ListItem\",\"position\":1,\"name\":\"Home\",\"item\":\"https:\\\/\\\/mwc-cmm.org\\\/es\\\/\"},{\"@type\":\"ListItem\",\"position\":2,\"name\":\"Todas las voces juntas alabando a Jes\u00fas en Uruguay\"}]},{\"@type\":\"WebSite\",\"@id\":\"https:\\\/\\\/mwc-cmm.org\\\/en\\\/#website\",\"url\":\"https:\\\/\\\/mwc-cmm.org\\\/en\\\/\",\"name\":\"Mennonite World Conference\",\"description\":\"A communion of Anabaptist-related churches\",\"publisher\":{\"@id\":\"https:\\\/\\\/mwc-cmm.org\\\/en\\\/#organization\"},\"alternateName\":\"MWC\",\"potentialAction\":[{\"@type\":\"SearchAction\",\"target\":{\"@type\":\"EntryPoint\",\"urlTemplate\":\"https:\\\/\\\/mwc-cmm.org\\\/en\\\/?s={search_term_string}\"},\"query-input\":{\"@type\":\"PropertyValueSpecification\",\"valueRequired\":true,\"valueName\":\"search_term_string\"}}],\"inLanguage\":\"es\"},{\"@type\":\"Organization\",\"@id\":\"https:\\\/\\\/mwc-cmm.org\\\/en\\\/#organization\",\"name\":\"Mennonite World Conference\",\"alternateName\":\"MWC\",\"url\":\"https:\\\/\\\/mwc-cmm.org\\\/en\\\/\",\"logo\":{\"@type\":\"ImageObject\",\"inLanguage\":\"es\",\"@id\":\"https:\\\/\\\/mwc-cmm.org\\\/en\\\/#\\\/schema\\\/logo\\\/image\\\/\",\"url\":\"https:\\\/\\\/mwc-cmm.org\\\/wp-content\\\/uploads\\\/2026\\\/01\\\/MWC_Sig_Blue_Horiz_webheader1-logo.svg\",\"contentUrl\":\"https:\\\/\\\/mwc-cmm.org\\\/wp-content\\\/uploads\\\/2026\\\/01\\\/MWC_Sig_Blue_Horiz_webheader1-logo.svg\",\"width\":786,\"height\":82,\"caption\":\"Mennonite World Conference\"},\"image\":{\"@id\":\"https:\\\/\\\/mwc-cmm.org\\\/en\\\/#\\\/schema\\\/logo\\\/image\\\/\"},\"sameAs\":[\"https:\\\/\\\/www.facebook.com\\\/MennoniteWorldConference\",\"https:\\\/\\\/www.linkedin.com\\\/company\\\/mennonite-world-conference-mwc\\\/\",\"https:\\\/\\\/www.instagram.com\\\/mwcmm\\\/\",\"https:\\\/\\\/www.youtube.com\\\/user\\\/mwccmm\",\"https:\\\/\\\/bsky.app\\\/profile\\\/mwcmm.bsky.social\"]},{\"@type\":\"Person\",\"@id\":\"https:\\\/\\\/mwc-cmm.org\\\/en\\\/#\\\/schema\\\/person\\\/11f6ae0d7d1868ba20a1cc27f067c836\",\"name\":\"mennworldcon\",\"image\":{\"@type\":\"ImageObject\",\"inLanguage\":\"es\",\"@id\":\"https:\\\/\\\/secure.gravatar.com\\\/avatar\\\/06fdc0dc81c157dfdb82ec42f252178a22307808988d22c043f9eb96f1e0fe80?s=96&d=mm&r=g\",\"url\":\"https:\\\/\\\/secure.gravatar.com\\\/avatar\\\/06fdc0dc81c157dfdb82ec42f252178a22307808988d22c043f9eb96f1e0fe80?s=96&d=mm&r=g\",\"contentUrl\":\"https:\\\/\\\/secure.gravatar.com\\\/avatar\\\/06fdc0dc81c157dfdb82ec42f252178a22307808988d22c043f9eb96f1e0fe80?s=96&d=mm&r=g\",\"caption\":\"mennworldcon\"},\"sameAs\":[\"https:\\\/\\\/mwc-cmm.org\"],\"url\":\"https:\\\/\\\/mwc-cmm.org\\\/es\\\/stories\\\/author\\\/mennworldcon\\\/\"}]}<\/script>\n<!-- \/ Yoast SEO plugin. -->","yoast_head_json":{"title":"Todas las voces juntas alabando a Jes\u00fas en Uruguay - Mennonite World Conference","robots":{"index":"index","follow":"follow","max-snippet":"max-snippet:-1","max-image-preview":"max-image-preview:large","max-video-preview":"max-video-preview:-1"},"canonical":"https:\/\/mwc-cmm.org\/es\/stories\/todas-las-voces-juntas-alabando-jesus-en-uruguay\/","og_locale":"es_ES","og_type":"article","og_title":"Todas las voces juntas alabando a Jes\u00fas en Uruguay - Mennonite World Conference","og_description":"Me encanta la sencillez de nuestras fiestas navide\u00f1as en las cuales nos reunimos para disfrutar de la compa\u00f1\u00eda de la otra persona y recordar a quien nos mantiene en unidad.&nbsp;","og_url":"https:\/\/mwc-cmm.org\/es\/stories\/todas-las-voces-juntas-alabando-jesus-en-uruguay\/","og_site_name":"Mennonite World Conference","article_publisher":"https:\/\/www.facebook.com\/MennoniteWorldConference","article_published_time":"2022-12-16T00:00:00+00:00","article_modified_time":"2024-12-10T18:05:12+00:00","og_image":[{"width":180,"height":135,"url":"https:\/\/mwc-cmm.org\/wp-content\/uploads\/2024\/10\/img_0793.jpg","type":"image\/jpeg"}],"author":"mennworldcon","schema":{"@context":"https:\/\/schema.org","@graph":[{"@type":"Article","@id":"https:\/\/mwc-cmm.org\/es\/stories\/todas-las-voces-juntas-alabando-jesus-en-uruguay\/#article","isPartOf":{"@id":"https:\/\/mwc-cmm.org\/es\/stories\/todas-las-voces-juntas-alabando-jesus-en-uruguay\/"},"author":{"name":"mennworldcon","@id":"https:\/\/mwc-cmm.org\/en\/#\/schema\/person\/11f6ae0d7d1868ba20a1cc27f067c836"},"headline":"Todas las voces juntas alabando a Jes\u00fas en Uruguay","datePublished":"2022-12-16T00:00:00+00:00","dateModified":"2024-12-10T18:05:12+00:00","mainEntityOfPage":{"@id":"https:\/\/mwc-cmm.org\/es\/stories\/todas-las-voces-juntas-alabando-jesus-en-uruguay\/"},"wordCount":535,"publisher":{"@id":"https:\/\/mwc-cmm.org\/en\/#organization"},"image":{"@id":"https:\/\/mwc-cmm.org\/es\/stories\/todas-las-voces-juntas-alabando-jesus-en-uruguay\/#primaryimage"},"thumbnailUrl":"https:\/\/mwc-cmm.org\/wp-content\/uploads\/2024\/10\/img_0793.jpg","articleSection":["Sin categorizar"],"inLanguage":"es"},{"@type":"WebPage","@id":"https:\/\/mwc-cmm.org\/es\/stories\/todas-las-voces-juntas-alabando-jesus-en-uruguay\/","url":"https:\/\/mwc-cmm.org\/es\/stories\/todas-las-voces-juntas-alabando-jesus-en-uruguay\/","name":"Todas las voces juntas alabando a Jes\u00fas en Uruguay - Mennonite World Conference","isPartOf":{"@id":"https:\/\/mwc-cmm.org\/en\/#website"},"primaryImageOfPage":{"@id":"https:\/\/mwc-cmm.org\/es\/stories\/todas-las-voces-juntas-alabando-jesus-en-uruguay\/#primaryimage"},"image":{"@id":"https:\/\/mwc-cmm.org\/es\/stories\/todas-las-voces-juntas-alabando-jesus-en-uruguay\/#primaryimage"},"thumbnailUrl":"https:\/\/mwc-cmm.org\/wp-content\/uploads\/2024\/10\/img_0793.jpg","datePublished":"2022-12-16T00:00:00+00:00","dateModified":"2024-12-10T18:05:12+00:00","breadcrumb":{"@id":"https:\/\/mwc-cmm.org\/es\/stories\/todas-las-voces-juntas-alabando-jesus-en-uruguay\/#breadcrumb"},"inLanguage":"es","potentialAction":[{"@type":"ReadAction","target":["https:\/\/mwc-cmm.org\/es\/stories\/todas-las-voces-juntas-alabando-jesus-en-uruguay\/"]}]},{"@type":"ImageObject","inLanguage":"es","@id":"https:\/\/mwc-cmm.org\/es\/stories\/todas-las-voces-juntas-alabando-jesus-en-uruguay\/#primaryimage","url":"https:\/\/mwc-cmm.org\/wp-content\/uploads\/2024\/10\/img_0793.jpg","contentUrl":"https:\/\/mwc-cmm.org\/wp-content\/uploads\/2024\/10\/img_0793.jpg","width":180,"height":135},{"@type":"BreadcrumbList","@id":"https:\/\/mwc-cmm.org\/es\/stories\/todas-las-voces-juntas-alabando-jesus-en-uruguay\/#breadcrumb","itemListElement":[{"@type":"ListItem","position":1,"name":"Home","item":"https:\/\/mwc-cmm.org\/es\/"},{"@type":"ListItem","position":2,"name":"Todas las voces juntas alabando a Jes\u00fas en Uruguay"}]},{"@type":"WebSite","@id":"https:\/\/mwc-cmm.org\/en\/#website","url":"https:\/\/mwc-cmm.org\/en\/","name":"Mennonite World Conference","description":"A communion of Anabaptist-related churches","publisher":{"@id":"https:\/\/mwc-cmm.org\/en\/#organization"},"alternateName":"MWC","potentialAction":[{"@type":"SearchAction","target":{"@type":"EntryPoint","urlTemplate":"https:\/\/mwc-cmm.org\/en\/?s={search_term_string}"},"query-input":{"@type":"PropertyValueSpecification","valueRequired":true,"valueName":"search_term_string"}}],"inLanguage":"es"},{"@type":"Organization","@id":"https:\/\/mwc-cmm.org\/en\/#organization","name":"Mennonite World Conference","alternateName":"MWC","url":"https:\/\/mwc-cmm.org\/en\/","logo":{"@type":"ImageObject","inLanguage":"es","@id":"https:\/\/mwc-cmm.org\/en\/#\/schema\/logo\/image\/","url":"https:\/\/mwc-cmm.org\/wp-content\/uploads\/2026\/01\/MWC_Sig_Blue_Horiz_webheader1-logo.svg","contentUrl":"https:\/\/mwc-cmm.org\/wp-content\/uploads\/2026\/01\/MWC_Sig_Blue_Horiz_webheader1-logo.svg","width":786,"height":82,"caption":"Mennonite World Conference"},"image":{"@id":"https:\/\/mwc-cmm.org\/en\/#\/schema\/logo\/image\/"},"sameAs":["https:\/\/www.facebook.com\/MennoniteWorldConference","https:\/\/www.linkedin.com\/company\/mennonite-world-conference-mwc\/","https:\/\/www.instagram.com\/mwcmm\/","https:\/\/www.youtube.com\/user\/mwccmm","https:\/\/bsky.app\/profile\/mwcmm.bsky.social"]},{"@type":"Person","@id":"https:\/\/mwc-cmm.org\/en\/#\/schema\/person\/11f6ae0d7d1868ba20a1cc27f067c836","name":"mennworldcon","image":{"@type":"ImageObject","inLanguage":"es","@id":"https:\/\/secure.gravatar.com\/avatar\/06fdc0dc81c157dfdb82ec42f252178a22307808988d22c043f9eb96f1e0fe80?s=96&d=mm&r=g","url":"https:\/\/secure.gravatar.com\/avatar\/06fdc0dc81c157dfdb82ec42f252178a22307808988d22c043f9eb96f1e0fe80?s=96&d=mm&r=g","contentUrl":"https:\/\/secure.gravatar.com\/avatar\/06fdc0dc81c157dfdb82ec42f252178a22307808988d22c043f9eb96f1e0fe80?s=96&d=mm&r=g","caption":"mennworldcon"},"sameAs":["https:\/\/mwc-cmm.org"],"url":"https:\/\/mwc-cmm.org\/es\/stories\/author\/mennworldcon\/"}]}},"_links":{"self":[{"href":"https:\/\/mwc-cmm.org\/es\/wp-json\/wp\/v2\/posts\/9303","targetHints":{"allow":["GET"]}}],"collection":[{"href":"https:\/\/mwc-cmm.org\/es\/wp-json\/wp\/v2\/posts"}],"about":[{"href":"https:\/\/mwc-cmm.org\/es\/wp-json\/wp\/v2\/types\/post"}],"author":[{"embeddable":true,"href":"https:\/\/mwc-cmm.org\/es\/wp-json\/wp\/v2\/users\/1"}],"replies":[{"embeddable":true,"href":"https:\/\/mwc-cmm.org\/es\/wp-json\/wp\/v2\/comments?post=9303"}],"version-history":[{"count":0,"href":"https:\/\/mwc-cmm.org\/es\/wp-json\/wp\/v2\/posts\/9303\/revisions"}],"wp:featuredmedia":[{"embeddable":true,"href":"https:\/\/mwc-cmm.org\/es\/wp-json\/wp\/v2\/media\/11243"}],"wp:attachment":[{"href":"https:\/\/mwc-cmm.org\/es\/wp-json\/wp\/v2\/media?parent=9303"}],"wp:term":[{"taxonomy":"category","embeddable":true,"href":"https:\/\/mwc-cmm.org\/es\/wp-json\/wp\/v2\/categories?post=9303"},{"taxonomy":"post_tag","embeddable":true,"href":"https:\/\/mwc-cmm.org\/es\/wp-json\/wp\/v2\/tags?post=9303"},{"taxonomy":"network","embeddable":true,"href":"https:\/\/mwc-cmm.org\/es\/wp-json\/wp\/v2\/network?post=9303"},{"taxonomy":"eventcategory","embeddable":true,"href":"https:\/\/mwc-cmm.org\/es\/wp-json\/wp\/v2\/eventcategory?post=9303"}],"curies":[{"name":"wp","href":"https:\/\/api.w.org\/{rel}","templated":true}]}}