{"id":9290,"date":"2022-11-16T00:00:00","date_gmt":"2022-11-16T00:00:00","guid":{"rendered":"https:\/\/mwc-cmm.org\/unexpected-placement-equips-for-future-service-2\/"},"modified":"2024-12-10T18:05:06","modified_gmt":"2024-12-10T18:05:06","slug":"una-colocacion-inesperada-equipa-para-un-servicio-futuro","status":"publish","type":"post","link":"https:\/\/mwc-cmm.org\/es\/stories\/una-colocacion-inesperada-equipa-para-un-servicio-futuro\/","title":{"rendered":"Una colocaci\u00f3n inesperada equipa para un servicio futuro"},"content":{"rendered":"<p>Stephanie Setiawan de Sidoarjo, Indonesia, no ten\u00eda planes de ir a Am\u00e9rica Latina. Ella aplic\u00f3 a \u2018International Volunteer Exchange Program\u2019 (Programa de Intercambio de Voluntarios Internacionales) del Comit\u00e9 Central Menonita en el 2013\/2014, pero el cupo para su s\u00ednodo ya estaba ocupado. En su lugar, las personas coordinadoras le ofrecieron un lugar en el programa \u00a1YAMEN! en Colombia.&nbsp;<\/p>\n<p>Como resultado, Stephanie Setiawan descubri\u00f3 el amor por la cultura latina y la formaci\u00f3n para el servicio futuro. \u201cEstoy muy agradecida de haber servido en Colombia. All\u00ed, Dios me prepar\u00f3 para servir en la Asamblea en Indonesia\u201d, dice ella.&nbsp;<\/p>\n<p><a href=\"https:\/\/mwc-cmm.org\/es\/yamen\">La Red de Intercambio Anabautista\u2013 Menonita para J\u00f3venes (\u00a1YAMEN!) <\/a>es un programa conjunto entre el Congreso Mundial Menonita y el Comit\u00e9 Central Menonita. Enfatiza la expansi\u00f3n del compa\u00f1erismo entre las iglesias de la tradici\u00f3n anabautista y el desarrollo de las personas j\u00f3venes en el liderazgo alrededor del mundo. Las personas participantes pasan un a\u00f1o en una asignaci\u00f3n intercultural que empieza en agosto y termina el siguiente julio. &nbsp;<\/p>\n<p>\u201cNunca antes hab\u00eda prestado atenci\u00f3n a Colombia\u201d, dice Stephanie Setiawan, pero comenz\u00f3 a aprender. Inici\u00f3 correspondencia con una persona joven de la iglesia donde estar\u00eda sirviendo. \u201cSe sinti\u00f3 genial tener una amistad antes de ir all\u00ed\u201d.&nbsp;<\/p>\n<p>\u201cCuando llegu\u00e9, no hablaba nada de espa\u00f1ol y mi familia anfitriona no pod\u00eda hablar ingl\u00e9s. La familia estaba tan comprometida a ense\u00f1arme el idioma\u201d, dice ella. \u201cMe explicaron palabras en espa\u00f1ol; si eran cosas, me las mostraban; si era una acci\u00f3n, la representaban para m\u00ed. Cada vez que ten\u00edamos tiempo libre, lo dedicaban a conversar conmigo\u201d.&nbsp;<\/p>\n<p>En su lugar de servicio, \u201clos ni\u00f1os y ni\u00f1as fueron muy pacientes\u201d, dice ella. Ella les mostr\u00f3 dibujos para ense\u00f1ar vocabulario en ingl\u00e9s y los ni\u00f1os y ni\u00f1as, a su vez, le ense\u00f1aron espa\u00f1ol.&nbsp;<\/p>\n<p>Despu\u00e9s de varios meses, Stephanie Setiawan pod\u00eda hablar y entender espa\u00f1ol, pero \u201cyo todav\u00eda no entend\u00eda los chistes. Es raro cuando la gente est\u00e1 hablando y yo no podia ver las cosas divertidas. Un d\u00eda cuando me re\u00ed, me sent\u00ed muy bien. Finalmente, pude entender las interacciones\u201d.&nbsp;<\/p>\n<p>\u201cSer\u00eda fant\u00e1stico conocer a m\u00e1s personas de otras culturas\u201d, ella pens\u00f3, mientras el programa YAMEN la presentaba a amistades de alrededor del mundo. Ella comenz\u00f3 a anticipar la Asamblea del CMM en Indonesia de la que le habl\u00f3 su madre anfitriona. \u201cSer\u00eda realmente poderoso adorar a Dios junto con nuestra diversidad\u201d.&nbsp;<\/p>\n<p>Cuando lleg\u00f3 la Asamblea, el coordinador del idioma indonesio, Ary Rusdianto, recurri\u00f3 a Stephanie Setiawan, que actualmente trabaja como asistente de comunicaciones de internet para el CMM. Las personas int\u00e9rpretes de espa\u00f1ol e indonesio eran escasas: ella conoc\u00eda los dos idiomas.&nbsp;<\/p>\n<p>\u201cNunca he sido interprete. Rara vez hablo en un grupo grande. Esta es la etapa m\u00e1s grande de mi vida. Si tuviera una opci\u00f3n, dir\u00eda que no\u201d, dice Stephanie Setiawan. Sus amistades la alentaron y la ayudaron a prepararse.&nbsp;<\/p>\n<p style=\"text-align:center\"><img decoding=\"async\" alt=\"\" data-src=\"\/sites\/default\/files\/website_files_2020\/20140715_154535.jpg\" width=\"400\" height=\"300\" src=\"data:image\/svg+xml;base64,PHN2ZyB3aWR0aD0iMSIgaGVpZ2h0PSIxIiB4bWxucz0iaHR0cDovL3d3dy53My5vcmcvMjAwMC9zdmciPjwvc3ZnPg==\" class=\"lazyload\" style=\"--smush-placeholder-width: 400px; --smush-placeholder-aspect-ratio: 400\/300;\"><\/p>\n<p>Y record\u00f3 el vecindario Barrio Tokio en Pereira, Risaralda, Colombia.&nbsp;<\/p>\n<p>Parte de su trabajo \u00a1YAMEN! la llev\u00f3 a este barrio de dif\u00edcil reputaci\u00f3n. \u201cNi una sola vez sent\u00ed miedo\u201d, dice ella. \u201cMi interacci\u00f3n con los ni\u00f1os, ni\u00f1as, madres y los padres de familia, todav\u00eda est\u00e1 fresca en mi memoria. Sent\u00ed la paz de Dios en ese lugar y la calidez de esa gente\u201d.&nbsp;<\/p>\n<p>El milagro de la paz en medio de la incertidumbre volvi\u00f3 a ocurrir en el escenario de Salatiga cuando interpret\u00f3 para Jos\u00e9 Rutilio Rivas. \u201cFue un honor servir de esta manera\u201d.&nbsp;<\/p>\n<p>\u201cSiento que es realmente importante tener conexiones con personas de alrededor del mundo\u201d, dice ella. \u201cCuando se aceptan las diferencias y la diversidad, se puede crecer y su alma puede enriquecerse. Siempre hay algo bueno en otra cultura para aprender.&nbsp;<\/p>\n<p>\u201cCuando usted sabe que alguien que se encuentra lejos est\u00e1 orando por usted, esto le tocar\u00e1 el coraz\u00f3n. Es importante para nosotros orar por nuestros hermanos y hermanas de alrededor del mundo, especialmente cuando sabemos que enfrentan dificultades\u201d.&nbsp;<\/p>\n<hr>\n<h2>Participantes de YAMEN&nbsp;2022-2023&nbsp;<\/h2>\n<table style=\"width:100%\">\n<tbody>\n<tr>\n<td class=\"rtecenter\" style=\"width:275px\">Nombre&nbsp;<\/td>\n<td class=\"rtecenter\" style=\"width:152px\">Pa\u00eds de origen&nbsp;<\/td>\n<td class=\"rtecenter\" style=\"width:168px\">Pa\u00eds de Asignaci\u00f3n&nbsp;<\/td>\n<td class=\"rtecenter\" style=\"width:439px\">Iglesia a la cual pertenece&nbsp;<br \/>\n\t\t\t<span style=\"font-size:12px\">*<\/span>indica que la iglesia es miembro del CMM<\/td>\n<\/tr>\n<tr>\n<td class=\"rtecenter\" style=\"width:275px\">Emilia Macono Guzman&nbsp;<\/td>\n<td class=\"rtecenter\" style=\"width:152px\">Bolivia<\/td>\n<td class=\"rtecenter\" style=\"width:168px\">M\u00e9xico<\/td>\n<td class=\"rtecenter\" style=\"width:439px\">Iglesia Evang\u00e9lica Menonita Sina\u00ed &nbsp;(IEMB) *<\/td>\n<\/tr>\n<tr>\n<td class=\"rtecenter\" style=\"width:275px\">Uziel Zambrana Hurtado&nbsp;<\/td>\n<td class=\"rtecenter\" style=\"width:152px\">Bolivia<\/td>\n<td class=\"rtecenter\" style=\"width:168px\">Colombia<\/td>\n<td class=\"rtecenter\" style=\"width:439px\">Iglesia Evang\u00e9lica Menonita de Smyrna*<\/td>\n<\/tr>\n<tr>\n<td class=\"rtecenter\" style=\"width:275px\">Sina Dy<\/td>\n<td class=\"rtecenter\" style=\"width:152px\">Camboya<\/td>\n<td class=\"rtecenter\" style=\"width:168px\">Kenia<\/td>\n<td class=\"rtecenter\" style=\"width:439px\">Community of Changed Hearts Church&nbsp;<\/td>\n<\/tr>\n<tr>\n<td class=\"rtecenter\" style=\"width:275px\">Sokvoleak Chum&nbsp;<\/td>\n<td class=\"rtecenter\" style=\"width:152px\">Camboya<\/td>\n<td class=\"rtecenter\" style=\"width:168px\">Uganda<\/td>\n<td class=\"rtecenter\" style=\"width:439px\">Tumnup Tek Khmer Evangelical Church&nbsp;<\/td>\n<\/tr>\n<tr>\n<td class=\"rtecenter\" style=\"width:275px\">Sovanich Chhoun&nbsp;<\/td>\n<td class=\"rtecenter\" style=\"width:152px\">Camboya<\/td>\n<td class=\"rtecenter\" style=\"width:168px\">Nicaragua&nbsp;<\/td>\n<td class=\"rtecenter\" style=\"width:439px\">Nation Church Phnom Penh&nbsp;<\/td>\n<\/tr>\n<tr>\n<td class=\"rtecenter\" style=\"width:275px\">Lilibeth Guzman Macea&nbsp;<\/td>\n<td class=\"rtecenter\" style=\"width:152px\">Colombia<\/td>\n<td class=\"rtecenter\" style=\"width:168px\">Honduras<\/td>\n<td class=\"rtecenter\" style=\"width:439px\">Communidad Menonita Nueva Vida en Cristo Jesus&nbsp;<\/td>\n<\/tr>\n<tr>\n<td class=\"rtecenter\" style=\"width:275px\">Nidia Marleny Linares Martinez&nbsp;<\/td>\n<td class=\"rtecenter\" style=\"width:152px\">El Salvador<\/td>\n<td class=\"rtecenter\" style=\"width:168px\">M\u00e9xico<\/td>\n<td class=\"rtecenter\" style=\"width:439px\">Mennonite Evangelical Church of El Salvador*&nbsp;<\/td>\n<\/tr>\n<tr>\n<td class=\"rtecenter\" style=\"width:275px\">Esther Abigail Aguilar Velasquez&nbsp;<\/td>\n<td class=\"rtecenter\" style=\"width:152px\">Honduras<\/td>\n<td class=\"rtecenter\" style=\"width:168px\">Bolivia&nbsp;<\/td>\n<td class=\"rtecenter\" style=\"width:439px\">Iglesia Evang\u00e9lica Menonita de Santa Rosa de Copan&nbsp;<\/td>\n<\/tr>\n<tr>\n<td class=\"rtecenter\" style=\"width:275px\">Eve Franklin&nbsp;<\/td>\n<td class=\"rtecenter\" style=\"width:152px\">India<\/td>\n<td class=\"rtecenter\" style=\"width:168px\">Kenia<\/td>\n<td class=\"rtecenter\" style=\"width:439px\">Mennonite Church Durg (MCI, Dhamtari)*&nbsp;<\/td>\n<\/tr>\n<tr>\n<td class=\"rtecenter\" style=\"width:275px\">Mahima Tandi&nbsp;<\/td>\n<td class=\"rtecenter\" style=\"width:152px\">India<\/td>\n<td class=\"rtecenter\" style=\"width:168px\">Uganda&nbsp;<\/td>\n<td class=\"rtecenter\" style=\"width:439px\">Bethlehem Mennonite Church Memra Pithora (BGCMC)*&nbsp;<\/td>\n<\/tr>\n<tr>\n<td class=\"rtecenter\" style=\"width:275px\">Shepher Sona&nbsp;<\/td>\n<td class=\"rtecenter\" style=\"width:152px\">India<\/td>\n<td class=\"rtecenter\" style=\"width:168px\">Camboya<\/td>\n<td class=\"rtecenter\" style=\"width:439px\">Hebron Mennonite Church (BGCMC)*&nbsp;<\/td>\n<\/tr>\n<tr>\n<td class=\"rtecenter\" style=\"width:275px\">Cahya Putri Wulansari&nbsp;<\/td>\n<td class=\"rtecenter\" style=\"width:152px\">Indonesia<\/td>\n<td class=\"rtecenter\" style=\"width:168px\">Ruanda&nbsp;<\/td>\n<td class=\"rtecenter\" style=\"width:439px\">GITJ Kelet*&nbsp;<\/td>\n<\/tr>\n<tr>\n<td class=\"rtecenter\" style=\"width:275px\">Johana Christianti&nbsp;<\/td>\n<td class=\"rtecenter\" style=\"width:152px\">Indonesia<\/td>\n<td class=\"rtecenter\" style=\"width:168px\">Burkina Faso&nbsp;<\/td>\n<td class=\"rtecenter\" style=\"width:439px\">GKMI Bogor*&nbsp;<\/td>\n<\/tr>\n<tr>\n<td class=\"rtecenter\" style=\"width:275px\">Setyawan \u201cAdi\u201d Nugroho&nbsp;<\/td>\n<td class=\"rtecenter\" style=\"width:152px\">Indonesia<\/td>\n<td class=\"rtecenter\" style=\"width:168px\">Bolivia&nbsp;<\/td>\n<td class=\"rtecenter\" style=\"width:439px\">GKMI Kudus*<\/td>\n<\/tr>\n<tr>\n<td class=\"rtecenter\" style=\"width:275px\">Rael Kiptoo&nbsp;<\/td>\n<td class=\"rtecenter\" style=\"width:152px\">Kenia<\/td>\n<td class=\"rtecenter\" style=\"width:168px\">Uganda&nbsp;<\/td>\n<td class=\"rtecenter\" style=\"width:439px\">Shalom Mennonite Church&nbsp;<\/td>\n<\/tr>\n<tr>\n<td class=\"rtecenter\" style=\"width:275px\">Sarah Pariken&nbsp;<\/td>\n<td class=\"rtecenter\" style=\"width:152px\">Kenia<\/td>\n<td class=\"rtecenter\" style=\"width:168px\">Camboya<\/td>\n<td class=\"rtecenter\" style=\"width:439px\">Dominion Chapel International Ministries&nbsp;<\/td>\n<\/tr>\n<tr>\n<td class=\"rtecenter\" style=\"width:275px\">Febe Daniella Madirgal Salgado&nbsp;<\/td>\n<td class=\"rtecenter\" style=\"width:152px\">Nicaragua<\/td>\n<td class=\"rtecenter\" style=\"width:168px\">Guatemala&nbsp;<\/td>\n<td class=\"rtecenter\" style=\"width:439px\">Fuente de Vida (Convenci\u00f3n de Iglesias Menonitas)*&nbsp;<\/td>\n<\/tr>\n<tr>\n<td class=\"rtecenter\" style=\"width:275px\">Melania Elizabeth Chaparro&nbsp;<\/td>\n<td class=\"rtecenter\" style=\"width:152px\">Paraguay<\/td>\n<td class=\"rtecenter\" style=\"width:168px\">Honduras&nbsp;<\/td>\n<td class=\"rtecenter\" style=\"width:439px\">Dulce Refugio&nbsp;<\/td>\n<\/tr>\n<tr>\n<td class=\"rtecenter\" style=\"width:275px\">Monika Warkentin&nbsp;<\/td>\n<td class=\"rtecenter\" style=\"width:152px\">Alemania\/Paraguay<\/td>\n<td class=\"rtecenter\" style=\"width:168px\">Palestina y Israel<\/td>\n<td class=\"rtecenter\" style=\"width:439px\">Iglesia Hermanos Menonitas Concordia (AHM)*&nbsp;<\/td>\n<\/tr>\n<tr>\n<td class=\"rtecenter\" style=\"width:275px\">Denise Dushime&nbsp;<\/td>\n<td class=\"rtecenter\" style=\"width:152px\">Ruanda<\/td>\n<td class=\"rtecenter\" style=\"width:168px\">India&nbsp;<\/td>\n<td class=\"rtecenter\" style=\"width:439px\">Gatenga Evangelical Friends Church&nbsp;<\/td>\n<\/tr>\n<tr>\n<td class=\"rtecenter\" style=\"width:275px\">Yejin Kim<\/td>\n<td class=\"rtecenter\" style=\"width:152px\">Corea del Sur<\/td>\n<td class=\"rtecenter\" style=\"width:168px\">Bolivia&nbsp;<\/td>\n<td class=\"rtecenter\" style=\"width:439px\">Jesus Heart Church&nbsp;<\/td>\n<\/tr>\n<tr>\n<td class=\"rtecenter\" style=\"width:275px\">Sondobi \u201cDaniel\u201d Chacha Sondobi&nbsp;<\/td>\n<td class=\"rtecenter\" style=\"width:152px\">Tanzania<\/td>\n<td class=\"rtecenter\" style=\"width:168px\">Camboya<\/td>\n<td class=\"rtecenter\" style=\"width:439px\">KMT Bukiroba* &nbsp;<\/td>\n<\/tr>\n<tr>\n<td class=\"rtecenter\" style=\"width:275px\">Ladia Zulu&nbsp;<\/td>\n<td class=\"rtecenter\" style=\"width:152px\">Zambia<\/td>\n<td class=\"rtecenter\" style=\"width:168px\">Camboya<\/td>\n<td class=\"rtecenter\" style=\"width:439px\">Baptist Community Church&nbsp;<\/td>\n<\/tr>\n<\/tbody>\n<\/table>\n<p class=\"rtecenter\">&nbsp;<\/p>\n<p><em>\u201a\u00c4\u00eeUn comunicado conjunto del Congreso Mundial Menonita y del Comit\u00e9 Central Menonita. Escrito por Karla Braun, un escritor del Congreso Mundial Menonita que vive en Winnipeg. <\/em><\/p>\n<h5>La Red de Intercambio anabautista\u2013 menonita para J\u00f3venes (\u00a1YAMEN!) es un programa conjunto entre el Congreso Mundial Menonita y el Comit\u00e9 Central Menonita. Enfatiza la expansi\u00f3n del compa\u00f1erismo entre las iglesias de la tradici\u00f3n anabautista y el desarrollo de los j\u00f3venes l\u00edderes alrededor del mundo. Los participantes pasan un a\u00f1o en una asignaci\u00f3n intercultural que empieza en agosto y termina el siguiente julio.  &nbsp;<\/h5>\n","protected":false},"excerpt":{"rendered":"<p>Stephanie Setiawan de Sidoarjo, Indonesia, no ten\u00eda planes de ir a Am\u00e9rica Latina. Ella aplic\u00f3 a \u2018International Volunteer Exchange Program\u2019 (Programa de Intercambio de Voluntarios Internacionales) del Comit\u00e9 Central Menonita en el 2013\/2014, pero el cupo para su s\u00ednodo ya estaba ocupado. En su lugar, las personas coordinadoras le ofrecieron un lugar en el programa [&hellip;]<\/p>\n","protected":false},"author":1,"featured_media":13010,"comment_status":"closed","ping_status":"closed","sticky":false,"template":"","format":"standard","meta":{"_acf_changed":false,"footnotes":""},"categories":[6],"tags":[394],"network":[1301],"eventcategory":[],"class_list":["post-9290","post","type-post","status-publish","format-standard","has-post-thumbnail","hentry","category-sin-categorizar","tag-yabs-es","network-yamen-es"],"acf":[],"yoast_head":"<!-- This site is optimized with the Yoast SEO plugin v27.5 - https:\/\/yoast.com\/product\/yoast-seo-wordpress\/ -->\n<title>Una colocaci\u00f3n inesperada equipa para un servicio futuro - Mennonite World Conference<\/title>\n<meta name=\"robots\" content=\"index, follow, max-snippet:-1, max-image-preview:large, max-video-preview:-1\" \/>\n<link rel=\"canonical\" href=\"https:\/\/mwc-cmm.org\/es\/stories\/una-colocacion-inesperada-equipa-para-un-servicio-futuro\/\" \/>\n<meta property=\"og:locale\" content=\"es_ES\" \/>\n<meta property=\"og:type\" content=\"article\" \/>\n<meta property=\"og:title\" content=\"Una colocaci\u00f3n inesperada equipa para un servicio futuro - Mennonite World Conference\" \/>\n<meta property=\"og:description\" content=\"Stephanie Setiawan de Sidoarjo, Indonesia, no ten\u00eda planes de ir a Am\u00e9rica Latina. Ella aplic\u00f3 a \u2018International Volunteer Exchange Program\u2019 (Programa de Intercambio de Voluntarios Internacionales) del Comit\u00e9 Central Menonita en el 2013\/2014, pero el cupo para su s\u00ednodo ya estaba ocupado. En su lugar, las personas coordinadoras le ofrecieron un lugar en el programa [&hellip;]\" \/>\n<meta property=\"og:url\" content=\"https:\/\/mwc-cmm.org\/es\/stories\/una-colocacion-inesperada-equipa-para-un-servicio-futuro\/\" \/>\n<meta property=\"og:site_name\" content=\"Mennonite World Conference\" \/>\n<meta property=\"article:publisher\" content=\"https:\/\/www.facebook.com\/MennoniteWorldConference\" \/>\n<meta property=\"article:published_time\" content=\"2022-11-16T00:00:00+00:00\" \/>\n<meta property=\"article:modified_time\" content=\"2024-12-10T18:05:06+00:00\" \/>\n<meta property=\"og:image\" content=\"https:\/\/mwc-cmm.org\/wp-content\/uploads\/2024\/10\/20220712230242316.jpg\" \/>\n\t<meta property=\"og:image:width\" content=\"180\" \/>\n\t<meta property=\"og:image:height\" content=\"135\" \/>\n\t<meta property=\"og:image:type\" content=\"image\/jpeg\" \/>\n<meta name=\"author\" content=\"mennworldcon\" \/>\n<script type=\"application\/ld+json\" class=\"yoast-schema-graph\">{\"@context\":\"https:\\\/\\\/schema.org\",\"@graph\":[{\"@type\":\"Article\",\"@id\":\"https:\\\/\\\/mwc-cmm.org\\\/es\\\/stories\\\/una-colocacion-inesperada-equipa-para-un-servicio-futuro\\\/#article\",\"isPartOf\":{\"@id\":\"https:\\\/\\\/mwc-cmm.org\\\/es\\\/stories\\\/una-colocacion-inesperada-equipa-para-un-servicio-futuro\\\/\"},\"author\":{\"name\":\"mennworldcon\",\"@id\":\"https:\\\/\\\/mwc-cmm.org\\\/en\\\/#\\\/schema\\\/person\\\/11f6ae0d7d1868ba20a1cc27f067c836\"},\"headline\":\"Una colocaci\u00f3n inesperada equipa para un servicio futuro\",\"datePublished\":\"2022-11-16T00:00:00+00:00\",\"dateModified\":\"2024-12-10T18:05:06+00:00\",\"mainEntityOfPage\":{\"@id\":\"https:\\\/\\\/mwc-cmm.org\\\/es\\\/stories\\\/una-colocacion-inesperada-equipa-para-un-servicio-futuro\\\/\"},\"wordCount\":1118,\"publisher\":{\"@id\":\"https:\\\/\\\/mwc-cmm.org\\\/en\\\/#organization\"},\"image\":{\"@id\":\"https:\\\/\\\/mwc-cmm.org\\\/es\\\/stories\\\/una-colocacion-inesperada-equipa-para-un-servicio-futuro\\\/#primaryimage\"},\"thumbnailUrl\":\"https:\\\/\\\/mwc-cmm.org\\\/wp-content\\\/uploads\\\/2024\\\/10\\\/20220712230242316.jpg\",\"keywords\":[\"YABs\"],\"articleSection\":[\"Sin categorizar\"],\"inLanguage\":\"es\"},{\"@type\":\"WebPage\",\"@id\":\"https:\\\/\\\/mwc-cmm.org\\\/es\\\/stories\\\/una-colocacion-inesperada-equipa-para-un-servicio-futuro\\\/\",\"url\":\"https:\\\/\\\/mwc-cmm.org\\\/es\\\/stories\\\/una-colocacion-inesperada-equipa-para-un-servicio-futuro\\\/\",\"name\":\"Una colocaci\u00f3n inesperada equipa para un servicio futuro - Mennonite World Conference\",\"isPartOf\":{\"@id\":\"https:\\\/\\\/mwc-cmm.org\\\/en\\\/#website\"},\"primaryImageOfPage\":{\"@id\":\"https:\\\/\\\/mwc-cmm.org\\\/es\\\/stories\\\/una-colocacion-inesperada-equipa-para-un-servicio-futuro\\\/#primaryimage\"},\"image\":{\"@id\":\"https:\\\/\\\/mwc-cmm.org\\\/es\\\/stories\\\/una-colocacion-inesperada-equipa-para-un-servicio-futuro\\\/#primaryimage\"},\"thumbnailUrl\":\"https:\\\/\\\/mwc-cmm.org\\\/wp-content\\\/uploads\\\/2024\\\/10\\\/20220712230242316.jpg\",\"datePublished\":\"2022-11-16T00:00:00+00:00\",\"dateModified\":\"2024-12-10T18:05:06+00:00\",\"breadcrumb\":{\"@id\":\"https:\\\/\\\/mwc-cmm.org\\\/es\\\/stories\\\/una-colocacion-inesperada-equipa-para-un-servicio-futuro\\\/#breadcrumb\"},\"inLanguage\":\"es\",\"potentialAction\":[{\"@type\":\"ReadAction\",\"target\":[\"https:\\\/\\\/mwc-cmm.org\\\/es\\\/stories\\\/una-colocacion-inesperada-equipa-para-un-servicio-futuro\\\/\"]}]},{\"@type\":\"ImageObject\",\"inLanguage\":\"es\",\"@id\":\"https:\\\/\\\/mwc-cmm.org\\\/es\\\/stories\\\/una-colocacion-inesperada-equipa-para-un-servicio-futuro\\\/#primaryimage\",\"url\":\"https:\\\/\\\/mwc-cmm.org\\\/wp-content\\\/uploads\\\/2024\\\/10\\\/20220712230242316.jpg\",\"contentUrl\":\"https:\\\/\\\/mwc-cmm.org\\\/wp-content\\\/uploads\\\/2024\\\/10\\\/20220712230242316.jpg\",\"width\":180,\"height\":135},{\"@type\":\"BreadcrumbList\",\"@id\":\"https:\\\/\\\/mwc-cmm.org\\\/es\\\/stories\\\/una-colocacion-inesperada-equipa-para-un-servicio-futuro\\\/#breadcrumb\",\"itemListElement\":[{\"@type\":\"ListItem\",\"position\":1,\"name\":\"Home\",\"item\":\"https:\\\/\\\/mwc-cmm.org\\\/es\\\/\"},{\"@type\":\"ListItem\",\"position\":2,\"name\":\"Una colocaci\u00f3n inesperada equipa para un servicio futuro\"}]},{\"@type\":\"WebSite\",\"@id\":\"https:\\\/\\\/mwc-cmm.org\\\/en\\\/#website\",\"url\":\"https:\\\/\\\/mwc-cmm.org\\\/en\\\/\",\"name\":\"Mennonite World Conference\",\"description\":\"A communion of Anabaptist-related churches\",\"publisher\":{\"@id\":\"https:\\\/\\\/mwc-cmm.org\\\/en\\\/#organization\"},\"alternateName\":\"MWC\",\"potentialAction\":[{\"@type\":\"SearchAction\",\"target\":{\"@type\":\"EntryPoint\",\"urlTemplate\":\"https:\\\/\\\/mwc-cmm.org\\\/en\\\/?s={search_term_string}\"},\"query-input\":{\"@type\":\"PropertyValueSpecification\",\"valueRequired\":true,\"valueName\":\"search_term_string\"}}],\"inLanguage\":\"es\"},{\"@type\":\"Organization\",\"@id\":\"https:\\\/\\\/mwc-cmm.org\\\/en\\\/#organization\",\"name\":\"Mennonite World Conference\",\"alternateName\":\"MWC\",\"url\":\"https:\\\/\\\/mwc-cmm.org\\\/en\\\/\",\"logo\":{\"@type\":\"ImageObject\",\"inLanguage\":\"es\",\"@id\":\"https:\\\/\\\/mwc-cmm.org\\\/en\\\/#\\\/schema\\\/logo\\\/image\\\/\",\"url\":\"https:\\\/\\\/mwc-cmm.org\\\/wp-content\\\/uploads\\\/2026\\\/01\\\/MWC_Sig_Blue_Horiz_webheader1-logo.svg\",\"contentUrl\":\"https:\\\/\\\/mwc-cmm.org\\\/wp-content\\\/uploads\\\/2026\\\/01\\\/MWC_Sig_Blue_Horiz_webheader1-logo.svg\",\"width\":786,\"height\":82,\"caption\":\"Mennonite World Conference\"},\"image\":{\"@id\":\"https:\\\/\\\/mwc-cmm.org\\\/en\\\/#\\\/schema\\\/logo\\\/image\\\/\"},\"sameAs\":[\"https:\\\/\\\/www.facebook.com\\\/MennoniteWorldConference\",\"https:\\\/\\\/www.linkedin.com\\\/company\\\/mennonite-world-conference-mwc\\\/\",\"https:\\\/\\\/www.instagram.com\\\/mwcmm\\\/\",\"https:\\\/\\\/www.youtube.com\\\/user\\\/mwccmm\",\"https:\\\/\\\/bsky.app\\\/profile\\\/mwcmm.bsky.social\"]},{\"@type\":\"Person\",\"@id\":\"https:\\\/\\\/mwc-cmm.org\\\/en\\\/#\\\/schema\\\/person\\\/11f6ae0d7d1868ba20a1cc27f067c836\",\"name\":\"mennworldcon\",\"image\":{\"@type\":\"ImageObject\",\"inLanguage\":\"es\",\"@id\":\"https:\\\/\\\/secure.gravatar.com\\\/avatar\\\/06fdc0dc81c157dfdb82ec42f252178a22307808988d22c043f9eb96f1e0fe80?s=96&d=mm&r=g\",\"url\":\"https:\\\/\\\/secure.gravatar.com\\\/avatar\\\/06fdc0dc81c157dfdb82ec42f252178a22307808988d22c043f9eb96f1e0fe80?s=96&d=mm&r=g\",\"contentUrl\":\"https:\\\/\\\/secure.gravatar.com\\\/avatar\\\/06fdc0dc81c157dfdb82ec42f252178a22307808988d22c043f9eb96f1e0fe80?s=96&d=mm&r=g\",\"caption\":\"mennworldcon\"},\"sameAs\":[\"https:\\\/\\\/mwc-cmm.org\"],\"url\":\"https:\\\/\\\/mwc-cmm.org\\\/es\\\/stories\\\/author\\\/mennworldcon\\\/\"}]}<\/script>\n<!-- \/ Yoast SEO plugin. -->","yoast_head_json":{"title":"Una colocaci\u00f3n inesperada equipa para un servicio futuro - Mennonite World Conference","robots":{"index":"index","follow":"follow","max-snippet":"max-snippet:-1","max-image-preview":"max-image-preview:large","max-video-preview":"max-video-preview:-1"},"canonical":"https:\/\/mwc-cmm.org\/es\/stories\/una-colocacion-inesperada-equipa-para-un-servicio-futuro\/","og_locale":"es_ES","og_type":"article","og_title":"Una colocaci\u00f3n inesperada equipa para un servicio futuro - Mennonite World Conference","og_description":"Stephanie Setiawan de Sidoarjo, Indonesia, no ten\u00eda planes de ir a Am\u00e9rica Latina. Ella aplic\u00f3 a \u2018International Volunteer Exchange Program\u2019 (Programa de Intercambio de Voluntarios Internacionales) del Comit\u00e9 Central Menonita en el 2013\/2014, pero el cupo para su s\u00ednodo ya estaba ocupado. En su lugar, las personas coordinadoras le ofrecieron un lugar en el programa [&hellip;]","og_url":"https:\/\/mwc-cmm.org\/es\/stories\/una-colocacion-inesperada-equipa-para-un-servicio-futuro\/","og_site_name":"Mennonite World Conference","article_publisher":"https:\/\/www.facebook.com\/MennoniteWorldConference","article_published_time":"2022-11-16T00:00:00+00:00","article_modified_time":"2024-12-10T18:05:06+00:00","og_image":[{"width":180,"height":135,"url":"https:\/\/mwc-cmm.org\/wp-content\/uploads\/2024\/10\/20220712230242316.jpg","type":"image\/jpeg"}],"author":"mennworldcon","schema":{"@context":"https:\/\/schema.org","@graph":[{"@type":"Article","@id":"https:\/\/mwc-cmm.org\/es\/stories\/una-colocacion-inesperada-equipa-para-un-servicio-futuro\/#article","isPartOf":{"@id":"https:\/\/mwc-cmm.org\/es\/stories\/una-colocacion-inesperada-equipa-para-un-servicio-futuro\/"},"author":{"name":"mennworldcon","@id":"https:\/\/mwc-cmm.org\/en\/#\/schema\/person\/11f6ae0d7d1868ba20a1cc27f067c836"},"headline":"Una colocaci\u00f3n inesperada equipa para un servicio futuro","datePublished":"2022-11-16T00:00:00+00:00","dateModified":"2024-12-10T18:05:06+00:00","mainEntityOfPage":{"@id":"https:\/\/mwc-cmm.org\/es\/stories\/una-colocacion-inesperada-equipa-para-un-servicio-futuro\/"},"wordCount":1118,"publisher":{"@id":"https:\/\/mwc-cmm.org\/en\/#organization"},"image":{"@id":"https:\/\/mwc-cmm.org\/es\/stories\/una-colocacion-inesperada-equipa-para-un-servicio-futuro\/#primaryimage"},"thumbnailUrl":"https:\/\/mwc-cmm.org\/wp-content\/uploads\/2024\/10\/20220712230242316.jpg","keywords":["YABs"],"articleSection":["Sin categorizar"],"inLanguage":"es"},{"@type":"WebPage","@id":"https:\/\/mwc-cmm.org\/es\/stories\/una-colocacion-inesperada-equipa-para-un-servicio-futuro\/","url":"https:\/\/mwc-cmm.org\/es\/stories\/una-colocacion-inesperada-equipa-para-un-servicio-futuro\/","name":"Una colocaci\u00f3n inesperada equipa para un servicio futuro - Mennonite World Conference","isPartOf":{"@id":"https:\/\/mwc-cmm.org\/en\/#website"},"primaryImageOfPage":{"@id":"https:\/\/mwc-cmm.org\/es\/stories\/una-colocacion-inesperada-equipa-para-un-servicio-futuro\/#primaryimage"},"image":{"@id":"https:\/\/mwc-cmm.org\/es\/stories\/una-colocacion-inesperada-equipa-para-un-servicio-futuro\/#primaryimage"},"thumbnailUrl":"https:\/\/mwc-cmm.org\/wp-content\/uploads\/2024\/10\/20220712230242316.jpg","datePublished":"2022-11-16T00:00:00+00:00","dateModified":"2024-12-10T18:05:06+00:00","breadcrumb":{"@id":"https:\/\/mwc-cmm.org\/es\/stories\/una-colocacion-inesperada-equipa-para-un-servicio-futuro\/#breadcrumb"},"inLanguage":"es","potentialAction":[{"@type":"ReadAction","target":["https:\/\/mwc-cmm.org\/es\/stories\/una-colocacion-inesperada-equipa-para-un-servicio-futuro\/"]}]},{"@type":"ImageObject","inLanguage":"es","@id":"https:\/\/mwc-cmm.org\/es\/stories\/una-colocacion-inesperada-equipa-para-un-servicio-futuro\/#primaryimage","url":"https:\/\/mwc-cmm.org\/wp-content\/uploads\/2024\/10\/20220712230242316.jpg","contentUrl":"https:\/\/mwc-cmm.org\/wp-content\/uploads\/2024\/10\/20220712230242316.jpg","width":180,"height":135},{"@type":"BreadcrumbList","@id":"https:\/\/mwc-cmm.org\/es\/stories\/una-colocacion-inesperada-equipa-para-un-servicio-futuro\/#breadcrumb","itemListElement":[{"@type":"ListItem","position":1,"name":"Home","item":"https:\/\/mwc-cmm.org\/es\/"},{"@type":"ListItem","position":2,"name":"Una colocaci\u00f3n inesperada equipa para un servicio futuro"}]},{"@type":"WebSite","@id":"https:\/\/mwc-cmm.org\/en\/#website","url":"https:\/\/mwc-cmm.org\/en\/","name":"Mennonite World Conference","description":"A communion of Anabaptist-related churches","publisher":{"@id":"https:\/\/mwc-cmm.org\/en\/#organization"},"alternateName":"MWC","potentialAction":[{"@type":"SearchAction","target":{"@type":"EntryPoint","urlTemplate":"https:\/\/mwc-cmm.org\/en\/?s={search_term_string}"},"query-input":{"@type":"PropertyValueSpecification","valueRequired":true,"valueName":"search_term_string"}}],"inLanguage":"es"},{"@type":"Organization","@id":"https:\/\/mwc-cmm.org\/en\/#organization","name":"Mennonite World Conference","alternateName":"MWC","url":"https:\/\/mwc-cmm.org\/en\/","logo":{"@type":"ImageObject","inLanguage":"es","@id":"https:\/\/mwc-cmm.org\/en\/#\/schema\/logo\/image\/","url":"https:\/\/mwc-cmm.org\/wp-content\/uploads\/2026\/01\/MWC_Sig_Blue_Horiz_webheader1-logo.svg","contentUrl":"https:\/\/mwc-cmm.org\/wp-content\/uploads\/2026\/01\/MWC_Sig_Blue_Horiz_webheader1-logo.svg","width":786,"height":82,"caption":"Mennonite World Conference"},"image":{"@id":"https:\/\/mwc-cmm.org\/en\/#\/schema\/logo\/image\/"},"sameAs":["https:\/\/www.facebook.com\/MennoniteWorldConference","https:\/\/www.linkedin.com\/company\/mennonite-world-conference-mwc\/","https:\/\/www.instagram.com\/mwcmm\/","https:\/\/www.youtube.com\/user\/mwccmm","https:\/\/bsky.app\/profile\/mwcmm.bsky.social"]},{"@type":"Person","@id":"https:\/\/mwc-cmm.org\/en\/#\/schema\/person\/11f6ae0d7d1868ba20a1cc27f067c836","name":"mennworldcon","image":{"@type":"ImageObject","inLanguage":"es","@id":"https:\/\/secure.gravatar.com\/avatar\/06fdc0dc81c157dfdb82ec42f252178a22307808988d22c043f9eb96f1e0fe80?s=96&d=mm&r=g","url":"https:\/\/secure.gravatar.com\/avatar\/06fdc0dc81c157dfdb82ec42f252178a22307808988d22c043f9eb96f1e0fe80?s=96&d=mm&r=g","contentUrl":"https:\/\/secure.gravatar.com\/avatar\/06fdc0dc81c157dfdb82ec42f252178a22307808988d22c043f9eb96f1e0fe80?s=96&d=mm&r=g","caption":"mennworldcon"},"sameAs":["https:\/\/mwc-cmm.org"],"url":"https:\/\/mwc-cmm.org\/es\/stories\/author\/mennworldcon\/"}]}},"_links":{"self":[{"href":"https:\/\/mwc-cmm.org\/es\/wp-json\/wp\/v2\/posts\/9290","targetHints":{"allow":["GET"]}}],"collection":[{"href":"https:\/\/mwc-cmm.org\/es\/wp-json\/wp\/v2\/posts"}],"about":[{"href":"https:\/\/mwc-cmm.org\/es\/wp-json\/wp\/v2\/types\/post"}],"author":[{"embeddable":true,"href":"https:\/\/mwc-cmm.org\/es\/wp-json\/wp\/v2\/users\/1"}],"replies":[{"embeddable":true,"href":"https:\/\/mwc-cmm.org\/es\/wp-json\/wp\/v2\/comments?post=9290"}],"version-history":[{"count":0,"href":"https:\/\/mwc-cmm.org\/es\/wp-json\/wp\/v2\/posts\/9290\/revisions"}],"wp:featuredmedia":[{"embeddable":true,"href":"https:\/\/mwc-cmm.org\/es\/wp-json\/wp\/v2\/media\/13010"}],"wp:attachment":[{"href":"https:\/\/mwc-cmm.org\/es\/wp-json\/wp\/v2\/media?parent=9290"}],"wp:term":[{"taxonomy":"category","embeddable":true,"href":"https:\/\/mwc-cmm.org\/es\/wp-json\/wp\/v2\/categories?post=9290"},{"taxonomy":"post_tag","embeddable":true,"href":"https:\/\/mwc-cmm.org\/es\/wp-json\/wp\/v2\/tags?post=9290"},{"taxonomy":"network","embeddable":true,"href":"https:\/\/mwc-cmm.org\/es\/wp-json\/wp\/v2\/network?post=9290"},{"taxonomy":"eventcategory","embeddable":true,"href":"https:\/\/mwc-cmm.org\/es\/wp-json\/wp\/v2\/eventcategory?post=9290"}],"curies":[{"name":"wp","href":"https:\/\/api.w.org\/{rel}","templated":true}]}}