{"id":9286,"date":"2022-11-14T00:00:00","date_gmt":"2022-11-14T00:00:00","guid":{"rendered":"https:\/\/mwc-cmm.org\/raul-o-garcia-2\/"},"modified":"2024-12-10T18:05:05","modified_gmt":"2024-12-10T18:05:05","slug":"raul-o-garcia","status":"publish","type":"post","link":"https:\/\/mwc-cmm.org\/es\/stories\/raul-o-garcia\/","title":{"rendered":"Ra\u00fal O. Garc\u00eda"},"content":{"rendered":"<h2>26 de Agosto de 1930 \u2013 30 de Octubre del 2022&nbsp;<\/h2>\n<p>Ra\u00fal O. Garc\u00eda, presidente del Congreso Mundial Menonita desde 1990 a 1997, falleci\u00f3 el 30 de octubre del 2022. Pastor, maestro y profesor durante mucho tiempo. \u00c9l naci\u00f3 en Argentina el 26 de agosto de 1930.<\/p>\n<p>De familia cat\u00f3lica y convertido a la fe menonita a los 14 a\u00f1os, sus dones pastorales fueron reconocidos y 10 a\u00f1os despu\u00e9s fue nombrado pastor asistente de la Iglesia Evang\u00e9lica Menonita de Pehuaj\u00f3, en una ciudad del interior de Buenos Aires, Argentina.<\/p>\n<p>Al a\u00f1o siguiente, Ra\u00fal Garc\u00eda se gradu\u00f3 de la universidad como traductor y profesor de ingl\u00e9s, y se fue a Estados Unidos a estudiar en el seminario b\u00edblico \u2018Goshen College Biblical Seminary\u2019.<\/p>\n<p>All\u00ed se reencuentra con Anita Schwartzentruber, hija de personas misioneras en Argentina, y se casaron el 28 de julio de 1956.<\/p>\n<p>Ellos regresaron a Argentina donde \u00e9l asumi\u00f3 nuevamente el liderazgo pastoral en Pehuaj\u00f3, adem\u00e1s de ense\u00f1ar ingl\u00e9s en la escuela secundaria y luego servir como director.<\/p>\n<p>\u00c9l desempe\u00f1\u00f3 un papel importante en el desarrollo de la educaci\u00f3n b\u00edblico-teol\u00f3gica para el liderazgo sudamericano. A lo largo de los a\u00f1os, se desempe\u00f1\u00f3 como presidente de la junta directiva del Seminario Menonita de Uruguay y de Paraguay, y como presidente de la junta directiva de la Conferencia de la Iglesia Evang\u00e9lica Menonita de Argentina (IEMA, por sus siglas en Espa\u00f1ol).<\/p>\n<p>Ra\u00fal O. Garc\u00eda, fue el primer presidente, procedente de Am\u00e9rica Latina, del Congreso Mundial Menonita. Fue instalado en la Asamblea de 1990 en Winnipeg, Manitoba, Canad\u00e1.<\/p>\n<p>Es autor de \u2018I Am A Christian Evangelical Anabaptist\u2019 (Soy Cristiano Evang\u00e9lico Anabautista) en Ingl\u00e9s y en Espa\u00f1ol, el cual tambi\u00e9n se tradujo al Portugu\u00e9s.<\/p>\n<p>En el 2004, \u2018Goshen College\u2019 (Universidad de Goshen) otorg\u00f3 a Ra\u00fal y a Anita Garc\u00eda el premio \u2018Culture for Service\u2019 (Cultura para el Servicio) en reconocimiento a la vida de servicio ejemplar.<\/p>\n<p>A Ra\u00fal O. Garc\u00eda deja su esposa Anita Schwarzentruber Garc\u00eda y sus tres hijos.<\/p>\n<hr>\n<h3>Comentarios de las personas en el liderazgo del CMM<\/h3>\n<p>A finales de julio de 1990, Ra\u00fal y Anita Garc\u00eda fueron a la Asamblea del CMM en Winnipeg, ellos dijeron, sin esperar que \u201csucediera nada importante. Solo fueron para estar all\u00ed y disfrutar del compa\u00f1erismo\u201d. Pero sucedi\u00f3 algo importante y totalmente inesperado: Ra\u00fal fue elegido presidente del Congreso Mundial Menonita. Sus primeras palabras, como las del Papa Francisco d\u00e9cadas despu\u00e9s, fueron \u201cOren por m\u00ed. Si el Se\u00f1or me ha puesto en este lugar, me ayudar\u00e1 con la gracia y la sabidur\u00eda necesarias para seguir involucrado\u201d. El Se\u00f1or proporcion\u00f3 gracia y sabidur\u00eda a Ra\u00fal mientras presid\u00eda suavemente al CMM durante un per\u00edodo de cambio hist\u00f3rico en el mundo anabautista-menonita y los cambios correspondientes en el CMM. En 1994, por primera vez, la familia Menonita y la de los Hermanos en Cristo contaba con m\u00e1s personas miembro en el Sur Global que en el Norte Global, inspirando los pasos iniciales del CMM de la \u201cconferencia\u201d a la \u201ccomuni\u00f3n\u201d, el establecimiento del Fondo de Ayuda de la Iglesia Mundial, una reconceptualizaci\u00f3n de la Asamblea Mundial y m\u00e1s. En su primer mensaje como presidente del CMM, dirigido a las 32,000 personas reunidas en el estadio de Winnipeg (probablemente la reuni\u00f3n m\u00e1s grande de personas anabautista-menonitas en la historia), Ra\u00fal habl\u00f3 con el coraz\u00f3n como tantas veces lo hizo: \u201cSi hemos sido fieles, hay gozo en el cielo para cada uno de nosotros que hemos sido testigos\u201d. Ra\u00fal ha sido testigo, Ra\u00fal ha mantenido la fe. \u00a1Hay alegr\u00eda en el cielo! Y agradecimiento en la tierra.<br \/>\n<em>\u2014Larry Miller, exsecretario general del CMM (1990-2011)<\/em>&nbsp;<em> <\/em><\/p>\n<p>Durante m\u00e1s de seis d\u00e9cadas, Ra\u00fal O. Garc\u00eda se dedic\u00f3 fielmente a m\u00faltiples formas de trabajo de servicio. Los compa\u00f1eros y compa\u00f1eras de trabajo, las personas miembro de la iglesia y estudiantes lo experimentaron como fiel, amable, atento, confiable, productivo y mucho m\u00e1s. Fue mentor de cientos de personas en Argentina y m\u00e1s all\u00e1.<br \/>\n<em>\u2014Daniel Schipani, Profesor Em\u00e9rito, Seminario B\u00edblico Anabautista Menonita<\/em>&nbsp;<\/p>\n<p>\u201cRecib\u00ed con tristeza la noticia del fallecimiento de nuestro querido hermano Ra\u00fal Garc\u00eda. Siempre me impresion\u00f3 su humildad, sencillez, amor por servir a Jesucristo y su preocupaci\u00f3n por honrar nuestra herencia y valores anabautistas. Tuvimos muchas buenas conversaciones, entre ellas, sobre el progreso de nuestras iglesias en Am\u00e9rica del Sur. Cumpli\u00f3 fielmente con su llamado. Que el Se\u00f1or consuele a su familia\u201d.<br \/>\n<em>\u2014Hans Gerhard Peters, \u2018Alian\u00e7a Evang\u00e9lica Menonita\u2019 (Alianza Evang\u00e9lica Menonita), Brasil<\/em><br \/>\n<em>(Representante del Comit\u00e9 Ejecutivo para Am\u00e9rica Latina 1990-1997)<\/em><\/p>\n<p>En cada encuentro que como iglesia participaba siempre ten\u00edamos un tiempo de intercambio que era de mucha bendici\u00f3n para mi vida. Fue una gran bendici\u00f3n para la vida de la iglesia argentina.<br \/>\n<em>\u2014Elvio Danilo Cayul, pastor, Iglesia Evang\u00e9lica Menonita Argentina<\/em><\/p>\n<p>Escribe tus recuerdos de Ra\u00fal Garc\u00eda a continuaci\u00f3n \u201a\u00a8\u00e1<br \/>\n(Despl\u00e1cese hacia abajo)<\/p>\n","protected":false},"excerpt":{"rendered":"<p>Ra\u00fal O. Garc\u00eda, presidente del Congreso Mundial Menonita desde 1990 a 1997, falleci\u00f3 el 30 de octubre del 2022. Pastor, maestro y profesor durante mucho tiempo. \u00c9l naci\u00f3 en Argentina el 26 de agosto de 1930.<\/p>\n","protected":false},"author":1,"featured_media":95930,"comment_status":"closed","ping_status":"closed","sticky":false,"template":"","format":"standard","meta":{"_acf_changed":false,"footnotes":""},"categories":[6],"tags":[],"network":[],"eventcategory":[],"class_list":["post-9286","post","type-post","status-publish","format-standard","has-post-thumbnail","hentry","category-sin-categorizar"],"acf":[],"yoast_head":"<!-- This site is optimized with the Yoast SEO plugin v27.5 - https:\/\/yoast.com\/product\/yoast-seo-wordpress\/ -->\n<title>Ra\u00fal O. Garc\u00eda - Mennonite World Conference<\/title>\n<meta name=\"robots\" content=\"index, follow, max-snippet:-1, max-image-preview:large, max-video-preview:-1\" \/>\n<link rel=\"canonical\" href=\"https:\/\/mwc-cmm.org\/es\/stories\/raul-o-garcia\/\" \/>\n<meta property=\"og:locale\" content=\"es_ES\" \/>\n<meta property=\"og:type\" content=\"article\" \/>\n<meta property=\"og:title\" content=\"Ra\u00fal O. Garc\u00eda - Mennonite World Conference\" \/>\n<meta property=\"og:description\" content=\"Ra\u00fal O. Garc\u00eda, presidente del Congreso Mundial Menonita desde 1990 a 1997, falleci\u00f3 el 30 de octubre del 2022. Pastor, maestro y profesor durante mucho tiempo. \u00c9l naci\u00f3 en Argentina el 26 de agosto de 1930.\" \/>\n<meta property=\"og:url\" content=\"https:\/\/mwc-cmm.org\/es\/stories\/raul-o-garcia\/\" \/>\n<meta property=\"og:site_name\" content=\"Mennonite World Conference\" \/>\n<meta property=\"article:publisher\" content=\"https:\/\/www.facebook.com\/MennoniteWorldConference\" \/>\n<meta property=\"article:published_time\" content=\"2022-11-14T00:00:00+00:00\" \/>\n<meta property=\"article:modified_time\" content=\"2024-12-10T18:05:05+00:00\" \/>\n<meta property=\"og:image\" content=\"https:\/\/mwc-cmm.org\/wp-content\/uploads\/2024\/11\/7883952808_010c4073b4_o.jpg\" \/>\n\t<meta property=\"og:image:width\" content=\"697\" \/>\n\t<meta property=\"og:image:height\" content=\"458\" \/>\n\t<meta property=\"og:image:type\" content=\"image\/jpeg\" \/>\n<meta name=\"author\" content=\"mennworldcon\" \/>\n<script type=\"application\/ld+json\" class=\"yoast-schema-graph\">{\"@context\":\"https:\\\/\\\/schema.org\",\"@graph\":[{\"@type\":\"Article\",\"@id\":\"https:\\\/\\\/mwc-cmm.org\\\/es\\\/stories\\\/raul-o-garcia\\\/#article\",\"isPartOf\":{\"@id\":\"https:\\\/\\\/mwc-cmm.org\\\/es\\\/stories\\\/raul-o-garcia\\\/\"},\"author\":{\"name\":\"mennworldcon\",\"@id\":\"https:\\\/\\\/mwc-cmm.org\\\/en\\\/#\\\/schema\\\/person\\\/11f6ae0d7d1868ba20a1cc27f067c836\"},\"headline\":\"Ra\u00fal O. Garc\u00eda\",\"datePublished\":\"2022-11-14T00:00:00+00:00\",\"dateModified\":\"2024-12-10T18:05:05+00:00\",\"mainEntityOfPage\":{\"@id\":\"https:\\\/\\\/mwc-cmm.org\\\/es\\\/stories\\\/raul-o-garcia\\\/\"},\"wordCount\":861,\"publisher\":{\"@id\":\"https:\\\/\\\/mwc-cmm.org\\\/en\\\/#organization\"},\"image\":{\"@id\":\"https:\\\/\\\/mwc-cmm.org\\\/es\\\/stories\\\/raul-o-garcia\\\/#primaryimage\"},\"thumbnailUrl\":\"https:\\\/\\\/mwc-cmm.org\\\/wp-content\\\/uploads\\\/2024\\\/11\\\/7883952808_010c4073b4_o.jpg\",\"articleSection\":[\"Sin categorizar\"],\"inLanguage\":\"es\"},{\"@type\":\"WebPage\",\"@id\":\"https:\\\/\\\/mwc-cmm.org\\\/es\\\/stories\\\/raul-o-garcia\\\/\",\"url\":\"https:\\\/\\\/mwc-cmm.org\\\/es\\\/stories\\\/raul-o-garcia\\\/\",\"name\":\"Ra\u00fal O. Garc\u00eda - Mennonite World Conference\",\"isPartOf\":{\"@id\":\"https:\\\/\\\/mwc-cmm.org\\\/en\\\/#website\"},\"primaryImageOfPage\":{\"@id\":\"https:\\\/\\\/mwc-cmm.org\\\/es\\\/stories\\\/raul-o-garcia\\\/#primaryimage\"},\"image\":{\"@id\":\"https:\\\/\\\/mwc-cmm.org\\\/es\\\/stories\\\/raul-o-garcia\\\/#primaryimage\"},\"thumbnailUrl\":\"https:\\\/\\\/mwc-cmm.org\\\/wp-content\\\/uploads\\\/2024\\\/11\\\/7883952808_010c4073b4_o.jpg\",\"datePublished\":\"2022-11-14T00:00:00+00:00\",\"dateModified\":\"2024-12-10T18:05:05+00:00\",\"breadcrumb\":{\"@id\":\"https:\\\/\\\/mwc-cmm.org\\\/es\\\/stories\\\/raul-o-garcia\\\/#breadcrumb\"},\"inLanguage\":\"es\",\"potentialAction\":[{\"@type\":\"ReadAction\",\"target\":[\"https:\\\/\\\/mwc-cmm.org\\\/es\\\/stories\\\/raul-o-garcia\\\/\"]}]},{\"@type\":\"ImageObject\",\"inLanguage\":\"es\",\"@id\":\"https:\\\/\\\/mwc-cmm.org\\\/es\\\/stories\\\/raul-o-garcia\\\/#primaryimage\",\"url\":\"https:\\\/\\\/mwc-cmm.org\\\/wp-content\\\/uploads\\\/2024\\\/11\\\/7883952808_010c4073b4_o.jpg\",\"contentUrl\":\"https:\\\/\\\/mwc-cmm.org\\\/wp-content\\\/uploads\\\/2024\\\/11\\\/7883952808_010c4073b4_o.jpg\",\"width\":697,\"height\":458},{\"@type\":\"BreadcrumbList\",\"@id\":\"https:\\\/\\\/mwc-cmm.org\\\/es\\\/stories\\\/raul-o-garcia\\\/#breadcrumb\",\"itemListElement\":[{\"@type\":\"ListItem\",\"position\":1,\"name\":\"Home\",\"item\":\"https:\\\/\\\/mwc-cmm.org\\\/es\\\/\"},{\"@type\":\"ListItem\",\"position\":2,\"name\":\"Ra\u00fal O. Garc\u00eda\"}]},{\"@type\":\"WebSite\",\"@id\":\"https:\\\/\\\/mwc-cmm.org\\\/en\\\/#website\",\"url\":\"https:\\\/\\\/mwc-cmm.org\\\/en\\\/\",\"name\":\"Mennonite World Conference\",\"description\":\"A communion of Anabaptist-related churches\",\"publisher\":{\"@id\":\"https:\\\/\\\/mwc-cmm.org\\\/en\\\/#organization\"},\"alternateName\":\"MWC\",\"potentialAction\":[{\"@type\":\"SearchAction\",\"target\":{\"@type\":\"EntryPoint\",\"urlTemplate\":\"https:\\\/\\\/mwc-cmm.org\\\/en\\\/?s={search_term_string}\"},\"query-input\":{\"@type\":\"PropertyValueSpecification\",\"valueRequired\":true,\"valueName\":\"search_term_string\"}}],\"inLanguage\":\"es\"},{\"@type\":\"Organization\",\"@id\":\"https:\\\/\\\/mwc-cmm.org\\\/en\\\/#organization\",\"name\":\"Mennonite World Conference\",\"alternateName\":\"MWC\",\"url\":\"https:\\\/\\\/mwc-cmm.org\\\/en\\\/\",\"logo\":{\"@type\":\"ImageObject\",\"inLanguage\":\"es\",\"@id\":\"https:\\\/\\\/mwc-cmm.org\\\/en\\\/#\\\/schema\\\/logo\\\/image\\\/\",\"url\":\"https:\\\/\\\/mwc-cmm.org\\\/wp-content\\\/uploads\\\/2026\\\/01\\\/MWC_Sig_Blue_Horiz_webheader1-logo.svg\",\"contentUrl\":\"https:\\\/\\\/mwc-cmm.org\\\/wp-content\\\/uploads\\\/2026\\\/01\\\/MWC_Sig_Blue_Horiz_webheader1-logo.svg\",\"width\":786,\"height\":82,\"caption\":\"Mennonite World Conference\"},\"image\":{\"@id\":\"https:\\\/\\\/mwc-cmm.org\\\/en\\\/#\\\/schema\\\/logo\\\/image\\\/\"},\"sameAs\":[\"https:\\\/\\\/www.facebook.com\\\/MennoniteWorldConference\",\"https:\\\/\\\/www.linkedin.com\\\/company\\\/mennonite-world-conference-mwc\\\/\",\"https:\\\/\\\/www.instagram.com\\\/mwcmm\\\/\",\"https:\\\/\\\/www.youtube.com\\\/user\\\/mwccmm\",\"https:\\\/\\\/bsky.app\\\/profile\\\/mwcmm.bsky.social\"]},{\"@type\":\"Person\",\"@id\":\"https:\\\/\\\/mwc-cmm.org\\\/en\\\/#\\\/schema\\\/person\\\/11f6ae0d7d1868ba20a1cc27f067c836\",\"name\":\"mennworldcon\",\"image\":{\"@type\":\"ImageObject\",\"inLanguage\":\"es\",\"@id\":\"https:\\\/\\\/secure.gravatar.com\\\/avatar\\\/06fdc0dc81c157dfdb82ec42f252178a22307808988d22c043f9eb96f1e0fe80?s=96&d=mm&r=g\",\"url\":\"https:\\\/\\\/secure.gravatar.com\\\/avatar\\\/06fdc0dc81c157dfdb82ec42f252178a22307808988d22c043f9eb96f1e0fe80?s=96&d=mm&r=g\",\"contentUrl\":\"https:\\\/\\\/secure.gravatar.com\\\/avatar\\\/06fdc0dc81c157dfdb82ec42f252178a22307808988d22c043f9eb96f1e0fe80?s=96&d=mm&r=g\",\"caption\":\"mennworldcon\"},\"sameAs\":[\"https:\\\/\\\/mwc-cmm.org\"],\"url\":\"https:\\\/\\\/mwc-cmm.org\\\/es\\\/stories\\\/author\\\/mennworldcon\\\/\"}]}<\/script>\n<!-- \/ Yoast SEO plugin. -->","yoast_head_json":{"title":"Ra\u00fal O. Garc\u00eda - Mennonite World Conference","robots":{"index":"index","follow":"follow","max-snippet":"max-snippet:-1","max-image-preview":"max-image-preview:large","max-video-preview":"max-video-preview:-1"},"canonical":"https:\/\/mwc-cmm.org\/es\/stories\/raul-o-garcia\/","og_locale":"es_ES","og_type":"article","og_title":"Ra\u00fal O. Garc\u00eda - Mennonite World Conference","og_description":"Ra\u00fal O. Garc\u00eda, presidente del Congreso Mundial Menonita desde 1990 a 1997, falleci\u00f3 el 30 de octubre del 2022. Pastor, maestro y profesor durante mucho tiempo. \u00c9l naci\u00f3 en Argentina el 26 de agosto de 1930.","og_url":"https:\/\/mwc-cmm.org\/es\/stories\/raul-o-garcia\/","og_site_name":"Mennonite World Conference","article_publisher":"https:\/\/www.facebook.com\/MennoniteWorldConference","article_published_time":"2022-11-14T00:00:00+00:00","article_modified_time":"2024-12-10T18:05:05+00:00","og_image":[{"width":697,"height":458,"url":"https:\/\/mwc-cmm.org\/wp-content\/uploads\/2024\/11\/7883952808_010c4073b4_o.jpg","type":"image\/jpeg"}],"author":"mennworldcon","schema":{"@context":"https:\/\/schema.org","@graph":[{"@type":"Article","@id":"https:\/\/mwc-cmm.org\/es\/stories\/raul-o-garcia\/#article","isPartOf":{"@id":"https:\/\/mwc-cmm.org\/es\/stories\/raul-o-garcia\/"},"author":{"name":"mennworldcon","@id":"https:\/\/mwc-cmm.org\/en\/#\/schema\/person\/11f6ae0d7d1868ba20a1cc27f067c836"},"headline":"Ra\u00fal O. Garc\u00eda","datePublished":"2022-11-14T00:00:00+00:00","dateModified":"2024-12-10T18:05:05+00:00","mainEntityOfPage":{"@id":"https:\/\/mwc-cmm.org\/es\/stories\/raul-o-garcia\/"},"wordCount":861,"publisher":{"@id":"https:\/\/mwc-cmm.org\/en\/#organization"},"image":{"@id":"https:\/\/mwc-cmm.org\/es\/stories\/raul-o-garcia\/#primaryimage"},"thumbnailUrl":"https:\/\/mwc-cmm.org\/wp-content\/uploads\/2024\/11\/7883952808_010c4073b4_o.jpg","articleSection":["Sin categorizar"],"inLanguage":"es"},{"@type":"WebPage","@id":"https:\/\/mwc-cmm.org\/es\/stories\/raul-o-garcia\/","url":"https:\/\/mwc-cmm.org\/es\/stories\/raul-o-garcia\/","name":"Ra\u00fal O. Garc\u00eda - Mennonite World Conference","isPartOf":{"@id":"https:\/\/mwc-cmm.org\/en\/#website"},"primaryImageOfPage":{"@id":"https:\/\/mwc-cmm.org\/es\/stories\/raul-o-garcia\/#primaryimage"},"image":{"@id":"https:\/\/mwc-cmm.org\/es\/stories\/raul-o-garcia\/#primaryimage"},"thumbnailUrl":"https:\/\/mwc-cmm.org\/wp-content\/uploads\/2024\/11\/7883952808_010c4073b4_o.jpg","datePublished":"2022-11-14T00:00:00+00:00","dateModified":"2024-12-10T18:05:05+00:00","breadcrumb":{"@id":"https:\/\/mwc-cmm.org\/es\/stories\/raul-o-garcia\/#breadcrumb"},"inLanguage":"es","potentialAction":[{"@type":"ReadAction","target":["https:\/\/mwc-cmm.org\/es\/stories\/raul-o-garcia\/"]}]},{"@type":"ImageObject","inLanguage":"es","@id":"https:\/\/mwc-cmm.org\/es\/stories\/raul-o-garcia\/#primaryimage","url":"https:\/\/mwc-cmm.org\/wp-content\/uploads\/2024\/11\/7883952808_010c4073b4_o.jpg","contentUrl":"https:\/\/mwc-cmm.org\/wp-content\/uploads\/2024\/11\/7883952808_010c4073b4_o.jpg","width":697,"height":458},{"@type":"BreadcrumbList","@id":"https:\/\/mwc-cmm.org\/es\/stories\/raul-o-garcia\/#breadcrumb","itemListElement":[{"@type":"ListItem","position":1,"name":"Home","item":"https:\/\/mwc-cmm.org\/es\/"},{"@type":"ListItem","position":2,"name":"Ra\u00fal O. Garc\u00eda"}]},{"@type":"WebSite","@id":"https:\/\/mwc-cmm.org\/en\/#website","url":"https:\/\/mwc-cmm.org\/en\/","name":"Mennonite World Conference","description":"A communion of Anabaptist-related churches","publisher":{"@id":"https:\/\/mwc-cmm.org\/en\/#organization"},"alternateName":"MWC","potentialAction":[{"@type":"SearchAction","target":{"@type":"EntryPoint","urlTemplate":"https:\/\/mwc-cmm.org\/en\/?s={search_term_string}"},"query-input":{"@type":"PropertyValueSpecification","valueRequired":true,"valueName":"search_term_string"}}],"inLanguage":"es"},{"@type":"Organization","@id":"https:\/\/mwc-cmm.org\/en\/#organization","name":"Mennonite World Conference","alternateName":"MWC","url":"https:\/\/mwc-cmm.org\/en\/","logo":{"@type":"ImageObject","inLanguage":"es","@id":"https:\/\/mwc-cmm.org\/en\/#\/schema\/logo\/image\/","url":"https:\/\/mwc-cmm.org\/wp-content\/uploads\/2026\/01\/MWC_Sig_Blue_Horiz_webheader1-logo.svg","contentUrl":"https:\/\/mwc-cmm.org\/wp-content\/uploads\/2026\/01\/MWC_Sig_Blue_Horiz_webheader1-logo.svg","width":786,"height":82,"caption":"Mennonite World Conference"},"image":{"@id":"https:\/\/mwc-cmm.org\/en\/#\/schema\/logo\/image\/"},"sameAs":["https:\/\/www.facebook.com\/MennoniteWorldConference","https:\/\/www.linkedin.com\/company\/mennonite-world-conference-mwc\/","https:\/\/www.instagram.com\/mwcmm\/","https:\/\/www.youtube.com\/user\/mwccmm","https:\/\/bsky.app\/profile\/mwcmm.bsky.social"]},{"@type":"Person","@id":"https:\/\/mwc-cmm.org\/en\/#\/schema\/person\/11f6ae0d7d1868ba20a1cc27f067c836","name":"mennworldcon","image":{"@type":"ImageObject","inLanguage":"es","@id":"https:\/\/secure.gravatar.com\/avatar\/06fdc0dc81c157dfdb82ec42f252178a22307808988d22c043f9eb96f1e0fe80?s=96&d=mm&r=g","url":"https:\/\/secure.gravatar.com\/avatar\/06fdc0dc81c157dfdb82ec42f252178a22307808988d22c043f9eb96f1e0fe80?s=96&d=mm&r=g","contentUrl":"https:\/\/secure.gravatar.com\/avatar\/06fdc0dc81c157dfdb82ec42f252178a22307808988d22c043f9eb96f1e0fe80?s=96&d=mm&r=g","caption":"mennworldcon"},"sameAs":["https:\/\/mwc-cmm.org"],"url":"https:\/\/mwc-cmm.org\/es\/stories\/author\/mennworldcon\/"}]}},"_links":{"self":[{"href":"https:\/\/mwc-cmm.org\/es\/wp-json\/wp\/v2\/posts\/9286","targetHints":{"allow":["GET"]}}],"collection":[{"href":"https:\/\/mwc-cmm.org\/es\/wp-json\/wp\/v2\/posts"}],"about":[{"href":"https:\/\/mwc-cmm.org\/es\/wp-json\/wp\/v2\/types\/post"}],"author":[{"embeddable":true,"href":"https:\/\/mwc-cmm.org\/es\/wp-json\/wp\/v2\/users\/1"}],"replies":[{"embeddable":true,"href":"https:\/\/mwc-cmm.org\/es\/wp-json\/wp\/v2\/comments?post=9286"}],"version-history":[{"count":0,"href":"https:\/\/mwc-cmm.org\/es\/wp-json\/wp\/v2\/posts\/9286\/revisions"}],"wp:featuredmedia":[{"embeddable":true,"href":"https:\/\/mwc-cmm.org\/es\/wp-json\/wp\/v2\/media\/95930"}],"wp:attachment":[{"href":"https:\/\/mwc-cmm.org\/es\/wp-json\/wp\/v2\/media?parent=9286"}],"wp:term":[{"taxonomy":"category","embeddable":true,"href":"https:\/\/mwc-cmm.org\/es\/wp-json\/wp\/v2\/categories?post=9286"},{"taxonomy":"post_tag","embeddable":true,"href":"https:\/\/mwc-cmm.org\/es\/wp-json\/wp\/v2\/tags?post=9286"},{"taxonomy":"network","embeddable":true,"href":"https:\/\/mwc-cmm.org\/es\/wp-json\/wp\/v2\/network?post=9286"},{"taxonomy":"eventcategory","embeddable":true,"href":"https:\/\/mwc-cmm.org\/es\/wp-json\/wp\/v2\/eventcategory?post=9286"}],"curies":[{"name":"wp","href":"https:\/\/api.w.org\/{rel}","templated":true}]}}