{"id":9279,"date":"2022-10-21T00:00:00","date_gmt":"2022-10-21T00:00:00","guid":{"rendered":"https:\/\/mwc-cmm.org\/a-fruitful-event-2\/"},"modified":"2024-12-10T18:05:01","modified_gmt":"2024-12-10T18:05:01","slug":"un-evento-fructifero","status":"publish","type":"post","link":"https:\/\/mwc-cmm.org\/es\/stories\/un-evento-fructifero\/","title":{"rendered":"Un evento fruct\u00edfero"},"content":{"rendered":"<h2>Siguiendo a Jes\u00fas juntos, superando las barreras<\/h2>\n<p>Las Asambleas globales del Congreso Mundial Menonita (CMM) son el equivalente de una reuni\u00f3n de Domingo en una congregaci\u00f3n local. A trav\u00e9s de la liturgia, declaramos la soberan\u00eda de Cristo en nuestra iglesia global, desafiando nacionalismos, racismo y otras falsas ideolog\u00edas que reclaman nuestra obediencia y seguimiento. Gracias a ense\u00f1anzas, talleres y predicaciones afirmamos nuestra identidad anabautista y facilitamos la formaci\u00f3n del car\u00e1cter de nuestras iglesias al exponerlas a diferentes perspectivas y \u00e9nfasis b\u00edblicos moldeados por el contexto de muchas culturas diferentes. En actividades informales, apreciamos la importancia de cada individuo y de su comunidad, compartimos los dones que hemos recibido y nos enriquecemos mutuamente por las nuevas relaciones que surgen. A trav\u00e9s de los momentos de oraci\u00f3n, apoyamos a quienes enfrentan persecuci\u00f3n, violencia, pobreza extrema y desastres naturales. Descubrimos que no estamos solos, que somos un organismo vivo, y que somos parte del cuerpo de Cristo.<\/p>\n<p>Estas son apenas algunas razones por las cuales las Asambleas del CMM han sido una parte esencial de nuestra comunidad global por d\u00e9cadas. En 2022, celebramos la segunda Asamblea mundial en Asia y la n\u00famero 17 desde el inicio del CMM en 1925.<\/p>\n<p>Cuando empezamos a planear la Asamblea 17, jam\u00e1s nos imaginamos la magnitud de barreras que tendr\u00edamos que cruzar. Indonesia 2022 pasar\u00e1 a la historia como uno de los eventos m\u00e1s complejos y retadores que hemos desarrollado. En adici\u00f3n a las diferencias culturales, de clase social y de perspectivas teol\u00f3gicas, algunas barreras que tuvimos que superar incluyeron lo siguiente:<\/p>\n<ul>\n<li>Finanzas: trasladar el evento de 2021 a 2022 debido a la pandemia tuvo como consecuencia enormes gastos econ\u00f3micos.<\/li>\n<li>Salud: un n\u00famero significativo de personas tuvo que guardar cuarentena \u2013 yo mismo incluido \u2013 debido al COVID-19 y a otros virus. Eso impidi\u00f3 la participaci\u00f3n completa de muchos asistentes.<\/li>\n<li>Tecnolog\u00eda: siendo esta la primera Asamblea oficialmente h\u00edbrida, muchas actividades se planearon para facilitar la participaci\u00f3n en l\u00ednea. Sin embargo, fallas t\u00e9cnicas obstruyeron la transmisi\u00f3n en vivo e impidieron la traducci\u00f3n simult\u00e1nea en el lugar del evento a pesar de muchos ensayos y la aparente certeza de los expertos en que la tecnolog\u00eda no fallar\u00eda.<\/li>\n<\/ul>\n<p>El liderazgo de la Asamblea se prepar\u00f3 por siete a\u00f1os para llevar a cabo un evento exitoso. La evaluaci\u00f3n que desarrollamos despu\u00e9s de la Asamblea y la experiencia de los participantes revelar\u00e1 el nivel de \u00e9xito del evento. Sin embargo, como iglesia, vale la pena recordar que estamos llamados a tener eventos fruct\u00edferos m\u00e1s que simplemente eventos exitosos.<\/p>\n<p>Es en el sentido de fruto que podemos apreciar lo valioso de la Asamblea en Indonesia. Gracias a la diversidad de barreras disc\u00edpulos de Cristo de muchas naciones aprendieron a practicar paciencia unos con otros. Gente de muchas culturas diferentes se moviliz\u00f3 para trabajar en unidad y buscando el bienestar de quienes estaban enfermos y necesitaban apoyo. El amor e inter\u00e9s por los dem\u00e1s, en muchos casos, fue evidente. Los malentendidos y conflictos inesperados nos llevaron a practicar el ministerio de la reconciliaci\u00f3n en medio nuestro. Descubrimos una vez m\u00e1s la importancia de la vulnerabilidad y de la confesi\u00f3n de faltas cometidas. Entendimos cu\u00e1n crucial es pedir y recibir perd\u00f3n con humildad.<\/p>\n<p>Consecuentemente, la Asamblea en 2022 profundiz\u00f3 la relaci\u00f3n intercultural de muchos miembros de nuestras iglesias y facilit\u00f3 la unidad en medio de la diversidad. La Asamblea 17 pudo no haber sido la m\u00e1s exitosa en par\u00e1metros humanos que miden la calidad de eventos. Aun as\u00ed, ha sido una de las m\u00e1s fruct\u00edferas para crecer en nuestro llamado a ser una comuni\u00f3n global en la tradici\u00f3n Anabautista.<\/p>\n<p><em>\u2014C\u00e9sar Garc\u00eda, secretario general del CMM, oriundo de Colombia, reside en Kitchener, Ontario, Canad\u00e1.<\/em><\/p>\n<hr>\n<h5><strong>Este art\u00edculo apareci\u00f3 por primera vez en&nbsp;<a href=\"https:\/\/mwc-cmm.org\/es\/resources\/correo-2022-2-octubre#\"><em>Correo\/Courier\/Courrier&nbsp;en Octubre de 2022.<\/em><\/a><\/strong><\/h5>\n","protected":false},"excerpt":{"rendered":"<p>Siguiendo a Jes\u00fas juntos, superando las barreras Las Asambleas globales del Congreso Mundial Menonita (CMM) son el equivalente de una reuni\u00f3n de Domingo en una congregaci\u00f3n local. A trav\u00e9s de la liturgia, declaramos la soberan\u00eda de Cristo en nuestra iglesia global, desafiando nacionalismos, racismo y otras falsas ideolog\u00edas que reclaman nuestra obediencia y seguimiento. Gracias [&hellip;]<\/p>\n","protected":false},"author":1,"featured_media":5979,"comment_status":"closed","ping_status":"closed","sticky":false,"template":"","format":"standard","meta":{"_acf_changed":false,"footnotes":""},"categories":[6],"tags":[],"network":[1306],"eventcategory":[],"class_list":["post-9279","post","type-post","status-publish","format-standard","has-post-thumbnail","hentry","category-sin-categorizar","network-courier-es"],"acf":[],"yoast_head":"<!-- This site is optimized with the Yoast SEO plugin v27.2 - https:\/\/yoast.com\/product\/yoast-seo-wordpress\/ -->\n<title>Un evento fruct\u00edfero - Mennonite World Conference<\/title>\n<meta name=\"robots\" content=\"index, follow, max-snippet:-1, max-image-preview:large, max-video-preview:-1\" \/>\n<link rel=\"canonical\" href=\"https:\/\/mwc-cmm.org\/en\/stories\/fruitful-event\/\" \/>\n<meta property=\"og:locale\" content=\"es_ES\" \/>\n<meta property=\"og:type\" content=\"article\" \/>\n<meta property=\"og:title\" content=\"Un evento fruct\u00edfero - Mennonite World Conference\" \/>\n<meta property=\"og:description\" content=\"Siguiendo a Jes\u00fas juntos, superando las barreras Las Asambleas globales del Congreso Mundial Menonita (CMM) son el equivalente de una reuni\u00f3n de Domingo en una congregaci\u00f3n local. A trav\u00e9s de la liturgia, declaramos la soberan\u00eda de Cristo en nuestra iglesia global, desafiando nacionalismos, racismo y otras falsas ideolog\u00edas que reclaman nuestra obediencia y seguimiento. Gracias [&hellip;]\" \/>\n<meta property=\"og:url\" content=\"https:\/\/mwc-cmm.org\/en\/stories\/fruitful-event\/\" \/>\n<meta property=\"og:site_name\" content=\"Mennonite World Conference\" \/>\n<meta property=\"article:publisher\" content=\"https:\/\/www.facebook.com\/MennoniteWorldConference\" \/>\n<meta property=\"article:published_time\" content=\"2022-10-21T00:00:00+00:00\" \/>\n<meta property=\"article:modified_time\" content=\"2024-12-10T18:05:01+00:00\" \/>\n<meta property=\"og:image\" content=\"https:\/\/mwc-cmm.org\/wp-content\/uploads\/2024\/10\/20220704tizbrotosudarmop1010112.jpg\" \/>\n\t<meta property=\"og:image:width\" content=\"1920\" \/>\n\t<meta property=\"og:image:height\" content=\"1280\" \/>\n\t<meta property=\"og:image:type\" content=\"image\/jpeg\" \/>\n<meta name=\"author\" content=\"mennworldcon\" \/>\n<script type=\"application\/ld+json\" class=\"yoast-schema-graph\">{\"@context\":\"https:\/\/schema.org\",\"@graph\":[{\"@type\":\"Article\",\"@id\":\"https:\/\/mwc-cmm.org\/en\/stories\/fruitful-event\/#article\",\"isPartOf\":{\"@id\":\"https:\/\/mwc-cmm.org\/en\/stories\/fruitful-event\/\"},\"author\":{\"name\":\"mennworldcon\",\"@id\":\"https:\/\/mwc-cmm.org\/en\/#\/schema\/person\/11f6ae0d7d1868ba20a1cc27f067c836\"},\"headline\":\"Un evento fruct\u00edfero\",\"datePublished\":\"2022-10-21T00:00:00+00:00\",\"dateModified\":\"2024-12-10T18:05:01+00:00\",\"mainEntityOfPage\":{\"@id\":\"https:\/\/mwc-cmm.org\/en\/stories\/fruitful-event\/\"},\"wordCount\":672,\"publisher\":{\"@id\":\"https:\/\/mwc-cmm.org\/en\/#organization\"},\"image\":{\"@id\":\"https:\/\/mwc-cmm.org\/en\/stories\/fruitful-event\/#primaryimage\"},\"thumbnailUrl\":\"https:\/\/mwc-cmm.org\/wp-content\/uploads\/2024\/10\/20220704tizbrotosudarmop1010112.jpg\",\"articleSection\":[\"Sin categorizar\"],\"inLanguage\":\"es\"},{\"@type\":\"WebPage\",\"@id\":\"https:\/\/mwc-cmm.org\/en\/stories\/fruitful-event\/\",\"url\":\"https:\/\/mwc-cmm.org\/en\/stories\/fruitful-event\/\",\"name\":\"Un evento fruct\u00edfero - Mennonite World Conference\",\"isPartOf\":{\"@id\":\"https:\/\/mwc-cmm.org\/en\/#website\"},\"primaryImageOfPage\":{\"@id\":\"https:\/\/mwc-cmm.org\/en\/stories\/fruitful-event\/#primaryimage\"},\"image\":{\"@id\":\"https:\/\/mwc-cmm.org\/en\/stories\/fruitful-event\/#primaryimage\"},\"thumbnailUrl\":\"https:\/\/mwc-cmm.org\/wp-content\/uploads\/2024\/10\/20220704tizbrotosudarmop1010112.jpg\",\"datePublished\":\"2022-10-21T00:00:00+00:00\",\"dateModified\":\"2024-12-10T18:05:01+00:00\",\"breadcrumb\":{\"@id\":\"https:\/\/mwc-cmm.org\/en\/stories\/fruitful-event\/#breadcrumb\"},\"inLanguage\":\"es\",\"potentialAction\":[{\"@type\":\"ReadAction\",\"target\":[\"https:\/\/mwc-cmm.org\/en\/stories\/fruitful-event\/\"]}]},{\"@type\":\"ImageObject\",\"inLanguage\":\"es\",\"@id\":\"https:\/\/mwc-cmm.org\/en\/stories\/fruitful-event\/#primaryimage\",\"url\":\"https:\/\/mwc-cmm.org\/wp-content\/uploads\/2024\/10\/20220704tizbrotosudarmop1010112.jpg\",\"contentUrl\":\"https:\/\/mwc-cmm.org\/wp-content\/uploads\/2024\/10\/20220704tizbrotosudarmop1010112.jpg\",\"width\":1920,\"height\":1280},{\"@type\":\"BreadcrumbList\",\"@id\":\"https:\/\/mwc-cmm.org\/en\/stories\/fruitful-event\/#breadcrumb\",\"itemListElement\":[{\"@type\":\"ListItem\",\"position\":1,\"name\":\"Home\",\"item\":\"https:\/\/mwc-cmm.org\/es\/\"},{\"@type\":\"ListItem\",\"position\":2,\"name\":\"Un evento fruct\u00edfero\"}]},{\"@type\":\"WebSite\",\"@id\":\"https:\/\/mwc-cmm.org\/en\/#website\",\"url\":\"https:\/\/mwc-cmm.org\/en\/\",\"name\":\"Mennonite World Conference\",\"description\":\"A communion of Anabaptist-related churches\",\"publisher\":{\"@id\":\"https:\/\/mwc-cmm.org\/en\/#organization\"},\"alternateName\":\"MWC\",\"potentialAction\":[{\"@type\":\"SearchAction\",\"target\":{\"@type\":\"EntryPoint\",\"urlTemplate\":\"https:\/\/mwc-cmm.org\/en\/?s={search_term_string}\"},\"query-input\":{\"@type\":\"PropertyValueSpecification\",\"valueRequired\":true,\"valueName\":\"search_term_string\"}}],\"inLanguage\":\"es\"},{\"@type\":\"Organization\",\"@id\":\"https:\/\/mwc-cmm.org\/en\/#organization\",\"name\":\"Mennonite World Conference\",\"alternateName\":\"MWC\",\"url\":\"https:\/\/mwc-cmm.org\/en\/\",\"logo\":{\"@type\":\"ImageObject\",\"inLanguage\":\"es\",\"@id\":\"https:\/\/mwc-cmm.org\/en\/#\/schema\/logo\/image\/\",\"url\":\"https:\/\/mwc-cmm.org\/wp-content\/uploads\/2026\/01\/MWC_Sig_Blue_Horiz_webheader1-logo.svg\",\"contentUrl\":\"https:\/\/mwc-cmm.org\/wp-content\/uploads\/2026\/01\/MWC_Sig_Blue_Horiz_webheader1-logo.svg\",\"width\":786,\"height\":82,\"caption\":\"Mennonite World Conference\"},\"image\":{\"@id\":\"https:\/\/mwc-cmm.org\/en\/#\/schema\/logo\/image\/\"},\"sameAs\":[\"https:\/\/www.facebook.com\/MennoniteWorldConference\",\"https:\/\/www.linkedin.com\/company\/mennonite-world-conference-mwc\/\",\"https:\/\/www.instagram.com\/mwcmm\/\",\"https:\/\/www.youtube.com\/user\/mwccmm\",\"https:\/\/bsky.app\/profile\/mwcmm.bsky.social\"]},{\"@type\":\"Person\",\"@id\":\"https:\/\/mwc-cmm.org\/en\/#\/schema\/person\/11f6ae0d7d1868ba20a1cc27f067c836\",\"name\":\"mennworldcon\",\"image\":{\"@type\":\"ImageObject\",\"inLanguage\":\"es\",\"@id\":\"https:\/\/secure.gravatar.com\/avatar\/06fdc0dc81c157dfdb82ec42f252178a22307808988d22c043f9eb96f1e0fe80?s=96&d=mm&r=g\",\"url\":\"https:\/\/secure.gravatar.com\/avatar\/06fdc0dc81c157dfdb82ec42f252178a22307808988d22c043f9eb96f1e0fe80?s=96&d=mm&r=g\",\"contentUrl\":\"https:\/\/secure.gravatar.com\/avatar\/06fdc0dc81c157dfdb82ec42f252178a22307808988d22c043f9eb96f1e0fe80?s=96&d=mm&r=g\",\"caption\":\"mennworldcon\"},\"sameAs\":[\"https:\/\/mwc-cmm.org\"],\"url\":\"https:\/\/mwc-cmm.org\/es\/stories\/author\/mennworldcon\/\"}]}<\/script>\n<!-- \/ Yoast SEO plugin. -->","yoast_head_json":{"title":"Un evento fruct\u00edfero - Mennonite World Conference","robots":{"index":"index","follow":"follow","max-snippet":"max-snippet:-1","max-image-preview":"max-image-preview:large","max-video-preview":"max-video-preview:-1"},"canonical":"https:\/\/mwc-cmm.org\/en\/stories\/fruitful-event\/","og_locale":"es_ES","og_type":"article","og_title":"Un evento fruct\u00edfero - Mennonite World Conference","og_description":"Siguiendo a Jes\u00fas juntos, superando las barreras Las Asambleas globales del Congreso Mundial Menonita (CMM) son el equivalente de una reuni\u00f3n de Domingo en una congregaci\u00f3n local. A trav\u00e9s de la liturgia, declaramos la soberan\u00eda de Cristo en nuestra iglesia global, desafiando nacionalismos, racismo y otras falsas ideolog\u00edas que reclaman nuestra obediencia y seguimiento. Gracias [&hellip;]","og_url":"https:\/\/mwc-cmm.org\/en\/stories\/fruitful-event\/","og_site_name":"Mennonite World Conference","article_publisher":"https:\/\/www.facebook.com\/MennoniteWorldConference","article_published_time":"2022-10-21T00:00:00+00:00","article_modified_time":"2024-12-10T18:05:01+00:00","og_image":[{"width":1920,"height":1280,"url":"https:\/\/mwc-cmm.org\/wp-content\/uploads\/2024\/10\/20220704tizbrotosudarmop1010112.jpg","type":"image\/jpeg"}],"author":"mennworldcon","schema":{"@context":"https:\/\/schema.org","@graph":[{"@type":"Article","@id":"https:\/\/mwc-cmm.org\/en\/stories\/fruitful-event\/#article","isPartOf":{"@id":"https:\/\/mwc-cmm.org\/en\/stories\/fruitful-event\/"},"author":{"name":"mennworldcon","@id":"https:\/\/mwc-cmm.org\/en\/#\/schema\/person\/11f6ae0d7d1868ba20a1cc27f067c836"},"headline":"Un evento fruct\u00edfero","datePublished":"2022-10-21T00:00:00+00:00","dateModified":"2024-12-10T18:05:01+00:00","mainEntityOfPage":{"@id":"https:\/\/mwc-cmm.org\/en\/stories\/fruitful-event\/"},"wordCount":672,"publisher":{"@id":"https:\/\/mwc-cmm.org\/en\/#organization"},"image":{"@id":"https:\/\/mwc-cmm.org\/en\/stories\/fruitful-event\/#primaryimage"},"thumbnailUrl":"https:\/\/mwc-cmm.org\/wp-content\/uploads\/2024\/10\/20220704tizbrotosudarmop1010112.jpg","articleSection":["Sin categorizar"],"inLanguage":"es"},{"@type":"WebPage","@id":"https:\/\/mwc-cmm.org\/en\/stories\/fruitful-event\/","url":"https:\/\/mwc-cmm.org\/en\/stories\/fruitful-event\/","name":"Un evento fruct\u00edfero - Mennonite World Conference","isPartOf":{"@id":"https:\/\/mwc-cmm.org\/en\/#website"},"primaryImageOfPage":{"@id":"https:\/\/mwc-cmm.org\/en\/stories\/fruitful-event\/#primaryimage"},"image":{"@id":"https:\/\/mwc-cmm.org\/en\/stories\/fruitful-event\/#primaryimage"},"thumbnailUrl":"https:\/\/mwc-cmm.org\/wp-content\/uploads\/2024\/10\/20220704tizbrotosudarmop1010112.jpg","datePublished":"2022-10-21T00:00:00+00:00","dateModified":"2024-12-10T18:05:01+00:00","breadcrumb":{"@id":"https:\/\/mwc-cmm.org\/en\/stories\/fruitful-event\/#breadcrumb"},"inLanguage":"es","potentialAction":[{"@type":"ReadAction","target":["https:\/\/mwc-cmm.org\/en\/stories\/fruitful-event\/"]}]},{"@type":"ImageObject","inLanguage":"es","@id":"https:\/\/mwc-cmm.org\/en\/stories\/fruitful-event\/#primaryimage","url":"https:\/\/mwc-cmm.org\/wp-content\/uploads\/2024\/10\/20220704tizbrotosudarmop1010112.jpg","contentUrl":"https:\/\/mwc-cmm.org\/wp-content\/uploads\/2024\/10\/20220704tizbrotosudarmop1010112.jpg","width":1920,"height":1280},{"@type":"BreadcrumbList","@id":"https:\/\/mwc-cmm.org\/en\/stories\/fruitful-event\/#breadcrumb","itemListElement":[{"@type":"ListItem","position":1,"name":"Home","item":"https:\/\/mwc-cmm.org\/es\/"},{"@type":"ListItem","position":2,"name":"Un evento fruct\u00edfero"}]},{"@type":"WebSite","@id":"https:\/\/mwc-cmm.org\/en\/#website","url":"https:\/\/mwc-cmm.org\/en\/","name":"Mennonite World Conference","description":"A communion of Anabaptist-related churches","publisher":{"@id":"https:\/\/mwc-cmm.org\/en\/#organization"},"alternateName":"MWC","potentialAction":[{"@type":"SearchAction","target":{"@type":"EntryPoint","urlTemplate":"https:\/\/mwc-cmm.org\/en\/?s={search_term_string}"},"query-input":{"@type":"PropertyValueSpecification","valueRequired":true,"valueName":"search_term_string"}}],"inLanguage":"es"},{"@type":"Organization","@id":"https:\/\/mwc-cmm.org\/en\/#organization","name":"Mennonite World Conference","alternateName":"MWC","url":"https:\/\/mwc-cmm.org\/en\/","logo":{"@type":"ImageObject","inLanguage":"es","@id":"https:\/\/mwc-cmm.org\/en\/#\/schema\/logo\/image\/","url":"https:\/\/mwc-cmm.org\/wp-content\/uploads\/2026\/01\/MWC_Sig_Blue_Horiz_webheader1-logo.svg","contentUrl":"https:\/\/mwc-cmm.org\/wp-content\/uploads\/2026\/01\/MWC_Sig_Blue_Horiz_webheader1-logo.svg","width":786,"height":82,"caption":"Mennonite World Conference"},"image":{"@id":"https:\/\/mwc-cmm.org\/en\/#\/schema\/logo\/image\/"},"sameAs":["https:\/\/www.facebook.com\/MennoniteWorldConference","https:\/\/www.linkedin.com\/company\/mennonite-world-conference-mwc\/","https:\/\/www.instagram.com\/mwcmm\/","https:\/\/www.youtube.com\/user\/mwccmm","https:\/\/bsky.app\/profile\/mwcmm.bsky.social"]},{"@type":"Person","@id":"https:\/\/mwc-cmm.org\/en\/#\/schema\/person\/11f6ae0d7d1868ba20a1cc27f067c836","name":"mennworldcon","image":{"@type":"ImageObject","inLanguage":"es","@id":"https:\/\/secure.gravatar.com\/avatar\/06fdc0dc81c157dfdb82ec42f252178a22307808988d22c043f9eb96f1e0fe80?s=96&d=mm&r=g","url":"https:\/\/secure.gravatar.com\/avatar\/06fdc0dc81c157dfdb82ec42f252178a22307808988d22c043f9eb96f1e0fe80?s=96&d=mm&r=g","contentUrl":"https:\/\/secure.gravatar.com\/avatar\/06fdc0dc81c157dfdb82ec42f252178a22307808988d22c043f9eb96f1e0fe80?s=96&d=mm&r=g","caption":"mennworldcon"},"sameAs":["https:\/\/mwc-cmm.org"],"url":"https:\/\/mwc-cmm.org\/es\/stories\/author\/mennworldcon\/"}]}},"_links":{"self":[{"href":"https:\/\/mwc-cmm.org\/es\/wp-json\/wp\/v2\/posts\/9279","targetHints":{"allow":["GET"]}}],"collection":[{"href":"https:\/\/mwc-cmm.org\/es\/wp-json\/wp\/v2\/posts"}],"about":[{"href":"https:\/\/mwc-cmm.org\/es\/wp-json\/wp\/v2\/types\/post"}],"author":[{"embeddable":true,"href":"https:\/\/mwc-cmm.org\/es\/wp-json\/wp\/v2\/users\/1"}],"replies":[{"embeddable":true,"href":"https:\/\/mwc-cmm.org\/es\/wp-json\/wp\/v2\/comments?post=9279"}],"version-history":[{"count":0,"href":"https:\/\/mwc-cmm.org\/es\/wp-json\/wp\/v2\/posts\/9279\/revisions"}],"wp:featuredmedia":[{"embeddable":true,"href":"https:\/\/mwc-cmm.org\/es\/wp-json\/wp\/v2\/media\/5979"}],"wp:attachment":[{"href":"https:\/\/mwc-cmm.org\/es\/wp-json\/wp\/v2\/media?parent=9279"}],"wp:term":[{"taxonomy":"category","embeddable":true,"href":"https:\/\/mwc-cmm.org\/es\/wp-json\/wp\/v2\/categories?post=9279"},{"taxonomy":"post_tag","embeddable":true,"href":"https:\/\/mwc-cmm.org\/es\/wp-json\/wp\/v2\/tags?post=9279"},{"taxonomy":"network","embeddable":true,"href":"https:\/\/mwc-cmm.org\/es\/wp-json\/wp\/v2\/network?post=9279"},{"taxonomy":"eventcategory","embeddable":true,"href":"https:\/\/mwc-cmm.org\/es\/wp-json\/wp\/v2\/eventcategory?post=9279"}],"curies":[{"name":"wp","href":"https:\/\/api.w.org\/{rel}","templated":true}]}}