{"id":9259,"date":"2022-09-08T00:00:00","date_gmt":"2022-09-08T00:00:00","guid":{"rendered":"https:\/\/mwc-cmm.org\/biblical-background-for-sermon-content-2\/"},"modified":"2024-12-10T18:04:52","modified_gmt":"2024-12-10T18:04:52","slug":"trasfondo-biblico-del-contenido-del-sermon","status":"publish","type":"post","link":"https:\/\/mwc-cmm.org\/es\/stories\/trasfondo-biblico-del-contenido-del-sermon\/","title":{"rendered":"Trasfondo b\u00edblico del contenido del serm\u00f3n"},"content":{"rendered":"<p><em>Escojan textos que se apliquen a su contexto.<\/em><\/p>\n<h3>Antiguo Testamento: Isa\u00edas 40,28-31<\/h3>\n<ul>\n<li>Jesucristo, nuestra esperanza, es un tema que llega en el momento adecuado, un tema apropiado despu\u00e9s de cruzar zonas de turbulencia en nuestro mundo y en nuestras vidas en particular. La esperanza es una confianza pura y desinteresada en el futuro. \u00bfNo decimos que cuando no hay vida no tenemos esperanza? Tener esperanza es tener fe, seguir confiando en Dios, aunque todo no salga como queremos. En nuestro contexto de inseguridad, agravado por la crisis del COVID-19 y tantos otros males que se baten furiosos a nuestro alrededor, la esperanza se presenta como el aliento de vida.<\/li>\n<li>En cierto momento, los hijos de Israel tambi\u00e9n pasaron por tales decepciones y momentos de crisis. Seg\u00fan ellos, sent\u00edan que a los ojos de Dios ya no eran tan importantes. Muchos pueden tener el mismo sentimiento de no ser tenidos en cuenta por Dios. Esto es com\u00fan cuando estamos atravesando tiempos de incertidumbre. Dios sabe esto, y conoce nuestros temores y nuestras preocupaciones. A pesar de la incertidumbre, Dios nos habla diciendo, \u201c\u00a1Brinda esperanza a mi pueblo!\u201d<\/li>\n<li>Aunque no todo es como antes, Dios es fiel a sus promesas. Dios sigue siendo Dios y no ha cambiado. Dios te pide que pongas tu confianza, tu esperanza en \u00c9l. En Isa\u00edas 40, Dios dice una y otra vez, \u201c\u00a1Levanta los ojos y mira! \u00bfQui\u00e9n cre\u00f3 estas cosas? \u00bfQui\u00e9n hace que su ej\u00e9rcito marche en orden? \u00c9l los llama a todos por su nombre\u201d. Dios dice en Jerem\u00edas 29,11 \u201cYo s\u00e9 los planes que tengo para ustedes, planes para su bienestar y no para su mal, a fin de darles un futuro lleno de esperanza. Yo, el Se\u00f1or, lo afirmo\u201d.<\/li>\n<li>Dios quiere darte esperanza cuando piensas que nada va bien en tu vida familiar, tu salud, tu trabajo o tus relaciones con los dem\u00e1s. Dios pide que lo mires. Como Dios, \u00c9l quiere que no te canses, ni te aburras. Cuando piensas que nada est\u00e1 bien, Dios te dice que emprendas vuelo como el \u00e1guila. Dios quiere que pongas tu confianza en \u00c9l. No veas todo como un fracaso, sino cuenta los beneficios que \u00e9l puso delante de ti. Ver\u00e1s que, en la adoraci\u00f3n, las bendiciones de Dios son grandes.<\/li>\n<li>La esperanza en Dios aumentar\u00e1 nuestra fortaleza para servir al Se\u00f1or.<\/li>\n<\/ul>\n<h3>Salmos: Salmo 62,1-6<\/h3>\n<ul>\n<li>David se exhorta a s\u00ed mismo a continuar esperando en Dios. Debemos perseverar en el bien que hacemos y esforzarnos por hacer m\u00e1s y m\u00e1s.<\/li>\n<li>Todos nos hemos vistos confrontados a las acciones de algunas personas mal intencionadas e irritados por otras. Pero Dios permite estas cosas. Por supuesto, son dif\u00edciles de tratar, pero tambi\u00e9n brindan la oportunidad de desarrollar comportamientos m\u00e1s virtuosos.<\/li>\n<li>Cuanto m\u00e1s se ejerce la fe, m\u00e1s activa se torna. Cuanto m\u00e1s meditamos en las perfecciones de Dios, en Sus promesas y en nuestra esperanza, m\u00e1s superamos nuestros miedos y permanecemos en paz (Isa\u00edas 26,3). As\u00ed como la fe de David se eleva a una certeza inquebrantable, su alegr\u00eda se convertir\u00e1 en santo triunfo.<\/li>\n<\/ul>\n<p style=\"text-align:center\"><a href=\"https:\/\/mwc-cmm.org\/es\/resources\/domingo-de-la-fraternidad-anabautista-mundial-2023\"><img decoding=\"async\" alt=\"Domingo de la Fraternidad Anabautista Mundial 2023\" height=\"100\" data-src=\"\/sites\/default\/files\/website_files_2020\/awfs23sp.jpg\" width=\"417\" src=\"data:image\/svg+xml;base64,PHN2ZyB3aWR0aD0iMSIgaGVpZ2h0PSIxIiB4bWxucz0iaHR0cDovL3d3dy53My5vcmcvMjAwMC9zdmciPjwvc3ZnPg==\" class=\"lazyload\" style=\"--smush-placeholder-width: 417px; --smush-placeholder-aspect-ratio: 417\/100;\"><\/a><\/p>\n<h3>Evangelio: Lucas 18,35-43<\/h3>\n<ul>\n<li>Jes\u00fas es la esperanza de los marginados. Jes\u00fas es el que puede o\u00edr la voz de los que no tienen voz. Abramos nuestros o\u00eddos, nuestros ojos, para escuchar y ver a los&nbsp;marginados para darles esperanza.<\/li>\n<li>Este hombre ciego y desesperado depend\u00eda de la generosidad de las personas de buena voluntad. Fue una generosidad que ciertamente no satisfizo todas sus necesidades. Este hombre quer\u00eda ser independiente. Debe haber o\u00eddo hablar de Jes\u00fas, y puso su esperanza, su fe en Jes\u00fas sin haberlo visto. Este hombre se dijo a s\u00ed mismo que el d\u00eda en que Jes\u00fas pasara junto a \u00e9l, no perder\u00eda la oportunidad de desafiarlo. Su esperanza estaba en Jes\u00fas.<\/li>\n<li>Este d\u00eda es un d\u00eda de gracia para el ciego. Oye el ruido de una multitud, pregunta y se entera de que es Jes\u00fas de Nazaret quien pasa. Se dice a s\u00ed mismo \u201cmi esperanza se ha cumplido\u201d. Entonces, m\u00e1s fuerte que todo el ruido de la multitud, escuchan \u201cJes\u00fas, \u00a1Hijo de David, ten misericordia de m\u00ed!\u201d La multitud, por desprecio, le dice \u201cC\u00e1llate\u201d. Es entonces cuando grita cada vez m\u00e1s fuerte, \u201c\u00a1Hijo de David, ten misericordia de m\u00ed!\u201d Jes\u00fas, la esperanza de los desesperanzados, le presta atenci\u00f3n y le hace la oferta m\u00e1s hermosa, \u201c\u00bfQu\u00e9 quieres de m\u00ed?\u201d Algunas versiones dicen, \u201c\u00bfQu\u00e9 quieres que haga?\u201d Jes\u00fas, quisiera o\u00edrte hacerme esa pregunta todos los d\u00edas de mi vida, porque t\u00fa eres mi esperanza.<\/li>\n<li>Al igual que el joven rey Salom\u00f3n, el ciego pide lo esencial y necesario, y lo que los hombres no han podido darle, \u201cSe\u00f1or, que recobre la vista\u201d. El Se\u00f1or le contesta su petici\u00f3n. Est\u00e1 satisfecho y ese d\u00eda es el hombre m\u00e1s feliz de la tierra.<\/li>\n<li>Indudablemente, este hombre fue marginado por su discapacidad f\u00edsica; Jes\u00fas era su liberaci\u00f3n y su esperanza. Puede ser que no seamos v\u00edctimas de un impedimento f\u00edsico, sino de alg\u00fan tipo de impedimento que el ojo humano no puede ver. Tambi\u00e9n nosotros debemos clamar a Jes\u00fas todos los d\u00edas, diciendo \u201cJes\u00fas, Hijo de David, ten misericordia de m\u00ed\u201d. As\u00ed, Jes\u00fas sanar\u00e1&nbsp;nuestros impedimentos f\u00edsicos y espirituales. A cambio, nos volvemos hacia \u00e9l en agradecimiento y le preguntamos, como lo hizo Saulo en el camino a Damasco, \u201cSe\u00f1or, \u00bfqu\u00e9 quieres que haga?\u201d (Hechos 9,6).<\/li>\n<li>Esperar en Cristo puede traer sanidad a nuestras vidas.<\/li>\n<li>\u00bfQu\u00e9 situaci\u00f3n te resulta tan dif\u00edcil que te cuesta tener esperanza? \u00bfQui\u00e9n est\u00e1 tratando de silenciarte? Fija tus ojos en Cristo. No permitas que nadie silencie tu esperanza en Cristo. \u00a1Grita a\u00fan m\u00e1s! Clama a Jes\u00fas y \u00e9l responder\u00e1. Jes\u00fas presta atenci\u00f3n cuando clamas a \u00e9l con esperanza.<\/li>\n<\/ul>\n<h3>Nuevo Testamento: 1 Pedro 1,3-6<\/h3>\n<ul>\n<li>Jes\u00fas dej\u00f3 claro a sus disc\u00edpulos cu\u00e1l es el precio a pagar por seguirlo. Jes\u00fas no nos prometi\u00f3 monta\u00f1as y maravillas. Al contrario, nos dijo que, si quer\u00edamos seguirlo, debemos tomar nuestra cruz, s\u00edmbolo del sufrimiento y la perseverancia. Los que nos tranquiliza acerca de esta realidad del reino es que Jes\u00fas ha prometido estar con nosotros en los momentos buenos y en los malos.<\/li>\n<li>Jes\u00fas es nuestra esperanza en esta vida presente y es tambi\u00e9n nuestra esperanza viva en todo momento. Ponemos nuestra confianza en Jes\u00fas por la eternidad. No importa lo que te est\u00e9 pasando, y lo que no est\u00e9 yendo bien, pon tu confianza en Jes\u00fas. No renuncies a Jes\u00fas, tu vida espiritual. Lev\u00e1ntate y pon tu esperanza una vez m\u00e1s en Jes\u00fas.<\/li>\n<\/ul>\n<p><em>Contenido del serm\u00f3n proporcionado por:<\/em><\/p>\n<ul>\n<li>Siaka Traor\u00e9, pastor, Iglesia Evang\u00e9lica Menonita de Burkina Faso<\/li>\n<li>Seliselwe Sibanda de la Iglesia de los Hermanos en Cristo, Zimbabue<\/li>\n<li>Pastor Absalom Sibanda, evangelista, Iglesia de los Hermanos en Cristo, Zimbabue<\/li>\n<\/ul>\n","protected":false},"excerpt":{"rendered":"<p>Escojan textos que se apliquen a su contexto. Antiguo Testamento: Isa\u00edas 40,28-31 Jesucristo, nuestra esperanza, es un tema que llega en el momento adecuado, un tema apropiado despu\u00e9s de cruzar zonas de turbulencia en nuestro mundo y en nuestras vidas en particular. La esperanza es una confianza pura y desinteresada en el futuro. \u00bfNo decimos [&hellip;]<\/p>\n","protected":false},"author":1,"featured_media":95579,"comment_status":"closed","ping_status":"closed","sticky":false,"template":"","format":"standard","meta":{"_acf_changed":false,"footnotes":""},"categories":[6],"tags":[],"network":[],"eventcategory":[1499],"class_list":["post-9259","post","type-post","status-publish","format-standard","has-post-thumbnail","hentry","category-sin-categorizar","eventcategory-anabaptist-world-fellowship-sunday-es"],"acf":[],"yoast_head":"<!-- This site is optimized with the Yoast SEO plugin v27.5 - https:\/\/yoast.com\/product\/yoast-seo-wordpress\/ -->\n<title>Trasfondo b\u00edblico del contenido del serm\u00f3n - Mennonite World Conference<\/title>\n<meta name=\"robots\" content=\"index, follow, max-snippet:-1, max-image-preview:large, max-video-preview:-1\" \/>\n<link rel=\"canonical\" href=\"https:\/\/mwc-cmm.org\/es\/stories\/trasfondo-biblico-del-contenido-del-sermon\/\" \/>\n<meta property=\"og:locale\" content=\"es_ES\" \/>\n<meta property=\"og:type\" content=\"article\" \/>\n<meta property=\"og:title\" content=\"Trasfondo b\u00edblico del contenido del serm\u00f3n - Mennonite World Conference\" \/>\n<meta property=\"og:description\" content=\"Escojan textos que se apliquen a su contexto. Antiguo Testamento: Isa\u00edas 40,28-31 Jesucristo, nuestra esperanza, es un tema que llega en el momento adecuado, un tema apropiado despu\u00e9s de cruzar zonas de turbulencia en nuestro mundo y en nuestras vidas en particular. La esperanza es una confianza pura y desinteresada en el futuro. \u00bfNo decimos [&hellip;]\" \/>\n<meta property=\"og:url\" content=\"https:\/\/mwc-cmm.org\/es\/stories\/trasfondo-biblico-del-contenido-del-sermon\/\" \/>\n<meta property=\"og:site_name\" content=\"Mennonite World Conference\" \/>\n<meta property=\"article:publisher\" content=\"https:\/\/www.facebook.com\/MennoniteWorldConference\" \/>\n<meta property=\"article:published_time\" content=\"2022-09-08T00:00:00+00:00\" \/>\n<meta property=\"article:modified_time\" content=\"2024-12-10T18:04:52+00:00\" \/>\n<meta property=\"og:image\" content=\"https:\/\/mwc-cmm.org\/wp-content\/uploads\/2024\/11\/2021-11-28-shalom-drc-7.jpeg\" \/>\n\t<meta property=\"og:image:width\" content=\"1080\" \/>\n\t<meta property=\"og:image:height\" content=\"720\" \/>\n\t<meta property=\"og:image:type\" content=\"image\/jpeg\" \/>\n<meta name=\"author\" content=\"mennworldcon\" \/>\n<script type=\"application\/ld+json\" class=\"yoast-schema-graph\">{\"@context\":\"https:\\\/\\\/schema.org\",\"@graph\":[{\"@type\":\"Article\",\"@id\":\"https:\\\/\\\/mwc-cmm.org\\\/es\\\/stories\\\/trasfondo-biblico-del-contenido-del-sermon\\\/#article\",\"isPartOf\":{\"@id\":\"https:\\\/\\\/mwc-cmm.org\\\/es\\\/stories\\\/trasfondo-biblico-del-contenido-del-sermon\\\/\"},\"author\":{\"name\":\"mennworldcon\",\"@id\":\"https:\\\/\\\/mwc-cmm.org\\\/en\\\/#\\\/schema\\\/person\\\/11f6ae0d7d1868ba20a1cc27f067c836\"},\"headline\":\"Trasfondo b\u00edblico del contenido del serm\u00f3n\",\"datePublished\":\"2022-09-08T00:00:00+00:00\",\"dateModified\":\"2024-12-10T18:04:52+00:00\",\"mainEntityOfPage\":{\"@id\":\"https:\\\/\\\/mwc-cmm.org\\\/es\\\/stories\\\/trasfondo-biblico-del-contenido-del-sermon\\\/\"},\"wordCount\":1211,\"publisher\":{\"@id\":\"https:\\\/\\\/mwc-cmm.org\\\/en\\\/#organization\"},\"image\":{\"@id\":\"https:\\\/\\\/mwc-cmm.org\\\/es\\\/stories\\\/trasfondo-biblico-del-contenido-del-sermon\\\/#primaryimage\"},\"thumbnailUrl\":\"https:\\\/\\\/mwc-cmm.org\\\/wp-content\\\/uploads\\\/2024\\\/11\\\/2021-11-28-shalom-drc-7.jpeg\",\"articleSection\":[\"Sin categorizar\"],\"inLanguage\":\"es\"},{\"@type\":\"WebPage\",\"@id\":\"https:\\\/\\\/mwc-cmm.org\\\/es\\\/stories\\\/trasfondo-biblico-del-contenido-del-sermon\\\/\",\"url\":\"https:\\\/\\\/mwc-cmm.org\\\/es\\\/stories\\\/trasfondo-biblico-del-contenido-del-sermon\\\/\",\"name\":\"Trasfondo b\u00edblico del contenido del serm\u00f3n - Mennonite World Conference\",\"isPartOf\":{\"@id\":\"https:\\\/\\\/mwc-cmm.org\\\/en\\\/#website\"},\"primaryImageOfPage\":{\"@id\":\"https:\\\/\\\/mwc-cmm.org\\\/es\\\/stories\\\/trasfondo-biblico-del-contenido-del-sermon\\\/#primaryimage\"},\"image\":{\"@id\":\"https:\\\/\\\/mwc-cmm.org\\\/es\\\/stories\\\/trasfondo-biblico-del-contenido-del-sermon\\\/#primaryimage\"},\"thumbnailUrl\":\"https:\\\/\\\/mwc-cmm.org\\\/wp-content\\\/uploads\\\/2024\\\/11\\\/2021-11-28-shalom-drc-7.jpeg\",\"datePublished\":\"2022-09-08T00:00:00+00:00\",\"dateModified\":\"2024-12-10T18:04:52+00:00\",\"breadcrumb\":{\"@id\":\"https:\\\/\\\/mwc-cmm.org\\\/es\\\/stories\\\/trasfondo-biblico-del-contenido-del-sermon\\\/#breadcrumb\"},\"inLanguage\":\"es\",\"potentialAction\":[{\"@type\":\"ReadAction\",\"target\":[\"https:\\\/\\\/mwc-cmm.org\\\/es\\\/stories\\\/trasfondo-biblico-del-contenido-del-sermon\\\/\"]}]},{\"@type\":\"ImageObject\",\"inLanguage\":\"es\",\"@id\":\"https:\\\/\\\/mwc-cmm.org\\\/es\\\/stories\\\/trasfondo-biblico-del-contenido-del-sermon\\\/#primaryimage\",\"url\":\"https:\\\/\\\/mwc-cmm.org\\\/wp-content\\\/uploads\\\/2024\\\/11\\\/2021-11-28-shalom-drc-7.jpeg\",\"contentUrl\":\"https:\\\/\\\/mwc-cmm.org\\\/wp-content\\\/uploads\\\/2024\\\/11\\\/2021-11-28-shalom-drc-7.jpeg\",\"width\":1080,\"height\":720},{\"@type\":\"BreadcrumbList\",\"@id\":\"https:\\\/\\\/mwc-cmm.org\\\/es\\\/stories\\\/trasfondo-biblico-del-contenido-del-sermon\\\/#breadcrumb\",\"itemListElement\":[{\"@type\":\"ListItem\",\"position\":1,\"name\":\"Home\",\"item\":\"https:\\\/\\\/mwc-cmm.org\\\/es\\\/\"},{\"@type\":\"ListItem\",\"position\":2,\"name\":\"Trasfondo b\u00edblico del contenido del serm\u00f3n\"}]},{\"@type\":\"WebSite\",\"@id\":\"https:\\\/\\\/mwc-cmm.org\\\/en\\\/#website\",\"url\":\"https:\\\/\\\/mwc-cmm.org\\\/en\\\/\",\"name\":\"Mennonite World Conference\",\"description\":\"A communion of Anabaptist-related churches\",\"publisher\":{\"@id\":\"https:\\\/\\\/mwc-cmm.org\\\/en\\\/#organization\"},\"alternateName\":\"MWC\",\"potentialAction\":[{\"@type\":\"SearchAction\",\"target\":{\"@type\":\"EntryPoint\",\"urlTemplate\":\"https:\\\/\\\/mwc-cmm.org\\\/en\\\/?s={search_term_string}\"},\"query-input\":{\"@type\":\"PropertyValueSpecification\",\"valueRequired\":true,\"valueName\":\"search_term_string\"}}],\"inLanguage\":\"es\"},{\"@type\":\"Organization\",\"@id\":\"https:\\\/\\\/mwc-cmm.org\\\/en\\\/#organization\",\"name\":\"Mennonite World Conference\",\"alternateName\":\"MWC\",\"url\":\"https:\\\/\\\/mwc-cmm.org\\\/en\\\/\",\"logo\":{\"@type\":\"ImageObject\",\"inLanguage\":\"es\",\"@id\":\"https:\\\/\\\/mwc-cmm.org\\\/en\\\/#\\\/schema\\\/logo\\\/image\\\/\",\"url\":\"https:\\\/\\\/mwc-cmm.org\\\/wp-content\\\/uploads\\\/2026\\\/01\\\/MWC_Sig_Blue_Horiz_webheader1-logo.svg\",\"contentUrl\":\"https:\\\/\\\/mwc-cmm.org\\\/wp-content\\\/uploads\\\/2026\\\/01\\\/MWC_Sig_Blue_Horiz_webheader1-logo.svg\",\"width\":786,\"height\":82,\"caption\":\"Mennonite World Conference\"},\"image\":{\"@id\":\"https:\\\/\\\/mwc-cmm.org\\\/en\\\/#\\\/schema\\\/logo\\\/image\\\/\"},\"sameAs\":[\"https:\\\/\\\/www.facebook.com\\\/MennoniteWorldConference\",\"https:\\\/\\\/www.linkedin.com\\\/company\\\/mennonite-world-conference-mwc\\\/\",\"https:\\\/\\\/www.instagram.com\\\/mwcmm\\\/\",\"https:\\\/\\\/www.youtube.com\\\/user\\\/mwccmm\",\"https:\\\/\\\/bsky.app\\\/profile\\\/mwcmm.bsky.social\"]},{\"@type\":\"Person\",\"@id\":\"https:\\\/\\\/mwc-cmm.org\\\/en\\\/#\\\/schema\\\/person\\\/11f6ae0d7d1868ba20a1cc27f067c836\",\"name\":\"mennworldcon\",\"image\":{\"@type\":\"ImageObject\",\"inLanguage\":\"es\",\"@id\":\"https:\\\/\\\/secure.gravatar.com\\\/avatar\\\/06fdc0dc81c157dfdb82ec42f252178a22307808988d22c043f9eb96f1e0fe80?s=96&d=mm&r=g\",\"url\":\"https:\\\/\\\/secure.gravatar.com\\\/avatar\\\/06fdc0dc81c157dfdb82ec42f252178a22307808988d22c043f9eb96f1e0fe80?s=96&d=mm&r=g\",\"contentUrl\":\"https:\\\/\\\/secure.gravatar.com\\\/avatar\\\/06fdc0dc81c157dfdb82ec42f252178a22307808988d22c043f9eb96f1e0fe80?s=96&d=mm&r=g\",\"caption\":\"mennworldcon\"},\"sameAs\":[\"https:\\\/\\\/mwc-cmm.org\"],\"url\":\"https:\\\/\\\/mwc-cmm.org\\\/es\\\/stories\\\/author\\\/mennworldcon\\\/\"}]}<\/script>\n<!-- \/ Yoast SEO plugin. -->","yoast_head_json":{"title":"Trasfondo b\u00edblico del contenido del serm\u00f3n - Mennonite World Conference","robots":{"index":"index","follow":"follow","max-snippet":"max-snippet:-1","max-image-preview":"max-image-preview:large","max-video-preview":"max-video-preview:-1"},"canonical":"https:\/\/mwc-cmm.org\/es\/stories\/trasfondo-biblico-del-contenido-del-sermon\/","og_locale":"es_ES","og_type":"article","og_title":"Trasfondo b\u00edblico del contenido del serm\u00f3n - Mennonite World Conference","og_description":"Escojan textos que se apliquen a su contexto. Antiguo Testamento: Isa\u00edas 40,28-31 Jesucristo, nuestra esperanza, es un tema que llega en el momento adecuado, un tema apropiado despu\u00e9s de cruzar zonas de turbulencia en nuestro mundo y en nuestras vidas en particular. La esperanza es una confianza pura y desinteresada en el futuro. \u00bfNo decimos [&hellip;]","og_url":"https:\/\/mwc-cmm.org\/es\/stories\/trasfondo-biblico-del-contenido-del-sermon\/","og_site_name":"Mennonite World Conference","article_publisher":"https:\/\/www.facebook.com\/MennoniteWorldConference","article_published_time":"2022-09-08T00:00:00+00:00","article_modified_time":"2024-12-10T18:04:52+00:00","og_image":[{"width":1080,"height":720,"url":"https:\/\/mwc-cmm.org\/wp-content\/uploads\/2024\/11\/2021-11-28-shalom-drc-7.jpeg","type":"image\/jpeg"}],"author":"mennworldcon","schema":{"@context":"https:\/\/schema.org","@graph":[{"@type":"Article","@id":"https:\/\/mwc-cmm.org\/es\/stories\/trasfondo-biblico-del-contenido-del-sermon\/#article","isPartOf":{"@id":"https:\/\/mwc-cmm.org\/es\/stories\/trasfondo-biblico-del-contenido-del-sermon\/"},"author":{"name":"mennworldcon","@id":"https:\/\/mwc-cmm.org\/en\/#\/schema\/person\/11f6ae0d7d1868ba20a1cc27f067c836"},"headline":"Trasfondo b\u00edblico del contenido del serm\u00f3n","datePublished":"2022-09-08T00:00:00+00:00","dateModified":"2024-12-10T18:04:52+00:00","mainEntityOfPage":{"@id":"https:\/\/mwc-cmm.org\/es\/stories\/trasfondo-biblico-del-contenido-del-sermon\/"},"wordCount":1211,"publisher":{"@id":"https:\/\/mwc-cmm.org\/en\/#organization"},"image":{"@id":"https:\/\/mwc-cmm.org\/es\/stories\/trasfondo-biblico-del-contenido-del-sermon\/#primaryimage"},"thumbnailUrl":"https:\/\/mwc-cmm.org\/wp-content\/uploads\/2024\/11\/2021-11-28-shalom-drc-7.jpeg","articleSection":["Sin categorizar"],"inLanguage":"es"},{"@type":"WebPage","@id":"https:\/\/mwc-cmm.org\/es\/stories\/trasfondo-biblico-del-contenido-del-sermon\/","url":"https:\/\/mwc-cmm.org\/es\/stories\/trasfondo-biblico-del-contenido-del-sermon\/","name":"Trasfondo b\u00edblico del contenido del serm\u00f3n - Mennonite World Conference","isPartOf":{"@id":"https:\/\/mwc-cmm.org\/en\/#website"},"primaryImageOfPage":{"@id":"https:\/\/mwc-cmm.org\/es\/stories\/trasfondo-biblico-del-contenido-del-sermon\/#primaryimage"},"image":{"@id":"https:\/\/mwc-cmm.org\/es\/stories\/trasfondo-biblico-del-contenido-del-sermon\/#primaryimage"},"thumbnailUrl":"https:\/\/mwc-cmm.org\/wp-content\/uploads\/2024\/11\/2021-11-28-shalom-drc-7.jpeg","datePublished":"2022-09-08T00:00:00+00:00","dateModified":"2024-12-10T18:04:52+00:00","breadcrumb":{"@id":"https:\/\/mwc-cmm.org\/es\/stories\/trasfondo-biblico-del-contenido-del-sermon\/#breadcrumb"},"inLanguage":"es","potentialAction":[{"@type":"ReadAction","target":["https:\/\/mwc-cmm.org\/es\/stories\/trasfondo-biblico-del-contenido-del-sermon\/"]}]},{"@type":"ImageObject","inLanguage":"es","@id":"https:\/\/mwc-cmm.org\/es\/stories\/trasfondo-biblico-del-contenido-del-sermon\/#primaryimage","url":"https:\/\/mwc-cmm.org\/wp-content\/uploads\/2024\/11\/2021-11-28-shalom-drc-7.jpeg","contentUrl":"https:\/\/mwc-cmm.org\/wp-content\/uploads\/2024\/11\/2021-11-28-shalom-drc-7.jpeg","width":1080,"height":720},{"@type":"BreadcrumbList","@id":"https:\/\/mwc-cmm.org\/es\/stories\/trasfondo-biblico-del-contenido-del-sermon\/#breadcrumb","itemListElement":[{"@type":"ListItem","position":1,"name":"Home","item":"https:\/\/mwc-cmm.org\/es\/"},{"@type":"ListItem","position":2,"name":"Trasfondo b\u00edblico del contenido del serm\u00f3n"}]},{"@type":"WebSite","@id":"https:\/\/mwc-cmm.org\/en\/#website","url":"https:\/\/mwc-cmm.org\/en\/","name":"Mennonite World Conference","description":"A communion of Anabaptist-related churches","publisher":{"@id":"https:\/\/mwc-cmm.org\/en\/#organization"},"alternateName":"MWC","potentialAction":[{"@type":"SearchAction","target":{"@type":"EntryPoint","urlTemplate":"https:\/\/mwc-cmm.org\/en\/?s={search_term_string}"},"query-input":{"@type":"PropertyValueSpecification","valueRequired":true,"valueName":"search_term_string"}}],"inLanguage":"es"},{"@type":"Organization","@id":"https:\/\/mwc-cmm.org\/en\/#organization","name":"Mennonite World Conference","alternateName":"MWC","url":"https:\/\/mwc-cmm.org\/en\/","logo":{"@type":"ImageObject","inLanguage":"es","@id":"https:\/\/mwc-cmm.org\/en\/#\/schema\/logo\/image\/","url":"https:\/\/mwc-cmm.org\/wp-content\/uploads\/2026\/01\/MWC_Sig_Blue_Horiz_webheader1-logo.svg","contentUrl":"https:\/\/mwc-cmm.org\/wp-content\/uploads\/2026\/01\/MWC_Sig_Blue_Horiz_webheader1-logo.svg","width":786,"height":82,"caption":"Mennonite World Conference"},"image":{"@id":"https:\/\/mwc-cmm.org\/en\/#\/schema\/logo\/image\/"},"sameAs":["https:\/\/www.facebook.com\/MennoniteWorldConference","https:\/\/www.linkedin.com\/company\/mennonite-world-conference-mwc\/","https:\/\/www.instagram.com\/mwcmm\/","https:\/\/www.youtube.com\/user\/mwccmm","https:\/\/bsky.app\/profile\/mwcmm.bsky.social"]},{"@type":"Person","@id":"https:\/\/mwc-cmm.org\/en\/#\/schema\/person\/11f6ae0d7d1868ba20a1cc27f067c836","name":"mennworldcon","image":{"@type":"ImageObject","inLanguage":"es","@id":"https:\/\/secure.gravatar.com\/avatar\/06fdc0dc81c157dfdb82ec42f252178a22307808988d22c043f9eb96f1e0fe80?s=96&d=mm&r=g","url":"https:\/\/secure.gravatar.com\/avatar\/06fdc0dc81c157dfdb82ec42f252178a22307808988d22c043f9eb96f1e0fe80?s=96&d=mm&r=g","contentUrl":"https:\/\/secure.gravatar.com\/avatar\/06fdc0dc81c157dfdb82ec42f252178a22307808988d22c043f9eb96f1e0fe80?s=96&d=mm&r=g","caption":"mennworldcon"},"sameAs":["https:\/\/mwc-cmm.org"],"url":"https:\/\/mwc-cmm.org\/es\/stories\/author\/mennworldcon\/"}]}},"_links":{"self":[{"href":"https:\/\/mwc-cmm.org\/es\/wp-json\/wp\/v2\/posts\/9259","targetHints":{"allow":["GET"]}}],"collection":[{"href":"https:\/\/mwc-cmm.org\/es\/wp-json\/wp\/v2\/posts"}],"about":[{"href":"https:\/\/mwc-cmm.org\/es\/wp-json\/wp\/v2\/types\/post"}],"author":[{"embeddable":true,"href":"https:\/\/mwc-cmm.org\/es\/wp-json\/wp\/v2\/users\/1"}],"replies":[{"embeddable":true,"href":"https:\/\/mwc-cmm.org\/es\/wp-json\/wp\/v2\/comments?post=9259"}],"version-history":[{"count":0,"href":"https:\/\/mwc-cmm.org\/es\/wp-json\/wp\/v2\/posts\/9259\/revisions"}],"wp:featuredmedia":[{"embeddable":true,"href":"https:\/\/mwc-cmm.org\/es\/wp-json\/wp\/v2\/media\/95579"}],"wp:attachment":[{"href":"https:\/\/mwc-cmm.org\/es\/wp-json\/wp\/v2\/media?parent=9259"}],"wp:term":[{"taxonomy":"category","embeddable":true,"href":"https:\/\/mwc-cmm.org\/es\/wp-json\/wp\/v2\/categories?post=9259"},{"taxonomy":"post_tag","embeddable":true,"href":"https:\/\/mwc-cmm.org\/es\/wp-json\/wp\/v2\/tags?post=9259"},{"taxonomy":"network","embeddable":true,"href":"https:\/\/mwc-cmm.org\/es\/wp-json\/wp\/v2\/network?post=9259"},{"taxonomy":"eventcategory","embeddable":true,"href":"https:\/\/mwc-cmm.org\/es\/wp-json\/wp\/v2\/eventcategory?post=9259"}],"curies":[{"name":"wp","href":"https:\/\/api.w.org\/{rel}","templated":true}]}}