{"id":9254,"date":"2022-08-29T00:00:00","date_gmt":"2022-08-29T00:00:00","guid":{"rendered":"https:\/\/mwc-cmm.org\/time-to-correct-the-page-2\/"},"modified":"2024-12-10T18:04:49","modified_gmt":"2024-12-10T18:04:49","slug":"corregir-la-pagina","status":"publish","type":"post","link":"https:\/\/mwc-cmm.org\/es\/stories\/corregir-la-pagina\/","title":{"rendered":"Corregir la p\u00e1gina"},"content":{"rendered":"<h2>Recurso destacado: <a href=\"https:\/\/mwc-cmm.org\/es\/node\/3232\">Declaraci\u00f3n de Solidaridad con los Pueblos Ind\u00edgenas<\/a> &nbsp;<\/h2>\n<p><strong>Exhortamos a la Iglesia en todos los niveles \u2013ecum\u00e9nico, denominacional y mundial\u2013 a que rechace las interpretaciones err\u00f3neas de la Biblia que justifican el maltrato a los pueblos ind\u00edgenas. Renovamos nuestro compromiso de encarnar el esp\u00edritu de Jes\u00fas, seg\u00fan se expresa en el Serm\u00f3n del Monte: \u201cBienaventurados son los pacificadores, porque ser\u00e1n llamados hijos de Dios\u201d (Mateo 5:9).&nbsp;<\/strong><\/p>\n<p>\u201cLa solidaridad ind\u00edgena llega al coraz\u00f3n de lo que hacemos en Filipinas con \u2018Coffee for Peace\u2019 (Caf\u00e9 por la Paz)\u201d, dice Joji Pantoja, presidenta de la Comisi\u00f3n de Paz (2015-2022). La Comisi\u00f3n de Paz redact\u00f3 una<a href=\"https:\/\/mwc-cmm.org\/es\/node\/3232\"> Declaraci\u00f3n de Solidaridad con los Pueblos Ind\u00edgenas<\/a> que fue aceptada por el Concilio General del Congreso Mundial Menonita en el 2018.&nbsp;<\/p>\n<p>\u201cLa declaraci\u00f3n est\u00e1 ah\u00ed ahora, pero el trabajo duro es usarla: admitir que, a menos que seamos personas ind\u00edgenas, probablemente seamos las personas colonizadoras; para amplificar la voz de personas cuya voz no escuchamos en ese momento; y aceptar la verdad cuando duele\u201d, dice Joji Pantoja.&nbsp;<\/p>\n<p>La declaraci\u00f3n fue formulada despu\u00e9s del 2015, cuando las personas en el liderazgo del CMM visitaron La Iglesia Evang\u00e9lica Unida Hermanos Menonitas de Panam\u00e1, una iglesia miembro del CMM compuesta por los pueblos Wounaan y Emberra.&nbsp;<\/p>\n<p>\u201cCuando me invitaron a unirme a la delegaci\u00f3n en Panam\u00e1, dije que s\u00ed. Quer\u00eda ver si la situaci\u00f3n de los pueblos ind\u00edgenas [en Panam\u00e1] ser\u00eda la misma que la de los pueblos ind\u00edgenas aqu\u00ed\u201d, dice Joji Pantoja.&nbsp;<\/p>\n<p>\u201cEs muy triste cuando escuchas que una comunidad tiene sus recursos estancados porque est\u00e1n controlados por el gobierno. Esto fue visible en Panam\u00e1. Incluso algunas personas en el liderazgo de las comunidades tribales fueron los que vendieron los \u00e1rboles de cocobolo a [intereses comerciales] y permitieron cortar m\u00e1s\u201d.&nbsp;<\/p>\n<figure class=\"image\" style=\"float:right\"><img decoding=\"async\" alt=\"\" height=\"250\" data-src=\"\/sites\/default\/files\/website_files_2020\/dscf8813.jpg\" width=\"184\" src=\"data:image\/svg+xml;base64,PHN2ZyB3aWR0aD0iMSIgaGVpZ2h0PSIxIiB4bWxucz0iaHR0cDovL3d3dy53My5vcmcvMjAwMC9zdmciPjwvc3ZnPg==\" class=\"lazyload\" style=\"--smush-placeholder-width: 184px; --smush-placeholder-aspect-ratio: 184\/250;\"><figcaption>Joji Pantoja<\/figcaption><\/figure>\n<p>Mientras estuvo en Kenia para las reuniones del Concilio General en el 2018, Joji Pantoja tambi\u00e9n pudo reunirse con los Pueblos Ind\u00edgenas. \u201cNo tienen poder o no saben qu\u00e9 decir. Mientras el gobierno les permita usar la tierra, se quedan callados.&nbsp;<\/p>\n<p>\u201cCuando yo viv\u00eda en Vancouver, Canad\u00e1, en 1986, mi esposo y yo vimos personas de las Primeras Naciones [Ind\u00edgenas] que viv\u00edan afuera. \u00bfC\u00f3mo puede ser posible que yo me encuentre en el mundo desarrollado mientras que en su patio trasero hay este tipo de vida? Fue entonces cuando mi coraz\u00f3n se sensibilizo en t\u00e9rminos de las Primeras Naciones marginadas.&nbsp;<\/p>\n<p>\u201cObservar eso en otros pa\u00edses me hizo agradecer c\u00f3mo las Filipinas est\u00e1 muy avanzada en la educaci\u00f3n de los Pueblos Ind\u00edgenas en relaci\u00f3n con el \u2018derecho a la autodeterminaci\u00f3n, como est\u00e1 escrito en la \u2018United Nations Declaration on Indigenous Peoples\u2019 [Declaraci\u00f3n de las Naciones Unidas sobre derechos de los Pueblos Ind\u00edgenas (UNDRIP, por sus siglas en ingl\u00e9s)].\u201d &nbsp;<\/p>\n<p>La UNDRIP \u201cno es perfecta\u201d, ella dice, \u201cpero hay sistemas\u201d.&nbsp;<\/p>\n<p>Joji Pantoja espera que la declaraci\u00f3n del CMM ayude a las iglesias miembro a hacer incidencia y a respaldar a los Pueblos Ind\u00edgenas que est\u00e1n oprimidos.&nbsp;<\/p>\n<p>\u201cDonde somos parte de comunidades de colonos, nuestras iglesias deber\u00edan pedir perd\u00f3n\u201d.&nbsp;<\/p>\n<p>\u201cTodo esto est\u00e1 relacionado con la doctrina del descubrimiento. Si bien no fuimos nosotros (nuestros antepasados eclesiol\u00f3gicos) quienes perseguimos a los Pueblos Ind\u00edgenas a trav\u00e9s de la Doctrina del Descubrimiento, debemos respetarlos porque son seres humanos creados por Dios.&nbsp;<\/p>\n<p>\u201cEspero que lleguemos a ese nivel en el cual las iglesias reconozcan que nuestros antepasados hicieron estas cosas. Ahora estamos tratando de rectificar esto. El documento de solidaridad del CMM ha pasado del Concilio General pero no se ha asimilado en las mentes de las personas colonizadas y las personas colonizadoras\u201d.&nbsp;<\/p>\n<p>\u201cCon los problemas mundiales que est\u00e1n ocurriendo en este momento, este documento es \u00fatil para que las personas en nuestras iglesias inicien un di\u00e1logo para que podamos realmente reconciliarnos y corregir la p\u00e1gina\u201d.&nbsp;<\/p>\n<p>A trav\u00e9s del di\u00e1logo, las iglesias pueden aprender a ver desde la perspectiva de los Pueblos Ind\u00edgenas. \u201c\u00bfC\u00f3mo podemos ayudarlos sin crear otro conflicto? \u00bfC\u00f3mo pueden expresar lo que sienten, lo que antes no pod\u00edan decir? Eso tambi\u00e9n requiere sabidur\u00eda\u201d, dice Joji Pantoja.&nbsp;<\/p>\n<p>\u201cLea el documento, tome conciencia. Mire c\u00f3mo le habla Dios. Luego, prep\u00e1rese para usarlo para amplificar las voces de las personas marginadas cuando necesiten ayuda&#8230; Para que tengan algo a lo que recurrir y decir, &#8216;\u00a1oh, gracias a Dios, las personas menonitas me respaldan!'\u00bb&nbsp;<\/p>\n<p>\u201cLa realizaci\u00f3n es una traves\u00eda. La aceptaci\u00f3n es una traves\u00eda. Una vez que le golpea en la cabeza o en el coraz\u00f3n\u2026 usted tiene que actuar\u201d.&nbsp;&nbsp;<\/p>\n<div style=\"text-align:center\">\n<figure class=\"image\" style=\"display:inline-block\"><img decoding=\"async\" alt=\"\" height=\"331\" data-src=\"\/sites\/default\/files\/website_files_2020\/img_6265_2.jpg\" width=\"500\" src=\"data:image\/svg+xml;base64,PHN2ZyB3aWR0aD0iMSIgaGVpZ2h0PSIxIiB4bWxucz0iaHR0cDovL3d3dy53My5vcmcvMjAwMC9zdmciPjwvc3ZnPg==\" class=\"lazyload\" style=\"--smush-placeholder-width: 500px; --smush-placeholder-aspect-ratio: 500\/331;\"><figcaption>Panam\u00e1, 2015<\/figcaption><\/figure>\n<\/div>\n<hr>\n<h5><em>Tal como las c\u00e1maras del coraz\u00f3n, las cuatro comisiones del Congreso Menonita Mundial sirven a la comunidad mundial de iglesias afines al anabautismo, a trav\u00e9s de las actividades de diacon\u00eda, fe y vida, paz y misiones. Las comisiones elaboran material para ser sometido a la consideraci\u00f3n del Concilio General, orientan y proponen recursos a las iglesias miembros, y adem\u00e1s propician redes o fraternidades afines al CMM que colaboran en temas de inter\u00e9s y enfoque comunes. A continuaci\u00f3n, una de las comisiones comparte un mensaje desde la perspectiva de su ministerio.&nbsp;<\/em><\/h5>\n","protected":false},"excerpt":{"rendered":"<p>\u201cLa solidaridad ind\u00edgena llega al coraz\u00f3n de lo que hacemos en Filipinas con \u2018Coffee for Peace\u2019 (Caf\u00e9 por la Paz)\u201d, dice Joji Pantoja, presidenta de la Comisi\u00f3n de Paz (2015-2022). La Comisi\u00f3n de Paz redact\u00f3 una Declaraci\u00f3n de Solidaridad con los Pueblos Ind\u00edgenas que fue aceptada por el Concilio General del Congreso Mundial Menonita en el 2018.&nbsp;<\/p>\n","protected":false},"author":1,"featured_media":95495,"comment_status":"closed","ping_status":"closed","sticky":false,"template":"","format":"standard","meta":{"_acf_changed":false,"footnotes":""},"categories":[6],"tags":[],"network":[1253],"eventcategory":[],"class_list":["post-9254","post","type-post","status-publish","format-standard","has-post-thumbnail","hentry","category-sin-categorizar","network-peace-commission-es"],"acf":[],"yoast_head":"<!-- This site is optimized with the Yoast SEO plugin v27.2 - https:\/\/yoast.com\/product\/yoast-seo-wordpress\/ -->\n<title>Corregir la p\u00e1gina - Mennonite World Conference<\/title>\n<meta name=\"robots\" content=\"index, follow, max-snippet:-1, max-image-preview:large, max-video-preview:-1\" \/>\n<link rel=\"canonical\" href=\"https:\/\/mwc-cmm.org\/es\/stories\/corregir-la-pagina\/\" \/>\n<meta property=\"og:locale\" content=\"es_ES\" \/>\n<meta property=\"og:type\" content=\"article\" \/>\n<meta property=\"og:title\" content=\"Corregir la p\u00e1gina - Mennonite World Conference\" \/>\n<meta property=\"og:description\" content=\"\u201cLa solidaridad ind\u00edgena llega al coraz\u00f3n de lo que hacemos en Filipinas con \u2018Coffee for Peace\u2019 (Caf\u00e9 por la Paz)\u201d, dice Joji Pantoja, presidenta de la Comisi\u00f3n de Paz (2015-2022). La Comisi\u00f3n de Paz redact\u00f3 una Declaraci\u00f3n de Solidaridad con los Pueblos Ind\u00edgenas que fue aceptada por el Concilio General del Congreso Mundial Menonita en el 2018.&nbsp;\" \/>\n<meta property=\"og:url\" content=\"https:\/\/mwc-cmm.org\/es\/stories\/corregir-la-pagina\/\" \/>\n<meta property=\"og:site_name\" content=\"Mennonite World Conference\" \/>\n<meta property=\"article:publisher\" content=\"https:\/\/www.facebook.com\/MennoniteWorldConference\" \/>\n<meta property=\"article:published_time\" content=\"2022-08-29T00:00:00+00:00\" \/>\n<meta property=\"article:modified_time\" content=\"2024-12-10T18:04:49+00:00\" \/>\n<meta property=\"og:image\" content=\"https:\/\/mwc-cmm.org\/wp-content\/uploads\/2024\/11\/img_6490-scaled.jpg\" \/>\n\t<meta property=\"og:image:width\" content=\"2560\" \/>\n\t<meta property=\"og:image:height\" content=\"1707\" \/>\n\t<meta property=\"og:image:type\" content=\"image\/jpeg\" \/>\n<meta name=\"author\" content=\"mennworldcon\" \/>\n<script type=\"application\/ld+json\" class=\"yoast-schema-graph\">{\"@context\":\"https:\/\/schema.org\",\"@graph\":[{\"@type\":\"Article\",\"@id\":\"https:\/\/mwc-cmm.org\/es\/stories\/corregir-la-pagina\/#article\",\"isPartOf\":{\"@id\":\"https:\/\/mwc-cmm.org\/es\/stories\/corregir-la-pagina\/\"},\"author\":{\"name\":\"mennworldcon\",\"@id\":\"https:\/\/mwc-cmm.org\/en\/#\/schema\/person\/11f6ae0d7d1868ba20a1cc27f067c836\"},\"headline\":\"Corregir la p\u00e1gina\",\"datePublished\":\"2022-08-29T00:00:00+00:00\",\"dateModified\":\"2024-12-10T18:04:49+00:00\",\"mainEntityOfPage\":{\"@id\":\"https:\/\/mwc-cmm.org\/es\/stories\/corregir-la-pagina\/\"},\"wordCount\":925,\"publisher\":{\"@id\":\"https:\/\/mwc-cmm.org\/en\/#organization\"},\"image\":{\"@id\":\"https:\/\/mwc-cmm.org\/es\/stories\/corregir-la-pagina\/#primaryimage\"},\"thumbnailUrl\":\"https:\/\/mwc-cmm.org\/wp-content\/uploads\/2024\/11\/img_6490-scaled.jpg\",\"articleSection\":[\"Sin categorizar\"],\"inLanguage\":\"es\"},{\"@type\":\"WebPage\",\"@id\":\"https:\/\/mwc-cmm.org\/es\/stories\/corregir-la-pagina\/\",\"url\":\"https:\/\/mwc-cmm.org\/es\/stories\/corregir-la-pagina\/\",\"name\":\"Corregir la p\u00e1gina - Mennonite World Conference\",\"isPartOf\":{\"@id\":\"https:\/\/mwc-cmm.org\/en\/#website\"},\"primaryImageOfPage\":{\"@id\":\"https:\/\/mwc-cmm.org\/es\/stories\/corregir-la-pagina\/#primaryimage\"},\"image\":{\"@id\":\"https:\/\/mwc-cmm.org\/es\/stories\/corregir-la-pagina\/#primaryimage\"},\"thumbnailUrl\":\"https:\/\/mwc-cmm.org\/wp-content\/uploads\/2024\/11\/img_6490-scaled.jpg\",\"datePublished\":\"2022-08-29T00:00:00+00:00\",\"dateModified\":\"2024-12-10T18:04:49+00:00\",\"breadcrumb\":{\"@id\":\"https:\/\/mwc-cmm.org\/es\/stories\/corregir-la-pagina\/#breadcrumb\"},\"inLanguage\":\"es\",\"potentialAction\":[{\"@type\":\"ReadAction\",\"target\":[\"https:\/\/mwc-cmm.org\/es\/stories\/corregir-la-pagina\/\"]}]},{\"@type\":\"ImageObject\",\"inLanguage\":\"es\",\"@id\":\"https:\/\/mwc-cmm.org\/es\/stories\/corregir-la-pagina\/#primaryimage\",\"url\":\"https:\/\/mwc-cmm.org\/wp-content\/uploads\/2024\/11\/img_6490-scaled.jpg\",\"contentUrl\":\"https:\/\/mwc-cmm.org\/wp-content\/uploads\/2024\/11\/img_6490-scaled.jpg\",\"width\":2560,\"height\":1707},{\"@type\":\"BreadcrumbList\",\"@id\":\"https:\/\/mwc-cmm.org\/es\/stories\/corregir-la-pagina\/#breadcrumb\",\"itemListElement\":[{\"@type\":\"ListItem\",\"position\":1,\"name\":\"Home\",\"item\":\"https:\/\/mwc-cmm.org\/es\/\"},{\"@type\":\"ListItem\",\"position\":2,\"name\":\"Corregir la p\u00e1gina\"}]},{\"@type\":\"WebSite\",\"@id\":\"https:\/\/mwc-cmm.org\/en\/#website\",\"url\":\"https:\/\/mwc-cmm.org\/en\/\",\"name\":\"Mennonite World Conference\",\"description\":\"A communion of Anabaptist-related churches\",\"publisher\":{\"@id\":\"https:\/\/mwc-cmm.org\/en\/#organization\"},\"alternateName\":\"MWC\",\"potentialAction\":[{\"@type\":\"SearchAction\",\"target\":{\"@type\":\"EntryPoint\",\"urlTemplate\":\"https:\/\/mwc-cmm.org\/en\/?s={search_term_string}\"},\"query-input\":{\"@type\":\"PropertyValueSpecification\",\"valueRequired\":true,\"valueName\":\"search_term_string\"}}],\"inLanguage\":\"es\"},{\"@type\":\"Organization\",\"@id\":\"https:\/\/mwc-cmm.org\/en\/#organization\",\"name\":\"Mennonite World Conference\",\"alternateName\":\"MWC\",\"url\":\"https:\/\/mwc-cmm.org\/en\/\",\"logo\":{\"@type\":\"ImageObject\",\"inLanguage\":\"es\",\"@id\":\"https:\/\/mwc-cmm.org\/en\/#\/schema\/logo\/image\/\",\"url\":\"https:\/\/mwc-cmm.org\/wp-content\/uploads\/2026\/01\/MWC_Sig_Blue_Horiz_webheader1-logo.svg\",\"contentUrl\":\"https:\/\/mwc-cmm.org\/wp-content\/uploads\/2026\/01\/MWC_Sig_Blue_Horiz_webheader1-logo.svg\",\"width\":786,\"height\":82,\"caption\":\"Mennonite World Conference\"},\"image\":{\"@id\":\"https:\/\/mwc-cmm.org\/en\/#\/schema\/logo\/image\/\"},\"sameAs\":[\"https:\/\/www.facebook.com\/MennoniteWorldConference\",\"https:\/\/www.linkedin.com\/company\/mennonite-world-conference-mwc\/\",\"https:\/\/www.instagram.com\/mwcmm\/\",\"https:\/\/www.youtube.com\/user\/mwccmm\",\"https:\/\/bsky.app\/profile\/mwcmm.bsky.social\"]},{\"@type\":\"Person\",\"@id\":\"https:\/\/mwc-cmm.org\/en\/#\/schema\/person\/11f6ae0d7d1868ba20a1cc27f067c836\",\"name\":\"mennworldcon\",\"image\":{\"@type\":\"ImageObject\",\"inLanguage\":\"es\",\"@id\":\"https:\/\/secure.gravatar.com\/avatar\/06fdc0dc81c157dfdb82ec42f252178a22307808988d22c043f9eb96f1e0fe80?s=96&d=mm&r=g\",\"url\":\"https:\/\/secure.gravatar.com\/avatar\/06fdc0dc81c157dfdb82ec42f252178a22307808988d22c043f9eb96f1e0fe80?s=96&d=mm&r=g\",\"contentUrl\":\"https:\/\/secure.gravatar.com\/avatar\/06fdc0dc81c157dfdb82ec42f252178a22307808988d22c043f9eb96f1e0fe80?s=96&d=mm&r=g\",\"caption\":\"mennworldcon\"},\"sameAs\":[\"https:\/\/mwc-cmm.org\"],\"url\":\"https:\/\/mwc-cmm.org\/es\/stories\/author\/mennworldcon\/\"}]}<\/script>\n<!-- \/ Yoast SEO plugin. -->","yoast_head_json":{"title":"Corregir la p\u00e1gina - Mennonite World Conference","robots":{"index":"index","follow":"follow","max-snippet":"max-snippet:-1","max-image-preview":"max-image-preview:large","max-video-preview":"max-video-preview:-1"},"canonical":"https:\/\/mwc-cmm.org\/es\/stories\/corregir-la-pagina\/","og_locale":"es_ES","og_type":"article","og_title":"Corregir la p\u00e1gina - Mennonite World Conference","og_description":"\u201cLa solidaridad ind\u00edgena llega al coraz\u00f3n de lo que hacemos en Filipinas con \u2018Coffee for Peace\u2019 (Caf\u00e9 por la Paz)\u201d, dice Joji Pantoja, presidenta de la Comisi\u00f3n de Paz (2015-2022). La Comisi\u00f3n de Paz redact\u00f3 una Declaraci\u00f3n de Solidaridad con los Pueblos Ind\u00edgenas que fue aceptada por el Concilio General del Congreso Mundial Menonita en el 2018.&nbsp;","og_url":"https:\/\/mwc-cmm.org\/es\/stories\/corregir-la-pagina\/","og_site_name":"Mennonite World Conference","article_publisher":"https:\/\/www.facebook.com\/MennoniteWorldConference","article_published_time":"2022-08-29T00:00:00+00:00","article_modified_time":"2024-12-10T18:04:49+00:00","og_image":[{"width":2560,"height":1707,"url":"https:\/\/mwc-cmm.org\/wp-content\/uploads\/2024\/11\/img_6490-scaled.jpg","type":"image\/jpeg"}],"author":"mennworldcon","schema":{"@context":"https:\/\/schema.org","@graph":[{"@type":"Article","@id":"https:\/\/mwc-cmm.org\/es\/stories\/corregir-la-pagina\/#article","isPartOf":{"@id":"https:\/\/mwc-cmm.org\/es\/stories\/corregir-la-pagina\/"},"author":{"name":"mennworldcon","@id":"https:\/\/mwc-cmm.org\/en\/#\/schema\/person\/11f6ae0d7d1868ba20a1cc27f067c836"},"headline":"Corregir la p\u00e1gina","datePublished":"2022-08-29T00:00:00+00:00","dateModified":"2024-12-10T18:04:49+00:00","mainEntityOfPage":{"@id":"https:\/\/mwc-cmm.org\/es\/stories\/corregir-la-pagina\/"},"wordCount":925,"publisher":{"@id":"https:\/\/mwc-cmm.org\/en\/#organization"},"image":{"@id":"https:\/\/mwc-cmm.org\/es\/stories\/corregir-la-pagina\/#primaryimage"},"thumbnailUrl":"https:\/\/mwc-cmm.org\/wp-content\/uploads\/2024\/11\/img_6490-scaled.jpg","articleSection":["Sin categorizar"],"inLanguage":"es"},{"@type":"WebPage","@id":"https:\/\/mwc-cmm.org\/es\/stories\/corregir-la-pagina\/","url":"https:\/\/mwc-cmm.org\/es\/stories\/corregir-la-pagina\/","name":"Corregir la p\u00e1gina - Mennonite World Conference","isPartOf":{"@id":"https:\/\/mwc-cmm.org\/en\/#website"},"primaryImageOfPage":{"@id":"https:\/\/mwc-cmm.org\/es\/stories\/corregir-la-pagina\/#primaryimage"},"image":{"@id":"https:\/\/mwc-cmm.org\/es\/stories\/corregir-la-pagina\/#primaryimage"},"thumbnailUrl":"https:\/\/mwc-cmm.org\/wp-content\/uploads\/2024\/11\/img_6490-scaled.jpg","datePublished":"2022-08-29T00:00:00+00:00","dateModified":"2024-12-10T18:04:49+00:00","breadcrumb":{"@id":"https:\/\/mwc-cmm.org\/es\/stories\/corregir-la-pagina\/#breadcrumb"},"inLanguage":"es","potentialAction":[{"@type":"ReadAction","target":["https:\/\/mwc-cmm.org\/es\/stories\/corregir-la-pagina\/"]}]},{"@type":"ImageObject","inLanguage":"es","@id":"https:\/\/mwc-cmm.org\/es\/stories\/corregir-la-pagina\/#primaryimage","url":"https:\/\/mwc-cmm.org\/wp-content\/uploads\/2024\/11\/img_6490-scaled.jpg","contentUrl":"https:\/\/mwc-cmm.org\/wp-content\/uploads\/2024\/11\/img_6490-scaled.jpg","width":2560,"height":1707},{"@type":"BreadcrumbList","@id":"https:\/\/mwc-cmm.org\/es\/stories\/corregir-la-pagina\/#breadcrumb","itemListElement":[{"@type":"ListItem","position":1,"name":"Home","item":"https:\/\/mwc-cmm.org\/es\/"},{"@type":"ListItem","position":2,"name":"Corregir la p\u00e1gina"}]},{"@type":"WebSite","@id":"https:\/\/mwc-cmm.org\/en\/#website","url":"https:\/\/mwc-cmm.org\/en\/","name":"Mennonite World Conference","description":"A communion of Anabaptist-related churches","publisher":{"@id":"https:\/\/mwc-cmm.org\/en\/#organization"},"alternateName":"MWC","potentialAction":[{"@type":"SearchAction","target":{"@type":"EntryPoint","urlTemplate":"https:\/\/mwc-cmm.org\/en\/?s={search_term_string}"},"query-input":{"@type":"PropertyValueSpecification","valueRequired":true,"valueName":"search_term_string"}}],"inLanguage":"es"},{"@type":"Organization","@id":"https:\/\/mwc-cmm.org\/en\/#organization","name":"Mennonite World Conference","alternateName":"MWC","url":"https:\/\/mwc-cmm.org\/en\/","logo":{"@type":"ImageObject","inLanguage":"es","@id":"https:\/\/mwc-cmm.org\/en\/#\/schema\/logo\/image\/","url":"https:\/\/mwc-cmm.org\/wp-content\/uploads\/2026\/01\/MWC_Sig_Blue_Horiz_webheader1-logo.svg","contentUrl":"https:\/\/mwc-cmm.org\/wp-content\/uploads\/2026\/01\/MWC_Sig_Blue_Horiz_webheader1-logo.svg","width":786,"height":82,"caption":"Mennonite World Conference"},"image":{"@id":"https:\/\/mwc-cmm.org\/en\/#\/schema\/logo\/image\/"},"sameAs":["https:\/\/www.facebook.com\/MennoniteWorldConference","https:\/\/www.linkedin.com\/company\/mennonite-world-conference-mwc\/","https:\/\/www.instagram.com\/mwcmm\/","https:\/\/www.youtube.com\/user\/mwccmm","https:\/\/bsky.app\/profile\/mwcmm.bsky.social"]},{"@type":"Person","@id":"https:\/\/mwc-cmm.org\/en\/#\/schema\/person\/11f6ae0d7d1868ba20a1cc27f067c836","name":"mennworldcon","image":{"@type":"ImageObject","inLanguage":"es","@id":"https:\/\/secure.gravatar.com\/avatar\/06fdc0dc81c157dfdb82ec42f252178a22307808988d22c043f9eb96f1e0fe80?s=96&d=mm&r=g","url":"https:\/\/secure.gravatar.com\/avatar\/06fdc0dc81c157dfdb82ec42f252178a22307808988d22c043f9eb96f1e0fe80?s=96&d=mm&r=g","contentUrl":"https:\/\/secure.gravatar.com\/avatar\/06fdc0dc81c157dfdb82ec42f252178a22307808988d22c043f9eb96f1e0fe80?s=96&d=mm&r=g","caption":"mennworldcon"},"sameAs":["https:\/\/mwc-cmm.org"],"url":"https:\/\/mwc-cmm.org\/es\/stories\/author\/mennworldcon\/"}]}},"_links":{"self":[{"href":"https:\/\/mwc-cmm.org\/es\/wp-json\/wp\/v2\/posts\/9254","targetHints":{"allow":["GET"]}}],"collection":[{"href":"https:\/\/mwc-cmm.org\/es\/wp-json\/wp\/v2\/posts"}],"about":[{"href":"https:\/\/mwc-cmm.org\/es\/wp-json\/wp\/v2\/types\/post"}],"author":[{"embeddable":true,"href":"https:\/\/mwc-cmm.org\/es\/wp-json\/wp\/v2\/users\/1"}],"replies":[{"embeddable":true,"href":"https:\/\/mwc-cmm.org\/es\/wp-json\/wp\/v2\/comments?post=9254"}],"version-history":[{"count":0,"href":"https:\/\/mwc-cmm.org\/es\/wp-json\/wp\/v2\/posts\/9254\/revisions"}],"wp:featuredmedia":[{"embeddable":true,"href":"https:\/\/mwc-cmm.org\/es\/wp-json\/wp\/v2\/media\/95495"}],"wp:attachment":[{"href":"https:\/\/mwc-cmm.org\/es\/wp-json\/wp\/v2\/media?parent=9254"}],"wp:term":[{"taxonomy":"category","embeddable":true,"href":"https:\/\/mwc-cmm.org\/es\/wp-json\/wp\/v2\/categories?post=9254"},{"taxonomy":"post_tag","embeddable":true,"href":"https:\/\/mwc-cmm.org\/es\/wp-json\/wp\/v2\/tags?post=9254"},{"taxonomy":"network","embeddable":true,"href":"https:\/\/mwc-cmm.org\/es\/wp-json\/wp\/v2\/network?post=9254"},{"taxonomy":"eventcategory","embeddable":true,"href":"https:\/\/mwc-cmm.org\/es\/wp-json\/wp\/v2\/eventcategory?post=9254"}],"curies":[{"name":"wp","href":"https:\/\/api.w.org\/{rel}","templated":true}]}}