{"id":9248,"date":"2022-08-19T00:00:00","date_gmt":"2022-08-19T00:00:00","guid":{"rendered":"https:\/\/mwc-cmm.org\/a-new-shepherd-2\/"},"modified":"2024-12-10T18:04:46","modified_gmt":"2024-12-10T18:04:46","slug":"un-nuevo-pastor","status":"publish","type":"post","link":"https:\/\/mwc-cmm.org\/es\/stories\/un-nuevo-pastor\/","title":{"rendered":"Un nuevo pastor"},"content":{"rendered":"<p>\u201cCMM \u2013 Continuando el trabajo que Jes\u00fas comenz\u00f3 a trav\u00e9s de la adoraci\u00f3n, el servicio, la misi\u00f3n y el evangelismo\u201d (sic). Estas palabras est\u00e1n inscritas en un bast\u00f3n de pastor de madera que J. Nelson Kraybill entreg\u00f3 al presidente electo Henk Stenvers el 8 de julio del 2022 como s\u00edmbolo del liderazgo de servicio del Congreso Mundial Menonita.&nbsp;<\/p>\n<p>Durante el servicio de adoraci\u00f3n de la Asamblea 17 en el \u2018GITJ\u2019 Margokerto, la presidencia del Congreso Mundial Menonita se transfiri\u00f3 de J. Nelson Kraybill (2015-2022) a Henk Stenvers (2022-2028) en el \u2018GITJ\u2019 Margokerto, Indonesia.&nbsp;<\/p>\n<p>La congregaci\u00f3n del \u2018GITJ\u2019 Margokerto recibi\u00f3 a una docena de personas invitadas del CMM durante cuatro d\u00edas durante la Asamblea. Margokerto fue una de las primeras colonias fundadas por el misionero menonita holand\u00e9s P.A. Jansz para la evangelizaci\u00f3n de la regi\u00f3n.&nbsp;<\/p>\n<p>Las personas oradoras de los servicios de adoraci\u00f3n vespertinos de la Asamblea se transmitieron, desde una ubicaci\u00f3n satelital diferente cada noche, al escenario principal en el \u2018STT\u2019 Sangkakala en Salatiga, Indonesia, y a las personas espectadoras en-l\u00ednea alrededor del mundo.&nbsp;<\/p>\n<p>El presidente entrante, Henk Stenvers, se desempe\u00f1\u00f3 durante una d\u00e9cada como secretario de la Comisi\u00f3n de Di\u00e1conos, durante el cual fue pionero de la \u2018<a href=\"https:\/\/mwc-cmm.org\/node\/3720\">Online Prayer Hour (Hora de Oraci\u00f3n En-L\u00ednea)<\/a> y desempe\u00f1\u00f3 un papel clave en el grupo de trabajo para el Coronavirus. Ha servido a la \u2018Algemene Doopsgezinde Soci\u00ebteit\u2019 (la Iglesia Menonita Holandesa) y a las personas Menonitas europeas durante casi 20 a\u00f1os.&nbsp;<\/p>\n<p>\u201cApoyamos de todo coraz\u00f3n a Henk en los \u00faltimos a\u00f1os para que viajara mucho y sirviera en el CMM\u2026 [y] expresamos nuestro continuo apoyo\u201d, dijo Miekje Hoffscholte-Spoelder, actual presidenta de la \u2018Algemene Doopsgezinde Soci\u00ebteit\u2019. \u201cSabemos que somos solo una peque\u00f1a parte del Congreso Mundial Menonita \u2013 sin embargo, una parte muy interesada; con muchos proyectos y amistades en otros pa\u00edses\u201d.&nbsp;<\/p>\n<p>\u201cNuestra iglesia global est\u00e1 profundamente agradecida por el ministerio de Nelson Kraybill durante estos 7 a\u00f1os,\u201d dice C\u00e9sar Garc\u00eda, secretario general del CMM. \u201cExtra\u00f1aremos su coraz\u00f3n pastoral, sabidur\u00eda y disposici\u00f3n para servir incondicionalmente\u201d.&nbsp;<\/p>\n<p>\u201cHenk Stenvers servir\u00e1 como presidente despu\u00e9s de varios a\u00f1os de trabajo en la Comisi\u00f3n de Di\u00e1conos. Su experiencia como l\u00edder de la iglesia en Los Pa\u00edses Bajos y su conocimiento de la iglesia mundial ser\u00e1 de mucha bendici\u00f3n durante los a\u00f1os por venir. Ser\u00e1 un privilegio trabajar junto a \u00e9l.\u201d&nbsp;<\/p>\n<hr>\n<table style=\"width:100%\">\n<tbody>\n<tr>\n<td>\n<p>*Hoy en d\u00eda, existen tres grupos anabautista-menonitas en Indonesia:&nbsp;<\/p>\n<ul>\n<li>Gereja Injili di Tanah Jawa (GITJ \u2013Iglesia Evang\u00e9lica en la Tierra de Java)<\/li>\n<li>Gereja Kristen Muria Indonesia (GKMI \u2013Iglesia Cristiana de Muria de Indonesia)<\/li>\n<li>Jemaat Kristen Indonesia (JKI \u2013Congregaci\u00f3n Cristiana de Indonesia)<\/li>\n<\/ul>\n<\/td>\n<\/tr>\n<\/tbody>\n<\/table>\n<p>&nbsp;<\/p>\n","protected":false},"excerpt":{"rendered":"<p>\u201cCMM \u2013 Continuando el trabajo que Jes\u00fas comenz\u00f3 a trav\u00e9s de la adoraci\u00f3n, el servicio, la misi\u00f3n y el evangelismo\u201d (sic). Estas palabras est\u00e1n inscritas en un bast\u00f3n de pastor de madera que J. Nelson Kraybill entreg\u00f3 al presidente electo Henk Stenvers el 8 de julio del 2022 como s\u00edmbolo del liderazgo de servicio del [&hellip;]<\/p>\n","protected":false},"author":1,"featured_media":95411,"comment_status":"closed","ping_status":"closed","sticky":false,"template":"","format":"standard","meta":{"_acf_changed":false,"footnotes":""},"categories":[6],"tags":[],"network":[],"eventcategory":[1493],"class_list":["post-9248","post","type-post","status-publish","format-standard","has-post-thumbnail","hentry","category-sin-categorizar","eventcategory-assembly-es"],"acf":[],"yoast_head":"<!-- This site is optimized with the Yoast SEO plugin v27.2 - https:\/\/yoast.com\/product\/yoast-seo-wordpress\/ -->\n<title>Un nuevo pastor - Mennonite World Conference<\/title>\n<meta name=\"robots\" content=\"index, follow, max-snippet:-1, max-image-preview:large, max-video-preview:-1\" \/>\n<link rel=\"canonical\" href=\"https:\/\/mwc-cmm.org\/es\/stories\/un-nuevo-pastor\/\" \/>\n<meta property=\"og:locale\" content=\"es_ES\" \/>\n<meta property=\"og:type\" content=\"article\" \/>\n<meta property=\"og:title\" content=\"Un nuevo pastor - Mennonite World Conference\" \/>\n<meta property=\"og:description\" content=\"\u201cCMM \u2013 Continuando el trabajo que Jes\u00fas comenz\u00f3 a trav\u00e9s de la adoraci\u00f3n, el servicio, la misi\u00f3n y el evangelismo\u201d (sic). Estas palabras est\u00e1n inscritas en un bast\u00f3n de pastor de madera que J. Nelson Kraybill entreg\u00f3 al presidente electo Henk Stenvers el 8 de julio del 2022 como s\u00edmbolo del liderazgo de servicio del [&hellip;]\" \/>\n<meta property=\"og:url\" content=\"https:\/\/mwc-cmm.org\/es\/stories\/un-nuevo-pastor\/\" \/>\n<meta property=\"og:site_name\" content=\"Mennonite World Conference\" \/>\n<meta property=\"article:publisher\" content=\"https:\/\/www.facebook.com\/MennoniteWorldConference\" \/>\n<meta property=\"article:published_time\" content=\"2022-08-19T00:00:00+00:00\" \/>\n<meta property=\"article:modified_time\" content=\"2024-12-10T18:04:46+00:00\" \/>\n<meta property=\"og:image\" content=\"https:\/\/mwc-cmm.org\/wp-content\/uploads\/2024\/11\/20220707-nelsonokanya-leadershiptransfer7.jpg\" \/>\n\t<meta property=\"og:image:width\" content=\"640\" \/>\n\t<meta property=\"og:image:height\" content=\"480\" \/>\n\t<meta property=\"og:image:type\" content=\"image\/jpeg\" \/>\n<meta name=\"author\" content=\"mennworldcon\" \/>\n<script type=\"application\/ld+json\" class=\"yoast-schema-graph\">{\"@context\":\"https:\/\/schema.org\",\"@graph\":[{\"@type\":\"Article\",\"@id\":\"https:\/\/mwc-cmm.org\/es\/stories\/un-nuevo-pastor\/#article\",\"isPartOf\":{\"@id\":\"https:\/\/mwc-cmm.org\/es\/stories\/un-nuevo-pastor\/\"},\"author\":{\"name\":\"mennworldcon\",\"@id\":\"https:\/\/mwc-cmm.org\/en\/#\/schema\/person\/11f6ae0d7d1868ba20a1cc27f067c836\"},\"headline\":\"Un nuevo pastor\",\"datePublished\":\"2022-08-19T00:00:00+00:00\",\"dateModified\":\"2024-12-10T18:04:46+00:00\",\"mainEntityOfPage\":{\"@id\":\"https:\/\/mwc-cmm.org\/es\/stories\/un-nuevo-pastor\/\"},\"wordCount\":476,\"publisher\":{\"@id\":\"https:\/\/mwc-cmm.org\/en\/#organization\"},\"image\":{\"@id\":\"https:\/\/mwc-cmm.org\/es\/stories\/un-nuevo-pastor\/#primaryimage\"},\"thumbnailUrl\":\"https:\/\/mwc-cmm.org\/wp-content\/uploads\/2024\/11\/20220707-nelsonokanya-leadershiptransfer7.jpg\",\"articleSection\":[\"Sin categorizar\"],\"inLanguage\":\"es\"},{\"@type\":\"WebPage\",\"@id\":\"https:\/\/mwc-cmm.org\/es\/stories\/un-nuevo-pastor\/\",\"url\":\"https:\/\/mwc-cmm.org\/es\/stories\/un-nuevo-pastor\/\",\"name\":\"Un nuevo pastor - Mennonite World Conference\",\"isPartOf\":{\"@id\":\"https:\/\/mwc-cmm.org\/en\/#website\"},\"primaryImageOfPage\":{\"@id\":\"https:\/\/mwc-cmm.org\/es\/stories\/un-nuevo-pastor\/#primaryimage\"},\"image\":{\"@id\":\"https:\/\/mwc-cmm.org\/es\/stories\/un-nuevo-pastor\/#primaryimage\"},\"thumbnailUrl\":\"https:\/\/mwc-cmm.org\/wp-content\/uploads\/2024\/11\/20220707-nelsonokanya-leadershiptransfer7.jpg\",\"datePublished\":\"2022-08-19T00:00:00+00:00\",\"dateModified\":\"2024-12-10T18:04:46+00:00\",\"breadcrumb\":{\"@id\":\"https:\/\/mwc-cmm.org\/es\/stories\/un-nuevo-pastor\/#breadcrumb\"},\"inLanguage\":\"es\",\"potentialAction\":[{\"@type\":\"ReadAction\",\"target\":[\"https:\/\/mwc-cmm.org\/es\/stories\/un-nuevo-pastor\/\"]}]},{\"@type\":\"ImageObject\",\"inLanguage\":\"es\",\"@id\":\"https:\/\/mwc-cmm.org\/es\/stories\/un-nuevo-pastor\/#primaryimage\",\"url\":\"https:\/\/mwc-cmm.org\/wp-content\/uploads\/2024\/11\/20220707-nelsonokanya-leadershiptransfer7.jpg\",\"contentUrl\":\"https:\/\/mwc-cmm.org\/wp-content\/uploads\/2024\/11\/20220707-nelsonokanya-leadershiptransfer7.jpg\",\"width\":640,\"height\":480},{\"@type\":\"BreadcrumbList\",\"@id\":\"https:\/\/mwc-cmm.org\/es\/stories\/un-nuevo-pastor\/#breadcrumb\",\"itemListElement\":[{\"@type\":\"ListItem\",\"position\":1,\"name\":\"Home\",\"item\":\"https:\/\/mwc-cmm.org\/es\/\"},{\"@type\":\"ListItem\",\"position\":2,\"name\":\"Un nuevo pastor\"}]},{\"@type\":\"WebSite\",\"@id\":\"https:\/\/mwc-cmm.org\/en\/#website\",\"url\":\"https:\/\/mwc-cmm.org\/en\/\",\"name\":\"Mennonite World Conference\",\"description\":\"A communion of Anabaptist-related churches\",\"publisher\":{\"@id\":\"https:\/\/mwc-cmm.org\/en\/#organization\"},\"alternateName\":\"MWC\",\"potentialAction\":[{\"@type\":\"SearchAction\",\"target\":{\"@type\":\"EntryPoint\",\"urlTemplate\":\"https:\/\/mwc-cmm.org\/en\/?s={search_term_string}\"},\"query-input\":{\"@type\":\"PropertyValueSpecification\",\"valueRequired\":true,\"valueName\":\"search_term_string\"}}],\"inLanguage\":\"es\"},{\"@type\":\"Organization\",\"@id\":\"https:\/\/mwc-cmm.org\/en\/#organization\",\"name\":\"Mennonite World Conference\",\"alternateName\":\"MWC\",\"url\":\"https:\/\/mwc-cmm.org\/en\/\",\"logo\":{\"@type\":\"ImageObject\",\"inLanguage\":\"es\",\"@id\":\"https:\/\/mwc-cmm.org\/en\/#\/schema\/logo\/image\/\",\"url\":\"https:\/\/mwc-cmm.org\/wp-content\/uploads\/2026\/01\/MWC_Sig_Blue_Horiz_webheader1-logo.svg\",\"contentUrl\":\"https:\/\/mwc-cmm.org\/wp-content\/uploads\/2026\/01\/MWC_Sig_Blue_Horiz_webheader1-logo.svg\",\"width\":786,\"height\":82,\"caption\":\"Mennonite World Conference\"},\"image\":{\"@id\":\"https:\/\/mwc-cmm.org\/en\/#\/schema\/logo\/image\/\"},\"sameAs\":[\"https:\/\/www.facebook.com\/MennoniteWorldConference\",\"https:\/\/www.linkedin.com\/company\/mennonite-world-conference-mwc\/\",\"https:\/\/www.instagram.com\/mwcmm\/\",\"https:\/\/www.youtube.com\/user\/mwccmm\",\"https:\/\/bsky.app\/profile\/mwcmm.bsky.social\"]},{\"@type\":\"Person\",\"@id\":\"https:\/\/mwc-cmm.org\/en\/#\/schema\/person\/11f6ae0d7d1868ba20a1cc27f067c836\",\"name\":\"mennworldcon\",\"image\":{\"@type\":\"ImageObject\",\"inLanguage\":\"es\",\"@id\":\"https:\/\/secure.gravatar.com\/avatar\/06fdc0dc81c157dfdb82ec42f252178a22307808988d22c043f9eb96f1e0fe80?s=96&d=mm&r=g\",\"url\":\"https:\/\/secure.gravatar.com\/avatar\/06fdc0dc81c157dfdb82ec42f252178a22307808988d22c043f9eb96f1e0fe80?s=96&d=mm&r=g\",\"contentUrl\":\"https:\/\/secure.gravatar.com\/avatar\/06fdc0dc81c157dfdb82ec42f252178a22307808988d22c043f9eb96f1e0fe80?s=96&d=mm&r=g\",\"caption\":\"mennworldcon\"},\"sameAs\":[\"https:\/\/mwc-cmm.org\"],\"url\":\"https:\/\/mwc-cmm.org\/es\/stories\/author\/mennworldcon\/\"}]}<\/script>\n<!-- \/ Yoast SEO plugin. -->","yoast_head_json":{"title":"Un nuevo pastor - Mennonite World Conference","robots":{"index":"index","follow":"follow","max-snippet":"max-snippet:-1","max-image-preview":"max-image-preview:large","max-video-preview":"max-video-preview:-1"},"canonical":"https:\/\/mwc-cmm.org\/es\/stories\/un-nuevo-pastor\/","og_locale":"es_ES","og_type":"article","og_title":"Un nuevo pastor - Mennonite World Conference","og_description":"\u201cCMM \u2013 Continuando el trabajo que Jes\u00fas comenz\u00f3 a trav\u00e9s de la adoraci\u00f3n, el servicio, la misi\u00f3n y el evangelismo\u201d (sic). Estas palabras est\u00e1n inscritas en un bast\u00f3n de pastor de madera que J. Nelson Kraybill entreg\u00f3 al presidente electo Henk Stenvers el 8 de julio del 2022 como s\u00edmbolo del liderazgo de servicio del [&hellip;]","og_url":"https:\/\/mwc-cmm.org\/es\/stories\/un-nuevo-pastor\/","og_site_name":"Mennonite World Conference","article_publisher":"https:\/\/www.facebook.com\/MennoniteWorldConference","article_published_time":"2022-08-19T00:00:00+00:00","article_modified_time":"2024-12-10T18:04:46+00:00","og_image":[{"width":640,"height":480,"url":"https:\/\/mwc-cmm.org\/wp-content\/uploads\/2024\/11\/20220707-nelsonokanya-leadershiptransfer7.jpg","type":"image\/jpeg"}],"author":"mennworldcon","schema":{"@context":"https:\/\/schema.org","@graph":[{"@type":"Article","@id":"https:\/\/mwc-cmm.org\/es\/stories\/un-nuevo-pastor\/#article","isPartOf":{"@id":"https:\/\/mwc-cmm.org\/es\/stories\/un-nuevo-pastor\/"},"author":{"name":"mennworldcon","@id":"https:\/\/mwc-cmm.org\/en\/#\/schema\/person\/11f6ae0d7d1868ba20a1cc27f067c836"},"headline":"Un nuevo pastor","datePublished":"2022-08-19T00:00:00+00:00","dateModified":"2024-12-10T18:04:46+00:00","mainEntityOfPage":{"@id":"https:\/\/mwc-cmm.org\/es\/stories\/un-nuevo-pastor\/"},"wordCount":476,"publisher":{"@id":"https:\/\/mwc-cmm.org\/en\/#organization"},"image":{"@id":"https:\/\/mwc-cmm.org\/es\/stories\/un-nuevo-pastor\/#primaryimage"},"thumbnailUrl":"https:\/\/mwc-cmm.org\/wp-content\/uploads\/2024\/11\/20220707-nelsonokanya-leadershiptransfer7.jpg","articleSection":["Sin categorizar"],"inLanguage":"es"},{"@type":"WebPage","@id":"https:\/\/mwc-cmm.org\/es\/stories\/un-nuevo-pastor\/","url":"https:\/\/mwc-cmm.org\/es\/stories\/un-nuevo-pastor\/","name":"Un nuevo pastor - Mennonite World Conference","isPartOf":{"@id":"https:\/\/mwc-cmm.org\/en\/#website"},"primaryImageOfPage":{"@id":"https:\/\/mwc-cmm.org\/es\/stories\/un-nuevo-pastor\/#primaryimage"},"image":{"@id":"https:\/\/mwc-cmm.org\/es\/stories\/un-nuevo-pastor\/#primaryimage"},"thumbnailUrl":"https:\/\/mwc-cmm.org\/wp-content\/uploads\/2024\/11\/20220707-nelsonokanya-leadershiptransfer7.jpg","datePublished":"2022-08-19T00:00:00+00:00","dateModified":"2024-12-10T18:04:46+00:00","breadcrumb":{"@id":"https:\/\/mwc-cmm.org\/es\/stories\/un-nuevo-pastor\/#breadcrumb"},"inLanguage":"es","potentialAction":[{"@type":"ReadAction","target":["https:\/\/mwc-cmm.org\/es\/stories\/un-nuevo-pastor\/"]}]},{"@type":"ImageObject","inLanguage":"es","@id":"https:\/\/mwc-cmm.org\/es\/stories\/un-nuevo-pastor\/#primaryimage","url":"https:\/\/mwc-cmm.org\/wp-content\/uploads\/2024\/11\/20220707-nelsonokanya-leadershiptransfer7.jpg","contentUrl":"https:\/\/mwc-cmm.org\/wp-content\/uploads\/2024\/11\/20220707-nelsonokanya-leadershiptransfer7.jpg","width":640,"height":480},{"@type":"BreadcrumbList","@id":"https:\/\/mwc-cmm.org\/es\/stories\/un-nuevo-pastor\/#breadcrumb","itemListElement":[{"@type":"ListItem","position":1,"name":"Home","item":"https:\/\/mwc-cmm.org\/es\/"},{"@type":"ListItem","position":2,"name":"Un nuevo pastor"}]},{"@type":"WebSite","@id":"https:\/\/mwc-cmm.org\/en\/#website","url":"https:\/\/mwc-cmm.org\/en\/","name":"Mennonite World Conference","description":"A communion of Anabaptist-related churches","publisher":{"@id":"https:\/\/mwc-cmm.org\/en\/#organization"},"alternateName":"MWC","potentialAction":[{"@type":"SearchAction","target":{"@type":"EntryPoint","urlTemplate":"https:\/\/mwc-cmm.org\/en\/?s={search_term_string}"},"query-input":{"@type":"PropertyValueSpecification","valueRequired":true,"valueName":"search_term_string"}}],"inLanguage":"es"},{"@type":"Organization","@id":"https:\/\/mwc-cmm.org\/en\/#organization","name":"Mennonite World Conference","alternateName":"MWC","url":"https:\/\/mwc-cmm.org\/en\/","logo":{"@type":"ImageObject","inLanguage":"es","@id":"https:\/\/mwc-cmm.org\/en\/#\/schema\/logo\/image\/","url":"https:\/\/mwc-cmm.org\/wp-content\/uploads\/2026\/01\/MWC_Sig_Blue_Horiz_webheader1-logo.svg","contentUrl":"https:\/\/mwc-cmm.org\/wp-content\/uploads\/2026\/01\/MWC_Sig_Blue_Horiz_webheader1-logo.svg","width":786,"height":82,"caption":"Mennonite World Conference"},"image":{"@id":"https:\/\/mwc-cmm.org\/en\/#\/schema\/logo\/image\/"},"sameAs":["https:\/\/www.facebook.com\/MennoniteWorldConference","https:\/\/www.linkedin.com\/company\/mennonite-world-conference-mwc\/","https:\/\/www.instagram.com\/mwcmm\/","https:\/\/www.youtube.com\/user\/mwccmm","https:\/\/bsky.app\/profile\/mwcmm.bsky.social"]},{"@type":"Person","@id":"https:\/\/mwc-cmm.org\/en\/#\/schema\/person\/11f6ae0d7d1868ba20a1cc27f067c836","name":"mennworldcon","image":{"@type":"ImageObject","inLanguage":"es","@id":"https:\/\/secure.gravatar.com\/avatar\/06fdc0dc81c157dfdb82ec42f252178a22307808988d22c043f9eb96f1e0fe80?s=96&d=mm&r=g","url":"https:\/\/secure.gravatar.com\/avatar\/06fdc0dc81c157dfdb82ec42f252178a22307808988d22c043f9eb96f1e0fe80?s=96&d=mm&r=g","contentUrl":"https:\/\/secure.gravatar.com\/avatar\/06fdc0dc81c157dfdb82ec42f252178a22307808988d22c043f9eb96f1e0fe80?s=96&d=mm&r=g","caption":"mennworldcon"},"sameAs":["https:\/\/mwc-cmm.org"],"url":"https:\/\/mwc-cmm.org\/es\/stories\/author\/mennworldcon\/"}]}},"_links":{"self":[{"href":"https:\/\/mwc-cmm.org\/es\/wp-json\/wp\/v2\/posts\/9248","targetHints":{"allow":["GET"]}}],"collection":[{"href":"https:\/\/mwc-cmm.org\/es\/wp-json\/wp\/v2\/posts"}],"about":[{"href":"https:\/\/mwc-cmm.org\/es\/wp-json\/wp\/v2\/types\/post"}],"author":[{"embeddable":true,"href":"https:\/\/mwc-cmm.org\/es\/wp-json\/wp\/v2\/users\/1"}],"replies":[{"embeddable":true,"href":"https:\/\/mwc-cmm.org\/es\/wp-json\/wp\/v2\/comments?post=9248"}],"version-history":[{"count":0,"href":"https:\/\/mwc-cmm.org\/es\/wp-json\/wp\/v2\/posts\/9248\/revisions"}],"wp:featuredmedia":[{"embeddable":true,"href":"https:\/\/mwc-cmm.org\/es\/wp-json\/wp\/v2\/media\/95411"}],"wp:attachment":[{"href":"https:\/\/mwc-cmm.org\/es\/wp-json\/wp\/v2\/media?parent=9248"}],"wp:term":[{"taxonomy":"category","embeddable":true,"href":"https:\/\/mwc-cmm.org\/es\/wp-json\/wp\/v2\/categories?post=9248"},{"taxonomy":"post_tag","embeddable":true,"href":"https:\/\/mwc-cmm.org\/es\/wp-json\/wp\/v2\/tags?post=9248"},{"taxonomy":"network","embeddable":true,"href":"https:\/\/mwc-cmm.org\/es\/wp-json\/wp\/v2\/network?post=9248"},{"taxonomy":"eventcategory","embeddable":true,"href":"https:\/\/mwc-cmm.org\/es\/wp-json\/wp\/v2\/eventcategory?post=9248"}],"curies":[{"name":"wp","href":"https:\/\/api.w.org\/{rel}","templated":true}]}}