{"id":9245,"date":"2022-08-10T00:00:00","date_gmt":"2022-08-10T00:00:00","guid":{"rendered":"https:\/\/mwc-cmm.org\/meet-your-executive-committee-2\/"},"modified":"2024-12-10T18:04:45","modified_gmt":"2024-12-10T18:04:45","slug":"conozca-su-comite-ejecutivo","status":"publish","type":"post","link":"https:\/\/mwc-cmm.org\/es\/stories\/conozca-su-comite-ejecutivo\/","title":{"rendered":"Conozca su Comit\u00e9 Ejecutivo"},"content":{"rendered":"<p>El <a href=\"https:\/\/mwc-cmm.org\/es\/concilio-general\"><strong>Comit\u00e9 Ejecutivo<\/strong><\/a> es elegido entre los miembros del Concilio General y se re\u00fane anualmente. Dos personas de cada regi\u00f3n continental son elegidas entre los miembros del Concilio General, que tambi\u00e9n elige al presidente\/a y vicepresidente\/a. El presidente electo o presidenta electa inicia su mandato tres a\u00f1os antes del traspaso de responsabilidades. El tesorero\/a y secretario\/a general tambi\u00e9n son integrantes del Comit\u00e9 Ejecutivo. Consulte el n\u00famero de Correo correspondiente a octubre de 2021 para conocer a los directivos.<\/p>\n<h3>Representantes de \u00c1frica<\/h3>\n<p><img decoding=\"async\" alt=\"\" height=\"100\" data-src=\"\/sites\/default\/files\/website_files_2020\/samson_omondi.png\" style=\"--smush-placeholder-width: 100px; --smush-placeholder-aspect-ratio: 100\/100;float:left\" width=\"100\" src=\"data:image\/svg+xml;base64,PHN2ZyB3aWR0aD0iMSIgaGVpZ2h0PSIxIiB4bWxucz0iaHR0cDovL3d3dy53My5vcmcvMjAwMC9zdmciPjwvc3ZnPg==\" class=\"lazyload\"><strong>Samson Omondi<\/strong><br \/>\nCongregaci\u00f3n: Iglesia Menonita Majiwa, Kisumu, Kenia<br \/>\n\u201cEs un honor servir a la Iglesia mundial a trav\u00e9s del CMM, porque brinda una excelente oportunidad para compartir experiencias e ideas de diversas culturas de todo el mundo.\u201d<\/p>\n<h3>Representantes de Asia y el Pac\u00edfico<\/h3>\n<p><strong><img decoding=\"async\" alt=\"\" height=\"100\" data-src=\"\/sites\/default\/files\/website_files_2020\/paul_phinehas_.png\" style=\"--smush-placeholder-width: 100px; --smush-placeholder-aspect-ratio: 100\/100;float:left\" width=\"100\" src=\"data:image\/svg+xml;base64,PHN2ZyB3aWR0aD0iMSIgaGVpZ2h0PSIxIiB4bWxucz0iaHR0cDovL3d3dy53My5vcmcvMjAwMC9zdmciPjwvc3ZnPg==\" class=\"lazyload\">Paul Phinehas<\/strong><br \/>\nCongregaci\u00f3n: Gilgal Mission Trust Pollachi, Tamil Nadu, India<br \/>\n\u00ab\u201cEstoy agradecido por ser parte del CMM porque podemos hacer m\u00e1s juntos que como un reba\u00f1o individual, y nos reunimos para adorar a Dios de la manera que \u00c9l ha puesto de manifiesto en la Biblia.\u201d<br \/>\n&nbsp;<\/p>\n<p><strong><img decoding=\"async\" alt=\"\" height=\"100\" data-src=\"\/sites\/default\/files\/website_files_2020\/mz_ichsanudin.png\" style=\"--smush-placeholder-width: 100px; --smush-placeholder-aspect-ratio: 100\/100;float:left\" width=\"100\" src=\"data:image\/svg+xml;base64,PHN2ZyB3aWR0aD0iMSIgaGVpZ2h0PSIxIiB4bWxucz0iaHR0cDovL3d3dy53My5vcmcvMjAwMC9zdmciPjwvc3ZnPg==\" class=\"lazyload\">MZ Ichsanudin<\/strong><br \/>\nCongregaci\u00f3n: GITJ Semarang, Java Central, Indonesia<br \/>\n\u00abEs un honor participar en el ministerio de la iglesia a nivel mundial a trav\u00e9s del Congreso Mundial Menonita (CMM). Desde el punto de vista organizativo, el CMM es el \u00fanico foro para iglesias que promueven espec\u00edficamente la paz a peque\u00f1a escala y a nivel mundial, entre religiones, tribus y naciones. Es un gran desaf\u00edo para el CMM c\u00f3mo lograr la paz sin ir a la guerra usando armas y medios pol\u00edticos. No solo pensamos en nosotros mismos sino en todos los seres humanos de esta Tierra.\u00bb<\/p>\n<h3>Representantes de Europa<\/h3>\n<p><strong><img decoding=\"async\" alt=\"\" height=\"100\" data-src=\"\/sites\/default\/files\/website_files_2020\/alexander_neufeld.png\" style=\"--smush-placeholder-width: 100px; --smush-placeholder-aspect-ratio: 100\/100;float:left\" width=\"100\" src=\"data:image\/svg+xml;base64,PHN2ZyB3aWR0aD0iMSIgaGVpZ2h0PSIxIiB4bWxucz0iaHR0cDovL3d3dy53My5vcmcvMjAwMC9zdmciPjwvc3ZnPg==\" class=\"lazyload\">Alexander Neufeld<\/strong><br \/>\nCongregaci\u00f3n: EvangelischMennonitische Freikirche Dresden, Alemania<br \/>\n\u00abEstoy agradecido por ser parte del CMM porque profundiza mi sentido de pertenencia a una maravillosa familia de fe y me brinda la oportunidad de conocer e interactuar con tantas personas bondadosas e interesantes. Mi oraci\u00f3n por la iglesia anabautistamenonita mundial es que podamos glorificar a Cristo, y dar a conocer el Evangelio de Jes\u00fas, su manera de relacionarse y vivir.\u00bb<\/p>\n<p><strong><img decoding=\"async\" alt=\"\" height=\"100\" data-src=\"\/sites\/default\/files\/website_files_2020\/wieteke_van_der_molen.png\" style=\"--smush-placeholder-width: 100px; --smush-placeholder-aspect-ratio: 100\/100;float:left\" width=\"100\" src=\"data:image\/svg+xml;base64,PHN2ZyB3aWR0aD0iMSIgaGVpZ2h0PSIxIiB4bWxucz0iaHR0cDovL3d3dy53My5vcmcvMjAwMC9zdmciPjwvc3ZnPg==\" class=\"lazyload\">Wieteke van der Molen<\/strong><br \/>\nCongregaci\u00f3n: Doopsgezind Gemeente Schoorl, Pa\u00edses Bajos<br \/>\n\u00abLo m\u00e1s hermoso del CMM es que procuramos: vincularnos, escuchar realmente (unos a otros, a nosotros mismos, a Dios), para ver la mirada de Cristo a trav\u00e9s de los ojos de un hermano o una hermana. Fracasamos absoluta, completa y constantemente: en la comprensi\u00f3n, la comunicaci\u00f3n, la verdadera ayuda mutua, la creaci\u00f3n de un espacio seguro para que todos nuestros hermanos y hermanas se unan a esa singular historia sobre Dios y la humanidad. Y aun as\u00ed, seguimos intentando. Al intentar y fallar y volver a intentar, se edifica el reino de Dios.\u00bb<\/p>\n<h3>Representantes de Am\u00e9rica del Norte<\/h3>\n<p><strong><img decoding=\"async\" alt=\"\" height=\"100\" data-src=\"\/sites\/default\/files\/website_files_2020\/lisa_carr_pries.png\" style=\"--smush-placeholder-width: 100px; --smush-placeholder-aspect-ratio: 100\/100;float:left\" width=\"100\" src=\"data:image\/svg+xml;base64,PHN2ZyB3aWR0aD0iMSIgaGVpZ2h0PSIxIiB4bWxucz0iaHR0cDovL3d3dy53My5vcmcvMjAwMC9zdmciPjwvc3ZnPg==\" class=\"lazyload\">Lisa Carr Pries<\/strong><br \/>\nCongregaci\u00f3n: Iglesia Menonita Nith Valley, New Hamburg, Canad\u00e1<br \/>\n\u00abComo voluntaria, deseo comprometer a las personas con la visi\u00f3n del Congreso Mundial Menonita, ofreciendo la esperanza de Jes\u00fas y la luz de Cristo para que sean transformadas, sabiendo que son hijas e hijos amados de Dios, reconociendo la acci\u00f3n de Dios.\u00bb<\/p>\n<h3>Representantes del Caribe, Am\u00e9rica Central y Am\u00e9rica del Sur<\/h3>\n<p><strong><img decoding=\"async\" alt=\"\" height=\"100\" data-src=\"\/sites\/default\/files\/website_files_2020\/carlos_martinez_garcia.png\" style=\"--smush-placeholder-width: 100px; --smush-placeholder-aspect-ratio: 100\/100;float:left\" width=\"100\" src=\"data:image\/svg+xml;base64,PHN2ZyB3aWR0aD0iMSIgaGVpZ2h0PSIxIiB4bWxucz0iaHR0cDovL3d3dy53My5vcmcvMjAwMC9zdmciPjwvc3ZnPg==\" class=\"lazyload\">Carlos Mart\u00ednez Garc\u00eda<\/strong><br \/>\nCongregaci\u00f3n: Fraternidad Cristiana\/Vida Nueva (CIEAMM), M\u00e9xico.<br \/>\n\u00abEs una gran oportunidad y bendici\u00f3n conocer los retos y oportunidades que tenemos como familia global. Es muy enriquecedor intercambiar experiencias y proyectos acerca de ser seguidores y seguidoras de Jes\u00fas en el contexto de un mundo crecientemente diversificado\u00bb<br \/>\n&nbsp;<\/p>\n<p><strong><img decoding=\"async\" alt=\"\" height=\"100\" data-src=\"\/sites\/default\/files\/website_files_2020\/juan_silverio_veron_aquino.png\" style=\"--smush-placeholder-width: 100px; --smush-placeholder-aspect-ratio: 100\/100;float:left\" width=\"100\" src=\"data:image\/svg+xml;base64,PHN2ZyB3aWR0aD0iMSIgaGVpZ2h0PSIxIiB4bWxucz0iaHR0cDovL3d3dy53My5vcmcvMjAwMC9zdmciPjwvc3ZnPg==\" class=\"lazyload\">Juan Silverio Ver\u00f3n Aquino<\/strong><br \/>\nCongregation: Iglesia Maranata de los Hermanos Menonitas (Mennonite Brethren), Asunci\u00f3n, Paraguay<br \/>\n\u00abMi oraci\u00f3n por la iglesia anabautista-menonita mundial es que siga siendo en cada rinc\u00f3n de este mundo portadora de la Paz de Cristo.\u00bb<\/p>\n<h3>Vacantes **<\/h3>\n<p><strong>\u00c1frica<\/strong><br \/>\n*Steven Mang\u2019ana Watson falleci\u00f3 el 4 de marzo de 2021.<br \/>\n<strong>Am\u00e9rica del Norte<\/strong><br \/>\n*El mandato de Bill Braun lleg\u00f3 a su fin en diciembre de 2021, cuando su congregaci\u00f3n local \u2018Willow Avenue Mennonite\u2019 fue suspendida como miembro de la Convenci\u00f3n de Iglesias de los Hermanos Menonitas de Estados Unidos.<\/p>\n<hr>\n<h5>Este art\u00edculo apareci\u00f3 por primera vez en&nbsp;<a href=\"https:\/\/mwc-cmm.org\/es\/resources\/correo-2022-1-abril\"><em>Correo\/Courier\/Courrier&nbsp;en abril de 2022.<\/em><\/a><\/h5>\n","protected":false},"excerpt":{"rendered":"<p>El Comit\u00e9 Ejecutivo es elegido entre los miembros del Concilio General y se re\u00fane anualmente. Dos personas de cada regi\u00f3n continental son elegidas entre los miembros del Concilio General, que tambi\u00e9n elige al presidente\/a y vicepresidente\/a. El presidente electo o presidenta electa inicia su mandato tres a\u00f1os antes del traspaso de responsabilidades. El tesorero\/a y [&hellip;]<\/p>\n","protected":false},"author":1,"featured_media":94741,"comment_status":"closed","ping_status":"closed","sticky":false,"template":"","format":"standard","meta":{"_acf_changed":false,"footnotes":""},"categories":[6],"tags":[217],"network":[1306],"eventcategory":[],"class_list":["post-9245","post","type-post","status-publish","format-standard","has-post-thumbnail","hentry","category-sin-categorizar","tag-executive-committee","network-courier-es"],"acf":[],"yoast_head":"<!-- This site is optimized with the Yoast SEO plugin v27.2 - https:\/\/yoast.com\/product\/yoast-seo-wordpress\/ -->\n<title>Conozca su Comit\u00e9 Ejecutivo - Mennonite World Conference<\/title>\n<meta name=\"robots\" content=\"index, follow, max-snippet:-1, max-image-preview:large, max-video-preview:-1\" \/>\n<link rel=\"canonical\" href=\"https:\/\/mwc-cmm.org\/es\/stories\/conozca-su-comite-ejecutivo\/\" \/>\n<meta property=\"og:locale\" content=\"es_ES\" \/>\n<meta property=\"og:type\" content=\"article\" \/>\n<meta property=\"og:title\" content=\"Conozca su Comit\u00e9 Ejecutivo - Mennonite World Conference\" \/>\n<meta property=\"og:description\" content=\"El Comit\u00e9 Ejecutivo es elegido entre los miembros del Concilio General y se re\u00fane anualmente. Dos personas de cada regi\u00f3n continental son elegidas entre los miembros del Concilio General, que tambi\u00e9n elige al presidente\/a y vicepresidente\/a. El presidente electo o presidenta electa inicia su mandato tres a\u00f1os antes del traspaso de responsabilidades. El tesorero\/a y [&hellip;]\" \/>\n<meta property=\"og:url\" content=\"https:\/\/mwc-cmm.org\/es\/stories\/conozca-su-comite-ejecutivo\/\" \/>\n<meta property=\"og:site_name\" content=\"Mennonite World Conference\" \/>\n<meta property=\"article:publisher\" content=\"https:\/\/www.facebook.com\/MennoniteWorldConference\" \/>\n<meta property=\"article:published_time\" content=\"2022-08-10T00:00:00+00:00\" \/>\n<meta property=\"article:modified_time\" content=\"2024-12-10T18:04:45+00:00\" \/>\n<meta property=\"og:image\" content=\"https:\/\/mwc-cmm.org\/wp-content\/uploads\/2024\/11\/mwc_logo_featured_image.png\" \/>\n\t<meta property=\"og:image:width\" content=\"840\" \/>\n\t<meta property=\"og:image:height\" content=\"630\" \/>\n\t<meta property=\"og:image:type\" content=\"image\/png\" \/>\n<meta name=\"author\" content=\"mennworldcon\" \/>\n<script type=\"application\/ld+json\" class=\"yoast-schema-graph\">{\"@context\":\"https:\/\/schema.org\",\"@graph\":[{\"@type\":\"Article\",\"@id\":\"https:\/\/mwc-cmm.org\/es\/stories\/conozca-su-comite-ejecutivo\/#article\",\"isPartOf\":{\"@id\":\"https:\/\/mwc-cmm.org\/es\/stories\/conozca-su-comite-ejecutivo\/\"},\"author\":{\"name\":\"mennworldcon\",\"@id\":\"https:\/\/mwc-cmm.org\/en\/#\/schema\/person\/11f6ae0d7d1868ba20a1cc27f067c836\"},\"headline\":\"Conozca su Comit\u00e9 Ejecutivo\",\"datePublished\":\"2022-08-10T00:00:00+00:00\",\"dateModified\":\"2024-12-10T18:04:45+00:00\",\"mainEntityOfPage\":{\"@id\":\"https:\/\/mwc-cmm.org\/es\/stories\/conozca-su-comite-ejecutivo\/\"},\"wordCount\":716,\"publisher\":{\"@id\":\"https:\/\/mwc-cmm.org\/en\/#organization\"},\"image\":{\"@id\":\"https:\/\/mwc-cmm.org\/es\/stories\/conozca-su-comite-ejecutivo\/#primaryimage\"},\"thumbnailUrl\":\"https:\/\/mwc-cmm.org\/wp-content\/uploads\/2024\/11\/mwc_logo_featured_image.png\",\"keywords\":[\"Executive Committee\"],\"articleSection\":[\"Sin categorizar\"],\"inLanguage\":\"es\"},{\"@type\":\"WebPage\",\"@id\":\"https:\/\/mwc-cmm.org\/es\/stories\/conozca-su-comite-ejecutivo\/\",\"url\":\"https:\/\/mwc-cmm.org\/es\/stories\/conozca-su-comite-ejecutivo\/\",\"name\":\"Conozca su Comit\u00e9 Ejecutivo - Mennonite World Conference\",\"isPartOf\":{\"@id\":\"https:\/\/mwc-cmm.org\/en\/#website\"},\"primaryImageOfPage\":{\"@id\":\"https:\/\/mwc-cmm.org\/es\/stories\/conozca-su-comite-ejecutivo\/#primaryimage\"},\"image\":{\"@id\":\"https:\/\/mwc-cmm.org\/es\/stories\/conozca-su-comite-ejecutivo\/#primaryimage\"},\"thumbnailUrl\":\"https:\/\/mwc-cmm.org\/wp-content\/uploads\/2024\/11\/mwc_logo_featured_image.png\",\"datePublished\":\"2022-08-10T00:00:00+00:00\",\"dateModified\":\"2024-12-10T18:04:45+00:00\",\"breadcrumb\":{\"@id\":\"https:\/\/mwc-cmm.org\/es\/stories\/conozca-su-comite-ejecutivo\/#breadcrumb\"},\"inLanguage\":\"es\",\"potentialAction\":[{\"@type\":\"ReadAction\",\"target\":[\"https:\/\/mwc-cmm.org\/es\/stories\/conozca-su-comite-ejecutivo\/\"]}]},{\"@type\":\"ImageObject\",\"inLanguage\":\"es\",\"@id\":\"https:\/\/mwc-cmm.org\/es\/stories\/conozca-su-comite-ejecutivo\/#primaryimage\",\"url\":\"https:\/\/mwc-cmm.org\/wp-content\/uploads\/2024\/11\/mwc_logo_featured_image.png\",\"contentUrl\":\"https:\/\/mwc-cmm.org\/wp-content\/uploads\/2024\/11\/mwc_logo_featured_image.png\",\"width\":840,\"height\":630},{\"@type\":\"BreadcrumbList\",\"@id\":\"https:\/\/mwc-cmm.org\/es\/stories\/conozca-su-comite-ejecutivo\/#breadcrumb\",\"itemListElement\":[{\"@type\":\"ListItem\",\"position\":1,\"name\":\"Home\",\"item\":\"https:\/\/mwc-cmm.org\/es\/\"},{\"@type\":\"ListItem\",\"position\":2,\"name\":\"Conozca su Comit\u00e9 Ejecutivo\"}]},{\"@type\":\"WebSite\",\"@id\":\"https:\/\/mwc-cmm.org\/en\/#website\",\"url\":\"https:\/\/mwc-cmm.org\/en\/\",\"name\":\"Mennonite World Conference\",\"description\":\"A communion of Anabaptist-related churches\",\"publisher\":{\"@id\":\"https:\/\/mwc-cmm.org\/en\/#organization\"},\"alternateName\":\"MWC\",\"potentialAction\":[{\"@type\":\"SearchAction\",\"target\":{\"@type\":\"EntryPoint\",\"urlTemplate\":\"https:\/\/mwc-cmm.org\/en\/?s={search_term_string}\"},\"query-input\":{\"@type\":\"PropertyValueSpecification\",\"valueRequired\":true,\"valueName\":\"search_term_string\"}}],\"inLanguage\":\"es\"},{\"@type\":\"Organization\",\"@id\":\"https:\/\/mwc-cmm.org\/en\/#organization\",\"name\":\"Mennonite World Conference\",\"alternateName\":\"MWC\",\"url\":\"https:\/\/mwc-cmm.org\/en\/\",\"logo\":{\"@type\":\"ImageObject\",\"inLanguage\":\"es\",\"@id\":\"https:\/\/mwc-cmm.org\/en\/#\/schema\/logo\/image\/\",\"url\":\"https:\/\/mwc-cmm.org\/wp-content\/uploads\/2026\/01\/MWC_Sig_Blue_Horiz_webheader1-logo.svg\",\"contentUrl\":\"https:\/\/mwc-cmm.org\/wp-content\/uploads\/2026\/01\/MWC_Sig_Blue_Horiz_webheader1-logo.svg\",\"width\":786,\"height\":82,\"caption\":\"Mennonite World Conference\"},\"image\":{\"@id\":\"https:\/\/mwc-cmm.org\/en\/#\/schema\/logo\/image\/\"},\"sameAs\":[\"https:\/\/www.facebook.com\/MennoniteWorldConference\",\"https:\/\/www.linkedin.com\/company\/mennonite-world-conference-mwc\/\",\"https:\/\/www.instagram.com\/mwcmm\/\",\"https:\/\/www.youtube.com\/user\/mwccmm\",\"https:\/\/bsky.app\/profile\/mwcmm.bsky.social\"]},{\"@type\":\"Person\",\"@id\":\"https:\/\/mwc-cmm.org\/en\/#\/schema\/person\/11f6ae0d7d1868ba20a1cc27f067c836\",\"name\":\"mennworldcon\",\"image\":{\"@type\":\"ImageObject\",\"inLanguage\":\"es\",\"@id\":\"https:\/\/secure.gravatar.com\/avatar\/06fdc0dc81c157dfdb82ec42f252178a22307808988d22c043f9eb96f1e0fe80?s=96&d=mm&r=g\",\"url\":\"https:\/\/secure.gravatar.com\/avatar\/06fdc0dc81c157dfdb82ec42f252178a22307808988d22c043f9eb96f1e0fe80?s=96&d=mm&r=g\",\"contentUrl\":\"https:\/\/secure.gravatar.com\/avatar\/06fdc0dc81c157dfdb82ec42f252178a22307808988d22c043f9eb96f1e0fe80?s=96&d=mm&r=g\",\"caption\":\"mennworldcon\"},\"sameAs\":[\"https:\/\/mwc-cmm.org\"],\"url\":\"https:\/\/mwc-cmm.org\/es\/stories\/author\/mennworldcon\/\"}]}<\/script>\n<!-- \/ Yoast SEO plugin. -->","yoast_head_json":{"title":"Conozca su Comit\u00e9 Ejecutivo - Mennonite World Conference","robots":{"index":"index","follow":"follow","max-snippet":"max-snippet:-1","max-image-preview":"max-image-preview:large","max-video-preview":"max-video-preview:-1"},"canonical":"https:\/\/mwc-cmm.org\/es\/stories\/conozca-su-comite-ejecutivo\/","og_locale":"es_ES","og_type":"article","og_title":"Conozca su Comit\u00e9 Ejecutivo - Mennonite World Conference","og_description":"El Comit\u00e9 Ejecutivo es elegido entre los miembros del Concilio General y se re\u00fane anualmente. Dos personas de cada regi\u00f3n continental son elegidas entre los miembros del Concilio General, que tambi\u00e9n elige al presidente\/a y vicepresidente\/a. El presidente electo o presidenta electa inicia su mandato tres a\u00f1os antes del traspaso de responsabilidades. El tesorero\/a y [&hellip;]","og_url":"https:\/\/mwc-cmm.org\/es\/stories\/conozca-su-comite-ejecutivo\/","og_site_name":"Mennonite World Conference","article_publisher":"https:\/\/www.facebook.com\/MennoniteWorldConference","article_published_time":"2022-08-10T00:00:00+00:00","article_modified_time":"2024-12-10T18:04:45+00:00","og_image":[{"width":840,"height":630,"url":"https:\/\/mwc-cmm.org\/wp-content\/uploads\/2024\/11\/mwc_logo_featured_image.png","type":"image\/png"}],"author":"mennworldcon","schema":{"@context":"https:\/\/schema.org","@graph":[{"@type":"Article","@id":"https:\/\/mwc-cmm.org\/es\/stories\/conozca-su-comite-ejecutivo\/#article","isPartOf":{"@id":"https:\/\/mwc-cmm.org\/es\/stories\/conozca-su-comite-ejecutivo\/"},"author":{"name":"mennworldcon","@id":"https:\/\/mwc-cmm.org\/en\/#\/schema\/person\/11f6ae0d7d1868ba20a1cc27f067c836"},"headline":"Conozca su Comit\u00e9 Ejecutivo","datePublished":"2022-08-10T00:00:00+00:00","dateModified":"2024-12-10T18:04:45+00:00","mainEntityOfPage":{"@id":"https:\/\/mwc-cmm.org\/es\/stories\/conozca-su-comite-ejecutivo\/"},"wordCount":716,"publisher":{"@id":"https:\/\/mwc-cmm.org\/en\/#organization"},"image":{"@id":"https:\/\/mwc-cmm.org\/es\/stories\/conozca-su-comite-ejecutivo\/#primaryimage"},"thumbnailUrl":"https:\/\/mwc-cmm.org\/wp-content\/uploads\/2024\/11\/mwc_logo_featured_image.png","keywords":["Executive Committee"],"articleSection":["Sin categorizar"],"inLanguage":"es"},{"@type":"WebPage","@id":"https:\/\/mwc-cmm.org\/es\/stories\/conozca-su-comite-ejecutivo\/","url":"https:\/\/mwc-cmm.org\/es\/stories\/conozca-su-comite-ejecutivo\/","name":"Conozca su Comit\u00e9 Ejecutivo - Mennonite World Conference","isPartOf":{"@id":"https:\/\/mwc-cmm.org\/en\/#website"},"primaryImageOfPage":{"@id":"https:\/\/mwc-cmm.org\/es\/stories\/conozca-su-comite-ejecutivo\/#primaryimage"},"image":{"@id":"https:\/\/mwc-cmm.org\/es\/stories\/conozca-su-comite-ejecutivo\/#primaryimage"},"thumbnailUrl":"https:\/\/mwc-cmm.org\/wp-content\/uploads\/2024\/11\/mwc_logo_featured_image.png","datePublished":"2022-08-10T00:00:00+00:00","dateModified":"2024-12-10T18:04:45+00:00","breadcrumb":{"@id":"https:\/\/mwc-cmm.org\/es\/stories\/conozca-su-comite-ejecutivo\/#breadcrumb"},"inLanguage":"es","potentialAction":[{"@type":"ReadAction","target":["https:\/\/mwc-cmm.org\/es\/stories\/conozca-su-comite-ejecutivo\/"]}]},{"@type":"ImageObject","inLanguage":"es","@id":"https:\/\/mwc-cmm.org\/es\/stories\/conozca-su-comite-ejecutivo\/#primaryimage","url":"https:\/\/mwc-cmm.org\/wp-content\/uploads\/2024\/11\/mwc_logo_featured_image.png","contentUrl":"https:\/\/mwc-cmm.org\/wp-content\/uploads\/2024\/11\/mwc_logo_featured_image.png","width":840,"height":630},{"@type":"BreadcrumbList","@id":"https:\/\/mwc-cmm.org\/es\/stories\/conozca-su-comite-ejecutivo\/#breadcrumb","itemListElement":[{"@type":"ListItem","position":1,"name":"Home","item":"https:\/\/mwc-cmm.org\/es\/"},{"@type":"ListItem","position":2,"name":"Conozca su Comit\u00e9 Ejecutivo"}]},{"@type":"WebSite","@id":"https:\/\/mwc-cmm.org\/en\/#website","url":"https:\/\/mwc-cmm.org\/en\/","name":"Mennonite World Conference","description":"A communion of Anabaptist-related churches","publisher":{"@id":"https:\/\/mwc-cmm.org\/en\/#organization"},"alternateName":"MWC","potentialAction":[{"@type":"SearchAction","target":{"@type":"EntryPoint","urlTemplate":"https:\/\/mwc-cmm.org\/en\/?s={search_term_string}"},"query-input":{"@type":"PropertyValueSpecification","valueRequired":true,"valueName":"search_term_string"}}],"inLanguage":"es"},{"@type":"Organization","@id":"https:\/\/mwc-cmm.org\/en\/#organization","name":"Mennonite World Conference","alternateName":"MWC","url":"https:\/\/mwc-cmm.org\/en\/","logo":{"@type":"ImageObject","inLanguage":"es","@id":"https:\/\/mwc-cmm.org\/en\/#\/schema\/logo\/image\/","url":"https:\/\/mwc-cmm.org\/wp-content\/uploads\/2026\/01\/MWC_Sig_Blue_Horiz_webheader1-logo.svg","contentUrl":"https:\/\/mwc-cmm.org\/wp-content\/uploads\/2026\/01\/MWC_Sig_Blue_Horiz_webheader1-logo.svg","width":786,"height":82,"caption":"Mennonite World Conference"},"image":{"@id":"https:\/\/mwc-cmm.org\/en\/#\/schema\/logo\/image\/"},"sameAs":["https:\/\/www.facebook.com\/MennoniteWorldConference","https:\/\/www.linkedin.com\/company\/mennonite-world-conference-mwc\/","https:\/\/www.instagram.com\/mwcmm\/","https:\/\/www.youtube.com\/user\/mwccmm","https:\/\/bsky.app\/profile\/mwcmm.bsky.social"]},{"@type":"Person","@id":"https:\/\/mwc-cmm.org\/en\/#\/schema\/person\/11f6ae0d7d1868ba20a1cc27f067c836","name":"mennworldcon","image":{"@type":"ImageObject","inLanguage":"es","@id":"https:\/\/secure.gravatar.com\/avatar\/06fdc0dc81c157dfdb82ec42f252178a22307808988d22c043f9eb96f1e0fe80?s=96&d=mm&r=g","url":"https:\/\/secure.gravatar.com\/avatar\/06fdc0dc81c157dfdb82ec42f252178a22307808988d22c043f9eb96f1e0fe80?s=96&d=mm&r=g","contentUrl":"https:\/\/secure.gravatar.com\/avatar\/06fdc0dc81c157dfdb82ec42f252178a22307808988d22c043f9eb96f1e0fe80?s=96&d=mm&r=g","caption":"mennworldcon"},"sameAs":["https:\/\/mwc-cmm.org"],"url":"https:\/\/mwc-cmm.org\/es\/stories\/author\/mennworldcon\/"}]}},"_links":{"self":[{"href":"https:\/\/mwc-cmm.org\/es\/wp-json\/wp\/v2\/posts\/9245","targetHints":{"allow":["GET"]}}],"collection":[{"href":"https:\/\/mwc-cmm.org\/es\/wp-json\/wp\/v2\/posts"}],"about":[{"href":"https:\/\/mwc-cmm.org\/es\/wp-json\/wp\/v2\/types\/post"}],"author":[{"embeddable":true,"href":"https:\/\/mwc-cmm.org\/es\/wp-json\/wp\/v2\/users\/1"}],"replies":[{"embeddable":true,"href":"https:\/\/mwc-cmm.org\/es\/wp-json\/wp\/v2\/comments?post=9245"}],"version-history":[{"count":0,"href":"https:\/\/mwc-cmm.org\/es\/wp-json\/wp\/v2\/posts\/9245\/revisions"}],"wp:featuredmedia":[{"embeddable":true,"href":"https:\/\/mwc-cmm.org\/es\/wp-json\/wp\/v2\/media\/94741"}],"wp:attachment":[{"href":"https:\/\/mwc-cmm.org\/es\/wp-json\/wp\/v2\/media?parent=9245"}],"wp:term":[{"taxonomy":"category","embeddable":true,"href":"https:\/\/mwc-cmm.org\/es\/wp-json\/wp\/v2\/categories?post=9245"},{"taxonomy":"post_tag","embeddable":true,"href":"https:\/\/mwc-cmm.org\/es\/wp-json\/wp\/v2\/tags?post=9245"},{"taxonomy":"network","embeddable":true,"href":"https:\/\/mwc-cmm.org\/es\/wp-json\/wp\/v2\/network?post=9245"},{"taxonomy":"eventcategory","embeddable":true,"href":"https:\/\/mwc-cmm.org\/es\/wp-json\/wp\/v2\/eventcategory?post=9245"}],"curies":[{"name":"wp","href":"https:\/\/api.w.org\/{rel}","templated":true}]}}