{"id":9230,"date":"2022-07-05T00:00:00","date_gmt":"2022-07-05T00:00:00","guid":{"rendered":"https:\/\/mwc-cmm.org\/masks-on-assembly-begins-2\/"},"modified":"2024-12-10T18:04:39","modified_gmt":"2024-12-10T18:04:39","slug":"mascarillas-puestas-comienza-la-asamblea","status":"publish","type":"post","link":"https:\/\/mwc-cmm.org\/es\/stories\/mascarillas-puestas-comienza-la-asamblea\/","title":{"rendered":"Mascarillas puestas: \u00a1Comienza la Asamblea!"},"content":{"rendered":"<p>La Asamblea en Indonesia 2022 est\u00e1 a punto de comenzar el 5 de julio del 2022 con estrictos protocolos de salud establecidos, seg\u00fan lo dispuesto por la autoridad sanitaria local.<\/p>\n<p>\u201cSeg\u00fan los protocolos gubernamentales, exigimos el uso de cubre bocas en todos los espacios interiores y espacios al aire libre muy concurridos. Los asientos est\u00e1n colocados como para mantener el distanciamiento social y se verifica el cumplimiento del uso de cubre bocas en las entradas y durante todo el evento\u201d, dice Agus Setianto, coordinador nacional de la Asamblea.<\/p>\n<p>\u201cDado que ya no se requieren pruebas para la mayor\u00eda de los viajes a\u00e9reos, hemos implementado nuestro propio r\u00e9gimen de detecci\u00f3n de modo a hacer todo lo que est\u00e9 a nuestro alcance para que la Asamblea sea lo m\u00e1s segura posible para todas las personas\u201d, dice Agus Setianto.<\/p>\n<p>A partir del 30 de junio del 2022, todas las personas delegadas\/participantes, que lleguen desde Semarang ser\u00e1n evaluadas antes de abordar el autob\u00fas a Salatiga. Una vez en Salatiga, las pruebas est\u00e1n disponibles para cualquier persona. Si se encuentran casos positivos, ser\u00e1n aisladas.<\/p>\n<p>\u201cEntre el 30 de junio y el 4 de julio del 2022, hemos administramos m\u00e1s de 1000 pruebas\u201d, dice Sarah Yetty, coordinadora nacional de la Asamblea.<\/p>\n<p>\u201cEn este momento sin precedentes, es inevitable encontrar algunos casos positivos. Contamos con un protocolo para la contenci\u00f3n y se requerir\u00e1n dos d\u00edas de pruebas de ant\u00edgeno negativas antes de que una persona pueda salir de su aislamiento\u201d, dice Liesa Unger, directora de eventos internacionales del CMM.<\/p>\n<p>\u201cLas pruebas son un poco inc\u00f3modas, y la cuarentena lo es a\u00fan m\u00e1s. Pero todas las personas est\u00e1n cooperando, fortaleci\u00e9ndose unas a otras a trav\u00e9s de oraciones y llamadas, entregando alimentos y medicinas. En esta Asamblea tenemos muchas barreras que cruzar: estamos experimentando la comuni\u00f3n de diferentes maneras. Estamos agradecidos por la resiliencia de nuestra comunidad, las personas anfitrionas indonesias y las personas participantes internacionales\u201d, dice J. Nelson Kraybill, presidente del CMM (2015-2022).<\/p>\n<p>\u201cCreo que lo que estamos haciendo en la Asamblea es un gran ejemplo de amar a nuestro semejante, como se establece en Filipenses 2:3-4\u201d, dice J. Nelson Kraybill.<\/p>\n","protected":false},"excerpt":{"rendered":"<p>La Asamblea en Indonesia 2022 est\u00e1 a punto de comenzar el 5 de julio del 2022 con estrictos protocolos de salud establecidos, seg\u00fan lo dispuesto por la autoridad sanitaria local. \u201cSeg\u00fan los protocolos gubernamentales, exigimos el uso de cubre bocas en todos los espacios interiores y espacios al aire libre muy concurridos. Los asientos est\u00e1n [&hellip;]<\/p>\n","protected":false},"author":1,"featured_media":95201,"comment_status":"closed","ping_status":"closed","sticky":false,"template":"","format":"standard","meta":{"_acf_changed":false,"footnotes":""},"categories":[6],"tags":[499,931],"network":[],"eventcategory":[1493],"class_list":["post-9230","post","type-post","status-publish","format-standard","has-post-thumbnail","hentry","category-sin-categorizar","tag-asamblea","tag-indonesia-2022-es","eventcategory-assembly-es"],"acf":[],"yoast_head":"<!-- This site is optimized with the Yoast SEO plugin v27.5 - https:\/\/yoast.com\/product\/yoast-seo-wordpress\/ -->\n<title>Mascarillas puestas: \u00a1Comienza la Asamblea! - Mennonite World Conference<\/title>\n<meta name=\"robots\" content=\"index, follow, max-snippet:-1, max-image-preview:large, max-video-preview:-1\" \/>\n<link rel=\"canonical\" href=\"https:\/\/mwc-cmm.org\/en\/stories\/masks-assembly-begins\/\" \/>\n<meta property=\"og:locale\" content=\"es_ES\" \/>\n<meta property=\"og:type\" content=\"article\" \/>\n<meta property=\"og:title\" content=\"Mascarillas puestas: \u00a1Comienza la Asamblea! - Mennonite World Conference\" \/>\n<meta property=\"og:description\" content=\"La Asamblea en Indonesia 2022 est\u00e1 a punto de comenzar el 5 de julio del 2022 con estrictos protocolos de salud establecidos, seg\u00fan lo dispuesto por la autoridad sanitaria local. \u201cSeg\u00fan los protocolos gubernamentales, exigimos el uso de cubre bocas en todos los espacios interiores y espacios al aire libre muy concurridos. Los asientos est\u00e1n [&hellip;]\" \/>\n<meta property=\"og:url\" content=\"https:\/\/mwc-cmm.org\/en\/stories\/masks-assembly-begins\/\" \/>\n<meta property=\"og:site_name\" content=\"Mennonite World Conference\" \/>\n<meta property=\"article:publisher\" content=\"https:\/\/www.facebook.com\/MennoniteWorldConference\" \/>\n<meta property=\"article:published_time\" content=\"2022-07-05T00:00:00+00:00\" \/>\n<meta property=\"article:modified_time\" content=\"2024-12-10T18:04:39+00:00\" \/>\n<meta property=\"og:image\" content=\"https:\/\/mwc-cmm.org\/wp-content\/uploads\/2024\/11\/2022-assembly-maskson.jpeg\" \/>\n\t<meta property=\"og:image:width\" content=\"1600\" \/>\n\t<meta property=\"og:image:height\" content=\"1200\" \/>\n\t<meta property=\"og:image:type\" content=\"image\/jpeg\" \/>\n<meta name=\"author\" content=\"mennworldcon\" \/>\n<script type=\"application\/ld+json\" class=\"yoast-schema-graph\">{\"@context\":\"https:\\\/\\\/schema.org\",\"@graph\":[{\"@type\":\"Article\",\"@id\":\"https:\\\/\\\/mwc-cmm.org\\\/en\\\/stories\\\/masks-assembly-begins\\\/#article\",\"isPartOf\":{\"@id\":\"https:\\\/\\\/mwc-cmm.org\\\/en\\\/stories\\\/masks-assembly-begins\\\/\"},\"author\":{\"name\":\"mennworldcon\",\"@id\":\"https:\\\/\\\/mwc-cmm.org\\\/en\\\/#\\\/schema\\\/person\\\/11f6ae0d7d1868ba20a1cc27f067c836\"},\"headline\":\"Mascarillas puestas: \u00a1Comienza la Asamblea!\",\"datePublished\":\"2022-07-05T00:00:00+00:00\",\"dateModified\":\"2024-12-10T18:04:39+00:00\",\"mainEntityOfPage\":{\"@id\":\"https:\\\/\\\/mwc-cmm.org\\\/en\\\/stories\\\/masks-assembly-begins\\\/\"},\"wordCount\":374,\"publisher\":{\"@id\":\"https:\\\/\\\/mwc-cmm.org\\\/en\\\/#organization\"},\"image\":{\"@id\":\"https:\\\/\\\/mwc-cmm.org\\\/en\\\/stories\\\/masks-assembly-begins\\\/#primaryimage\"},\"thumbnailUrl\":\"https:\\\/\\\/mwc-cmm.org\\\/wp-content\\\/uploads\\\/2024\\\/11\\\/2022-assembly-maskson.jpeg\",\"keywords\":[\"Asamblea\",\"Indonesia 2022\"],\"articleSection\":[\"Sin categorizar\"],\"inLanguage\":\"es\"},{\"@type\":\"WebPage\",\"@id\":\"https:\\\/\\\/mwc-cmm.org\\\/en\\\/stories\\\/masks-assembly-begins\\\/\",\"url\":\"https:\\\/\\\/mwc-cmm.org\\\/en\\\/stories\\\/masks-assembly-begins\\\/\",\"name\":\"Mascarillas puestas: \u00a1Comienza la Asamblea! - Mennonite World Conference\",\"isPartOf\":{\"@id\":\"https:\\\/\\\/mwc-cmm.org\\\/en\\\/#website\"},\"primaryImageOfPage\":{\"@id\":\"https:\\\/\\\/mwc-cmm.org\\\/en\\\/stories\\\/masks-assembly-begins\\\/#primaryimage\"},\"image\":{\"@id\":\"https:\\\/\\\/mwc-cmm.org\\\/en\\\/stories\\\/masks-assembly-begins\\\/#primaryimage\"},\"thumbnailUrl\":\"https:\\\/\\\/mwc-cmm.org\\\/wp-content\\\/uploads\\\/2024\\\/11\\\/2022-assembly-maskson.jpeg\",\"datePublished\":\"2022-07-05T00:00:00+00:00\",\"dateModified\":\"2024-12-10T18:04:39+00:00\",\"breadcrumb\":{\"@id\":\"https:\\\/\\\/mwc-cmm.org\\\/en\\\/stories\\\/masks-assembly-begins\\\/#breadcrumb\"},\"inLanguage\":\"es\",\"potentialAction\":[{\"@type\":\"ReadAction\",\"target\":[\"https:\\\/\\\/mwc-cmm.org\\\/en\\\/stories\\\/masks-assembly-begins\\\/\"]}]},{\"@type\":\"ImageObject\",\"inLanguage\":\"es\",\"@id\":\"https:\\\/\\\/mwc-cmm.org\\\/en\\\/stories\\\/masks-assembly-begins\\\/#primaryimage\",\"url\":\"https:\\\/\\\/mwc-cmm.org\\\/wp-content\\\/uploads\\\/2024\\\/11\\\/2022-assembly-maskson.jpeg\",\"contentUrl\":\"https:\\\/\\\/mwc-cmm.org\\\/wp-content\\\/uploads\\\/2024\\\/11\\\/2022-assembly-maskson.jpeg\",\"width\":1600,\"height\":1200},{\"@type\":\"BreadcrumbList\",\"@id\":\"https:\\\/\\\/mwc-cmm.org\\\/en\\\/stories\\\/masks-assembly-begins\\\/#breadcrumb\",\"itemListElement\":[{\"@type\":\"ListItem\",\"position\":1,\"name\":\"Home\",\"item\":\"https:\\\/\\\/mwc-cmm.org\\\/es\\\/\"},{\"@type\":\"ListItem\",\"position\":2,\"name\":\"Mascarillas puestas: \u00a1Comienza la Asamblea!\"}]},{\"@type\":\"WebSite\",\"@id\":\"https:\\\/\\\/mwc-cmm.org\\\/en\\\/#website\",\"url\":\"https:\\\/\\\/mwc-cmm.org\\\/en\\\/\",\"name\":\"Mennonite World Conference\",\"description\":\"A communion of Anabaptist-related churches\",\"publisher\":{\"@id\":\"https:\\\/\\\/mwc-cmm.org\\\/en\\\/#organization\"},\"alternateName\":\"MWC\",\"potentialAction\":[{\"@type\":\"SearchAction\",\"target\":{\"@type\":\"EntryPoint\",\"urlTemplate\":\"https:\\\/\\\/mwc-cmm.org\\\/en\\\/?s={search_term_string}\"},\"query-input\":{\"@type\":\"PropertyValueSpecification\",\"valueRequired\":true,\"valueName\":\"search_term_string\"}}],\"inLanguage\":\"es\"},{\"@type\":\"Organization\",\"@id\":\"https:\\\/\\\/mwc-cmm.org\\\/en\\\/#organization\",\"name\":\"Mennonite World Conference\",\"alternateName\":\"MWC\",\"url\":\"https:\\\/\\\/mwc-cmm.org\\\/en\\\/\",\"logo\":{\"@type\":\"ImageObject\",\"inLanguage\":\"es\",\"@id\":\"https:\\\/\\\/mwc-cmm.org\\\/en\\\/#\\\/schema\\\/logo\\\/image\\\/\",\"url\":\"https:\\\/\\\/mwc-cmm.org\\\/wp-content\\\/uploads\\\/2026\\\/01\\\/MWC_Sig_Blue_Horiz_webheader1-logo.svg\",\"contentUrl\":\"https:\\\/\\\/mwc-cmm.org\\\/wp-content\\\/uploads\\\/2026\\\/01\\\/MWC_Sig_Blue_Horiz_webheader1-logo.svg\",\"width\":786,\"height\":82,\"caption\":\"Mennonite World Conference\"},\"image\":{\"@id\":\"https:\\\/\\\/mwc-cmm.org\\\/en\\\/#\\\/schema\\\/logo\\\/image\\\/\"},\"sameAs\":[\"https:\\\/\\\/www.facebook.com\\\/MennoniteWorldConference\",\"https:\\\/\\\/www.linkedin.com\\\/company\\\/mennonite-world-conference-mwc\\\/\",\"https:\\\/\\\/www.instagram.com\\\/mwcmm\\\/\",\"https:\\\/\\\/www.youtube.com\\\/user\\\/mwccmm\",\"https:\\\/\\\/bsky.app\\\/profile\\\/mwcmm.bsky.social\"]},{\"@type\":\"Person\",\"@id\":\"https:\\\/\\\/mwc-cmm.org\\\/en\\\/#\\\/schema\\\/person\\\/11f6ae0d7d1868ba20a1cc27f067c836\",\"name\":\"mennworldcon\",\"image\":{\"@type\":\"ImageObject\",\"inLanguage\":\"es\",\"@id\":\"https:\\\/\\\/secure.gravatar.com\\\/avatar\\\/06fdc0dc81c157dfdb82ec42f252178a22307808988d22c043f9eb96f1e0fe80?s=96&d=mm&r=g\",\"url\":\"https:\\\/\\\/secure.gravatar.com\\\/avatar\\\/06fdc0dc81c157dfdb82ec42f252178a22307808988d22c043f9eb96f1e0fe80?s=96&d=mm&r=g\",\"contentUrl\":\"https:\\\/\\\/secure.gravatar.com\\\/avatar\\\/06fdc0dc81c157dfdb82ec42f252178a22307808988d22c043f9eb96f1e0fe80?s=96&d=mm&r=g\",\"caption\":\"mennworldcon\"},\"sameAs\":[\"https:\\\/\\\/mwc-cmm.org\"],\"url\":\"https:\\\/\\\/mwc-cmm.org\\\/es\\\/stories\\\/author\\\/mennworldcon\\\/\"}]}<\/script>\n<!-- \/ Yoast SEO plugin. -->","yoast_head_json":{"title":"Mascarillas puestas: \u00a1Comienza la Asamblea! - Mennonite World Conference","robots":{"index":"index","follow":"follow","max-snippet":"max-snippet:-1","max-image-preview":"max-image-preview:large","max-video-preview":"max-video-preview:-1"},"canonical":"https:\/\/mwc-cmm.org\/en\/stories\/masks-assembly-begins\/","og_locale":"es_ES","og_type":"article","og_title":"Mascarillas puestas: \u00a1Comienza la Asamblea! - Mennonite World Conference","og_description":"La Asamblea en Indonesia 2022 est\u00e1 a punto de comenzar el 5 de julio del 2022 con estrictos protocolos de salud establecidos, seg\u00fan lo dispuesto por la autoridad sanitaria local. \u201cSeg\u00fan los protocolos gubernamentales, exigimos el uso de cubre bocas en todos los espacios interiores y espacios al aire libre muy concurridos. Los asientos est\u00e1n [&hellip;]","og_url":"https:\/\/mwc-cmm.org\/en\/stories\/masks-assembly-begins\/","og_site_name":"Mennonite World Conference","article_publisher":"https:\/\/www.facebook.com\/MennoniteWorldConference","article_published_time":"2022-07-05T00:00:00+00:00","article_modified_time":"2024-12-10T18:04:39+00:00","og_image":[{"width":1600,"height":1200,"url":"https:\/\/mwc-cmm.org\/wp-content\/uploads\/2024\/11\/2022-assembly-maskson.jpeg","type":"image\/jpeg"}],"author":"mennworldcon","schema":{"@context":"https:\/\/schema.org","@graph":[{"@type":"Article","@id":"https:\/\/mwc-cmm.org\/en\/stories\/masks-assembly-begins\/#article","isPartOf":{"@id":"https:\/\/mwc-cmm.org\/en\/stories\/masks-assembly-begins\/"},"author":{"name":"mennworldcon","@id":"https:\/\/mwc-cmm.org\/en\/#\/schema\/person\/11f6ae0d7d1868ba20a1cc27f067c836"},"headline":"Mascarillas puestas: \u00a1Comienza la Asamblea!","datePublished":"2022-07-05T00:00:00+00:00","dateModified":"2024-12-10T18:04:39+00:00","mainEntityOfPage":{"@id":"https:\/\/mwc-cmm.org\/en\/stories\/masks-assembly-begins\/"},"wordCount":374,"publisher":{"@id":"https:\/\/mwc-cmm.org\/en\/#organization"},"image":{"@id":"https:\/\/mwc-cmm.org\/en\/stories\/masks-assembly-begins\/#primaryimage"},"thumbnailUrl":"https:\/\/mwc-cmm.org\/wp-content\/uploads\/2024\/11\/2022-assembly-maskson.jpeg","keywords":["Asamblea","Indonesia 2022"],"articleSection":["Sin categorizar"],"inLanguage":"es"},{"@type":"WebPage","@id":"https:\/\/mwc-cmm.org\/en\/stories\/masks-assembly-begins\/","url":"https:\/\/mwc-cmm.org\/en\/stories\/masks-assembly-begins\/","name":"Mascarillas puestas: \u00a1Comienza la Asamblea! - Mennonite World Conference","isPartOf":{"@id":"https:\/\/mwc-cmm.org\/en\/#website"},"primaryImageOfPage":{"@id":"https:\/\/mwc-cmm.org\/en\/stories\/masks-assembly-begins\/#primaryimage"},"image":{"@id":"https:\/\/mwc-cmm.org\/en\/stories\/masks-assembly-begins\/#primaryimage"},"thumbnailUrl":"https:\/\/mwc-cmm.org\/wp-content\/uploads\/2024\/11\/2022-assembly-maskson.jpeg","datePublished":"2022-07-05T00:00:00+00:00","dateModified":"2024-12-10T18:04:39+00:00","breadcrumb":{"@id":"https:\/\/mwc-cmm.org\/en\/stories\/masks-assembly-begins\/#breadcrumb"},"inLanguage":"es","potentialAction":[{"@type":"ReadAction","target":["https:\/\/mwc-cmm.org\/en\/stories\/masks-assembly-begins\/"]}]},{"@type":"ImageObject","inLanguage":"es","@id":"https:\/\/mwc-cmm.org\/en\/stories\/masks-assembly-begins\/#primaryimage","url":"https:\/\/mwc-cmm.org\/wp-content\/uploads\/2024\/11\/2022-assembly-maskson.jpeg","contentUrl":"https:\/\/mwc-cmm.org\/wp-content\/uploads\/2024\/11\/2022-assembly-maskson.jpeg","width":1600,"height":1200},{"@type":"BreadcrumbList","@id":"https:\/\/mwc-cmm.org\/en\/stories\/masks-assembly-begins\/#breadcrumb","itemListElement":[{"@type":"ListItem","position":1,"name":"Home","item":"https:\/\/mwc-cmm.org\/es\/"},{"@type":"ListItem","position":2,"name":"Mascarillas puestas: \u00a1Comienza la Asamblea!"}]},{"@type":"WebSite","@id":"https:\/\/mwc-cmm.org\/en\/#website","url":"https:\/\/mwc-cmm.org\/en\/","name":"Mennonite World Conference","description":"A communion of Anabaptist-related churches","publisher":{"@id":"https:\/\/mwc-cmm.org\/en\/#organization"},"alternateName":"MWC","potentialAction":[{"@type":"SearchAction","target":{"@type":"EntryPoint","urlTemplate":"https:\/\/mwc-cmm.org\/en\/?s={search_term_string}"},"query-input":{"@type":"PropertyValueSpecification","valueRequired":true,"valueName":"search_term_string"}}],"inLanguage":"es"},{"@type":"Organization","@id":"https:\/\/mwc-cmm.org\/en\/#organization","name":"Mennonite World Conference","alternateName":"MWC","url":"https:\/\/mwc-cmm.org\/en\/","logo":{"@type":"ImageObject","inLanguage":"es","@id":"https:\/\/mwc-cmm.org\/en\/#\/schema\/logo\/image\/","url":"https:\/\/mwc-cmm.org\/wp-content\/uploads\/2026\/01\/MWC_Sig_Blue_Horiz_webheader1-logo.svg","contentUrl":"https:\/\/mwc-cmm.org\/wp-content\/uploads\/2026\/01\/MWC_Sig_Blue_Horiz_webheader1-logo.svg","width":786,"height":82,"caption":"Mennonite World Conference"},"image":{"@id":"https:\/\/mwc-cmm.org\/en\/#\/schema\/logo\/image\/"},"sameAs":["https:\/\/www.facebook.com\/MennoniteWorldConference","https:\/\/www.linkedin.com\/company\/mennonite-world-conference-mwc\/","https:\/\/www.instagram.com\/mwcmm\/","https:\/\/www.youtube.com\/user\/mwccmm","https:\/\/bsky.app\/profile\/mwcmm.bsky.social"]},{"@type":"Person","@id":"https:\/\/mwc-cmm.org\/en\/#\/schema\/person\/11f6ae0d7d1868ba20a1cc27f067c836","name":"mennworldcon","image":{"@type":"ImageObject","inLanguage":"es","@id":"https:\/\/secure.gravatar.com\/avatar\/06fdc0dc81c157dfdb82ec42f252178a22307808988d22c043f9eb96f1e0fe80?s=96&d=mm&r=g","url":"https:\/\/secure.gravatar.com\/avatar\/06fdc0dc81c157dfdb82ec42f252178a22307808988d22c043f9eb96f1e0fe80?s=96&d=mm&r=g","contentUrl":"https:\/\/secure.gravatar.com\/avatar\/06fdc0dc81c157dfdb82ec42f252178a22307808988d22c043f9eb96f1e0fe80?s=96&d=mm&r=g","caption":"mennworldcon"},"sameAs":["https:\/\/mwc-cmm.org"],"url":"https:\/\/mwc-cmm.org\/es\/stories\/author\/mennworldcon\/"}]}},"_links":{"self":[{"href":"https:\/\/mwc-cmm.org\/es\/wp-json\/wp\/v2\/posts\/9230","targetHints":{"allow":["GET"]}}],"collection":[{"href":"https:\/\/mwc-cmm.org\/es\/wp-json\/wp\/v2\/posts"}],"about":[{"href":"https:\/\/mwc-cmm.org\/es\/wp-json\/wp\/v2\/types\/post"}],"author":[{"embeddable":true,"href":"https:\/\/mwc-cmm.org\/es\/wp-json\/wp\/v2\/users\/1"}],"replies":[{"embeddable":true,"href":"https:\/\/mwc-cmm.org\/es\/wp-json\/wp\/v2\/comments?post=9230"}],"version-history":[{"count":0,"href":"https:\/\/mwc-cmm.org\/es\/wp-json\/wp\/v2\/posts\/9230\/revisions"}],"wp:featuredmedia":[{"embeddable":true,"href":"https:\/\/mwc-cmm.org\/es\/wp-json\/wp\/v2\/media\/95201"}],"wp:attachment":[{"href":"https:\/\/mwc-cmm.org\/es\/wp-json\/wp\/v2\/media?parent=9230"}],"wp:term":[{"taxonomy":"category","embeddable":true,"href":"https:\/\/mwc-cmm.org\/es\/wp-json\/wp\/v2\/categories?post=9230"},{"taxonomy":"post_tag","embeddable":true,"href":"https:\/\/mwc-cmm.org\/es\/wp-json\/wp\/v2\/tags?post=9230"},{"taxonomy":"network","embeddable":true,"href":"https:\/\/mwc-cmm.org\/es\/wp-json\/wp\/v2\/network?post=9230"},{"taxonomy":"eventcategory","embeddable":true,"href":"https:\/\/mwc-cmm.org\/es\/wp-json\/wp\/v2\/eventcategory?post=9230"}],"curies":[{"name":"wp","href":"https:\/\/api.w.org\/{rel}","templated":true}]}}