{"id":9227,"date":"2022-06-22T00:00:00","date_gmt":"2022-06-22T00:00:00","guid":{"rendered":"https:\/\/mwc-cmm.org\/gapn-webinar-do-i-stay-or-do-i-go-june-27-29-2022-2\/"},"modified":"2024-12-10T18:04:38","modified_gmt":"2024-12-10T18:04:38","slug":"seminario-web-de-la-gapn-me-quedo-o-me-voy-27-29-junio-2022","status":"publish","type":"post","link":"https:\/\/mwc-cmm.org\/es\/stories\/seminario-web-de-la-gapn-me-quedo-o-me-voy-27-29-junio-2022\/","title":{"rendered":"Seminario web de la GAPN: \u00ab\u00bfMe quedo o me voy?\u00bb. 27-29 junio, 2022"},"content":{"rendered":"<p>Amigos y amigas,<\/p>\n<p>Nos gustar\u00eda invitarles a formar parte de nuestra pr\u00f3xima reuni\u00f3n en l\u00ednea de la Red Global Anabautista de Paz (GAPN) del 27 al 29 de junio de 2022. Estamos deseando reunirnos con ustedes. En cada uno de estos d\u00edas, estamos planeando encontrarnos durante 3 horas, comenzando a las 8.00 (Winnipeg\/Bogot\u00e1), 9.00 (Harrisonburg\/La Paz), 15.00 (Johannesburgo\/Berl\u00edn), 20.00 (Jakarta\/Bangkok).<br \/>\n&nbsp;<br \/>\nEl tema de nuestro encuentro de GAPN ser\u00e1 \u00ab\u00bfMe quedo o me voy?\u00bb. Este tema se inspira en las palabras de muchos en contextos de guerra que luchan con el dilema de quedarse o abandonar sus hogares. Cada decisi\u00f3n, por dif\u00edcil que sea, encierra la integridad de aferrarse a la vida y a las relaciones. Muchas personas y comunidades se enfrentan a situaciones de conflicto y violencia que requieren una dif\u00edcil toma de decisiones.<br \/>\n&nbsp;<br \/>\nNuestro encuentro incluir\u00e1: (1) espacios para presentarnos y conocernos; (2) contribuciones de diferentes ponentes invitados, incluyendo a Isaac Villegas y Erica Littlewolf (Norte Am\u00e9rica) y Lakan Sumulong y Tala Alngag Bautista (Filipinas), que explorar\u00e1n este tema, centr\u00e1ndose en los retos y oportunidades que identifican en su propio contexto; (3) espacios para conversaciones de grupo; (4) tiempos devocionales que incluir\u00e1n peticiones de oraci\u00f3n. La organizaci\u00f3n de un encuentro virtual plantea algunos desaf\u00edos, entre ellos las diferencias de zonas horarias y la exposici\u00f3n y energ\u00eda necesarias para mantenerse en sinton\u00eda durante las distintas sesiones. Por eso hemos decidido combinar segmentos en los cuales estaremos en l\u00ednea(\u201conline\u201d) y en los que no estaremos en l\u00ednea (\u201coffline\u201d), lo que nos ayudar\u00e1 a tener presentaciones m\u00e1s detalladas y a que haya m\u00e1s oportunidades y alternativas de intercambiar, aprender mutuamente y dialogar. Pronto se enviar\u00e1 informaci\u00f3n m\u00e1s detallada.<br \/>\n&nbsp;<br \/>\nTanto el 27 como el 28 de junio se centrar\u00e1n en la exploraci\u00f3n de nuestro tema. El 29 de junio se centrar\u00e1 principalmente en el discernimiento y la toma de decisiones sobre la consolidaci\u00f3n y los pr\u00f3ximos pasos de la GAPN. Hemos propuesto este cronograma pensando en abrir la invitaci\u00f3n a diferentes personas y organizaciones interesadas en unirse a las conversaciones de los dos primeros d\u00edas pero que a\u00fan no sean miembros de la GAPN, mientras que el tercer d\u00eda ser\u00e1 para los miembros de la GAPN. Les animamos a que inviten a sus colegas a unirse a nosotras y nosotros los dos primeros d\u00edas.<br \/>\n&nbsp;<br \/>\nPara m\u00e1s informaci\u00f3n y para inscribirse, env\u00ede un correo electr\u00f3nico a AndresPachecoLozano@mwc-cmm.org<\/p>\n","protected":false},"excerpt":{"rendered":"<p>Amigos y amigas, Nos gustar\u00eda invitarles a formar parte de nuestra pr\u00f3xima reuni\u00f3n en l\u00ednea de la Red Global Anabautista de Paz (GAPN) del 27 al 29 de junio de 2022. Estamos deseando reunirnos con ustedes. En cada uno de estos d\u00edas, estamos planeando encontrarnos durante 3 horas, comenzando a las 8.00 (Winnipeg\/Bogot\u00e1), 9.00 (Harrisonburg\/La [&hellip;]<\/p>\n","protected":false},"author":1,"featured_media":91170,"comment_status":"closed","ping_status":"closed","sticky":false,"template":"","format":"standard","meta":{"_acf_changed":false,"footnotes":""},"categories":[6],"tags":[],"network":[1267],"eventcategory":[],"class_list":["post-9227","post","type-post","status-publish","format-standard","has-post-thumbnail","hentry","category-sin-categorizar","network-global-anabaptist-peace-network-es"],"acf":[],"yoast_head":"<!-- This site is optimized with the Yoast SEO plugin v27.5 - https:\/\/yoast.com\/product\/yoast-seo-wordpress\/ -->\n<title>Seminario web de la GAPN: &quot;\u00bfMe quedo o me voy?&quot;. 27-29 junio, 2022 - Mennonite World Conference<\/title>\n<meta name=\"robots\" content=\"index, follow, max-snippet:-1, max-image-preview:large, max-video-preview:-1\" \/>\n<link rel=\"canonical\" href=\"https:\/\/mwc-cmm.org\/en\/stories\/gapn-webinar-do-i-stay-or-do-i-go-june-27-29-2022\/\" \/>\n<meta property=\"og:locale\" content=\"es_ES\" \/>\n<meta property=\"og:type\" content=\"article\" \/>\n<meta property=\"og:title\" content=\"Seminario web de la GAPN: &quot;\u00bfMe quedo o me voy?&quot;. 27-29 junio, 2022 - Mennonite World Conference\" \/>\n<meta property=\"og:description\" content=\"Amigos y amigas, Nos gustar\u00eda invitarles a formar parte de nuestra pr\u00f3xima reuni\u00f3n en l\u00ednea de la Red Global Anabautista de Paz (GAPN) del 27 al 29 de junio de 2022. Estamos deseando reunirnos con ustedes. En cada uno de estos d\u00edas, estamos planeando encontrarnos durante 3 horas, comenzando a las 8.00 (Winnipeg\/Bogot\u00e1), 9.00 (Harrisonburg\/La [&hellip;]\" \/>\n<meta property=\"og:url\" content=\"https:\/\/mwc-cmm.org\/en\/stories\/gapn-webinar-do-i-stay-or-do-i-go-june-27-29-2022\/\" \/>\n<meta property=\"og:site_name\" content=\"Mennonite World Conference\" \/>\n<meta property=\"article:publisher\" content=\"https:\/\/www.facebook.com\/MennoniteWorldConference\" \/>\n<meta property=\"article:published_time\" content=\"2022-06-22T00:00:00+00:00\" \/>\n<meta property=\"article:modified_time\" content=\"2024-12-10T18:04:38+00:00\" \/>\n<meta property=\"og:image\" content=\"https:\/\/mwc-cmm.org\/wp-content\/uploads\/2024\/11\/gapn-anisa-andrewsuderman.jpg\" \/>\n\t<meta property=\"og:image:width\" content=\"2560\" \/>\n\t<meta property=\"og:image:height\" content=\"1920\" \/>\n\t<meta property=\"og:image:type\" content=\"image\/jpeg\" \/>\n<meta name=\"author\" content=\"mennworldcon\" \/>\n<script type=\"application\/ld+json\" class=\"yoast-schema-graph\">{\"@context\":\"https:\\\/\\\/schema.org\",\"@graph\":[{\"@type\":\"Article\",\"@id\":\"https:\\\/\\\/mwc-cmm.org\\\/en\\\/stories\\\/gapn-webinar-do-i-stay-or-do-i-go-june-27-29-2022\\\/#article\",\"isPartOf\":{\"@id\":\"https:\\\/\\\/mwc-cmm.org\\\/en\\\/stories\\\/gapn-webinar-do-i-stay-or-do-i-go-june-27-29-2022\\\/\"},\"author\":{\"name\":\"mennworldcon\",\"@id\":\"https:\\\/\\\/mwc-cmm.org\\\/en\\\/#\\\/schema\\\/person\\\/11f6ae0d7d1868ba20a1cc27f067c836\"},\"headline\":\"Seminario web de la GAPN: \u00ab\u00bfMe quedo o me voy?\u00bb. 27-29 junio, 2022\",\"datePublished\":\"2022-06-22T00:00:00+00:00\",\"dateModified\":\"2024-12-10T18:04:38+00:00\",\"mainEntityOfPage\":{\"@id\":\"https:\\\/\\\/mwc-cmm.org\\\/en\\\/stories\\\/gapn-webinar-do-i-stay-or-do-i-go-june-27-29-2022\\\/\"},\"wordCount\":439,\"publisher\":{\"@id\":\"https:\\\/\\\/mwc-cmm.org\\\/en\\\/#organization\"},\"image\":{\"@id\":\"https:\\\/\\\/mwc-cmm.org\\\/en\\\/stories\\\/gapn-webinar-do-i-stay-or-do-i-go-june-27-29-2022\\\/#primaryimage\"},\"thumbnailUrl\":\"https:\\\/\\\/mwc-cmm.org\\\/wp-content\\\/uploads\\\/2024\\\/11\\\/gapn-anisa-andrewsuderman.jpg\",\"articleSection\":[\"Sin categorizar\"],\"inLanguage\":\"es\"},{\"@type\":\"WebPage\",\"@id\":\"https:\\\/\\\/mwc-cmm.org\\\/en\\\/stories\\\/gapn-webinar-do-i-stay-or-do-i-go-june-27-29-2022\\\/\",\"url\":\"https:\\\/\\\/mwc-cmm.org\\\/en\\\/stories\\\/gapn-webinar-do-i-stay-or-do-i-go-june-27-29-2022\\\/\",\"name\":\"Seminario web de la GAPN: \\\"\u00bfMe quedo o me voy?\\\". 27-29 junio, 2022 - Mennonite World Conference\",\"isPartOf\":{\"@id\":\"https:\\\/\\\/mwc-cmm.org\\\/en\\\/#website\"},\"primaryImageOfPage\":{\"@id\":\"https:\\\/\\\/mwc-cmm.org\\\/en\\\/stories\\\/gapn-webinar-do-i-stay-or-do-i-go-june-27-29-2022\\\/#primaryimage\"},\"image\":{\"@id\":\"https:\\\/\\\/mwc-cmm.org\\\/en\\\/stories\\\/gapn-webinar-do-i-stay-or-do-i-go-june-27-29-2022\\\/#primaryimage\"},\"thumbnailUrl\":\"https:\\\/\\\/mwc-cmm.org\\\/wp-content\\\/uploads\\\/2024\\\/11\\\/gapn-anisa-andrewsuderman.jpg\",\"datePublished\":\"2022-06-22T00:00:00+00:00\",\"dateModified\":\"2024-12-10T18:04:38+00:00\",\"breadcrumb\":{\"@id\":\"https:\\\/\\\/mwc-cmm.org\\\/en\\\/stories\\\/gapn-webinar-do-i-stay-or-do-i-go-june-27-29-2022\\\/#breadcrumb\"},\"inLanguage\":\"es\",\"potentialAction\":[{\"@type\":\"ReadAction\",\"target\":[\"https:\\\/\\\/mwc-cmm.org\\\/en\\\/stories\\\/gapn-webinar-do-i-stay-or-do-i-go-june-27-29-2022\\\/\"]}]},{\"@type\":\"ImageObject\",\"inLanguage\":\"es\",\"@id\":\"https:\\\/\\\/mwc-cmm.org\\\/en\\\/stories\\\/gapn-webinar-do-i-stay-or-do-i-go-june-27-29-2022\\\/#primaryimage\",\"url\":\"https:\\\/\\\/mwc-cmm.org\\\/wp-content\\\/uploads\\\/2024\\\/11\\\/gapn-anisa-andrewsuderman.jpg\",\"contentUrl\":\"https:\\\/\\\/mwc-cmm.org\\\/wp-content\\\/uploads\\\/2024\\\/11\\\/gapn-anisa-andrewsuderman.jpg\",\"width\":2560,\"height\":1920},{\"@type\":\"BreadcrumbList\",\"@id\":\"https:\\\/\\\/mwc-cmm.org\\\/en\\\/stories\\\/gapn-webinar-do-i-stay-or-do-i-go-june-27-29-2022\\\/#breadcrumb\",\"itemListElement\":[{\"@type\":\"ListItem\",\"position\":1,\"name\":\"Home\",\"item\":\"https:\\\/\\\/mwc-cmm.org\\\/es\\\/\"},{\"@type\":\"ListItem\",\"position\":2,\"name\":\"Seminario web de la GAPN: &#8220;\u00bfMe quedo o me voy?&#8221;. 27-29 junio, 2022\"}]},{\"@type\":\"WebSite\",\"@id\":\"https:\\\/\\\/mwc-cmm.org\\\/en\\\/#website\",\"url\":\"https:\\\/\\\/mwc-cmm.org\\\/en\\\/\",\"name\":\"Mennonite World Conference\",\"description\":\"A communion of Anabaptist-related churches\",\"publisher\":{\"@id\":\"https:\\\/\\\/mwc-cmm.org\\\/en\\\/#organization\"},\"alternateName\":\"MWC\",\"potentialAction\":[{\"@type\":\"SearchAction\",\"target\":{\"@type\":\"EntryPoint\",\"urlTemplate\":\"https:\\\/\\\/mwc-cmm.org\\\/en\\\/?s={search_term_string}\"},\"query-input\":{\"@type\":\"PropertyValueSpecification\",\"valueRequired\":true,\"valueName\":\"search_term_string\"}}],\"inLanguage\":\"es\"},{\"@type\":\"Organization\",\"@id\":\"https:\\\/\\\/mwc-cmm.org\\\/en\\\/#organization\",\"name\":\"Mennonite World Conference\",\"alternateName\":\"MWC\",\"url\":\"https:\\\/\\\/mwc-cmm.org\\\/en\\\/\",\"logo\":{\"@type\":\"ImageObject\",\"inLanguage\":\"es\",\"@id\":\"https:\\\/\\\/mwc-cmm.org\\\/en\\\/#\\\/schema\\\/logo\\\/image\\\/\",\"url\":\"https:\\\/\\\/mwc-cmm.org\\\/wp-content\\\/uploads\\\/2026\\\/01\\\/MWC_Sig_Blue_Horiz_webheader1-logo.svg\",\"contentUrl\":\"https:\\\/\\\/mwc-cmm.org\\\/wp-content\\\/uploads\\\/2026\\\/01\\\/MWC_Sig_Blue_Horiz_webheader1-logo.svg\",\"width\":786,\"height\":82,\"caption\":\"Mennonite World Conference\"},\"image\":{\"@id\":\"https:\\\/\\\/mwc-cmm.org\\\/en\\\/#\\\/schema\\\/logo\\\/image\\\/\"},\"sameAs\":[\"https:\\\/\\\/www.facebook.com\\\/MennoniteWorldConference\",\"https:\\\/\\\/www.linkedin.com\\\/company\\\/mennonite-world-conference-mwc\\\/\",\"https:\\\/\\\/www.instagram.com\\\/mwcmm\\\/\",\"https:\\\/\\\/www.youtube.com\\\/user\\\/mwccmm\",\"https:\\\/\\\/bsky.app\\\/profile\\\/mwcmm.bsky.social\"]},{\"@type\":\"Person\",\"@id\":\"https:\\\/\\\/mwc-cmm.org\\\/en\\\/#\\\/schema\\\/person\\\/11f6ae0d7d1868ba20a1cc27f067c836\",\"name\":\"mennworldcon\",\"image\":{\"@type\":\"ImageObject\",\"inLanguage\":\"es\",\"@id\":\"https:\\\/\\\/secure.gravatar.com\\\/avatar\\\/06fdc0dc81c157dfdb82ec42f252178a22307808988d22c043f9eb96f1e0fe80?s=96&d=mm&r=g\",\"url\":\"https:\\\/\\\/secure.gravatar.com\\\/avatar\\\/06fdc0dc81c157dfdb82ec42f252178a22307808988d22c043f9eb96f1e0fe80?s=96&d=mm&r=g\",\"contentUrl\":\"https:\\\/\\\/secure.gravatar.com\\\/avatar\\\/06fdc0dc81c157dfdb82ec42f252178a22307808988d22c043f9eb96f1e0fe80?s=96&d=mm&r=g\",\"caption\":\"mennworldcon\"},\"sameAs\":[\"https:\\\/\\\/mwc-cmm.org\"],\"url\":\"https:\\\/\\\/mwc-cmm.org\\\/es\\\/stories\\\/author\\\/mennworldcon\\\/\"}]}<\/script>\n<!-- \/ Yoast SEO plugin. -->","yoast_head_json":{"title":"Seminario web de la GAPN: \"\u00bfMe quedo o me voy?\". 27-29 junio, 2022 - Mennonite World Conference","robots":{"index":"index","follow":"follow","max-snippet":"max-snippet:-1","max-image-preview":"max-image-preview:large","max-video-preview":"max-video-preview:-1"},"canonical":"https:\/\/mwc-cmm.org\/en\/stories\/gapn-webinar-do-i-stay-or-do-i-go-june-27-29-2022\/","og_locale":"es_ES","og_type":"article","og_title":"Seminario web de la GAPN: \"\u00bfMe quedo o me voy?\". 27-29 junio, 2022 - Mennonite World Conference","og_description":"Amigos y amigas, Nos gustar\u00eda invitarles a formar parte de nuestra pr\u00f3xima reuni\u00f3n en l\u00ednea de la Red Global Anabautista de Paz (GAPN) del 27 al 29 de junio de 2022. Estamos deseando reunirnos con ustedes. En cada uno de estos d\u00edas, estamos planeando encontrarnos durante 3 horas, comenzando a las 8.00 (Winnipeg\/Bogot\u00e1), 9.00 (Harrisonburg\/La [&hellip;]","og_url":"https:\/\/mwc-cmm.org\/en\/stories\/gapn-webinar-do-i-stay-or-do-i-go-june-27-29-2022\/","og_site_name":"Mennonite World Conference","article_publisher":"https:\/\/www.facebook.com\/MennoniteWorldConference","article_published_time":"2022-06-22T00:00:00+00:00","article_modified_time":"2024-12-10T18:04:38+00:00","og_image":[{"width":2560,"height":1920,"url":"https:\/\/mwc-cmm.org\/wp-content\/uploads\/2024\/11\/gapn-anisa-andrewsuderman.jpg","type":"image\/jpeg"}],"author":"mennworldcon","schema":{"@context":"https:\/\/schema.org","@graph":[{"@type":"Article","@id":"https:\/\/mwc-cmm.org\/en\/stories\/gapn-webinar-do-i-stay-or-do-i-go-june-27-29-2022\/#article","isPartOf":{"@id":"https:\/\/mwc-cmm.org\/en\/stories\/gapn-webinar-do-i-stay-or-do-i-go-june-27-29-2022\/"},"author":{"name":"mennworldcon","@id":"https:\/\/mwc-cmm.org\/en\/#\/schema\/person\/11f6ae0d7d1868ba20a1cc27f067c836"},"headline":"Seminario web de la GAPN: \u00ab\u00bfMe quedo o me voy?\u00bb. 27-29 junio, 2022","datePublished":"2022-06-22T00:00:00+00:00","dateModified":"2024-12-10T18:04:38+00:00","mainEntityOfPage":{"@id":"https:\/\/mwc-cmm.org\/en\/stories\/gapn-webinar-do-i-stay-or-do-i-go-june-27-29-2022\/"},"wordCount":439,"publisher":{"@id":"https:\/\/mwc-cmm.org\/en\/#organization"},"image":{"@id":"https:\/\/mwc-cmm.org\/en\/stories\/gapn-webinar-do-i-stay-or-do-i-go-june-27-29-2022\/#primaryimage"},"thumbnailUrl":"https:\/\/mwc-cmm.org\/wp-content\/uploads\/2024\/11\/gapn-anisa-andrewsuderman.jpg","articleSection":["Sin categorizar"],"inLanguage":"es"},{"@type":"WebPage","@id":"https:\/\/mwc-cmm.org\/en\/stories\/gapn-webinar-do-i-stay-or-do-i-go-june-27-29-2022\/","url":"https:\/\/mwc-cmm.org\/en\/stories\/gapn-webinar-do-i-stay-or-do-i-go-june-27-29-2022\/","name":"Seminario web de la GAPN: \"\u00bfMe quedo o me voy?\". 27-29 junio, 2022 - Mennonite World Conference","isPartOf":{"@id":"https:\/\/mwc-cmm.org\/en\/#website"},"primaryImageOfPage":{"@id":"https:\/\/mwc-cmm.org\/en\/stories\/gapn-webinar-do-i-stay-or-do-i-go-june-27-29-2022\/#primaryimage"},"image":{"@id":"https:\/\/mwc-cmm.org\/en\/stories\/gapn-webinar-do-i-stay-or-do-i-go-june-27-29-2022\/#primaryimage"},"thumbnailUrl":"https:\/\/mwc-cmm.org\/wp-content\/uploads\/2024\/11\/gapn-anisa-andrewsuderman.jpg","datePublished":"2022-06-22T00:00:00+00:00","dateModified":"2024-12-10T18:04:38+00:00","breadcrumb":{"@id":"https:\/\/mwc-cmm.org\/en\/stories\/gapn-webinar-do-i-stay-or-do-i-go-june-27-29-2022\/#breadcrumb"},"inLanguage":"es","potentialAction":[{"@type":"ReadAction","target":["https:\/\/mwc-cmm.org\/en\/stories\/gapn-webinar-do-i-stay-or-do-i-go-june-27-29-2022\/"]}]},{"@type":"ImageObject","inLanguage":"es","@id":"https:\/\/mwc-cmm.org\/en\/stories\/gapn-webinar-do-i-stay-or-do-i-go-june-27-29-2022\/#primaryimage","url":"https:\/\/mwc-cmm.org\/wp-content\/uploads\/2024\/11\/gapn-anisa-andrewsuderman.jpg","contentUrl":"https:\/\/mwc-cmm.org\/wp-content\/uploads\/2024\/11\/gapn-anisa-andrewsuderman.jpg","width":2560,"height":1920},{"@type":"BreadcrumbList","@id":"https:\/\/mwc-cmm.org\/en\/stories\/gapn-webinar-do-i-stay-or-do-i-go-june-27-29-2022\/#breadcrumb","itemListElement":[{"@type":"ListItem","position":1,"name":"Home","item":"https:\/\/mwc-cmm.org\/es\/"},{"@type":"ListItem","position":2,"name":"Seminario web de la GAPN: &#8220;\u00bfMe quedo o me voy?&#8221;. 27-29 junio, 2022"}]},{"@type":"WebSite","@id":"https:\/\/mwc-cmm.org\/en\/#website","url":"https:\/\/mwc-cmm.org\/en\/","name":"Mennonite World Conference","description":"A communion of Anabaptist-related churches","publisher":{"@id":"https:\/\/mwc-cmm.org\/en\/#organization"},"alternateName":"MWC","potentialAction":[{"@type":"SearchAction","target":{"@type":"EntryPoint","urlTemplate":"https:\/\/mwc-cmm.org\/en\/?s={search_term_string}"},"query-input":{"@type":"PropertyValueSpecification","valueRequired":true,"valueName":"search_term_string"}}],"inLanguage":"es"},{"@type":"Organization","@id":"https:\/\/mwc-cmm.org\/en\/#organization","name":"Mennonite World Conference","alternateName":"MWC","url":"https:\/\/mwc-cmm.org\/en\/","logo":{"@type":"ImageObject","inLanguage":"es","@id":"https:\/\/mwc-cmm.org\/en\/#\/schema\/logo\/image\/","url":"https:\/\/mwc-cmm.org\/wp-content\/uploads\/2026\/01\/MWC_Sig_Blue_Horiz_webheader1-logo.svg","contentUrl":"https:\/\/mwc-cmm.org\/wp-content\/uploads\/2026\/01\/MWC_Sig_Blue_Horiz_webheader1-logo.svg","width":786,"height":82,"caption":"Mennonite World Conference"},"image":{"@id":"https:\/\/mwc-cmm.org\/en\/#\/schema\/logo\/image\/"},"sameAs":["https:\/\/www.facebook.com\/MennoniteWorldConference","https:\/\/www.linkedin.com\/company\/mennonite-world-conference-mwc\/","https:\/\/www.instagram.com\/mwcmm\/","https:\/\/www.youtube.com\/user\/mwccmm","https:\/\/bsky.app\/profile\/mwcmm.bsky.social"]},{"@type":"Person","@id":"https:\/\/mwc-cmm.org\/en\/#\/schema\/person\/11f6ae0d7d1868ba20a1cc27f067c836","name":"mennworldcon","image":{"@type":"ImageObject","inLanguage":"es","@id":"https:\/\/secure.gravatar.com\/avatar\/06fdc0dc81c157dfdb82ec42f252178a22307808988d22c043f9eb96f1e0fe80?s=96&d=mm&r=g","url":"https:\/\/secure.gravatar.com\/avatar\/06fdc0dc81c157dfdb82ec42f252178a22307808988d22c043f9eb96f1e0fe80?s=96&d=mm&r=g","contentUrl":"https:\/\/secure.gravatar.com\/avatar\/06fdc0dc81c157dfdb82ec42f252178a22307808988d22c043f9eb96f1e0fe80?s=96&d=mm&r=g","caption":"mennworldcon"},"sameAs":["https:\/\/mwc-cmm.org"],"url":"https:\/\/mwc-cmm.org\/es\/stories\/author\/mennworldcon\/"}]}},"_links":{"self":[{"href":"https:\/\/mwc-cmm.org\/es\/wp-json\/wp\/v2\/posts\/9227","targetHints":{"allow":["GET"]}}],"collection":[{"href":"https:\/\/mwc-cmm.org\/es\/wp-json\/wp\/v2\/posts"}],"about":[{"href":"https:\/\/mwc-cmm.org\/es\/wp-json\/wp\/v2\/types\/post"}],"author":[{"embeddable":true,"href":"https:\/\/mwc-cmm.org\/es\/wp-json\/wp\/v2\/users\/1"}],"replies":[{"embeddable":true,"href":"https:\/\/mwc-cmm.org\/es\/wp-json\/wp\/v2\/comments?post=9227"}],"version-history":[{"count":0,"href":"https:\/\/mwc-cmm.org\/es\/wp-json\/wp\/v2\/posts\/9227\/revisions"}],"wp:featuredmedia":[{"embeddable":true,"href":"https:\/\/mwc-cmm.org\/es\/wp-json\/wp\/v2\/media\/91170"}],"wp:attachment":[{"href":"https:\/\/mwc-cmm.org\/es\/wp-json\/wp\/v2\/media?parent=9227"}],"wp:term":[{"taxonomy":"category","embeddable":true,"href":"https:\/\/mwc-cmm.org\/es\/wp-json\/wp\/v2\/categories?post=9227"},{"taxonomy":"post_tag","embeddable":true,"href":"https:\/\/mwc-cmm.org\/es\/wp-json\/wp\/v2\/tags?post=9227"},{"taxonomy":"network","embeddable":true,"href":"https:\/\/mwc-cmm.org\/es\/wp-json\/wp\/v2\/network?post=9227"},{"taxonomy":"eventcategory","embeddable":true,"href":"https:\/\/mwc-cmm.org\/es\/wp-json\/wp\/v2\/eventcategory?post=9227"}],"curies":[{"name":"wp","href":"https:\/\/api.w.org\/{rel}","templated":true}]}}