{"id":9213,"date":"2022-05-11T00:00:00","date_gmt":"2022-05-11T00:00:00","guid":{"rendered":"https:\/\/mwc-cmm.org\/ministry-partner-update-icomb-may-2022-2\/"},"modified":"2024-12-10T18:04:32","modified_gmt":"2024-12-10T18:04:32","slug":"actualizacion-de-la-colaboracion-en-el-ministerio-icomb-mayo-2022","status":"publish","type":"post","link":"https:\/\/mwc-cmm.org\/es\/stories\/actualizacion-de-la-colaboracion-en-el-ministerio-icomb-mayo-2022\/","title":{"rendered":"Actualizaci\u00f3n de la colaboraci\u00f3n en el ministerio: ICOMB \u2013 Mayo 2022"},"content":{"rendered":"<h3>Con el poder del Esp\u00edritu<\/h3>\n<p>La llenura del Esp\u00edritu de Dios en nuestras vidas se refleja tanto en el proceso de maduraci\u00f3n por el que somos transformados a la imagen de Cristo como en el poder del Esp\u00edritu para proclamar a Cristo. El Esp\u00edritu ha venido a dar testimonio de qui\u00e9n es Jes\u00fas y a ser testigo de su obra salvadora en el mundo (Juan 15,26-27; 16,8-11). El Esp\u00edritu tambi\u00e9n capacita a los disc\u00edpulos de Jes\u00fas para que sean testigos (Hechos 1,8), testificando no s\u00f3lo a trav\u00e9s de lo que dicen y hacen (Mateo 10,17-20), sino tambi\u00e9n a trav\u00e9s del testimonio de sus vidas (2 Corintios 3,2-6).&nbsp;<\/p>\n<p>En el Antiguo Testamento vemos que el Esp\u00edritu viene sobre el pueblo de Dios, permiti\u00e9ndole actuar por su poder o profetizar bajo su influencia (Judas 14,6; 1 Samuel 10,10-11). Del mismo modo, el Esp\u00edritu de Dios llen\u00f3 a los disc\u00edpulos de Jes\u00fas en la iglesia primitiva para cumplir su prop\u00f3sito de anunciar a Cristo (Hechos 2,4; 4,7-8; 4,31). El poder del Esp\u00edritu de Dios se manifestaba tanto en la palabra como en los hechos, as\u00ed como en las se\u00f1ales y los prodigios (Romanos 15,18-19; 1 Corintios 2,4-5). Sin embargo, el poder del Esp\u00edritu tiene un aspecto muy diferente al de las expresiones mundanas de poder: Jes\u00fas vino en la debilidad de la carne humana y, sin embargo, vivi\u00f3 con el poder de Dios (2 Corintios 13,4). As\u00ed tambi\u00e9n, es en nuestra propia debilidad donde el poder de Dios se manifiesta a trav\u00e9s de la fuerza de su gracia y su amor (2 Corintios 12,9-10).&nbsp;<\/p>\n<p>El poder del Esp\u00edritu tambi\u00e9n se expresa en el don que da a todos los creyentes para servir a los dem\u00e1s y edificar la iglesia (1 Corintios 12,11). El Esp\u00edritu se revela a trav\u00e9s de los dones que otorga a cada miembro del cuerpo de Cristo, que distribuye a hombres y mujeres seg\u00fan su elecci\u00f3n (1 Corintios 12,7). Hay diversidad de dones, pero la fuente es el mismo Esp\u00edritu (1 Corintios 12,4). Cada don contribuye al prop\u00f3sito del Esp\u00edritu de servir y edificar la iglesia. Dado que los dones son una expresi\u00f3n de la gracia de Dios, el amor de Dios debe ser la motivaci\u00f3n para usar los dones propios (1 Corintios 13,1-3).&nbsp;<\/p>\n<p>Puesto que Cristo mismo sufri\u00f3, no debemos sorprendernos cuando tambi\u00e9n experimentamos el sufrimiento (1 Pedro 2,21; 3,17-18; 4,12-14). La presencia del Esp\u00edritu de Dios en nuestras vidas nos ofrece consuelo y esperanza en medio de nuestro sufrimiento y ayuda en nuestra debilidad (Romanos 8,26-30). Es en nuestra debilidad donde el poder de Dios act\u00faa haciendo visible la vida de Jes\u00fas a trav\u00e9s de nosotros (2 Corintios 4,7-12).&nbsp;<\/p>\n<p>\u00bfC\u00f3mo has experimentado el poder del Esp\u00edritu esta semana?&nbsp;<\/p>\n<p><strong>\u2014Doug Heidebrecht&nbsp;<\/strong><\/p>\n<hr>\n<h5><img decoding=\"async\" alt=\"ICOMB\" data-src=\"https:\/\/mwc-cmm.org\/sites\/default\/files\/icomb_new_logo.png\" src=\"data:image\/svg+xml;base64,PHN2ZyB3aWR0aD0iMSIgaGVpZ2h0PSIxIiB4bWxucz0iaHR0cDovL3d3dy53My5vcmcvMjAwMC9zdmciPjwvc3ZnPg==\" class=\"lazyload\"><\/h5>\n<h5>La Comunidad Internacional de Hermanos Menonitas (ICOMB) est\u00e1 compuesta por 22 iglesias nacionales en 19 pa\u00edses. ICOMB tambi\u00e9n tiene miembros asociados en m\u00e1s de 20 pa\u00edses, y todos se encuentran en diferentes puntos del camino hacia la afiliaci\u00f3n plena. ICOMB existe para facilitar relaciones y ministerios para mejorar el testimonio y el discipulado de sus iglesias nacionales miembro &#8211; conectando, fortaleciendo y expandiendo.<\/h5>\n","protected":false},"excerpt":{"rendered":"<p>Con el poder del Esp\u00edritu La llenura del Esp\u00edritu de Dios en nuestras vidas se refleja tanto en el proceso de maduraci\u00f3n por el que somos transformados a la imagen de Cristo como en el poder del Esp\u00edritu para proclamar a Cristo. El Esp\u00edritu ha venido a dar testimonio de qui\u00e9n es Jes\u00fas y a [&hellip;]<\/p>\n","protected":false},"author":1,"featured_media":95006,"comment_status":"closed","ping_status":"closed","sticky":false,"template":"","format":"standard","meta":{"_acf_changed":false,"footnotes":""},"categories":[6],"tags":[],"network":[],"eventcategory":[],"class_list":["post-9213","post","type-post","status-publish","format-standard","has-post-thumbnail","hentry","category-sin-categorizar"],"acf":[],"yoast_head":"<!-- This site is optimized with the Yoast SEO plugin v27.5 - https:\/\/yoast.com\/product\/yoast-seo-wordpress\/ -->\n<title>Actualizaci\u00f3n de la colaboraci\u00f3n en el ministerio: ICOMB \u2013 Mayo 2022 - Mennonite World Conference<\/title>\n<meta name=\"robots\" content=\"index, follow, max-snippet:-1, max-image-preview:large, max-video-preview:-1\" \/>\n<link rel=\"canonical\" href=\"https:\/\/mwc-cmm.org\/es\/stories\/actualizacion-de-la-colaboracion-en-el-ministerio-icomb-mayo-2022\/\" \/>\n<meta property=\"og:locale\" content=\"es_ES\" \/>\n<meta property=\"og:type\" content=\"article\" \/>\n<meta property=\"og:title\" content=\"Actualizaci\u00f3n de la colaboraci\u00f3n en el ministerio: ICOMB \u2013 Mayo 2022 - Mennonite World Conference\" \/>\n<meta property=\"og:description\" content=\"Con el poder del Esp\u00edritu La llenura del Esp\u00edritu de Dios en nuestras vidas se refleja tanto en el proceso de maduraci\u00f3n por el que somos transformados a la imagen de Cristo como en el poder del Esp\u00edritu para proclamar a Cristo. El Esp\u00edritu ha venido a dar testimonio de qui\u00e9n es Jes\u00fas y a [&hellip;]\" \/>\n<meta property=\"og:url\" content=\"https:\/\/mwc-cmm.org\/es\/stories\/actualizacion-de-la-colaboracion-en-el-ministerio-icomb-mayo-2022\/\" \/>\n<meta property=\"og:site_name\" content=\"Mennonite World Conference\" \/>\n<meta property=\"article:publisher\" content=\"https:\/\/www.facebook.com\/MennoniteWorldConference\" \/>\n<meta property=\"article:published_time\" content=\"2022-05-11T00:00:00+00:00\" \/>\n<meta property=\"article:modified_time\" content=\"2024-12-10T18:04:32+00:00\" \/>\n<meta property=\"og:image\" content=\"https:\/\/mwc-cmm.org\/wp-content\/uploads\/2024\/11\/50719058553_da8b832143_c.jpg\" \/>\n\t<meta property=\"og:image:width\" content=\"799\" \/>\n\t<meta property=\"og:image:height\" content=\"533\" \/>\n\t<meta property=\"og:image:type\" content=\"image\/jpeg\" \/>\n<meta name=\"author\" content=\"mennworldcon\" \/>\n<script type=\"application\/ld+json\" class=\"yoast-schema-graph\">{\"@context\":\"https:\\\/\\\/schema.org\",\"@graph\":[{\"@type\":\"Article\",\"@id\":\"https:\\\/\\\/mwc-cmm.org\\\/es\\\/stories\\\/actualizacion-de-la-colaboracion-en-el-ministerio-icomb-mayo-2022\\\/#article\",\"isPartOf\":{\"@id\":\"https:\\\/\\\/mwc-cmm.org\\\/es\\\/stories\\\/actualizacion-de-la-colaboracion-en-el-ministerio-icomb-mayo-2022\\\/\"},\"author\":{\"name\":\"mennworldcon\",\"@id\":\"https:\\\/\\\/mwc-cmm.org\\\/en\\\/#\\\/schema\\\/person\\\/11f6ae0d7d1868ba20a1cc27f067c836\"},\"headline\":\"Actualizaci\u00f3n de la colaboraci\u00f3n en el ministerio: ICOMB \u2013 Mayo 2022\",\"datePublished\":\"2022-05-11T00:00:00+00:00\",\"dateModified\":\"2024-12-10T18:04:32+00:00\",\"mainEntityOfPage\":{\"@id\":\"https:\\\/\\\/mwc-cmm.org\\\/es\\\/stories\\\/actualizacion-de-la-colaboracion-en-el-ministerio-icomb-mayo-2022\\\/\"},\"wordCount\":560,\"publisher\":{\"@id\":\"https:\\\/\\\/mwc-cmm.org\\\/en\\\/#organization\"},\"image\":{\"@id\":\"https:\\\/\\\/mwc-cmm.org\\\/es\\\/stories\\\/actualizacion-de-la-colaboracion-en-el-ministerio-icomb-mayo-2022\\\/#primaryimage\"},\"thumbnailUrl\":\"https:\\\/\\\/mwc-cmm.org\\\/wp-content\\\/uploads\\\/2024\\\/11\\\/50719058553_da8b832143_c.jpg\",\"articleSection\":[\"Sin categorizar\"],\"inLanguage\":\"es\"},{\"@type\":\"WebPage\",\"@id\":\"https:\\\/\\\/mwc-cmm.org\\\/es\\\/stories\\\/actualizacion-de-la-colaboracion-en-el-ministerio-icomb-mayo-2022\\\/\",\"url\":\"https:\\\/\\\/mwc-cmm.org\\\/es\\\/stories\\\/actualizacion-de-la-colaboracion-en-el-ministerio-icomb-mayo-2022\\\/\",\"name\":\"Actualizaci\u00f3n de la colaboraci\u00f3n en el ministerio: ICOMB \u2013 Mayo 2022 - Mennonite World Conference\",\"isPartOf\":{\"@id\":\"https:\\\/\\\/mwc-cmm.org\\\/en\\\/#website\"},\"primaryImageOfPage\":{\"@id\":\"https:\\\/\\\/mwc-cmm.org\\\/es\\\/stories\\\/actualizacion-de-la-colaboracion-en-el-ministerio-icomb-mayo-2022\\\/#primaryimage\"},\"image\":{\"@id\":\"https:\\\/\\\/mwc-cmm.org\\\/es\\\/stories\\\/actualizacion-de-la-colaboracion-en-el-ministerio-icomb-mayo-2022\\\/#primaryimage\"},\"thumbnailUrl\":\"https:\\\/\\\/mwc-cmm.org\\\/wp-content\\\/uploads\\\/2024\\\/11\\\/50719058553_da8b832143_c.jpg\",\"datePublished\":\"2022-05-11T00:00:00+00:00\",\"dateModified\":\"2024-12-10T18:04:32+00:00\",\"breadcrumb\":{\"@id\":\"https:\\\/\\\/mwc-cmm.org\\\/es\\\/stories\\\/actualizacion-de-la-colaboracion-en-el-ministerio-icomb-mayo-2022\\\/#breadcrumb\"},\"inLanguage\":\"es\",\"potentialAction\":[{\"@type\":\"ReadAction\",\"target\":[\"https:\\\/\\\/mwc-cmm.org\\\/es\\\/stories\\\/actualizacion-de-la-colaboracion-en-el-ministerio-icomb-mayo-2022\\\/\"]}]},{\"@type\":\"ImageObject\",\"inLanguage\":\"es\",\"@id\":\"https:\\\/\\\/mwc-cmm.org\\\/es\\\/stories\\\/actualizacion-de-la-colaboracion-en-el-ministerio-icomb-mayo-2022\\\/#primaryimage\",\"url\":\"https:\\\/\\\/mwc-cmm.org\\\/wp-content\\\/uploads\\\/2024\\\/11\\\/50719058553_da8b832143_c.jpg\",\"contentUrl\":\"https:\\\/\\\/mwc-cmm.org\\\/wp-content\\\/uploads\\\/2024\\\/11\\\/50719058553_da8b832143_c.jpg\",\"width\":799,\"height\":533},{\"@type\":\"BreadcrumbList\",\"@id\":\"https:\\\/\\\/mwc-cmm.org\\\/es\\\/stories\\\/actualizacion-de-la-colaboracion-en-el-ministerio-icomb-mayo-2022\\\/#breadcrumb\",\"itemListElement\":[{\"@type\":\"ListItem\",\"position\":1,\"name\":\"Home\",\"item\":\"https:\\\/\\\/mwc-cmm.org\\\/es\\\/\"},{\"@type\":\"ListItem\",\"position\":2,\"name\":\"Actualizaci\u00f3n de la colaboraci\u00f3n en el ministerio: ICOMB \u2013 Mayo 2022\"}]},{\"@type\":\"WebSite\",\"@id\":\"https:\\\/\\\/mwc-cmm.org\\\/en\\\/#website\",\"url\":\"https:\\\/\\\/mwc-cmm.org\\\/en\\\/\",\"name\":\"Mennonite World Conference\",\"description\":\"A communion of Anabaptist-related churches\",\"publisher\":{\"@id\":\"https:\\\/\\\/mwc-cmm.org\\\/en\\\/#organization\"},\"alternateName\":\"MWC\",\"potentialAction\":[{\"@type\":\"SearchAction\",\"target\":{\"@type\":\"EntryPoint\",\"urlTemplate\":\"https:\\\/\\\/mwc-cmm.org\\\/en\\\/?s={search_term_string}\"},\"query-input\":{\"@type\":\"PropertyValueSpecification\",\"valueRequired\":true,\"valueName\":\"search_term_string\"}}],\"inLanguage\":\"es\"},{\"@type\":\"Organization\",\"@id\":\"https:\\\/\\\/mwc-cmm.org\\\/en\\\/#organization\",\"name\":\"Mennonite World Conference\",\"alternateName\":\"MWC\",\"url\":\"https:\\\/\\\/mwc-cmm.org\\\/en\\\/\",\"logo\":{\"@type\":\"ImageObject\",\"inLanguage\":\"es\",\"@id\":\"https:\\\/\\\/mwc-cmm.org\\\/en\\\/#\\\/schema\\\/logo\\\/image\\\/\",\"url\":\"https:\\\/\\\/mwc-cmm.org\\\/wp-content\\\/uploads\\\/2026\\\/01\\\/MWC_Sig_Blue_Horiz_webheader1-logo.svg\",\"contentUrl\":\"https:\\\/\\\/mwc-cmm.org\\\/wp-content\\\/uploads\\\/2026\\\/01\\\/MWC_Sig_Blue_Horiz_webheader1-logo.svg\",\"width\":786,\"height\":82,\"caption\":\"Mennonite World Conference\"},\"image\":{\"@id\":\"https:\\\/\\\/mwc-cmm.org\\\/en\\\/#\\\/schema\\\/logo\\\/image\\\/\"},\"sameAs\":[\"https:\\\/\\\/www.facebook.com\\\/MennoniteWorldConference\",\"https:\\\/\\\/www.linkedin.com\\\/company\\\/mennonite-world-conference-mwc\\\/\",\"https:\\\/\\\/www.instagram.com\\\/mwcmm\\\/\",\"https:\\\/\\\/www.youtube.com\\\/user\\\/mwccmm\",\"https:\\\/\\\/bsky.app\\\/profile\\\/mwcmm.bsky.social\"]},{\"@type\":\"Person\",\"@id\":\"https:\\\/\\\/mwc-cmm.org\\\/en\\\/#\\\/schema\\\/person\\\/11f6ae0d7d1868ba20a1cc27f067c836\",\"name\":\"mennworldcon\",\"image\":{\"@type\":\"ImageObject\",\"inLanguage\":\"es\",\"@id\":\"https:\\\/\\\/secure.gravatar.com\\\/avatar\\\/06fdc0dc81c157dfdb82ec42f252178a22307808988d22c043f9eb96f1e0fe80?s=96&d=mm&r=g\",\"url\":\"https:\\\/\\\/secure.gravatar.com\\\/avatar\\\/06fdc0dc81c157dfdb82ec42f252178a22307808988d22c043f9eb96f1e0fe80?s=96&d=mm&r=g\",\"contentUrl\":\"https:\\\/\\\/secure.gravatar.com\\\/avatar\\\/06fdc0dc81c157dfdb82ec42f252178a22307808988d22c043f9eb96f1e0fe80?s=96&d=mm&r=g\",\"caption\":\"mennworldcon\"},\"sameAs\":[\"https:\\\/\\\/mwc-cmm.org\"],\"url\":\"https:\\\/\\\/mwc-cmm.org\\\/es\\\/stories\\\/author\\\/mennworldcon\\\/\"}]}<\/script>\n<!-- \/ Yoast SEO plugin. -->","yoast_head_json":{"title":"Actualizaci\u00f3n de la colaboraci\u00f3n en el ministerio: ICOMB \u2013 Mayo 2022 - Mennonite World Conference","robots":{"index":"index","follow":"follow","max-snippet":"max-snippet:-1","max-image-preview":"max-image-preview:large","max-video-preview":"max-video-preview:-1"},"canonical":"https:\/\/mwc-cmm.org\/es\/stories\/actualizacion-de-la-colaboracion-en-el-ministerio-icomb-mayo-2022\/","og_locale":"es_ES","og_type":"article","og_title":"Actualizaci\u00f3n de la colaboraci\u00f3n en el ministerio: ICOMB \u2013 Mayo 2022 - Mennonite World Conference","og_description":"Con el poder del Esp\u00edritu La llenura del Esp\u00edritu de Dios en nuestras vidas se refleja tanto en el proceso de maduraci\u00f3n por el que somos transformados a la imagen de Cristo como en el poder del Esp\u00edritu para proclamar a Cristo. El Esp\u00edritu ha venido a dar testimonio de qui\u00e9n es Jes\u00fas y a [&hellip;]","og_url":"https:\/\/mwc-cmm.org\/es\/stories\/actualizacion-de-la-colaboracion-en-el-ministerio-icomb-mayo-2022\/","og_site_name":"Mennonite World Conference","article_publisher":"https:\/\/www.facebook.com\/MennoniteWorldConference","article_published_time":"2022-05-11T00:00:00+00:00","article_modified_time":"2024-12-10T18:04:32+00:00","og_image":[{"width":799,"height":533,"url":"https:\/\/mwc-cmm.org\/wp-content\/uploads\/2024\/11\/50719058553_da8b832143_c.jpg","type":"image\/jpeg"}],"author":"mennworldcon","schema":{"@context":"https:\/\/schema.org","@graph":[{"@type":"Article","@id":"https:\/\/mwc-cmm.org\/es\/stories\/actualizacion-de-la-colaboracion-en-el-ministerio-icomb-mayo-2022\/#article","isPartOf":{"@id":"https:\/\/mwc-cmm.org\/es\/stories\/actualizacion-de-la-colaboracion-en-el-ministerio-icomb-mayo-2022\/"},"author":{"name":"mennworldcon","@id":"https:\/\/mwc-cmm.org\/en\/#\/schema\/person\/11f6ae0d7d1868ba20a1cc27f067c836"},"headline":"Actualizaci\u00f3n de la colaboraci\u00f3n en el ministerio: ICOMB \u2013 Mayo 2022","datePublished":"2022-05-11T00:00:00+00:00","dateModified":"2024-12-10T18:04:32+00:00","mainEntityOfPage":{"@id":"https:\/\/mwc-cmm.org\/es\/stories\/actualizacion-de-la-colaboracion-en-el-ministerio-icomb-mayo-2022\/"},"wordCount":560,"publisher":{"@id":"https:\/\/mwc-cmm.org\/en\/#organization"},"image":{"@id":"https:\/\/mwc-cmm.org\/es\/stories\/actualizacion-de-la-colaboracion-en-el-ministerio-icomb-mayo-2022\/#primaryimage"},"thumbnailUrl":"https:\/\/mwc-cmm.org\/wp-content\/uploads\/2024\/11\/50719058553_da8b832143_c.jpg","articleSection":["Sin categorizar"],"inLanguage":"es"},{"@type":"WebPage","@id":"https:\/\/mwc-cmm.org\/es\/stories\/actualizacion-de-la-colaboracion-en-el-ministerio-icomb-mayo-2022\/","url":"https:\/\/mwc-cmm.org\/es\/stories\/actualizacion-de-la-colaboracion-en-el-ministerio-icomb-mayo-2022\/","name":"Actualizaci\u00f3n de la colaboraci\u00f3n en el ministerio: ICOMB \u2013 Mayo 2022 - Mennonite World Conference","isPartOf":{"@id":"https:\/\/mwc-cmm.org\/en\/#website"},"primaryImageOfPage":{"@id":"https:\/\/mwc-cmm.org\/es\/stories\/actualizacion-de-la-colaboracion-en-el-ministerio-icomb-mayo-2022\/#primaryimage"},"image":{"@id":"https:\/\/mwc-cmm.org\/es\/stories\/actualizacion-de-la-colaboracion-en-el-ministerio-icomb-mayo-2022\/#primaryimage"},"thumbnailUrl":"https:\/\/mwc-cmm.org\/wp-content\/uploads\/2024\/11\/50719058553_da8b832143_c.jpg","datePublished":"2022-05-11T00:00:00+00:00","dateModified":"2024-12-10T18:04:32+00:00","breadcrumb":{"@id":"https:\/\/mwc-cmm.org\/es\/stories\/actualizacion-de-la-colaboracion-en-el-ministerio-icomb-mayo-2022\/#breadcrumb"},"inLanguage":"es","potentialAction":[{"@type":"ReadAction","target":["https:\/\/mwc-cmm.org\/es\/stories\/actualizacion-de-la-colaboracion-en-el-ministerio-icomb-mayo-2022\/"]}]},{"@type":"ImageObject","inLanguage":"es","@id":"https:\/\/mwc-cmm.org\/es\/stories\/actualizacion-de-la-colaboracion-en-el-ministerio-icomb-mayo-2022\/#primaryimage","url":"https:\/\/mwc-cmm.org\/wp-content\/uploads\/2024\/11\/50719058553_da8b832143_c.jpg","contentUrl":"https:\/\/mwc-cmm.org\/wp-content\/uploads\/2024\/11\/50719058553_da8b832143_c.jpg","width":799,"height":533},{"@type":"BreadcrumbList","@id":"https:\/\/mwc-cmm.org\/es\/stories\/actualizacion-de-la-colaboracion-en-el-ministerio-icomb-mayo-2022\/#breadcrumb","itemListElement":[{"@type":"ListItem","position":1,"name":"Home","item":"https:\/\/mwc-cmm.org\/es\/"},{"@type":"ListItem","position":2,"name":"Actualizaci\u00f3n de la colaboraci\u00f3n en el ministerio: ICOMB \u2013 Mayo 2022"}]},{"@type":"WebSite","@id":"https:\/\/mwc-cmm.org\/en\/#website","url":"https:\/\/mwc-cmm.org\/en\/","name":"Mennonite World Conference","description":"A communion of Anabaptist-related churches","publisher":{"@id":"https:\/\/mwc-cmm.org\/en\/#organization"},"alternateName":"MWC","potentialAction":[{"@type":"SearchAction","target":{"@type":"EntryPoint","urlTemplate":"https:\/\/mwc-cmm.org\/en\/?s={search_term_string}"},"query-input":{"@type":"PropertyValueSpecification","valueRequired":true,"valueName":"search_term_string"}}],"inLanguage":"es"},{"@type":"Organization","@id":"https:\/\/mwc-cmm.org\/en\/#organization","name":"Mennonite World Conference","alternateName":"MWC","url":"https:\/\/mwc-cmm.org\/en\/","logo":{"@type":"ImageObject","inLanguage":"es","@id":"https:\/\/mwc-cmm.org\/en\/#\/schema\/logo\/image\/","url":"https:\/\/mwc-cmm.org\/wp-content\/uploads\/2026\/01\/MWC_Sig_Blue_Horiz_webheader1-logo.svg","contentUrl":"https:\/\/mwc-cmm.org\/wp-content\/uploads\/2026\/01\/MWC_Sig_Blue_Horiz_webheader1-logo.svg","width":786,"height":82,"caption":"Mennonite World Conference"},"image":{"@id":"https:\/\/mwc-cmm.org\/en\/#\/schema\/logo\/image\/"},"sameAs":["https:\/\/www.facebook.com\/MennoniteWorldConference","https:\/\/www.linkedin.com\/company\/mennonite-world-conference-mwc\/","https:\/\/www.instagram.com\/mwcmm\/","https:\/\/www.youtube.com\/user\/mwccmm","https:\/\/bsky.app\/profile\/mwcmm.bsky.social"]},{"@type":"Person","@id":"https:\/\/mwc-cmm.org\/en\/#\/schema\/person\/11f6ae0d7d1868ba20a1cc27f067c836","name":"mennworldcon","image":{"@type":"ImageObject","inLanguage":"es","@id":"https:\/\/secure.gravatar.com\/avatar\/06fdc0dc81c157dfdb82ec42f252178a22307808988d22c043f9eb96f1e0fe80?s=96&d=mm&r=g","url":"https:\/\/secure.gravatar.com\/avatar\/06fdc0dc81c157dfdb82ec42f252178a22307808988d22c043f9eb96f1e0fe80?s=96&d=mm&r=g","contentUrl":"https:\/\/secure.gravatar.com\/avatar\/06fdc0dc81c157dfdb82ec42f252178a22307808988d22c043f9eb96f1e0fe80?s=96&d=mm&r=g","caption":"mennworldcon"},"sameAs":["https:\/\/mwc-cmm.org"],"url":"https:\/\/mwc-cmm.org\/es\/stories\/author\/mennworldcon\/"}]}},"_links":{"self":[{"href":"https:\/\/mwc-cmm.org\/es\/wp-json\/wp\/v2\/posts\/9213","targetHints":{"allow":["GET"]}}],"collection":[{"href":"https:\/\/mwc-cmm.org\/es\/wp-json\/wp\/v2\/posts"}],"about":[{"href":"https:\/\/mwc-cmm.org\/es\/wp-json\/wp\/v2\/types\/post"}],"author":[{"embeddable":true,"href":"https:\/\/mwc-cmm.org\/es\/wp-json\/wp\/v2\/users\/1"}],"replies":[{"embeddable":true,"href":"https:\/\/mwc-cmm.org\/es\/wp-json\/wp\/v2\/comments?post=9213"}],"version-history":[{"count":0,"href":"https:\/\/mwc-cmm.org\/es\/wp-json\/wp\/v2\/posts\/9213\/revisions"}],"wp:featuredmedia":[{"embeddable":true,"href":"https:\/\/mwc-cmm.org\/es\/wp-json\/wp\/v2\/media\/95006"}],"wp:attachment":[{"href":"https:\/\/mwc-cmm.org\/es\/wp-json\/wp\/v2\/media?parent=9213"}],"wp:term":[{"taxonomy":"category","embeddable":true,"href":"https:\/\/mwc-cmm.org\/es\/wp-json\/wp\/v2\/categories?post=9213"},{"taxonomy":"post_tag","embeddable":true,"href":"https:\/\/mwc-cmm.org\/es\/wp-json\/wp\/v2\/tags?post=9213"},{"taxonomy":"network","embeddable":true,"href":"https:\/\/mwc-cmm.org\/es\/wp-json\/wp\/v2\/network?post=9213"},{"taxonomy":"eventcategory","embeddable":true,"href":"https:\/\/mwc-cmm.org\/es\/wp-json\/wp\/v2\/eventcategory?post=9213"}],"curies":[{"name":"wp","href":"https:\/\/api.w.org\/{rel}","templated":true}]}}