{"id":9212,"date":"2022-05-03T00:00:00","date_gmt":"2022-05-03T00:00:00","guid":{"rendered":"https:\/\/mwc-cmm.org\/assembly-participants-on-site-nearly-doubled-2\/"},"modified":"2024-12-10T18:04:32","modified_gmt":"2024-12-10T18:04:32","slug":"las-personas-que-participaran-de-la-asamblea-presencial-casi-se-duplicaron","status":"publish","type":"post","link":"https:\/\/mwc-cmm.org\/es\/stories\/las-personas-que-participaran-de-la-asamblea-presencial-casi-se-duplicaron\/","title":{"rendered":"Las personas que participaran de la asamblea presencial casi se duplicaron"},"content":{"rendered":"<p>La Asamblea de Indonesia se hizo un poco m\u00e1s grande. El Comit\u00e9 Asesor Nacional para la<a href=\"https:\/\/indonesia2022.mwc-cmm.org\"> Asamblea&nbsp;17<\/a> y el <a href=\"https:\/\/mwc-cmm.org\/es\/concilio-general-0\">Comit\u00e9 Ejecutivo<\/a> del CMM han decidido aumentar el n\u00famero de personas asistentes a la reuni\u00f3n en Indonesia a 1&nbsp;250.<\/p>\n<p>Los casos de COVID-19 en Indonesia siguen siendo bajos, por lo que el gobierno de Indonesia ha levantado las restricciones de cuarentena para las personas viajeras.<\/p>\n<p>\u201cNos encantar\u00eda verle en Indonesia. \u00a1Por favor reg\u00edstrese ahora! Todav\u00eda no es demasiado tarde para hacer planes de viaje\u201d, dice Liesa Unger, directora de eventos internacionales.<\/p>\n<p>\u201cCualquiera puede registrarse hasta que lleguemos al l\u00edmite. Nuestro equipo de registro se complace en hacer un esfuerzo adicional para facilitar estos registros tard\u00edos y los arreglos del <a href=\"https:\/\/mwc-cmm.org\/es\/concilio-general-0\">Concilio General<\/a>\u201d.<\/p>\n<p>Si el tama\u00f1o de las reuniones aumenta m\u00e1s tarde, m\u00e1s personas participantes locales pueden unirse al culto de adoraci\u00f3n de clausura en el Estadio Santo, el 10&nbsp;de&nbsp;julio del 2022.<\/p>\n<p>El n\u00famero ampliado de personas participantes permite que la <a href=\"\/es\/node\/149\">Asamblea General<\/a> se lleve a cabo presencialmente, en lugar de virtualmente.<\/p>\n<p>\u201cEl Congreso Mundial Menonita es una comuni\u00f3n \u2013 eso significa que las personas estamos en una relaci\u00f3n profunda, unificadora y espiritual unas con otras\u201d, dice C\u00e9sar Garc\u00eda, secretario general. \u201cEl trabajo de discernimiento del<a href=\"https:\/\/mwc-cmm.org\/es\/concilio-general-0\"> Concilio General<\/a> se realiza mejor cuando podemos pasar tiempo juntos, compartiendo no solo en las sesiones sino tambi\u00e9n durante las comidas y en el tiempo libre fuera de las reuniones\u201d.<\/p>\n<p>Las <a href=\"https:\/\/mwc-cmm.org\/es\/comisiones\">Comisiones <\/a>tambi\u00e9n asistir\u00e1n a la Asamblea y mantendr\u00e1n reuniones presenciales.<\/p>\n<p>\u201cSin duda, nuestro tiempo en Indonesia ser\u00e1 una bendici\u00f3n para nuestra comuni\u00f3n mundial\u201d, dice C\u00e9sar Garc\u00eda.<\/p>\n<p style=\"text-align:center\"><a href=\"http:\/\/www.indonesia2022.mwc-cmm.org\"><img decoding=\"async\" alt=\"\" height=\"100\" data-src=\"\/sites\/default\/files\/website_files_2020\/button_sp.png\" width=\"400\" src=\"data:image\/svg+xml;base64,PHN2ZyB3aWR0aD0iMSIgaGVpZ2h0PSIxIiB4bWxucz0iaHR0cDovL3d3dy53My5vcmcvMjAwMC9zdmciPjwvc3ZnPg==\" class=\"lazyload\" style=\"--smush-placeholder-width: 400px; --smush-placeholder-aspect-ratio: 400\/100;\"><\/a><\/p>\n<p>&nbsp;<\/p>\n","protected":false},"excerpt":{"rendered":"<p>La Asamblea de Indonesia se hizo un poco m\u00e1s grande. El Comit\u00e9 Asesor Nacional para la Asamblea&nbsp;17 y el Comit\u00e9 Ejecutivo del CMM han decidido aumentar el n\u00famero de personas asistentes a la reuni\u00f3n en Indonesia a 1&nbsp;250. Los casos de COVID-19 en Indonesia siguen siendo bajos, por lo que el gobierno de Indonesia ha [&hellip;]<\/p>\n","protected":false},"author":1,"featured_media":94964,"comment_status":"closed","ping_status":"closed","sticky":false,"template":"","format":"standard","meta":{"_acf_changed":false,"footnotes":""},"categories":[6],"tags":[499],"network":[],"eventcategory":[1493],"class_list":["post-9212","post","type-post","status-publish","format-standard","has-post-thumbnail","hentry","category-sin-categorizar","tag-asamblea","eventcategory-assembly-es"],"acf":[],"yoast_head":"<!-- This site is optimized with the Yoast SEO plugin v27.2 - https:\/\/yoast.com\/product\/yoast-seo-wordpress\/ -->\n<title>Las personas que participaran de la asamblea presencial casi se duplicaron - Mennonite World Conference<\/title>\n<meta name=\"robots\" content=\"index, follow, max-snippet:-1, max-image-preview:large, max-video-preview:-1\" \/>\n<link rel=\"canonical\" href=\"https:\/\/mwc-cmm.org\/es\/stories\/las-personas-que-participaran-de-la-asamblea-presencial-casi-se-duplicaron\/\" \/>\n<meta property=\"og:locale\" content=\"es_ES\" \/>\n<meta property=\"og:type\" content=\"article\" \/>\n<meta property=\"og:title\" content=\"Las personas que participaran de la asamblea presencial casi se duplicaron - Mennonite World Conference\" \/>\n<meta property=\"og:description\" content=\"La Asamblea de Indonesia se hizo un poco m\u00e1s grande. El Comit\u00e9 Asesor Nacional para la Asamblea&nbsp;17 y el Comit\u00e9 Ejecutivo del CMM han decidido aumentar el n\u00famero de personas asistentes a la reuni\u00f3n en Indonesia a 1&nbsp;250. Los casos de COVID-19 en Indonesia siguen siendo bajos, por lo que el gobierno de Indonesia ha [&hellip;]\" \/>\n<meta property=\"og:url\" content=\"https:\/\/mwc-cmm.org\/es\/stories\/las-personas-que-participaran-de-la-asamblea-presencial-casi-se-duplicaron\/\" \/>\n<meta property=\"og:site_name\" content=\"Mennonite World Conference\" \/>\n<meta property=\"article:publisher\" content=\"https:\/\/www.facebook.com\/MennoniteWorldConference\" \/>\n<meta property=\"article:published_time\" content=\"2022-05-03T00:00:00+00:00\" \/>\n<meta property=\"article:modified_time\" content=\"2024-12-10T18:04:32+00:00\" \/>\n<meta property=\"og:image\" content=\"https:\/\/mwc-cmm.org\/wp-content\/uploads\/2024\/11\/07242015_jonathan_charles_0427-scaled.jpg\" \/>\n\t<meta property=\"og:image:width\" content=\"2560\" \/>\n\t<meta property=\"og:image:height\" content=\"1920\" \/>\n\t<meta property=\"og:image:type\" content=\"image\/jpeg\" \/>\n<meta name=\"author\" content=\"mennworldcon\" \/>\n<script type=\"application\/ld+json\" class=\"yoast-schema-graph\">{\"@context\":\"https:\/\/schema.org\",\"@graph\":[{\"@type\":\"Article\",\"@id\":\"https:\/\/mwc-cmm.org\/es\/stories\/las-personas-que-participaran-de-la-asamblea-presencial-casi-se-duplicaron\/#article\",\"isPartOf\":{\"@id\":\"https:\/\/mwc-cmm.org\/es\/stories\/las-personas-que-participaran-de-la-asamblea-presencial-casi-se-duplicaron\/\"},\"author\":{\"name\":\"mennworldcon\",\"@id\":\"https:\/\/mwc-cmm.org\/en\/#\/schema\/person\/11f6ae0d7d1868ba20a1cc27f067c836\"},\"headline\":\"Las personas que participaran de la asamblea presencial casi se duplicaron\",\"datePublished\":\"2022-05-03T00:00:00+00:00\",\"dateModified\":\"2024-12-10T18:04:32+00:00\",\"mainEntityOfPage\":{\"@id\":\"https:\/\/mwc-cmm.org\/es\/stories\/las-personas-que-participaran-de-la-asamblea-presencial-casi-se-duplicaron\/\"},\"wordCount\":299,\"publisher\":{\"@id\":\"https:\/\/mwc-cmm.org\/en\/#organization\"},\"image\":{\"@id\":\"https:\/\/mwc-cmm.org\/es\/stories\/las-personas-que-participaran-de-la-asamblea-presencial-casi-se-duplicaron\/#primaryimage\"},\"thumbnailUrl\":\"https:\/\/mwc-cmm.org\/wp-content\/uploads\/2024\/11\/07242015_jonathan_charles_0427-scaled.jpg\",\"keywords\":[\"Asamblea\"],\"articleSection\":[\"Sin categorizar\"],\"inLanguage\":\"es\"},{\"@type\":\"WebPage\",\"@id\":\"https:\/\/mwc-cmm.org\/es\/stories\/las-personas-que-participaran-de-la-asamblea-presencial-casi-se-duplicaron\/\",\"url\":\"https:\/\/mwc-cmm.org\/es\/stories\/las-personas-que-participaran-de-la-asamblea-presencial-casi-se-duplicaron\/\",\"name\":\"Las personas que participaran de la asamblea presencial casi se duplicaron - Mennonite World Conference\",\"isPartOf\":{\"@id\":\"https:\/\/mwc-cmm.org\/en\/#website\"},\"primaryImageOfPage\":{\"@id\":\"https:\/\/mwc-cmm.org\/es\/stories\/las-personas-que-participaran-de-la-asamblea-presencial-casi-se-duplicaron\/#primaryimage\"},\"image\":{\"@id\":\"https:\/\/mwc-cmm.org\/es\/stories\/las-personas-que-participaran-de-la-asamblea-presencial-casi-se-duplicaron\/#primaryimage\"},\"thumbnailUrl\":\"https:\/\/mwc-cmm.org\/wp-content\/uploads\/2024\/11\/07242015_jonathan_charles_0427-scaled.jpg\",\"datePublished\":\"2022-05-03T00:00:00+00:00\",\"dateModified\":\"2024-12-10T18:04:32+00:00\",\"breadcrumb\":{\"@id\":\"https:\/\/mwc-cmm.org\/es\/stories\/las-personas-que-participaran-de-la-asamblea-presencial-casi-se-duplicaron\/#breadcrumb\"},\"inLanguage\":\"es\",\"potentialAction\":[{\"@type\":\"ReadAction\",\"target\":[\"https:\/\/mwc-cmm.org\/es\/stories\/las-personas-que-participaran-de-la-asamblea-presencial-casi-se-duplicaron\/\"]}]},{\"@type\":\"ImageObject\",\"inLanguage\":\"es\",\"@id\":\"https:\/\/mwc-cmm.org\/es\/stories\/las-personas-que-participaran-de-la-asamblea-presencial-casi-se-duplicaron\/#primaryimage\",\"url\":\"https:\/\/mwc-cmm.org\/wp-content\/uploads\/2024\/11\/07242015_jonathan_charles_0427-scaled.jpg\",\"contentUrl\":\"https:\/\/mwc-cmm.org\/wp-content\/uploads\/2024\/11\/07242015_jonathan_charles_0427-scaled.jpg\",\"width\":2560,\"height\":1920},{\"@type\":\"BreadcrumbList\",\"@id\":\"https:\/\/mwc-cmm.org\/es\/stories\/las-personas-que-participaran-de-la-asamblea-presencial-casi-se-duplicaron\/#breadcrumb\",\"itemListElement\":[{\"@type\":\"ListItem\",\"position\":1,\"name\":\"Home\",\"item\":\"https:\/\/mwc-cmm.org\/es\/\"},{\"@type\":\"ListItem\",\"position\":2,\"name\":\"Las personas que participaran de la asamblea presencial casi se duplicaron\"}]},{\"@type\":\"WebSite\",\"@id\":\"https:\/\/mwc-cmm.org\/en\/#website\",\"url\":\"https:\/\/mwc-cmm.org\/en\/\",\"name\":\"Mennonite World Conference\",\"description\":\"A communion of Anabaptist-related churches\",\"publisher\":{\"@id\":\"https:\/\/mwc-cmm.org\/en\/#organization\"},\"alternateName\":\"MWC\",\"potentialAction\":[{\"@type\":\"SearchAction\",\"target\":{\"@type\":\"EntryPoint\",\"urlTemplate\":\"https:\/\/mwc-cmm.org\/en\/?s={search_term_string}\"},\"query-input\":{\"@type\":\"PropertyValueSpecification\",\"valueRequired\":true,\"valueName\":\"search_term_string\"}}],\"inLanguage\":\"es\"},{\"@type\":\"Organization\",\"@id\":\"https:\/\/mwc-cmm.org\/en\/#organization\",\"name\":\"Mennonite World Conference\",\"alternateName\":\"MWC\",\"url\":\"https:\/\/mwc-cmm.org\/en\/\",\"logo\":{\"@type\":\"ImageObject\",\"inLanguage\":\"es\",\"@id\":\"https:\/\/mwc-cmm.org\/en\/#\/schema\/logo\/image\/\",\"url\":\"https:\/\/mwc-cmm.org\/wp-content\/uploads\/2026\/01\/MWC_Sig_Blue_Horiz_webheader1-logo.svg\",\"contentUrl\":\"https:\/\/mwc-cmm.org\/wp-content\/uploads\/2026\/01\/MWC_Sig_Blue_Horiz_webheader1-logo.svg\",\"width\":786,\"height\":82,\"caption\":\"Mennonite World Conference\"},\"image\":{\"@id\":\"https:\/\/mwc-cmm.org\/en\/#\/schema\/logo\/image\/\"},\"sameAs\":[\"https:\/\/www.facebook.com\/MennoniteWorldConference\",\"https:\/\/www.linkedin.com\/company\/mennonite-world-conference-mwc\/\",\"https:\/\/www.instagram.com\/mwcmm\/\",\"https:\/\/www.youtube.com\/user\/mwccmm\",\"https:\/\/bsky.app\/profile\/mwcmm.bsky.social\"]},{\"@type\":\"Person\",\"@id\":\"https:\/\/mwc-cmm.org\/en\/#\/schema\/person\/11f6ae0d7d1868ba20a1cc27f067c836\",\"name\":\"mennworldcon\",\"image\":{\"@type\":\"ImageObject\",\"inLanguage\":\"es\",\"@id\":\"https:\/\/secure.gravatar.com\/avatar\/06fdc0dc81c157dfdb82ec42f252178a22307808988d22c043f9eb96f1e0fe80?s=96&d=mm&r=g\",\"url\":\"https:\/\/secure.gravatar.com\/avatar\/06fdc0dc81c157dfdb82ec42f252178a22307808988d22c043f9eb96f1e0fe80?s=96&d=mm&r=g\",\"contentUrl\":\"https:\/\/secure.gravatar.com\/avatar\/06fdc0dc81c157dfdb82ec42f252178a22307808988d22c043f9eb96f1e0fe80?s=96&d=mm&r=g\",\"caption\":\"mennworldcon\"},\"sameAs\":[\"https:\/\/mwc-cmm.org\"],\"url\":\"https:\/\/mwc-cmm.org\/es\/stories\/author\/mennworldcon\/\"}]}<\/script>\n<!-- \/ Yoast SEO plugin. -->","yoast_head_json":{"title":"Las personas que participaran de la asamblea presencial casi se duplicaron - Mennonite World Conference","robots":{"index":"index","follow":"follow","max-snippet":"max-snippet:-1","max-image-preview":"max-image-preview:large","max-video-preview":"max-video-preview:-1"},"canonical":"https:\/\/mwc-cmm.org\/es\/stories\/las-personas-que-participaran-de-la-asamblea-presencial-casi-se-duplicaron\/","og_locale":"es_ES","og_type":"article","og_title":"Las personas que participaran de la asamblea presencial casi se duplicaron - Mennonite World Conference","og_description":"La Asamblea de Indonesia se hizo un poco m\u00e1s grande. El Comit\u00e9 Asesor Nacional para la Asamblea&nbsp;17 y el Comit\u00e9 Ejecutivo del CMM han decidido aumentar el n\u00famero de personas asistentes a la reuni\u00f3n en Indonesia a 1&nbsp;250. Los casos de COVID-19 en Indonesia siguen siendo bajos, por lo que el gobierno de Indonesia ha [&hellip;]","og_url":"https:\/\/mwc-cmm.org\/es\/stories\/las-personas-que-participaran-de-la-asamblea-presencial-casi-se-duplicaron\/","og_site_name":"Mennonite World Conference","article_publisher":"https:\/\/www.facebook.com\/MennoniteWorldConference","article_published_time":"2022-05-03T00:00:00+00:00","article_modified_time":"2024-12-10T18:04:32+00:00","og_image":[{"width":2560,"height":1920,"url":"https:\/\/mwc-cmm.org\/wp-content\/uploads\/2024\/11\/07242015_jonathan_charles_0427-scaled.jpg","type":"image\/jpeg"}],"author":"mennworldcon","schema":{"@context":"https:\/\/schema.org","@graph":[{"@type":"Article","@id":"https:\/\/mwc-cmm.org\/es\/stories\/las-personas-que-participaran-de-la-asamblea-presencial-casi-se-duplicaron\/#article","isPartOf":{"@id":"https:\/\/mwc-cmm.org\/es\/stories\/las-personas-que-participaran-de-la-asamblea-presencial-casi-se-duplicaron\/"},"author":{"name":"mennworldcon","@id":"https:\/\/mwc-cmm.org\/en\/#\/schema\/person\/11f6ae0d7d1868ba20a1cc27f067c836"},"headline":"Las personas que participaran de la asamblea presencial casi se duplicaron","datePublished":"2022-05-03T00:00:00+00:00","dateModified":"2024-12-10T18:04:32+00:00","mainEntityOfPage":{"@id":"https:\/\/mwc-cmm.org\/es\/stories\/las-personas-que-participaran-de-la-asamblea-presencial-casi-se-duplicaron\/"},"wordCount":299,"publisher":{"@id":"https:\/\/mwc-cmm.org\/en\/#organization"},"image":{"@id":"https:\/\/mwc-cmm.org\/es\/stories\/las-personas-que-participaran-de-la-asamblea-presencial-casi-se-duplicaron\/#primaryimage"},"thumbnailUrl":"https:\/\/mwc-cmm.org\/wp-content\/uploads\/2024\/11\/07242015_jonathan_charles_0427-scaled.jpg","keywords":["Asamblea"],"articleSection":["Sin categorizar"],"inLanguage":"es"},{"@type":"WebPage","@id":"https:\/\/mwc-cmm.org\/es\/stories\/las-personas-que-participaran-de-la-asamblea-presencial-casi-se-duplicaron\/","url":"https:\/\/mwc-cmm.org\/es\/stories\/las-personas-que-participaran-de-la-asamblea-presencial-casi-se-duplicaron\/","name":"Las personas que participaran de la asamblea presencial casi se duplicaron - Mennonite World Conference","isPartOf":{"@id":"https:\/\/mwc-cmm.org\/en\/#website"},"primaryImageOfPage":{"@id":"https:\/\/mwc-cmm.org\/es\/stories\/las-personas-que-participaran-de-la-asamblea-presencial-casi-se-duplicaron\/#primaryimage"},"image":{"@id":"https:\/\/mwc-cmm.org\/es\/stories\/las-personas-que-participaran-de-la-asamblea-presencial-casi-se-duplicaron\/#primaryimage"},"thumbnailUrl":"https:\/\/mwc-cmm.org\/wp-content\/uploads\/2024\/11\/07242015_jonathan_charles_0427-scaled.jpg","datePublished":"2022-05-03T00:00:00+00:00","dateModified":"2024-12-10T18:04:32+00:00","breadcrumb":{"@id":"https:\/\/mwc-cmm.org\/es\/stories\/las-personas-que-participaran-de-la-asamblea-presencial-casi-se-duplicaron\/#breadcrumb"},"inLanguage":"es","potentialAction":[{"@type":"ReadAction","target":["https:\/\/mwc-cmm.org\/es\/stories\/las-personas-que-participaran-de-la-asamblea-presencial-casi-se-duplicaron\/"]}]},{"@type":"ImageObject","inLanguage":"es","@id":"https:\/\/mwc-cmm.org\/es\/stories\/las-personas-que-participaran-de-la-asamblea-presencial-casi-se-duplicaron\/#primaryimage","url":"https:\/\/mwc-cmm.org\/wp-content\/uploads\/2024\/11\/07242015_jonathan_charles_0427-scaled.jpg","contentUrl":"https:\/\/mwc-cmm.org\/wp-content\/uploads\/2024\/11\/07242015_jonathan_charles_0427-scaled.jpg","width":2560,"height":1920},{"@type":"BreadcrumbList","@id":"https:\/\/mwc-cmm.org\/es\/stories\/las-personas-que-participaran-de-la-asamblea-presencial-casi-se-duplicaron\/#breadcrumb","itemListElement":[{"@type":"ListItem","position":1,"name":"Home","item":"https:\/\/mwc-cmm.org\/es\/"},{"@type":"ListItem","position":2,"name":"Las personas que participaran de la asamblea presencial casi se duplicaron"}]},{"@type":"WebSite","@id":"https:\/\/mwc-cmm.org\/en\/#website","url":"https:\/\/mwc-cmm.org\/en\/","name":"Mennonite World Conference","description":"A communion of Anabaptist-related churches","publisher":{"@id":"https:\/\/mwc-cmm.org\/en\/#organization"},"alternateName":"MWC","potentialAction":[{"@type":"SearchAction","target":{"@type":"EntryPoint","urlTemplate":"https:\/\/mwc-cmm.org\/en\/?s={search_term_string}"},"query-input":{"@type":"PropertyValueSpecification","valueRequired":true,"valueName":"search_term_string"}}],"inLanguage":"es"},{"@type":"Organization","@id":"https:\/\/mwc-cmm.org\/en\/#organization","name":"Mennonite World Conference","alternateName":"MWC","url":"https:\/\/mwc-cmm.org\/en\/","logo":{"@type":"ImageObject","inLanguage":"es","@id":"https:\/\/mwc-cmm.org\/en\/#\/schema\/logo\/image\/","url":"https:\/\/mwc-cmm.org\/wp-content\/uploads\/2026\/01\/MWC_Sig_Blue_Horiz_webheader1-logo.svg","contentUrl":"https:\/\/mwc-cmm.org\/wp-content\/uploads\/2026\/01\/MWC_Sig_Blue_Horiz_webheader1-logo.svg","width":786,"height":82,"caption":"Mennonite World Conference"},"image":{"@id":"https:\/\/mwc-cmm.org\/en\/#\/schema\/logo\/image\/"},"sameAs":["https:\/\/www.facebook.com\/MennoniteWorldConference","https:\/\/www.linkedin.com\/company\/mennonite-world-conference-mwc\/","https:\/\/www.instagram.com\/mwcmm\/","https:\/\/www.youtube.com\/user\/mwccmm","https:\/\/bsky.app\/profile\/mwcmm.bsky.social"]},{"@type":"Person","@id":"https:\/\/mwc-cmm.org\/en\/#\/schema\/person\/11f6ae0d7d1868ba20a1cc27f067c836","name":"mennworldcon","image":{"@type":"ImageObject","inLanguage":"es","@id":"https:\/\/secure.gravatar.com\/avatar\/06fdc0dc81c157dfdb82ec42f252178a22307808988d22c043f9eb96f1e0fe80?s=96&d=mm&r=g","url":"https:\/\/secure.gravatar.com\/avatar\/06fdc0dc81c157dfdb82ec42f252178a22307808988d22c043f9eb96f1e0fe80?s=96&d=mm&r=g","contentUrl":"https:\/\/secure.gravatar.com\/avatar\/06fdc0dc81c157dfdb82ec42f252178a22307808988d22c043f9eb96f1e0fe80?s=96&d=mm&r=g","caption":"mennworldcon"},"sameAs":["https:\/\/mwc-cmm.org"],"url":"https:\/\/mwc-cmm.org\/es\/stories\/author\/mennworldcon\/"}]}},"_links":{"self":[{"href":"https:\/\/mwc-cmm.org\/es\/wp-json\/wp\/v2\/posts\/9212","targetHints":{"allow":["GET"]}}],"collection":[{"href":"https:\/\/mwc-cmm.org\/es\/wp-json\/wp\/v2\/posts"}],"about":[{"href":"https:\/\/mwc-cmm.org\/es\/wp-json\/wp\/v2\/types\/post"}],"author":[{"embeddable":true,"href":"https:\/\/mwc-cmm.org\/es\/wp-json\/wp\/v2\/users\/1"}],"replies":[{"embeddable":true,"href":"https:\/\/mwc-cmm.org\/es\/wp-json\/wp\/v2\/comments?post=9212"}],"version-history":[{"count":0,"href":"https:\/\/mwc-cmm.org\/es\/wp-json\/wp\/v2\/posts\/9212\/revisions"}],"wp:featuredmedia":[{"embeddable":true,"href":"https:\/\/mwc-cmm.org\/es\/wp-json\/wp\/v2\/media\/94964"}],"wp:attachment":[{"href":"https:\/\/mwc-cmm.org\/es\/wp-json\/wp\/v2\/media?parent=9212"}],"wp:term":[{"taxonomy":"category","embeddable":true,"href":"https:\/\/mwc-cmm.org\/es\/wp-json\/wp\/v2\/categories?post=9212"},{"taxonomy":"post_tag","embeddable":true,"href":"https:\/\/mwc-cmm.org\/es\/wp-json\/wp\/v2\/tags?post=9212"},{"taxonomy":"network","embeddable":true,"href":"https:\/\/mwc-cmm.org\/es\/wp-json\/wp\/v2\/network?post=9212"},{"taxonomy":"eventcategory","embeddable":true,"href":"https:\/\/mwc-cmm.org\/es\/wp-json\/wp\/v2\/eventcategory?post=9212"}],"curies":[{"name":"wp","href":"https:\/\/api.w.org\/{rel}","templated":true}]}}