{"id":9200,"date":"2022-04-04T00:00:00","date_gmt":"2022-04-04T00:00:00","guid":{"rendered":"https:\/\/mwc-cmm.org\/how-should-mennonite-world-conference-engage-the-church-with-creation-care-2\/"},"modified":"2024-12-10T18:04:25","modified_gmt":"2024-12-10T18:04:25","slug":"como-debe-el-congreso-mundial-menonita-comprometer-la-iglesia-con-el-cuidado-de-la-creacion","status":"publish","type":"post","link":"https:\/\/mwc-cmm.org\/es\/stories\/como-debe-el-congreso-mundial-menonita-comprometer-la-iglesia-con-el-cuidado-de-la-creacion\/","title":{"rendered":"\u00bfC\u00f3mo debe el Congreso Mundial Menonita comprometer a la iglesia con el cuidado de la creaci\u00f3n?"},"content":{"rendered":"<p>Esta serie de historias sobre la encuesta relacionada al cuidado de la creaci\u00f3n, ha iluminado la importancia de temas como el cambio clim\u00e1tico en la vida de los anabautistas de todo el mundo. Ahora llegamos a la \u00faltima pregunta: \u00bfqu\u00e9 debe hacer el Congreso Mundial Menonita en respuesta? &nbsp;<\/p>\n<p>El Grupo de Trabajo de Cuidado de la Creaci\u00f3n est\u00e1 recibiendo sus respuestas como gu\u00edas para elaborar actividades que ayuden mejor a las congregaciones a involucrarse con los problemas del cuidado de la creaci\u00f3n. &nbsp;<\/p>\n<h3>1.&nbsp;El pedido m\u00e1s com\u00fan fue enterarse m\u00e1s sobre el cuidado de la creaci\u00f3n. &nbsp;<\/h3>\n<p>Las respuestas m\u00e1s comunes expresaron el mismo tema de diferentes maneras: la necesidad de enterarse m\u00e1s sobre temas ambientales. A menudo, se trat\u00f3 de un pedido de ayuda para aprender sobre el cuidado de la creaci\u00f3n, ya sea a trav\u00e9s de capacitaci\u00f3n o recursos. Este fue el factor m\u00e1s com\u00fan en las respuestas de \u00c1frica, Asia y Am\u00e9rica Latina. &nbsp;<\/p>\n<p>\u201cTodos los seres humanos aspiramos a vivir seguros en este planeta. Por lo tanto, sugerimos que el Congreso Mundial Menonita organice conferencias en l\u00ednea y proporcione recursos escritos que hablen sobre la creaci\u00f3n y la protecci\u00f3n ambiental. Eso permitir\u00e1 a nuestros miembros tener conocimiento del medio ambiente y les ayudar\u00e1 a vivir de manera sostenible en armon\u00eda con el medio ambiente\u201d. \u2014<em>Cristiano Mafuta M. Ngoma, Igreja da Comunidade Menonita em Angola (Mennonite Church in Angola)&nbsp;<\/em><\/p>\n<p>Los encuestados de Am\u00e9rica del Norte y Europa expresaron este tema de manera diferente. Hubo muchas solicitudes de escuchar historias sobre los impactos y las acciones que se llevan a cabo para el cuidado de la creaci\u00f3n; especialmente, de parte de los m\u00e1s afectados por el cambio clim\u00e1tico.&nbsp;<\/p>\n<p>Los encuestados de todas las regiones expresaron el deseo de que la iglesia a nivel institucional sea m\u00e1s consciente del cuidado de la creaci\u00f3n. Quieren que el Congreso Mundial Menonita y las iglesias miembros internalicen el cuidado de la creaci\u00f3n para que sea parte integral de lo que hacen las iglesias. &nbsp;<\/p>\n<p>\u201cNecesitamos llamados de acci\u00f3n que coincidan con el nivel de la crisis en la que nos encontramos: \u2018una emergencia clim\u00e1tica\u2019. Si no pensamos en grande y no somos m\u00e1s osados, en realidad podr\u00eda generar m\u00e1s desesperaci\u00f3n\u201d. \u2014<em>Steve Heinrichs, Hope Mennonite Church, Winnipeg, Manitoba, Canad\u00e1 &nbsp;<\/em><\/p>\n<h3>2. Algunos pidieron sugerencias sobre tomar acciones que sean relevantes para sus comunidades &nbsp;<\/h3>\n<figure class=\"image\" style=\"float:right\"><img decoding=\"async\" alt=\"\" height=\"150\" data-src=\"\/sites\/default\/files\/website_files_2020\/cctf-8-miahandoyo-img_20220310_102622.jpg\" width=\"200\" src=\"data:image\/svg+xml;base64,PHN2ZyB3aWR0aD0iMSIgaGVpZ2h0PSIxIiB4bWxucz0iaHR0cDovL3d3dy53My5vcmcvMjAwMC9zdmciPjwvc3ZnPg==\" class=\"lazyload\" style=\"--smush-placeholder-width: 200px; --smush-placeholder-aspect-ratio: 200\/150;\"><figcaption><em>Mia Handoyo<\/em><\/figcaption><\/figure>\n<p>Los encuestados sugirieron que el cuidado de la creaci\u00f3n depende de los contextos locales y que se necesita colaboraci\u00f3n; las soluciones pueden diferir dependiendo de la ubicaci\u00f3n. Debemos reconocer la diversidad de contribuciones que provienen de una variedad de comunidades y organizaciones. &nbsp;<\/p>\n<p>\u201cTrabajar con comunidades anabautistas mundiales. \u00c1frica puede contribuir mucho para abordar el tema del cambio clim\u00e1tico y trabajar con nosotros\u201d. \u2014<em>Desalegn Abebe, presidente, Iglesia Meserete Kristos, Etiop\u00eda.&nbsp;<\/em><\/p>\n<p>\u201cColaborar con las iglesias para identificar diferentes problemas y recursos disponibles y luego incorporar a la comunidad local para resolver los problemas.\u201d \u2014<em>Delphin Kapay, Communaut\u00e9 des Eglises des Fr\u00e8res Mennonites au Congo.&nbsp;<\/em><\/p>\n<p>\u201cTal vez ser\u00eda \u00fatil un Grupo de Trabajo de Cuidado de la Creaci\u00f3n localizado. Las pautas para maneras de vida m\u00e1s simples y sostenibles a menudo se basan en lo que sucede en los pa\u00edses occidentales, lo que no es muy accesible ni factible en otras regiones\u201d. \u2014<em>Mia Handoyo, GKMI Semarang, Indonesia. &nbsp;\u201a\u00c4\u00e3&nbsp;<\/em><\/p>\n<p>Los pedidos de sugerencias espec\u00edficas generalmente se enfocaron en acciones individuales, como plantar \u00e1rboles o instalar paneles solares. &nbsp;<\/p>\n<p>\u201cNecesitamos alentar a los miembros de la iglesia a avanzar desde la adopci\u00f3n de medidas desde un nivel individual, hasta el del hogar, y al de comunidades m\u00e1s amplias. El solo hecho de hablar no producir\u00e1 un cambio\u201d. \u2014<em>Durga Sunchiuri, coordinadora del programa del CMM en Nepal por siete a\u00f1os&nbsp;<\/em><\/p>\n<figure class=\"image\" style=\"float:right\"><img decoding=\"async\" alt=\"\" height=\"150\" data-src=\"\/sites\/default\/files\/website_files_2020\/cctf8durgasunchiuri.jpg\" width=\"206\" src=\"data:image\/svg+xml;base64,PHN2ZyB3aWR0aD0iMSIgaGVpZ2h0PSIxIiB4bWxucz0iaHR0cDovL3d3dy53My5vcmcvMjAwMC9zdmciPjwvc3ZnPg==\" class=\"lazyload\" style=\"--smush-placeholder-width: 206px; --smush-placeholder-aspect-ratio: 206\/150;\"><figcaption><em>Durga Sunchiuri<\/em><\/figcaption><\/figure>\n<p>\u201cLo m\u00e1s \u00fatil ser\u00eda unos consejos breves sobre c\u00f3mo tener en cuenta la ecolog\u00eda en la vida \/ la iglesia. Cosas pr\u00e1cticas que no toman mucho tiempo ni dinero, pero cuando todas las iglesias \/ familias las ponen en pr\u00e1ctica, realmente marcar\u00edan la diferencia\u201d. \u2014<em>Jantine Brouwer-Huisman, Algemene Doopsgezind Societeit&nbsp;<\/em><\/p>\n<p>Adem\u00e1s de las acciones individuales, varios encuestados pidieron acciones a nivel del sistema social, como comprometerse con las pol\u00edticas gubernamentales por medio de la incidencia. Otros pedidos mencionados regularmente incluyeron la capacitaci\u00f3n de l\u00edderes y la asistencia financiera. &nbsp;<\/p>\n<p>\u201cQuiero que mi iglesia y nuestra denominaci\u00f3n asuman riesgos para \u2018enfrentar al poder con la verdad\u2019. Quiero que podamos respirar m\u00e1s profundo porque hemos tomado medidas sistem\u00e1ticas significativas, en lugar de estar paralizados por la culpa. Quiero que nos alineemos con las personas de todas las religiones y formas de ver el mundo y llevemos a cabo un activismo serio para apoyar la creaci\u00f3n y las pr\u00f3ximas generaciones de seres humanos que corren un riesgo muy grave\u201d. \u2014<em>Lisa Martens, Hope Mennonite Church, Winnipeg, Manitoba, Canad\u00e1&nbsp;<\/em><\/p>\n<h3>3.&nbsp;Hubo menos comentarios sobre otras estrategias de participaci\u00f3n importantes<\/h3>\n<p>En una parte importante del mundo, el mayor obst\u00e1culo para la acci\u00f3n clim\u00e1tica es c\u00f3mo se ha politizado el tema. Varios de los encuestados solicitaron que el Congreso Mundial Menonita presentara una base b\u00edblica y mundial para nuestra discusi\u00f3n que salve las divisiones pol\u00edticas y atraiga a personas de diversos trasfondos. &nbsp;<\/p>\n<p>\u201cEl cambio clim\u00e1tico es un tema moral que deber\u00eda preocuparnos a todos, no un tema pol\u00edtico destinado a enfrentar a los \u2018ambientalistas\u2019 contra aquellos que se ganan la vida cosechando la tierra\u201d. \u2014<em>Sarah Werner, Columbus Mennonite Church, Ohio, EE.UU. &nbsp;<\/em><\/p>\n<figure class=\"image\" style=\"float:right\"><img decoding=\"async\" alt=\"\" height=\"150\" data-src=\"\/sites\/default\/files\/website_files_2020\/cctf-8-sarahwerner-photo.jpg\" width=\"150\" src=\"data:image\/svg+xml;base64,PHN2ZyB3aWR0aD0iMSIgaGVpZ2h0PSIxIiB4bWxucz0iaHR0cDovL3d3dy53My5vcmcvMjAwMC9zdmciPjwvc3ZnPg==\" class=\"lazyload\" style=\"--smush-placeholder-width: 150px; --smush-placeholder-aspect-ratio: 150\/150;\"><figcaption><em>Sarah Werner<\/em><\/figcaption><\/figure>\n<p>La conexi\u00f3n relacional de las congregaciones estadounidenses con las iglesias anabautistas en contextos no occidentales afectados por el cambio clim\u00e1tico podr\u00eda superar la polarizaci\u00f3n. \u2014<em>Rodney Martin, Lititz Mennonite Church, Pennsylvania, EE.UU.&nbsp;<\/em><\/p>\n<p>Las organizaciones que trabajan en temas ambientales han aprendido estrategias que efectivamente mueven a los grupos hacia la acci\u00f3n. A decir, la participaci\u00f3n a trav\u00e9s de las redes sociales, el empoderamiento de los j\u00f3venes y el desarrollo de una fuerte voz de consenso, son estrategias efectivas para tomar medidas sobre el cambio clim\u00e1tico; sorprendentemente, estos no se mencionaron con frecuencia. Asimismo, relativamente pocos pidieron ayuda para articular una perspectiva anabautista distintiva sobre el cuidado de la creaci\u00f3n.&nbsp;<\/p>\n<p>\u201cAyude a la Iglesia Menonita a pasar de la \u2018la tranquilidad en la tierra\u2019 a encontrar una voz de consenso para hablar y tomar medidas en torno al cambio clim\u00e1tico. Este es un asunto basado en la fe\u201d. \u2014Heather Wolfe, Taftsville \u2018Chapel Mennonite Fellowship\u2019 (Fraternidad Menonita de la Capilla), Woodstock, Vermont, EE. UU.&nbsp;<\/p>\n<p>Aunque las personas encuestadas mencionaron estrategias con poca frecuencia, esto no significa que no fueran importantes &nbsp;<\/p>\n<p>En cambio, pueden representar \u00e1reas de oportunidad: m\u00e9todos de compromiso para expandir nuestro impacto.&nbsp;<\/p>\n<div style=\"text-align:center\">\n<figure class=\"image\" style=\"display:inline-block\"><img decoding=\"async\" alt=\"\" height=\"250\" data-src=\"\/sites\/default\/files\/website_files_2020\/untitled_design_0.jpg\" width=\"625\" src=\"data:image\/svg+xml;base64,PHN2ZyB3aWR0aD0iMSIgaGVpZ2h0PSIxIiB4bWxucz0iaHR0cDovL3d3dy53My5vcmcvMjAwMC9zdmciPjwvc3ZnPg==\" class=\"lazyload\" style=\"--smush-placeholder-width: 625px; --smush-placeholder-aspect-ratio: 625\/250;\"><figcaption>Miembros de Hope Mennonite se reunieron frente a la oficina de un ministro del gabinete federal para pedir una transici\u00f3n de energ\u00eda justa. &nbsp;<\/figcaption><\/figure>\n<\/div>\n<table style=\"width:100%\">\n<tbody>\n<tr>\n<td>\n<h2>Respuesta<\/h2>\n<p>El grupo de Trabajo de Cuidado de la Creaci\u00f3n agradece a las m\u00e1s de 350 personas que compartieron sus historias, sentimientos e ideas sobre c\u00f3mo podemos responder fielmente como comunidad al desaf\u00edo de cuidar la creaci\u00f3n. Est\u00e9 atento a m\u00e1s historias, eventos y recursos a medida que el grupo de trabajo responde a este llamado colectivo para cambiar la forma en la que todos pensamos y actuamos sobre el cambio clim\u00e1tico y otros problemas ambientales. &nbsp;<\/p>\n<p>&#8212;&nbsp;<\/p>\n<p>\u221a\u00f6nase a nosotros en la Asamblea 17 en Indonesia, donde el cuidado de la creaci\u00f3n se encuentra incorporado a una variedad de sesiones y actividades. El Grupo de Trabajo de Cuidado de la Creaci\u00f3n lo invita a escuchar m\u00e1s historias de la encuesta y los planes del CMM para involucrar el cuidado de la creaci\u00f3n en las siguientes sesiones:&nbsp;<\/p>\n<p><em><strong>\u201cEl cuidado de la creaci\u00f3n y el CMM: Respondiendo como iglesia mundial\u201d&nbsp;<\/strong><\/em><\/p>\n<p>\u00bfC\u00f3mo debe responder el Congreso Mundial Menonita al clima y a otras crisis ambientales que est\u00e1n afectando a las comunidades a nivel mundial? Este taller presenta aprendizajes e historias que surgen de la encuesta reciente sobre el cuidado de la creaci\u00f3n. Los miembros del Grupo de Trabajo de Cuidado de la Creaci\u00f3n conducir\u00e1n una conversaci\u00f3n sobre c\u00f3mo el CMM deber\u00eda responder a estas crisis del cuidado de la creaci\u00f3n.&nbsp;<\/p>\n<p><em><strong>\u201cPasos pr\u00e1cticos de la iglesia mundial para el cuidado de la creaci\u00f3n\u201d&nbsp;<\/strong><\/em><\/p>\n<p>Un panel que representa a iglesias de todo el mundo compartir\u00e1 formas pr\u00e1cticas, desde la jardiner\u00eda hasta acciones de incidencia, en las que se est\u00e1n involucrando el cuidado de la creaci\u00f3n. Habr\u00e1 tiempo para que los participantes y la audiencia del taller puedan hacer preguntas y compartir entre s\u00ed. Este panel es parte de una serie de talleres del Grupo de Trabajo de Cuidado de la Creaci\u00f3n.&nbsp;<\/p>\n<\/td>\n<\/tr>\n<\/tbody>\n<\/table>\n<table style=\"width:100%;\">\n<tbody>\n<tr>\n<td>\n<h2>Les damos la bienvenida a una serie sobre problemas ambientales y la iglesia mundial.<\/h2>\n<p>Estas historias ilustrar\u00e1n:<\/p>\n<p>a) C\u00f3mo se ven los menonita-anabautistas afectados por la degradaci\u00f3n ambiental,<br \/>\n\t\t\tb) Qu\u00e9 piensan los menonita-anabautistas sobre los problemas ambientales,<br \/>\n\t\t\tc) En qu\u00e9 maneras est\u00e1n respondiendo los menonita-anabautistas<\/p>\n<h5>Historia #1: <a href=\"https:\/\/mwc-cmm.org\/es\/stories\/en-que-maneras-impactan-las-crisis-ambientales-las-comunidades-eclesiales\">\u00bfEn qu\u00e9 maneras impactan las crisis ambientales a las comunidades eclesiales?<\/a><\/h5>\n<h5>Historia #2:&nbsp;<a href=\"https:\/\/mwc-cmm.org\/es\/stories\/como-los-problemas-ambientales-hacen-sentir-la-gente\">\u00bfC\u00f3mo los problemas ambientales hacen sentir a la gente?<\/a><\/h5>\n<h5>Historia #3:&nbsp;<a href=\"https:\/\/mwc-cmm.org\/es\/stories\/estan-nuestras-iglesias-y-su-liderazgo-comprometidos-con-el-cuidado-de-la-creacion\">\u00bf<\/a><a href=\"https:\/\/mwc-cmm.org\/es\/stories\/como-se-intersecta-el-cambio-climatico-con-otros-desafios-comunitarios\">C\u00f3mo se intersecta el cambio clim\u00e1tico con otros desaf\u00edos comunitarios?<\/a><\/h5>\n<h5>Historia #4:&nbsp;<a href=\"https:\/\/mwc-cmm.org\/es\/stories\/estan-nuestras-iglesias-y-su-liderazgo-comprometidos-con-el-cuidado-de-la-creacion\">\u00bfEst\u00e1n nuestras iglesias y su liderazgo comprometidos con el Cuidado de la Creaci\u00f3n?<\/a><\/h5>\n<h5>Historia #5:&nbsp;<a href=\"https:\/\/mwc-cmm.org\/es\/stories\/como-practican-las-iglesias-el-cuidado-de-la-creacion\">\u00bfC\u00f3mo practican las iglesias el cuidado de la creaci\u00f3n?<\/a><\/h5>\n<h5>Historia #6:&nbsp;<a href=\"https:\/\/mwc-cmm.org\/es\/stories\/que-ayudaria-las-iglesias-comprometerse-mas-con-el-cuidado-de-la-creacion\">\u00bfQu\u00e9 ayudar\u00eda a las iglesias a comprometerse m\u00e1s con el cuidado de la creaci\u00f3n?<\/a><\/h5>\n<h5>Historia #7:&nbsp;<a href=\"https:\/\/mwc-cmm.org\/es\/stories\/las-personas-anabautistas-de-todo-el-mundo-se-preocupan-por-la-creacion\">Las personas anabautistas de todo el mundo se preocupan por la creaci\u00f3n<\/a><\/h5>\n<\/td>\n<\/tr>\n<\/tbody>\n<\/table>\n","protected":false},"excerpt":{"rendered":"<p>Esta serie de historias sobre la encuesta relacionada al cuidado de la creaci\u00f3n, ha iluminado la importancia de temas como el cambio clim\u00e1tico en la vida de los anabautistas de todo el mundo. Ahora llegamos a la \u00faltima pregunta: \u00bfqu\u00e9 debe hacer el Congreso Mundial Menonita en respuesta? &nbsp; El Grupo de Trabajo de Cuidado [&hellip;]<\/p>\n","protected":false},"author":1,"featured_media":94880,"comment_status":"closed","ping_status":"closed","sticky":false,"template":"","format":"standard","meta":{"_acf_changed":false,"footnotes":""},"categories":[6],"tags":[],"network":[1306,1248],"eventcategory":[],"class_list":["post-9200","post","type-post","status-publish","format-standard","has-post-thumbnail","hentry","category-sin-categorizar","network-courier-es","network-creation-care-task-force-es"],"acf":[],"yoast_head":"<!-- This site is optimized with the Yoast SEO plugin v27.2 - https:\/\/yoast.com\/product\/yoast-seo-wordpress\/ -->\n<title>\u00bfC\u00f3mo debe el Congreso Mundial Menonita comprometer a la iglesia con el cuidado de la creaci\u00f3n? - Mennonite World Conference<\/title>\n<meta name=\"robots\" content=\"index, follow, max-snippet:-1, max-image-preview:large, max-video-preview:-1\" \/>\n<link rel=\"canonical\" href=\"https:\/\/mwc-cmm.org\/es\/stories\/como-debe-el-congreso-mundial-menonita-comprometer-la-iglesia-con-el-cuidado-de-la-creacion\/\" \/>\n<meta property=\"og:locale\" content=\"es_ES\" \/>\n<meta property=\"og:type\" content=\"article\" \/>\n<meta property=\"og:title\" content=\"\u00bfC\u00f3mo debe el Congreso Mundial Menonita comprometer a la iglesia con el cuidado de la creaci\u00f3n? - Mennonite World Conference\" \/>\n<meta property=\"og:description\" content=\"Esta serie de historias sobre la encuesta relacionada al cuidado de la creaci\u00f3n, ha iluminado la importancia de temas como el cambio clim\u00e1tico en la vida de los anabautistas de todo el mundo. Ahora llegamos a la \u00faltima pregunta: \u00bfqu\u00e9 debe hacer el Congreso Mundial Menonita en respuesta? &nbsp; El Grupo de Trabajo de Cuidado [&hellip;]\" \/>\n<meta property=\"og:url\" content=\"https:\/\/mwc-cmm.org\/es\/stories\/como-debe-el-congreso-mundial-menonita-comprometer-la-iglesia-con-el-cuidado-de-la-creacion\/\" \/>\n<meta property=\"og:site_name\" content=\"Mennonite World Conference\" \/>\n<meta property=\"article:publisher\" content=\"https:\/\/www.facebook.com\/MennoniteWorldConference\" \/>\n<meta property=\"article:published_time\" content=\"2022-04-04T00:00:00+00:00\" \/>\n<meta property=\"article:modified_time\" content=\"2024-12-10T18:04:25+00:00\" \/>\n<meta property=\"og:image\" content=\"https:\/\/mwc-cmm.org\/wp-content\/uploads\/2024\/11\/cctf-8-carolynregehr-protest-img_5631-scaled.jpg\" \/>\n\t<meta property=\"og:image:width\" content=\"2560\" \/>\n\t<meta property=\"og:image:height\" content=\"1890\" \/>\n\t<meta property=\"og:image:type\" content=\"image\/jpeg\" \/>\n<meta name=\"author\" content=\"mennworldcon\" \/>\n<script type=\"application\/ld+json\" class=\"yoast-schema-graph\">{\"@context\":\"https:\/\/schema.org\",\"@graph\":[{\"@type\":\"Article\",\"@id\":\"https:\/\/mwc-cmm.org\/es\/stories\/como-debe-el-congreso-mundial-menonita-comprometer-la-iglesia-con-el-cuidado-de-la-creacion\/#article\",\"isPartOf\":{\"@id\":\"https:\/\/mwc-cmm.org\/es\/stories\/como-debe-el-congreso-mundial-menonita-comprometer-la-iglesia-con-el-cuidado-de-la-creacion\/\"},\"author\":{\"name\":\"mennworldcon\",\"@id\":\"https:\/\/mwc-cmm.org\/en\/#\/schema\/person\/11f6ae0d7d1868ba20a1cc27f067c836\"},\"headline\":\"\u00bfC\u00f3mo debe el Congreso Mundial Menonita comprometer a la iglesia con el cuidado de la creaci\u00f3n?\",\"datePublished\":\"2022-04-04T00:00:00+00:00\",\"dateModified\":\"2024-12-10T18:04:25+00:00\",\"mainEntityOfPage\":{\"@id\":\"https:\/\/mwc-cmm.org\/es\/stories\/como-debe-el-congreso-mundial-menonita-comprometer-la-iglesia-con-el-cuidado-de-la-creacion\/\"},\"wordCount\":1713,\"publisher\":{\"@id\":\"https:\/\/mwc-cmm.org\/en\/#organization\"},\"image\":{\"@id\":\"https:\/\/mwc-cmm.org\/es\/stories\/como-debe-el-congreso-mundial-menonita-comprometer-la-iglesia-con-el-cuidado-de-la-creacion\/#primaryimage\"},\"thumbnailUrl\":\"https:\/\/mwc-cmm.org\/wp-content\/uploads\/2024\/11\/cctf-8-carolynregehr-protest-img_5631-scaled.jpg\",\"articleSection\":[\"Sin categorizar\"],\"inLanguage\":\"es\"},{\"@type\":\"WebPage\",\"@id\":\"https:\/\/mwc-cmm.org\/es\/stories\/como-debe-el-congreso-mundial-menonita-comprometer-la-iglesia-con-el-cuidado-de-la-creacion\/\",\"url\":\"https:\/\/mwc-cmm.org\/es\/stories\/como-debe-el-congreso-mundial-menonita-comprometer-la-iglesia-con-el-cuidado-de-la-creacion\/\",\"name\":\"\u00bfC\u00f3mo debe el Congreso Mundial Menonita comprometer a la iglesia con el cuidado de la creaci\u00f3n? - Mennonite World Conference\",\"isPartOf\":{\"@id\":\"https:\/\/mwc-cmm.org\/en\/#website\"},\"primaryImageOfPage\":{\"@id\":\"https:\/\/mwc-cmm.org\/es\/stories\/como-debe-el-congreso-mundial-menonita-comprometer-la-iglesia-con-el-cuidado-de-la-creacion\/#primaryimage\"},\"image\":{\"@id\":\"https:\/\/mwc-cmm.org\/es\/stories\/como-debe-el-congreso-mundial-menonita-comprometer-la-iglesia-con-el-cuidado-de-la-creacion\/#primaryimage\"},\"thumbnailUrl\":\"https:\/\/mwc-cmm.org\/wp-content\/uploads\/2024\/11\/cctf-8-carolynregehr-protest-img_5631-scaled.jpg\",\"datePublished\":\"2022-04-04T00:00:00+00:00\",\"dateModified\":\"2024-12-10T18:04:25+00:00\",\"breadcrumb\":{\"@id\":\"https:\/\/mwc-cmm.org\/es\/stories\/como-debe-el-congreso-mundial-menonita-comprometer-la-iglesia-con-el-cuidado-de-la-creacion\/#breadcrumb\"},\"inLanguage\":\"es\",\"potentialAction\":[{\"@type\":\"ReadAction\",\"target\":[\"https:\/\/mwc-cmm.org\/es\/stories\/como-debe-el-congreso-mundial-menonita-comprometer-la-iglesia-con-el-cuidado-de-la-creacion\/\"]}]},{\"@type\":\"ImageObject\",\"inLanguage\":\"es\",\"@id\":\"https:\/\/mwc-cmm.org\/es\/stories\/como-debe-el-congreso-mundial-menonita-comprometer-la-iglesia-con-el-cuidado-de-la-creacion\/#primaryimage\",\"url\":\"https:\/\/mwc-cmm.org\/wp-content\/uploads\/2024\/11\/cctf-8-carolynregehr-protest-img_5631-scaled.jpg\",\"contentUrl\":\"https:\/\/mwc-cmm.org\/wp-content\/uploads\/2024\/11\/cctf-8-carolynregehr-protest-img_5631-scaled.jpg\",\"width\":2560,\"height\":1890},{\"@type\":\"BreadcrumbList\",\"@id\":\"https:\/\/mwc-cmm.org\/es\/stories\/como-debe-el-congreso-mundial-menonita-comprometer-la-iglesia-con-el-cuidado-de-la-creacion\/#breadcrumb\",\"itemListElement\":[{\"@type\":\"ListItem\",\"position\":1,\"name\":\"Home\",\"item\":\"https:\/\/mwc-cmm.org\/es\/\"},{\"@type\":\"ListItem\",\"position\":2,\"name\":\"\u00bfC\u00f3mo debe el Congreso Mundial Menonita comprometer a la iglesia con el cuidado de la creaci\u00f3n?\"}]},{\"@type\":\"WebSite\",\"@id\":\"https:\/\/mwc-cmm.org\/en\/#website\",\"url\":\"https:\/\/mwc-cmm.org\/en\/\",\"name\":\"Mennonite World Conference\",\"description\":\"A communion of Anabaptist-related churches\",\"publisher\":{\"@id\":\"https:\/\/mwc-cmm.org\/en\/#organization\"},\"alternateName\":\"MWC\",\"potentialAction\":[{\"@type\":\"SearchAction\",\"target\":{\"@type\":\"EntryPoint\",\"urlTemplate\":\"https:\/\/mwc-cmm.org\/en\/?s={search_term_string}\"},\"query-input\":{\"@type\":\"PropertyValueSpecification\",\"valueRequired\":true,\"valueName\":\"search_term_string\"}}],\"inLanguage\":\"es\"},{\"@type\":\"Organization\",\"@id\":\"https:\/\/mwc-cmm.org\/en\/#organization\",\"name\":\"Mennonite World Conference\",\"alternateName\":\"MWC\",\"url\":\"https:\/\/mwc-cmm.org\/en\/\",\"logo\":{\"@type\":\"ImageObject\",\"inLanguage\":\"es\",\"@id\":\"https:\/\/mwc-cmm.org\/en\/#\/schema\/logo\/image\/\",\"url\":\"https:\/\/mwc-cmm.org\/wp-content\/uploads\/2026\/01\/MWC_Sig_Blue_Horiz_webheader1-logo.svg\",\"contentUrl\":\"https:\/\/mwc-cmm.org\/wp-content\/uploads\/2026\/01\/MWC_Sig_Blue_Horiz_webheader1-logo.svg\",\"width\":786,\"height\":82,\"caption\":\"Mennonite World Conference\"},\"image\":{\"@id\":\"https:\/\/mwc-cmm.org\/en\/#\/schema\/logo\/image\/\"},\"sameAs\":[\"https:\/\/www.facebook.com\/MennoniteWorldConference\",\"https:\/\/www.linkedin.com\/company\/mennonite-world-conference-mwc\/\",\"https:\/\/www.instagram.com\/mwcmm\/\",\"https:\/\/www.youtube.com\/user\/mwccmm\",\"https:\/\/bsky.app\/profile\/mwcmm.bsky.social\"]},{\"@type\":\"Person\",\"@id\":\"https:\/\/mwc-cmm.org\/en\/#\/schema\/person\/11f6ae0d7d1868ba20a1cc27f067c836\",\"name\":\"mennworldcon\",\"image\":{\"@type\":\"ImageObject\",\"inLanguage\":\"es\",\"@id\":\"https:\/\/secure.gravatar.com\/avatar\/06fdc0dc81c157dfdb82ec42f252178a22307808988d22c043f9eb96f1e0fe80?s=96&d=mm&r=g\",\"url\":\"https:\/\/secure.gravatar.com\/avatar\/06fdc0dc81c157dfdb82ec42f252178a22307808988d22c043f9eb96f1e0fe80?s=96&d=mm&r=g\",\"contentUrl\":\"https:\/\/secure.gravatar.com\/avatar\/06fdc0dc81c157dfdb82ec42f252178a22307808988d22c043f9eb96f1e0fe80?s=96&d=mm&r=g\",\"caption\":\"mennworldcon\"},\"sameAs\":[\"https:\/\/mwc-cmm.org\"],\"url\":\"https:\/\/mwc-cmm.org\/es\/stories\/author\/mennworldcon\/\"}]}<\/script>\n<!-- \/ Yoast SEO plugin. -->","yoast_head_json":{"title":"\u00bfC\u00f3mo debe el Congreso Mundial Menonita comprometer a la iglesia con el cuidado de la creaci\u00f3n? - Mennonite World Conference","robots":{"index":"index","follow":"follow","max-snippet":"max-snippet:-1","max-image-preview":"max-image-preview:large","max-video-preview":"max-video-preview:-1"},"canonical":"https:\/\/mwc-cmm.org\/es\/stories\/como-debe-el-congreso-mundial-menonita-comprometer-la-iglesia-con-el-cuidado-de-la-creacion\/","og_locale":"es_ES","og_type":"article","og_title":"\u00bfC\u00f3mo debe el Congreso Mundial Menonita comprometer a la iglesia con el cuidado de la creaci\u00f3n? - Mennonite World Conference","og_description":"Esta serie de historias sobre la encuesta relacionada al cuidado de la creaci\u00f3n, ha iluminado la importancia de temas como el cambio clim\u00e1tico en la vida de los anabautistas de todo el mundo. Ahora llegamos a la \u00faltima pregunta: \u00bfqu\u00e9 debe hacer el Congreso Mundial Menonita en respuesta? &nbsp; El Grupo de Trabajo de Cuidado [&hellip;]","og_url":"https:\/\/mwc-cmm.org\/es\/stories\/como-debe-el-congreso-mundial-menonita-comprometer-la-iglesia-con-el-cuidado-de-la-creacion\/","og_site_name":"Mennonite World Conference","article_publisher":"https:\/\/www.facebook.com\/MennoniteWorldConference","article_published_time":"2022-04-04T00:00:00+00:00","article_modified_time":"2024-12-10T18:04:25+00:00","og_image":[{"width":2560,"height":1890,"url":"https:\/\/mwc-cmm.org\/wp-content\/uploads\/2024\/11\/cctf-8-carolynregehr-protest-img_5631-scaled.jpg","type":"image\/jpeg"}],"author":"mennworldcon","schema":{"@context":"https:\/\/schema.org","@graph":[{"@type":"Article","@id":"https:\/\/mwc-cmm.org\/es\/stories\/como-debe-el-congreso-mundial-menonita-comprometer-la-iglesia-con-el-cuidado-de-la-creacion\/#article","isPartOf":{"@id":"https:\/\/mwc-cmm.org\/es\/stories\/como-debe-el-congreso-mundial-menonita-comprometer-la-iglesia-con-el-cuidado-de-la-creacion\/"},"author":{"name":"mennworldcon","@id":"https:\/\/mwc-cmm.org\/en\/#\/schema\/person\/11f6ae0d7d1868ba20a1cc27f067c836"},"headline":"\u00bfC\u00f3mo debe el Congreso Mundial Menonita comprometer a la iglesia con el cuidado de la creaci\u00f3n?","datePublished":"2022-04-04T00:00:00+00:00","dateModified":"2024-12-10T18:04:25+00:00","mainEntityOfPage":{"@id":"https:\/\/mwc-cmm.org\/es\/stories\/como-debe-el-congreso-mundial-menonita-comprometer-la-iglesia-con-el-cuidado-de-la-creacion\/"},"wordCount":1713,"publisher":{"@id":"https:\/\/mwc-cmm.org\/en\/#organization"},"image":{"@id":"https:\/\/mwc-cmm.org\/es\/stories\/como-debe-el-congreso-mundial-menonita-comprometer-la-iglesia-con-el-cuidado-de-la-creacion\/#primaryimage"},"thumbnailUrl":"https:\/\/mwc-cmm.org\/wp-content\/uploads\/2024\/11\/cctf-8-carolynregehr-protest-img_5631-scaled.jpg","articleSection":["Sin categorizar"],"inLanguage":"es"},{"@type":"WebPage","@id":"https:\/\/mwc-cmm.org\/es\/stories\/como-debe-el-congreso-mundial-menonita-comprometer-la-iglesia-con-el-cuidado-de-la-creacion\/","url":"https:\/\/mwc-cmm.org\/es\/stories\/como-debe-el-congreso-mundial-menonita-comprometer-la-iglesia-con-el-cuidado-de-la-creacion\/","name":"\u00bfC\u00f3mo debe el Congreso Mundial Menonita comprometer a la iglesia con el cuidado de la creaci\u00f3n? - Mennonite World Conference","isPartOf":{"@id":"https:\/\/mwc-cmm.org\/en\/#website"},"primaryImageOfPage":{"@id":"https:\/\/mwc-cmm.org\/es\/stories\/como-debe-el-congreso-mundial-menonita-comprometer-la-iglesia-con-el-cuidado-de-la-creacion\/#primaryimage"},"image":{"@id":"https:\/\/mwc-cmm.org\/es\/stories\/como-debe-el-congreso-mundial-menonita-comprometer-la-iglesia-con-el-cuidado-de-la-creacion\/#primaryimage"},"thumbnailUrl":"https:\/\/mwc-cmm.org\/wp-content\/uploads\/2024\/11\/cctf-8-carolynregehr-protest-img_5631-scaled.jpg","datePublished":"2022-04-04T00:00:00+00:00","dateModified":"2024-12-10T18:04:25+00:00","breadcrumb":{"@id":"https:\/\/mwc-cmm.org\/es\/stories\/como-debe-el-congreso-mundial-menonita-comprometer-la-iglesia-con-el-cuidado-de-la-creacion\/#breadcrumb"},"inLanguage":"es","potentialAction":[{"@type":"ReadAction","target":["https:\/\/mwc-cmm.org\/es\/stories\/como-debe-el-congreso-mundial-menonita-comprometer-la-iglesia-con-el-cuidado-de-la-creacion\/"]}]},{"@type":"ImageObject","inLanguage":"es","@id":"https:\/\/mwc-cmm.org\/es\/stories\/como-debe-el-congreso-mundial-menonita-comprometer-la-iglesia-con-el-cuidado-de-la-creacion\/#primaryimage","url":"https:\/\/mwc-cmm.org\/wp-content\/uploads\/2024\/11\/cctf-8-carolynregehr-protest-img_5631-scaled.jpg","contentUrl":"https:\/\/mwc-cmm.org\/wp-content\/uploads\/2024\/11\/cctf-8-carolynregehr-protest-img_5631-scaled.jpg","width":2560,"height":1890},{"@type":"BreadcrumbList","@id":"https:\/\/mwc-cmm.org\/es\/stories\/como-debe-el-congreso-mundial-menonita-comprometer-la-iglesia-con-el-cuidado-de-la-creacion\/#breadcrumb","itemListElement":[{"@type":"ListItem","position":1,"name":"Home","item":"https:\/\/mwc-cmm.org\/es\/"},{"@type":"ListItem","position":2,"name":"\u00bfC\u00f3mo debe el Congreso Mundial Menonita comprometer a la iglesia con el cuidado de la creaci\u00f3n?"}]},{"@type":"WebSite","@id":"https:\/\/mwc-cmm.org\/en\/#website","url":"https:\/\/mwc-cmm.org\/en\/","name":"Mennonite World Conference","description":"A communion of Anabaptist-related churches","publisher":{"@id":"https:\/\/mwc-cmm.org\/en\/#organization"},"alternateName":"MWC","potentialAction":[{"@type":"SearchAction","target":{"@type":"EntryPoint","urlTemplate":"https:\/\/mwc-cmm.org\/en\/?s={search_term_string}"},"query-input":{"@type":"PropertyValueSpecification","valueRequired":true,"valueName":"search_term_string"}}],"inLanguage":"es"},{"@type":"Organization","@id":"https:\/\/mwc-cmm.org\/en\/#organization","name":"Mennonite World Conference","alternateName":"MWC","url":"https:\/\/mwc-cmm.org\/en\/","logo":{"@type":"ImageObject","inLanguage":"es","@id":"https:\/\/mwc-cmm.org\/en\/#\/schema\/logo\/image\/","url":"https:\/\/mwc-cmm.org\/wp-content\/uploads\/2026\/01\/MWC_Sig_Blue_Horiz_webheader1-logo.svg","contentUrl":"https:\/\/mwc-cmm.org\/wp-content\/uploads\/2026\/01\/MWC_Sig_Blue_Horiz_webheader1-logo.svg","width":786,"height":82,"caption":"Mennonite World Conference"},"image":{"@id":"https:\/\/mwc-cmm.org\/en\/#\/schema\/logo\/image\/"},"sameAs":["https:\/\/www.facebook.com\/MennoniteWorldConference","https:\/\/www.linkedin.com\/company\/mennonite-world-conference-mwc\/","https:\/\/www.instagram.com\/mwcmm\/","https:\/\/www.youtube.com\/user\/mwccmm","https:\/\/bsky.app\/profile\/mwcmm.bsky.social"]},{"@type":"Person","@id":"https:\/\/mwc-cmm.org\/en\/#\/schema\/person\/11f6ae0d7d1868ba20a1cc27f067c836","name":"mennworldcon","image":{"@type":"ImageObject","inLanguage":"es","@id":"https:\/\/secure.gravatar.com\/avatar\/06fdc0dc81c157dfdb82ec42f252178a22307808988d22c043f9eb96f1e0fe80?s=96&d=mm&r=g","url":"https:\/\/secure.gravatar.com\/avatar\/06fdc0dc81c157dfdb82ec42f252178a22307808988d22c043f9eb96f1e0fe80?s=96&d=mm&r=g","contentUrl":"https:\/\/secure.gravatar.com\/avatar\/06fdc0dc81c157dfdb82ec42f252178a22307808988d22c043f9eb96f1e0fe80?s=96&d=mm&r=g","caption":"mennworldcon"},"sameAs":["https:\/\/mwc-cmm.org"],"url":"https:\/\/mwc-cmm.org\/es\/stories\/author\/mennworldcon\/"}]}},"_links":{"self":[{"href":"https:\/\/mwc-cmm.org\/es\/wp-json\/wp\/v2\/posts\/9200","targetHints":{"allow":["GET"]}}],"collection":[{"href":"https:\/\/mwc-cmm.org\/es\/wp-json\/wp\/v2\/posts"}],"about":[{"href":"https:\/\/mwc-cmm.org\/es\/wp-json\/wp\/v2\/types\/post"}],"author":[{"embeddable":true,"href":"https:\/\/mwc-cmm.org\/es\/wp-json\/wp\/v2\/users\/1"}],"replies":[{"embeddable":true,"href":"https:\/\/mwc-cmm.org\/es\/wp-json\/wp\/v2\/comments?post=9200"}],"version-history":[{"count":0,"href":"https:\/\/mwc-cmm.org\/es\/wp-json\/wp\/v2\/posts\/9200\/revisions"}],"wp:featuredmedia":[{"embeddable":true,"href":"https:\/\/mwc-cmm.org\/es\/wp-json\/wp\/v2\/media\/94880"}],"wp:attachment":[{"href":"https:\/\/mwc-cmm.org\/es\/wp-json\/wp\/v2\/media?parent=9200"}],"wp:term":[{"taxonomy":"category","embeddable":true,"href":"https:\/\/mwc-cmm.org\/es\/wp-json\/wp\/v2\/categories?post=9200"},{"taxonomy":"post_tag","embeddable":true,"href":"https:\/\/mwc-cmm.org\/es\/wp-json\/wp\/v2\/tags?post=9200"},{"taxonomy":"network","embeddable":true,"href":"https:\/\/mwc-cmm.org\/es\/wp-json\/wp\/v2\/network?post=9200"},{"taxonomy":"eventcategory","embeddable":true,"href":"https:\/\/mwc-cmm.org\/es\/wp-json\/wp\/v2\/eventcategory?post=9200"}],"curies":[{"name":"wp","href":"https:\/\/api.w.org\/{rel}","templated":true}]}}