{"id":9189,"date":"2022-02-25T00:00:00","date_gmt":"2022-02-25T00:00:00","guid":{"rendered":"https:\/\/mwc-cmm.org\/gods-glory-revealed-2\/"},"modified":"2024-12-10T18:04:19","modified_gmt":"2024-12-10T18:04:19","slug":"la-gloria-de-dios-revelada","status":"publish","type":"post","link":"https:\/\/mwc-cmm.org\/es\/stories\/la-gloria-de-dios-revelada\/","title":{"rendered":"La Gloria de Dios Revelada"},"content":{"rendered":"<p>\u00bfC\u00f3mo revela Dios la gloria de Dios a la humanidad?<\/p>\n<h3>1. Por medio del universo.<\/h3>\n<p>Junto con el salmista, la persona que sigue a Jes\u00fas confiesa con un coraz\u00f3n lleno de temor: \u201cLos cielos cuentan la gloria de Dios, y el firmamento anuncia la obra de sus manos\u201d (Salmo 19,1). El seguidor de Jes\u00fas exalta la grandeza de Dios: \u201cJehov\u00e1 Dios m\u00edo, mucho te has engrandecido\u201d (Salmo 104,1b).<\/p>\n<p>En el Salmo 104, el salmista expresa admiraci\u00f3n por la majestad divina que irradiaba a trav\u00e9s de los procesos en la naturaleza, aunque el antiguo poeta lo expresa en el lenguaje de la mitolog\u00eda y la cosmolog\u00eda. Para el salmista, la variedad de criaturas que llenan la tierra expresa la sabidur\u00eda de Dios. Su admiraci\u00f3n por la gloria de Dios le hizo desear regocijarse en Dios (v. 34). Incluso, \u00e9l quiere que Dios se regocije por todos los frutos de la obra de Dios (v. 31). Cuando la gloria divina, es decir, la majestad y sabidur\u00eda de Dios, cubre el coraz\u00f3n de una persona creyente, la persona seguidora de Jes\u00fas se regocija en Dios. Adem\u00e1s, la persona creyente quiere unirse al gozo de Dios por todas las obras divinas que han revelado la gloria de Dios.<\/p>\n<p>As\u00ed, para una persona seguidora de Jes\u00fas, el universo es el theatrum gloriae dei, el escenario en el que se presenta la gloria de Dios, como dijo Juan Calvino, uno de los primeros te\u00f3logos reformados.<\/p>\n<h3>2. Por medio de Jesucristo.<\/h3>\n<p>La persona seguidora de Jes\u00fas comprende que Jesucristo fue el Verbo hecho carne. Por medio de la Palabra, Dios hizo todas las cosas (Juan 1,3); los cielos y la tierra y todo lo que hay en ellos (G\u00e9nesis 1,1-2.4a). Entonces el Verbo se encarn\u00f3, se hizo carne en Jesucristo (Juan 1,14). \u00c9l, que estaba \u201cen el principio\u201d (Juan 1,1) y \u201ceste era en el principio con Dios\u201d (Juan 1,2), disfruta de la comuni\u00f3n m\u00e1s profunda con Dios (Juan 1,18). Jes\u00fas ha venido al mundo como&nbsp;humano para interpretar a Dios (Juan 1,18) para la humanidad, es decir, para revelar el coraz\u00f3n de Dios a la humanidad.<\/p>\n<p>Toda la vida de Jes\u00fas revela que Dios est\u00e1 dispuesto a ser Padre\/Madre\/Padre y Madre de la humanidad. Por la voluntad de Dios de convertirse en Padre\/Madre, Dios revela la gracia y la verdad de Dios en la vida de Jes\u00fas a la humanidad, aceptando a los seres humanos como hijos(as) de Dios. Quien acepta a Jesucristo se convierte en hijo e hija de Dios. Quien cree en el nombre de Jes\u00fas sabe con certeza que Dios se ha convertido en Padre\/ Madre. La gloria de Dios, revelada en Jes\u00fas, es la gloria que invita a todas las personas a experimentar la gracia de Dios y la verdad de que Dios es completamente digno de confianza.<\/p>\n<h3>3. Por medio de la iglesia.<\/h3>\n<p>Bas\u00e1ndose en la victoria de Cristo (a trav\u00e9s de su muerte y su resurrecci\u00f3n) sobre los poderes y principados, la iglesia es el modo en que Jesucristo existe en el mundo de hoy. Cristo, que \u201cascendi\u00f3 a los cielos y est\u00e1 sentado a la diestra de Dios Padre todopoderoso\u201d para reinar como el Mes\u00edas, ya no est\u00e1 f\u00edsicamente presente en el mundo. Seg\u00fan el plan de Dios, Jes\u00fas est\u00e1 presente por medio de la iglesia, que es \u201csu cuerpo\u201d (Efesios 1,23), es decir, la representaci\u00f3n&nbsp;de Cristo o la se\u00f1al de la presencia de Cristo en el mundo.<\/p>\n<p>Por medio de la iglesia, Cristo contin\u00faa \u201cpredicando la paz\u201d (Efesios 2,17; Efesios 6,15). Por medio de la iglesia, Cristo tambi\u00e9n proclama la victoria sobre los poderes del mundo (Efesios 3,10), sobre las estructuras que hacen que los seres humanos se exploten, opriman y marginen entre s\u00ed. \u00a1Incluso que saqueen y destruyan la naturaleza!<\/p>\n<p>Sociol\u00f3gicamente, la iglesia, que se llama Cuerpo de Cristo, es una comunidad. La iglesia es una comunidad formada por personas que a trav\u00e9s de la fe (y el bautismo de las personas creyentes) han entregado su vida (y muerte) a Jesucristo. Es extraordinario que Cristo se presente en el mundo a trav\u00e9s de \u201clo sociol\u00f3gico\u201d. \u00bfC\u00f3mo puede lo \u201csociol\u00f3gico\u201d representar a Cristo en el mundo, ser una se\u00f1al de su presencia que saluda al mundo con paz y que proclama su victoria sobre los poderes? La respuesta es, por la obra del Esp\u00edritu Santo.<\/p>\n<p>Jesucristo, el Mes\u00edas, ha derramado su Esp\u00edritu para empoderar a la iglesia. En primer lugar, en uni\u00f3n con Cristo, cada persona creyente o seguidora de Cristo est\u00e1 unida entre s\u00ed. La unidad tiene una forma concreta, es decir, una comunidad. Esa es la iglesia. Luego, el Esp\u00edritu Santo, que habita en cada persona seguidora de Cristo y que est\u00e1 presente en la iglesia:<\/p>\n<ul>\n<li>forma el car\u00e1cter de Cristo en cada persona seguidora de Cristo (G\u00e1latas 5,22-23a);<\/li>\n<li>da dones espirituales para que las personas sirvan y se edifiquen unas a otras (1 Corintios 12, 3-13); y<\/li>\n<li>proporciona amor, sabidur\u00eda y valor para predicar el evangelio de la paz y para vivir aut\u00e9nticamente como personas que han sido liberadas por Cristo de los poderes que explotan, oprimen y marginan (Efesios 3,10; 6,15; 2 Timoteo 1,7).<\/li>\n<\/ul>\n<p>Obviamente, el Esp\u00edritu Santo da poder a la iglesia para representar verdaderamente a Cristo&nbsp;en el mundo, para ser una se\u00f1al de la presencia de Cristo que saluda al mundo con paz y anuncia la victoria de Cristo sobre los poderes. Jes\u00fas mismo llam\u00f3 una vez a las personas seguidoras de \u00c9l \u201cla luz del mundo\u201d, \u201cla ciudad sobre el monte\u201d, y \u201cla l\u00e1mpara en el candelero\u201d (Mateo 5,14-15). A trav\u00e9s de las hermosas obras realizadas en conjunto por las personas seguidoras de Jes\u00fas en la iglesia, muchas personas glorificar\u00e1n a Dios, su Padre.<\/p>\n<p>As\u00ed es como entendemos estas \u201cobras hermosas\u201d: empoderadas por el Esp\u00edritu Santo, la iglesia proclama el evangelio de la paz y la gente vive aut\u00e9nticamente, habiendo sido liberada por Cristo de los poderes que explotan, oprimen y marginan. De esta manera se revela la gloria de Dios.<\/p>\n<p>De igual importancia, creemos que en Cristo se cumpli\u00f3 el prop\u00f3sito del llamado de Dios a Abraham. En la historia de Abraham (G\u00e9nesis 12-25), encontramos que Dios le prometi\u00f3 tres cosas: descendencia, tierra y comuni\u00f3n. Las tres ten\u00edan un prop\u00f3sito: que Abraham y sus descendientes fueran una bendici\u00f3n para todos los pueblos de la tierra. Tambi\u00e9n encontramos estas tres promesas y el mismo prop\u00f3sito en la historia de Isaac (G\u00e9nesis 26-27) y en la historia de Jacob (G\u00e9nesis 28-35).<\/p>\n<p>El ap\u00f3stol Pablo argument\u00f3 que, en Cristo, la semilla de Abraham alcanz\u00f3 su cumplimiento y la bendici\u00f3n de Abraham lleg\u00f3 a las personas gentiles (G\u00e1latas 3,14.16). En todo el mundo compartimos esa bendici\u00f3n, convertirse en hijos e hijas de Abraham como tambi\u00e9n hijos e hijas de Dios, \u201cpor la fe en Cristo Jes\u00fas\u201d. Las implicaciones son muy importantes. Como leemos en G\u00e1latas 3,26-28, en la iglesia no hay m\u00e1s racismo (\u201cni personas jud\u00edas ni griegas\u201d), ni distinciones de clases (\u201cni personas esclavas ni independientes\u201d) ni sexismo (\u201cni hombre ni mujer\u201d). Todas las personas han sido unidas con o en Cristo por el Esp\u00edritu Santo a trav\u00e9s del bautismo. Todas las personas son hijos e hijas de Abraham como tambi\u00e9n hijos e hijas de Dios.<\/p>\n<p>En forma conjunta, somos hermanas y hermanos \u2013 iguales \u2013 con el llamado a amarnos y a servirnos unas a otras, y a edificar la iglesia. Con la ayuda del Esp\u00edritu Santo, trabajamos en forma conjunta para hacer de esto una realidad, para que realmente no haya racismo, diferencia de clases o sexismo en la iglesia. Este es un ejemplo de vida aut\u00e9ntica, como personas que han sido liberadas por Cristo de los poderes que explotan, oprimen y marginan. \u00a1Este es el testimonio de la \u201ccomunidad de las personas libres\u201d de la victoria de Cristo sobre los poderes! Esto hace que la predicaci\u00f3n del evangelio de la paz sea significativa e impactante en el mundo, porque tiene el peso de \u201cpalabra y obra\u201d.<\/p>\n<p>La verdad sobre la iglesia, que es el n\u00facleo de la pr\u00e1ctica de seguir a Jes\u00fas en forma conjunta, es la verdad sobre la revelaci\u00f3n de la gloria de Dios. Dios revel\u00f3 la gloria de Dios a la humanidad por medio del universo y por medio de Jesucristo, y por medio de la iglesia, que es la comunidad de personas seguidoras de Jes\u00fas, es decir, nosotros \u2013 \u00a1las personas que seguimos a Jes\u00fas juntas!<\/p>\n<hr>\n<h4>\u2014Rudolfus Antonius (Pdt. Rudiyanto) es el pastor de la congregacion GKMI (Gereja Kristen Muria Indonesia) en Yogyakarta.<\/h4>\n<p>&nbsp;<\/p>\n<p>Materiales del Domingo de la Fraternidad Anabautista Mundial disponibles&nbsp;<a href=\"https:\/\/mwc-cmm.org\/es\/resources\/domingo-de-la-fraternidad-anabautista-mundial-2022\">aqu\u00ed<\/a><br \/>\n#AnabaptistWorldFellowshipSunday #mwcmm&nbsp;&nbsp;#awfs<\/p>\n","protected":false},"excerpt":{"rendered":"<p>\u00bfC\u00f3mo revela Dios la gloria de Dios a la humanidad? 1. Por medio del universo. Junto con el salmista, la persona que sigue a Jes\u00fas confiesa con un coraz\u00f3n lleno de temor: \u201cLos cielos cuentan la gloria de Dios, y el firmamento anuncia la obra de sus manos\u201d (Salmo 19,1). El seguidor de Jes\u00fas exalta [&hellip;]<\/p>\n","protected":false},"author":1,"featured_media":94727,"comment_status":"closed","ping_status":"closed","sticky":false,"template":"","format":"standard","meta":{"_acf_changed":false,"footnotes":""},"categories":[6],"tags":[],"network":[],"eventcategory":[1499],"class_list":["post-9189","post","type-post","status-publish","format-standard","has-post-thumbnail","hentry","category-sin-categorizar","eventcategory-anabaptist-world-fellowship-sunday-es"],"acf":[],"yoast_head":"<!-- This site is optimized with the Yoast SEO plugin v27.2 - https:\/\/yoast.com\/product\/yoast-seo-wordpress\/ -->\n<title>La Gloria de Dios Revelada - Mennonite World Conference<\/title>\n<meta name=\"robots\" content=\"index, follow, max-snippet:-1, max-image-preview:large, max-video-preview:-1\" \/>\n<link rel=\"canonical\" href=\"https:\/\/mwc-cmm.org\/es\/stories\/la-gloria-de-dios-revelada\/\" \/>\n<meta property=\"og:locale\" content=\"es_ES\" \/>\n<meta property=\"og:type\" content=\"article\" \/>\n<meta property=\"og:title\" content=\"La Gloria de Dios Revelada - Mennonite World Conference\" \/>\n<meta property=\"og:description\" content=\"\u00bfC\u00f3mo revela Dios la gloria de Dios a la humanidad? 1. Por medio del universo. Junto con el salmista, la persona que sigue a Jes\u00fas confiesa con un coraz\u00f3n lleno de temor: \u201cLos cielos cuentan la gloria de Dios, y el firmamento anuncia la obra de sus manos\u201d (Salmo 19,1). El seguidor de Jes\u00fas exalta [&hellip;]\" \/>\n<meta property=\"og:url\" content=\"https:\/\/mwc-cmm.org\/es\/stories\/la-gloria-de-dios-revelada\/\" \/>\n<meta property=\"og:site_name\" content=\"Mennonite World Conference\" \/>\n<meta property=\"article:publisher\" content=\"https:\/\/www.facebook.com\/MennoniteWorldConference\" \/>\n<meta property=\"article:published_time\" content=\"2022-02-25T00:00:00+00:00\" \/>\n<meta property=\"article:modified_time\" content=\"2024-12-10T18:04:19+00:00\" \/>\n<meta property=\"og:image\" content=\"https:\/\/mwc-cmm.org\/wp-content\/uploads\/2024\/11\/small_group_fellowhip_at_gkmi_2-source_dkt-scaled.jpg\" \/>\n\t<meta property=\"og:image:width\" content=\"2560\" \/>\n\t<meta property=\"og:image:height\" content=\"1920\" \/>\n\t<meta property=\"og:image:type\" content=\"image\/jpeg\" \/>\n<meta name=\"author\" content=\"mennworldcon\" \/>\n<script type=\"application\/ld+json\" class=\"yoast-schema-graph\">{\"@context\":\"https:\/\/schema.org\",\"@graph\":[{\"@type\":\"Article\",\"@id\":\"https:\/\/mwc-cmm.org\/es\/stories\/la-gloria-de-dios-revelada\/#article\",\"isPartOf\":{\"@id\":\"https:\/\/mwc-cmm.org\/es\/stories\/la-gloria-de-dios-revelada\/\"},\"author\":{\"name\":\"mennworldcon\",\"@id\":\"https:\/\/mwc-cmm.org\/en\/#\/schema\/person\/11f6ae0d7d1868ba20a1cc27f067c836\"},\"headline\":\"La Gloria de Dios Revelada\",\"datePublished\":\"2022-02-25T00:00:00+00:00\",\"dateModified\":\"2024-12-10T18:04:19+00:00\",\"mainEntityOfPage\":{\"@id\":\"https:\/\/mwc-cmm.org\/es\/stories\/la-gloria-de-dios-revelada\/\"},\"wordCount\":1507,\"publisher\":{\"@id\":\"https:\/\/mwc-cmm.org\/en\/#organization\"},\"image\":{\"@id\":\"https:\/\/mwc-cmm.org\/es\/stories\/la-gloria-de-dios-revelada\/#primaryimage\"},\"thumbnailUrl\":\"https:\/\/mwc-cmm.org\/wp-content\/uploads\/2024\/11\/small_group_fellowhip_at_gkmi_2-source_dkt-scaled.jpg\",\"articleSection\":[\"Sin categorizar\"],\"inLanguage\":\"es\"},{\"@type\":\"WebPage\",\"@id\":\"https:\/\/mwc-cmm.org\/es\/stories\/la-gloria-de-dios-revelada\/\",\"url\":\"https:\/\/mwc-cmm.org\/es\/stories\/la-gloria-de-dios-revelada\/\",\"name\":\"La Gloria de Dios Revelada - Mennonite World Conference\",\"isPartOf\":{\"@id\":\"https:\/\/mwc-cmm.org\/en\/#website\"},\"primaryImageOfPage\":{\"@id\":\"https:\/\/mwc-cmm.org\/es\/stories\/la-gloria-de-dios-revelada\/#primaryimage\"},\"image\":{\"@id\":\"https:\/\/mwc-cmm.org\/es\/stories\/la-gloria-de-dios-revelada\/#primaryimage\"},\"thumbnailUrl\":\"https:\/\/mwc-cmm.org\/wp-content\/uploads\/2024\/11\/small_group_fellowhip_at_gkmi_2-source_dkt-scaled.jpg\",\"datePublished\":\"2022-02-25T00:00:00+00:00\",\"dateModified\":\"2024-12-10T18:04:19+00:00\",\"breadcrumb\":{\"@id\":\"https:\/\/mwc-cmm.org\/es\/stories\/la-gloria-de-dios-revelada\/#breadcrumb\"},\"inLanguage\":\"es\",\"potentialAction\":[{\"@type\":\"ReadAction\",\"target\":[\"https:\/\/mwc-cmm.org\/es\/stories\/la-gloria-de-dios-revelada\/\"]}]},{\"@type\":\"ImageObject\",\"inLanguage\":\"es\",\"@id\":\"https:\/\/mwc-cmm.org\/es\/stories\/la-gloria-de-dios-revelada\/#primaryimage\",\"url\":\"https:\/\/mwc-cmm.org\/wp-content\/uploads\/2024\/11\/small_group_fellowhip_at_gkmi_2-source_dkt-scaled.jpg\",\"contentUrl\":\"https:\/\/mwc-cmm.org\/wp-content\/uploads\/2024\/11\/small_group_fellowhip_at_gkmi_2-source_dkt-scaled.jpg\",\"width\":2560,\"height\":1920},{\"@type\":\"BreadcrumbList\",\"@id\":\"https:\/\/mwc-cmm.org\/es\/stories\/la-gloria-de-dios-revelada\/#breadcrumb\",\"itemListElement\":[{\"@type\":\"ListItem\",\"position\":1,\"name\":\"Home\",\"item\":\"https:\/\/mwc-cmm.org\/es\/\"},{\"@type\":\"ListItem\",\"position\":2,\"name\":\"La Gloria de Dios Revelada\"}]},{\"@type\":\"WebSite\",\"@id\":\"https:\/\/mwc-cmm.org\/en\/#website\",\"url\":\"https:\/\/mwc-cmm.org\/en\/\",\"name\":\"Mennonite World Conference\",\"description\":\"A communion of Anabaptist-related churches\",\"publisher\":{\"@id\":\"https:\/\/mwc-cmm.org\/en\/#organization\"},\"alternateName\":\"MWC\",\"potentialAction\":[{\"@type\":\"SearchAction\",\"target\":{\"@type\":\"EntryPoint\",\"urlTemplate\":\"https:\/\/mwc-cmm.org\/en\/?s={search_term_string}\"},\"query-input\":{\"@type\":\"PropertyValueSpecification\",\"valueRequired\":true,\"valueName\":\"search_term_string\"}}],\"inLanguage\":\"es\"},{\"@type\":\"Organization\",\"@id\":\"https:\/\/mwc-cmm.org\/en\/#organization\",\"name\":\"Mennonite World Conference\",\"alternateName\":\"MWC\",\"url\":\"https:\/\/mwc-cmm.org\/en\/\",\"logo\":{\"@type\":\"ImageObject\",\"inLanguage\":\"es\",\"@id\":\"https:\/\/mwc-cmm.org\/en\/#\/schema\/logo\/image\/\",\"url\":\"https:\/\/mwc-cmm.org\/wp-content\/uploads\/2026\/01\/MWC_Sig_Blue_Horiz_webheader1-logo.svg\",\"contentUrl\":\"https:\/\/mwc-cmm.org\/wp-content\/uploads\/2026\/01\/MWC_Sig_Blue_Horiz_webheader1-logo.svg\",\"width\":786,\"height\":82,\"caption\":\"Mennonite World Conference\"},\"image\":{\"@id\":\"https:\/\/mwc-cmm.org\/en\/#\/schema\/logo\/image\/\"},\"sameAs\":[\"https:\/\/www.facebook.com\/MennoniteWorldConference\",\"https:\/\/www.linkedin.com\/company\/mennonite-world-conference-mwc\/\",\"https:\/\/www.instagram.com\/mwcmm\/\",\"https:\/\/www.youtube.com\/user\/mwccmm\",\"https:\/\/bsky.app\/profile\/mwcmm.bsky.social\"]},{\"@type\":\"Person\",\"@id\":\"https:\/\/mwc-cmm.org\/en\/#\/schema\/person\/11f6ae0d7d1868ba20a1cc27f067c836\",\"name\":\"mennworldcon\",\"image\":{\"@type\":\"ImageObject\",\"inLanguage\":\"es\",\"@id\":\"https:\/\/secure.gravatar.com\/avatar\/06fdc0dc81c157dfdb82ec42f252178a22307808988d22c043f9eb96f1e0fe80?s=96&d=mm&r=g\",\"url\":\"https:\/\/secure.gravatar.com\/avatar\/06fdc0dc81c157dfdb82ec42f252178a22307808988d22c043f9eb96f1e0fe80?s=96&d=mm&r=g\",\"contentUrl\":\"https:\/\/secure.gravatar.com\/avatar\/06fdc0dc81c157dfdb82ec42f252178a22307808988d22c043f9eb96f1e0fe80?s=96&d=mm&r=g\",\"caption\":\"mennworldcon\"},\"sameAs\":[\"https:\/\/mwc-cmm.org\"],\"url\":\"https:\/\/mwc-cmm.org\/es\/stories\/author\/mennworldcon\/\"}]}<\/script>\n<!-- \/ Yoast SEO plugin. -->","yoast_head_json":{"title":"La Gloria de Dios Revelada - Mennonite World Conference","robots":{"index":"index","follow":"follow","max-snippet":"max-snippet:-1","max-image-preview":"max-image-preview:large","max-video-preview":"max-video-preview:-1"},"canonical":"https:\/\/mwc-cmm.org\/es\/stories\/la-gloria-de-dios-revelada\/","og_locale":"es_ES","og_type":"article","og_title":"La Gloria de Dios Revelada - Mennonite World Conference","og_description":"\u00bfC\u00f3mo revela Dios la gloria de Dios a la humanidad? 1. Por medio del universo. Junto con el salmista, la persona que sigue a Jes\u00fas confiesa con un coraz\u00f3n lleno de temor: \u201cLos cielos cuentan la gloria de Dios, y el firmamento anuncia la obra de sus manos\u201d (Salmo 19,1). El seguidor de Jes\u00fas exalta [&hellip;]","og_url":"https:\/\/mwc-cmm.org\/es\/stories\/la-gloria-de-dios-revelada\/","og_site_name":"Mennonite World Conference","article_publisher":"https:\/\/www.facebook.com\/MennoniteWorldConference","article_published_time":"2022-02-25T00:00:00+00:00","article_modified_time":"2024-12-10T18:04:19+00:00","og_image":[{"width":2560,"height":1920,"url":"https:\/\/mwc-cmm.org\/wp-content\/uploads\/2024\/11\/small_group_fellowhip_at_gkmi_2-source_dkt-scaled.jpg","type":"image\/jpeg"}],"author":"mennworldcon","schema":{"@context":"https:\/\/schema.org","@graph":[{"@type":"Article","@id":"https:\/\/mwc-cmm.org\/es\/stories\/la-gloria-de-dios-revelada\/#article","isPartOf":{"@id":"https:\/\/mwc-cmm.org\/es\/stories\/la-gloria-de-dios-revelada\/"},"author":{"name":"mennworldcon","@id":"https:\/\/mwc-cmm.org\/en\/#\/schema\/person\/11f6ae0d7d1868ba20a1cc27f067c836"},"headline":"La Gloria de Dios Revelada","datePublished":"2022-02-25T00:00:00+00:00","dateModified":"2024-12-10T18:04:19+00:00","mainEntityOfPage":{"@id":"https:\/\/mwc-cmm.org\/es\/stories\/la-gloria-de-dios-revelada\/"},"wordCount":1507,"publisher":{"@id":"https:\/\/mwc-cmm.org\/en\/#organization"},"image":{"@id":"https:\/\/mwc-cmm.org\/es\/stories\/la-gloria-de-dios-revelada\/#primaryimage"},"thumbnailUrl":"https:\/\/mwc-cmm.org\/wp-content\/uploads\/2024\/11\/small_group_fellowhip_at_gkmi_2-source_dkt-scaled.jpg","articleSection":["Sin categorizar"],"inLanguage":"es"},{"@type":"WebPage","@id":"https:\/\/mwc-cmm.org\/es\/stories\/la-gloria-de-dios-revelada\/","url":"https:\/\/mwc-cmm.org\/es\/stories\/la-gloria-de-dios-revelada\/","name":"La Gloria de Dios Revelada - Mennonite World Conference","isPartOf":{"@id":"https:\/\/mwc-cmm.org\/en\/#website"},"primaryImageOfPage":{"@id":"https:\/\/mwc-cmm.org\/es\/stories\/la-gloria-de-dios-revelada\/#primaryimage"},"image":{"@id":"https:\/\/mwc-cmm.org\/es\/stories\/la-gloria-de-dios-revelada\/#primaryimage"},"thumbnailUrl":"https:\/\/mwc-cmm.org\/wp-content\/uploads\/2024\/11\/small_group_fellowhip_at_gkmi_2-source_dkt-scaled.jpg","datePublished":"2022-02-25T00:00:00+00:00","dateModified":"2024-12-10T18:04:19+00:00","breadcrumb":{"@id":"https:\/\/mwc-cmm.org\/es\/stories\/la-gloria-de-dios-revelada\/#breadcrumb"},"inLanguage":"es","potentialAction":[{"@type":"ReadAction","target":["https:\/\/mwc-cmm.org\/es\/stories\/la-gloria-de-dios-revelada\/"]}]},{"@type":"ImageObject","inLanguage":"es","@id":"https:\/\/mwc-cmm.org\/es\/stories\/la-gloria-de-dios-revelada\/#primaryimage","url":"https:\/\/mwc-cmm.org\/wp-content\/uploads\/2024\/11\/small_group_fellowhip_at_gkmi_2-source_dkt-scaled.jpg","contentUrl":"https:\/\/mwc-cmm.org\/wp-content\/uploads\/2024\/11\/small_group_fellowhip_at_gkmi_2-source_dkt-scaled.jpg","width":2560,"height":1920},{"@type":"BreadcrumbList","@id":"https:\/\/mwc-cmm.org\/es\/stories\/la-gloria-de-dios-revelada\/#breadcrumb","itemListElement":[{"@type":"ListItem","position":1,"name":"Home","item":"https:\/\/mwc-cmm.org\/es\/"},{"@type":"ListItem","position":2,"name":"La Gloria de Dios Revelada"}]},{"@type":"WebSite","@id":"https:\/\/mwc-cmm.org\/en\/#website","url":"https:\/\/mwc-cmm.org\/en\/","name":"Mennonite World Conference","description":"A communion of Anabaptist-related churches","publisher":{"@id":"https:\/\/mwc-cmm.org\/en\/#organization"},"alternateName":"MWC","potentialAction":[{"@type":"SearchAction","target":{"@type":"EntryPoint","urlTemplate":"https:\/\/mwc-cmm.org\/en\/?s={search_term_string}"},"query-input":{"@type":"PropertyValueSpecification","valueRequired":true,"valueName":"search_term_string"}}],"inLanguage":"es"},{"@type":"Organization","@id":"https:\/\/mwc-cmm.org\/en\/#organization","name":"Mennonite World Conference","alternateName":"MWC","url":"https:\/\/mwc-cmm.org\/en\/","logo":{"@type":"ImageObject","inLanguage":"es","@id":"https:\/\/mwc-cmm.org\/en\/#\/schema\/logo\/image\/","url":"https:\/\/mwc-cmm.org\/wp-content\/uploads\/2026\/01\/MWC_Sig_Blue_Horiz_webheader1-logo.svg","contentUrl":"https:\/\/mwc-cmm.org\/wp-content\/uploads\/2026\/01\/MWC_Sig_Blue_Horiz_webheader1-logo.svg","width":786,"height":82,"caption":"Mennonite World Conference"},"image":{"@id":"https:\/\/mwc-cmm.org\/en\/#\/schema\/logo\/image\/"},"sameAs":["https:\/\/www.facebook.com\/MennoniteWorldConference","https:\/\/www.linkedin.com\/company\/mennonite-world-conference-mwc\/","https:\/\/www.instagram.com\/mwcmm\/","https:\/\/www.youtube.com\/user\/mwccmm","https:\/\/bsky.app\/profile\/mwcmm.bsky.social"]},{"@type":"Person","@id":"https:\/\/mwc-cmm.org\/en\/#\/schema\/person\/11f6ae0d7d1868ba20a1cc27f067c836","name":"mennworldcon","image":{"@type":"ImageObject","inLanguage":"es","@id":"https:\/\/secure.gravatar.com\/avatar\/06fdc0dc81c157dfdb82ec42f252178a22307808988d22c043f9eb96f1e0fe80?s=96&d=mm&r=g","url":"https:\/\/secure.gravatar.com\/avatar\/06fdc0dc81c157dfdb82ec42f252178a22307808988d22c043f9eb96f1e0fe80?s=96&d=mm&r=g","contentUrl":"https:\/\/secure.gravatar.com\/avatar\/06fdc0dc81c157dfdb82ec42f252178a22307808988d22c043f9eb96f1e0fe80?s=96&d=mm&r=g","caption":"mennworldcon"},"sameAs":["https:\/\/mwc-cmm.org"],"url":"https:\/\/mwc-cmm.org\/es\/stories\/author\/mennworldcon\/"}]}},"_links":{"self":[{"href":"https:\/\/mwc-cmm.org\/es\/wp-json\/wp\/v2\/posts\/9189","targetHints":{"allow":["GET"]}}],"collection":[{"href":"https:\/\/mwc-cmm.org\/es\/wp-json\/wp\/v2\/posts"}],"about":[{"href":"https:\/\/mwc-cmm.org\/es\/wp-json\/wp\/v2\/types\/post"}],"author":[{"embeddable":true,"href":"https:\/\/mwc-cmm.org\/es\/wp-json\/wp\/v2\/users\/1"}],"replies":[{"embeddable":true,"href":"https:\/\/mwc-cmm.org\/es\/wp-json\/wp\/v2\/comments?post=9189"}],"version-history":[{"count":0,"href":"https:\/\/mwc-cmm.org\/es\/wp-json\/wp\/v2\/posts\/9189\/revisions"}],"wp:featuredmedia":[{"embeddable":true,"href":"https:\/\/mwc-cmm.org\/es\/wp-json\/wp\/v2\/media\/94727"}],"wp:attachment":[{"href":"https:\/\/mwc-cmm.org\/es\/wp-json\/wp\/v2\/media?parent=9189"}],"wp:term":[{"taxonomy":"category","embeddable":true,"href":"https:\/\/mwc-cmm.org\/es\/wp-json\/wp\/v2\/categories?post=9189"},{"taxonomy":"post_tag","embeddable":true,"href":"https:\/\/mwc-cmm.org\/es\/wp-json\/wp\/v2\/tags?post=9189"},{"taxonomy":"network","embeddable":true,"href":"https:\/\/mwc-cmm.org\/es\/wp-json\/wp\/v2\/network?post=9189"},{"taxonomy":"eventcategory","embeddable":true,"href":"https:\/\/mwc-cmm.org\/es\/wp-json\/wp\/v2\/eventcategory?post=9189"}],"curies":[{"name":"wp","href":"https:\/\/api.w.org\/{rel}","templated":true}]}}