{"id":9172,"date":"2022-01-18T00:00:00","date_gmt":"2022-01-18T00:00:00","guid":{"rendered":"https:\/\/mwc-cmm.org\/strengthening-the-arms-of-response-2\/"},"modified":"2024-12-10T18:04:11","modified_gmt":"2024-12-10T18:04:11","slug":"fortaleciendo-los-vinculos-de-respuesta","status":"publish","type":"post","link":"https:\/\/mwc-cmm.org\/es\/stories\/fortaleciendo-los-vinculos-de-respuesta\/","title":{"rendered":"Fortaleciendo los v\u00ednculos de respuesta"},"content":{"rendered":"<p>Willi Hugo P\u00e9rez, representante del Congreso Mundial Menonita para Am\u00e9rica Latina \u2013 Central, expresa que, en medio de la pandemia ha crecido el sentimiento de estar en comuni\u00f3n y de compartir entre las comunidades de fe, las iglesias y las instituciones anabautistas\u201d.&nbsp;<\/p>\n<p>En los albores del tercer a\u00f1o de pandemia, hay cansancio por los continuos dolores, y, aun as\u00ed, las iglesias contin\u00faan con su misi\u00f3n a pesar de los viejos y nuevos desaf\u00edos. &nbsp;<\/p>\n<p>Animados por la nueva <a href=\"https:\/\/mwc-cmm.org\/es\/red-anabautista-mundial-de-salud-gahn\">Red Anabautista Mundial de Salud<\/a>, el Congreso Mundial Menonita hizo un llamado a las iglesias y a las personas para que apoyen los esfuerzos de UNICEF en la entrega de vacunas del COVID-19 en pa\u00edses de bajos ingresos. &nbsp;<\/p>\n<p>CMM est\u00e1 recaudando dinero para UNICEF, el socio de entrega clave es el Fondo COVAX, para el acceso equitativo a las vacunas del COVID-19. &nbsp;<\/p>\n<h3>Amo a mi semejante&nbsp;<\/h3>\n<p>Para compartir las vacunas contra el coronavirus a trav\u00e9s del mundo, <a href=\"https:\/\/www.lovemyneighbourproject.org\/\">Love My Neighbour<\/a>, una organizaci\u00f3n sin \u00e1nimo de lucro, re\u00fane a 12 afiliaciones religiosas en Canad\u00e1, incluyendo al CMM. De este modo, hasta la fecha los Menonitas Anabautistas de Canad\u00e1 han donado $44.400 d\u00f3lares canadienses a nombre del CMM.&nbsp;<\/p>\n<p>Para el 30 de septiembre del 2021, la UNICEF en Canad\u00e1, recaud\u00f3 $9.6 millones de d\u00f3lares canadienses incluyendo $536.000 provenientes de los donantes de Love My Neighbour. Esto monto fue igualado por el gobierno de Canad\u00e1, obteniendo as\u00f3 un total de $19 millones, para la distribuci\u00f3n de vacunas contra el COVID-19, a trav\u00e9s de UNICEF en los pa\u00edses de bajos ingresos.&nbsp;<\/p>\n<p>Por sus esfuerzos Love My Neighbour, fue reconocida como una Fundaci\u00f3n Destacada o Grupo Filantr\u00f3pico, por los premios (AFP-Greater Toronto Chapter Philanthropy), quienes le otorgaron este honor en diciembre del 2021.&nbsp;<\/p>\n<p>Sarah Hildebrandt, fundadora de LMN, destaca \u201cque tenemos una gran responsabilidad\u201d. Cerca del 80% de canadienses han recibido al menos una dosis de la vacuna, pero en los pa\u00edses de bajos ingresos ha sido tan solo el <a href=\"https:\/\/ourworldindata.org\/covid-vaccinations\">8%<\/a> de la poblaci\u00f3n. Adem\u00e1s, expresa Ella que, \u201cqueremos fortalecer los brazos de UNICEF\u2026 A medida que somos testigos del amor de otros hac\u00eda por el pr\u00f3jimo, continua nuestro amor por los dem\u00e1s\u201d.&nbsp;<\/p>\n<p>Arli Klassen, coordinadora de representantes regionales, resalta que, \u201cAs\u00ed como Aaron y Hur levantaron los brazos de Mois\u00e9s\u2019 cuando \u00e9ste se cans\u00f3 (\u00c9xodo 17:12-14), del mismo modo los miembros de nuestra familia de las iglesias menonita-anabautistas, se est\u00e1n fortaleciendo mutuamente a trav\u00e9s de la campa\u00f1a, <a href=\"https:\/\/mwc-cmm.org\/es\/ama-tu-semejante-comparte-vacunas\">Ama a tu semejante del CMM <\/a>en Canad\u00e1 y de todo el mundo\u201d, de manera que, \u201cPor todos estos esfuerzos estamos agradecidos\u201d.&nbsp;<\/p>\n<p>En el nombre del CMM, los donantes estadounidenses dieron $24.535 USD a una campa\u00f1a interreligiosa para UNICEF. &nbsp;<\/p>\n<h3>Perdidas y Desaf\u00edos &nbsp;<\/h3>\n<p>Desde Zimbabue hasta Indonesia y Guatemala, los l\u00edderes de las iglesias informan sobre los desaf\u00edos econ\u00f3micos derivados de las p\u00e9rdidas de sus trabajos y la muerte de los pastores a causa del COVID-19. &nbsp;<\/p>\n<p> Willi Hugo P\u00e9rez, cuenta que, en Guatemala, una mujer perdi\u00f3 a sus dos hijas en dos d\u00edas. As\u00ed que \u201cHay desesperaci\u00f3n, angustia y tristeza por la situaci\u00f3n econ\u00f3mica y estas muertes\u201d.&nbsp;<\/p>\n<p>Los desacuerdos sobre c\u00f3mo responder al virus han endurecido las divisiones en las comunidades. Cynthia Peacock, representante regional de Asia del Sur, informa que, la resistencia a los grupos religiosos que nos son hind\u00faes ha llevado al vandalismo de los edificios de las iglesias y las mezquitas, de igual forma a la violencia en contra de l\u00edderes de las iglesias y a falsas acusaciones por proselitismo.&nbsp;<\/p>\n<p>Sin embargo, es tiempo para el acompa\u00f1amiento pastoral. Willi Hugo P\u00e9rez dice que, \u201chay hermosas expresiones y acciones de solidaridad a favor de los m\u00e1s vulnerables, pobres y necesitados, estas son obras de amor, que comunican fe, inspiraci\u00f3n y esperanza en la realidad actual\u201d.&nbsp;<\/p>\n<p>\u201cContinuamos creyendo y teniendo esperanza en el Se\u00f1or\u201d.&nbsp;<\/p>\n<hr>\n<h4>Learn more&nbsp;<\/h4>\n<table style=\"width:300px\">\n<tbody>\n<tr>\n<td>\n<p><a href=\"https:\/\/mwc-cmm.org\/es\/ama-tu-semejante-comparte-vacunas\">Ama tu semejante: comparte vacunas<\/a><\/p>\n<\/td>\n<\/tr>\n<\/tbody>\n<\/table>\n<h2>Donaciones:&nbsp;<\/h2>\n<p>Encuentre un enlace web para donar en su pa\u00eds. <em><strong>Donde est\u00e9 disponible, seleccione al CCM como su organizaci\u00f3n afiliada.<\/strong><\/em><\/p>\n<ul>\n<li><a href=\"https:\/\/fundraise.unicef.ca\/lovemyneighbour\/mennonite-world-conference\">Canad\u00e1&nbsp;<\/a><\/li>\n<li><a href=\"https:\/\/www.unicefusa.org\/interfaithmovement\">EE.UU.&nbsp;<\/a><\/li>\n<li><a href=\"https:\/\/www.unicef.fr\/pages\/covax\/\">Francia<\/a>&nbsp;<\/li>\n<li><a href=\"https:\/\/www.unicef.nl\/doneren\/vaccinaties\">Pa\u00edses Bajos<\/a>&nbsp;<\/li>\n<li><a href=\"https:\/\/www.unicef.de\/informieren\/projekte\/unicef-ziele-110800\/hygiene-111244\/coronavirus-impfstoffe-fuer-die-aermsten-laender\/235762\">Alemania&nbsp;<\/a><\/li>\n<li><a href=\"https:\/\/www.unicef.org\/esa\/covid-19-eastern-and-southern-africa\">Eastern &amp; Southern Africa<\/a><\/li>\n<li><a href=\"https:\/\/www.unicef.org\/wca\/covax\">Western and Central Africa<\/a><\/li>\n<\/ul>\n<hr>\n<h3>\u00bfYa hizo su donaci\u00f3n?<\/h3>\n<p>Env\u00ede un correo electr\u00f3nico a Henk Stenvers, secretario de la Comisi\u00f3n de Di\u00e1conos del CMM, a <a href=\"mailto:vaccines@mwc-cmm.org?subject=message%20from%20website\">vaccines@mwc-cmm.org<\/a> para dar a conocer al CMM que usted est\u00e1 apoyando a nuestra familia mundial de esta manera.<\/p>\n","protected":false},"excerpt":{"rendered":"<p>Willi Hugo P\u00e9rez, representante del Congreso Mundial Menonita para Am\u00e9rica Latina \u2013 Central, expresa que, en medio de la pandemia ha crecido el sentimiento de estar en comuni\u00f3n y de compartir entre las comunidades de fe, las iglesias y las instituciones anabautistas\u201d.&nbsp; En los albores del tercer a\u00f1o de pandemia, hay cansancio por los continuos [&hellip;]<\/p>\n","protected":false},"author":1,"featured_media":6124,"comment_status":"closed","ping_status":"closed","sticky":false,"template":"","format":"standard","meta":{"_acf_changed":false,"footnotes":""},"categories":[6],"tags":[],"network":[],"eventcategory":[],"class_list":["post-9172","post","type-post","status-publish","format-standard","has-post-thumbnail","hentry","category-sin-categorizar"],"acf":[],"yoast_head":"<!-- This site is optimized with the Yoast SEO plugin v27.5 - https:\/\/yoast.com\/product\/yoast-seo-wordpress\/ -->\n<title>Fortaleciendo los v\u00ednculos de respuesta - Mennonite World Conference<\/title>\n<meta name=\"robots\" content=\"index, follow, max-snippet:-1, max-image-preview:large, max-video-preview:-1\" \/>\n<link rel=\"canonical\" href=\"https:\/\/mwc-cmm.org\/es\/stories\/fortaleciendo-los-vinculos-de-respuesta\/\" \/>\n<meta property=\"og:locale\" content=\"es_ES\" \/>\n<meta property=\"og:type\" content=\"article\" \/>\n<meta property=\"og:title\" content=\"Fortaleciendo los v\u00ednculos de respuesta - Mennonite World Conference\" \/>\n<meta property=\"og:description\" content=\"Willi Hugo P\u00e9rez, representante del Congreso Mundial Menonita para Am\u00e9rica Latina \u2013 Central, expresa que, en medio de la pandemia ha crecido el sentimiento de estar en comuni\u00f3n y de compartir entre las comunidades de fe, las iglesias y las instituciones anabautistas\u201d.&nbsp; En los albores del tercer a\u00f1o de pandemia, hay cansancio por los continuos [&hellip;]\" \/>\n<meta property=\"og:url\" content=\"https:\/\/mwc-cmm.org\/es\/stories\/fortaleciendo-los-vinculos-de-respuesta\/\" \/>\n<meta property=\"og:site_name\" content=\"Mennonite World Conference\" \/>\n<meta property=\"article:publisher\" content=\"https:\/\/www.facebook.com\/MennoniteWorldConference\" \/>\n<meta property=\"article:published_time\" content=\"2022-01-18T00:00:00+00:00\" \/>\n<meta property=\"article:modified_time\" content=\"2024-12-10T18:04:11+00:00\" \/>\n<meta property=\"og:image\" content=\"https:\/\/mwc-cmm.org\/wp-content\/uploads\/2024\/10\/50638766673_b310922bb8_b.jpg\" \/>\n\t<meta property=\"og:image:width\" content=\"180\" \/>\n\t<meta property=\"og:image:height\" content=\"135\" \/>\n\t<meta property=\"og:image:type\" content=\"image\/jpeg\" \/>\n<meta name=\"author\" content=\"mennworldcon\" \/>\n<script type=\"application\/ld+json\" class=\"yoast-schema-graph\">{\"@context\":\"https:\\\/\\\/schema.org\",\"@graph\":[{\"@type\":\"Article\",\"@id\":\"https:\\\/\\\/mwc-cmm.org\\\/es\\\/stories\\\/fortaleciendo-los-vinculos-de-respuesta\\\/#article\",\"isPartOf\":{\"@id\":\"https:\\\/\\\/mwc-cmm.org\\\/es\\\/stories\\\/fortaleciendo-los-vinculos-de-respuesta\\\/\"},\"author\":{\"name\":\"mennworldcon\",\"@id\":\"https:\\\/\\\/mwc-cmm.org\\\/en\\\/#\\\/schema\\\/person\\\/11f6ae0d7d1868ba20a1cc27f067c836\"},\"headline\":\"Fortaleciendo los v\u00ednculos de respuesta\",\"datePublished\":\"2022-01-18T00:00:00+00:00\",\"dateModified\":\"2024-12-10T18:04:11+00:00\",\"mainEntityOfPage\":{\"@id\":\"https:\\\/\\\/mwc-cmm.org\\\/es\\\/stories\\\/fortaleciendo-los-vinculos-de-respuesta\\\/\"},\"wordCount\":779,\"publisher\":{\"@id\":\"https:\\\/\\\/mwc-cmm.org\\\/en\\\/#organization\"},\"image\":{\"@id\":\"https:\\\/\\\/mwc-cmm.org\\\/es\\\/stories\\\/fortaleciendo-los-vinculos-de-respuesta\\\/#primaryimage\"},\"thumbnailUrl\":\"https:\\\/\\\/mwc-cmm.org\\\/wp-content\\\/uploads\\\/2024\\\/10\\\/50638766673_b310922bb8_b.jpg\",\"articleSection\":[\"Sin categorizar\"],\"inLanguage\":\"es\"},{\"@type\":\"WebPage\",\"@id\":\"https:\\\/\\\/mwc-cmm.org\\\/es\\\/stories\\\/fortaleciendo-los-vinculos-de-respuesta\\\/\",\"url\":\"https:\\\/\\\/mwc-cmm.org\\\/es\\\/stories\\\/fortaleciendo-los-vinculos-de-respuesta\\\/\",\"name\":\"Fortaleciendo los v\u00ednculos de respuesta - Mennonite World Conference\",\"isPartOf\":{\"@id\":\"https:\\\/\\\/mwc-cmm.org\\\/en\\\/#website\"},\"primaryImageOfPage\":{\"@id\":\"https:\\\/\\\/mwc-cmm.org\\\/es\\\/stories\\\/fortaleciendo-los-vinculos-de-respuesta\\\/#primaryimage\"},\"image\":{\"@id\":\"https:\\\/\\\/mwc-cmm.org\\\/es\\\/stories\\\/fortaleciendo-los-vinculos-de-respuesta\\\/#primaryimage\"},\"thumbnailUrl\":\"https:\\\/\\\/mwc-cmm.org\\\/wp-content\\\/uploads\\\/2024\\\/10\\\/50638766673_b310922bb8_b.jpg\",\"datePublished\":\"2022-01-18T00:00:00+00:00\",\"dateModified\":\"2024-12-10T18:04:11+00:00\",\"breadcrumb\":{\"@id\":\"https:\\\/\\\/mwc-cmm.org\\\/es\\\/stories\\\/fortaleciendo-los-vinculos-de-respuesta\\\/#breadcrumb\"},\"inLanguage\":\"es\",\"potentialAction\":[{\"@type\":\"ReadAction\",\"target\":[\"https:\\\/\\\/mwc-cmm.org\\\/es\\\/stories\\\/fortaleciendo-los-vinculos-de-respuesta\\\/\"]}]},{\"@type\":\"ImageObject\",\"inLanguage\":\"es\",\"@id\":\"https:\\\/\\\/mwc-cmm.org\\\/es\\\/stories\\\/fortaleciendo-los-vinculos-de-respuesta\\\/#primaryimage\",\"url\":\"https:\\\/\\\/mwc-cmm.org\\\/wp-content\\\/uploads\\\/2024\\\/10\\\/50638766673_b310922bb8_b.jpg\",\"contentUrl\":\"https:\\\/\\\/mwc-cmm.org\\\/wp-content\\\/uploads\\\/2024\\\/10\\\/50638766673_b310922bb8_b.jpg\",\"width\":180,\"height\":135},{\"@type\":\"BreadcrumbList\",\"@id\":\"https:\\\/\\\/mwc-cmm.org\\\/es\\\/stories\\\/fortaleciendo-los-vinculos-de-respuesta\\\/#breadcrumb\",\"itemListElement\":[{\"@type\":\"ListItem\",\"position\":1,\"name\":\"Home\",\"item\":\"https:\\\/\\\/mwc-cmm.org\\\/es\\\/\"},{\"@type\":\"ListItem\",\"position\":2,\"name\":\"Fortaleciendo los v\u00ednculos de respuesta\"}]},{\"@type\":\"WebSite\",\"@id\":\"https:\\\/\\\/mwc-cmm.org\\\/en\\\/#website\",\"url\":\"https:\\\/\\\/mwc-cmm.org\\\/en\\\/\",\"name\":\"Mennonite World Conference\",\"description\":\"A communion of Anabaptist-related churches\",\"publisher\":{\"@id\":\"https:\\\/\\\/mwc-cmm.org\\\/en\\\/#organization\"},\"alternateName\":\"MWC\",\"potentialAction\":[{\"@type\":\"SearchAction\",\"target\":{\"@type\":\"EntryPoint\",\"urlTemplate\":\"https:\\\/\\\/mwc-cmm.org\\\/en\\\/?s={search_term_string}\"},\"query-input\":{\"@type\":\"PropertyValueSpecification\",\"valueRequired\":true,\"valueName\":\"search_term_string\"}}],\"inLanguage\":\"es\"},{\"@type\":\"Organization\",\"@id\":\"https:\\\/\\\/mwc-cmm.org\\\/en\\\/#organization\",\"name\":\"Mennonite World Conference\",\"alternateName\":\"MWC\",\"url\":\"https:\\\/\\\/mwc-cmm.org\\\/en\\\/\",\"logo\":{\"@type\":\"ImageObject\",\"inLanguage\":\"es\",\"@id\":\"https:\\\/\\\/mwc-cmm.org\\\/en\\\/#\\\/schema\\\/logo\\\/image\\\/\",\"url\":\"https:\\\/\\\/mwc-cmm.org\\\/wp-content\\\/uploads\\\/2026\\\/01\\\/MWC_Sig_Blue_Horiz_webheader1-logo.svg\",\"contentUrl\":\"https:\\\/\\\/mwc-cmm.org\\\/wp-content\\\/uploads\\\/2026\\\/01\\\/MWC_Sig_Blue_Horiz_webheader1-logo.svg\",\"width\":786,\"height\":82,\"caption\":\"Mennonite World Conference\"},\"image\":{\"@id\":\"https:\\\/\\\/mwc-cmm.org\\\/en\\\/#\\\/schema\\\/logo\\\/image\\\/\"},\"sameAs\":[\"https:\\\/\\\/www.facebook.com\\\/MennoniteWorldConference\",\"https:\\\/\\\/www.linkedin.com\\\/company\\\/mennonite-world-conference-mwc\\\/\",\"https:\\\/\\\/www.instagram.com\\\/mwcmm\\\/\",\"https:\\\/\\\/www.youtube.com\\\/user\\\/mwccmm\",\"https:\\\/\\\/bsky.app\\\/profile\\\/mwcmm.bsky.social\"]},{\"@type\":\"Person\",\"@id\":\"https:\\\/\\\/mwc-cmm.org\\\/en\\\/#\\\/schema\\\/person\\\/11f6ae0d7d1868ba20a1cc27f067c836\",\"name\":\"mennworldcon\",\"image\":{\"@type\":\"ImageObject\",\"inLanguage\":\"es\",\"@id\":\"https:\\\/\\\/secure.gravatar.com\\\/avatar\\\/06fdc0dc81c157dfdb82ec42f252178a22307808988d22c043f9eb96f1e0fe80?s=96&d=mm&r=g\",\"url\":\"https:\\\/\\\/secure.gravatar.com\\\/avatar\\\/06fdc0dc81c157dfdb82ec42f252178a22307808988d22c043f9eb96f1e0fe80?s=96&d=mm&r=g\",\"contentUrl\":\"https:\\\/\\\/secure.gravatar.com\\\/avatar\\\/06fdc0dc81c157dfdb82ec42f252178a22307808988d22c043f9eb96f1e0fe80?s=96&d=mm&r=g\",\"caption\":\"mennworldcon\"},\"sameAs\":[\"https:\\\/\\\/mwc-cmm.org\"],\"url\":\"https:\\\/\\\/mwc-cmm.org\\\/es\\\/stories\\\/author\\\/mennworldcon\\\/\"}]}<\/script>\n<!-- \/ Yoast SEO plugin. -->","yoast_head_json":{"title":"Fortaleciendo los v\u00ednculos de respuesta - Mennonite World Conference","robots":{"index":"index","follow":"follow","max-snippet":"max-snippet:-1","max-image-preview":"max-image-preview:large","max-video-preview":"max-video-preview:-1"},"canonical":"https:\/\/mwc-cmm.org\/es\/stories\/fortaleciendo-los-vinculos-de-respuesta\/","og_locale":"es_ES","og_type":"article","og_title":"Fortaleciendo los v\u00ednculos de respuesta - Mennonite World Conference","og_description":"Willi Hugo P\u00e9rez, representante del Congreso Mundial Menonita para Am\u00e9rica Latina \u2013 Central, expresa que, en medio de la pandemia ha crecido el sentimiento de estar en comuni\u00f3n y de compartir entre las comunidades de fe, las iglesias y las instituciones anabautistas\u201d.&nbsp; En los albores del tercer a\u00f1o de pandemia, hay cansancio por los continuos [&hellip;]","og_url":"https:\/\/mwc-cmm.org\/es\/stories\/fortaleciendo-los-vinculos-de-respuesta\/","og_site_name":"Mennonite World Conference","article_publisher":"https:\/\/www.facebook.com\/MennoniteWorldConference","article_published_time":"2022-01-18T00:00:00+00:00","article_modified_time":"2024-12-10T18:04:11+00:00","og_image":[{"width":180,"height":135,"url":"https:\/\/mwc-cmm.org\/wp-content\/uploads\/2024\/10\/50638766673_b310922bb8_b.jpg","type":"image\/jpeg"}],"author":"mennworldcon","schema":{"@context":"https:\/\/schema.org","@graph":[{"@type":"Article","@id":"https:\/\/mwc-cmm.org\/es\/stories\/fortaleciendo-los-vinculos-de-respuesta\/#article","isPartOf":{"@id":"https:\/\/mwc-cmm.org\/es\/stories\/fortaleciendo-los-vinculos-de-respuesta\/"},"author":{"name":"mennworldcon","@id":"https:\/\/mwc-cmm.org\/en\/#\/schema\/person\/11f6ae0d7d1868ba20a1cc27f067c836"},"headline":"Fortaleciendo los v\u00ednculos de respuesta","datePublished":"2022-01-18T00:00:00+00:00","dateModified":"2024-12-10T18:04:11+00:00","mainEntityOfPage":{"@id":"https:\/\/mwc-cmm.org\/es\/stories\/fortaleciendo-los-vinculos-de-respuesta\/"},"wordCount":779,"publisher":{"@id":"https:\/\/mwc-cmm.org\/en\/#organization"},"image":{"@id":"https:\/\/mwc-cmm.org\/es\/stories\/fortaleciendo-los-vinculos-de-respuesta\/#primaryimage"},"thumbnailUrl":"https:\/\/mwc-cmm.org\/wp-content\/uploads\/2024\/10\/50638766673_b310922bb8_b.jpg","articleSection":["Sin categorizar"],"inLanguage":"es"},{"@type":"WebPage","@id":"https:\/\/mwc-cmm.org\/es\/stories\/fortaleciendo-los-vinculos-de-respuesta\/","url":"https:\/\/mwc-cmm.org\/es\/stories\/fortaleciendo-los-vinculos-de-respuesta\/","name":"Fortaleciendo los v\u00ednculos de respuesta - Mennonite World Conference","isPartOf":{"@id":"https:\/\/mwc-cmm.org\/en\/#website"},"primaryImageOfPage":{"@id":"https:\/\/mwc-cmm.org\/es\/stories\/fortaleciendo-los-vinculos-de-respuesta\/#primaryimage"},"image":{"@id":"https:\/\/mwc-cmm.org\/es\/stories\/fortaleciendo-los-vinculos-de-respuesta\/#primaryimage"},"thumbnailUrl":"https:\/\/mwc-cmm.org\/wp-content\/uploads\/2024\/10\/50638766673_b310922bb8_b.jpg","datePublished":"2022-01-18T00:00:00+00:00","dateModified":"2024-12-10T18:04:11+00:00","breadcrumb":{"@id":"https:\/\/mwc-cmm.org\/es\/stories\/fortaleciendo-los-vinculos-de-respuesta\/#breadcrumb"},"inLanguage":"es","potentialAction":[{"@type":"ReadAction","target":["https:\/\/mwc-cmm.org\/es\/stories\/fortaleciendo-los-vinculos-de-respuesta\/"]}]},{"@type":"ImageObject","inLanguage":"es","@id":"https:\/\/mwc-cmm.org\/es\/stories\/fortaleciendo-los-vinculos-de-respuesta\/#primaryimage","url":"https:\/\/mwc-cmm.org\/wp-content\/uploads\/2024\/10\/50638766673_b310922bb8_b.jpg","contentUrl":"https:\/\/mwc-cmm.org\/wp-content\/uploads\/2024\/10\/50638766673_b310922bb8_b.jpg","width":180,"height":135},{"@type":"BreadcrumbList","@id":"https:\/\/mwc-cmm.org\/es\/stories\/fortaleciendo-los-vinculos-de-respuesta\/#breadcrumb","itemListElement":[{"@type":"ListItem","position":1,"name":"Home","item":"https:\/\/mwc-cmm.org\/es\/"},{"@type":"ListItem","position":2,"name":"Fortaleciendo los v\u00ednculos de respuesta"}]},{"@type":"WebSite","@id":"https:\/\/mwc-cmm.org\/en\/#website","url":"https:\/\/mwc-cmm.org\/en\/","name":"Mennonite World Conference","description":"A communion of Anabaptist-related churches","publisher":{"@id":"https:\/\/mwc-cmm.org\/en\/#organization"},"alternateName":"MWC","potentialAction":[{"@type":"SearchAction","target":{"@type":"EntryPoint","urlTemplate":"https:\/\/mwc-cmm.org\/en\/?s={search_term_string}"},"query-input":{"@type":"PropertyValueSpecification","valueRequired":true,"valueName":"search_term_string"}}],"inLanguage":"es"},{"@type":"Organization","@id":"https:\/\/mwc-cmm.org\/en\/#organization","name":"Mennonite World Conference","alternateName":"MWC","url":"https:\/\/mwc-cmm.org\/en\/","logo":{"@type":"ImageObject","inLanguage":"es","@id":"https:\/\/mwc-cmm.org\/en\/#\/schema\/logo\/image\/","url":"https:\/\/mwc-cmm.org\/wp-content\/uploads\/2026\/01\/MWC_Sig_Blue_Horiz_webheader1-logo.svg","contentUrl":"https:\/\/mwc-cmm.org\/wp-content\/uploads\/2026\/01\/MWC_Sig_Blue_Horiz_webheader1-logo.svg","width":786,"height":82,"caption":"Mennonite World Conference"},"image":{"@id":"https:\/\/mwc-cmm.org\/en\/#\/schema\/logo\/image\/"},"sameAs":["https:\/\/www.facebook.com\/MennoniteWorldConference","https:\/\/www.linkedin.com\/company\/mennonite-world-conference-mwc\/","https:\/\/www.instagram.com\/mwcmm\/","https:\/\/www.youtube.com\/user\/mwccmm","https:\/\/bsky.app\/profile\/mwcmm.bsky.social"]},{"@type":"Person","@id":"https:\/\/mwc-cmm.org\/en\/#\/schema\/person\/11f6ae0d7d1868ba20a1cc27f067c836","name":"mennworldcon","image":{"@type":"ImageObject","inLanguage":"es","@id":"https:\/\/secure.gravatar.com\/avatar\/06fdc0dc81c157dfdb82ec42f252178a22307808988d22c043f9eb96f1e0fe80?s=96&d=mm&r=g","url":"https:\/\/secure.gravatar.com\/avatar\/06fdc0dc81c157dfdb82ec42f252178a22307808988d22c043f9eb96f1e0fe80?s=96&d=mm&r=g","contentUrl":"https:\/\/secure.gravatar.com\/avatar\/06fdc0dc81c157dfdb82ec42f252178a22307808988d22c043f9eb96f1e0fe80?s=96&d=mm&r=g","caption":"mennworldcon"},"sameAs":["https:\/\/mwc-cmm.org"],"url":"https:\/\/mwc-cmm.org\/es\/stories\/author\/mennworldcon\/"}]}},"_links":{"self":[{"href":"https:\/\/mwc-cmm.org\/es\/wp-json\/wp\/v2\/posts\/9172","targetHints":{"allow":["GET"]}}],"collection":[{"href":"https:\/\/mwc-cmm.org\/es\/wp-json\/wp\/v2\/posts"}],"about":[{"href":"https:\/\/mwc-cmm.org\/es\/wp-json\/wp\/v2\/types\/post"}],"author":[{"embeddable":true,"href":"https:\/\/mwc-cmm.org\/es\/wp-json\/wp\/v2\/users\/1"}],"replies":[{"embeddable":true,"href":"https:\/\/mwc-cmm.org\/es\/wp-json\/wp\/v2\/comments?post=9172"}],"version-history":[{"count":0,"href":"https:\/\/mwc-cmm.org\/es\/wp-json\/wp\/v2\/posts\/9172\/revisions"}],"wp:featuredmedia":[{"embeddable":true,"href":"https:\/\/mwc-cmm.org\/es\/wp-json\/wp\/v2\/media\/6124"}],"wp:attachment":[{"href":"https:\/\/mwc-cmm.org\/es\/wp-json\/wp\/v2\/media?parent=9172"}],"wp:term":[{"taxonomy":"category","embeddable":true,"href":"https:\/\/mwc-cmm.org\/es\/wp-json\/wp\/v2\/categories?post=9172"},{"taxonomy":"post_tag","embeddable":true,"href":"https:\/\/mwc-cmm.org\/es\/wp-json\/wp\/v2\/tags?post=9172"},{"taxonomy":"network","embeddable":true,"href":"https:\/\/mwc-cmm.org\/es\/wp-json\/wp\/v2\/network?post=9172"},{"taxonomy":"eventcategory","embeddable":true,"href":"https:\/\/mwc-cmm.org\/es\/wp-json\/wp\/v2\/eventcategory?post=9172"}],"curies":[{"name":"wp","href":"https:\/\/api.w.org\/{rel}","templated":true}]}}