{"id":9165,"date":"2022-01-04T00:00:00","date_gmt":"2022-01-04T00:00:00","guid":{"rendered":"https:\/\/mwc-cmm.org\/with-jesus-through-the-storm-2\/"},"modified":"2024-12-10T18:04:07","modified_gmt":"2024-12-10T18:04:07","slug":"con-jesus-traves-de-la-tormenta","status":"publish","type":"post","link":"https:\/\/mwc-cmm.org\/es\/stories\/con-jesus-traves-de-la-tormenta\/","title":{"rendered":"Con Jes\u00fas a trav\u00e9s de la tormenta"},"content":{"rendered":"<p>Han pasado dos a\u00f1os en los cuales, en cualquier lugar del mundo, hemos enfrentado esta temporada de pandemia. Estos tiempos han sido dif\u00edciles debido a los bloqueos por emergencia y a las muchas p\u00e9rdidas \u2013 desde trabajos hasta personas que amamos mucho. Este es un momento ca\u00f3tico, que nadie en el 2019, podr\u00eda haber imaginado que golpear\u00eda al mundo poco tiempo despu\u00e9s.&nbsp;&nbsp;<\/p>\n<p>Todo lo que ha acontecido puede hacernos perder la paz y la tranquilidad en la vida. Podr\u00edamos estar llenos de miedo y preocupaci\u00f3n por lo que nos depara el futuro. En mi contemplaci\u00f3n hacia la dif\u00edcil situaci\u00f3n, recuerdo la historia de Jes\u00fas calmando la tormenta.&nbsp;<\/p>\n<h4>Jes\u00fas calma la tormenta&nbsp;<\/h4>\n<blockquote>\n<p>Al anochecer de aquel mismo d\u00eda, Jes\u00fas dijo a sus disc\u00edpulos:&nbsp;<\/p>\n<p>Vamos al otro lado del lago.&nbsp;<\/p>\n<p>Entonces dejaron a la gente y llevaron a Jes\u00fas en la barca en que ya estaba; y tambi\u00e9n otras barcas lo acompa\u00f1aban. En esto se desat\u00f3 una tormenta, con un viento tan fuerte que las olas ca\u00edan sobre la barca, de modo que se llenaba de agua. Pero Jes\u00fas se hab\u00eda dormido en la parte de atr\u00e1s, apoyado sobre una almohada. Lo despertaron y le dijeron:&nbsp;<\/p>\n<p>\u2014 \u00a1Maestro! \u00bfNo te importa que nos estemos hundiendo?&nbsp;<\/p>\n<p>Jes\u00fas se levant\u00f3 y dio una orden al viento, y dijo al mar:&nbsp;<\/p>\n<p>\u00a1Silencio! \u00a1Qu\u00e9date quieto!&nbsp;<\/p>\n<p>El viento se calm\u00f3, y todo qued\u00f3 completamente tranquilo. Despu\u00e9s dijo Jes\u00fas a los disc\u00edpulos:&nbsp;<\/p>\n<p>\u00bfPor qu\u00e9 est\u00e1n asustados? \u00bfTodav\u00eda no tienen fe?&nbsp;<\/p>\n<p>Ellos se llenaron de miedo, y se preguntaban unos a otros:&nbsp;<\/p>\n<p>\u00bfQui\u00e9n ser\u00e1 \u00e9ste, que hasta el viento y el mar lo obedecen? (Marcos 4,35-41 DHH)&nbsp;<\/p>\n<\/blockquote>\n<p>En la lectura anterior, hay algunas cosas que me llaman la atenci\u00f3n. La primera es que Jes\u00fas mismo invita a sus disc\u00edpulos a ir al otro lado del mar, pero en medio del viaje, un hurac\u00e1n choca contra la barca, por lo que la barca comienza a llenarse de agua.&nbsp;<\/p>\n<p><strong>Una<\/strong> de las cosas de la que debemos darnos cuenta es que aunque los disc\u00edpulos est\u00e1n con Jes\u00fas en el barco, no significa que sean inmunes a los problemas. No significa que su viaje sea tranquilo, sin obst\u00e1culos ni problemas. En realidad, no fue como ellos esperaban. No fue una brisa pac\u00edfica la que vino a ayudarlos a relajarse, \u00a1sino un viento poderoso y peligroso!&nbsp;<\/p>\n<p>Dios nunca prometi\u00f3 que cuando le seguimos, todo estar\u00e1 bien, sin problemas y que todo estar\u00e1 sano y salvo. \u00a1No! Lo que Dios promete es \u201cNunca te dejar\u00e9 ni te abandonar\u00e9\u201d (Hebreos 13,5b). No importa en qu\u00e9 situaci\u00f3n nos encontremos, Dios est\u00e1 ah\u00ed a nuestro lado.&nbsp;<\/p>\n<p>La <strong>segunda<\/strong> cosa interesante es que Jes\u00fas realmente se queda dormido en la popa hasta que finalmente sus disc\u00edpulos lo despiertan.&nbsp;<\/p>\n<p>\u00bfPor qu\u00e9 Jes\u00fas duerme cuando la situaci\u00f3n es tan ca\u00f3tica con olas chocando contra la barca? Para Jes\u00fas, las olas, el tif\u00f3n, el viento no son un problema. Quiz\u00e1s en nuestro caso vemos esas cosas como aterradoras y potencialmente mortales. Eso es lo que sintieron los disc\u00edpulos. Pero nuevamente, quiero enfatizar que para Jes\u00fas, es un asunto peque\u00f1o.&nbsp;<\/p>\n<p>\u00bfPor qu\u00e9 Jes\u00fas finalmente se despierta? Jes\u00fas se despierta no por la tormenta, sino cuando sus disc\u00edpulos le piden ayuda. Interesante, \u00bfverdad? Jes\u00fas no responde por la tormenta de viento, \u00c9l responde porque su gente le pide ayuda. Eso mueve su coraz\u00f3n. Jes\u00fas nos ama tanto.&nbsp;<\/p>\n<p>Sabemos que al final, Jes\u00fas reprende al viento y le dice al mar que se calme. Entonces el viento amaina y el mar se calma por completo.&nbsp;<\/p>\n<p style=\"text-align:center\"><a href=\"https:\/\/mwc-cmm.org\/es\/resources\/domingo-de-la-fraternidad-anabautista-mundial-2022\"><img decoding=\"async\" alt=\"\" height=\"200\" data-src=\"\/sites\/default\/files\/website_files_2020\/sp.jpg\" width=\"600\" src=\"data:image\/svg+xml;base64,PHN2ZyB3aWR0aD0iMSIgaGVpZ2h0PSIxIiB4bWxucz0iaHR0cDovL3d3dy53My5vcmcvMjAwMC9zdmciPjwvc3ZnPg==\" class=\"lazyload\" style=\"--smush-placeholder-width: 600px; --smush-placeholder-aspect-ratio: 600\/200;\"><\/a><\/p>\n<h4>Jes\u00fas est\u00e1 presente&nbsp;<\/h4>\n<p>Jes\u00fas se vuelve hacia sus disc\u00edpulos y les recuerda que est\u00e1n con \u00c9l en el barco. S\u00ed, muchas veces nos olvidamos, mientras estamos pasando por luchas que no son f\u00e1ciles, que Jes\u00fas no se va a ninguna parte. \u00c9l est\u00e1 a nuestro lado y nunca nos deja.&nbsp;<\/p>\n<p>Una vez m\u00e1s, Jes\u00fas nunca prometi\u00f3 que no enfrentar\u00edamos todo esto, pero s\u00ed prometi\u00f3 que sin importar en qu\u00e9 condici\u00f3n estemos, \u00c9l est\u00e1 ah\u00ed. Jes\u00fas est\u00e1 presente. \u00c9l nunca nos dejar\u00e1 porque siempre estamos en su mente y coraz\u00f3n.&nbsp;<\/p>\n<p>\u00bfY no es lo m\u00e1s importante que Jes\u00fas est\u00e9 caminando a nuestro lado? Y el Jes\u00fas que camina a nuestro lado nos dice hoy: \u201cNo tengan temor\u201d.&nbsp;<\/p>\n<p>Porque el Dios que camina con usted es m\u00e1s poderoso que cualquier problema que est\u00e9 enfrentando.&nbsp;<\/p>\n<p>No es una promesa vac\u00eda \u2013 \u00a1las promesas de Dios son \u201cS\u00ed\u201d y \u201cAm\u00e9n\u201d! (2 Corintios 1,20). Los disc\u00edpulos estaban aterrorizados y se dec\u00edan unos a otros: \u201c\u00a1Hasta el viento y las olas le obedecen!\u201d \u00a1S\u00ed! El poder de Jes\u00fas supera todos los problemas que enfrentamos.&nbsp;<\/p>\n<p>Estoy orando para que, en este breve mensaje, podamos darnos cuenta de que la presencia de Jes\u00fas en nuestras vidas es m\u00e1s importante que cualquier dificultad que podamos enfrentar. Cuando nos damos cuenta de que Jes\u00fas est\u00e1 a nuestro lado encontramos paz y fuerza, en lugar de temor.&nbsp;<\/p>\n<p>Aunque la situaci\u00f3n no es f\u00e1cil, todav\u00eda podemos recordar, \u00bfcon qui\u00e9n caminamos? Eso es lo m\u00e1s importante.&nbsp;<\/p>\n<p>All\u00ed, nuestro coraz\u00f3n encontrar\u00e1 paz y calma, incluso en situaciones dif\u00edciles. \u00a1No tenga temor, solo crea!&nbsp;<\/p>\n<blockquote>\n<p><strong>\u201c\u00a1Cualquiera que sea nuestro problema y lucha, la respuesta y la soluci\u00f3n ya est\u00e1 con usted y su nombre es Jes\u00fas!\u201d.&nbsp;<\/strong><\/p>\n<\/blockquote>\n<hr>\n<h5>\u2014Anton Kurniawan Sidharta&nbsp;es integrante del equipo de liderazgo de la JKI (Jemaat Kristen Indonesia) Maranatha y fundador de la convenci\u00f3n juvenil \u2018Unlimited Fire\u2019.&nbsp;<\/h5>\n<p>&nbsp;<\/p>\n<h6>Materiales del Domingo de la Fraternidad Anabautista Mundial disponibles<a href=\"https:\/\/mwc-cmm.org\/es\/resources\/domingo-de-la-fraternidad-anabautista-mundial-2022\">&nbsp;aqu\u00ed<\/a><\/h6>\n<h6>#DomingoFraternidadAnabautistaMundial #mwcmm<\/h6>\n","protected":false},"excerpt":{"rendered":"<p>Han pasado dos a\u00f1os en los cuales, en cualquier lugar del mundo, hemos enfrentado esta temporada de pandemia. Estos tiempos han sido dif\u00edciles debido a los bloqueos por emergencia y a las muchas p\u00e9rdidas \u2013 desde trabajos hasta personas que amamos mucho. Este es un momento ca\u00f3tico, que nadie en el 2019, podr\u00eda haber imaginado [&hellip;]<\/p>\n","protected":false},"author":1,"featured_media":94420,"comment_status":"closed","ping_status":"closed","sticky":false,"template":"","format":"standard","meta":{"_acf_changed":false,"footnotes":""},"categories":[6],"tags":[],"network":[],"eventcategory":[1499],"class_list":["post-9165","post","type-post","status-publish","format-standard","has-post-thumbnail","hentry","category-sin-categorizar","eventcategory-anabaptist-world-fellowship-sunday-es"],"acf":[],"yoast_head":"<!-- This site is optimized with the Yoast SEO plugin v27.2 - https:\/\/yoast.com\/product\/yoast-seo-wordpress\/ -->\n<title>Con Jes\u00fas a trav\u00e9s de la tormenta - Mennonite World Conference<\/title>\n<meta name=\"robots\" content=\"index, follow, max-snippet:-1, max-image-preview:large, max-video-preview:-1\" \/>\n<link rel=\"canonical\" href=\"https:\/\/mwc-cmm.org\/es\/stories\/con-jesus-traves-de-la-tormenta\/\" \/>\n<meta property=\"og:locale\" content=\"es_ES\" \/>\n<meta property=\"og:type\" content=\"article\" \/>\n<meta property=\"og:title\" content=\"Con Jes\u00fas a trav\u00e9s de la tormenta - Mennonite World Conference\" \/>\n<meta property=\"og:description\" content=\"Han pasado dos a\u00f1os en los cuales, en cualquier lugar del mundo, hemos enfrentado esta temporada de pandemia. Estos tiempos han sido dif\u00edciles debido a los bloqueos por emergencia y a las muchas p\u00e9rdidas \u2013 desde trabajos hasta personas que amamos mucho. Este es un momento ca\u00f3tico, que nadie en el 2019, podr\u00eda haber imaginado [&hellip;]\" \/>\n<meta property=\"og:url\" content=\"https:\/\/mwc-cmm.org\/es\/stories\/con-jesus-traves-de-la-tormenta\/\" \/>\n<meta property=\"og:site_name\" content=\"Mennonite World Conference\" \/>\n<meta property=\"article:publisher\" content=\"https:\/\/www.facebook.com\/MennoniteWorldConference\" \/>\n<meta property=\"article:published_time\" content=\"2022-01-04T00:00:00+00:00\" \/>\n<meta property=\"article:modified_time\" content=\"2024-12-10T18:04:07+00:00\" \/>\n<meta property=\"og:image\" content=\"https:\/\/mwc-cmm.org\/wp-content\/uploads\/2024\/11\/51372488548_cac5755659_b.jpg\" \/>\n\t<meta property=\"og:image:width\" content=\"1024\" \/>\n\t<meta property=\"og:image:height\" content=\"570\" \/>\n\t<meta property=\"og:image:type\" content=\"image\/jpeg\" \/>\n<meta name=\"author\" content=\"mennworldcon\" \/>\n<script type=\"application\/ld+json\" class=\"yoast-schema-graph\">{\"@context\":\"https:\/\/schema.org\",\"@graph\":[{\"@type\":\"Article\",\"@id\":\"https:\/\/mwc-cmm.org\/es\/stories\/con-jesus-traves-de-la-tormenta\/#article\",\"isPartOf\":{\"@id\":\"https:\/\/mwc-cmm.org\/es\/stories\/con-jesus-traves-de-la-tormenta\/\"},\"author\":{\"name\":\"mennworldcon\",\"@id\":\"https:\/\/mwc-cmm.org\/en\/#\/schema\/person\/11f6ae0d7d1868ba20a1cc27f067c836\"},\"headline\":\"Con Jes\u00fas a trav\u00e9s de la tormenta\",\"datePublished\":\"2022-01-04T00:00:00+00:00\",\"dateModified\":\"2024-12-10T18:04:07+00:00\",\"mainEntityOfPage\":{\"@id\":\"https:\/\/mwc-cmm.org\/es\/stories\/con-jesus-traves-de-la-tormenta\/\"},\"wordCount\":1029,\"publisher\":{\"@id\":\"https:\/\/mwc-cmm.org\/en\/#organization\"},\"image\":{\"@id\":\"https:\/\/mwc-cmm.org\/es\/stories\/con-jesus-traves-de-la-tormenta\/#primaryimage\"},\"thumbnailUrl\":\"https:\/\/mwc-cmm.org\/wp-content\/uploads\/2024\/11\/51372488548_cac5755659_b.jpg\",\"articleSection\":[\"Sin categorizar\"],\"inLanguage\":\"es\"},{\"@type\":\"WebPage\",\"@id\":\"https:\/\/mwc-cmm.org\/es\/stories\/con-jesus-traves-de-la-tormenta\/\",\"url\":\"https:\/\/mwc-cmm.org\/es\/stories\/con-jesus-traves-de-la-tormenta\/\",\"name\":\"Con Jes\u00fas a trav\u00e9s de la tormenta - Mennonite World Conference\",\"isPartOf\":{\"@id\":\"https:\/\/mwc-cmm.org\/en\/#website\"},\"primaryImageOfPage\":{\"@id\":\"https:\/\/mwc-cmm.org\/es\/stories\/con-jesus-traves-de-la-tormenta\/#primaryimage\"},\"image\":{\"@id\":\"https:\/\/mwc-cmm.org\/es\/stories\/con-jesus-traves-de-la-tormenta\/#primaryimage\"},\"thumbnailUrl\":\"https:\/\/mwc-cmm.org\/wp-content\/uploads\/2024\/11\/51372488548_cac5755659_b.jpg\",\"datePublished\":\"2022-01-04T00:00:00+00:00\",\"dateModified\":\"2024-12-10T18:04:07+00:00\",\"breadcrumb\":{\"@id\":\"https:\/\/mwc-cmm.org\/es\/stories\/con-jesus-traves-de-la-tormenta\/#breadcrumb\"},\"inLanguage\":\"es\",\"potentialAction\":[{\"@type\":\"ReadAction\",\"target\":[\"https:\/\/mwc-cmm.org\/es\/stories\/con-jesus-traves-de-la-tormenta\/\"]}]},{\"@type\":\"ImageObject\",\"inLanguage\":\"es\",\"@id\":\"https:\/\/mwc-cmm.org\/es\/stories\/con-jesus-traves-de-la-tormenta\/#primaryimage\",\"url\":\"https:\/\/mwc-cmm.org\/wp-content\/uploads\/2024\/11\/51372488548_cac5755659_b.jpg\",\"contentUrl\":\"https:\/\/mwc-cmm.org\/wp-content\/uploads\/2024\/11\/51372488548_cac5755659_b.jpg\",\"width\":1024,\"height\":570},{\"@type\":\"BreadcrumbList\",\"@id\":\"https:\/\/mwc-cmm.org\/es\/stories\/con-jesus-traves-de-la-tormenta\/#breadcrumb\",\"itemListElement\":[{\"@type\":\"ListItem\",\"position\":1,\"name\":\"Home\",\"item\":\"https:\/\/mwc-cmm.org\/es\/\"},{\"@type\":\"ListItem\",\"position\":2,\"name\":\"Con Jes\u00fas a trav\u00e9s de la tormenta\"}]},{\"@type\":\"WebSite\",\"@id\":\"https:\/\/mwc-cmm.org\/en\/#website\",\"url\":\"https:\/\/mwc-cmm.org\/en\/\",\"name\":\"Mennonite World Conference\",\"description\":\"A communion of Anabaptist-related churches\",\"publisher\":{\"@id\":\"https:\/\/mwc-cmm.org\/en\/#organization\"},\"alternateName\":\"MWC\",\"potentialAction\":[{\"@type\":\"SearchAction\",\"target\":{\"@type\":\"EntryPoint\",\"urlTemplate\":\"https:\/\/mwc-cmm.org\/en\/?s={search_term_string}\"},\"query-input\":{\"@type\":\"PropertyValueSpecification\",\"valueRequired\":true,\"valueName\":\"search_term_string\"}}],\"inLanguage\":\"es\"},{\"@type\":\"Organization\",\"@id\":\"https:\/\/mwc-cmm.org\/en\/#organization\",\"name\":\"Mennonite World Conference\",\"alternateName\":\"MWC\",\"url\":\"https:\/\/mwc-cmm.org\/en\/\",\"logo\":{\"@type\":\"ImageObject\",\"inLanguage\":\"es\",\"@id\":\"https:\/\/mwc-cmm.org\/en\/#\/schema\/logo\/image\/\",\"url\":\"https:\/\/mwc-cmm.org\/wp-content\/uploads\/2026\/01\/MWC_Sig_Blue_Horiz_webheader1-logo.svg\",\"contentUrl\":\"https:\/\/mwc-cmm.org\/wp-content\/uploads\/2026\/01\/MWC_Sig_Blue_Horiz_webheader1-logo.svg\",\"width\":786,\"height\":82,\"caption\":\"Mennonite World Conference\"},\"image\":{\"@id\":\"https:\/\/mwc-cmm.org\/en\/#\/schema\/logo\/image\/\"},\"sameAs\":[\"https:\/\/www.facebook.com\/MennoniteWorldConference\",\"https:\/\/www.linkedin.com\/company\/mennonite-world-conference-mwc\/\",\"https:\/\/www.instagram.com\/mwcmm\/\",\"https:\/\/www.youtube.com\/user\/mwccmm\",\"https:\/\/bsky.app\/profile\/mwcmm.bsky.social\"]},{\"@type\":\"Person\",\"@id\":\"https:\/\/mwc-cmm.org\/en\/#\/schema\/person\/11f6ae0d7d1868ba20a1cc27f067c836\",\"name\":\"mennworldcon\",\"image\":{\"@type\":\"ImageObject\",\"inLanguage\":\"es\",\"@id\":\"https:\/\/secure.gravatar.com\/avatar\/06fdc0dc81c157dfdb82ec42f252178a22307808988d22c043f9eb96f1e0fe80?s=96&d=mm&r=g\",\"url\":\"https:\/\/secure.gravatar.com\/avatar\/06fdc0dc81c157dfdb82ec42f252178a22307808988d22c043f9eb96f1e0fe80?s=96&d=mm&r=g\",\"contentUrl\":\"https:\/\/secure.gravatar.com\/avatar\/06fdc0dc81c157dfdb82ec42f252178a22307808988d22c043f9eb96f1e0fe80?s=96&d=mm&r=g\",\"caption\":\"mennworldcon\"},\"sameAs\":[\"https:\/\/mwc-cmm.org\"],\"url\":\"https:\/\/mwc-cmm.org\/es\/stories\/author\/mennworldcon\/\"}]}<\/script>\n<!-- \/ Yoast SEO plugin. -->","yoast_head_json":{"title":"Con Jes\u00fas a trav\u00e9s de la tormenta - Mennonite World Conference","robots":{"index":"index","follow":"follow","max-snippet":"max-snippet:-1","max-image-preview":"max-image-preview:large","max-video-preview":"max-video-preview:-1"},"canonical":"https:\/\/mwc-cmm.org\/es\/stories\/con-jesus-traves-de-la-tormenta\/","og_locale":"es_ES","og_type":"article","og_title":"Con Jes\u00fas a trav\u00e9s de la tormenta - Mennonite World Conference","og_description":"Han pasado dos a\u00f1os en los cuales, en cualquier lugar del mundo, hemos enfrentado esta temporada de pandemia. Estos tiempos han sido dif\u00edciles debido a los bloqueos por emergencia y a las muchas p\u00e9rdidas \u2013 desde trabajos hasta personas que amamos mucho. Este es un momento ca\u00f3tico, que nadie en el 2019, podr\u00eda haber imaginado [&hellip;]","og_url":"https:\/\/mwc-cmm.org\/es\/stories\/con-jesus-traves-de-la-tormenta\/","og_site_name":"Mennonite World Conference","article_publisher":"https:\/\/www.facebook.com\/MennoniteWorldConference","article_published_time":"2022-01-04T00:00:00+00:00","article_modified_time":"2024-12-10T18:04:07+00:00","og_image":[{"width":1024,"height":570,"url":"https:\/\/mwc-cmm.org\/wp-content\/uploads\/2024\/11\/51372488548_cac5755659_b.jpg","type":"image\/jpeg"}],"author":"mennworldcon","schema":{"@context":"https:\/\/schema.org","@graph":[{"@type":"Article","@id":"https:\/\/mwc-cmm.org\/es\/stories\/con-jesus-traves-de-la-tormenta\/#article","isPartOf":{"@id":"https:\/\/mwc-cmm.org\/es\/stories\/con-jesus-traves-de-la-tormenta\/"},"author":{"name":"mennworldcon","@id":"https:\/\/mwc-cmm.org\/en\/#\/schema\/person\/11f6ae0d7d1868ba20a1cc27f067c836"},"headline":"Con Jes\u00fas a trav\u00e9s de la tormenta","datePublished":"2022-01-04T00:00:00+00:00","dateModified":"2024-12-10T18:04:07+00:00","mainEntityOfPage":{"@id":"https:\/\/mwc-cmm.org\/es\/stories\/con-jesus-traves-de-la-tormenta\/"},"wordCount":1029,"publisher":{"@id":"https:\/\/mwc-cmm.org\/en\/#organization"},"image":{"@id":"https:\/\/mwc-cmm.org\/es\/stories\/con-jesus-traves-de-la-tormenta\/#primaryimage"},"thumbnailUrl":"https:\/\/mwc-cmm.org\/wp-content\/uploads\/2024\/11\/51372488548_cac5755659_b.jpg","articleSection":["Sin categorizar"],"inLanguage":"es"},{"@type":"WebPage","@id":"https:\/\/mwc-cmm.org\/es\/stories\/con-jesus-traves-de-la-tormenta\/","url":"https:\/\/mwc-cmm.org\/es\/stories\/con-jesus-traves-de-la-tormenta\/","name":"Con Jes\u00fas a trav\u00e9s de la tormenta - Mennonite World Conference","isPartOf":{"@id":"https:\/\/mwc-cmm.org\/en\/#website"},"primaryImageOfPage":{"@id":"https:\/\/mwc-cmm.org\/es\/stories\/con-jesus-traves-de-la-tormenta\/#primaryimage"},"image":{"@id":"https:\/\/mwc-cmm.org\/es\/stories\/con-jesus-traves-de-la-tormenta\/#primaryimage"},"thumbnailUrl":"https:\/\/mwc-cmm.org\/wp-content\/uploads\/2024\/11\/51372488548_cac5755659_b.jpg","datePublished":"2022-01-04T00:00:00+00:00","dateModified":"2024-12-10T18:04:07+00:00","breadcrumb":{"@id":"https:\/\/mwc-cmm.org\/es\/stories\/con-jesus-traves-de-la-tormenta\/#breadcrumb"},"inLanguage":"es","potentialAction":[{"@type":"ReadAction","target":["https:\/\/mwc-cmm.org\/es\/stories\/con-jesus-traves-de-la-tormenta\/"]}]},{"@type":"ImageObject","inLanguage":"es","@id":"https:\/\/mwc-cmm.org\/es\/stories\/con-jesus-traves-de-la-tormenta\/#primaryimage","url":"https:\/\/mwc-cmm.org\/wp-content\/uploads\/2024\/11\/51372488548_cac5755659_b.jpg","contentUrl":"https:\/\/mwc-cmm.org\/wp-content\/uploads\/2024\/11\/51372488548_cac5755659_b.jpg","width":1024,"height":570},{"@type":"BreadcrumbList","@id":"https:\/\/mwc-cmm.org\/es\/stories\/con-jesus-traves-de-la-tormenta\/#breadcrumb","itemListElement":[{"@type":"ListItem","position":1,"name":"Home","item":"https:\/\/mwc-cmm.org\/es\/"},{"@type":"ListItem","position":2,"name":"Con Jes\u00fas a trav\u00e9s de la tormenta"}]},{"@type":"WebSite","@id":"https:\/\/mwc-cmm.org\/en\/#website","url":"https:\/\/mwc-cmm.org\/en\/","name":"Mennonite World Conference","description":"A communion of Anabaptist-related churches","publisher":{"@id":"https:\/\/mwc-cmm.org\/en\/#organization"},"alternateName":"MWC","potentialAction":[{"@type":"SearchAction","target":{"@type":"EntryPoint","urlTemplate":"https:\/\/mwc-cmm.org\/en\/?s={search_term_string}"},"query-input":{"@type":"PropertyValueSpecification","valueRequired":true,"valueName":"search_term_string"}}],"inLanguage":"es"},{"@type":"Organization","@id":"https:\/\/mwc-cmm.org\/en\/#organization","name":"Mennonite World Conference","alternateName":"MWC","url":"https:\/\/mwc-cmm.org\/en\/","logo":{"@type":"ImageObject","inLanguage":"es","@id":"https:\/\/mwc-cmm.org\/en\/#\/schema\/logo\/image\/","url":"https:\/\/mwc-cmm.org\/wp-content\/uploads\/2026\/01\/MWC_Sig_Blue_Horiz_webheader1-logo.svg","contentUrl":"https:\/\/mwc-cmm.org\/wp-content\/uploads\/2026\/01\/MWC_Sig_Blue_Horiz_webheader1-logo.svg","width":786,"height":82,"caption":"Mennonite World Conference"},"image":{"@id":"https:\/\/mwc-cmm.org\/en\/#\/schema\/logo\/image\/"},"sameAs":["https:\/\/www.facebook.com\/MennoniteWorldConference","https:\/\/www.linkedin.com\/company\/mennonite-world-conference-mwc\/","https:\/\/www.instagram.com\/mwcmm\/","https:\/\/www.youtube.com\/user\/mwccmm","https:\/\/bsky.app\/profile\/mwcmm.bsky.social"]},{"@type":"Person","@id":"https:\/\/mwc-cmm.org\/en\/#\/schema\/person\/11f6ae0d7d1868ba20a1cc27f067c836","name":"mennworldcon","image":{"@type":"ImageObject","inLanguage":"es","@id":"https:\/\/secure.gravatar.com\/avatar\/06fdc0dc81c157dfdb82ec42f252178a22307808988d22c043f9eb96f1e0fe80?s=96&d=mm&r=g","url":"https:\/\/secure.gravatar.com\/avatar\/06fdc0dc81c157dfdb82ec42f252178a22307808988d22c043f9eb96f1e0fe80?s=96&d=mm&r=g","contentUrl":"https:\/\/secure.gravatar.com\/avatar\/06fdc0dc81c157dfdb82ec42f252178a22307808988d22c043f9eb96f1e0fe80?s=96&d=mm&r=g","caption":"mennworldcon"},"sameAs":["https:\/\/mwc-cmm.org"],"url":"https:\/\/mwc-cmm.org\/es\/stories\/author\/mennworldcon\/"}]}},"_links":{"self":[{"href":"https:\/\/mwc-cmm.org\/es\/wp-json\/wp\/v2\/posts\/9165","targetHints":{"allow":["GET"]}}],"collection":[{"href":"https:\/\/mwc-cmm.org\/es\/wp-json\/wp\/v2\/posts"}],"about":[{"href":"https:\/\/mwc-cmm.org\/es\/wp-json\/wp\/v2\/types\/post"}],"author":[{"embeddable":true,"href":"https:\/\/mwc-cmm.org\/es\/wp-json\/wp\/v2\/users\/1"}],"replies":[{"embeddable":true,"href":"https:\/\/mwc-cmm.org\/es\/wp-json\/wp\/v2\/comments?post=9165"}],"version-history":[{"count":0,"href":"https:\/\/mwc-cmm.org\/es\/wp-json\/wp\/v2\/posts\/9165\/revisions"}],"wp:featuredmedia":[{"embeddable":true,"href":"https:\/\/mwc-cmm.org\/es\/wp-json\/wp\/v2\/media\/94420"}],"wp:attachment":[{"href":"https:\/\/mwc-cmm.org\/es\/wp-json\/wp\/v2\/media?parent=9165"}],"wp:term":[{"taxonomy":"category","embeddable":true,"href":"https:\/\/mwc-cmm.org\/es\/wp-json\/wp\/v2\/categories?post=9165"},{"taxonomy":"post_tag","embeddable":true,"href":"https:\/\/mwc-cmm.org\/es\/wp-json\/wp\/v2\/tags?post=9165"},{"taxonomy":"network","embeddable":true,"href":"https:\/\/mwc-cmm.org\/es\/wp-json\/wp\/v2\/network?post=9165"},{"taxonomy":"eventcategory","embeddable":true,"href":"https:\/\/mwc-cmm.org\/es\/wp-json\/wp\/v2\/eventcategory?post=9165"}],"curies":[{"name":"wp","href":"https:\/\/api.w.org\/{rel}","templated":true}]}}